{"id":234636,"date":"2021-11-12T07:00:49","date_gmt":"2021-11-12T12:00:49","guid":{"rendered":"https:\/\/www.fiscalia.gov.co\/colombia\/?p=234636"},"modified":"2021-11-12T07:02:17","modified_gmt":"2021-11-12T12:02:17","slug":"accion-investigativa-articulada-pone-en-evidencia-el-actuar-criminal-de-los-grupos-responsables-de-ataques-al-comercio-el-transporte-publico-y-la-fuerza-publica-en-bogota","status":"publish","type":"post","link":"https:\/\/www.fiscalia.gov.co\/colombia\/noticias\/accion-investigativa-articulada-pone-en-evidencia-el-actuar-criminal-de-los-grupos-responsables-de-ataques-al-comercio-el-transporte-publico-y-la-fuerza-publica-en-bogota\/","title":{"rendered":"Acci\u00f3n investigativa articulada pone en evidencia el actuar criminal de los grupos responsables de ataques al comercio, el transporte p\u00fablico y la fuerza p\u00fablica en Bogot\u00e1"},"content":{"rendered":"<ul>\n<li>\n<h4><em>13 presuntos integrantes de la denominada \u2018Primera L\u00ednea \u2013 Engativ\u00e1\u2019 fueron judicializados por varias acciones violentas que afectaron las jornadas de protesta y pusieron en riesgo a la ciudadan\u00eda.<\/em><\/h4>\n<\/li>\n<li>\n<h4><em>10 de los procesados recibieron medida de aseguramiento en centro carcelario. <\/em><\/h4>\n<\/li>\n<\/ul>\n<p>La puesta en marcha de varias actividades investigativas permiti\u00f3 a la Fiscal\u00eda General de la Naci\u00f3n y la Polic\u00eda Nacional conocer las entra\u00f1as de un grupo denominado \u2018Primera L\u00ednea &#8211; Engativ\u00e1\u2019, que estar\u00eda involucrado en varios de los actos de vandalismos y sabotaje a la protesta en Bogot\u00e1.<\/p>\n<p>En seis meses de labores conjuntas fueron descubiertos los presuntos articuladores de esta organizaci\u00f3n, as\u00ed como los roles y nivel de participaci\u00f3n que tendr\u00edan en acciones violentas contra el comercio, el transporte p\u00fablico y la fuerza p\u00fablica.<\/p>\n<p>Durante diligencias realizadas en Bogot\u00e1 y Medell\u00edn (Antioquia) fueron capturados 13 se\u00f1alados integrantes de esta organizaci\u00f3n, entre ellos los tres supuestos principales auspiciadores conocidos como \u2018Diablo\u2019, \u2018Polla\u2019 y \u2018Nena\u2019.<\/p>\n<p>Abundante material de prueba y evidencia t\u00e9cnica como videos, fotograf\u00edas, audios y mensajes compartidos por celular dan cuenta de que los detenidos estar\u00edan involucrados en la elaboraci\u00f3n de bombas incendiarias y otros artefactos utilizados para confrontar a las autoridades y generar da\u00f1os.<\/p>\n<p>Asimismo, hay indicios de la intimidaci\u00f3n que, al parecer, ejerc\u00edan sobre la comunidad, y de c\u00f3mo habr\u00edan exigido dinero para permitir el paso de motocicletas y veh\u00edculos en determinados puntos de la ciudad.<\/p>\n<p>La Fiscal\u00eda acredit\u00f3 en el curso de la investigaci\u00f3n cinco eventos distintos en los que estar\u00eda vinculada la \u2018Primera L\u00ednea &#8211; Engativ\u00e1\u2019, estos son:<\/p>\n<ol>\n<li>28 de mayo de 2021. Destrucci\u00f3n de locales en el Centro Comercial H\u00e9roes, ubicado en la Autopista Norte con Calle 80. Durante los actos violentos fueron lanzadas bombas molotov y los vigilantes del establecimiento fueron amenazados de muerte por interceder.<\/li>\n<li>13 de junio de 2021. Enfrentamientos con la fuerza p\u00fablica y uso de sustancias peligrosas en la Carrera 30 con Calle 17 sur.<\/li>\n<li>20 de julio de 2021. Bloqueos en la Avenida Ciudad de Cali con Avenida Suba, choques violentos con la fuerza p\u00fablica y graves lesiones a un integrante del Escuadr\u00f3n M\u00f3vil Antidisturbios (ESMAD).<\/li>\n<li>20 de julio de 2021. Retenci\u00f3n y destrucci\u00f3n de un bus del Sistema Integrado de Transporte P\u00fablico (SITP), en la localidad de Suba.<\/li>\n<li>9 de agosto de 2021. En confrontaciones con la fuerza p\u00fablica, en la localidad de Suba, result\u00f3 quemado en la espalda un integrante del ESMAD, quien fue alcanzado por una bomba incendiaria.<\/li>\n<\/ol>\n<p>Por la presunta participaci\u00f3n en algunos de los mencionados hechos, un fiscal de la Direcci\u00f3n Especializada contras las Organizaciones Criminales imput\u00f3 a los capturados delitos como: concierto para delinquir agravado; tenencia, fabricaci\u00f3n y tr\u00e1fico de sustancias u objetos peligrosos; empleo o lanzamiento de sustancias u objetos peligrosos; violencia contra servidor p\u00fablico; perturbaci\u00f3n en servicio de transporte p\u00fablico, colectivo u oficial; e instigaci\u00f3n para delinquir con fines terroristas. Los cargos no fueron aceptados<\/p>\n<p>Los procesados son: Luis Alberto Simbaqueba Alfonso, \u2018Diablo\u2019; Daniela P\u00e9rez Gantiva, \u2018Polla\u2019; Karen Zulay Villa Herrera, \u2018Nena\u2019; Sim\u00f3n Santiago Molina Baham\u00f3n, \u2018Sailor Moon\u2019; Laura Sofia Berm\u00fadez Gal\u00e1n, \u2018Fresa\u2019; Jhoan Sebasti\u00e1n Popay\u00e1n Gonz\u00e1lez, \u2018Zathian\u2019; Luidiar Felipe Camacho Ch\u00e1vez, \u2018H\u00e9roes\u2019; Santiago M\u00e1rquez Charriz, \u2018Mechas\u2019; Daniel Fernando Ruiz Vargas, \u2018C\u00facuta\u2019; Adriana Esperanza Bermeo Sua, \u2018Chapi\u2019; Uriel David Orozco Moreno, \u2018Overol\u2019; Steven Guevara Vega, \u2018Chaplin\u2019; y Yonatan Yair Ram\u00edrez Carrillo, \u2018Gato\u2019.<\/p>\n<p><strong><u>Medidas<\/u><\/strong><\/p>\n<p>Ante la contundencia de los argumentos presentados, una juez de control de garant\u00edas impuso medida de aseguramiento privativa de la libertad en centro carcelario contra 10 de los procesados, entre ellos alias Diablo y alias Nena.<\/p>\n<p>Respecto a \u2018Polla\u2019, \u2018Overol\u2019 y \u2018Sailor Moon\u2019, la Fiscal\u00eda tambi\u00e9n solicit\u00f3 medida de aseguramiento en centro carcelario y est\u00e1 pendiente la determinaci\u00f3n de la juez.<\/p>\n<p>Esta informaci\u00f3n se publica por razones de inter\u00e9s general.<\/p>\n<p>LAGP\/JARG\/HADC\/JEGT\/DECOC\/MCRC.<\/p>\n<p><strong>La Fiscal\u00eda habla con resultados.<\/strong><\/p>\n<p><i>La informaci\u00f3n contenida en este bolet\u00edn de prensa corresponde a la narraci\u00f3n de los hechos noticiosos objetivos, suministrados por los funcionarios encargados de adelantar las investigaciones penales al interior de la Fiscal\u00eda General de la Naci\u00f3n. Para el momento de la divulgaci\u00f3n de este comunicado, la situaci\u00f3n jur\u00eddica de la(s) persona(s) relacionada(s) se encuentra pendiente de resolver por la autoridad judicial competente, siempre bajo los preceptos de la presunci\u00f3n de inocencia, consagrados en el art\u00edculo 29 de la Constituci\u00f3n Pol\u00edtica y el art\u00edculo 7\u00ba de la Ley 906 de 2004<\/i><\/p>\n<p><strong>\u00a0<\/strong><\/p>\n<p>&nbsp;<\/p>\n\n<div class=\"twitter-share\"><a href=\"https:\/\/twitter.com\/intent\/tweet?via=fiscaliacol\" class=\"twitter-share-button\">Tweet<\/a><\/div>\n","protected":false},"excerpt":{"rendered":"<p>13 presuntos integrantes de la denominada \u2018Primera L\u00ednea \u2013 Engativ\u00e1\u2019 fueron judicializados por varias acciones violentas que afectaron las jornadas de protesta y pusieron en riesgo a la ciudadan\u00eda. 10 [&hellip;]<\/p>\n","protected":false},"author":176,"featured_media":234640,"comment_status":"closed","ping_status":"open","sticky":false,"template":"","format":"video","meta":{"tdm_status":"","tdm_grid_status":"","footnotes":""},"categories":[24096,1,321,303],"tags":[24189,24526,27901],"class_list":["post-234636","post","type-post","status-publish","format-video","has-post-thumbnail","category-fiscal-general-de-la-nacion","category-noticias","category-seccional-bogota","category-seccionales","tag-fiscal-francisco-barbosa-delgado","tag-fiscal-general-francisco-barbosa-delgado","tag-primera-linea","post_format-post-format-video"],"yoast_head":"<!-- This site is optimized with the Yoast SEO plugin v24.3 - https:\/\/yoast.com\/wordpress\/plugins\/seo\/ -->\n<title>Fiscal\u00eda General de la Naci\u00f3n<\/title>\n<meta name=\"description\" content=\"P\u00e1gina oficial de la Fiscal\u00eda General de la Naci\u00f3n \u2013 Colombia. Garantizamos el acceso efectivo a la justicia, la verdad y la reparaci\u00f3n de las v\u00edctimas de los delitos.\" \/>\n<meta name=\"robots\" content=\"noindex, follow\" \/>\n<meta property=\"og:locale\" content=\"es_ES\" \/>\n<meta property=\"og:type\" content=\"article\" \/>\n<meta property=\"og:title\" content=\"Fiscal\u00eda General de la Naci\u00f3n\" \/>\n<meta property=\"og:description\" content=\"P\u00e1gina oficial de la Fiscal\u00eda General de la Naci\u00f3n \u2013 Colombia. Garantizamos el acceso efectivo a la justicia, la verdad y la reparaci\u00f3n de las v\u00edctimas de los delitos.\" \/>\n<meta property=\"og:url\" content=\"https:\/\/www.fiscalia.gov.co\/colombia\/noticias\/accion-investigativa-articulada-pone-en-evidencia-el-actuar-criminal-de-los-grupos-responsables-de-ataques-al-comercio-el-transporte-publico-y-la-fuerza-publica-en-bogota\/\" \/>\n<meta property=\"og:site_name\" content=\"Fiscal\u00eda General de la Naci\u00f3n\" \/>\n<meta property=\"article:publisher\" content=\"https:\/\/www.facebook.com\/FiscaliaCol\" \/>\n<meta property=\"article:published_time\" content=\"2021-11-12T12:00:49+00:00\" \/>\n<meta property=\"article:modified_time\" content=\"2021-11-12T12:02:17+00:00\" \/>\n<meta property=\"og:image\" content=\"https:\/\/www.fiscalia.gov.co\/colombia\/wp-content\/uploads\/maxresdefault-159.jpg\" \/>\n\t<meta property=\"og:image:width\" content=\"1280\" \/>\n\t<meta property=\"og:image:height\" content=\"720\" \/>\n\t<meta property=\"og:image:type\" content=\"image\/jpeg\" \/>\n<meta name=\"author\" content=\"Johanna Black Prieto Pe\u00f1a\" \/>\n<meta name=\"twitter:card\" content=\"summary_large_image\" \/>\n<meta name=\"twitter:creator\" content=\"@FiscaliaCol\" \/>\n<meta name=\"twitter:site\" content=\"@FiscaliaCol\" \/>\n<meta name=\"twitter:label1\" content=\"Escrito por\" \/>\n\t<meta name=\"twitter:data1\" content=\"Johanna Black Prieto Pe\u00f1a\" \/>\n\t<meta name=\"twitter:label2\" content=\"Tiempo de lectura\" \/>\n\t<meta name=\"twitter:data2\" content=\"4 minutos\" \/>\n<script type=\"application\/ld+json\" class=\"yoast-schema-graph\">{\"@context\":\"https:\/\/schema.org\",\"@graph\":[{\"@type\":\"Article\",\"@id\":\"https:\/\/www.fiscalia.gov.co\/colombia\/noticias\/accion-investigativa-articulada-pone-en-evidencia-el-actuar-criminal-de-los-grupos-responsables-de-ataques-al-comercio-el-transporte-publico-y-la-fuerza-publica-en-bogota\/#article\",\"isPartOf\":{\"@id\":\"https:\/\/www.fiscalia.gov.co\/colombia\/noticias\/accion-investigativa-articulada-pone-en-evidencia-el-actuar-criminal-de-los-grupos-responsables-de-ataques-al-comercio-el-transporte-publico-y-la-fuerza-publica-en-bogota\/\"},\"author\":{\"name\":\"Johanna Black Prieto Pe\u00f1a\",\"@id\":\"https:\/\/www.fiscalia.gov.co\/colombia\/#\/schema\/person\/b19b49f26569f91393176a2b3d13a0e5\"},\"headline\":\"Acci\u00f3n investigativa articulada pone en evidencia el actuar criminal de los grupos responsables de ataques al comercio, el transporte p\u00fablico y la fuerza p\u00fablica en Bogot\u00e1\",\"datePublished\":\"2021-11-12T12:00:49+00:00\",\"dateModified\":\"2021-11-12T12:02:17+00:00\",\"mainEntityOfPage\":{\"@id\":\"https:\/\/www.fiscalia.gov.co\/colombia\/noticias\/accion-investigativa-articulada-pone-en-evidencia-el-actuar-criminal-de-los-grupos-responsables-de-ataques-al-comercio-el-transporte-publico-y-la-fuerza-publica-en-bogota\/\"},\"wordCount\":806,\"publisher\":{\"@id\":\"https:\/\/www.fiscalia.gov.co\/colombia\/#organization\"},\"image\":{\"@id\":\"https:\/\/www.fiscalia.gov.co\/colombia\/noticias\/accion-investigativa-articulada-pone-en-evidencia-el-actuar-criminal-de-los-grupos-responsables-de-ataques-al-comercio-el-transporte-publico-y-la-fuerza-publica-en-bogota\/#primaryimage\"},\"thumbnailUrl\":\"https:\/\/www.fiscalia.gov.co\/colombia\/wp-content\/uploads\/maxresdefault-159.jpg\",\"keywords\":[\"Fiscal Francisco Barbosa Delgado\",\"Fiscal General Francisco Barbosa Delgado\",\"primera l\u00ednea\"],\"articleSection\":[\"Fiscal General de la Naci\u00f3n\",\"Noticias\",\"Seccional Bogot\u00e1\",\"Seccionales\"],\"inLanguage\":\"es-CO\"},{\"@type\":\"WebPage\",\"@id\":\"https:\/\/www.fiscalia.gov.co\/colombia\/noticias\/accion-investigativa-articulada-pone-en-evidencia-el-actuar-criminal-de-los-grupos-responsables-de-ataques-al-comercio-el-transporte-publico-y-la-fuerza-publica-en-bogota\/\",\"url\":\"https:\/\/www.fiscalia.gov.co\/colombia\/noticias\/accion-investigativa-articulada-pone-en-evidencia-el-actuar-criminal-de-los-grupos-responsables-de-ataques-al-comercio-el-transporte-publico-y-la-fuerza-publica-en-bogota\/\",\"name\":\"Fiscal\u00eda General de la Naci\u00f3n\",\"isPartOf\":{\"@id\":\"https:\/\/www.fiscalia.gov.co\/colombia\/#website\"},\"primaryImageOfPage\":{\"@id\":\"https:\/\/www.fiscalia.gov.co\/colombia\/noticias\/accion-investigativa-articulada-pone-en-evidencia-el-actuar-criminal-de-los-grupos-responsables-de-ataques-al-comercio-el-transporte-publico-y-la-fuerza-publica-en-bogota\/#primaryimage\"},\"image\":{\"@id\":\"https:\/\/www.fiscalia.gov.co\/colombia\/noticias\/accion-investigativa-articulada-pone-en-evidencia-el-actuar-criminal-de-los-grupos-responsables-de-ataques-al-comercio-el-transporte-publico-y-la-fuerza-publica-en-bogota\/#primaryimage\"},\"thumbnailUrl\":\"https:\/\/www.fiscalia.gov.co\/colombia\/wp-content\/uploads\/maxresdefault-159.jpg\",\"datePublished\":\"2021-11-12T12:00:49+00:00\",\"dateModified\":\"2021-11-12T12:02:17+00:00\",\"description\":\"P\u00e1gina oficial de la Fiscal\u00eda General de la Naci\u00f3n \u2013 Colombia. Garantizamos el acceso efectivo a la justicia, la verdad y la reparaci\u00f3n de las v\u00edctimas de los delitos.\",\"breadcrumb\":{\"@id\":\"https:\/\/www.fiscalia.gov.co\/colombia\/noticias\/accion-investigativa-articulada-pone-en-evidencia-el-actuar-criminal-de-los-grupos-responsables-de-ataques-al-comercio-el-transporte-publico-y-la-fuerza-publica-en-bogota\/#breadcrumb\"},\"inLanguage\":\"es-CO\",\"potentialAction\":[{\"@type\":\"ReadAction\",\"target\":[\"https:\/\/www.fiscalia.gov.co\/colombia\/noticias\/accion-investigativa-articulada-pone-en-evidencia-el-actuar-criminal-de-los-grupos-responsables-de-ataques-al-comercio-el-transporte-publico-y-la-fuerza-publica-en-bogota\/\"]}]},{\"@type\":\"ImageObject\",\"inLanguage\":\"es-CO\",\"@id\":\"https:\/\/www.fiscalia.gov.co\/colombia\/noticias\/accion-investigativa-articulada-pone-en-evidencia-el-actuar-criminal-de-los-grupos-responsables-de-ataques-al-comercio-el-transporte-publico-y-la-fuerza-publica-en-bogota\/#primaryimage\",\"url\":\"https:\/\/www.fiscalia.gov.co\/colombia\/wp-content\/uploads\/maxresdefault-159.jpg\",\"contentUrl\":\"https:\/\/www.fiscalia.gov.co\/colombia\/wp-content\/uploads\/maxresdefault-159.jpg\",\"width\":1280,\"height\":720},{\"@type\":\"BreadcrumbList\",\"@id\":\"https:\/\/www.fiscalia.gov.co\/colombia\/noticias\/accion-investigativa-articulada-pone-en-evidencia-el-actuar-criminal-de-los-grupos-responsables-de-ataques-al-comercio-el-transporte-publico-y-la-fuerza-publica-en-bogota\/#breadcrumb\",\"itemListElement\":[{\"@type\":\"ListItem\",\"position\":1,\"name\":\"Home\",\"item\":\"https:\/\/www.fiscalia.gov.co\/colombia\/\"},{\"@type\":\"ListItem\",\"position\":2,\"name\":\"Acci\u00f3n investigativa articulada pone en evidencia el actuar criminal de los grupos responsables de ataques al comercio, el transporte p\u00fablico y la fuerza p\u00fablica en Bogot\u00e1\"}]},{\"@type\":\"WebSite\",\"@id\":\"https:\/\/www.fiscalia.gov.co\/colombia\/#website\",\"url\":\"https:\/\/www.fiscalia.gov.co\/colombia\/\",\"name\":\"Fiscal\u00eda General de la Naci\u00f3n\",\"description\":\"P\u00e1gina oficial de la Fiscal\u00eda General de la Naci\u00f3n \u2013 Colombia. Garantizamos el acceso efectivo a la justicia, la verdad y la reparaci\u00f3n de las v\u00edctimas de los delitos.\",\"publisher\":{\"@id\":\"https:\/\/www.fiscalia.gov.co\/colombia\/#organization\"},\"potentialAction\":[{\"@type\":\"SearchAction\",\"target\":{\"@type\":\"EntryPoint\",\"urlTemplate\":\"https:\/\/www.fiscalia.gov.co\/colombia\/?s={search_term_string}\"},\"query-input\":{\"@type\":\"PropertyValueSpecification\",\"valueRequired\":true,\"valueName\":\"search_term_string\"}}],\"inLanguage\":\"es-CO\"},{\"@type\":\"Organization\",\"@id\":\"https:\/\/www.fiscalia.gov.co\/colombia\/#organization\",\"name\":\"Fiscal\u00eda General de la Naci\u00f3n\",\"url\":\"https:\/\/www.fiscalia.gov.co\/colombia\/\",\"logo\":{\"@type\":\"ImageObject\",\"inLanguage\":\"es-CO\",\"@id\":\"https:\/\/www.fiscalia.gov.co\/colombia\/#\/schema\/logo\/image\/\",\"url\":\"https:\/\/www.fiscalia.gov.co\/colombia\/wp-content\/uploads\/LogoHorizontal_1.jpg\",\"contentUrl\":\"https:\/\/www.fiscalia.gov.co\/colombia\/wp-content\/uploads\/LogoHorizontal_1.jpg\",\"width\":300,\"height\":90,\"caption\":\"Fiscal\u00eda General de la Naci\u00f3n\"},\"image\":{\"@id\":\"https:\/\/www.fiscalia.gov.co\/colombia\/#\/schema\/logo\/image\/\"},\"sameAs\":[\"https:\/\/www.facebook.com\/FiscaliaCol\",\"https:\/\/x.com\/FiscaliaCol\",\"https:\/\/www.instagram.com\/fiscaliacol\",\"https:\/\/www.linkedin.com\/company\/fiscalia-general-de-la-naci-n\/\",\"https:\/\/youtube.com\/@fiscaliageneraldelanacion-4668?si=6nN79nyQICPU5iTh\"]},{\"@type\":\"Person\",\"@id\":\"https:\/\/www.fiscalia.gov.co\/colombia\/#\/schema\/person\/b19b49f26569f91393176a2b3d13a0e5\",\"name\":\"Johanna Black Prieto Pe\u00f1a\",\"image\":{\"@type\":\"ImageObject\",\"inLanguage\":\"es-CO\",\"@id\":\"https:\/\/www.fiscalia.gov.co\/colombia\/#\/schema\/person\/image\/\",\"url\":\"https:\/\/secure.gravatar.com\/avatar\/7f04518e1774335e76d761d76f04003e?s=96&d=mm&r=g\",\"contentUrl\":\"https:\/\/secure.gravatar.com\/avatar\/7f04518e1774335e76d761d76f04003e?s=96&d=mm&r=g\",\"caption\":\"Johanna Black Prieto Pe\u00f1a\"},\"url\":\"https:\/\/www.fiscalia.gov.co\/colombia\/author\/jprieto\/\"}]}<\/script>\n<!-- \/ Yoast SEO plugin. -->","yoast_head_json":{"title":"Fiscal\u00eda General de la Naci\u00f3n","description":"P\u00e1gina oficial de la Fiscal\u00eda General de la Naci\u00f3n \u2013 Colombia. Garantizamos el acceso efectivo a la justicia, la verdad y la reparaci\u00f3n de las v\u00edctimas de los delitos.","robots":{"index":"noindex","follow":"follow"},"og_locale":"es_ES","og_type":"article","og_title":"Fiscal\u00eda General de la Naci\u00f3n","og_description":"P\u00e1gina oficial de la Fiscal\u00eda General de la Naci\u00f3n \u2013 Colombia. Garantizamos el acceso efectivo a la justicia, la verdad y la reparaci\u00f3n de las v\u00edctimas de los delitos.","og_url":"https:\/\/www.fiscalia.gov.co\/colombia\/noticias\/accion-investigativa-articulada-pone-en-evidencia-el-actuar-criminal-de-los-grupos-responsables-de-ataques-al-comercio-el-transporte-publico-y-la-fuerza-publica-en-bogota\/","og_site_name":"Fiscal\u00eda General de la Naci\u00f3n","article_publisher":"https:\/\/www.facebook.com\/FiscaliaCol","article_published_time":"2021-11-12T12:00:49+00:00","article_modified_time":"2021-11-12T12:02:17+00:00","og_image":[{"width":1280,"height":720,"url":"https:\/\/www.fiscalia.gov.co\/colombia\/wp-content\/uploads\/maxresdefault-159.jpg","type":"image\/jpeg"}],"author":"Johanna Black Prieto Pe\u00f1a","twitter_card":"summary_large_image","twitter_creator":"@FiscaliaCol","twitter_site":"@FiscaliaCol","twitter_misc":{"Escrito por":"Johanna Black Prieto Pe\u00f1a","Tiempo de lectura":"4 minutos"},"schema":{"@context":"https:\/\/schema.org","@graph":[{"@type":"Article","@id":"https:\/\/www.fiscalia.gov.co\/colombia\/noticias\/accion-investigativa-articulada-pone-en-evidencia-el-actuar-criminal-de-los-grupos-responsables-de-ataques-al-comercio-el-transporte-publico-y-la-fuerza-publica-en-bogota\/#article","isPartOf":{"@id":"https:\/\/www.fiscalia.gov.co\/colombia\/noticias\/accion-investigativa-articulada-pone-en-evidencia-el-actuar-criminal-de-los-grupos-responsables-de-ataques-al-comercio-el-transporte-publico-y-la-fuerza-publica-en-bogota\/"},"author":{"name":"Johanna Black Prieto Pe\u00f1a","@id":"https:\/\/www.fiscalia.gov.co\/colombia\/#\/schema\/person\/b19b49f26569f91393176a2b3d13a0e5"},"headline":"Acci\u00f3n investigativa articulada pone en evidencia el actuar criminal de los grupos responsables de ataques al comercio, el transporte p\u00fablico y la fuerza p\u00fablica en Bogot\u00e1","datePublished":"2021-11-12T12:00:49+00:00","dateModified":"2021-11-12T12:02:17+00:00","mainEntityOfPage":{"@id":"https:\/\/www.fiscalia.gov.co\/colombia\/noticias\/accion-investigativa-articulada-pone-en-evidencia-el-actuar-criminal-de-los-grupos-responsables-de-ataques-al-comercio-el-transporte-publico-y-la-fuerza-publica-en-bogota\/"},"wordCount":806,"publisher":{"@id":"https:\/\/www.fiscalia.gov.co\/colombia\/#organization"},"image":{"@id":"https:\/\/www.fiscalia.gov.co\/colombia\/noticias\/accion-investigativa-articulada-pone-en-evidencia-el-actuar-criminal-de-los-grupos-responsables-de-ataques-al-comercio-el-transporte-publico-y-la-fuerza-publica-en-bogota\/#primaryimage"},"thumbnailUrl":"https:\/\/www.fiscalia.gov.co\/colombia\/wp-content\/uploads\/maxresdefault-159.jpg","keywords":["Fiscal Francisco Barbosa Delgado","Fiscal General Francisco Barbosa Delgado","primera l\u00ednea"],"articleSection":["Fiscal General de la Naci\u00f3n","Noticias","Seccional Bogot\u00e1","Seccionales"],"inLanguage":"es-CO"},{"@type":"WebPage","@id":"https:\/\/www.fiscalia.gov.co\/colombia\/noticias\/accion-investigativa-articulada-pone-en-evidencia-el-actuar-criminal-de-los-grupos-responsables-de-ataques-al-comercio-el-transporte-publico-y-la-fuerza-publica-en-bogota\/","url":"https:\/\/www.fiscalia.gov.co\/colombia\/noticias\/accion-investigativa-articulada-pone-en-evidencia-el-actuar-criminal-de-los-grupos-responsables-de-ataques-al-comercio-el-transporte-publico-y-la-fuerza-publica-en-bogota\/","name":"Fiscal\u00eda General de la Naci\u00f3n","isPartOf":{"@id":"https:\/\/www.fiscalia.gov.co\/colombia\/#website"},"primaryImageOfPage":{"@id":"https:\/\/www.fiscalia.gov.co\/colombia\/noticias\/accion-investigativa-articulada-pone-en-evidencia-el-actuar-criminal-de-los-grupos-responsables-de-ataques-al-comercio-el-transporte-publico-y-la-fuerza-publica-en-bogota\/#primaryimage"},"image":{"@id":"https:\/\/www.fiscalia.gov.co\/colombia\/noticias\/accion-investigativa-articulada-pone-en-evidencia-el-actuar-criminal-de-los-grupos-responsables-de-ataques-al-comercio-el-transporte-publico-y-la-fuerza-publica-en-bogota\/#primaryimage"},"thumbnailUrl":"https:\/\/www.fiscalia.gov.co\/colombia\/wp-content\/uploads\/maxresdefault-159.jpg","datePublished":"2021-11-12T12:00:49+00:00","dateModified":"2021-11-12T12:02:17+00:00","description":"P\u00e1gina oficial de la Fiscal\u00eda General de la Naci\u00f3n \u2013 Colombia. Garantizamos el acceso efectivo a la justicia, la verdad y la reparaci\u00f3n de las v\u00edctimas de los delitos.","breadcrumb":{"@id":"https:\/\/www.fiscalia.gov.co\/colombia\/noticias\/accion-investigativa-articulada-pone-en-evidencia-el-actuar-criminal-de-los-grupos-responsables-de-ataques-al-comercio-el-transporte-publico-y-la-fuerza-publica-en-bogota\/#breadcrumb"},"inLanguage":"es-CO","potentialAction":[{"@type":"ReadAction","target":["https:\/\/www.fiscalia.gov.co\/colombia\/noticias\/accion-investigativa-articulada-pone-en-evidencia-el-actuar-criminal-de-los-grupos-responsables-de-ataques-al-comercio-el-transporte-publico-y-la-fuerza-publica-en-bogota\/"]}]},{"@type":"ImageObject","inLanguage":"es-CO","@id":"https:\/\/www.fiscalia.gov.co\/colombia\/noticias\/accion-investigativa-articulada-pone-en-evidencia-el-actuar-criminal-de-los-grupos-responsables-de-ataques-al-comercio-el-transporte-publico-y-la-fuerza-publica-en-bogota\/#primaryimage","url":"https:\/\/www.fiscalia.gov.co\/colombia\/wp-content\/uploads\/maxresdefault-159.jpg","contentUrl":"https:\/\/www.fiscalia.gov.co\/colombia\/wp-content\/uploads\/maxresdefault-159.jpg","width":1280,"height":720},{"@type":"BreadcrumbList","@id":"https:\/\/www.fiscalia.gov.co\/colombia\/noticias\/accion-investigativa-articulada-pone-en-evidencia-el-actuar-criminal-de-los-grupos-responsables-de-ataques-al-comercio-el-transporte-publico-y-la-fuerza-publica-en-bogota\/#breadcrumb","itemListElement":[{"@type":"ListItem","position":1,"name":"Home","item":"https:\/\/www.fiscalia.gov.co\/colombia\/"},{"@type":"ListItem","position":2,"name":"Acci\u00f3n investigativa articulada pone en evidencia el actuar criminal de los grupos responsables de ataques al comercio, el transporte p\u00fablico y la fuerza p\u00fablica en Bogot\u00e1"}]},{"@type":"WebSite","@id":"https:\/\/www.fiscalia.gov.co\/colombia\/#website","url":"https:\/\/www.fiscalia.gov.co\/colombia\/","name":"Fiscal\u00eda General de la Naci\u00f3n","description":"P\u00e1gina oficial de la Fiscal\u00eda General de la Naci\u00f3n \u2013 Colombia. Garantizamos el acceso efectivo a la justicia, la verdad y la reparaci\u00f3n de las v\u00edctimas de los delitos.","publisher":{"@id":"https:\/\/www.fiscalia.gov.co\/colombia\/#organization"},"potentialAction":[{"@type":"SearchAction","target":{"@type":"EntryPoint","urlTemplate":"https:\/\/www.fiscalia.gov.co\/colombia\/?s={search_term_string}"},"query-input":{"@type":"PropertyValueSpecification","valueRequired":true,"valueName":"search_term_string"}}],"inLanguage":"es-CO"},{"@type":"Organization","@id":"https:\/\/www.fiscalia.gov.co\/colombia\/#organization","name":"Fiscal\u00eda General de la Naci\u00f3n","url":"https:\/\/www.fiscalia.gov.co\/colombia\/","logo":{"@type":"ImageObject","inLanguage":"es-CO","@id":"https:\/\/www.fiscalia.gov.co\/colombia\/#\/schema\/logo\/image\/","url":"https:\/\/www.fiscalia.gov.co\/colombia\/wp-content\/uploads\/LogoHorizontal_1.jpg","contentUrl":"https:\/\/www.fiscalia.gov.co\/colombia\/wp-content\/uploads\/LogoHorizontal_1.jpg","width":300,"height":90,"caption":"Fiscal\u00eda General de la Naci\u00f3n"},"image":{"@id":"https:\/\/www.fiscalia.gov.co\/colombia\/#\/schema\/logo\/image\/"},"sameAs":["https:\/\/www.facebook.com\/FiscaliaCol","https:\/\/x.com\/FiscaliaCol","https:\/\/www.instagram.com\/fiscaliacol","https:\/\/www.linkedin.com\/company\/fiscalia-general-de-la-naci-n\/","https:\/\/youtube.com\/@fiscaliageneraldelanacion-4668?si=6nN79nyQICPU5iTh"]},{"@type":"Person","@id":"https:\/\/www.fiscalia.gov.co\/colombia\/#\/schema\/person\/b19b49f26569f91393176a2b3d13a0e5","name":"Johanna Black Prieto Pe\u00f1a","image":{"@type":"ImageObject","inLanguage":"es-CO","@id":"https:\/\/www.fiscalia.gov.co\/colombia\/#\/schema\/person\/image\/","url":"https:\/\/secure.gravatar.com\/avatar\/7f04518e1774335e76d761d76f04003e?s=96&d=mm&r=g","contentUrl":"https:\/\/secure.gravatar.com\/avatar\/7f04518e1774335e76d761d76f04003e?s=96&d=mm&r=g","caption":"Johanna Black Prieto Pe\u00f1a"},"url":"https:\/\/www.fiscalia.gov.co\/colombia\/author\/jprieto\/"}]}},"_links":{"self":[{"href":"https:\/\/www.fiscalia.gov.co\/colombia\/wp-json\/wp\/v2\/posts\/234636","targetHints":{"allow":["GET"]}}],"collection":[{"href":"https:\/\/www.fiscalia.gov.co\/colombia\/wp-json\/wp\/v2\/posts"}],"about":[{"href":"https:\/\/www.fiscalia.gov.co\/colombia\/wp-json\/wp\/v2\/types\/post"}],"author":[{"embeddable":true,"href":"https:\/\/www.fiscalia.gov.co\/colombia\/wp-json\/wp\/v2\/users\/176"}],"replies":[{"embeddable":true,"href":"https:\/\/www.fiscalia.gov.co\/colombia\/wp-json\/wp\/v2\/comments?post=234636"}],"version-history":[{"count":2,"href":"https:\/\/www.fiscalia.gov.co\/colombia\/wp-json\/wp\/v2\/posts\/234636\/revisions"}],"predecessor-version":[{"id":234639,"href":"https:\/\/www.fiscalia.gov.co\/colombia\/wp-json\/wp\/v2\/posts\/234636\/revisions\/234639"}],"wp:featuredmedia":[{"embeddable":true,"href":"https:\/\/www.fiscalia.gov.co\/colombia\/wp-json\/wp\/v2\/media\/234640"}],"wp:attachment":[{"href":"https:\/\/www.fiscalia.gov.co\/colombia\/wp-json\/wp\/v2\/media?parent=234636"}],"wp:term":[{"taxonomy":"category","embeddable":true,"href":"https:\/\/www.fiscalia.gov.co\/colombia\/wp-json\/wp\/v2\/categories?post=234636"},{"taxonomy":"post_tag","embeddable":true,"href":"https:\/\/www.fiscalia.gov.co\/colombia\/wp-json\/wp\/v2\/tags?post=234636"}],"curies":[{"name":"wp","href":"https:\/\/api.w.org\/{rel}","templated":true}]}}