{"id":234474,"date":"2021-11-10T14:32:10","date_gmt":"2021-11-10T19:32:10","guid":{"rendered":"https:\/\/www.fiscalia.gov.co\/colombia\/?p=234474"},"modified":"2021-11-22T14:58:57","modified_gmt":"2021-11-22T19:58:57","slug":"fiscalia-logra-condenas-contra-tres-hombres-por-agresiones-a-animales-en-antioquia","status":"publish","type":"post","link":"https:\/\/www.fiscalia.gov.co\/colombia\/noticias\/fiscalia-logra-condenas-contra-tres-hombres-por-agresiones-a-animales-en-antioquia\/","title":{"rendered":"Fiscal\u00eda logra condenas contra tres hombres por agresiones a animales en Antioquia"},"content":{"rendered":"<p style=\"font-weight: 400;\">La contundencia del material probatorio presentado por fiscales del Grupo Especial para la Lucha Contra el Maltrato Animal (Gelma) <a href=\"https:\/\/www.fiscalia.gov.co\/colombia\/noticias\/imputado-concejal-en-guaviare-que-habria-realizado-cirugia-a-una-gata-sin-ser-veterinario\/\" data-saferedirecturl=\"https:\/\/www.google.com\/url?q=https:\/\/www.fiscalia.gov.co\/colombia\/noticias\/imputado-concejal-en-guaviare-que-habria-realizado-cirugia-a-una-gata-sin-ser-veterinario\/&amp;source=gmail&amp;ust=1636649481370000&amp;usg=AFQjCNG3mwQOSsQLiiKR73REgysGfe7pFg\">permiti\u00f3 que la Fiscal\u00eda General de la Naci\u00f3n lograra tres condenas por agresiones a dos perros y un gato en el departamento de Antioquia.<\/a><\/p>\n<ul style=\"font-weight: 400;\">\n<li><strong>Ataque mortal a Douglas\u00a0<\/strong><strong>\u00a0<\/strong><\/li>\n<\/ul>\n<p style=\"font-weight: 400;\"><strong>A 12 meses de prisi\u00f3n, inhabilidad para la tenencia de animales por el mismo tiempo y una multa de 5 salarios m\u00ednimos legales vigentes, fue condenado \u00c1lvaro Mesa Zapata, por su responsabilidad en la muerte de un perro, llamado Douglas.\u00a0<\/strong><strong>\u00a0<\/strong><\/p>\n<p style=\"font-weight: 400;\">Los hechos investigados ocurrieron en marzo de 2019, en una finca de la vereda San Epifanio de Brice\u00f1o (Antioquia), donde el procesado sujet\u00f3 y arrastr\u00f3 con un lazo a Douglas. Posteriormente, le propin\u00f3 varias lesiones en el cuello con arma blanca, que le ocasionaron la muerte.<\/p>\n<ul style=\"font-weight: 400;\">\n<li><strong>Muerte violenta de Camus\u00a0<\/strong><strong>\u00a0<\/strong><\/li>\n<\/ul>\n<p style=\"font-weight: 400;\">El pasado 28 de marzo, Sergio Adri\u00e1n \u00c1lvarez Penagos, al interior de una vivienda del corregimiento de San Crist\u00f3bal en Medell\u00edn (Antioquia),\u00a0<strong>ocasion\u00f3 la muerte de un gato de nombre Camus.\u00a0<\/strong><strong>\u00a0<\/strong><\/p>\n<figure id=\"attachment_234475\" aria-describedby=\"caption-attachment-234475\" style=\"width: 1196px\" class=\"wp-caption alignnone\"><img loading=\"lazy\" decoding=\"async\" class=\"wp-image-234475 size-full\" src=\"https:\/\/www.fiscalia.gov.co\/colombia\/wp-content\/uploads\/Camus_2.jpeg\" alt=\"\" width=\"1196\" height=\"1600\" srcset=\"https:\/\/www.fiscalia.gov.co\/colombia\/wp-content\/uploads\/Camus_2.jpeg 1196w, https:\/\/www.fiscalia.gov.co\/colombia\/wp-content\/uploads\/Camus_2-224x300.jpeg 224w, https:\/\/www.fiscalia.gov.co\/colombia\/wp-content\/uploads\/Camus_2-765x1024.jpeg 765w, https:\/\/www.fiscalia.gov.co\/colombia\/wp-content\/uploads\/Camus_2-768x1027.jpeg 768w, https:\/\/www.fiscalia.gov.co\/colombia\/wp-content\/uploads\/Camus_2-1148x1536.jpeg 1148w, https:\/\/www.fiscalia.gov.co\/colombia\/wp-content\/uploads\/Camus_2-696x931.jpeg 696w, https:\/\/www.fiscalia.gov.co\/colombia\/wp-content\/uploads\/Camus_2-1068x1429.jpeg 1068w, https:\/\/www.fiscalia.gov.co\/colombia\/wp-content\/uploads\/Camus_2-314x420.jpeg 314w\" sizes=\"auto, (max-width: 1196px) 100vw, 1196px\" \/><figcaption id=\"caption-attachment-234475\" class=\"wp-caption-text\">Camus, muri\u00f3 de manera violenta en una vivienda\u00a0del corregimiento de San Crist\u00f3bal en Medell\u00edn (Antioquia).<\/figcaption><\/figure>\n<p style=\"font-weight: 400;\">El d\u00eda de los hechos, \u00c1lvarez Penagos ingres\u00f3 a una de las habitaciones del inmueble y atac\u00f3 a golpes al animal de propiedad de una de sus t\u00edas, hasta causarle la muerte. De acuerdo con la necropsia Camus falleci\u00f3 debido a politraumatismos y una contusi\u00f3n pulmonar.<\/p>\n<p style=\"font-weight: 400;\"><strong>Por los hechos, fue sentenciado a 6 meses de prisi\u00f3n, inhabilidad para la tenencia de animales por un a\u00f1o y una multa de 2.5 salarios m\u00ednimos legales<\/strong><strong>.\u00a0\u00a0\u00a0\u00a0\u00a0<\/strong><\/p>\n<ul style=\"font-weight: 400;\">\n<li><strong>Agresi\u00f3n a Dana\u00a0<\/strong><strong>\u00a0<\/strong><\/li>\n<\/ul>\n<p style=\"font-weight: 400;\">Juan Esteban Murillo Sierra fue condenado a 18 meses, inhabilidad para la tenencia de animales por el mismo tiempo y una multa de 7.5 salarios m\u00ednimos, por su responsabilidad en la muerte de una canina cachorra llamada Dana.<\/p>\n<p style=\"font-weight: 400;\"><strong>De acuerdo con la investigaci\u00f3n, el 1 de abril de 2017, en una vivienda en del municipio antioque\u00f1o de Bello, Murillo Sierra atac\u00f3 a patadas al animal y posteriormente lo arroj\u00f3 desde el tercer piso del lugar.\u00a0\u00a0<\/strong><\/p>\n<p style=\"font-weight: 400;\">Al darse cuenta que Dana segu\u00eda con vida, continu\u00f3 d\u00e1ndole golpes en su cr\u00e1neo hasta que falleci\u00f3. Este hecho violento lo perpetr\u00f3 delante de sus familiares.<\/p>\n<p style=\"font-weight: 400;\"><strong>La Fiscal\u00eda habla con resultados\u00a0<\/strong><\/p>\n<p style=\"font-weight: 400;\"><strong>\u00a0<\/strong><\/p>\n<p style=\"font-weight: 400;\">AMCJ\/DLBM\/MCRC\/<\/p>\n\n<div class=\"twitter-share\"><a href=\"https:\/\/twitter.com\/intent\/tweet?via=fiscaliacol\" class=\"twitter-share-button\">Tweet<\/a><\/div>\n","protected":false},"excerpt":{"rendered":"<p>La contundencia del material probatorio presentado por fiscales del Grupo Especial para la Lucha Contra el Maltrato Animal (Gelma) permiti\u00f3 que la Fiscal\u00eda General de la Naci\u00f3n lograra tres condenas [&hellip;]<\/p>\n","protected":false},"author":176,"featured_media":0,"comment_status":"closed","ping_status":"open","sticky":false,"template":"","format":"video","meta":{"tdm_status":"","tdm_grid_status":"","footnotes":""},"categories":[1,321,303],"tags":[10645,24448,18566],"class_list":["post-234474","post","type-post","status-publish","format-video","category-noticias","category-seccional-bogota","category-seccionales","tag-antioquia","tag-hay-justicia","tag-maltrato-animal","post_format-post-format-video"],"yoast_head":"<!-- This site is optimized with the Yoast SEO plugin v24.3 - https:\/\/yoast.com\/wordpress\/plugins\/seo\/ -->\n<title>Fiscal\u00eda General de la Naci\u00f3n<\/title>\n<meta name=\"description\" content=\"P\u00e1gina oficial de la Fiscal\u00eda General de la Naci\u00f3n \u2013 Colombia. Garantizamos el acceso efectivo a la justicia, la verdad y la reparaci\u00f3n de las v\u00edctimas de los delitos.\" \/>\n<meta name=\"robots\" content=\"noindex, follow\" \/>\n<meta property=\"og:locale\" content=\"es_ES\" \/>\n<meta property=\"og:type\" content=\"article\" \/>\n<meta property=\"og:title\" content=\"Fiscal\u00eda General de la Naci\u00f3n\" \/>\n<meta property=\"og:description\" content=\"P\u00e1gina oficial de la Fiscal\u00eda General de la Naci\u00f3n \u2013 Colombia. Garantizamos el acceso efectivo a la justicia, la verdad y la reparaci\u00f3n de las v\u00edctimas de los delitos.\" \/>\n<meta property=\"og:url\" content=\"https:\/\/www.fiscalia.gov.co\/colombia\/noticias\/fiscalia-logra-condenas-contra-tres-hombres-por-agresiones-a-animales-en-antioquia\/\" \/>\n<meta property=\"og:site_name\" content=\"Fiscal\u00eda General de la Naci\u00f3n\" \/>\n<meta property=\"article:publisher\" content=\"https:\/\/www.facebook.com\/FiscaliaCol\" \/>\n<meta property=\"article:published_time\" content=\"2021-11-10T19:32:10+00:00\" \/>\n<meta property=\"article:modified_time\" content=\"2021-11-22T19:58:57+00:00\" \/>\n<meta property=\"og:image\" content=\"https:\/\/www.fiscalia.gov.co\/colombia\/wp-content\/uploads\/Camus_2.jpeg\" \/>\n<meta name=\"author\" content=\"Johanna Black Prieto Pe\u00f1a\" \/>\n<meta name=\"twitter:card\" content=\"summary_large_image\" \/>\n<meta name=\"twitter:creator\" content=\"@FiscaliaCol\" \/>\n<meta name=\"twitter:site\" content=\"@FiscaliaCol\" \/>\n<meta name=\"twitter:label1\" content=\"Escrito por\" \/>\n\t<meta name=\"twitter:data1\" content=\"Johanna Black Prieto Pe\u00f1a\" \/>\n\t<meta name=\"twitter:label2\" content=\"Tiempo de lectura\" \/>\n\t<meta name=\"twitter:data2\" content=\"2 minutos\" \/>\n<script type=\"application\/ld+json\" class=\"yoast-schema-graph\">{\"@context\":\"https:\/\/schema.org\",\"@graph\":[{\"@type\":\"Article\",\"@id\":\"https:\/\/www.fiscalia.gov.co\/colombia\/noticias\/fiscalia-logra-condenas-contra-tres-hombres-por-agresiones-a-animales-en-antioquia\/#article\",\"isPartOf\":{\"@id\":\"https:\/\/www.fiscalia.gov.co\/colombia\/noticias\/fiscalia-logra-condenas-contra-tres-hombres-por-agresiones-a-animales-en-antioquia\/\"},\"author\":{\"name\":\"Johanna Black Prieto Pe\u00f1a\",\"@id\":\"https:\/\/www.fiscalia.gov.co\/colombia\/#\/schema\/person\/b19b49f26569f91393176a2b3d13a0e5\"},\"headline\":\"Fiscal\u00eda logra condenas contra tres hombres por agresiones a animales en Antioquia\",\"datePublished\":\"2021-11-10T19:32:10+00:00\",\"dateModified\":\"2021-11-22T19:58:57+00:00\",\"mainEntityOfPage\":{\"@id\":\"https:\/\/www.fiscalia.gov.co\/colombia\/noticias\/fiscalia-logra-condenas-contra-tres-hombres-por-agresiones-a-animales-en-antioquia\/\"},\"wordCount\":403,\"publisher\":{\"@id\":\"https:\/\/www.fiscalia.gov.co\/colombia\/#organization\"},\"image\":{\"@id\":\"https:\/\/www.fiscalia.gov.co\/colombia\/noticias\/fiscalia-logra-condenas-contra-tres-hombres-por-agresiones-a-animales-en-antioquia\/#primaryimage\"},\"thumbnailUrl\":\"https:\/\/www.fiscalia.gov.co\/colombia\/wp-content\/uploads\/Camus_2.jpeg\",\"keywords\":[\"Antioquia\",\"Hay Justicia\",\"Maltrato animal\"],\"articleSection\":[\"Noticias\",\"Seccional Bogot\u00e1\",\"Seccionales\"],\"inLanguage\":\"es-CO\"},{\"@type\":\"WebPage\",\"@id\":\"https:\/\/www.fiscalia.gov.co\/colombia\/noticias\/fiscalia-logra-condenas-contra-tres-hombres-por-agresiones-a-animales-en-antioquia\/\",\"url\":\"https:\/\/www.fiscalia.gov.co\/colombia\/noticias\/fiscalia-logra-condenas-contra-tres-hombres-por-agresiones-a-animales-en-antioquia\/\",\"name\":\"Fiscal\u00eda General de la Naci\u00f3n\",\"isPartOf\":{\"@id\":\"https:\/\/www.fiscalia.gov.co\/colombia\/#website\"},\"primaryImageOfPage\":{\"@id\":\"https:\/\/www.fiscalia.gov.co\/colombia\/noticias\/fiscalia-logra-condenas-contra-tres-hombres-por-agresiones-a-animales-en-antioquia\/#primaryimage\"},\"image\":{\"@id\":\"https:\/\/www.fiscalia.gov.co\/colombia\/noticias\/fiscalia-logra-condenas-contra-tres-hombres-por-agresiones-a-animales-en-antioquia\/#primaryimage\"},\"thumbnailUrl\":\"https:\/\/www.fiscalia.gov.co\/colombia\/wp-content\/uploads\/Camus_2.jpeg\",\"datePublished\":\"2021-11-10T19:32:10+00:00\",\"dateModified\":\"2021-11-22T19:58:57+00:00\",\"description\":\"P\u00e1gina oficial de la Fiscal\u00eda General de la Naci\u00f3n \u2013 Colombia. Garantizamos el acceso efectivo a la justicia, la verdad y la reparaci\u00f3n de las v\u00edctimas de los delitos.\",\"breadcrumb\":{\"@id\":\"https:\/\/www.fiscalia.gov.co\/colombia\/noticias\/fiscalia-logra-condenas-contra-tres-hombres-por-agresiones-a-animales-en-antioquia\/#breadcrumb\"},\"inLanguage\":\"es-CO\",\"potentialAction\":[{\"@type\":\"ReadAction\",\"target\":[\"https:\/\/www.fiscalia.gov.co\/colombia\/noticias\/fiscalia-logra-condenas-contra-tres-hombres-por-agresiones-a-animales-en-antioquia\/\"]}]},{\"@type\":\"ImageObject\",\"inLanguage\":\"es-CO\",\"@id\":\"https:\/\/www.fiscalia.gov.co\/colombia\/noticias\/fiscalia-logra-condenas-contra-tres-hombres-por-agresiones-a-animales-en-antioquia\/#primaryimage\",\"url\":\"https:\/\/www.fiscalia.gov.co\/colombia\/wp-content\/uploads\/Camus_2.jpeg\",\"contentUrl\":\"https:\/\/www.fiscalia.gov.co\/colombia\/wp-content\/uploads\/Camus_2.jpeg\",\"width\":1196,\"height\":1600},{\"@type\":\"BreadcrumbList\",\"@id\":\"https:\/\/www.fiscalia.gov.co\/colombia\/noticias\/fiscalia-logra-condenas-contra-tres-hombres-por-agresiones-a-animales-en-antioquia\/#breadcrumb\",\"itemListElement\":[{\"@type\":\"ListItem\",\"position\":1,\"name\":\"Home\",\"item\":\"https:\/\/www.fiscalia.gov.co\/colombia\/\"},{\"@type\":\"ListItem\",\"position\":2,\"name\":\"Fiscal\u00eda logra condenas contra tres hombres por agresiones a animales en Antioquia\"}]},{\"@type\":\"WebSite\",\"@id\":\"https:\/\/www.fiscalia.gov.co\/colombia\/#website\",\"url\":\"https:\/\/www.fiscalia.gov.co\/colombia\/\",\"name\":\"Fiscal\u00eda General de la Naci\u00f3n\",\"description\":\"P\u00e1gina oficial de la Fiscal\u00eda General de la Naci\u00f3n \u2013 Colombia. Garantizamos el acceso efectivo a la justicia, la verdad y la reparaci\u00f3n de las v\u00edctimas de los delitos.\",\"publisher\":{\"@id\":\"https:\/\/www.fiscalia.gov.co\/colombia\/#organization\"},\"potentialAction\":[{\"@type\":\"SearchAction\",\"target\":{\"@type\":\"EntryPoint\",\"urlTemplate\":\"https:\/\/www.fiscalia.gov.co\/colombia\/?s={search_term_string}\"},\"query-input\":{\"@type\":\"PropertyValueSpecification\",\"valueRequired\":true,\"valueName\":\"search_term_string\"}}],\"inLanguage\":\"es-CO\"},{\"@type\":\"Organization\",\"@id\":\"https:\/\/www.fiscalia.gov.co\/colombia\/#organization\",\"name\":\"Fiscal\u00eda General de la Naci\u00f3n\",\"url\":\"https:\/\/www.fiscalia.gov.co\/colombia\/\",\"logo\":{\"@type\":\"ImageObject\",\"inLanguage\":\"es-CO\",\"@id\":\"https:\/\/www.fiscalia.gov.co\/colombia\/#\/schema\/logo\/image\/\",\"url\":\"https:\/\/www.fiscalia.gov.co\/colombia\/wp-content\/uploads\/LogoHorizontal_1.jpg\",\"contentUrl\":\"https:\/\/www.fiscalia.gov.co\/colombia\/wp-content\/uploads\/LogoHorizontal_1.jpg\",\"width\":300,\"height\":90,\"caption\":\"Fiscal\u00eda General de la Naci\u00f3n\"},\"image\":{\"@id\":\"https:\/\/www.fiscalia.gov.co\/colombia\/#\/schema\/logo\/image\/\"},\"sameAs\":[\"https:\/\/www.facebook.com\/FiscaliaCol\",\"https:\/\/x.com\/FiscaliaCol\",\"https:\/\/www.instagram.com\/fiscaliacol\",\"https:\/\/www.linkedin.com\/company\/fiscalia-general-de-la-naci-n\/\",\"https:\/\/youtube.com\/@fiscaliageneraldelanacion-4668?si=6nN79nyQICPU5iTh\"]},{\"@type\":\"Person\",\"@id\":\"https:\/\/www.fiscalia.gov.co\/colombia\/#\/schema\/person\/b19b49f26569f91393176a2b3d13a0e5\",\"name\":\"Johanna Black Prieto Pe\u00f1a\",\"image\":{\"@type\":\"ImageObject\",\"inLanguage\":\"es-CO\",\"@id\":\"https:\/\/www.fiscalia.gov.co\/colombia\/#\/schema\/person\/image\/\",\"url\":\"https:\/\/secure.gravatar.com\/avatar\/7f04518e1774335e76d761d76f04003e?s=96&d=mm&r=g\",\"contentUrl\":\"https:\/\/secure.gravatar.com\/avatar\/7f04518e1774335e76d761d76f04003e?s=96&d=mm&r=g\",\"caption\":\"Johanna Black Prieto Pe\u00f1a\"},\"url\":\"https:\/\/www.fiscalia.gov.co\/colombia\/author\/jprieto\/\"}]}<\/script>\n<!-- \/ Yoast SEO plugin. -->","yoast_head_json":{"title":"Fiscal\u00eda General de la Naci\u00f3n","description":"P\u00e1gina oficial de la Fiscal\u00eda General de la Naci\u00f3n \u2013 Colombia. Garantizamos el acceso efectivo a la justicia, la verdad y la reparaci\u00f3n de las v\u00edctimas de los delitos.","robots":{"index":"noindex","follow":"follow"},"og_locale":"es_ES","og_type":"article","og_title":"Fiscal\u00eda General de la Naci\u00f3n","og_description":"P\u00e1gina oficial de la Fiscal\u00eda General de la Naci\u00f3n \u2013 Colombia. Garantizamos el acceso efectivo a la justicia, la verdad y la reparaci\u00f3n de las v\u00edctimas de los delitos.","og_url":"https:\/\/www.fiscalia.gov.co\/colombia\/noticias\/fiscalia-logra-condenas-contra-tres-hombres-por-agresiones-a-animales-en-antioquia\/","og_site_name":"Fiscal\u00eda General de la Naci\u00f3n","article_publisher":"https:\/\/www.facebook.com\/FiscaliaCol","article_published_time":"2021-11-10T19:32:10+00:00","article_modified_time":"2021-11-22T19:58:57+00:00","og_image":[{"url":"https:\/\/www.fiscalia.gov.co\/colombia\/wp-content\/uploads\/Camus_2.jpeg","type":"","width":"","height":""}],"author":"Johanna Black Prieto Pe\u00f1a","twitter_card":"summary_large_image","twitter_creator":"@FiscaliaCol","twitter_site":"@FiscaliaCol","twitter_misc":{"Escrito por":"Johanna Black Prieto Pe\u00f1a","Tiempo de lectura":"2 minutos"},"schema":{"@context":"https:\/\/schema.org","@graph":[{"@type":"Article","@id":"https:\/\/www.fiscalia.gov.co\/colombia\/noticias\/fiscalia-logra-condenas-contra-tres-hombres-por-agresiones-a-animales-en-antioquia\/#article","isPartOf":{"@id":"https:\/\/www.fiscalia.gov.co\/colombia\/noticias\/fiscalia-logra-condenas-contra-tres-hombres-por-agresiones-a-animales-en-antioquia\/"},"author":{"name":"Johanna Black Prieto Pe\u00f1a","@id":"https:\/\/www.fiscalia.gov.co\/colombia\/#\/schema\/person\/b19b49f26569f91393176a2b3d13a0e5"},"headline":"Fiscal\u00eda logra condenas contra tres hombres por agresiones a animales en Antioquia","datePublished":"2021-11-10T19:32:10+00:00","dateModified":"2021-11-22T19:58:57+00:00","mainEntityOfPage":{"@id":"https:\/\/www.fiscalia.gov.co\/colombia\/noticias\/fiscalia-logra-condenas-contra-tres-hombres-por-agresiones-a-animales-en-antioquia\/"},"wordCount":403,"publisher":{"@id":"https:\/\/www.fiscalia.gov.co\/colombia\/#organization"},"image":{"@id":"https:\/\/www.fiscalia.gov.co\/colombia\/noticias\/fiscalia-logra-condenas-contra-tres-hombres-por-agresiones-a-animales-en-antioquia\/#primaryimage"},"thumbnailUrl":"https:\/\/www.fiscalia.gov.co\/colombia\/wp-content\/uploads\/Camus_2.jpeg","keywords":["Antioquia","Hay Justicia","Maltrato animal"],"articleSection":["Noticias","Seccional Bogot\u00e1","Seccionales"],"inLanguage":"es-CO"},{"@type":"WebPage","@id":"https:\/\/www.fiscalia.gov.co\/colombia\/noticias\/fiscalia-logra-condenas-contra-tres-hombres-por-agresiones-a-animales-en-antioquia\/","url":"https:\/\/www.fiscalia.gov.co\/colombia\/noticias\/fiscalia-logra-condenas-contra-tres-hombres-por-agresiones-a-animales-en-antioquia\/","name":"Fiscal\u00eda General de la Naci\u00f3n","isPartOf":{"@id":"https:\/\/www.fiscalia.gov.co\/colombia\/#website"},"primaryImageOfPage":{"@id":"https:\/\/www.fiscalia.gov.co\/colombia\/noticias\/fiscalia-logra-condenas-contra-tres-hombres-por-agresiones-a-animales-en-antioquia\/#primaryimage"},"image":{"@id":"https:\/\/www.fiscalia.gov.co\/colombia\/noticias\/fiscalia-logra-condenas-contra-tres-hombres-por-agresiones-a-animales-en-antioquia\/#primaryimage"},"thumbnailUrl":"https:\/\/www.fiscalia.gov.co\/colombia\/wp-content\/uploads\/Camus_2.jpeg","datePublished":"2021-11-10T19:32:10+00:00","dateModified":"2021-11-22T19:58:57+00:00","description":"P\u00e1gina oficial de la Fiscal\u00eda General de la Naci\u00f3n \u2013 Colombia. Garantizamos el acceso efectivo a la justicia, la verdad y la reparaci\u00f3n de las v\u00edctimas de los delitos.","breadcrumb":{"@id":"https:\/\/www.fiscalia.gov.co\/colombia\/noticias\/fiscalia-logra-condenas-contra-tres-hombres-por-agresiones-a-animales-en-antioquia\/#breadcrumb"},"inLanguage":"es-CO","potentialAction":[{"@type":"ReadAction","target":["https:\/\/www.fiscalia.gov.co\/colombia\/noticias\/fiscalia-logra-condenas-contra-tres-hombres-por-agresiones-a-animales-en-antioquia\/"]}]},{"@type":"ImageObject","inLanguage":"es-CO","@id":"https:\/\/www.fiscalia.gov.co\/colombia\/noticias\/fiscalia-logra-condenas-contra-tres-hombres-por-agresiones-a-animales-en-antioquia\/#primaryimage","url":"https:\/\/www.fiscalia.gov.co\/colombia\/wp-content\/uploads\/Camus_2.jpeg","contentUrl":"https:\/\/www.fiscalia.gov.co\/colombia\/wp-content\/uploads\/Camus_2.jpeg","width":1196,"height":1600},{"@type":"BreadcrumbList","@id":"https:\/\/www.fiscalia.gov.co\/colombia\/noticias\/fiscalia-logra-condenas-contra-tres-hombres-por-agresiones-a-animales-en-antioquia\/#breadcrumb","itemListElement":[{"@type":"ListItem","position":1,"name":"Home","item":"https:\/\/www.fiscalia.gov.co\/colombia\/"},{"@type":"ListItem","position":2,"name":"Fiscal\u00eda logra condenas contra tres hombres por agresiones a animales en Antioquia"}]},{"@type":"WebSite","@id":"https:\/\/www.fiscalia.gov.co\/colombia\/#website","url":"https:\/\/www.fiscalia.gov.co\/colombia\/","name":"Fiscal\u00eda General de la Naci\u00f3n","description":"P\u00e1gina oficial de la Fiscal\u00eda General de la Naci\u00f3n \u2013 Colombia. Garantizamos el acceso efectivo a la justicia, la verdad y la reparaci\u00f3n de las v\u00edctimas de los delitos.","publisher":{"@id":"https:\/\/www.fiscalia.gov.co\/colombia\/#organization"},"potentialAction":[{"@type":"SearchAction","target":{"@type":"EntryPoint","urlTemplate":"https:\/\/www.fiscalia.gov.co\/colombia\/?s={search_term_string}"},"query-input":{"@type":"PropertyValueSpecification","valueRequired":true,"valueName":"search_term_string"}}],"inLanguage":"es-CO"},{"@type":"Organization","@id":"https:\/\/www.fiscalia.gov.co\/colombia\/#organization","name":"Fiscal\u00eda General de la Naci\u00f3n","url":"https:\/\/www.fiscalia.gov.co\/colombia\/","logo":{"@type":"ImageObject","inLanguage":"es-CO","@id":"https:\/\/www.fiscalia.gov.co\/colombia\/#\/schema\/logo\/image\/","url":"https:\/\/www.fiscalia.gov.co\/colombia\/wp-content\/uploads\/LogoHorizontal_1.jpg","contentUrl":"https:\/\/www.fiscalia.gov.co\/colombia\/wp-content\/uploads\/LogoHorizontal_1.jpg","width":300,"height":90,"caption":"Fiscal\u00eda General de la Naci\u00f3n"},"image":{"@id":"https:\/\/www.fiscalia.gov.co\/colombia\/#\/schema\/logo\/image\/"},"sameAs":["https:\/\/www.facebook.com\/FiscaliaCol","https:\/\/x.com\/FiscaliaCol","https:\/\/www.instagram.com\/fiscaliacol","https:\/\/www.linkedin.com\/company\/fiscalia-general-de-la-naci-n\/","https:\/\/youtube.com\/@fiscaliageneraldelanacion-4668?si=6nN79nyQICPU5iTh"]},{"@type":"Person","@id":"https:\/\/www.fiscalia.gov.co\/colombia\/#\/schema\/person\/b19b49f26569f91393176a2b3d13a0e5","name":"Johanna Black Prieto Pe\u00f1a","image":{"@type":"ImageObject","inLanguage":"es-CO","@id":"https:\/\/www.fiscalia.gov.co\/colombia\/#\/schema\/person\/image\/","url":"https:\/\/secure.gravatar.com\/avatar\/7f04518e1774335e76d761d76f04003e?s=96&d=mm&r=g","contentUrl":"https:\/\/secure.gravatar.com\/avatar\/7f04518e1774335e76d761d76f04003e?s=96&d=mm&r=g","caption":"Johanna Black Prieto Pe\u00f1a"},"url":"https:\/\/www.fiscalia.gov.co\/colombia\/author\/jprieto\/"}]}},"_links":{"self":[{"href":"https:\/\/www.fiscalia.gov.co\/colombia\/wp-json\/wp\/v2\/posts\/234474","targetHints":{"allow":["GET"]}}],"collection":[{"href":"https:\/\/www.fiscalia.gov.co\/colombia\/wp-json\/wp\/v2\/posts"}],"about":[{"href":"https:\/\/www.fiscalia.gov.co\/colombia\/wp-json\/wp\/v2\/types\/post"}],"author":[{"embeddable":true,"href":"https:\/\/www.fiscalia.gov.co\/colombia\/wp-json\/wp\/v2\/users\/176"}],"replies":[{"embeddable":true,"href":"https:\/\/www.fiscalia.gov.co\/colombia\/wp-json\/wp\/v2\/comments?post=234474"}],"version-history":[{"count":2,"href":"https:\/\/www.fiscalia.gov.co\/colombia\/wp-json\/wp\/v2\/posts\/234474\/revisions"}],"predecessor-version":[{"id":235309,"href":"https:\/\/www.fiscalia.gov.co\/colombia\/wp-json\/wp\/v2\/posts\/234474\/revisions\/235309"}],"wp:attachment":[{"href":"https:\/\/www.fiscalia.gov.co\/colombia\/wp-json\/wp\/v2\/media?parent=234474"}],"wp:term":[{"taxonomy":"category","embeddable":true,"href":"https:\/\/www.fiscalia.gov.co\/colombia\/wp-json\/wp\/v2\/categories?post=234474"},{"taxonomy":"post_tag","embeddable":true,"href":"https:\/\/www.fiscalia.gov.co\/colombia\/wp-json\/wp\/v2\/tags?post=234474"}],"curies":[{"name":"wp","href":"https:\/\/api.w.org\/{rel}","templated":true}]}}