{"id":234472,"date":"2021-11-10T14:25:45","date_gmt":"2021-11-10T19:25:45","guid":{"rendered":"https:\/\/www.fiscalia.gov.co\/colombia\/?p=234472"},"modified":"2021-11-10T14:25:45","modified_gmt":"2021-11-10T19:25:45","slug":"condenados-14-integrantes-de-la-banda-los-boys-dedicada-al-trafico-de-estupefacientes-en-inirida-guainia","status":"publish","type":"post","link":"https:\/\/www.fiscalia.gov.co\/colombia\/seccionales\/condenados-14-integrantes-de-la-banda-los-boys-dedicada-al-trafico-de-estupefacientes-en-inirida-guainia\/","title":{"rendered":"Condenados 14 integrantes de la banda Los Boys, dedicada al tr\u00e1fico de estupefacientes en In\u00edrida (Guain\u00eda)\u00a0"},"content":{"rendered":"<p>La Fiscal\u00eda General de la Naci\u00f3n, a trav\u00e9s de un fiscal seccional de In\u00edrida (Guain\u00eda), demostr\u00f3 que 14 personas integraban la banda delictiva Los Boys y se dedicaban a comercializar <a href=\"https:\/\/www.fiscalia.gov.co\/colombia\/noticias\/fiscalia-judicializo-a-tres-presuntos-integrantes-de-la-banda-delictiva-los-contadores-por-porte-de-armas-de-fuego-de-uso-privativo-y-trafico-de-estupefacientes\/\" data-saferedirecturl=\"https:\/\/www.google.com\/url?q=https:\/\/www.fiscalia.gov.co\/colombia\/noticias\/fiscalia-judicializo-a-tres-presuntos-integrantes-de-la-banda-delictiva-los-contadores-por-porte-de-armas-de-fuego-de-uso-privativo-y-trafico-de-estupefacientes\/&amp;source=gmail&amp;ust=1636655941477000&amp;usg=AFQjCNFfzMT_SgXbEYH5TENZKy2KpOHO3A\"><strong>sustancias alucin\u00f3genas<\/strong><\/a>\u00a0como\u00a0<a href=\"https:\/\/www.fiscalia.gov.co\/colombia\/noticias\/desarticulada-banda-delictiva-los-iluminatis-responsable-de-trafico-de-estupefacientes-en-soledad-y-barranquilla-atlantico\/\" data-saferedirecturl=\"https:\/\/www.google.com\/url?q=https:\/\/www.fiscalia.gov.co\/colombia\/noticias\/desarticulada-banda-delictiva-los-iluminatis-responsable-de-trafico-de-estupefacientes-en-soledad-y-barranquilla-atlantico\/&amp;source=gmail&amp;ust=1636655941477000&amp;usg=AFQjCNHZE6wCWz-vVQa7Y4F9Vg1ZBfrTFg\"><strong>marihuana y base de coca\u00edna<\/strong><\/a>\u00a0en todo el casco urbano de esa ciudad, as\u00ed como en algunas comunidades ind\u00edgenas cercanas.<\/p>\n<p>Ante la contundencia de los elementos de prueba recopilados por el ente acusador, los procesados decidieron realizar un preacuerdo, en virtud del cual, el juez promiscuo del circuito de In\u00edrida los conden\u00f3 a una\u00a0<strong>pena privativa de la libertad<\/strong>\u00a0<strong>de 30 meses\u00a0<\/strong>en\u00a0<strong>centro carcelario<\/strong>, y al pago de una multa, cada uno, por 26.45 salarios m\u00ednimos legales mensuales vigentes.<\/p>\n<p>Los condenados son:<\/p>\n<ol>\n<li>Kevin\u00a0Mauricio\u00a0Trujillo\u00a0Ni\u00f1o<\/li>\n<li>Wilgeeth\u00a0Nahyleth\u00a0Rivero\u00a0Perdomo<\/li>\n<li>Lucas\u00a0Duv\u00e1n Molina\u00a0Betancourth<\/li>\n<li>Ewding\u00a0Esteban\u00a0Bustamante<\/li>\n<li>Luis\u00a0Alejandro\u00a0Sierra Ladino<\/li>\n<li>Juli\u00e1n Felipe Torres Gabriel<\/li>\n<li>Jord\u00e1n Eduardo Veloza\u00a0Pinto<\/li>\n<li>Alba\u00a0Lucero\u00a0Rojas\u00a0Saavedra<\/li>\n<li>Brayan\u00a0Garavito\u00a0Rojas<\/li>\n<li>Mar\u00eda Nataly Gil Escobar<\/li>\n<li>Norbey\u00a0Alejandro\u00a0Alba\u00a0Largo<\/li>\n<li>Arnovis\u00a0Jos\u00e9\u00a0Payares\u00a0G\u00f3mez<\/li>\n<li>Jos\u00e9\u00a0Alfonso\u00a0Nieves\u00a0Ram\u00edrez<\/li>\n<li>Argenis\u00a0Alex\u00e1nder\u00a0Le\u00f3n\u00a0Carpentiero<\/li>\n<\/ol>\n<p>Estas personas admitieron su responsabilidad en el delito de <a href=\"https:\/\/www.fiscalia.gov.co\/colombia\/noticias\/judicializado-el-conductor-de-un-bus-por-presunto-trafico-de-estupefacientes\/\" data-saferedirecturl=\"https:\/\/www.google.com\/url?q=https:\/\/www.fiscalia.gov.co\/colombia\/noticias\/judicializado-el-conductor-de-un-bus-por-presunto-trafico-de-estupefacientes\/&amp;source=gmail&amp;ust=1636655941477000&amp;usg=AFQjCNFdc_KbGQci0WNK-qhy6qvnm6iF9g\"><strong>tr\u00e1fico, fabricaci\u00f3n o porte de estupefacientes<\/strong><\/a>, cometido desde el 17 de enero hasta el 9 de septiembre de 2020.<\/p>\n<p>La Fiscal\u00eda habla con resultados.<\/p>\n<p>LAZL\/DLBM\/LFRR<\/p>\n<p><strong><em>\u00a0<\/em><\/strong><\/p>\n<p>&nbsp;<\/p>\n<p>&nbsp;<\/p>\n\n<div class=\"twitter-share\"><a href=\"https:\/\/twitter.com\/intent\/tweet?via=fiscaliacol\" class=\"twitter-share-button\">Tweet<\/a><\/div>\n","protected":false},"excerpt":{"rendered":"<p>La Fiscal\u00eda General de la Naci\u00f3n, a trav\u00e9s de un fiscal seccional de In\u00edrida (Guain\u00eda), demostr\u00f3 que 14 personas integraban la banda delictiva Los Boys y se dedicaban a comercializar sustancias alucin\u00f3genas\u00a0como\u00a0marihuana y base de coca\u00edna\u00a0en todo el casco urbano de esa ciudad, as\u00ed como en algunas comunidades ind\u00edgenas cercanas. Ante la contundencia de los [&hellip;]<\/p>\n","protected":false},"author":176,"featured_media":0,"comment_status":"closed","ping_status":"open","sticky":false,"template":"","format":"standard","meta":{"_price":"","_stock":"","_tribe_ticket_header":"","_tribe_default_ticket_provider":"","_tribe_ticket_capacity":"0","_ticket_start_date":"","_ticket_end_date":"","_tribe_ticket_show_description":"","_tribe_ticket_show_not_going":false,"_tribe_ticket_use_global_stock":"","_tribe_ticket_global_stock_level":"","_global_stock_mode":"","_global_stock_cap":"","_tribe_rsvp_for_event":"","_tribe_ticket_going_count":"","_tribe_ticket_not_going_count":"","_tribe_tickets_list":"[]","_tribe_ticket_has_attendee_info_fields":false,"tdm_status":"","tdm_grid_status":"","footnotes":""},"categories":[24154,303],"tags":[14550,293,1047,155],"class_list":{"0":"post-234472","1":"post","2":"type-post","3":"status-publish","4":"format-standard","6":"category-seccional-inirida","7":"category-seccionales","8":"tag-carcel","9":"tag-condena","10":"tag-fiscalia-general-de-la-nacion","11":"tag-trafico-de-estupefacientes"},"yoast_head":"<!-- This site is optimized with the Yoast SEO plugin v24.3 - https:\/\/yoast.com\/wordpress\/plugins\/seo\/ -->\n<title>Fiscal\u00eda General de la Naci\u00f3n<\/title>\n<meta name=\"description\" content=\"P\u00e1gina oficial de la Fiscal\u00eda General de la Naci\u00f3n \u2013 Colombia. Garantizamos el acceso efectivo a la justicia, la verdad y la reparaci\u00f3n de las v\u00edctimas de los delitos.\" \/>\n<meta name=\"robots\" content=\"noindex, follow\" \/>\n<meta property=\"og:locale\" content=\"es_ES\" \/>\n<meta property=\"og:type\" content=\"article\" \/>\n<meta property=\"og:title\" content=\"Fiscal\u00eda General de la Naci\u00f3n\" \/>\n<meta property=\"og:description\" content=\"P\u00e1gina oficial de la Fiscal\u00eda General de la Naci\u00f3n \u2013 Colombia. Garantizamos el acceso efectivo a la justicia, la verdad y la reparaci\u00f3n de las v\u00edctimas de los delitos.\" \/>\n<meta property=\"og:url\" content=\"https:\/\/www.fiscalia.gov.co\/colombia\/seccionales\/condenados-14-integrantes-de-la-banda-los-boys-dedicada-al-trafico-de-estupefacientes-en-inirida-guainia\/\" \/>\n<meta property=\"og:site_name\" content=\"Fiscal\u00eda General de la Naci\u00f3n\" \/>\n<meta property=\"article:publisher\" content=\"https:\/\/www.facebook.com\/FiscaliaCol\" \/>\n<meta property=\"article:published_time\" content=\"2021-11-10T19:25:45+00:00\" \/>\n<meta name=\"author\" content=\"Johanna Black Prieto Pe\u00f1a\" \/>\n<meta name=\"twitter:card\" content=\"summary_large_image\" \/>\n<meta name=\"twitter:creator\" content=\"@FiscaliaCol\" \/>\n<meta name=\"twitter:site\" content=\"@FiscaliaCol\" \/>\n<meta name=\"twitter:label1\" content=\"Escrito por\" \/>\n\t<meta name=\"twitter:data1\" content=\"Johanna Black Prieto Pe\u00f1a\" \/>\n\t<meta name=\"twitter:label2\" content=\"Tiempo de lectura\" \/>\n\t<meta name=\"twitter:data2\" content=\"1 minuto\" \/>\n<script type=\"application\/ld+json\" class=\"yoast-schema-graph\">{\"@context\":\"https:\/\/schema.org\",\"@graph\":[{\"@type\":\"Article\",\"@id\":\"https:\/\/www.fiscalia.gov.co\/colombia\/seccionales\/condenados-14-integrantes-de-la-banda-los-boys-dedicada-al-trafico-de-estupefacientes-en-inirida-guainia\/#article\",\"isPartOf\":{\"@id\":\"https:\/\/www.fiscalia.gov.co\/colombia\/seccionales\/condenados-14-integrantes-de-la-banda-los-boys-dedicada-al-trafico-de-estupefacientes-en-inirida-guainia\/\"},\"author\":{\"name\":\"Johanna Black Prieto Pe\u00f1a\",\"@id\":\"https:\/\/www.fiscalia.gov.co\/colombia\/#\/schema\/person\/b19b49f26569f91393176a2b3d13a0e5\"},\"headline\":\"Condenados 14 integrantes de la banda Los Boys, dedicada al tr\u00e1fico de estupefacientes en In\u00edrida (Guain\u00eda)\u00a0\",\"datePublished\":\"2021-11-10T19:25:45+00:00\",\"dateModified\":\"2021-11-10T19:25:45+00:00\",\"mainEntityOfPage\":{\"@id\":\"https:\/\/www.fiscalia.gov.co\/colombia\/seccionales\/condenados-14-integrantes-de-la-banda-los-boys-dedicada-al-trafico-de-estupefacientes-en-inirida-guainia\/\"},\"wordCount\":242,\"publisher\":{\"@id\":\"https:\/\/www.fiscalia.gov.co\/colombia\/#organization\"},\"keywords\":[\"C\u00e1rcel\",\"Condena\",\"Fiscal\u00eda General de la Naci\u00f3n\",\"Tr\u00e1fico de estupefacientes\"],\"articleSection\":[\"Seccional In\u00edrida\",\"Seccionales\"],\"inLanguage\":\"es-CO\"},{\"@type\":\"WebPage\",\"@id\":\"https:\/\/www.fiscalia.gov.co\/colombia\/seccionales\/condenados-14-integrantes-de-la-banda-los-boys-dedicada-al-trafico-de-estupefacientes-en-inirida-guainia\/\",\"url\":\"https:\/\/www.fiscalia.gov.co\/colombia\/seccionales\/condenados-14-integrantes-de-la-banda-los-boys-dedicada-al-trafico-de-estupefacientes-en-inirida-guainia\/\",\"name\":\"Fiscal\u00eda General de la Naci\u00f3n\",\"isPartOf\":{\"@id\":\"https:\/\/www.fiscalia.gov.co\/colombia\/#website\"},\"datePublished\":\"2021-11-10T19:25:45+00:00\",\"dateModified\":\"2021-11-10T19:25:45+00:00\",\"description\":\"P\u00e1gina oficial de la Fiscal\u00eda General de la Naci\u00f3n \u2013 Colombia. Garantizamos el acceso efectivo a la justicia, la verdad y la reparaci\u00f3n de las v\u00edctimas de los delitos.\",\"breadcrumb\":{\"@id\":\"https:\/\/www.fiscalia.gov.co\/colombia\/seccionales\/condenados-14-integrantes-de-la-banda-los-boys-dedicada-al-trafico-de-estupefacientes-en-inirida-guainia\/#breadcrumb\"},\"inLanguage\":\"es-CO\",\"potentialAction\":[{\"@type\":\"ReadAction\",\"target\":[\"https:\/\/www.fiscalia.gov.co\/colombia\/seccionales\/condenados-14-integrantes-de-la-banda-los-boys-dedicada-al-trafico-de-estupefacientes-en-inirida-guainia\/\"]}]},{\"@type\":\"BreadcrumbList\",\"@id\":\"https:\/\/www.fiscalia.gov.co\/colombia\/seccionales\/condenados-14-integrantes-de-la-banda-los-boys-dedicada-al-trafico-de-estupefacientes-en-inirida-guainia\/#breadcrumb\",\"itemListElement\":[{\"@type\":\"ListItem\",\"position\":1,\"name\":\"Home\",\"item\":\"https:\/\/www.fiscalia.gov.co\/colombia\/\"},{\"@type\":\"ListItem\",\"position\":2,\"name\":\"Condenados 14 integrantes de la banda Los Boys, dedicada al tr\u00e1fico de estupefacientes en In\u00edrida (Guain\u00eda)\u00a0\"}]},{\"@type\":\"WebSite\",\"@id\":\"https:\/\/www.fiscalia.gov.co\/colombia\/#website\",\"url\":\"https:\/\/www.fiscalia.gov.co\/colombia\/\",\"name\":\"Fiscal\u00eda General de la Naci\u00f3n\",\"description\":\"P\u00e1gina oficial de la Fiscal\u00eda General de la Naci\u00f3n \u2013 Colombia. Garantizamos el acceso efectivo a la justicia, la verdad y la reparaci\u00f3n de las v\u00edctimas de los delitos.\",\"publisher\":{\"@id\":\"https:\/\/www.fiscalia.gov.co\/colombia\/#organization\"},\"potentialAction\":[{\"@type\":\"SearchAction\",\"target\":{\"@type\":\"EntryPoint\",\"urlTemplate\":\"https:\/\/www.fiscalia.gov.co\/colombia\/?s={search_term_string}\"},\"query-input\":{\"@type\":\"PropertyValueSpecification\",\"valueRequired\":true,\"valueName\":\"search_term_string\"}}],\"inLanguage\":\"es-CO\"},{\"@type\":\"Organization\",\"@id\":\"https:\/\/www.fiscalia.gov.co\/colombia\/#organization\",\"name\":\"Fiscal\u00eda General de la Naci\u00f3n\",\"url\":\"https:\/\/www.fiscalia.gov.co\/colombia\/\",\"logo\":{\"@type\":\"ImageObject\",\"inLanguage\":\"es-CO\",\"@id\":\"https:\/\/www.fiscalia.gov.co\/colombia\/#\/schema\/logo\/image\/\",\"url\":\"https:\/\/www.fiscalia.gov.co\/colombia\/wp-content\/uploads\/LogoHorizontal_1.jpg\",\"contentUrl\":\"https:\/\/www.fiscalia.gov.co\/colombia\/wp-content\/uploads\/LogoHorizontal_1.jpg\",\"width\":300,\"height\":90,\"caption\":\"Fiscal\u00eda General de la Naci\u00f3n\"},\"image\":{\"@id\":\"https:\/\/www.fiscalia.gov.co\/colombia\/#\/schema\/logo\/image\/\"},\"sameAs\":[\"https:\/\/www.facebook.com\/FiscaliaCol\",\"https:\/\/x.com\/FiscaliaCol\",\"https:\/\/www.instagram.com\/fiscaliacol\",\"https:\/\/www.linkedin.com\/company\/fiscalia-general-de-la-naci-n\/\",\"https:\/\/youtube.com\/@fiscaliageneraldelanacion-4668?si=6nN79nyQICPU5iTh\"]},{\"@type\":\"Person\",\"@id\":\"https:\/\/www.fiscalia.gov.co\/colombia\/#\/schema\/person\/b19b49f26569f91393176a2b3d13a0e5\",\"name\":\"Johanna Black Prieto Pe\u00f1a\",\"image\":{\"@type\":\"ImageObject\",\"inLanguage\":\"es-CO\",\"@id\":\"https:\/\/www.fiscalia.gov.co\/colombia\/#\/schema\/person\/image\/\",\"url\":\"https:\/\/secure.gravatar.com\/avatar\/7f04518e1774335e76d761d76f04003e?s=96&d=mm&r=g\",\"contentUrl\":\"https:\/\/secure.gravatar.com\/avatar\/7f04518e1774335e76d761d76f04003e?s=96&d=mm&r=g\",\"caption\":\"Johanna Black Prieto Pe\u00f1a\"},\"url\":\"https:\/\/www.fiscalia.gov.co\/colombia\/author\/jprieto\/\"}]}<\/script>\n<!-- \/ Yoast SEO plugin. -->","yoast_head_json":{"title":"Fiscal\u00eda General de la Naci\u00f3n","description":"P\u00e1gina oficial de la Fiscal\u00eda General de la Naci\u00f3n \u2013 Colombia. Garantizamos el acceso efectivo a la justicia, la verdad y la reparaci\u00f3n de las v\u00edctimas de los delitos.","robots":{"index":"noindex","follow":"follow"},"og_locale":"es_ES","og_type":"article","og_title":"Fiscal\u00eda General de la Naci\u00f3n","og_description":"P\u00e1gina oficial de la Fiscal\u00eda General de la Naci\u00f3n \u2013 Colombia. Garantizamos el acceso efectivo a la justicia, la verdad y la reparaci\u00f3n de las v\u00edctimas de los delitos.","og_url":"https:\/\/www.fiscalia.gov.co\/colombia\/seccionales\/condenados-14-integrantes-de-la-banda-los-boys-dedicada-al-trafico-de-estupefacientes-en-inirida-guainia\/","og_site_name":"Fiscal\u00eda General de la Naci\u00f3n","article_publisher":"https:\/\/www.facebook.com\/FiscaliaCol","article_published_time":"2021-11-10T19:25:45+00:00","author":"Johanna Black Prieto Pe\u00f1a","twitter_card":"summary_large_image","twitter_creator":"@FiscaliaCol","twitter_site":"@FiscaliaCol","twitter_misc":{"Escrito por":"Johanna Black Prieto Pe\u00f1a","Tiempo de lectura":"1 minuto"},"schema":{"@context":"https:\/\/schema.org","@graph":[{"@type":"Article","@id":"https:\/\/www.fiscalia.gov.co\/colombia\/seccionales\/condenados-14-integrantes-de-la-banda-los-boys-dedicada-al-trafico-de-estupefacientes-en-inirida-guainia\/#article","isPartOf":{"@id":"https:\/\/www.fiscalia.gov.co\/colombia\/seccionales\/condenados-14-integrantes-de-la-banda-los-boys-dedicada-al-trafico-de-estupefacientes-en-inirida-guainia\/"},"author":{"name":"Johanna Black Prieto Pe\u00f1a","@id":"https:\/\/www.fiscalia.gov.co\/colombia\/#\/schema\/person\/b19b49f26569f91393176a2b3d13a0e5"},"headline":"Condenados 14 integrantes de la banda Los Boys, dedicada al tr\u00e1fico de estupefacientes en In\u00edrida (Guain\u00eda)\u00a0","datePublished":"2021-11-10T19:25:45+00:00","dateModified":"2021-11-10T19:25:45+00:00","mainEntityOfPage":{"@id":"https:\/\/www.fiscalia.gov.co\/colombia\/seccionales\/condenados-14-integrantes-de-la-banda-los-boys-dedicada-al-trafico-de-estupefacientes-en-inirida-guainia\/"},"wordCount":242,"publisher":{"@id":"https:\/\/www.fiscalia.gov.co\/colombia\/#organization"},"keywords":["C\u00e1rcel","Condena","Fiscal\u00eda General de la Naci\u00f3n","Tr\u00e1fico de estupefacientes"],"articleSection":["Seccional In\u00edrida","Seccionales"],"inLanguage":"es-CO"},{"@type":"WebPage","@id":"https:\/\/www.fiscalia.gov.co\/colombia\/seccionales\/condenados-14-integrantes-de-la-banda-los-boys-dedicada-al-trafico-de-estupefacientes-en-inirida-guainia\/","url":"https:\/\/www.fiscalia.gov.co\/colombia\/seccionales\/condenados-14-integrantes-de-la-banda-los-boys-dedicada-al-trafico-de-estupefacientes-en-inirida-guainia\/","name":"Fiscal\u00eda General de la Naci\u00f3n","isPartOf":{"@id":"https:\/\/www.fiscalia.gov.co\/colombia\/#website"},"datePublished":"2021-11-10T19:25:45+00:00","dateModified":"2021-11-10T19:25:45+00:00","description":"P\u00e1gina oficial de la Fiscal\u00eda General de la Naci\u00f3n \u2013 Colombia. Garantizamos el acceso efectivo a la justicia, la verdad y la reparaci\u00f3n de las v\u00edctimas de los delitos.","breadcrumb":{"@id":"https:\/\/www.fiscalia.gov.co\/colombia\/seccionales\/condenados-14-integrantes-de-la-banda-los-boys-dedicada-al-trafico-de-estupefacientes-en-inirida-guainia\/#breadcrumb"},"inLanguage":"es-CO","potentialAction":[{"@type":"ReadAction","target":["https:\/\/www.fiscalia.gov.co\/colombia\/seccionales\/condenados-14-integrantes-de-la-banda-los-boys-dedicada-al-trafico-de-estupefacientes-en-inirida-guainia\/"]}]},{"@type":"BreadcrumbList","@id":"https:\/\/www.fiscalia.gov.co\/colombia\/seccionales\/condenados-14-integrantes-de-la-banda-los-boys-dedicada-al-trafico-de-estupefacientes-en-inirida-guainia\/#breadcrumb","itemListElement":[{"@type":"ListItem","position":1,"name":"Home","item":"https:\/\/www.fiscalia.gov.co\/colombia\/"},{"@type":"ListItem","position":2,"name":"Condenados 14 integrantes de la banda Los Boys, dedicada al tr\u00e1fico de estupefacientes en In\u00edrida (Guain\u00eda)\u00a0"}]},{"@type":"WebSite","@id":"https:\/\/www.fiscalia.gov.co\/colombia\/#website","url":"https:\/\/www.fiscalia.gov.co\/colombia\/","name":"Fiscal\u00eda General de la Naci\u00f3n","description":"P\u00e1gina oficial de la Fiscal\u00eda General de la Naci\u00f3n \u2013 Colombia. Garantizamos el acceso efectivo a la justicia, la verdad y la reparaci\u00f3n de las v\u00edctimas de los delitos.","publisher":{"@id":"https:\/\/www.fiscalia.gov.co\/colombia\/#organization"},"potentialAction":[{"@type":"SearchAction","target":{"@type":"EntryPoint","urlTemplate":"https:\/\/www.fiscalia.gov.co\/colombia\/?s={search_term_string}"},"query-input":{"@type":"PropertyValueSpecification","valueRequired":true,"valueName":"search_term_string"}}],"inLanguage":"es-CO"},{"@type":"Organization","@id":"https:\/\/www.fiscalia.gov.co\/colombia\/#organization","name":"Fiscal\u00eda General de la Naci\u00f3n","url":"https:\/\/www.fiscalia.gov.co\/colombia\/","logo":{"@type":"ImageObject","inLanguage":"es-CO","@id":"https:\/\/www.fiscalia.gov.co\/colombia\/#\/schema\/logo\/image\/","url":"https:\/\/www.fiscalia.gov.co\/colombia\/wp-content\/uploads\/LogoHorizontal_1.jpg","contentUrl":"https:\/\/www.fiscalia.gov.co\/colombia\/wp-content\/uploads\/LogoHorizontal_1.jpg","width":300,"height":90,"caption":"Fiscal\u00eda General de la Naci\u00f3n"},"image":{"@id":"https:\/\/www.fiscalia.gov.co\/colombia\/#\/schema\/logo\/image\/"},"sameAs":["https:\/\/www.facebook.com\/FiscaliaCol","https:\/\/x.com\/FiscaliaCol","https:\/\/www.instagram.com\/fiscaliacol","https:\/\/www.linkedin.com\/company\/fiscalia-general-de-la-naci-n\/","https:\/\/youtube.com\/@fiscaliageneraldelanacion-4668?si=6nN79nyQICPU5iTh"]},{"@type":"Person","@id":"https:\/\/www.fiscalia.gov.co\/colombia\/#\/schema\/person\/b19b49f26569f91393176a2b3d13a0e5","name":"Johanna Black Prieto Pe\u00f1a","image":{"@type":"ImageObject","inLanguage":"es-CO","@id":"https:\/\/www.fiscalia.gov.co\/colombia\/#\/schema\/person\/image\/","url":"https:\/\/secure.gravatar.com\/avatar\/7f04518e1774335e76d761d76f04003e?s=96&d=mm&r=g","contentUrl":"https:\/\/secure.gravatar.com\/avatar\/7f04518e1774335e76d761d76f04003e?s=96&d=mm&r=g","caption":"Johanna Black Prieto Pe\u00f1a"},"url":"https:\/\/www.fiscalia.gov.co\/colombia\/author\/jprieto\/"}]}},"_links":{"self":[{"href":"https:\/\/www.fiscalia.gov.co\/colombia\/wp-json\/wp\/v2\/posts\/234472","targetHints":{"allow":["GET"]}}],"collection":[{"href":"https:\/\/www.fiscalia.gov.co\/colombia\/wp-json\/wp\/v2\/posts"}],"about":[{"href":"https:\/\/www.fiscalia.gov.co\/colombia\/wp-json\/wp\/v2\/types\/post"}],"author":[{"embeddable":true,"href":"https:\/\/www.fiscalia.gov.co\/colombia\/wp-json\/wp\/v2\/users\/176"}],"replies":[{"embeddable":true,"href":"https:\/\/www.fiscalia.gov.co\/colombia\/wp-json\/wp\/v2\/comments?post=234472"}],"version-history":[{"count":1,"href":"https:\/\/www.fiscalia.gov.co\/colombia\/wp-json\/wp\/v2\/posts\/234472\/revisions"}],"predecessor-version":[{"id":234473,"href":"https:\/\/www.fiscalia.gov.co\/colombia\/wp-json\/wp\/v2\/posts\/234472\/revisions\/234473"}],"wp:attachment":[{"href":"https:\/\/www.fiscalia.gov.co\/colombia\/wp-json\/wp\/v2\/media?parent=234472"}],"wp:term":[{"taxonomy":"category","embeddable":true,"href":"https:\/\/www.fiscalia.gov.co\/colombia\/wp-json\/wp\/v2\/categories?post=234472"},{"taxonomy":"post_tag","embeddable":true,"href":"https:\/\/www.fiscalia.gov.co\/colombia\/wp-json\/wp\/v2\/tags?post=234472"}],"curies":[{"name":"wp","href":"https:\/\/api.w.org\/{rel}","templated":true}]}}