{"id":234419,"date":"2021-11-10T08:40:49","date_gmt":"2021-11-10T13:40:49","guid":{"rendered":"https:\/\/www.fiscalia.gov.co\/colombia\/?p=234419"},"modified":"2021-11-10T08:42:39","modified_gmt":"2021-11-10T13:42:39","slug":"fiscalia-atendio-1-443-personas-en-jornadas-de-victimas-realizadas-en-9-municipios","status":"publish","type":"post","link":"https:\/\/www.fiscalia.gov.co\/colombia\/noticias\/fiscalia-atendio-1-443-personas-en-jornadas-de-victimas-realizadas-en-9-municipios\/","title":{"rendered":"Fiscal\u00eda atendi\u00f3 1.443 personas en jornadas de v\u00edctimas realizadas en 9 municipios"},"content":{"rendered":"<div>\n<p>Entre el 19 de octubre y el 5 de noviembre, funcionarios del Grupo interno de trabajo de b\u00fasqueda, identificaci\u00f3n y entrega de personas desaparecidas (Grube); del Grupo de documentaci\u00f3n de hechos y del Cuerpo T\u00e9cnico de Investigaci\u00f3n (CTI), adscritos a la <b>Direcci\u00f3n de Justicia Transicional,<\/b>\u00a0llegaron a los departamentos de Valle del Cauca, Bol\u00edvar y Santander, para brindar informaci\u00f3n y atenci\u00f3n a v\u00edctimas de los extintos grupos paramilitares que delinquieron en esas zonas del pa\u00eds.<\/p>\n<\/div>\n<div>\n<div dir=\"ltr\">\n<p><span lang=\"ES-CO\">Durante las jornadas, la Fiscal\u00eda General de la Naci\u00f3n atendi\u00f3 en total a\u00a0<b>1.443 personas<\/b>, as\u00ed:\u00a0<\/span><\/p>\n<ul>\n<li><b><span lang=\"ES-CO\">Orientaci\u00f3n en Buenaventura\u00a0<\/span><\/b><\/li>\n<\/ul>\n<p><span lang=\"ES-CO\">\u00a0<\/span><span lang=\"ES-CO\">Fiscales del Grupo de documentaci\u00f3n de hechos en articulaci\u00f3n con el Grube realizaron en Buenaventura (Valle del Cauca) una jornada integral con v\u00edctimas del actuar delictivo de miembros del\u00a0<b>desmovilizado Bloque Calima<\/b>. \u00a0<\/span><\/p>\n<figure id=\"attachment_234420\" aria-describedby=\"caption-attachment-234420\" style=\"width: 1024px\" class=\"wp-caption alignnone\"><img loading=\"lazy\" decoding=\"async\" class=\"size-full wp-image-234420\" src=\"https:\/\/www.fiscalia.gov.co\/colombia\/wp-content\/uploads\/Jornada-atenci\u00f3n-Buenaventura-Justicia-Transicional.jpeg\" alt=\"\" width=\"1024\" height=\"768\" srcset=\"https:\/\/www.fiscalia.gov.co\/colombia\/wp-content\/uploads\/Jornada-atenci\u00f3n-Buenaventura-Justicia-Transicional.jpeg 1024w, https:\/\/www.fiscalia.gov.co\/colombia\/wp-content\/uploads\/Jornada-atenci\u00f3n-Buenaventura-Justicia-Transicional-300x225.jpeg 300w, https:\/\/www.fiscalia.gov.co\/colombia\/wp-content\/uploads\/Jornada-atenci\u00f3n-Buenaventura-Justicia-Transicional-768x576.jpeg 768w, https:\/\/www.fiscalia.gov.co\/colombia\/wp-content\/uploads\/Jornada-atenci\u00f3n-Buenaventura-Justicia-Transicional-696x522.jpeg 696w, https:\/\/www.fiscalia.gov.co\/colombia\/wp-content\/uploads\/Jornada-atenci\u00f3n-Buenaventura-Justicia-Transicional-560x420.jpeg 560w, https:\/\/www.fiscalia.gov.co\/colombia\/wp-content\/uploads\/Jornada-atenci\u00f3n-Buenaventura-Justicia-Transicional-80x60.jpeg 80w, https:\/\/www.fiscalia.gov.co\/colombia\/wp-content\/uploads\/Jornada-atenci\u00f3n-Buenaventura-Justicia-Transicional-265x198.jpeg 265w\" sizes=\"auto, (max-width: 1024px) 100vw, 1024px\" \/><figcaption id=\"caption-attachment-234420\" class=\"wp-caption-text\">En buenaventura fueron atendidas v\u00edctimas del desmovilizado grupo paramilitar Bloque Calima.<\/figcaption><\/figure>\n<p><span lang=\"ES-CO\">\u00a0<\/span><span lang=\"ES-CO\">A la actividad que se llev\u00f3 a cabo en el sal\u00f3n comunal de la Fundaci\u00f3n Diocesana del Clero sede \u201cBagno Regio\u201d, asistieron 414 v\u00edctimas de hechos cometidos por ese grupo armado en los municipios de\u00a0<b>Buenaventura y Dagua<\/b>\u00a0entre los a\u00f1os 2000 y 2004.\u00a0<\/span><\/p>\n<p><span lang=\"ES-CO\">Las v\u00edctimas fueron orientadas e informadas sobre la etapa del proceso judicial en la que se encuentra cada hecho puesto en conocimiento ante la Fiscal\u00eda. \u00a0<\/span><\/p>\n<p><span lang=\"ES-CO\">\u00a0<\/span><span lang=\"ES-CO\">La jornada cont\u00f3 con la participaci\u00f3n de la Unidad para la Atenci\u00f3n y Reparaci\u00f3n Integral a las V\u00edctimas (Uariv), la Personer\u00eda y las alcald\u00edas municipales de Dagua y de Buenaventura.\u00a0<\/span><\/p>\n<ul>\n<li><b><span lang=\"ES-CO\">V\u00edctimas del BCB en Sur de Bol\u00edvar\u00a0<\/span><\/b><i><span lang=\"ES-CO\">\u00a0<\/span><\/i><span lang=\"ES-CO\">En los municipios de San Mart\u00edn de Loba, Magangu\u00e9, R\u00edo Viejo, San Sebasti\u00e1n de Morales, Simit\u00ed, San Pablo y Santa Rosa del departamento de Bol\u00edvar, fueron atendidas 802 v\u00edctimas del conflicto armado colombiano, principalmente de\u00a0<\/span><span lang=\"ES-CO\">la estructura paramilitar del\u00a0<b>Bloque Central Bol\u00edvar (BCB)<\/b>\u00a0que tuvo injerencia en la regi\u00f3n.\u00a0<\/span><span lang=\"ES-CO\">\u00a0<\/span>\n<div class=\"mceTemp\"><img loading=\"lazy\" decoding=\"async\" class=\"wp-image-234421 size-full\" src=\"https:\/\/www.fiscalia.gov.co\/colombia\/wp-content\/uploads\/Jornada-sur-Bol\u00edvar-Justicia-Transicional.jpeg\" alt=\"\" width=\"1599\" height=\"1200\" srcset=\"https:\/\/www.fiscalia.gov.co\/colombia\/wp-content\/uploads\/Jornada-sur-Bol\u00edvar-Justicia-Transicional.jpeg 1599w, https:\/\/www.fiscalia.gov.co\/colombia\/wp-content\/uploads\/Jornada-sur-Bol\u00edvar-Justicia-Transicional-300x225.jpeg 300w, https:\/\/www.fiscalia.gov.co\/colombia\/wp-content\/uploads\/Jornada-sur-Bol\u00edvar-Justicia-Transicional-1024x768.jpeg 1024w, https:\/\/www.fiscalia.gov.co\/colombia\/wp-content\/uploads\/Jornada-sur-Bol\u00edvar-Justicia-Transicional-768x576.jpeg 768w, https:\/\/www.fiscalia.gov.co\/colombia\/wp-content\/uploads\/Jornada-sur-Bol\u00edvar-Justicia-Transicional-1536x1153.jpeg 1536w, https:\/\/www.fiscalia.gov.co\/colombia\/wp-content\/uploads\/Jornada-sur-Bol\u00edvar-Justicia-Transicional-696x522.jpeg 696w, https:\/\/www.fiscalia.gov.co\/colombia\/wp-content\/uploads\/Jornada-sur-Bol\u00edvar-Justicia-Transicional-1068x802.jpeg 1068w, https:\/\/www.fiscalia.gov.co\/colombia\/wp-content\/uploads\/Jornada-sur-Bol\u00edvar-Justicia-Transicional-560x420.jpeg 560w, https:\/\/www.fiscalia.gov.co\/colombia\/wp-content\/uploads\/Jornada-sur-Bol\u00edvar-Justicia-Transicional-80x60.jpeg 80w, https:\/\/www.fiscalia.gov.co\/colombia\/wp-content\/uploads\/Jornada-sur-Bol\u00edvar-Justicia-Transicional-265x198.jpeg 265w\" sizes=\"auto, (max-width: 1599px) 100vw, 1599px\" \/><\/div>\n<p><span lang=\"ES-CO\">Asimismo, en desarrollo de la actividad, se tomaron muestras biol\u00f3gicas para cotejos de ADN, se realizaron entrevistas y se brind\u00f3 atenci\u00f3n psicosocial a los familiares de las v\u00edctimas, adem\u00e1s de alimentar y actualizar los sistemas de informaci\u00f3n de la entidad, as\u00ed como el Sistema de Informaci\u00f3n Red de Desaparecidos y Cad\u00e1veres <b>(Sirdec<\/b>).\u00a0<\/span><\/li>\n<li><b><span lang=\"ES-CO\">Atenci\u00f3n a v\u00edctimas del Frente Patriotas de M\u00e1laga\u00a0<\/span><\/b><b><span lang=\"ES-CO\">\u00a0<\/span><\/b><span lang=\"ES-CO\">Finalmente, en el Polideportivo El Camell\u00f3n del municipio de M\u00e1laga (Santander), la Direcci\u00f3n de Justicia Transicional adelant\u00f3 una<\/span><span lang=\"ES-CO\">\u00a0jornada integral de orientaci\u00f3n a 227 v\u00edctimas\u00a0<\/span><span lang=\"ES-CO\">de acciones delictivas de miembros de la estructura paramilitar del\u00a0<b>Bloque Central Bol\u00edvar &#8211; Frente Patriotas de M\u00e1laga<\/b><\/span><span lang=\"ES-CO\">\u00a0con injerencia en la provincia de Garc\u00eda Rovira (Santander), y sobre algunos hechos cometidos por miembros del ELN y las Farc.<\/span><span lang=\"ES-CO\">\u00a0<\/span><\/li>\n<\/ul>\n<figure id=\"attachment_234422\" aria-describedby=\"caption-attachment-234422\" style=\"width: 1280px\" class=\"wp-caption alignnone\"><img loading=\"lazy\" decoding=\"async\" class=\"size-full wp-image-234422\" src=\"https:\/\/www.fiscalia.gov.co\/colombia\/wp-content\/uploads\/Jornada-atenci\u00f3n-M\u00e1laga-Santander.jpeg\" alt=\"\" width=\"1280\" height=\"960\" srcset=\"https:\/\/www.fiscalia.gov.co\/colombia\/wp-content\/uploads\/Jornada-atenci\u00f3n-M\u00e1laga-Santander.jpeg 1280w, https:\/\/www.fiscalia.gov.co\/colombia\/wp-content\/uploads\/Jornada-atenci\u00f3n-M\u00e1laga-Santander-300x225.jpeg 300w, https:\/\/www.fiscalia.gov.co\/colombia\/wp-content\/uploads\/Jornada-atenci\u00f3n-M\u00e1laga-Santander-1024x768.jpeg 1024w, https:\/\/www.fiscalia.gov.co\/colombia\/wp-content\/uploads\/Jornada-atenci\u00f3n-M\u00e1laga-Santander-768x576.jpeg 768w, https:\/\/www.fiscalia.gov.co\/colombia\/wp-content\/uploads\/Jornada-atenci\u00f3n-M\u00e1laga-Santander-696x522.jpeg 696w, https:\/\/www.fiscalia.gov.co\/colombia\/wp-content\/uploads\/Jornada-atenci\u00f3n-M\u00e1laga-Santander-1068x801.jpeg 1068w, https:\/\/www.fiscalia.gov.co\/colombia\/wp-content\/uploads\/Jornada-atenci\u00f3n-M\u00e1laga-Santander-560x420.jpeg 560w, https:\/\/www.fiscalia.gov.co\/colombia\/wp-content\/uploads\/Jornada-atenci\u00f3n-M\u00e1laga-Santander-80x60.jpeg 80w, https:\/\/www.fiscalia.gov.co\/colombia\/wp-content\/uploads\/Jornada-atenci\u00f3n-M\u00e1laga-Santander-265x198.jpeg 265w\" sizes=\"auto, (max-width: 1280px) 100vw, 1280px\" \/><figcaption id=\"caption-attachment-234422\" class=\"wp-caption-text\">En el Polideportivo El Camell\u00f3n del municipio de M\u00e1laga (Santander), la Direcci\u00f3n de Justicia Transicional adelant\u00f3 una jornada integral de orientaci\u00f3n a 227 v\u00edctimas.<\/figcaption><\/figure>\n<p><span lang=\"ES-CO\">Por otra parte, <\/span><span lang=\"ES-CO\">fiscales del\u00a0<b>Grupo de documentaci\u00f3n de hechos<\/b>\u00a0brindaron atenci\u00f3n a las personas que dieron a conocer casos relacionados con homicidio, desaparici\u00f3n forzada, desplazamiento forzado, violencia basada en g\u00e9nero, reclutamiento il\u00edcito, entre otras conductas punibles.\u00a0<\/span><\/p>\n<p><span lang=\"ES-CO\">Igualmente, los funcionarios les comunicaron a las v\u00edctimas si est\u00e1n incluidas en alguna de las sentencias proferidas por el Tribunal Superior \u2013 Salas de Justicia y Paz en contra de postulados desmovilizados de la extinta estructura paramilitar del Bloque Central Bol\u00edvar.<\/span><span lang=\"ES-CO\">\u00a0<\/span><\/p>\n<p><span lang=\"ES-CO\">En la diligencia, que cont\u00f3 con el apoyo de la\u00a0<\/span><span lang=\"ES-CO\">Unidad para la Atenci\u00f3n y Reparaci\u00f3n Integral a las V\u00edctimas (Uariv), el Instituto Colombiano de Bienestar Familiar (Icbf), la alcald\u00eda municipal y la Gobernaci\u00f3n de Santander, tambi\u00e9n se realizaron los procedimientos de toma de muestras biol\u00f3gicas para cotejo de ADN, recepci\u00f3n de denuncias y alimentaci\u00f3n de los respectivos sistemas de informaci\u00f3n sobre personas fallecidas y desaparecidas.\u00a0<\/span><\/p>\n<p><span lang=\"ES-CO\">Con estas jornadas, el ente acusador garantiza a las v\u00edctimas sus derechos a la verdad, la justicia, la reparaci\u00f3n y no repetici\u00f3n, en el marco de la Ley de Justicia y Paz.\u00a0<\/span><\/p>\n<p><b><span lang=\"ES-CO\">La Fiscal\u00eda habla con resultados\u00a0<\/span><\/b><\/p>\n<p><span lang=\"ES-CO\">DLBM\/SSR\/MRC\u00a0<\/span><\/p>\n<div>\n<p><b>Le puede interesar:\u00a0<\/b><a href=\"https:\/\/www.fiscalia.gov.co\/colombia\/noticias\/fiscalia-realizo-jornada-de-atencion-a-victimas-en-la-macarena-meta\/\" target=\"_blank\" rel=\"noopener noreferrer\" data-saferedirecturl=\"https:\/\/www.google.com\/url?q=https:\/\/www.fiscalia.gov.co\/colombia\/noticias\/fiscalia-realizo-jornada-de-atencion-a-victimas-en-la-macarena-meta\/&amp;source=gmail&amp;ust=1636637369700000&amp;usg=AFQjCNE6QLWPNqWzfYDkN6kRcrZn5_FcJQ\">Fiscal\u00eda realiz\u00f3 jornada de atenci\u00f3n a v\u00edctimas en la Macarena (Meta)<\/a><span lang=\"ES\">\u00a0<\/span><\/p>\n<\/div>\n<div><\/div>\n<\/div>\n<\/div>\n\n<div class=\"twitter-share\"><a href=\"https:\/\/twitter.com\/intent\/tweet?via=fiscaliacol\" class=\"twitter-share-button\">Tweet<\/a><\/div>\n","protected":false},"excerpt":{"rendered":"<p>Entre el 19 de octubre y el 5 de noviembre, funcionarios del Grupo interno de trabajo de b\u00fasqueda, identificaci\u00f3n y entrega de personas desaparecidas (Grube); del Grupo de documentaci\u00f3n de [&hellip;]<\/p>\n","protected":false},"author":176,"featured_media":0,"comment_status":"closed","ping_status":"open","sticky":false,"template":"","format":"standard","meta":{"tdm_status":"","tdm_grid_status":"","footnotes":""},"categories":[24101,1,321,303],"tags":[2077,36,24187,1047,24489,11906,518,1517],"class_list":["post-234419","post","type-post","status-publish","format-standard","category-justicia-transicional","category-noticias","category-seccional-bogota","category-seccionales","tag-bloque-calima","tag-bloque-central-bolivar","tag-fiscalia-colombia","tag-fiscalia-general-de-la-nacion","tag-grube","tag-jornada-de-atencion-a-victimas","tag-justicia-transicional","tag-paramilitares"],"yoast_head":"<!-- This site is optimized with the Yoast SEO plugin v24.3 - https:\/\/yoast.com\/wordpress\/plugins\/seo\/ -->\n<title>Fiscal\u00eda General de la Naci\u00f3n<\/title>\n<meta name=\"description\" content=\"P\u00e1gina oficial de la Fiscal\u00eda General de la Naci\u00f3n \u2013 Colombia. Garantizamos el acceso efectivo a la justicia, la verdad y la reparaci\u00f3n de las v\u00edctimas de los delitos.\" \/>\n<meta name=\"robots\" content=\"noindex, follow\" \/>\n<meta property=\"og:locale\" content=\"es_ES\" \/>\n<meta property=\"og:type\" content=\"article\" \/>\n<meta property=\"og:title\" content=\"Fiscal\u00eda General de la Naci\u00f3n\" \/>\n<meta property=\"og:description\" content=\"P\u00e1gina oficial de la Fiscal\u00eda General de la Naci\u00f3n \u2013 Colombia. Garantizamos el acceso efectivo a la justicia, la verdad y la reparaci\u00f3n de las v\u00edctimas de los delitos.\" \/>\n<meta property=\"og:url\" content=\"https:\/\/www.fiscalia.gov.co\/colombia\/noticias\/fiscalia-atendio-1-443-personas-en-jornadas-de-victimas-realizadas-en-9-municipios\/\" \/>\n<meta property=\"og:site_name\" content=\"Fiscal\u00eda General de la Naci\u00f3n\" \/>\n<meta property=\"article:publisher\" content=\"https:\/\/www.facebook.com\/FiscaliaCol\" \/>\n<meta property=\"article:published_time\" content=\"2021-11-10T13:40:49+00:00\" \/>\n<meta property=\"article:modified_time\" content=\"2021-11-10T13:42:39+00:00\" \/>\n<meta name=\"author\" content=\"Johanna Black Prieto Pe\u00f1a\" \/>\n<meta name=\"twitter:card\" content=\"summary_large_image\" \/>\n<meta name=\"twitter:creator\" content=\"@FiscaliaCol\" \/>\n<meta name=\"twitter:site\" content=\"@FiscaliaCol\" \/>\n<meta name=\"twitter:label1\" content=\"Escrito por\" \/>\n\t<meta name=\"twitter:data1\" content=\"Johanna Black Prieto Pe\u00f1a\" \/>\n\t<meta name=\"twitter:label2\" content=\"Tiempo de lectura\" \/>\n\t<meta name=\"twitter:data2\" content=\"4 minutos\" \/>\n<script type=\"application\/ld+json\" class=\"yoast-schema-graph\">{\"@context\":\"https:\/\/schema.org\",\"@graph\":[{\"@type\":\"Article\",\"@id\":\"https:\/\/www.fiscalia.gov.co\/colombia\/noticias\/fiscalia-atendio-1-443-personas-en-jornadas-de-victimas-realizadas-en-9-municipios\/#article\",\"isPartOf\":{\"@id\":\"https:\/\/www.fiscalia.gov.co\/colombia\/noticias\/fiscalia-atendio-1-443-personas-en-jornadas-de-victimas-realizadas-en-9-municipios\/\"},\"author\":{\"name\":\"Johanna Black Prieto Pe\u00f1a\",\"@id\":\"https:\/\/www.fiscalia.gov.co\/colombia\/#\/schema\/person\/b19b49f26569f91393176a2b3d13a0e5\"},\"headline\":\"Fiscal\u00eda atendi\u00f3 1.443 personas en jornadas de v\u00edctimas realizadas en 9 municipios\",\"datePublished\":\"2021-11-10T13:40:49+00:00\",\"dateModified\":\"2021-11-10T13:42:39+00:00\",\"mainEntityOfPage\":{\"@id\":\"https:\/\/www.fiscalia.gov.co\/colombia\/noticias\/fiscalia-atendio-1-443-personas-en-jornadas-de-victimas-realizadas-en-9-municipios\/\"},\"wordCount\":741,\"publisher\":{\"@id\":\"https:\/\/www.fiscalia.gov.co\/colombia\/#organization\"},\"keywords\":[\"Bloque Calima\",\"Bloque Central Bol\u00edvar\",\"Fiscal\u00eda Colombia\",\"Fiscal\u00eda General de la Naci\u00f3n\",\"Grube\",\"Jornada de atenci\u00f3n a v\u00edctimas\",\"Justicia transicional\",\"Paramilitares\"],\"articleSection\":[\"Justicia Transicional\",\"Noticias\",\"Seccional Bogot\u00e1\",\"Seccionales\"],\"inLanguage\":\"es-CO\"},{\"@type\":\"WebPage\",\"@id\":\"https:\/\/www.fiscalia.gov.co\/colombia\/noticias\/fiscalia-atendio-1-443-personas-en-jornadas-de-victimas-realizadas-en-9-municipios\/\",\"url\":\"https:\/\/www.fiscalia.gov.co\/colombia\/noticias\/fiscalia-atendio-1-443-personas-en-jornadas-de-victimas-realizadas-en-9-municipios\/\",\"name\":\"Fiscal\u00eda General de la Naci\u00f3n\",\"isPartOf\":{\"@id\":\"https:\/\/www.fiscalia.gov.co\/colombia\/#website\"},\"datePublished\":\"2021-11-10T13:40:49+00:00\",\"dateModified\":\"2021-11-10T13:42:39+00:00\",\"description\":\"P\u00e1gina oficial de la Fiscal\u00eda General de la Naci\u00f3n \u2013 Colombia. Garantizamos el acceso efectivo a la justicia, la verdad y la reparaci\u00f3n de las v\u00edctimas de los delitos.\",\"breadcrumb\":{\"@id\":\"https:\/\/www.fiscalia.gov.co\/colombia\/noticias\/fiscalia-atendio-1-443-personas-en-jornadas-de-victimas-realizadas-en-9-municipios\/#breadcrumb\"},\"inLanguage\":\"es-CO\",\"potentialAction\":[{\"@type\":\"ReadAction\",\"target\":[\"https:\/\/www.fiscalia.gov.co\/colombia\/noticias\/fiscalia-atendio-1-443-personas-en-jornadas-de-victimas-realizadas-en-9-municipios\/\"]}]},{\"@type\":\"BreadcrumbList\",\"@id\":\"https:\/\/www.fiscalia.gov.co\/colombia\/noticias\/fiscalia-atendio-1-443-personas-en-jornadas-de-victimas-realizadas-en-9-municipios\/#breadcrumb\",\"itemListElement\":[{\"@type\":\"ListItem\",\"position\":1,\"name\":\"Home\",\"item\":\"https:\/\/www.fiscalia.gov.co\/colombia\/\"},{\"@type\":\"ListItem\",\"position\":2,\"name\":\"Fiscal\u00eda atendi\u00f3 1.443 personas en jornadas de v\u00edctimas realizadas en 9 municipios\"}]},{\"@type\":\"WebSite\",\"@id\":\"https:\/\/www.fiscalia.gov.co\/colombia\/#website\",\"url\":\"https:\/\/www.fiscalia.gov.co\/colombia\/\",\"name\":\"Fiscal\u00eda General de la Naci\u00f3n\",\"description\":\"P\u00e1gina oficial de la Fiscal\u00eda General de la Naci\u00f3n \u2013 Colombia. Garantizamos el acceso efectivo a la justicia, la verdad y la reparaci\u00f3n de las v\u00edctimas de los delitos.\",\"publisher\":{\"@id\":\"https:\/\/www.fiscalia.gov.co\/colombia\/#organization\"},\"potentialAction\":[{\"@type\":\"SearchAction\",\"target\":{\"@type\":\"EntryPoint\",\"urlTemplate\":\"https:\/\/www.fiscalia.gov.co\/colombia\/?s={search_term_string}\"},\"query-input\":{\"@type\":\"PropertyValueSpecification\",\"valueRequired\":true,\"valueName\":\"search_term_string\"}}],\"inLanguage\":\"es-CO\"},{\"@type\":\"Organization\",\"@id\":\"https:\/\/www.fiscalia.gov.co\/colombia\/#organization\",\"name\":\"Fiscal\u00eda General de la Naci\u00f3n\",\"url\":\"https:\/\/www.fiscalia.gov.co\/colombia\/\",\"logo\":{\"@type\":\"ImageObject\",\"inLanguage\":\"es-CO\",\"@id\":\"https:\/\/www.fiscalia.gov.co\/colombia\/#\/schema\/logo\/image\/\",\"url\":\"https:\/\/www.fiscalia.gov.co\/colombia\/wp-content\/uploads\/LogoHorizontal_1.jpg\",\"contentUrl\":\"https:\/\/www.fiscalia.gov.co\/colombia\/wp-content\/uploads\/LogoHorizontal_1.jpg\",\"width\":300,\"height\":90,\"caption\":\"Fiscal\u00eda General de la Naci\u00f3n\"},\"image\":{\"@id\":\"https:\/\/www.fiscalia.gov.co\/colombia\/#\/schema\/logo\/image\/\"},\"sameAs\":[\"https:\/\/www.facebook.com\/FiscaliaCol\",\"https:\/\/x.com\/FiscaliaCol\",\"https:\/\/www.instagram.com\/fiscaliacol\",\"https:\/\/www.linkedin.com\/company\/fiscalia-general-de-la-naci-n\/\",\"https:\/\/youtube.com\/@fiscaliageneraldelanacion-4668?si=6nN79nyQICPU5iTh\"]},{\"@type\":\"Person\",\"@id\":\"https:\/\/www.fiscalia.gov.co\/colombia\/#\/schema\/person\/b19b49f26569f91393176a2b3d13a0e5\",\"name\":\"Johanna Black Prieto Pe\u00f1a\",\"image\":{\"@type\":\"ImageObject\",\"inLanguage\":\"es-CO\",\"@id\":\"https:\/\/www.fiscalia.gov.co\/colombia\/#\/schema\/person\/image\/\",\"url\":\"https:\/\/secure.gravatar.com\/avatar\/7f04518e1774335e76d761d76f04003e?s=96&d=mm&r=g\",\"contentUrl\":\"https:\/\/secure.gravatar.com\/avatar\/7f04518e1774335e76d761d76f04003e?s=96&d=mm&r=g\",\"caption\":\"Johanna Black Prieto Pe\u00f1a\"},\"url\":\"https:\/\/www.fiscalia.gov.co\/colombia\/author\/jprieto\/\"}]}<\/script>\n<!-- \/ Yoast SEO plugin. -->","yoast_head_json":{"title":"Fiscal\u00eda General de la Naci\u00f3n","description":"P\u00e1gina oficial de la Fiscal\u00eda General de la Naci\u00f3n \u2013 Colombia. Garantizamos el acceso efectivo a la justicia, la verdad y la reparaci\u00f3n de las v\u00edctimas de los delitos.","robots":{"index":"noindex","follow":"follow"},"og_locale":"es_ES","og_type":"article","og_title":"Fiscal\u00eda General de la Naci\u00f3n","og_description":"P\u00e1gina oficial de la Fiscal\u00eda General de la Naci\u00f3n \u2013 Colombia. Garantizamos el acceso efectivo a la justicia, la verdad y la reparaci\u00f3n de las v\u00edctimas de los delitos.","og_url":"https:\/\/www.fiscalia.gov.co\/colombia\/noticias\/fiscalia-atendio-1-443-personas-en-jornadas-de-victimas-realizadas-en-9-municipios\/","og_site_name":"Fiscal\u00eda General de la Naci\u00f3n","article_publisher":"https:\/\/www.facebook.com\/FiscaliaCol","article_published_time":"2021-11-10T13:40:49+00:00","article_modified_time":"2021-11-10T13:42:39+00:00","author":"Johanna Black Prieto Pe\u00f1a","twitter_card":"summary_large_image","twitter_creator":"@FiscaliaCol","twitter_site":"@FiscaliaCol","twitter_misc":{"Escrito por":"Johanna Black Prieto Pe\u00f1a","Tiempo de lectura":"4 minutos"},"schema":{"@context":"https:\/\/schema.org","@graph":[{"@type":"Article","@id":"https:\/\/www.fiscalia.gov.co\/colombia\/noticias\/fiscalia-atendio-1-443-personas-en-jornadas-de-victimas-realizadas-en-9-municipios\/#article","isPartOf":{"@id":"https:\/\/www.fiscalia.gov.co\/colombia\/noticias\/fiscalia-atendio-1-443-personas-en-jornadas-de-victimas-realizadas-en-9-municipios\/"},"author":{"name":"Johanna Black Prieto Pe\u00f1a","@id":"https:\/\/www.fiscalia.gov.co\/colombia\/#\/schema\/person\/b19b49f26569f91393176a2b3d13a0e5"},"headline":"Fiscal\u00eda atendi\u00f3 1.443 personas en jornadas de v\u00edctimas realizadas en 9 municipios","datePublished":"2021-11-10T13:40:49+00:00","dateModified":"2021-11-10T13:42:39+00:00","mainEntityOfPage":{"@id":"https:\/\/www.fiscalia.gov.co\/colombia\/noticias\/fiscalia-atendio-1-443-personas-en-jornadas-de-victimas-realizadas-en-9-municipios\/"},"wordCount":741,"publisher":{"@id":"https:\/\/www.fiscalia.gov.co\/colombia\/#organization"},"keywords":["Bloque Calima","Bloque Central Bol\u00edvar","Fiscal\u00eda Colombia","Fiscal\u00eda General de la Naci\u00f3n","Grube","Jornada de atenci\u00f3n a v\u00edctimas","Justicia transicional","Paramilitares"],"articleSection":["Justicia Transicional","Noticias","Seccional Bogot\u00e1","Seccionales"],"inLanguage":"es-CO"},{"@type":"WebPage","@id":"https:\/\/www.fiscalia.gov.co\/colombia\/noticias\/fiscalia-atendio-1-443-personas-en-jornadas-de-victimas-realizadas-en-9-municipios\/","url":"https:\/\/www.fiscalia.gov.co\/colombia\/noticias\/fiscalia-atendio-1-443-personas-en-jornadas-de-victimas-realizadas-en-9-municipios\/","name":"Fiscal\u00eda General de la Naci\u00f3n","isPartOf":{"@id":"https:\/\/www.fiscalia.gov.co\/colombia\/#website"},"datePublished":"2021-11-10T13:40:49+00:00","dateModified":"2021-11-10T13:42:39+00:00","description":"P\u00e1gina oficial de la Fiscal\u00eda General de la Naci\u00f3n \u2013 Colombia. Garantizamos el acceso efectivo a la justicia, la verdad y la reparaci\u00f3n de las v\u00edctimas de los delitos.","breadcrumb":{"@id":"https:\/\/www.fiscalia.gov.co\/colombia\/noticias\/fiscalia-atendio-1-443-personas-en-jornadas-de-victimas-realizadas-en-9-municipios\/#breadcrumb"},"inLanguage":"es-CO","potentialAction":[{"@type":"ReadAction","target":["https:\/\/www.fiscalia.gov.co\/colombia\/noticias\/fiscalia-atendio-1-443-personas-en-jornadas-de-victimas-realizadas-en-9-municipios\/"]}]},{"@type":"BreadcrumbList","@id":"https:\/\/www.fiscalia.gov.co\/colombia\/noticias\/fiscalia-atendio-1-443-personas-en-jornadas-de-victimas-realizadas-en-9-municipios\/#breadcrumb","itemListElement":[{"@type":"ListItem","position":1,"name":"Home","item":"https:\/\/www.fiscalia.gov.co\/colombia\/"},{"@type":"ListItem","position":2,"name":"Fiscal\u00eda atendi\u00f3 1.443 personas en jornadas de v\u00edctimas realizadas en 9 municipios"}]},{"@type":"WebSite","@id":"https:\/\/www.fiscalia.gov.co\/colombia\/#website","url":"https:\/\/www.fiscalia.gov.co\/colombia\/","name":"Fiscal\u00eda General de la Naci\u00f3n","description":"P\u00e1gina oficial de la Fiscal\u00eda General de la Naci\u00f3n \u2013 Colombia. Garantizamos el acceso efectivo a la justicia, la verdad y la reparaci\u00f3n de las v\u00edctimas de los delitos.","publisher":{"@id":"https:\/\/www.fiscalia.gov.co\/colombia\/#organization"},"potentialAction":[{"@type":"SearchAction","target":{"@type":"EntryPoint","urlTemplate":"https:\/\/www.fiscalia.gov.co\/colombia\/?s={search_term_string}"},"query-input":{"@type":"PropertyValueSpecification","valueRequired":true,"valueName":"search_term_string"}}],"inLanguage":"es-CO"},{"@type":"Organization","@id":"https:\/\/www.fiscalia.gov.co\/colombia\/#organization","name":"Fiscal\u00eda General de la Naci\u00f3n","url":"https:\/\/www.fiscalia.gov.co\/colombia\/","logo":{"@type":"ImageObject","inLanguage":"es-CO","@id":"https:\/\/www.fiscalia.gov.co\/colombia\/#\/schema\/logo\/image\/","url":"https:\/\/www.fiscalia.gov.co\/colombia\/wp-content\/uploads\/LogoHorizontal_1.jpg","contentUrl":"https:\/\/www.fiscalia.gov.co\/colombia\/wp-content\/uploads\/LogoHorizontal_1.jpg","width":300,"height":90,"caption":"Fiscal\u00eda General de la Naci\u00f3n"},"image":{"@id":"https:\/\/www.fiscalia.gov.co\/colombia\/#\/schema\/logo\/image\/"},"sameAs":["https:\/\/www.facebook.com\/FiscaliaCol","https:\/\/x.com\/FiscaliaCol","https:\/\/www.instagram.com\/fiscaliacol","https:\/\/www.linkedin.com\/company\/fiscalia-general-de-la-naci-n\/","https:\/\/youtube.com\/@fiscaliageneraldelanacion-4668?si=6nN79nyQICPU5iTh"]},{"@type":"Person","@id":"https:\/\/www.fiscalia.gov.co\/colombia\/#\/schema\/person\/b19b49f26569f91393176a2b3d13a0e5","name":"Johanna Black Prieto Pe\u00f1a","image":{"@type":"ImageObject","inLanguage":"es-CO","@id":"https:\/\/www.fiscalia.gov.co\/colombia\/#\/schema\/person\/image\/","url":"https:\/\/secure.gravatar.com\/avatar\/7f04518e1774335e76d761d76f04003e?s=96&d=mm&r=g","contentUrl":"https:\/\/secure.gravatar.com\/avatar\/7f04518e1774335e76d761d76f04003e?s=96&d=mm&r=g","caption":"Johanna Black Prieto Pe\u00f1a"},"url":"https:\/\/www.fiscalia.gov.co\/colombia\/author\/jprieto\/"}]}},"_links":{"self":[{"href":"https:\/\/www.fiscalia.gov.co\/colombia\/wp-json\/wp\/v2\/posts\/234419","targetHints":{"allow":["GET"]}}],"collection":[{"href":"https:\/\/www.fiscalia.gov.co\/colombia\/wp-json\/wp\/v2\/posts"}],"about":[{"href":"https:\/\/www.fiscalia.gov.co\/colombia\/wp-json\/wp\/v2\/types\/post"}],"author":[{"embeddable":true,"href":"https:\/\/www.fiscalia.gov.co\/colombia\/wp-json\/wp\/v2\/users\/176"}],"replies":[{"embeddable":true,"href":"https:\/\/www.fiscalia.gov.co\/colombia\/wp-json\/wp\/v2\/comments?post=234419"}],"version-history":[{"count":2,"href":"https:\/\/www.fiscalia.gov.co\/colombia\/wp-json\/wp\/v2\/posts\/234419\/revisions"}],"predecessor-version":[{"id":234425,"href":"https:\/\/www.fiscalia.gov.co\/colombia\/wp-json\/wp\/v2\/posts\/234419\/revisions\/234425"}],"wp:attachment":[{"href":"https:\/\/www.fiscalia.gov.co\/colombia\/wp-json\/wp\/v2\/media?parent=234419"}],"wp:term":[{"taxonomy":"category","embeddable":true,"href":"https:\/\/www.fiscalia.gov.co\/colombia\/wp-json\/wp\/v2\/categories?post=234419"},{"taxonomy":"post_tag","embeddable":true,"href":"https:\/\/www.fiscalia.gov.co\/colombia\/wp-json\/wp\/v2\/tags?post=234419"}],"curies":[{"name":"wp","href":"https:\/\/api.w.org\/{rel}","templated":true}]}}