{"id":234348,"date":"2021-11-09T13:25:35","date_gmt":"2021-11-09T18:25:35","guid":{"rendered":"https:\/\/www.fiscalia.gov.co\/colombia\/?p=234348"},"modified":"2021-11-09T13:25:35","modified_gmt":"2021-11-09T18:25:35","slug":"asegurados-3-presuntos-integrantes-de-la-banda-los-sim-sim-senalados-de-arrojar-estupefacientes-a-un-patio-de-la-carcel-de-ipiales-narino-para-su-distribucion-entre-los-reclusos","status":"publish","type":"post","link":"https:\/\/www.fiscalia.gov.co\/colombia\/noticias\/asegurados-3-presuntos-integrantes-de-la-banda-los-sim-sim-senalados-de-arrojar-estupefacientes-a-un-patio-de-la-carcel-de-ipiales-narino-para-su-distribucion-entre-los-reclusos\/","title":{"rendered":"Asegurados 3 presuntos integrantes de la banda Los Sim Sim, se\u00f1alados de arrojar estupefacientes a un patio de la c\u00e1rcel de Ipiales (Nari\u00f1o) para su distribuci\u00f3n entre los reclusos"},"content":{"rendered":"<p>Un fiscal de la Seccional Nari\u00f1o imput\u00f3 cargos contra <strong>Rub\u00e9n Dar\u00edo Revelo Pab\u00f3n y los hermanos Ana Milena y Diego Armando Yama Jativa,<\/strong> presuntos integrantes del grupo delincuencial <strong>Los Sim Sim<\/strong>, por su posible coautor\u00eda en el delito de fabricaci\u00f3n, tr\u00e1fico, y\u00a0<strong><a href=\"https:\/\/www.fiscalia.gov.co\/colombia\/noticias\/a-la-carcel-pareja-por-presunto-trafico-de-estupefacientes\/\">porte de estupefacientes<\/a><\/strong>, al cual no se allanaron.<\/p>\n<figure id=\"attachment_234349\" aria-describedby=\"caption-attachment-234349\" style=\"width: 696px\" class=\"wp-caption alignnone\"><img loading=\"lazy\" decoding=\"async\" class=\"size-large wp-image-234349\" src=\"https:\/\/www.fiscalia.gov.co\/colombia\/wp-content\/uploads\/Banda-los-Sim-Sim-tr\u00e1fico-estupefacientes-carcel-Ipiales-1024x721.jpeg\" alt=\"\" width=\"696\" height=\"490\" srcset=\"https:\/\/www.fiscalia.gov.co\/colombia\/wp-content\/uploads\/Banda-los-Sim-Sim-tr\u00e1fico-estupefacientes-carcel-Ipiales-1024x721.jpeg 1024w, https:\/\/www.fiscalia.gov.co\/colombia\/wp-content\/uploads\/Banda-los-Sim-Sim-tr\u00e1fico-estupefacientes-carcel-Ipiales-300x211.jpeg 300w, https:\/\/www.fiscalia.gov.co\/colombia\/wp-content\/uploads\/Banda-los-Sim-Sim-tr\u00e1fico-estupefacientes-carcel-Ipiales-768x541.jpeg 768w, https:\/\/www.fiscalia.gov.co\/colombia\/wp-content\/uploads\/Banda-los-Sim-Sim-tr\u00e1fico-estupefacientes-carcel-Ipiales-696x490.jpeg 696w, https:\/\/www.fiscalia.gov.co\/colombia\/wp-content\/uploads\/Banda-los-Sim-Sim-tr\u00e1fico-estupefacientes-carcel-Ipiales-1068x752.jpeg 1068w, https:\/\/www.fiscalia.gov.co\/colombia\/wp-content\/uploads\/Banda-los-Sim-Sim-tr\u00e1fico-estupefacientes-carcel-Ipiales-597x420.jpeg 597w, https:\/\/www.fiscalia.gov.co\/colombia\/wp-content\/uploads\/Banda-los-Sim-Sim-tr\u00e1fico-estupefacientes-carcel-Ipiales-100x70.jpeg 100w, https:\/\/www.fiscalia.gov.co\/colombia\/wp-content\/uploads\/Banda-los-Sim-Sim-tr\u00e1fico-estupefacientes-carcel-Ipiales.jpeg 1280w\" sizes=\"auto, (max-width: 696px) 100vw, 696px\" \/><figcaption id=\"caption-attachment-234349\" class=\"wp-caption-text\"><\/strong> <strong>Rub\u00e9n Dar\u00edo Revelo Pab\u00f3n, Ana Milena y su hermano Diego Armando Yama Jativa presuntamente abastec\u00edan las redes de distribuci\u00f3n y consumo de drogas en la c\u00e1rcel de Ipiales.<\/strong><\/figcaption><\/figure>\n<p>Durante las audiencias concentradas, el juez tercero penal de <strong>Ipiales (Nari\u00f1o)<\/strong> aval\u00f3 las evidencias y el material probatorio del ente investigador en contra de la estructura delictiva, y dict\u00f3 medida de aseguramiento consistente en <strong>detenci\u00f3n preventiva en establecimiento carcelario<\/strong> para los tres procesados.<\/p>\n<p>Seg\u00fan la investigaci\u00f3n adelantada durante seis meses por miembros de la polic\u00eda judicial <strong>Sij\u00edn<\/strong>, mediante actividades de vigilancia, interceptaci\u00f3n de l\u00edneas telef\u00f3nicas, los hoy procesados al parecer eran los encargados de ingresar marihuana, bazuco y coca\u00edna a la\u00a0<a href=\"https:\/\/www.fiscalia.gov.co\/colombia\/seccionales\/asegurado-por-arrojar-sustancias-alucinogenas-a-un-patio-de-la-carcel-de-ipiales-narino\/\">c\u00e1rcel de Ipiales<\/a>, lanz\u00e1ndola desde la parte externa a uno de los patios, donde redes de distribuci\u00f3n se encargaban de dosificarlas y comercializarlas entre los internos.<\/p>\n<p>Asimismo, se pudo establecer que los supuestos integrantes de la banda Los Sim Sim recib\u00edan una llamada telef\u00f3nica, para coordinar en qu\u00e9 momento pod\u00edan arrojar los paquetes de drogas y que los reclusos encargados los recogieran.<\/p>\n<p>Los hoy procesados fueron detenidos por uniformados de la <strong>Polic\u00eda Nacional<\/strong>, en cumplimiento de las \u00f3rdenes emitidas por un juez penal con control de garant\u00edas.\u00a0<strong>\u00a0<\/strong><\/p>\n<p>La Fiscal\u00eda habla con resultados.<\/p>\n<p>&nbsp;<\/p>\n<p>JGP\/LV\/DLBM.<\/p>\n<p>&nbsp;<\/p>\n<p><strong>Le puede interesar:<\/strong>\u00a0<strong><a href=\"https:\/\/www.fiscalia.gov.co\/colombia\/noticias\/judicializados-alcalde-de-el-charco-narino-y-el-asesor-financiero-de-la-administracion-municipal-por-presuntas-inconsistencias-en-contratacion\/\">Fiscal\u00eda desmantel\u00f3 la banda Los Lisos, dedicada al tr\u00e1fico y porte de estupefacientes en 4 sectores de Palmira<\/a><\/strong><\/p>\n<p>&nbsp;<\/p>\n<p><em>La informaci\u00f3n contenida en este bolet\u00edn de prensa corresponde a la narraci\u00f3n de los hechos noticiosos objetivos, suministrados por los funcionarios encargados de adelantar las investigaciones penales al interior de la Fiscal\u00eda General de la Naci\u00f3n. Para el momento de la divulgaci\u00f3n de este comunicado, la situaci\u00f3n jur\u00eddica de la(s) persona(s) relacionada(s) se encuentra pendiente de resolver por la autoridad judicial competente, siempre bajo los preceptos de la presunci\u00f3n de inocencia, consagrados en el art\u00edculo 29 de la Constituci\u00f3n Pol\u00edtica y el art\u00edculo 7\u00ba de la Ley 906 de 2004.\u00a0<\/em><strong>\u00a0<\/strong><\/p>\n\n<div class=\"twitter-share\"><a href=\"https:\/\/twitter.com\/intent\/tweet?via=fiscaliacol\" class=\"twitter-share-button\">Tweet<\/a><\/div>\n","protected":false},"excerpt":{"rendered":"<p>Un fiscal de la Seccional Nari\u00f1o imput\u00f3 cargos contra Rub\u00e9n Dar\u00edo Revelo Pab\u00f3n y los hermanos Ana Milena y Diego Armando Yama Jativa, presuntos integrantes del grupo delincuencial Los Sim [&hellip;]<\/p>\n","protected":false},"author":162,"featured_media":0,"comment_status":"closed","ping_status":"open","sticky":false,"template":"","format":"standard","meta":{"tdm_status":"","tdm_grid_status":"","footnotes":""},"categories":[1,334,303,24103],"tags":[29429,24526,24481,1047,12161],"class_list":["post-234348","post","type-post","status-publish","format-standard","category-noticias","category-seccional-pasto","category-seccionales","category-trafico-de-estupefacientes","tag-carcel-de-ipiales","tag-fiscal-general-francisco-barbosa-delgado","tag-fiscalia-de-colombia","tag-fiscalia-general-de-la-nacion","tag-porte-de-estupefacientes"],"yoast_head":"<!-- This site is optimized with the Yoast SEO plugin v24.3 - https:\/\/yoast.com\/wordpress\/plugins\/seo\/ -->\n<title>Fiscal\u00eda General de la Naci\u00f3n<\/title>\n<meta name=\"description\" content=\"P\u00e1gina oficial de la Fiscal\u00eda General de la Naci\u00f3n \u2013 Colombia. Garantizamos el acceso efectivo a la justicia, la verdad y la reparaci\u00f3n de las v\u00edctimas de los delitos.\" \/>\n<meta name=\"robots\" content=\"noindex, follow\" \/>\n<meta property=\"og:locale\" content=\"es_ES\" \/>\n<meta property=\"og:type\" content=\"article\" \/>\n<meta property=\"og:title\" content=\"Fiscal\u00eda General de la Naci\u00f3n\" \/>\n<meta property=\"og:description\" content=\"P\u00e1gina oficial de la Fiscal\u00eda General de la Naci\u00f3n \u2013 Colombia. Garantizamos el acceso efectivo a la justicia, la verdad y la reparaci\u00f3n de las v\u00edctimas de los delitos.\" \/>\n<meta property=\"og:url\" content=\"https:\/\/www.fiscalia.gov.co\/colombia\/noticias\/asegurados-3-presuntos-integrantes-de-la-banda-los-sim-sim-senalados-de-arrojar-estupefacientes-a-un-patio-de-la-carcel-de-ipiales-narino-para-su-distribucion-entre-los-reclusos\/\" \/>\n<meta property=\"og:site_name\" content=\"Fiscal\u00eda General de la Naci\u00f3n\" \/>\n<meta property=\"article:publisher\" content=\"https:\/\/www.facebook.com\/FiscaliaCol\" \/>\n<meta property=\"article:published_time\" content=\"2021-11-09T18:25:35+00:00\" \/>\n<meta name=\"author\" content=\"Direcci\u00f3n de Comunicaciones Fiscal\u00eda General de la Naci\u00f3n\" \/>\n<meta name=\"twitter:card\" content=\"summary_large_image\" \/>\n<meta name=\"twitter:creator\" content=\"@FiscaliaCol\" \/>\n<meta name=\"twitter:site\" content=\"@FiscaliaCol\" \/>\n<meta name=\"twitter:label1\" content=\"Escrito por\" \/>\n\t<meta name=\"twitter:data1\" content=\"Direcci\u00f3n de Comunicaciones Fiscal\u00eda General de la Naci\u00f3n\" \/>\n\t<meta name=\"twitter:label2\" content=\"Tiempo de lectura\" \/>\n\t<meta name=\"twitter:data2\" content=\"2 minutos\" \/>\n<script type=\"application\/ld+json\" class=\"yoast-schema-graph\">{\"@context\":\"https:\/\/schema.org\",\"@graph\":[{\"@type\":\"Article\",\"@id\":\"https:\/\/www.fiscalia.gov.co\/colombia\/noticias\/asegurados-3-presuntos-integrantes-de-la-banda-los-sim-sim-senalados-de-arrojar-estupefacientes-a-un-patio-de-la-carcel-de-ipiales-narino-para-su-distribucion-entre-los-reclusos\/#article\",\"isPartOf\":{\"@id\":\"https:\/\/www.fiscalia.gov.co\/colombia\/noticias\/asegurados-3-presuntos-integrantes-de-la-banda-los-sim-sim-senalados-de-arrojar-estupefacientes-a-un-patio-de-la-carcel-de-ipiales-narino-para-su-distribucion-entre-los-reclusos\/\"},\"author\":{\"name\":\"Direcci\u00f3n de Comunicaciones Fiscal\u00eda General de la Naci\u00f3n\",\"@id\":\"https:\/\/www.fiscalia.gov.co\/colombia\/#\/schema\/person\/bf28d8ae7f1b287bbe3af484b04f43ea\"},\"headline\":\"Asegurados 3 presuntos integrantes de la banda Los Sim Sim, se\u00f1alados de arrojar estupefacientes a un patio de la c\u00e1rcel de Ipiales (Nari\u00f1o) para su distribuci\u00f3n entre los reclusos\",\"datePublished\":\"2021-11-09T18:25:35+00:00\",\"dateModified\":\"2021-11-09T18:25:35+00:00\",\"mainEntityOfPage\":{\"@id\":\"https:\/\/www.fiscalia.gov.co\/colombia\/noticias\/asegurados-3-presuntos-integrantes-de-la-banda-los-sim-sim-senalados-de-arrojar-estupefacientes-a-un-patio-de-la-carcel-de-ipiales-narino-para-su-distribucion-entre-los-reclusos\/\"},\"wordCount\":452,\"publisher\":{\"@id\":\"https:\/\/www.fiscalia.gov.co\/colombia\/#organization\"},\"keywords\":[\"c\u00e1rcel de Ipiales\",\"Fiscal General Francisco Barbosa Delgado\",\"Fiscal\u00eda de Colombia\",\"Fiscal\u00eda General de la Naci\u00f3n\",\"Porte de estupefacientes\"],\"articleSection\":[\"Noticias\",\"Seccional Pasto\",\"Seccionales\",\"Tr\u00e1fico de estupefacientes\"],\"inLanguage\":\"es-CO\"},{\"@type\":\"WebPage\",\"@id\":\"https:\/\/www.fiscalia.gov.co\/colombia\/noticias\/asegurados-3-presuntos-integrantes-de-la-banda-los-sim-sim-senalados-de-arrojar-estupefacientes-a-un-patio-de-la-carcel-de-ipiales-narino-para-su-distribucion-entre-los-reclusos\/\",\"url\":\"https:\/\/www.fiscalia.gov.co\/colombia\/noticias\/asegurados-3-presuntos-integrantes-de-la-banda-los-sim-sim-senalados-de-arrojar-estupefacientes-a-un-patio-de-la-carcel-de-ipiales-narino-para-su-distribucion-entre-los-reclusos\/\",\"name\":\"Fiscal\u00eda General de la Naci\u00f3n\",\"isPartOf\":{\"@id\":\"https:\/\/www.fiscalia.gov.co\/colombia\/#website\"},\"datePublished\":\"2021-11-09T18:25:35+00:00\",\"dateModified\":\"2021-11-09T18:25:35+00:00\",\"description\":\"P\u00e1gina oficial de la Fiscal\u00eda General de la Naci\u00f3n \u2013 Colombia. Garantizamos el acceso efectivo a la justicia, la verdad y la reparaci\u00f3n de las v\u00edctimas de los delitos.\",\"breadcrumb\":{\"@id\":\"https:\/\/www.fiscalia.gov.co\/colombia\/noticias\/asegurados-3-presuntos-integrantes-de-la-banda-los-sim-sim-senalados-de-arrojar-estupefacientes-a-un-patio-de-la-carcel-de-ipiales-narino-para-su-distribucion-entre-los-reclusos\/#breadcrumb\"},\"inLanguage\":\"es-CO\",\"potentialAction\":[{\"@type\":\"ReadAction\",\"target\":[\"https:\/\/www.fiscalia.gov.co\/colombia\/noticias\/asegurados-3-presuntos-integrantes-de-la-banda-los-sim-sim-senalados-de-arrojar-estupefacientes-a-un-patio-de-la-carcel-de-ipiales-narino-para-su-distribucion-entre-los-reclusos\/\"]}]},{\"@type\":\"BreadcrumbList\",\"@id\":\"https:\/\/www.fiscalia.gov.co\/colombia\/noticias\/asegurados-3-presuntos-integrantes-de-la-banda-los-sim-sim-senalados-de-arrojar-estupefacientes-a-un-patio-de-la-carcel-de-ipiales-narino-para-su-distribucion-entre-los-reclusos\/#breadcrumb\",\"itemListElement\":[{\"@type\":\"ListItem\",\"position\":1,\"name\":\"Home\",\"item\":\"https:\/\/www.fiscalia.gov.co\/colombia\/\"},{\"@type\":\"ListItem\",\"position\":2,\"name\":\"Asegurados 3 presuntos integrantes de la banda Los Sim Sim, se\u00f1alados de arrojar estupefacientes a un patio de la c\u00e1rcel de Ipiales (Nari\u00f1o) para su distribuci\u00f3n entre los reclusos\"}]},{\"@type\":\"WebSite\",\"@id\":\"https:\/\/www.fiscalia.gov.co\/colombia\/#website\",\"url\":\"https:\/\/www.fiscalia.gov.co\/colombia\/\",\"name\":\"Fiscal\u00eda General de la Naci\u00f3n\",\"description\":\"P\u00e1gina oficial de la Fiscal\u00eda General de la Naci\u00f3n \u2013 Colombia. Garantizamos el acceso efectivo a la justicia, la verdad y la reparaci\u00f3n de las v\u00edctimas de los delitos.\",\"publisher\":{\"@id\":\"https:\/\/www.fiscalia.gov.co\/colombia\/#organization\"},\"potentialAction\":[{\"@type\":\"SearchAction\",\"target\":{\"@type\":\"EntryPoint\",\"urlTemplate\":\"https:\/\/www.fiscalia.gov.co\/colombia\/?s={search_term_string}\"},\"query-input\":{\"@type\":\"PropertyValueSpecification\",\"valueRequired\":true,\"valueName\":\"search_term_string\"}}],\"inLanguage\":\"es-CO\"},{\"@type\":\"Organization\",\"@id\":\"https:\/\/www.fiscalia.gov.co\/colombia\/#organization\",\"name\":\"Fiscal\u00eda General de la Naci\u00f3n\",\"url\":\"https:\/\/www.fiscalia.gov.co\/colombia\/\",\"logo\":{\"@type\":\"ImageObject\",\"inLanguage\":\"es-CO\",\"@id\":\"https:\/\/www.fiscalia.gov.co\/colombia\/#\/schema\/logo\/image\/\",\"url\":\"https:\/\/www.fiscalia.gov.co\/colombia\/wp-content\/uploads\/LogoHorizontal_1.jpg\",\"contentUrl\":\"https:\/\/www.fiscalia.gov.co\/colombia\/wp-content\/uploads\/LogoHorizontal_1.jpg\",\"width\":300,\"height\":90,\"caption\":\"Fiscal\u00eda General de la Naci\u00f3n\"},\"image\":{\"@id\":\"https:\/\/www.fiscalia.gov.co\/colombia\/#\/schema\/logo\/image\/\"},\"sameAs\":[\"https:\/\/www.facebook.com\/FiscaliaCol\",\"https:\/\/x.com\/FiscaliaCol\",\"https:\/\/www.instagram.com\/fiscaliacol\",\"https:\/\/www.linkedin.com\/company\/fiscalia-general-de-la-naci-n\/\",\"https:\/\/youtube.com\/@fiscaliageneraldelanacion-4668?si=6nN79nyQICPU5iTh\"]},{\"@type\":\"Person\",\"@id\":\"https:\/\/www.fiscalia.gov.co\/colombia\/#\/schema\/person\/bf28d8ae7f1b287bbe3af484b04f43ea\",\"name\":\"Direcci\u00f3n de Comunicaciones Fiscal\u00eda General de la Naci\u00f3n\",\"image\":{\"@type\":\"ImageObject\",\"inLanguage\":\"es-CO\",\"@id\":\"https:\/\/www.fiscalia.gov.co\/colombia\/#\/schema\/person\/image\/\",\"url\":\"https:\/\/secure.gravatar.com\/avatar\/9d55ae161d32da16dbdd0b380c080a5f?s=96&d=mm&r=g\",\"contentUrl\":\"https:\/\/secure.gravatar.com\/avatar\/9d55ae161d32da16dbdd0b380c080a5f?s=96&d=mm&r=g\",\"caption\":\"Direcci\u00f3n de Comunicaciones Fiscal\u00eda General de la Naci\u00f3n\"},\"url\":\"https:\/\/www.fiscalia.gov.co\/colombia\/author\/kbonilla\/\"}]}<\/script>\n<!-- \/ Yoast SEO plugin. -->","yoast_head_json":{"title":"Fiscal\u00eda General de la Naci\u00f3n","description":"P\u00e1gina oficial de la Fiscal\u00eda General de la Naci\u00f3n \u2013 Colombia. Garantizamos el acceso efectivo a la justicia, la verdad y la reparaci\u00f3n de las v\u00edctimas de los delitos.","robots":{"index":"noindex","follow":"follow"},"og_locale":"es_ES","og_type":"article","og_title":"Fiscal\u00eda General de la Naci\u00f3n","og_description":"P\u00e1gina oficial de la Fiscal\u00eda General de la Naci\u00f3n \u2013 Colombia. Garantizamos el acceso efectivo a la justicia, la verdad y la reparaci\u00f3n de las v\u00edctimas de los delitos.","og_url":"https:\/\/www.fiscalia.gov.co\/colombia\/noticias\/asegurados-3-presuntos-integrantes-de-la-banda-los-sim-sim-senalados-de-arrojar-estupefacientes-a-un-patio-de-la-carcel-de-ipiales-narino-para-su-distribucion-entre-los-reclusos\/","og_site_name":"Fiscal\u00eda General de la Naci\u00f3n","article_publisher":"https:\/\/www.facebook.com\/FiscaliaCol","article_published_time":"2021-11-09T18:25:35+00:00","author":"Direcci\u00f3n de Comunicaciones Fiscal\u00eda General de la Naci\u00f3n","twitter_card":"summary_large_image","twitter_creator":"@FiscaliaCol","twitter_site":"@FiscaliaCol","twitter_misc":{"Escrito por":"Direcci\u00f3n de Comunicaciones Fiscal\u00eda General de la Naci\u00f3n","Tiempo de lectura":"2 minutos"},"schema":{"@context":"https:\/\/schema.org","@graph":[{"@type":"Article","@id":"https:\/\/www.fiscalia.gov.co\/colombia\/noticias\/asegurados-3-presuntos-integrantes-de-la-banda-los-sim-sim-senalados-de-arrojar-estupefacientes-a-un-patio-de-la-carcel-de-ipiales-narino-para-su-distribucion-entre-los-reclusos\/#article","isPartOf":{"@id":"https:\/\/www.fiscalia.gov.co\/colombia\/noticias\/asegurados-3-presuntos-integrantes-de-la-banda-los-sim-sim-senalados-de-arrojar-estupefacientes-a-un-patio-de-la-carcel-de-ipiales-narino-para-su-distribucion-entre-los-reclusos\/"},"author":{"name":"Direcci\u00f3n de Comunicaciones Fiscal\u00eda General de la Naci\u00f3n","@id":"https:\/\/www.fiscalia.gov.co\/colombia\/#\/schema\/person\/bf28d8ae7f1b287bbe3af484b04f43ea"},"headline":"Asegurados 3 presuntos integrantes de la banda Los Sim Sim, se\u00f1alados de arrojar estupefacientes a un patio de la c\u00e1rcel de Ipiales (Nari\u00f1o) para su distribuci\u00f3n entre los reclusos","datePublished":"2021-11-09T18:25:35+00:00","dateModified":"2021-11-09T18:25:35+00:00","mainEntityOfPage":{"@id":"https:\/\/www.fiscalia.gov.co\/colombia\/noticias\/asegurados-3-presuntos-integrantes-de-la-banda-los-sim-sim-senalados-de-arrojar-estupefacientes-a-un-patio-de-la-carcel-de-ipiales-narino-para-su-distribucion-entre-los-reclusos\/"},"wordCount":452,"publisher":{"@id":"https:\/\/www.fiscalia.gov.co\/colombia\/#organization"},"keywords":["c\u00e1rcel de Ipiales","Fiscal General Francisco Barbosa Delgado","Fiscal\u00eda de Colombia","Fiscal\u00eda General de la Naci\u00f3n","Porte de estupefacientes"],"articleSection":["Noticias","Seccional Pasto","Seccionales","Tr\u00e1fico de estupefacientes"],"inLanguage":"es-CO"},{"@type":"WebPage","@id":"https:\/\/www.fiscalia.gov.co\/colombia\/noticias\/asegurados-3-presuntos-integrantes-de-la-banda-los-sim-sim-senalados-de-arrojar-estupefacientes-a-un-patio-de-la-carcel-de-ipiales-narino-para-su-distribucion-entre-los-reclusos\/","url":"https:\/\/www.fiscalia.gov.co\/colombia\/noticias\/asegurados-3-presuntos-integrantes-de-la-banda-los-sim-sim-senalados-de-arrojar-estupefacientes-a-un-patio-de-la-carcel-de-ipiales-narino-para-su-distribucion-entre-los-reclusos\/","name":"Fiscal\u00eda General de la Naci\u00f3n","isPartOf":{"@id":"https:\/\/www.fiscalia.gov.co\/colombia\/#website"},"datePublished":"2021-11-09T18:25:35+00:00","dateModified":"2021-11-09T18:25:35+00:00","description":"P\u00e1gina oficial de la Fiscal\u00eda General de la Naci\u00f3n \u2013 Colombia. Garantizamos el acceso efectivo a la justicia, la verdad y la reparaci\u00f3n de las v\u00edctimas de los delitos.","breadcrumb":{"@id":"https:\/\/www.fiscalia.gov.co\/colombia\/noticias\/asegurados-3-presuntos-integrantes-de-la-banda-los-sim-sim-senalados-de-arrojar-estupefacientes-a-un-patio-de-la-carcel-de-ipiales-narino-para-su-distribucion-entre-los-reclusos\/#breadcrumb"},"inLanguage":"es-CO","potentialAction":[{"@type":"ReadAction","target":["https:\/\/www.fiscalia.gov.co\/colombia\/noticias\/asegurados-3-presuntos-integrantes-de-la-banda-los-sim-sim-senalados-de-arrojar-estupefacientes-a-un-patio-de-la-carcel-de-ipiales-narino-para-su-distribucion-entre-los-reclusos\/"]}]},{"@type":"BreadcrumbList","@id":"https:\/\/www.fiscalia.gov.co\/colombia\/noticias\/asegurados-3-presuntos-integrantes-de-la-banda-los-sim-sim-senalados-de-arrojar-estupefacientes-a-un-patio-de-la-carcel-de-ipiales-narino-para-su-distribucion-entre-los-reclusos\/#breadcrumb","itemListElement":[{"@type":"ListItem","position":1,"name":"Home","item":"https:\/\/www.fiscalia.gov.co\/colombia\/"},{"@type":"ListItem","position":2,"name":"Asegurados 3 presuntos integrantes de la banda Los Sim Sim, se\u00f1alados de arrojar estupefacientes a un patio de la c\u00e1rcel de Ipiales (Nari\u00f1o) para su distribuci\u00f3n entre los reclusos"}]},{"@type":"WebSite","@id":"https:\/\/www.fiscalia.gov.co\/colombia\/#website","url":"https:\/\/www.fiscalia.gov.co\/colombia\/","name":"Fiscal\u00eda General de la Naci\u00f3n","description":"P\u00e1gina oficial de la Fiscal\u00eda General de la Naci\u00f3n \u2013 Colombia. Garantizamos el acceso efectivo a la justicia, la verdad y la reparaci\u00f3n de las v\u00edctimas de los delitos.","publisher":{"@id":"https:\/\/www.fiscalia.gov.co\/colombia\/#organization"},"potentialAction":[{"@type":"SearchAction","target":{"@type":"EntryPoint","urlTemplate":"https:\/\/www.fiscalia.gov.co\/colombia\/?s={search_term_string}"},"query-input":{"@type":"PropertyValueSpecification","valueRequired":true,"valueName":"search_term_string"}}],"inLanguage":"es-CO"},{"@type":"Organization","@id":"https:\/\/www.fiscalia.gov.co\/colombia\/#organization","name":"Fiscal\u00eda General de la Naci\u00f3n","url":"https:\/\/www.fiscalia.gov.co\/colombia\/","logo":{"@type":"ImageObject","inLanguage":"es-CO","@id":"https:\/\/www.fiscalia.gov.co\/colombia\/#\/schema\/logo\/image\/","url":"https:\/\/www.fiscalia.gov.co\/colombia\/wp-content\/uploads\/LogoHorizontal_1.jpg","contentUrl":"https:\/\/www.fiscalia.gov.co\/colombia\/wp-content\/uploads\/LogoHorizontal_1.jpg","width":300,"height":90,"caption":"Fiscal\u00eda General de la Naci\u00f3n"},"image":{"@id":"https:\/\/www.fiscalia.gov.co\/colombia\/#\/schema\/logo\/image\/"},"sameAs":["https:\/\/www.facebook.com\/FiscaliaCol","https:\/\/x.com\/FiscaliaCol","https:\/\/www.instagram.com\/fiscaliacol","https:\/\/www.linkedin.com\/company\/fiscalia-general-de-la-naci-n\/","https:\/\/youtube.com\/@fiscaliageneraldelanacion-4668?si=6nN79nyQICPU5iTh"]},{"@type":"Person","@id":"https:\/\/www.fiscalia.gov.co\/colombia\/#\/schema\/person\/bf28d8ae7f1b287bbe3af484b04f43ea","name":"Direcci\u00f3n de Comunicaciones Fiscal\u00eda General de la Naci\u00f3n","image":{"@type":"ImageObject","inLanguage":"es-CO","@id":"https:\/\/www.fiscalia.gov.co\/colombia\/#\/schema\/person\/image\/","url":"https:\/\/secure.gravatar.com\/avatar\/9d55ae161d32da16dbdd0b380c080a5f?s=96&d=mm&r=g","contentUrl":"https:\/\/secure.gravatar.com\/avatar\/9d55ae161d32da16dbdd0b380c080a5f?s=96&d=mm&r=g","caption":"Direcci\u00f3n de Comunicaciones Fiscal\u00eda General de la Naci\u00f3n"},"url":"https:\/\/www.fiscalia.gov.co\/colombia\/author\/kbonilla\/"}]}},"_links":{"self":[{"href":"https:\/\/www.fiscalia.gov.co\/colombia\/wp-json\/wp\/v2\/posts\/234348","targetHints":{"allow":["GET"]}}],"collection":[{"href":"https:\/\/www.fiscalia.gov.co\/colombia\/wp-json\/wp\/v2\/posts"}],"about":[{"href":"https:\/\/www.fiscalia.gov.co\/colombia\/wp-json\/wp\/v2\/types\/post"}],"author":[{"embeddable":true,"href":"https:\/\/www.fiscalia.gov.co\/colombia\/wp-json\/wp\/v2\/users\/162"}],"replies":[{"embeddable":true,"href":"https:\/\/www.fiscalia.gov.co\/colombia\/wp-json\/wp\/v2\/comments?post=234348"}],"version-history":[{"count":1,"href":"https:\/\/www.fiscalia.gov.co\/colombia\/wp-json\/wp\/v2\/posts\/234348\/revisions"}],"predecessor-version":[{"id":234350,"href":"https:\/\/www.fiscalia.gov.co\/colombia\/wp-json\/wp\/v2\/posts\/234348\/revisions\/234350"}],"wp:attachment":[{"href":"https:\/\/www.fiscalia.gov.co\/colombia\/wp-json\/wp\/v2\/media?parent=234348"}],"wp:term":[{"taxonomy":"category","embeddable":true,"href":"https:\/\/www.fiscalia.gov.co\/colombia\/wp-json\/wp\/v2\/categories?post=234348"},{"taxonomy":"post_tag","embeddable":true,"href":"https:\/\/www.fiscalia.gov.co\/colombia\/wp-json\/wp\/v2\/tags?post=234348"}],"curies":[{"name":"wp","href":"https:\/\/api.w.org\/{rel}","templated":true}]}}