{"id":234285,"date":"2021-11-09T07:45:12","date_gmt":"2021-11-09T12:45:12","guid":{"rendered":"https:\/\/www.fiscalia.gov.co\/colombia\/?p=234285"},"modified":"2021-11-19T17:57:10","modified_gmt":"2021-11-19T22:57:10","slug":"fiscalia-impuso-medidas-cautelares-sobre-30-bienes-que-pertenecerian-a-alias-dona-ana-presunta-jefe-de-finanzas-del-eln","status":"publish","type":"post","link":"https:\/\/www.fiscalia.gov.co\/colombia\/noticias\/fiscalia-impuso-medidas-cautelares-sobre-30-bienes-que-pertenecerian-a-alias-dona-ana-presunta-jefe-de-finanzas-del-eln\/","title":{"rendered":"Fiscal\u00eda impuso medidas cautelares sobre 30 bienes que pertenecer\u00edan a alias Do\u00f1a Ana, presunta jefe de finanzas del ELN"},"content":{"rendered":"<p>En desarrollo de la estrategia Argenta, dispuesta para impactar con contundencia las finanzas de organizaciones criminales, la Direcci\u00f3n Especializada de Extinci\u00f3n del Derecho de Dominio y la Sij\u00edn de la Polic\u00eda Nacional (Cauca) y el Ej\u00e9rcito Nacional, afectaron con medidas cautelares 30 bienes que habr\u00edan sido adquiridos con dineros producto de delitos como secuestro, extorsi\u00f3n y tr\u00e1fico de estupefacientes.<\/p>\n<p>Se trata de 12 bienes entre muebles e inmuebles; 2 establecimientos de comercio y 16 veh\u00edculos ubicados en Cauca, Valle del Cauca, Cundinamarca, Meta, Antioquia y Bogot\u00e1. Los activos est\u00e1n avaluados en cerca de 3.300 millones de pesos.<\/p>\n<p>Labores de polic\u00eda judicial evidenciaron c\u00f3mo los activos afectados con las medidas cautelares de suspensi\u00f3n del\u00a0 poder dispositivo, embargo, secuestro y toma de posesi\u00f3n estaban en cabeza de Ana Milena Fl\u00f3rez, alias Do\u00f1a Ana, presunta jefe de finanzas del Frente Jos\u00e9 Mar\u00eda Becerra del ELN que delinque en el departamento del Cauca.<\/p>\n<p>El 28 de agosto de 2021 \u2018Do\u00f1a Ana\u2019 fue capturada con fines de extradici\u00f3n, pues es requerida por\u00a0 una corte de Estados Unidos por el presunto env\u00edo de estupefacientes a ese pa\u00eds. Esta mujer ser\u00eda la encargada de adelantar las conexiones con carteles de narcotr\u00e1fico en M\u00e9xico; y coordinar la compra de fusiles y granadas que ser\u00edan usados en contra de la fuerza p\u00fablica.<\/p>\n<p>Los bienes fueron entregados a la Sociedad de Activos Especiales (SAE) para su administraci\u00f3n.<\/p>\n<p>La Fiscal\u00eda publica esta informaci\u00f3n por razones de inter\u00e9s general.<\/p>\n<p>La Fiscal\u00eda habla con resultados.<\/p>\n<p>MAGA\/DLBM\/LPDS\/MRC.<\/p>\n<p><em>La informaci\u00f3n contenida en este bolet\u00edn de prensa corresponde a la narraci\u00f3n de los hechos noticiosos objetivos, suministrados por los funcionarios encargados de adelantar las investigaciones penales al interior de la Fiscal\u00eda General de la Naci\u00f3n. Para el momento de la divulgaci\u00f3n de este comunicado, la situaci\u00f3n jur\u00eddica de la(s) persona(s) relacionada(s) se encuentra pendiente de resolver por la autoridad judicial competente, siempre bajo los preceptos de la presunci\u00f3n de inocencia, consagrados en el art\u00edculo 29 de la Constituci\u00f3n Pol\u00edtica y el art\u00edculo 7\u00ba de la Ley 906 de 2004.<\/em><\/p>\n\n<div class=\"twitter-share\"><a href=\"https:\/\/twitter.com\/intent\/tweet?via=fiscaliacol\" class=\"twitter-share-button\">Tweet<\/a><\/div>\n","protected":false},"excerpt":{"rendered":"<p>En desarrollo de la estrategia Argenta, dispuesta para impactar con contundencia las finanzas de organizaciones criminales, la Direcci\u00f3n Especializada de Extinci\u00f3n del Derecho de Dominio y la Sij\u00edn de la [&hellip;]<\/p>\n","protected":false},"author":176,"featured_media":235196,"comment_status":"closed","ping_status":"open","sticky":false,"template":"","format":"video","meta":{"tdm_status":"","tdm_grid_status":"","footnotes":""},"categories":[1,321,303],"tags":[3393,25743,24475,558,20476],"class_list":["post-234285","post","type-post","status-publish","format-video","has-post-thumbnail","category-noticias","category-seccional-bogota","category-seccionales","tag-ejercito-nacional","tag-estrategia-argenta","tag-extincion-del-derecho-de-dominio","tag-policia-nacional","tag-sijin","post_format-post-format-video"],"yoast_head":"<!-- This site is optimized with the Yoast SEO plugin v24.3 - https:\/\/yoast.com\/wordpress\/plugins\/seo\/ -->\n<title>Fiscal\u00eda General de la Naci\u00f3n<\/title>\n<meta name=\"description\" content=\"P\u00e1gina oficial de la Fiscal\u00eda General de la Naci\u00f3n \u2013 Colombia. Garantizamos el acceso efectivo a la justicia, la verdad y la reparaci\u00f3n de las v\u00edctimas de los delitos.\" \/>\n<meta name=\"robots\" content=\"noindex, follow\" \/>\n<meta property=\"og:locale\" content=\"es_ES\" \/>\n<meta property=\"og:type\" content=\"article\" \/>\n<meta property=\"og:title\" content=\"Fiscal\u00eda General de la Naci\u00f3n\" \/>\n<meta property=\"og:description\" content=\"P\u00e1gina oficial de la Fiscal\u00eda General de la Naci\u00f3n \u2013 Colombia. Garantizamos el acceso efectivo a la justicia, la verdad y la reparaci\u00f3n de las v\u00edctimas de los delitos.\" \/>\n<meta property=\"og:url\" content=\"https:\/\/www.fiscalia.gov.co\/colombia\/noticias\/fiscalia-impuso-medidas-cautelares-sobre-30-bienes-que-pertenecerian-a-alias-dona-ana-presunta-jefe-de-finanzas-del-eln\/\" \/>\n<meta property=\"og:site_name\" content=\"Fiscal\u00eda General de la Naci\u00f3n\" \/>\n<meta property=\"article:publisher\" content=\"https:\/\/www.facebook.com\/FiscaliaCol\" \/>\n<meta property=\"article:published_time\" content=\"2021-11-09T12:45:12+00:00\" \/>\n<meta property=\"article:modified_time\" content=\"2021-11-19T22:57:10+00:00\" \/>\n<meta property=\"og:image\" content=\"https:\/\/www.fiscalia.gov.co\/colombia\/wp-content\/uploads\/maxresdefault-178.jpg\" \/>\n\t<meta property=\"og:image:width\" content=\"1280\" \/>\n\t<meta property=\"og:image:height\" content=\"720\" \/>\n\t<meta property=\"og:image:type\" content=\"image\/jpeg\" \/>\n<meta name=\"author\" content=\"Johanna Black Prieto Pe\u00f1a\" \/>\n<meta name=\"twitter:card\" content=\"summary_large_image\" \/>\n<meta name=\"twitter:creator\" content=\"@FiscaliaCol\" \/>\n<meta name=\"twitter:site\" content=\"@FiscaliaCol\" \/>\n<meta name=\"twitter:label1\" content=\"Escrito por\" \/>\n\t<meta name=\"twitter:data1\" content=\"Johanna Black Prieto Pe\u00f1a\" \/>\n\t<meta name=\"twitter:label2\" content=\"Tiempo de lectura\" \/>\n\t<meta name=\"twitter:data2\" content=\"2 minutos\" \/>\n<script type=\"application\/ld+json\" class=\"yoast-schema-graph\">{\"@context\":\"https:\/\/schema.org\",\"@graph\":[{\"@type\":\"Article\",\"@id\":\"https:\/\/www.fiscalia.gov.co\/colombia\/noticias\/fiscalia-impuso-medidas-cautelares-sobre-30-bienes-que-pertenecerian-a-alias-dona-ana-presunta-jefe-de-finanzas-del-eln\/#article\",\"isPartOf\":{\"@id\":\"https:\/\/www.fiscalia.gov.co\/colombia\/noticias\/fiscalia-impuso-medidas-cautelares-sobre-30-bienes-que-pertenecerian-a-alias-dona-ana-presunta-jefe-de-finanzas-del-eln\/\"},\"author\":{\"name\":\"Johanna Black Prieto Pe\u00f1a\",\"@id\":\"https:\/\/www.fiscalia.gov.co\/colombia\/#\/schema\/person\/b19b49f26569f91393176a2b3d13a0e5\"},\"headline\":\"Fiscal\u00eda impuso medidas cautelares sobre 30 bienes que pertenecer\u00edan a alias Do\u00f1a Ana, presunta jefe de finanzas del ELN\",\"datePublished\":\"2021-11-09T12:45:12+00:00\",\"dateModified\":\"2021-11-19T22:57:10+00:00\",\"mainEntityOfPage\":{\"@id\":\"https:\/\/www.fiscalia.gov.co\/colombia\/noticias\/fiscalia-impuso-medidas-cautelares-sobre-30-bienes-que-pertenecerian-a-alias-dona-ana-presunta-jefe-de-finanzas-del-eln\/\"},\"wordCount\":393,\"publisher\":{\"@id\":\"https:\/\/www.fiscalia.gov.co\/colombia\/#organization\"},\"image\":{\"@id\":\"https:\/\/www.fiscalia.gov.co\/colombia\/noticias\/fiscalia-impuso-medidas-cautelares-sobre-30-bienes-que-pertenecerian-a-alias-dona-ana-presunta-jefe-de-finanzas-del-eln\/#primaryimage\"},\"thumbnailUrl\":\"https:\/\/www.fiscalia.gov.co\/colombia\/wp-content\/uploads\/maxresdefault-178.jpg\",\"keywords\":[\"Ej\u00e9rcito Nacional\",\"Estrategia Argenta\",\"extinci\u00f3n del derecho de dominio\",\"Polic\u00eda Nacional\",\"Sij\u00edn\"],\"articleSection\":[\"Noticias\",\"Seccional Bogot\u00e1\",\"Seccionales\"],\"inLanguage\":\"es-CO\"},{\"@type\":\"WebPage\",\"@id\":\"https:\/\/www.fiscalia.gov.co\/colombia\/noticias\/fiscalia-impuso-medidas-cautelares-sobre-30-bienes-que-pertenecerian-a-alias-dona-ana-presunta-jefe-de-finanzas-del-eln\/\",\"url\":\"https:\/\/www.fiscalia.gov.co\/colombia\/noticias\/fiscalia-impuso-medidas-cautelares-sobre-30-bienes-que-pertenecerian-a-alias-dona-ana-presunta-jefe-de-finanzas-del-eln\/\",\"name\":\"Fiscal\u00eda General de la Naci\u00f3n\",\"isPartOf\":{\"@id\":\"https:\/\/www.fiscalia.gov.co\/colombia\/#website\"},\"primaryImageOfPage\":{\"@id\":\"https:\/\/www.fiscalia.gov.co\/colombia\/noticias\/fiscalia-impuso-medidas-cautelares-sobre-30-bienes-que-pertenecerian-a-alias-dona-ana-presunta-jefe-de-finanzas-del-eln\/#primaryimage\"},\"image\":{\"@id\":\"https:\/\/www.fiscalia.gov.co\/colombia\/noticias\/fiscalia-impuso-medidas-cautelares-sobre-30-bienes-que-pertenecerian-a-alias-dona-ana-presunta-jefe-de-finanzas-del-eln\/#primaryimage\"},\"thumbnailUrl\":\"https:\/\/www.fiscalia.gov.co\/colombia\/wp-content\/uploads\/maxresdefault-178.jpg\",\"datePublished\":\"2021-11-09T12:45:12+00:00\",\"dateModified\":\"2021-11-19T22:57:10+00:00\",\"description\":\"P\u00e1gina oficial de la Fiscal\u00eda General de la Naci\u00f3n \u2013 Colombia. Garantizamos el acceso efectivo a la justicia, la verdad y la reparaci\u00f3n de las v\u00edctimas de los delitos.\",\"breadcrumb\":{\"@id\":\"https:\/\/www.fiscalia.gov.co\/colombia\/noticias\/fiscalia-impuso-medidas-cautelares-sobre-30-bienes-que-pertenecerian-a-alias-dona-ana-presunta-jefe-de-finanzas-del-eln\/#breadcrumb\"},\"inLanguage\":\"es-CO\",\"potentialAction\":[{\"@type\":\"ReadAction\",\"target\":[\"https:\/\/www.fiscalia.gov.co\/colombia\/noticias\/fiscalia-impuso-medidas-cautelares-sobre-30-bienes-que-pertenecerian-a-alias-dona-ana-presunta-jefe-de-finanzas-del-eln\/\"]}]},{\"@type\":\"ImageObject\",\"inLanguage\":\"es-CO\",\"@id\":\"https:\/\/www.fiscalia.gov.co\/colombia\/noticias\/fiscalia-impuso-medidas-cautelares-sobre-30-bienes-que-pertenecerian-a-alias-dona-ana-presunta-jefe-de-finanzas-del-eln\/#primaryimage\",\"url\":\"https:\/\/www.fiscalia.gov.co\/colombia\/wp-content\/uploads\/maxresdefault-178.jpg\",\"contentUrl\":\"https:\/\/www.fiscalia.gov.co\/colombia\/wp-content\/uploads\/maxresdefault-178.jpg\",\"width\":1280,\"height\":720},{\"@type\":\"BreadcrumbList\",\"@id\":\"https:\/\/www.fiscalia.gov.co\/colombia\/noticias\/fiscalia-impuso-medidas-cautelares-sobre-30-bienes-que-pertenecerian-a-alias-dona-ana-presunta-jefe-de-finanzas-del-eln\/#breadcrumb\",\"itemListElement\":[{\"@type\":\"ListItem\",\"position\":1,\"name\":\"Home\",\"item\":\"https:\/\/www.fiscalia.gov.co\/colombia\/\"},{\"@type\":\"ListItem\",\"position\":2,\"name\":\"Fiscal\u00eda impuso medidas cautelares sobre 30 bienes que pertenecer\u00edan a alias Do\u00f1a Ana, presunta jefe de finanzas del ELN\"}]},{\"@type\":\"WebSite\",\"@id\":\"https:\/\/www.fiscalia.gov.co\/colombia\/#website\",\"url\":\"https:\/\/www.fiscalia.gov.co\/colombia\/\",\"name\":\"Fiscal\u00eda General de la Naci\u00f3n\",\"description\":\"P\u00e1gina oficial de la Fiscal\u00eda General de la Naci\u00f3n \u2013 Colombia. Garantizamos el acceso efectivo a la justicia, la verdad y la reparaci\u00f3n de las v\u00edctimas de los delitos.\",\"publisher\":{\"@id\":\"https:\/\/www.fiscalia.gov.co\/colombia\/#organization\"},\"potentialAction\":[{\"@type\":\"SearchAction\",\"target\":{\"@type\":\"EntryPoint\",\"urlTemplate\":\"https:\/\/www.fiscalia.gov.co\/colombia\/?s={search_term_string}\"},\"query-input\":{\"@type\":\"PropertyValueSpecification\",\"valueRequired\":true,\"valueName\":\"search_term_string\"}}],\"inLanguage\":\"es-CO\"},{\"@type\":\"Organization\",\"@id\":\"https:\/\/www.fiscalia.gov.co\/colombia\/#organization\",\"name\":\"Fiscal\u00eda General de la Naci\u00f3n\",\"url\":\"https:\/\/www.fiscalia.gov.co\/colombia\/\",\"logo\":{\"@type\":\"ImageObject\",\"inLanguage\":\"es-CO\",\"@id\":\"https:\/\/www.fiscalia.gov.co\/colombia\/#\/schema\/logo\/image\/\",\"url\":\"https:\/\/www.fiscalia.gov.co\/colombia\/wp-content\/uploads\/LogoHorizontal_1.jpg\",\"contentUrl\":\"https:\/\/www.fiscalia.gov.co\/colombia\/wp-content\/uploads\/LogoHorizontal_1.jpg\",\"width\":300,\"height\":90,\"caption\":\"Fiscal\u00eda General de la Naci\u00f3n\"},\"image\":{\"@id\":\"https:\/\/www.fiscalia.gov.co\/colombia\/#\/schema\/logo\/image\/\"},\"sameAs\":[\"https:\/\/www.facebook.com\/FiscaliaCol\",\"https:\/\/x.com\/FiscaliaCol\",\"https:\/\/www.instagram.com\/fiscaliacol\",\"https:\/\/www.linkedin.com\/company\/fiscalia-general-de-la-naci-n\/\",\"https:\/\/youtube.com\/@fiscaliageneraldelanacion-4668?si=6nN79nyQICPU5iTh\"]},{\"@type\":\"Person\",\"@id\":\"https:\/\/www.fiscalia.gov.co\/colombia\/#\/schema\/person\/b19b49f26569f91393176a2b3d13a0e5\",\"name\":\"Johanna Black Prieto Pe\u00f1a\",\"image\":{\"@type\":\"ImageObject\",\"inLanguage\":\"es-CO\",\"@id\":\"https:\/\/www.fiscalia.gov.co\/colombia\/#\/schema\/person\/image\/\",\"url\":\"https:\/\/secure.gravatar.com\/avatar\/7f04518e1774335e76d761d76f04003e?s=96&d=mm&r=g\",\"contentUrl\":\"https:\/\/secure.gravatar.com\/avatar\/7f04518e1774335e76d761d76f04003e?s=96&d=mm&r=g\",\"caption\":\"Johanna Black Prieto Pe\u00f1a\"},\"url\":\"https:\/\/www.fiscalia.gov.co\/colombia\/author\/jprieto\/\"}]}<\/script>\n<!-- \/ Yoast SEO plugin. -->","yoast_head_json":{"title":"Fiscal\u00eda General de la Naci\u00f3n","description":"P\u00e1gina oficial de la Fiscal\u00eda General de la Naci\u00f3n \u2013 Colombia. Garantizamos el acceso efectivo a la justicia, la verdad y la reparaci\u00f3n de las v\u00edctimas de los delitos.","robots":{"index":"noindex","follow":"follow"},"og_locale":"es_ES","og_type":"article","og_title":"Fiscal\u00eda General de la Naci\u00f3n","og_description":"P\u00e1gina oficial de la Fiscal\u00eda General de la Naci\u00f3n \u2013 Colombia. Garantizamos el acceso efectivo a la justicia, la verdad y la reparaci\u00f3n de las v\u00edctimas de los delitos.","og_url":"https:\/\/www.fiscalia.gov.co\/colombia\/noticias\/fiscalia-impuso-medidas-cautelares-sobre-30-bienes-que-pertenecerian-a-alias-dona-ana-presunta-jefe-de-finanzas-del-eln\/","og_site_name":"Fiscal\u00eda General de la Naci\u00f3n","article_publisher":"https:\/\/www.facebook.com\/FiscaliaCol","article_published_time":"2021-11-09T12:45:12+00:00","article_modified_time":"2021-11-19T22:57:10+00:00","og_image":[{"width":1280,"height":720,"url":"https:\/\/www.fiscalia.gov.co\/colombia\/wp-content\/uploads\/maxresdefault-178.jpg","type":"image\/jpeg"}],"author":"Johanna Black Prieto Pe\u00f1a","twitter_card":"summary_large_image","twitter_creator":"@FiscaliaCol","twitter_site":"@FiscaliaCol","twitter_misc":{"Escrito por":"Johanna Black Prieto Pe\u00f1a","Tiempo de lectura":"2 minutos"},"schema":{"@context":"https:\/\/schema.org","@graph":[{"@type":"Article","@id":"https:\/\/www.fiscalia.gov.co\/colombia\/noticias\/fiscalia-impuso-medidas-cautelares-sobre-30-bienes-que-pertenecerian-a-alias-dona-ana-presunta-jefe-de-finanzas-del-eln\/#article","isPartOf":{"@id":"https:\/\/www.fiscalia.gov.co\/colombia\/noticias\/fiscalia-impuso-medidas-cautelares-sobre-30-bienes-que-pertenecerian-a-alias-dona-ana-presunta-jefe-de-finanzas-del-eln\/"},"author":{"name":"Johanna Black Prieto Pe\u00f1a","@id":"https:\/\/www.fiscalia.gov.co\/colombia\/#\/schema\/person\/b19b49f26569f91393176a2b3d13a0e5"},"headline":"Fiscal\u00eda impuso medidas cautelares sobre 30 bienes que pertenecer\u00edan a alias Do\u00f1a Ana, presunta jefe de finanzas del ELN","datePublished":"2021-11-09T12:45:12+00:00","dateModified":"2021-11-19T22:57:10+00:00","mainEntityOfPage":{"@id":"https:\/\/www.fiscalia.gov.co\/colombia\/noticias\/fiscalia-impuso-medidas-cautelares-sobre-30-bienes-que-pertenecerian-a-alias-dona-ana-presunta-jefe-de-finanzas-del-eln\/"},"wordCount":393,"publisher":{"@id":"https:\/\/www.fiscalia.gov.co\/colombia\/#organization"},"image":{"@id":"https:\/\/www.fiscalia.gov.co\/colombia\/noticias\/fiscalia-impuso-medidas-cautelares-sobre-30-bienes-que-pertenecerian-a-alias-dona-ana-presunta-jefe-de-finanzas-del-eln\/#primaryimage"},"thumbnailUrl":"https:\/\/www.fiscalia.gov.co\/colombia\/wp-content\/uploads\/maxresdefault-178.jpg","keywords":["Ej\u00e9rcito Nacional","Estrategia Argenta","extinci\u00f3n del derecho de dominio","Polic\u00eda Nacional","Sij\u00edn"],"articleSection":["Noticias","Seccional Bogot\u00e1","Seccionales"],"inLanguage":"es-CO"},{"@type":"WebPage","@id":"https:\/\/www.fiscalia.gov.co\/colombia\/noticias\/fiscalia-impuso-medidas-cautelares-sobre-30-bienes-que-pertenecerian-a-alias-dona-ana-presunta-jefe-de-finanzas-del-eln\/","url":"https:\/\/www.fiscalia.gov.co\/colombia\/noticias\/fiscalia-impuso-medidas-cautelares-sobre-30-bienes-que-pertenecerian-a-alias-dona-ana-presunta-jefe-de-finanzas-del-eln\/","name":"Fiscal\u00eda General de la Naci\u00f3n","isPartOf":{"@id":"https:\/\/www.fiscalia.gov.co\/colombia\/#website"},"primaryImageOfPage":{"@id":"https:\/\/www.fiscalia.gov.co\/colombia\/noticias\/fiscalia-impuso-medidas-cautelares-sobre-30-bienes-que-pertenecerian-a-alias-dona-ana-presunta-jefe-de-finanzas-del-eln\/#primaryimage"},"image":{"@id":"https:\/\/www.fiscalia.gov.co\/colombia\/noticias\/fiscalia-impuso-medidas-cautelares-sobre-30-bienes-que-pertenecerian-a-alias-dona-ana-presunta-jefe-de-finanzas-del-eln\/#primaryimage"},"thumbnailUrl":"https:\/\/www.fiscalia.gov.co\/colombia\/wp-content\/uploads\/maxresdefault-178.jpg","datePublished":"2021-11-09T12:45:12+00:00","dateModified":"2021-11-19T22:57:10+00:00","description":"P\u00e1gina oficial de la Fiscal\u00eda General de la Naci\u00f3n \u2013 Colombia. Garantizamos el acceso efectivo a la justicia, la verdad y la reparaci\u00f3n de las v\u00edctimas de los delitos.","breadcrumb":{"@id":"https:\/\/www.fiscalia.gov.co\/colombia\/noticias\/fiscalia-impuso-medidas-cautelares-sobre-30-bienes-que-pertenecerian-a-alias-dona-ana-presunta-jefe-de-finanzas-del-eln\/#breadcrumb"},"inLanguage":"es-CO","potentialAction":[{"@type":"ReadAction","target":["https:\/\/www.fiscalia.gov.co\/colombia\/noticias\/fiscalia-impuso-medidas-cautelares-sobre-30-bienes-que-pertenecerian-a-alias-dona-ana-presunta-jefe-de-finanzas-del-eln\/"]}]},{"@type":"ImageObject","inLanguage":"es-CO","@id":"https:\/\/www.fiscalia.gov.co\/colombia\/noticias\/fiscalia-impuso-medidas-cautelares-sobre-30-bienes-que-pertenecerian-a-alias-dona-ana-presunta-jefe-de-finanzas-del-eln\/#primaryimage","url":"https:\/\/www.fiscalia.gov.co\/colombia\/wp-content\/uploads\/maxresdefault-178.jpg","contentUrl":"https:\/\/www.fiscalia.gov.co\/colombia\/wp-content\/uploads\/maxresdefault-178.jpg","width":1280,"height":720},{"@type":"BreadcrumbList","@id":"https:\/\/www.fiscalia.gov.co\/colombia\/noticias\/fiscalia-impuso-medidas-cautelares-sobre-30-bienes-que-pertenecerian-a-alias-dona-ana-presunta-jefe-de-finanzas-del-eln\/#breadcrumb","itemListElement":[{"@type":"ListItem","position":1,"name":"Home","item":"https:\/\/www.fiscalia.gov.co\/colombia\/"},{"@type":"ListItem","position":2,"name":"Fiscal\u00eda impuso medidas cautelares sobre 30 bienes que pertenecer\u00edan a alias Do\u00f1a Ana, presunta jefe de finanzas del ELN"}]},{"@type":"WebSite","@id":"https:\/\/www.fiscalia.gov.co\/colombia\/#website","url":"https:\/\/www.fiscalia.gov.co\/colombia\/","name":"Fiscal\u00eda General de la Naci\u00f3n","description":"P\u00e1gina oficial de la Fiscal\u00eda General de la Naci\u00f3n \u2013 Colombia. Garantizamos el acceso efectivo a la justicia, la verdad y la reparaci\u00f3n de las v\u00edctimas de los delitos.","publisher":{"@id":"https:\/\/www.fiscalia.gov.co\/colombia\/#organization"},"potentialAction":[{"@type":"SearchAction","target":{"@type":"EntryPoint","urlTemplate":"https:\/\/www.fiscalia.gov.co\/colombia\/?s={search_term_string}"},"query-input":{"@type":"PropertyValueSpecification","valueRequired":true,"valueName":"search_term_string"}}],"inLanguage":"es-CO"},{"@type":"Organization","@id":"https:\/\/www.fiscalia.gov.co\/colombia\/#organization","name":"Fiscal\u00eda General de la Naci\u00f3n","url":"https:\/\/www.fiscalia.gov.co\/colombia\/","logo":{"@type":"ImageObject","inLanguage":"es-CO","@id":"https:\/\/www.fiscalia.gov.co\/colombia\/#\/schema\/logo\/image\/","url":"https:\/\/www.fiscalia.gov.co\/colombia\/wp-content\/uploads\/LogoHorizontal_1.jpg","contentUrl":"https:\/\/www.fiscalia.gov.co\/colombia\/wp-content\/uploads\/LogoHorizontal_1.jpg","width":300,"height":90,"caption":"Fiscal\u00eda General de la Naci\u00f3n"},"image":{"@id":"https:\/\/www.fiscalia.gov.co\/colombia\/#\/schema\/logo\/image\/"},"sameAs":["https:\/\/www.facebook.com\/FiscaliaCol","https:\/\/x.com\/FiscaliaCol","https:\/\/www.instagram.com\/fiscaliacol","https:\/\/www.linkedin.com\/company\/fiscalia-general-de-la-naci-n\/","https:\/\/youtube.com\/@fiscaliageneraldelanacion-4668?si=6nN79nyQICPU5iTh"]},{"@type":"Person","@id":"https:\/\/www.fiscalia.gov.co\/colombia\/#\/schema\/person\/b19b49f26569f91393176a2b3d13a0e5","name":"Johanna Black Prieto Pe\u00f1a","image":{"@type":"ImageObject","inLanguage":"es-CO","@id":"https:\/\/www.fiscalia.gov.co\/colombia\/#\/schema\/person\/image\/","url":"https:\/\/secure.gravatar.com\/avatar\/7f04518e1774335e76d761d76f04003e?s=96&d=mm&r=g","contentUrl":"https:\/\/secure.gravatar.com\/avatar\/7f04518e1774335e76d761d76f04003e?s=96&d=mm&r=g","caption":"Johanna Black Prieto Pe\u00f1a"},"url":"https:\/\/www.fiscalia.gov.co\/colombia\/author\/jprieto\/"}]}},"_links":{"self":[{"href":"https:\/\/www.fiscalia.gov.co\/colombia\/wp-json\/wp\/v2\/posts\/234285","targetHints":{"allow":["GET"]}}],"collection":[{"href":"https:\/\/www.fiscalia.gov.co\/colombia\/wp-json\/wp\/v2\/posts"}],"about":[{"href":"https:\/\/www.fiscalia.gov.co\/colombia\/wp-json\/wp\/v2\/types\/post"}],"author":[{"embeddable":true,"href":"https:\/\/www.fiscalia.gov.co\/colombia\/wp-json\/wp\/v2\/users\/176"}],"replies":[{"embeddable":true,"href":"https:\/\/www.fiscalia.gov.co\/colombia\/wp-json\/wp\/v2\/comments?post=234285"}],"version-history":[{"count":1,"href":"https:\/\/www.fiscalia.gov.co\/colombia\/wp-json\/wp\/v2\/posts\/234285\/revisions"}],"predecessor-version":[{"id":234299,"href":"https:\/\/www.fiscalia.gov.co\/colombia\/wp-json\/wp\/v2\/posts\/234285\/revisions\/234299"}],"wp:featuredmedia":[{"embeddable":true,"href":"https:\/\/www.fiscalia.gov.co\/colombia\/wp-json\/wp\/v2\/media\/235196"}],"wp:attachment":[{"href":"https:\/\/www.fiscalia.gov.co\/colombia\/wp-json\/wp\/v2\/media?parent=234285"}],"wp:term":[{"taxonomy":"category","embeddable":true,"href":"https:\/\/www.fiscalia.gov.co\/colombia\/wp-json\/wp\/v2\/categories?post=234285"},{"taxonomy":"post_tag","embeddable":true,"href":"https:\/\/www.fiscalia.gov.co\/colombia\/wp-json\/wp\/v2\/tags?post=234285"}],"curies":[{"name":"wp","href":"https:\/\/api.w.org\/{rel}","templated":true}]}}