{"id":234239,"date":"2021-11-08T15:51:02","date_gmt":"2021-11-08T20:51:02","guid":{"rendered":"https:\/\/www.fiscalia.gov.co\/colombia\/?p=234239"},"modified":"2021-11-18T21:44:40","modified_gmt":"2021-11-19T02:44:40","slug":"a-la-carcel-profesor-que-habria-abusado-sexualmente-de-varias-estudiantes-en-guaviare","status":"publish","type":"post","link":"https:\/\/www.fiscalia.gov.co\/colombia\/noticias\/a-la-carcel-profesor-que-habria-abusado-sexualmente-de-varias-estudiantes-en-guaviare\/","title":{"rendered":"A la c\u00e1rcel profesor que habr\u00eda abusado sexualmente de varias estudiantes en Guaviare"},"content":{"rendered":"<p><span style=\"color: black; font-size: medium;\">Por solicitud del Fiscal Local de Miraflores (Guaviare) fue asegurado con detenci\u00f3n <\/span><span style=\"color: black; font-size: medium;\">intramural\u00a0<\/span><span style=\"color: black; font-size: medium;\">un\u00a0<\/span><span style=\"color: black; font-size: medium;\">docent<wbr \/>e de 38 a\u00f1os de edad<\/span><span style=\"color: black; font-size: medium;\">, presuntamente, responsable de la\u00a0<\/span><span style=\"color: black; font-size: medium;\">agresi\u00f3n sexual contra dos estudiantes, menores de edad.<\/span><\/p>\n<div>\n<div id=\"m_-627113652756563326x_divtagdefaultwrapper\">\n<p align=\"justify\"><span style=\"color: black; font-size: medium;\">Los hechos se presentaron en septiembre pasado en una instituci\u00f3n educativa en el Guaviare donde las v\u00edctimas, de 12 y 14 a\u00f1os, se ba\u00f1aron junto con otros dos compa\u00f1eros; tambi\u00e9n menores, en un tanque de agua del colegio.<\/span><\/p>\n<div align=\"justify\">\n<figure id=\"attachment_234240\" aria-describedby=\"caption-attachment-234240\" style=\"width: 981px\" class=\"wp-caption alignnone\"><img loading=\"lazy\" decoding=\"async\" class=\"size-full wp-image-234240\" src=\"https:\/\/www.fiscalia.gov.co\/colombia\/wp-content\/uploads\/detenido-presunto-docente-abusador-deltos-sexuales-Guaviare.jpg\" alt=\"\" width=\"981\" height=\"721\" srcset=\"https:\/\/www.fiscalia.gov.co\/colombia\/wp-content\/uploads\/detenido-presunto-docente-abusador-deltos-sexuales-Guaviare.jpg 981w, https:\/\/www.fiscalia.gov.co\/colombia\/wp-content\/uploads\/detenido-presunto-docente-abusador-deltos-sexuales-Guaviare-300x220.jpg 300w, https:\/\/www.fiscalia.gov.co\/colombia\/wp-content\/uploads\/detenido-presunto-docente-abusador-deltos-sexuales-Guaviare-768x564.jpg 768w, https:\/\/www.fiscalia.gov.co\/colombia\/wp-content\/uploads\/detenido-presunto-docente-abusador-deltos-sexuales-Guaviare-696x512.jpg 696w, https:\/\/www.fiscalia.gov.co\/colombia\/wp-content\/uploads\/detenido-presunto-docente-abusador-deltos-sexuales-Guaviare-571x420.jpg 571w, https:\/\/www.fiscalia.gov.co\/colombia\/wp-content\/uploads\/detenido-presunto-docente-abusador-deltos-sexuales-Guaviare-80x60.jpg 80w\" sizes=\"auto, (max-width: 981px) 100vw, 981px\" \/><figcaption id=\"caption-attachment-234240\" class=\"wp-caption-text\">Detenido presunto docente abusador en Guaviare<\/figcaption><\/figure>\n<\/div>\n<div align=\"justify\"><span style=\"color: black; font-size: medium;\">\u00a0<\/span><\/div>\n<p align=\"justify\"><span style=\"color: black; font-size: medium;\">Al parecer, el permiso para ingresar a los tanques fue dado por el docente, quien habr\u00eda avalado tal posibilidad con la condici\u00f3n de que lo hicieran completamente desnudos.<\/span><\/p>\n<p align=\"justify\"><span style=\"color: black; font-size: medium;\">El material de prueba recaudado evidenci\u00f3 que el hombre les habr\u00eda tomado fotograf\u00edas; tambi\u00e9n habr\u00eda seguido a las ni\u00f1as cuando fueron a vestirse, momento en el que habr\u00eda realizado tocamientos\u00a0en sus partes \u00edntimas a las menores y\u00a0<\/span><a href=\"https:\/\/www.fiscalia.gov.co\/colombia\/seccionales\/detenido-para-cumplir-sentencia-por-delito-sexual-en-meta\/\" target=\"_blank\" rel=\"noopener noreferrer\" data-saferedirecturl=\"https:\/\/www.google.com\/url?q=https:\/\/www.fiscalia.gov.co\/colombia\/seccionales\/detenido-para-cumplir-sentencia-por-delito-sexual-en-meta\/&amp;source=gmail&amp;ust=1636488488562000&amp;usg=AFQjCNGlKIbKW3vu4rT6GQ22uv7jIVxxjA\"><span style=\"font-size: medium;\"><span style=\"color: blue;\">habr\u00eda accedido\u00a0sexualmente a una de ellas<\/span><\/span><\/a><span style=\"color: black; font-size: medium;\">.<\/span><\/p>\n<p align=\"justify\"><span style=\"color: black; font-size: medium;\">El procesado fue capturado por la Polic\u00eda Nacional y presentado ante un juzgado de San Jos\u00e9 del Guaviare (Guaviare).<\/span><\/p>\n<p align=\"justify\"><span style=\"color: black; font-size: medium;\">La Fiscal\u00eda imput\u00f3 cargos al implicado los delitos de\u00a0<\/span><span style=\"color: black; font-size: medium;\">acceso carnal abusivo con menor de 14 a\u00f1os, actos sexuales con menor de 14 a\u00f1os y pornograf\u00eda con personas menores de 18 a\u00f1os<\/span><span style=\"color: black; font-size: medium;\">. Ninguno de los cargos fue aceptado.<\/span><\/p>\n<p align=\"justify\"><span style=\"color: black; font-size: medium;\">La Fiscal\u00eda habla con resultados.<\/span><\/p>\n<div align=\"justify\"><span style=\"color: black; font-size: medium;\">\u00a0<\/span><\/div>\n<div align=\"justify\"><span style=\"color: #1f4e79; font-size: large;\">PYMP\/MAGA\/AMZC<\/span><\/div>\n<div align=\"justify\"><span style=\"color: black; font-size: medium;\">\u00a0<\/span><\/div>\n<div align=\"justify\"><span style=\"color: #222222;\"><i>La informaci\u00f3n contenida en este bolet\u00edn de prensa corresponde a la narraci\u00f3n de los hechos noticiosos objetivos, suministrados por los funcionarios encargados de adelantar las investigaciones penales al interior de la Fiscal\u00eda General de la Naci\u00f3n. Para el momento de la divulgaci\u00f3n de este comunicado, la situaci\u00f3n jur\u00eddica de la(s) persona(s) relacionada(s) se encuentra pendiente de resolver por la autoridad judicial competente, siempre bajo los preceptos de la presunci\u00f3n de inocencia, consagrados en el art\u00edculo 29 de la Constituci\u00f3n Pol\u00edtica y el art\u00edculo 7\u00ba de la Ley 906 de 2004.<\/i><\/span><\/div>\n<div><\/div>\n<\/div>\n<\/div>\n\n<div class=\"twitter-share\"><a href=\"https:\/\/twitter.com\/intent\/tweet?via=fiscaliacol\" class=\"twitter-share-button\">Tweet<\/a><\/div>\n","protected":false},"excerpt":{"rendered":"<p>Por solicitud del Fiscal Local de Miraflores (Guaviare) fue asegurado con detenci\u00f3n intramural\u00a0un\u00a0docente de 38 a\u00f1os de edad, presuntamente, responsable de la\u00a0agresi\u00f3n sexual contra dos estudiantes, menores de edad. Los hechos se presentaron en septiembre pasado en una instituci\u00f3n educativa en el Guaviare donde las v\u00edctimas, de 12 y 14 a\u00f1os, se ba\u00f1aron junto con [&hellip;]<\/p>\n","protected":false},"author":176,"featured_media":235090,"comment_status":"closed","ping_status":"open","sticky":false,"template":"","format":"video","meta":{"tdm_status":"","tdm_grid_status":"","footnotes":""},"categories":[1,12689,303],"tags":[11941,29419,6188,29420,25071],"class_list":{"0":"post-234239","1":"post","2":"type-post","3":"status-publish","4":"format-video","5":"has-post-thumbnail","7":"category-noticias","8":"category-seccional-guaviare","9":"category-seccionales","10":"tag-acceso-carnal-abusivo-con-menor-de-14-anos","11":"tag-actos-sexuales-con-menor-de-14-anos-y-pornografia-con-personas-menores-de-18-anos","12":"tag-docente","13":"tag-dos-alumnas-menores-de-edad","14":"tag-intramural","15":"post_format-post-format-video"},"yoast_head":"<!-- This site is optimized with the Yoast SEO plugin v24.3 - https:\/\/yoast.com\/wordpress\/plugins\/seo\/ -->\n<title>Fiscal\u00eda General de la Naci\u00f3n<\/title>\n<meta name=\"description\" content=\"P\u00e1gina oficial de la Fiscal\u00eda General de la Naci\u00f3n \u2013 Colombia. Garantizamos el acceso efectivo a la justicia, la verdad y la reparaci\u00f3n de las v\u00edctimas de los delitos.\" \/>\n<meta name=\"robots\" content=\"noindex, follow\" \/>\n<meta property=\"og:locale\" content=\"es_ES\" \/>\n<meta property=\"og:type\" content=\"article\" \/>\n<meta property=\"og:title\" content=\"Fiscal\u00eda General de la Naci\u00f3n\" \/>\n<meta property=\"og:description\" content=\"P\u00e1gina oficial de la Fiscal\u00eda General de la Naci\u00f3n \u2013 Colombia. Garantizamos el acceso efectivo a la justicia, la verdad y la reparaci\u00f3n de las v\u00edctimas de los delitos.\" \/>\n<meta property=\"og:url\" content=\"https:\/\/www.fiscalia.gov.co\/colombia\/noticias\/a-la-carcel-profesor-que-habria-abusado-sexualmente-de-varias-estudiantes-en-guaviare\/\" \/>\n<meta property=\"og:site_name\" content=\"Fiscal\u00eda General de la Naci\u00f3n\" \/>\n<meta property=\"article:publisher\" content=\"https:\/\/www.facebook.com\/FiscaliaCol\" \/>\n<meta property=\"article:published_time\" content=\"2021-11-08T20:51:02+00:00\" \/>\n<meta property=\"article:modified_time\" content=\"2021-11-19T02:44:40+00:00\" \/>\n<meta property=\"og:image\" content=\"https:\/\/www.fiscalia.gov.co\/colombia\/wp-content\/uploads\/maxresdefault-176.jpg\" \/>\n\t<meta property=\"og:image:width\" content=\"1280\" \/>\n\t<meta property=\"og:image:height\" content=\"720\" \/>\n\t<meta property=\"og:image:type\" content=\"image\/jpeg\" \/>\n<meta name=\"author\" content=\"Johanna Black Prieto Pe\u00f1a\" \/>\n<meta name=\"twitter:card\" content=\"summary_large_image\" \/>\n<meta name=\"twitter:creator\" content=\"@FiscaliaCol\" \/>\n<meta name=\"twitter:site\" content=\"@FiscaliaCol\" \/>\n<meta name=\"twitter:label1\" content=\"Escrito por\" \/>\n\t<meta name=\"twitter:data1\" content=\"Johanna Black Prieto Pe\u00f1a\" \/>\n\t<meta name=\"twitter:label2\" content=\"Tiempo de lectura\" \/>\n\t<meta name=\"twitter:data2\" content=\"2 minutos\" \/>\n<script type=\"application\/ld+json\" class=\"yoast-schema-graph\">{\"@context\":\"https:\/\/schema.org\",\"@graph\":[{\"@type\":\"Article\",\"@id\":\"https:\/\/www.fiscalia.gov.co\/colombia\/noticias\/a-la-carcel-profesor-que-habria-abusado-sexualmente-de-varias-estudiantes-en-guaviare\/#article\",\"isPartOf\":{\"@id\":\"https:\/\/www.fiscalia.gov.co\/colombia\/noticias\/a-la-carcel-profesor-que-habria-abusado-sexualmente-de-varias-estudiantes-en-guaviare\/\"},\"author\":{\"name\":\"Johanna Black Prieto Pe\u00f1a\",\"@id\":\"https:\/\/www.fiscalia.gov.co\/colombia\/#\/schema\/person\/b19b49f26569f91393176a2b3d13a0e5\"},\"headline\":\"A la c\u00e1rcel profesor que habr\u00eda abusado sexualmente de varias estudiantes en Guaviare\",\"datePublished\":\"2021-11-08T20:51:02+00:00\",\"dateModified\":\"2021-11-19T02:44:40+00:00\",\"mainEntityOfPage\":{\"@id\":\"https:\/\/www.fiscalia.gov.co\/colombia\/noticias\/a-la-carcel-profesor-que-habria-abusado-sexualmente-de-varias-estudiantes-en-guaviare\/\"},\"wordCount\":357,\"publisher\":{\"@id\":\"https:\/\/www.fiscalia.gov.co\/colombia\/#organization\"},\"image\":{\"@id\":\"https:\/\/www.fiscalia.gov.co\/colombia\/noticias\/a-la-carcel-profesor-que-habria-abusado-sexualmente-de-varias-estudiantes-en-guaviare\/#primaryimage\"},\"thumbnailUrl\":\"https:\/\/www.fiscalia.gov.co\/colombia\/wp-content\/uploads\/maxresdefault-176.jpg\",\"keywords\":[\"acceso carnal abusivo con menor de 14 a\u00f1os\",\"actos sexuales con menor de 14 a\u00f1os y pornograf\u00eda con personas menores de 18 a\u00f1os\",\"Docente\",\"dos alumnas menores de edad.\",\"intramural\"],\"articleSection\":[\"Noticias\",\"Seccional Guaviare\",\"Seccionales\"],\"inLanguage\":\"es-CO\"},{\"@type\":\"WebPage\",\"@id\":\"https:\/\/www.fiscalia.gov.co\/colombia\/noticias\/a-la-carcel-profesor-que-habria-abusado-sexualmente-de-varias-estudiantes-en-guaviare\/\",\"url\":\"https:\/\/www.fiscalia.gov.co\/colombia\/noticias\/a-la-carcel-profesor-que-habria-abusado-sexualmente-de-varias-estudiantes-en-guaviare\/\",\"name\":\"Fiscal\u00eda General de la Naci\u00f3n\",\"isPartOf\":{\"@id\":\"https:\/\/www.fiscalia.gov.co\/colombia\/#website\"},\"primaryImageOfPage\":{\"@id\":\"https:\/\/www.fiscalia.gov.co\/colombia\/noticias\/a-la-carcel-profesor-que-habria-abusado-sexualmente-de-varias-estudiantes-en-guaviare\/#primaryimage\"},\"image\":{\"@id\":\"https:\/\/www.fiscalia.gov.co\/colombia\/noticias\/a-la-carcel-profesor-que-habria-abusado-sexualmente-de-varias-estudiantes-en-guaviare\/#primaryimage\"},\"thumbnailUrl\":\"https:\/\/www.fiscalia.gov.co\/colombia\/wp-content\/uploads\/maxresdefault-176.jpg\",\"datePublished\":\"2021-11-08T20:51:02+00:00\",\"dateModified\":\"2021-11-19T02:44:40+00:00\",\"description\":\"P\u00e1gina oficial de la Fiscal\u00eda General de la Naci\u00f3n \u2013 Colombia. Garantizamos el acceso efectivo a la justicia, la verdad y la reparaci\u00f3n de las v\u00edctimas de los delitos.\",\"breadcrumb\":{\"@id\":\"https:\/\/www.fiscalia.gov.co\/colombia\/noticias\/a-la-carcel-profesor-que-habria-abusado-sexualmente-de-varias-estudiantes-en-guaviare\/#breadcrumb\"},\"inLanguage\":\"es-CO\",\"potentialAction\":[{\"@type\":\"ReadAction\",\"target\":[\"https:\/\/www.fiscalia.gov.co\/colombia\/noticias\/a-la-carcel-profesor-que-habria-abusado-sexualmente-de-varias-estudiantes-en-guaviare\/\"]}]},{\"@type\":\"ImageObject\",\"inLanguage\":\"es-CO\",\"@id\":\"https:\/\/www.fiscalia.gov.co\/colombia\/noticias\/a-la-carcel-profesor-que-habria-abusado-sexualmente-de-varias-estudiantes-en-guaviare\/#primaryimage\",\"url\":\"https:\/\/www.fiscalia.gov.co\/colombia\/wp-content\/uploads\/maxresdefault-176.jpg\",\"contentUrl\":\"https:\/\/www.fiscalia.gov.co\/colombia\/wp-content\/uploads\/maxresdefault-176.jpg\",\"width\":1280,\"height\":720},{\"@type\":\"BreadcrumbList\",\"@id\":\"https:\/\/www.fiscalia.gov.co\/colombia\/noticias\/a-la-carcel-profesor-que-habria-abusado-sexualmente-de-varias-estudiantes-en-guaviare\/#breadcrumb\",\"itemListElement\":[{\"@type\":\"ListItem\",\"position\":1,\"name\":\"Home\",\"item\":\"https:\/\/www.fiscalia.gov.co\/colombia\/\"},{\"@type\":\"ListItem\",\"position\":2,\"name\":\"A la c\u00e1rcel profesor que habr\u00eda abusado sexualmente de varias estudiantes en Guaviare\"}]},{\"@type\":\"WebSite\",\"@id\":\"https:\/\/www.fiscalia.gov.co\/colombia\/#website\",\"url\":\"https:\/\/www.fiscalia.gov.co\/colombia\/\",\"name\":\"Fiscal\u00eda General de la Naci\u00f3n\",\"description\":\"P\u00e1gina oficial de la Fiscal\u00eda General de la Naci\u00f3n \u2013 Colombia. Garantizamos el acceso efectivo a la justicia, la verdad y la reparaci\u00f3n de las v\u00edctimas de los delitos.\",\"publisher\":{\"@id\":\"https:\/\/www.fiscalia.gov.co\/colombia\/#organization\"},\"potentialAction\":[{\"@type\":\"SearchAction\",\"target\":{\"@type\":\"EntryPoint\",\"urlTemplate\":\"https:\/\/www.fiscalia.gov.co\/colombia\/?s={search_term_string}\"},\"query-input\":{\"@type\":\"PropertyValueSpecification\",\"valueRequired\":true,\"valueName\":\"search_term_string\"}}],\"inLanguage\":\"es-CO\"},{\"@type\":\"Organization\",\"@id\":\"https:\/\/www.fiscalia.gov.co\/colombia\/#organization\",\"name\":\"Fiscal\u00eda General de la Naci\u00f3n\",\"url\":\"https:\/\/www.fiscalia.gov.co\/colombia\/\",\"logo\":{\"@type\":\"ImageObject\",\"inLanguage\":\"es-CO\",\"@id\":\"https:\/\/www.fiscalia.gov.co\/colombia\/#\/schema\/logo\/image\/\",\"url\":\"https:\/\/www.fiscalia.gov.co\/colombia\/wp-content\/uploads\/LogoHorizontal_1.jpg\",\"contentUrl\":\"https:\/\/www.fiscalia.gov.co\/colombia\/wp-content\/uploads\/LogoHorizontal_1.jpg\",\"width\":300,\"height\":90,\"caption\":\"Fiscal\u00eda General de la Naci\u00f3n\"},\"image\":{\"@id\":\"https:\/\/www.fiscalia.gov.co\/colombia\/#\/schema\/logo\/image\/\"},\"sameAs\":[\"https:\/\/www.facebook.com\/FiscaliaCol\",\"https:\/\/x.com\/FiscaliaCol\",\"https:\/\/www.instagram.com\/fiscaliacol\",\"https:\/\/www.linkedin.com\/company\/fiscalia-general-de-la-naci-n\/\",\"https:\/\/youtube.com\/@fiscaliageneraldelanacion-4668?si=6nN79nyQICPU5iTh\"]},{\"@type\":\"Person\",\"@id\":\"https:\/\/www.fiscalia.gov.co\/colombia\/#\/schema\/person\/b19b49f26569f91393176a2b3d13a0e5\",\"name\":\"Johanna Black Prieto Pe\u00f1a\",\"image\":{\"@type\":\"ImageObject\",\"inLanguage\":\"es-CO\",\"@id\":\"https:\/\/www.fiscalia.gov.co\/colombia\/#\/schema\/person\/image\/\",\"url\":\"https:\/\/secure.gravatar.com\/avatar\/7f04518e1774335e76d761d76f04003e?s=96&d=mm&r=g\",\"contentUrl\":\"https:\/\/secure.gravatar.com\/avatar\/7f04518e1774335e76d761d76f04003e?s=96&d=mm&r=g\",\"caption\":\"Johanna Black Prieto Pe\u00f1a\"},\"url\":\"https:\/\/www.fiscalia.gov.co\/colombia\/author\/jprieto\/\"}]}<\/script>\n<!-- \/ Yoast SEO plugin. -->","yoast_head_json":{"title":"Fiscal\u00eda General de la Naci\u00f3n","description":"P\u00e1gina oficial de la Fiscal\u00eda General de la Naci\u00f3n \u2013 Colombia. Garantizamos el acceso efectivo a la justicia, la verdad y la reparaci\u00f3n de las v\u00edctimas de los delitos.","robots":{"index":"noindex","follow":"follow"},"og_locale":"es_ES","og_type":"article","og_title":"Fiscal\u00eda General de la Naci\u00f3n","og_description":"P\u00e1gina oficial de la Fiscal\u00eda General de la Naci\u00f3n \u2013 Colombia. Garantizamos el acceso efectivo a la justicia, la verdad y la reparaci\u00f3n de las v\u00edctimas de los delitos.","og_url":"https:\/\/www.fiscalia.gov.co\/colombia\/noticias\/a-la-carcel-profesor-que-habria-abusado-sexualmente-de-varias-estudiantes-en-guaviare\/","og_site_name":"Fiscal\u00eda General de la Naci\u00f3n","article_publisher":"https:\/\/www.facebook.com\/FiscaliaCol","article_published_time":"2021-11-08T20:51:02+00:00","article_modified_time":"2021-11-19T02:44:40+00:00","og_image":[{"width":1280,"height":720,"url":"https:\/\/www.fiscalia.gov.co\/colombia\/wp-content\/uploads\/maxresdefault-176.jpg","type":"image\/jpeg"}],"author":"Johanna Black Prieto Pe\u00f1a","twitter_card":"summary_large_image","twitter_creator":"@FiscaliaCol","twitter_site":"@FiscaliaCol","twitter_misc":{"Escrito por":"Johanna Black Prieto Pe\u00f1a","Tiempo de lectura":"2 minutos"},"schema":{"@context":"https:\/\/schema.org","@graph":[{"@type":"Article","@id":"https:\/\/www.fiscalia.gov.co\/colombia\/noticias\/a-la-carcel-profesor-que-habria-abusado-sexualmente-de-varias-estudiantes-en-guaviare\/#article","isPartOf":{"@id":"https:\/\/www.fiscalia.gov.co\/colombia\/noticias\/a-la-carcel-profesor-que-habria-abusado-sexualmente-de-varias-estudiantes-en-guaviare\/"},"author":{"name":"Johanna Black Prieto Pe\u00f1a","@id":"https:\/\/www.fiscalia.gov.co\/colombia\/#\/schema\/person\/b19b49f26569f91393176a2b3d13a0e5"},"headline":"A la c\u00e1rcel profesor que habr\u00eda abusado sexualmente de varias estudiantes en Guaviare","datePublished":"2021-11-08T20:51:02+00:00","dateModified":"2021-11-19T02:44:40+00:00","mainEntityOfPage":{"@id":"https:\/\/www.fiscalia.gov.co\/colombia\/noticias\/a-la-carcel-profesor-que-habria-abusado-sexualmente-de-varias-estudiantes-en-guaviare\/"},"wordCount":357,"publisher":{"@id":"https:\/\/www.fiscalia.gov.co\/colombia\/#organization"},"image":{"@id":"https:\/\/www.fiscalia.gov.co\/colombia\/noticias\/a-la-carcel-profesor-que-habria-abusado-sexualmente-de-varias-estudiantes-en-guaviare\/#primaryimage"},"thumbnailUrl":"https:\/\/www.fiscalia.gov.co\/colombia\/wp-content\/uploads\/maxresdefault-176.jpg","keywords":["acceso carnal abusivo con menor de 14 a\u00f1os","actos sexuales con menor de 14 a\u00f1os y pornograf\u00eda con personas menores de 18 a\u00f1os","Docente","dos alumnas menores de edad.","intramural"],"articleSection":["Noticias","Seccional Guaviare","Seccionales"],"inLanguage":"es-CO"},{"@type":"WebPage","@id":"https:\/\/www.fiscalia.gov.co\/colombia\/noticias\/a-la-carcel-profesor-que-habria-abusado-sexualmente-de-varias-estudiantes-en-guaviare\/","url":"https:\/\/www.fiscalia.gov.co\/colombia\/noticias\/a-la-carcel-profesor-que-habria-abusado-sexualmente-de-varias-estudiantes-en-guaviare\/","name":"Fiscal\u00eda General de la Naci\u00f3n","isPartOf":{"@id":"https:\/\/www.fiscalia.gov.co\/colombia\/#website"},"primaryImageOfPage":{"@id":"https:\/\/www.fiscalia.gov.co\/colombia\/noticias\/a-la-carcel-profesor-que-habria-abusado-sexualmente-de-varias-estudiantes-en-guaviare\/#primaryimage"},"image":{"@id":"https:\/\/www.fiscalia.gov.co\/colombia\/noticias\/a-la-carcel-profesor-que-habria-abusado-sexualmente-de-varias-estudiantes-en-guaviare\/#primaryimage"},"thumbnailUrl":"https:\/\/www.fiscalia.gov.co\/colombia\/wp-content\/uploads\/maxresdefault-176.jpg","datePublished":"2021-11-08T20:51:02+00:00","dateModified":"2021-11-19T02:44:40+00:00","description":"P\u00e1gina oficial de la Fiscal\u00eda General de la Naci\u00f3n \u2013 Colombia. Garantizamos el acceso efectivo a la justicia, la verdad y la reparaci\u00f3n de las v\u00edctimas de los delitos.","breadcrumb":{"@id":"https:\/\/www.fiscalia.gov.co\/colombia\/noticias\/a-la-carcel-profesor-que-habria-abusado-sexualmente-de-varias-estudiantes-en-guaviare\/#breadcrumb"},"inLanguage":"es-CO","potentialAction":[{"@type":"ReadAction","target":["https:\/\/www.fiscalia.gov.co\/colombia\/noticias\/a-la-carcel-profesor-que-habria-abusado-sexualmente-de-varias-estudiantes-en-guaviare\/"]}]},{"@type":"ImageObject","inLanguage":"es-CO","@id":"https:\/\/www.fiscalia.gov.co\/colombia\/noticias\/a-la-carcel-profesor-que-habria-abusado-sexualmente-de-varias-estudiantes-en-guaviare\/#primaryimage","url":"https:\/\/www.fiscalia.gov.co\/colombia\/wp-content\/uploads\/maxresdefault-176.jpg","contentUrl":"https:\/\/www.fiscalia.gov.co\/colombia\/wp-content\/uploads\/maxresdefault-176.jpg","width":1280,"height":720},{"@type":"BreadcrumbList","@id":"https:\/\/www.fiscalia.gov.co\/colombia\/noticias\/a-la-carcel-profesor-que-habria-abusado-sexualmente-de-varias-estudiantes-en-guaviare\/#breadcrumb","itemListElement":[{"@type":"ListItem","position":1,"name":"Home","item":"https:\/\/www.fiscalia.gov.co\/colombia\/"},{"@type":"ListItem","position":2,"name":"A la c\u00e1rcel profesor que habr\u00eda abusado sexualmente de varias estudiantes en Guaviare"}]},{"@type":"WebSite","@id":"https:\/\/www.fiscalia.gov.co\/colombia\/#website","url":"https:\/\/www.fiscalia.gov.co\/colombia\/","name":"Fiscal\u00eda General de la Naci\u00f3n","description":"P\u00e1gina oficial de la Fiscal\u00eda General de la Naci\u00f3n \u2013 Colombia. Garantizamos el acceso efectivo a la justicia, la verdad y la reparaci\u00f3n de las v\u00edctimas de los delitos.","publisher":{"@id":"https:\/\/www.fiscalia.gov.co\/colombia\/#organization"},"potentialAction":[{"@type":"SearchAction","target":{"@type":"EntryPoint","urlTemplate":"https:\/\/www.fiscalia.gov.co\/colombia\/?s={search_term_string}"},"query-input":{"@type":"PropertyValueSpecification","valueRequired":true,"valueName":"search_term_string"}}],"inLanguage":"es-CO"},{"@type":"Organization","@id":"https:\/\/www.fiscalia.gov.co\/colombia\/#organization","name":"Fiscal\u00eda General de la Naci\u00f3n","url":"https:\/\/www.fiscalia.gov.co\/colombia\/","logo":{"@type":"ImageObject","inLanguage":"es-CO","@id":"https:\/\/www.fiscalia.gov.co\/colombia\/#\/schema\/logo\/image\/","url":"https:\/\/www.fiscalia.gov.co\/colombia\/wp-content\/uploads\/LogoHorizontal_1.jpg","contentUrl":"https:\/\/www.fiscalia.gov.co\/colombia\/wp-content\/uploads\/LogoHorizontal_1.jpg","width":300,"height":90,"caption":"Fiscal\u00eda General de la Naci\u00f3n"},"image":{"@id":"https:\/\/www.fiscalia.gov.co\/colombia\/#\/schema\/logo\/image\/"},"sameAs":["https:\/\/www.facebook.com\/FiscaliaCol","https:\/\/x.com\/FiscaliaCol","https:\/\/www.instagram.com\/fiscaliacol","https:\/\/www.linkedin.com\/company\/fiscalia-general-de-la-naci-n\/","https:\/\/youtube.com\/@fiscaliageneraldelanacion-4668?si=6nN79nyQICPU5iTh"]},{"@type":"Person","@id":"https:\/\/www.fiscalia.gov.co\/colombia\/#\/schema\/person\/b19b49f26569f91393176a2b3d13a0e5","name":"Johanna Black Prieto Pe\u00f1a","image":{"@type":"ImageObject","inLanguage":"es-CO","@id":"https:\/\/www.fiscalia.gov.co\/colombia\/#\/schema\/person\/image\/","url":"https:\/\/secure.gravatar.com\/avatar\/7f04518e1774335e76d761d76f04003e?s=96&d=mm&r=g","contentUrl":"https:\/\/secure.gravatar.com\/avatar\/7f04518e1774335e76d761d76f04003e?s=96&d=mm&r=g","caption":"Johanna Black Prieto Pe\u00f1a"},"url":"https:\/\/www.fiscalia.gov.co\/colombia\/author\/jprieto\/"}]}},"_links":{"self":[{"href":"https:\/\/www.fiscalia.gov.co\/colombia\/wp-json\/wp\/v2\/posts\/234239","targetHints":{"allow":["GET"]}}],"collection":[{"href":"https:\/\/www.fiscalia.gov.co\/colombia\/wp-json\/wp\/v2\/posts"}],"about":[{"href":"https:\/\/www.fiscalia.gov.co\/colombia\/wp-json\/wp\/v2\/types\/post"}],"author":[{"embeddable":true,"href":"https:\/\/www.fiscalia.gov.co\/colombia\/wp-json\/wp\/v2\/users\/176"}],"replies":[{"embeddable":true,"href":"https:\/\/www.fiscalia.gov.co\/colombia\/wp-json\/wp\/v2\/comments?post=234239"}],"version-history":[{"count":1,"href":"https:\/\/www.fiscalia.gov.co\/colombia\/wp-json\/wp\/v2\/posts\/234239\/revisions"}],"predecessor-version":[{"id":234241,"href":"https:\/\/www.fiscalia.gov.co\/colombia\/wp-json\/wp\/v2\/posts\/234239\/revisions\/234241"}],"wp:featuredmedia":[{"embeddable":true,"href":"https:\/\/www.fiscalia.gov.co\/colombia\/wp-json\/wp\/v2\/media\/235090"}],"wp:attachment":[{"href":"https:\/\/www.fiscalia.gov.co\/colombia\/wp-json\/wp\/v2\/media?parent=234239"}],"wp:term":[{"taxonomy":"category","embeddable":true,"href":"https:\/\/www.fiscalia.gov.co\/colombia\/wp-json\/wp\/v2\/categories?post=234239"},{"taxonomy":"post_tag","embeddable":true,"href":"https:\/\/www.fiscalia.gov.co\/colombia\/wp-json\/wp\/v2\/tags?post=234239"}],"curies":[{"name":"wp","href":"https:\/\/api.w.org\/{rel}","templated":true}]}}