{"id":234228,"date":"2021-11-08T14:09:36","date_gmt":"2021-11-08T19:09:36","guid":{"rendered":"https:\/\/www.fiscalia.gov.co\/colombia\/?p=234228"},"modified":"2021-11-08T14:16:23","modified_gmt":"2021-11-08T19:16:23","slug":"imputado-concejal-en-guaviare-que-habria-realizado-cirugia-a-una-gata-sin-ser-veterinario","status":"publish","type":"post","link":"https:\/\/www.fiscalia.gov.co\/colombia\/noticias\/imputado-concejal-en-guaviare-que-habria-realizado-cirugia-a-una-gata-sin-ser-veterinario\/","title":{"rendered":"Imputado concejal en Guaviare que habr\u00eda realizado cirug\u00eda a una gata sin ser veterinario"},"content":{"rendered":"<div dir=\"ltr\">\n<h4><strong><i><span lang=\"ES-CO\">El ente acusador tambi\u00e9n judicializ\u00f3, por un hecho aislado, a otro hombre que al parecer agredi\u00f3 con arma blanca a una canina en el departamento de Valle del Cauca.<\/span><\/i><i><span lang=\"ES-CO\">\u00a0<\/span><\/i><\/strong><\/h4>\n<p><span lang=\"ES-CO\">En los departamentos de Guaviare y Valle del Cauca, la Fiscal\u00eda General de la Naci\u00f3n imput\u00f3 el delito de maltrato animal a dos hombres que habr\u00edan generado graves afectaciones f\u00edsicas a un gato y un perro, en diferentes casos.<\/span><span lang=\"ES-CO\">\u00a0<\/span><\/p>\n<ul>\n<li><b><span lang=\"ES-TRAD\">Afectaciones a Estrella por cirug\u00eda mal practicada<\/span><\/b><b><span lang=\"ES-TRAD\">\u00a0<\/span><\/b><\/li>\n<\/ul>\n<p><span lang=\"ES-CO\">Un fiscal del Grupo Especial para la Lucha contra el Maltrato Animal (Gelma) present\u00f3 ante un juez de control de garant\u00edas a Pa\u00fal Osney Mambi Mart\u00ednez,\u00a0<b>por su presunta responsabilidad en las afectaciones que sufri\u00f3 una gata llamada Estrella en San Jos\u00e9 del Guaviare (Guaviare).\u00a0<\/b><\/span><span lang=\"ES-CO\"><b>\u00a0<\/b><\/span><\/p>\n<p><span lang=\"ES-CO\"><span lang=\"ES-CO\">De acuerdo con la investigaci\u00f3n, entre el 27 y 28 de mayo de 2017, Mambi Mart\u00ednez habr\u00eda practicado una cirug\u00eda de esterilizaci\u00f3n al animal, sin ser m\u00e9dico veterinario. Se logr\u00f3 establecer que su profesi\u00f3n es licenciado en producci\u00f3n agropecuaria.\u00a0<\/span><\/span><\/p>\n<h1><img loading=\"lazy\" decoding=\"async\" class=\"size-full wp-image-234231\" src=\"https:\/\/www.fiscalia.gov.co\/colombia\/wp-content\/uploads\/Foto-3-2.jpg\" alt=\"\" width=\"1600\" height=\"1185\" srcset=\"https:\/\/www.fiscalia.gov.co\/colombia\/wp-content\/uploads\/Foto-3-2.jpg 1600w, https:\/\/www.fiscalia.gov.co\/colombia\/wp-content\/uploads\/Foto-3-2-300x222.jpg 300w, https:\/\/www.fiscalia.gov.co\/colombia\/wp-content\/uploads\/Foto-3-2-1024x758.jpg 1024w, https:\/\/www.fiscalia.gov.co\/colombia\/wp-content\/uploads\/Foto-3-2-768x569.jpg 768w, https:\/\/www.fiscalia.gov.co\/colombia\/wp-content\/uploads\/Foto-3-2-1536x1138.jpg 1536w, https:\/\/www.fiscalia.gov.co\/colombia\/wp-content\/uploads\/Foto-3-2-485x360.jpg 485w, https:\/\/www.fiscalia.gov.co\/colombia\/wp-content\/uploads\/Foto-3-2-696x515.jpg 696w, https:\/\/www.fiscalia.gov.co\/colombia\/wp-content\/uploads\/Foto-3-2-1068x791.jpg 1068w, https:\/\/www.fiscalia.gov.co\/colombia\/wp-content\/uploads\/Foto-3-2-567x420.jpg 567w, https:\/\/www.fiscalia.gov.co\/colombia\/wp-content\/uploads\/Foto-3-2-80x60.jpg 80w\" sizes=\"auto, (max-width: 1600px) 100vw, 1600px\" \/><\/h1>\n<p>Estrella al parecer sufri\u00f3 da\u00f1os en sus \u00f3rganos reproductivos y urinarios<\/p>\n<p><span lang=\"ES-CO\">A causa de la cirug\u00eda, Estrella al parecer sufri\u00f3 da\u00f1os en sus \u00f3rganos reproductivos y urinarios debido a una necrosis que se le desarroll\u00f3.\u00a0<\/span><span lang=\"ES-CO\">\u00a0<\/span><\/p>\n<p><span lang=\"ES-CO\">El hombre, que actualmente es concejal de San Jos\u00e9 del Guaviare, fue imputado por el delito de maltrato animal, cargo que no acept\u00f3.<\/span><span lang=\"ES-CO\">\u00a0<\/span><span lang=\"ES-CO\">\u00a0<\/span><\/p>\n<ul>\n<li><b><span lang=\"ES-TRAD\">Ataque con arma blanca<\/span><\/b><b><span lang=\"ES-TRAD\">\u00a0<\/span><\/b><\/li>\n<\/ul>\n<p><span lang=\"ES-CO\">\u00a0<\/span><span lang=\"ES-CO\">La madrugada del pasado 19 de enero en el municipio de Tulu\u00e1 (Valle del Cauca), un hombre, en un acto de intolerancia, supuestamente agredi\u00f3 con un arma blanca a una canina en v\u00eda p\u00fablica de la zona.\u00a0<\/span><span lang=\"ES-CO\">\u00a0<\/span><\/p>\n<figure id=\"attachment_234229\" aria-describedby=\"caption-attachment-234229\" style=\"width: 1280px\" class=\"wp-caption alignnone\"><img loading=\"lazy\" decoding=\"async\" class=\"size-full wp-image-234229\" src=\"https:\/\/www.fiscalia.gov.co\/colombia\/wp-content\/uploads\/Foto-2-4.jpg\" alt=\"\" width=\"1280\" height=\"938\" srcset=\"https:\/\/www.fiscalia.gov.co\/colombia\/wp-content\/uploads\/Foto-2-4.jpg 1280w, https:\/\/www.fiscalia.gov.co\/colombia\/wp-content\/uploads\/Foto-2-4-300x220.jpg 300w, https:\/\/www.fiscalia.gov.co\/colombia\/wp-content\/uploads\/Foto-2-4-1024x750.jpg 1024w, https:\/\/www.fiscalia.gov.co\/colombia\/wp-content\/uploads\/Foto-2-4-768x563.jpg 768w, https:\/\/www.fiscalia.gov.co\/colombia\/wp-content\/uploads\/Foto-2-4-696x510.jpg 696w, https:\/\/www.fiscalia.gov.co\/colombia\/wp-content\/uploads\/Foto-2-4-1068x783.jpg 1068w, https:\/\/www.fiscalia.gov.co\/colombia\/wp-content\/uploads\/Foto-2-4-573x420.jpg 573w, https:\/\/www.fiscalia.gov.co\/colombia\/wp-content\/uploads\/Foto-2-4-80x60.jpg 80w\" sizes=\"auto, (max-width: 1280px) 100vw, 1280px\" \/><figcaption id=\"caption-attachment-234229\" class=\"wp-caption-text\">La canina fue supuestamente agredida con un arma blanca en una v\u00eda p\u00fablica de Tulu\u00e1.<\/figcaption><\/figure>\n<p><span lang=\"ES-CO\">La Polic\u00eda fue alertada por la comunidad sobre el ataque del que fue v\u00edctima el animal,\u00a0y lo trasladaron a un centro veterinario donde atendieron la grave herida que sufri\u00f3 en el rostro. El hombre fue imputado por el delito de maltrato animal.<\/span><span lang=\"ES-CO\">\u00a0<\/span><\/p>\n<p><b><span lang=\"ES-CO\">La Fiscal\u00eda habla con resultados\u00a0<\/span><\/b><\/p>\n<p><span lang=\"ES-CO\">AMCJ\/DLBM\/AGH\/MCRC\/\u00a0<\/span><\/p>\n<p><span lang=\"ES-CO\"><i>La informaci\u00f3n contenida en este bolet\u00edn de prensa corresponde a la narraci\u00f3n de los hechos noticiosos objetivos, suministrados por los funcionarios encargados de adelantar las investigaciones penales al interior de la Fiscal\u00eda General de la Naci\u00f3n. Para el momento de la divulgaci\u00f3n de este comunicado, la situaci\u00f3n jur\u00eddica de la(s) persona(s) relacionada(s) se encuentra pendiente de resolver por la autoridad judicial competente, siempre bajo los preceptos de la presunci\u00f3n de inocencia, consagrados en el art\u00edculo 29 de la Constituci\u00f3n Pol\u00edtica y el art\u00edculo 7\u00ba de la Ley 906 de 2004.<br \/>\n<\/i><\/span><\/p>\n<\/div>\n\n<div class=\"twitter-share\"><a href=\"https:\/\/twitter.com\/intent\/tweet?via=fiscaliacol\" class=\"twitter-share-button\">Tweet<\/a><\/div>\n","protected":false},"excerpt":{"rendered":"<p>El ente acusador tambi\u00e9n judicializ\u00f3, por un hecho aislado, a otro hombre que al parecer agredi\u00f3 con arma blanca a una canina en el departamento de Valle del Cauca.\u00a0 En [&hellip;]<\/p>\n","protected":false},"author":176,"featured_media":0,"comment_status":"closed","ping_status":"open","sticky":false,"template":"","format":"standard","meta":{"tdm_status":"","tdm_grid_status":"","footnotes":""},"categories":[1,321,303],"tags":[11444,18566,1886],"class_list":["post-234228","post","type-post","status-publish","format-standard","category-noticias","category-seccional-bogota","category-seccionales","tag-guaviare","tag-maltrato-animal","tag-valle-del-cauca"],"yoast_head":"<!-- This site is optimized with the Yoast SEO plugin v24.3 - https:\/\/yoast.com\/wordpress\/plugins\/seo\/ -->\n<title>Fiscal\u00eda General de la Naci\u00f3n<\/title>\n<meta name=\"description\" content=\"P\u00e1gina oficial de la Fiscal\u00eda General de la Naci\u00f3n \u2013 Colombia. Garantizamos el acceso efectivo a la justicia, la verdad y la reparaci\u00f3n de las v\u00edctimas de los delitos.\" \/>\n<meta name=\"robots\" content=\"noindex, follow\" \/>\n<meta property=\"og:locale\" content=\"es_ES\" \/>\n<meta property=\"og:type\" content=\"article\" \/>\n<meta property=\"og:title\" content=\"Fiscal\u00eda General de la Naci\u00f3n\" \/>\n<meta property=\"og:description\" content=\"P\u00e1gina oficial de la Fiscal\u00eda General de la Naci\u00f3n \u2013 Colombia. Garantizamos el acceso efectivo a la justicia, la verdad y la reparaci\u00f3n de las v\u00edctimas de los delitos.\" \/>\n<meta property=\"og:url\" content=\"https:\/\/www.fiscalia.gov.co\/colombia\/noticias\/imputado-concejal-en-guaviare-que-habria-realizado-cirugia-a-una-gata-sin-ser-veterinario\/\" \/>\n<meta property=\"og:site_name\" content=\"Fiscal\u00eda General de la Naci\u00f3n\" \/>\n<meta property=\"article:publisher\" content=\"https:\/\/www.facebook.com\/FiscaliaCol\" \/>\n<meta property=\"article:published_time\" content=\"2021-11-08T19:09:36+00:00\" \/>\n<meta property=\"article:modified_time\" content=\"2021-11-08T19:16:23+00:00\" \/>\n<meta property=\"og:image\" content=\"https:\/\/www.fiscalia.gov.co\/colombia\/wp-content\/uploads\/Foto-3-2.jpg\" \/>\n<meta name=\"author\" content=\"Johanna Black Prieto Pe\u00f1a\" \/>\n<meta name=\"twitter:card\" content=\"summary_large_image\" \/>\n<meta name=\"twitter:creator\" content=\"@FiscaliaCol\" \/>\n<meta name=\"twitter:site\" content=\"@FiscaliaCol\" \/>\n<meta name=\"twitter:label1\" content=\"Escrito por\" \/>\n\t<meta name=\"twitter:data1\" content=\"Johanna Black Prieto Pe\u00f1a\" \/>\n\t<meta name=\"twitter:label2\" content=\"Tiempo de lectura\" \/>\n\t<meta name=\"twitter:data2\" content=\"2 minutos\" \/>\n<script type=\"application\/ld+json\" class=\"yoast-schema-graph\">{\"@context\":\"https:\/\/schema.org\",\"@graph\":[{\"@type\":\"Article\",\"@id\":\"https:\/\/www.fiscalia.gov.co\/colombia\/noticias\/imputado-concejal-en-guaviare-que-habria-realizado-cirugia-a-una-gata-sin-ser-veterinario\/#article\",\"isPartOf\":{\"@id\":\"https:\/\/www.fiscalia.gov.co\/colombia\/noticias\/imputado-concejal-en-guaviare-que-habria-realizado-cirugia-a-una-gata-sin-ser-veterinario\/\"},\"author\":{\"name\":\"Johanna Black Prieto Pe\u00f1a\",\"@id\":\"https:\/\/www.fiscalia.gov.co\/colombia\/#\/schema\/person\/b19b49f26569f91393176a2b3d13a0e5\"},\"headline\":\"Imputado concejal en Guaviare que habr\u00eda realizado cirug\u00eda a una gata sin ser veterinario\",\"datePublished\":\"2021-11-08T19:09:36+00:00\",\"dateModified\":\"2021-11-08T19:16:23+00:00\",\"mainEntityOfPage\":{\"@id\":\"https:\/\/www.fiscalia.gov.co\/colombia\/noticias\/imputado-concejal-en-guaviare-que-habria-realizado-cirugia-a-una-gata-sin-ser-veterinario\/\"},\"wordCount\":473,\"publisher\":{\"@id\":\"https:\/\/www.fiscalia.gov.co\/colombia\/#organization\"},\"image\":{\"@id\":\"https:\/\/www.fiscalia.gov.co\/colombia\/noticias\/imputado-concejal-en-guaviare-que-habria-realizado-cirugia-a-una-gata-sin-ser-veterinario\/#primaryimage\"},\"thumbnailUrl\":\"https:\/\/www.fiscalia.gov.co\/colombia\/wp-content\/uploads\/Foto-3-2.jpg\",\"keywords\":[\"Guaviare\",\"Maltrato animal\",\"Valle del Cauca\"],\"articleSection\":[\"Noticias\",\"Seccional Bogot\u00e1\",\"Seccionales\"],\"inLanguage\":\"es-CO\"},{\"@type\":\"WebPage\",\"@id\":\"https:\/\/www.fiscalia.gov.co\/colombia\/noticias\/imputado-concejal-en-guaviare-que-habria-realizado-cirugia-a-una-gata-sin-ser-veterinario\/\",\"url\":\"https:\/\/www.fiscalia.gov.co\/colombia\/noticias\/imputado-concejal-en-guaviare-que-habria-realizado-cirugia-a-una-gata-sin-ser-veterinario\/\",\"name\":\"Fiscal\u00eda General de la Naci\u00f3n\",\"isPartOf\":{\"@id\":\"https:\/\/www.fiscalia.gov.co\/colombia\/#website\"},\"primaryImageOfPage\":{\"@id\":\"https:\/\/www.fiscalia.gov.co\/colombia\/noticias\/imputado-concejal-en-guaviare-que-habria-realizado-cirugia-a-una-gata-sin-ser-veterinario\/#primaryimage\"},\"image\":{\"@id\":\"https:\/\/www.fiscalia.gov.co\/colombia\/noticias\/imputado-concejal-en-guaviare-que-habria-realizado-cirugia-a-una-gata-sin-ser-veterinario\/#primaryimage\"},\"thumbnailUrl\":\"https:\/\/www.fiscalia.gov.co\/colombia\/wp-content\/uploads\/Foto-3-2.jpg\",\"datePublished\":\"2021-11-08T19:09:36+00:00\",\"dateModified\":\"2021-11-08T19:16:23+00:00\",\"description\":\"P\u00e1gina oficial de la Fiscal\u00eda General de la Naci\u00f3n \u2013 Colombia. Garantizamos el acceso efectivo a la justicia, la verdad y la reparaci\u00f3n de las v\u00edctimas de los delitos.\",\"breadcrumb\":{\"@id\":\"https:\/\/www.fiscalia.gov.co\/colombia\/noticias\/imputado-concejal-en-guaviare-que-habria-realizado-cirugia-a-una-gata-sin-ser-veterinario\/#breadcrumb\"},\"inLanguage\":\"es-CO\",\"potentialAction\":[{\"@type\":\"ReadAction\",\"target\":[\"https:\/\/www.fiscalia.gov.co\/colombia\/noticias\/imputado-concejal-en-guaviare-que-habria-realizado-cirugia-a-una-gata-sin-ser-veterinario\/\"]}]},{\"@type\":\"ImageObject\",\"inLanguage\":\"es-CO\",\"@id\":\"https:\/\/www.fiscalia.gov.co\/colombia\/noticias\/imputado-concejal-en-guaviare-que-habria-realizado-cirugia-a-una-gata-sin-ser-veterinario\/#primaryimage\",\"url\":\"https:\/\/www.fiscalia.gov.co\/colombia\/wp-content\/uploads\/Foto-3-2.jpg\",\"contentUrl\":\"https:\/\/www.fiscalia.gov.co\/colombia\/wp-content\/uploads\/Foto-3-2.jpg\",\"width\":1600,\"height\":1185,\"caption\":\"Estrella al parecer sufri\u00f3 da\u00f1os en sus \u00f3rganos reproductivos y urinarios\"},{\"@type\":\"BreadcrumbList\",\"@id\":\"https:\/\/www.fiscalia.gov.co\/colombia\/noticias\/imputado-concejal-en-guaviare-que-habria-realizado-cirugia-a-una-gata-sin-ser-veterinario\/#breadcrumb\",\"itemListElement\":[{\"@type\":\"ListItem\",\"position\":1,\"name\":\"Home\",\"item\":\"https:\/\/www.fiscalia.gov.co\/colombia\/\"},{\"@type\":\"ListItem\",\"position\":2,\"name\":\"Imputado concejal en Guaviare que habr\u00eda realizado cirug\u00eda a una gata sin ser veterinario\"}]},{\"@type\":\"WebSite\",\"@id\":\"https:\/\/www.fiscalia.gov.co\/colombia\/#website\",\"url\":\"https:\/\/www.fiscalia.gov.co\/colombia\/\",\"name\":\"Fiscal\u00eda General de la Naci\u00f3n\",\"description\":\"P\u00e1gina oficial de la Fiscal\u00eda General de la Naci\u00f3n \u2013 Colombia. Garantizamos el acceso efectivo a la justicia, la verdad y la reparaci\u00f3n de las v\u00edctimas de los delitos.\",\"publisher\":{\"@id\":\"https:\/\/www.fiscalia.gov.co\/colombia\/#organization\"},\"potentialAction\":[{\"@type\":\"SearchAction\",\"target\":{\"@type\":\"EntryPoint\",\"urlTemplate\":\"https:\/\/www.fiscalia.gov.co\/colombia\/?s={search_term_string}\"},\"query-input\":{\"@type\":\"PropertyValueSpecification\",\"valueRequired\":true,\"valueName\":\"search_term_string\"}}],\"inLanguage\":\"es-CO\"},{\"@type\":\"Organization\",\"@id\":\"https:\/\/www.fiscalia.gov.co\/colombia\/#organization\",\"name\":\"Fiscal\u00eda General de la Naci\u00f3n\",\"url\":\"https:\/\/www.fiscalia.gov.co\/colombia\/\",\"logo\":{\"@type\":\"ImageObject\",\"inLanguage\":\"es-CO\",\"@id\":\"https:\/\/www.fiscalia.gov.co\/colombia\/#\/schema\/logo\/image\/\",\"url\":\"https:\/\/www.fiscalia.gov.co\/colombia\/wp-content\/uploads\/LogoHorizontal_1.jpg\",\"contentUrl\":\"https:\/\/www.fiscalia.gov.co\/colombia\/wp-content\/uploads\/LogoHorizontal_1.jpg\",\"width\":300,\"height\":90,\"caption\":\"Fiscal\u00eda General de la Naci\u00f3n\"},\"image\":{\"@id\":\"https:\/\/www.fiscalia.gov.co\/colombia\/#\/schema\/logo\/image\/\"},\"sameAs\":[\"https:\/\/www.facebook.com\/FiscaliaCol\",\"https:\/\/x.com\/FiscaliaCol\",\"https:\/\/www.instagram.com\/fiscaliacol\",\"https:\/\/www.linkedin.com\/company\/fiscalia-general-de-la-naci-n\/\",\"https:\/\/youtube.com\/@fiscaliageneraldelanacion-4668?si=6nN79nyQICPU5iTh\"]},{\"@type\":\"Person\",\"@id\":\"https:\/\/www.fiscalia.gov.co\/colombia\/#\/schema\/person\/b19b49f26569f91393176a2b3d13a0e5\",\"name\":\"Johanna Black Prieto Pe\u00f1a\",\"image\":{\"@type\":\"ImageObject\",\"inLanguage\":\"es-CO\",\"@id\":\"https:\/\/www.fiscalia.gov.co\/colombia\/#\/schema\/person\/image\/\",\"url\":\"https:\/\/secure.gravatar.com\/avatar\/7f04518e1774335e76d761d76f04003e?s=96&d=mm&r=g\",\"contentUrl\":\"https:\/\/secure.gravatar.com\/avatar\/7f04518e1774335e76d761d76f04003e?s=96&d=mm&r=g\",\"caption\":\"Johanna Black Prieto Pe\u00f1a\"},\"url\":\"https:\/\/www.fiscalia.gov.co\/colombia\/author\/jprieto\/\"}]}<\/script>\n<!-- \/ Yoast SEO plugin. -->","yoast_head_json":{"title":"Fiscal\u00eda General de la Naci\u00f3n","description":"P\u00e1gina oficial de la Fiscal\u00eda General de la Naci\u00f3n \u2013 Colombia. Garantizamos el acceso efectivo a la justicia, la verdad y la reparaci\u00f3n de las v\u00edctimas de los delitos.","robots":{"index":"noindex","follow":"follow"},"og_locale":"es_ES","og_type":"article","og_title":"Fiscal\u00eda General de la Naci\u00f3n","og_description":"P\u00e1gina oficial de la Fiscal\u00eda General de la Naci\u00f3n \u2013 Colombia. Garantizamos el acceso efectivo a la justicia, la verdad y la reparaci\u00f3n de las v\u00edctimas de los delitos.","og_url":"https:\/\/www.fiscalia.gov.co\/colombia\/noticias\/imputado-concejal-en-guaviare-que-habria-realizado-cirugia-a-una-gata-sin-ser-veterinario\/","og_site_name":"Fiscal\u00eda General de la Naci\u00f3n","article_publisher":"https:\/\/www.facebook.com\/FiscaliaCol","article_published_time":"2021-11-08T19:09:36+00:00","article_modified_time":"2021-11-08T19:16:23+00:00","og_image":[{"url":"https:\/\/www.fiscalia.gov.co\/colombia\/wp-content\/uploads\/Foto-3-2.jpg","type":"","width":"","height":""}],"author":"Johanna Black Prieto Pe\u00f1a","twitter_card":"summary_large_image","twitter_creator":"@FiscaliaCol","twitter_site":"@FiscaliaCol","twitter_misc":{"Escrito por":"Johanna Black Prieto Pe\u00f1a","Tiempo de lectura":"2 minutos"},"schema":{"@context":"https:\/\/schema.org","@graph":[{"@type":"Article","@id":"https:\/\/www.fiscalia.gov.co\/colombia\/noticias\/imputado-concejal-en-guaviare-que-habria-realizado-cirugia-a-una-gata-sin-ser-veterinario\/#article","isPartOf":{"@id":"https:\/\/www.fiscalia.gov.co\/colombia\/noticias\/imputado-concejal-en-guaviare-que-habria-realizado-cirugia-a-una-gata-sin-ser-veterinario\/"},"author":{"name":"Johanna Black Prieto Pe\u00f1a","@id":"https:\/\/www.fiscalia.gov.co\/colombia\/#\/schema\/person\/b19b49f26569f91393176a2b3d13a0e5"},"headline":"Imputado concejal en Guaviare que habr\u00eda realizado cirug\u00eda a una gata sin ser veterinario","datePublished":"2021-11-08T19:09:36+00:00","dateModified":"2021-11-08T19:16:23+00:00","mainEntityOfPage":{"@id":"https:\/\/www.fiscalia.gov.co\/colombia\/noticias\/imputado-concejal-en-guaviare-que-habria-realizado-cirugia-a-una-gata-sin-ser-veterinario\/"},"wordCount":473,"publisher":{"@id":"https:\/\/www.fiscalia.gov.co\/colombia\/#organization"},"image":{"@id":"https:\/\/www.fiscalia.gov.co\/colombia\/noticias\/imputado-concejal-en-guaviare-que-habria-realizado-cirugia-a-una-gata-sin-ser-veterinario\/#primaryimage"},"thumbnailUrl":"https:\/\/www.fiscalia.gov.co\/colombia\/wp-content\/uploads\/Foto-3-2.jpg","keywords":["Guaviare","Maltrato animal","Valle del Cauca"],"articleSection":["Noticias","Seccional Bogot\u00e1","Seccionales"],"inLanguage":"es-CO"},{"@type":"WebPage","@id":"https:\/\/www.fiscalia.gov.co\/colombia\/noticias\/imputado-concejal-en-guaviare-que-habria-realizado-cirugia-a-una-gata-sin-ser-veterinario\/","url":"https:\/\/www.fiscalia.gov.co\/colombia\/noticias\/imputado-concejal-en-guaviare-que-habria-realizado-cirugia-a-una-gata-sin-ser-veterinario\/","name":"Fiscal\u00eda General de la Naci\u00f3n","isPartOf":{"@id":"https:\/\/www.fiscalia.gov.co\/colombia\/#website"},"primaryImageOfPage":{"@id":"https:\/\/www.fiscalia.gov.co\/colombia\/noticias\/imputado-concejal-en-guaviare-que-habria-realizado-cirugia-a-una-gata-sin-ser-veterinario\/#primaryimage"},"image":{"@id":"https:\/\/www.fiscalia.gov.co\/colombia\/noticias\/imputado-concejal-en-guaviare-que-habria-realizado-cirugia-a-una-gata-sin-ser-veterinario\/#primaryimage"},"thumbnailUrl":"https:\/\/www.fiscalia.gov.co\/colombia\/wp-content\/uploads\/Foto-3-2.jpg","datePublished":"2021-11-08T19:09:36+00:00","dateModified":"2021-11-08T19:16:23+00:00","description":"P\u00e1gina oficial de la Fiscal\u00eda General de la Naci\u00f3n \u2013 Colombia. Garantizamos el acceso efectivo a la justicia, la verdad y la reparaci\u00f3n de las v\u00edctimas de los delitos.","breadcrumb":{"@id":"https:\/\/www.fiscalia.gov.co\/colombia\/noticias\/imputado-concejal-en-guaviare-que-habria-realizado-cirugia-a-una-gata-sin-ser-veterinario\/#breadcrumb"},"inLanguage":"es-CO","potentialAction":[{"@type":"ReadAction","target":["https:\/\/www.fiscalia.gov.co\/colombia\/noticias\/imputado-concejal-en-guaviare-que-habria-realizado-cirugia-a-una-gata-sin-ser-veterinario\/"]}]},{"@type":"ImageObject","inLanguage":"es-CO","@id":"https:\/\/www.fiscalia.gov.co\/colombia\/noticias\/imputado-concejal-en-guaviare-que-habria-realizado-cirugia-a-una-gata-sin-ser-veterinario\/#primaryimage","url":"https:\/\/www.fiscalia.gov.co\/colombia\/wp-content\/uploads\/Foto-3-2.jpg","contentUrl":"https:\/\/www.fiscalia.gov.co\/colombia\/wp-content\/uploads\/Foto-3-2.jpg","width":1600,"height":1185,"caption":"Estrella al parecer sufri\u00f3 da\u00f1os en sus \u00f3rganos reproductivos y urinarios"},{"@type":"BreadcrumbList","@id":"https:\/\/www.fiscalia.gov.co\/colombia\/noticias\/imputado-concejal-en-guaviare-que-habria-realizado-cirugia-a-una-gata-sin-ser-veterinario\/#breadcrumb","itemListElement":[{"@type":"ListItem","position":1,"name":"Home","item":"https:\/\/www.fiscalia.gov.co\/colombia\/"},{"@type":"ListItem","position":2,"name":"Imputado concejal en Guaviare que habr\u00eda realizado cirug\u00eda a una gata sin ser veterinario"}]},{"@type":"WebSite","@id":"https:\/\/www.fiscalia.gov.co\/colombia\/#website","url":"https:\/\/www.fiscalia.gov.co\/colombia\/","name":"Fiscal\u00eda General de la Naci\u00f3n","description":"P\u00e1gina oficial de la Fiscal\u00eda General de la Naci\u00f3n \u2013 Colombia. Garantizamos el acceso efectivo a la justicia, la verdad y la reparaci\u00f3n de las v\u00edctimas de los delitos.","publisher":{"@id":"https:\/\/www.fiscalia.gov.co\/colombia\/#organization"},"potentialAction":[{"@type":"SearchAction","target":{"@type":"EntryPoint","urlTemplate":"https:\/\/www.fiscalia.gov.co\/colombia\/?s={search_term_string}"},"query-input":{"@type":"PropertyValueSpecification","valueRequired":true,"valueName":"search_term_string"}}],"inLanguage":"es-CO"},{"@type":"Organization","@id":"https:\/\/www.fiscalia.gov.co\/colombia\/#organization","name":"Fiscal\u00eda General de la Naci\u00f3n","url":"https:\/\/www.fiscalia.gov.co\/colombia\/","logo":{"@type":"ImageObject","inLanguage":"es-CO","@id":"https:\/\/www.fiscalia.gov.co\/colombia\/#\/schema\/logo\/image\/","url":"https:\/\/www.fiscalia.gov.co\/colombia\/wp-content\/uploads\/LogoHorizontal_1.jpg","contentUrl":"https:\/\/www.fiscalia.gov.co\/colombia\/wp-content\/uploads\/LogoHorizontal_1.jpg","width":300,"height":90,"caption":"Fiscal\u00eda General de la Naci\u00f3n"},"image":{"@id":"https:\/\/www.fiscalia.gov.co\/colombia\/#\/schema\/logo\/image\/"},"sameAs":["https:\/\/www.facebook.com\/FiscaliaCol","https:\/\/x.com\/FiscaliaCol","https:\/\/www.instagram.com\/fiscaliacol","https:\/\/www.linkedin.com\/company\/fiscalia-general-de-la-naci-n\/","https:\/\/youtube.com\/@fiscaliageneraldelanacion-4668?si=6nN79nyQICPU5iTh"]},{"@type":"Person","@id":"https:\/\/www.fiscalia.gov.co\/colombia\/#\/schema\/person\/b19b49f26569f91393176a2b3d13a0e5","name":"Johanna Black Prieto Pe\u00f1a","image":{"@type":"ImageObject","inLanguage":"es-CO","@id":"https:\/\/www.fiscalia.gov.co\/colombia\/#\/schema\/person\/image\/","url":"https:\/\/secure.gravatar.com\/avatar\/7f04518e1774335e76d761d76f04003e?s=96&d=mm&r=g","contentUrl":"https:\/\/secure.gravatar.com\/avatar\/7f04518e1774335e76d761d76f04003e?s=96&d=mm&r=g","caption":"Johanna Black Prieto Pe\u00f1a"},"url":"https:\/\/www.fiscalia.gov.co\/colombia\/author\/jprieto\/"}]}},"_links":{"self":[{"href":"https:\/\/www.fiscalia.gov.co\/colombia\/wp-json\/wp\/v2\/posts\/234228","targetHints":{"allow":["GET"]}}],"collection":[{"href":"https:\/\/www.fiscalia.gov.co\/colombia\/wp-json\/wp\/v2\/posts"}],"about":[{"href":"https:\/\/www.fiscalia.gov.co\/colombia\/wp-json\/wp\/v2\/types\/post"}],"author":[{"embeddable":true,"href":"https:\/\/www.fiscalia.gov.co\/colombia\/wp-json\/wp\/v2\/users\/176"}],"replies":[{"embeddable":true,"href":"https:\/\/www.fiscalia.gov.co\/colombia\/wp-json\/wp\/v2\/comments?post=234228"}],"version-history":[{"count":1,"href":"https:\/\/www.fiscalia.gov.co\/colombia\/wp-json\/wp\/v2\/posts\/234228\/revisions"}],"predecessor-version":[{"id":234232,"href":"https:\/\/www.fiscalia.gov.co\/colombia\/wp-json\/wp\/v2\/posts\/234228\/revisions\/234232"}],"wp:attachment":[{"href":"https:\/\/www.fiscalia.gov.co\/colombia\/wp-json\/wp\/v2\/media?parent=234228"}],"wp:term":[{"taxonomy":"category","embeddable":true,"href":"https:\/\/www.fiscalia.gov.co\/colombia\/wp-json\/wp\/v2\/categories?post=234228"},{"taxonomy":"post_tag","embeddable":true,"href":"https:\/\/www.fiscalia.gov.co\/colombia\/wp-json\/wp\/v2\/tags?post=234228"}],"curies":[{"name":"wp","href":"https:\/\/api.w.org\/{rel}","templated":true}]}}