{"id":234206,"date":"2021-11-08T12:34:05","date_gmt":"2021-11-08T17:34:05","guid":{"rendered":"https:\/\/www.fiscalia.gov.co\/colombia\/?p=234206"},"modified":"2021-11-18T21:43:10","modified_gmt":"2021-11-19T02:43:10","slug":"judicializados-ocho-presuntos-integrantes-de-los-costeros-grupo-delincuencial-que-comercializaba-sustancias-estupefacientes-en-baranoa-atlantico","status":"publish","type":"post","link":"https:\/\/www.fiscalia.gov.co\/colombia\/noticias\/judicializados-ocho-presuntos-integrantes-de-los-costeros-grupo-delincuencial-que-comercializaba-sustancias-estupefacientes-en-baranoa-atlantico\/","title":{"rendered":"Judicializados ocho presuntos integrantes de &#8216;Los Costeros&#8217;, grupo delincuencial que comercializaba sustancias estupefacientes\u00a0en Baranoa (Atl\u00e1ntico)"},"content":{"rendered":"<div>Como presuntos integrantes de la banda delictiva <b>Los Costeros<\/b>, dedicada al tr\u00e1fico de estupefacientes\u00a0en el municipio de Baranoa (Atl\u00e1ntico), ocho personas fueron judicializadas ante un juez de control de garant\u00edas, a petici\u00f3n de\u00a0la\u00a0<b>Fiscal\u00eda Seccional Atl\u00e1ntico<\/b>.<\/div>\n<div>\n<div dir=\"ltr\">\n<div dir=\"ltr\">\n<figure id=\"attachment_234207\" aria-describedby=\"caption-attachment-234207\" style=\"width: 1280px\" class=\"wp-caption alignnone\"><img loading=\"lazy\" decoding=\"async\" class=\"size-full wp-image-234207\" src=\"https:\/\/www.fiscalia.gov.co\/colombia\/wp-content\/uploads\/Banda-delictiva-Los-Costeros-dedicada-al-tr\u00e1fico-de-estupefacientes-en-el-municipio-de-Baranoa-Atl\u00e1ntico.jpg\" alt=\"\" width=\"1280\" height=\"756\" srcset=\"https:\/\/www.fiscalia.gov.co\/colombia\/wp-content\/uploads\/Banda-delictiva-Los-Costeros-dedicada-al-tr\u00e1fico-de-estupefacientes-en-el-municipio-de-Baranoa-Atl\u00e1ntico.jpg 1280w, https:\/\/www.fiscalia.gov.co\/colombia\/wp-content\/uploads\/Banda-delictiva-Los-Costeros-dedicada-al-tr\u00e1fico-de-estupefacientes-en-el-municipio-de-Baranoa-Atl\u00e1ntico-300x177.jpg 300w, https:\/\/www.fiscalia.gov.co\/colombia\/wp-content\/uploads\/Banda-delictiva-Los-Costeros-dedicada-al-tr\u00e1fico-de-estupefacientes-en-el-municipio-de-Baranoa-Atl\u00e1ntico-1024x605.jpg 1024w, https:\/\/www.fiscalia.gov.co\/colombia\/wp-content\/uploads\/Banda-delictiva-Los-Costeros-dedicada-al-tr\u00e1fico-de-estupefacientes-en-el-municipio-de-Baranoa-Atl\u00e1ntico-768x454.jpg 768w, https:\/\/www.fiscalia.gov.co\/colombia\/wp-content\/uploads\/Banda-delictiva-Los-Costeros-dedicada-al-tr\u00e1fico-de-estupefacientes-en-el-municipio-de-Baranoa-Atl\u00e1ntico-696x411.jpg 696w, https:\/\/www.fiscalia.gov.co\/colombia\/wp-content\/uploads\/Banda-delictiva-Los-Costeros-dedicada-al-tr\u00e1fico-de-estupefacientes-en-el-municipio-de-Baranoa-Atl\u00e1ntico-1068x631.jpg 1068w, https:\/\/www.fiscalia.gov.co\/colombia\/wp-content\/uploads\/Banda-delictiva-Los-Costeros-dedicada-al-tr\u00e1fico-de-estupefacientes-en-el-municipio-de-Baranoa-Atl\u00e1ntico-711x420.jpg 711w\" sizes=\"auto, (max-width: 1280px) 100vw, 1280px\" \/><figcaption id=\"caption-attachment-234207\" class=\"wp-caption-text\">Banda delictiva Los Costeros, dedicada al tr\u00e1fico de estupefacientes en el municipio de Baranoa (Atl\u00e1ntico)<\/figcaption><\/figure>\n<p>Se trata de Jos\u00e9 Gregorio Algar\u00edn \u00c1vila, alias El Negro Algar\u00edn; Wilmer Enrique Zuleta L\u00f3pez, alias La Mika; Jorge Andr\u00e9s Palma Peralta, Ronald Martes Arc\u00f3n, Daniel de Jes\u00fas Cantillo Henrique, Juan Camilo Palacio S\u00e1nchez, Jos\u00e9 de Jes\u00fas Zarate Algar\u00edn y\u00a0Alex Ney Ruz Ortega.<\/p>\n<p>Estas personas responder\u00edan por\u00a0el delito de tr\u00e1fico, fabricaci\u00f3n o porte de estupefacientes y con concierto para delinquir; cargo que no fueron aceptados.<\/p>\n<p>De acuerdo con las indagaciones de un\u00a0<b>fiscal de la Unidad de Microtr\u00e1fico<\/b>\u00a0y la Sij\u00edn de la Polic\u00eda Nacional, el grupo delictivo vend\u00eda\u00a0las sustancias alucin\u00f3genas a domicilio y en lugares p\u00fablicos de\u00a0los sectores La Virgencita y El Diomedazo de esa localidad.<\/p>\n<p>Asimismo, se evidenci\u00f3 que\u00a0alias El Negro Algar\u00edn, al parecer era el cabecilla de &#8216;Los Costeros&#8217; y, que\u00a0alias Mika supuestamente ser\u00eda quien comercializaba los narc\u00f3ticos.<\/p>\n<p>Los procesados fueron capturados por\u00a0uniformados de Polic\u00eda Nacional en diligencias de allanamientos a varias viviendas, ubicadas en\u00a0el municipio de Baranoa.<\/p>\n<p>Al t\u00e9rmino de las audiencias concentradas, el juez priv\u00f3 de la libertad en centro carcelario a 7 de los procesados.<\/p>\n<p>La Fiscal\u00eda General de la Naci\u00f3n habla con resultados.<\/p>\n<p>&nbsp;<\/p>\n<p>SKCR\/MG\/MIJR<\/p>\n<div><i>La informaci\u00f3n contenida en este bolet\u00edn de prensa corresponde a la narraci\u00f3n de los hechos noticiosos objetivos, suministrados por los funcionarios encargados de adelantar las investigaciones penales al interior de la Fiscal\u00eda General de la Naci\u00f3n. Para el momento de la divulgaci\u00f3n de este comunicado, la situaci\u00f3n jur\u00eddica de la(s) persona(s) relacionada(s) se encuentra pendiente de resolver por la autoridad judicial competente, siempre bajo los preceptos de la presunci\u00f3n de inocencia, consagrados en el art\u00edculo 29 de la Constituci\u00f3n Pol\u00edtica y el art\u00edculo 7\u00ba de la Ley 906 de 2004.<\/i><\/div>\n<\/div>\n<div><\/div>\n<\/div>\n<\/div>\n\n<div class=\"twitter-share\"><a href=\"https:\/\/twitter.com\/intent\/tweet?via=fiscaliacol\" class=\"twitter-share-button\">Tweet<\/a><\/div>\n","protected":false},"excerpt":{"rendered":"<p>Como presuntos integrantes de la banda delictiva Los Costeros, dedicada al tr\u00e1fico de estupefacientes\u00a0en el municipio de Baranoa (Atl\u00e1ntico), ocho personas fueron judicializadas ante un juez de control de garant\u00edas, a petici\u00f3n de\u00a0la\u00a0Fiscal\u00eda Seccional Atl\u00e1ntico. Se trata de Jos\u00e9 Gregorio Algar\u00edn \u00c1vila, alias El Negro Algar\u00edn; Wilmer Enrique Zuleta L\u00f3pez, alias La Mika; Jorge Andr\u00e9s [&hellip;]<\/p>\n","protected":false},"author":176,"featured_media":235088,"comment_status":"closed","ping_status":"open","sticky":false,"template":"","format":"video","meta":{"_price":"","_stock":"","_tribe_ticket_header":"","_tribe_default_ticket_provider":"","_tribe_ticket_capacity":"0","_ticket_start_date":"","_ticket_end_date":"","_tribe_ticket_show_description":"","_tribe_ticket_show_not_going":false,"_tribe_ticket_use_global_stock":"","_tribe_ticket_global_stock_level":"","_global_stock_mode":"","_global_stock_cap":"","_tribe_rsvp_for_event":"","_tribe_ticket_going_count":"","_tribe_ticket_not_going_count":"","_tribe_tickets_list":"[]","_tribe_ticket_has_attendee_info_fields":false,"tdm_status":"","tdm_grid_status":"","footnotes":""},"categories":[1,320,303,24103],"tags":[29418,14083,26792,4614,29417,27199,155],"class_list":{"0":"post-234206","1":"post","2":"type-post","3":"status-publish","4":"format-video","5":"has-post-thumbnail","7":"category-noticias","8":"category-seccional-barranquilla","9":"category-seccionales","10":"category-trafico-de-estupefacientes","11":"tag-alias-la-mika","12":"tag-atlantico","13":"tag-baranoa","14":"tag-fiscalia-2","15":"tag-los-costeros","16":"tag-seccional-atlantico","17":"tag-trafico-de-estupefacientes","18":"post_format-post-format-video"},"yoast_head":"<!-- This site is optimized with the Yoast SEO plugin v24.3 - https:\/\/yoast.com\/wordpress\/plugins\/seo\/ -->\n<title>Fiscal\u00eda General de la Naci\u00f3n<\/title>\n<meta name=\"description\" content=\"P\u00e1gina oficial de la Fiscal\u00eda General de la Naci\u00f3n \u2013 Colombia. Garantizamos el acceso efectivo a la justicia, la verdad y la reparaci\u00f3n de las v\u00edctimas de los delitos.\" \/>\n<meta name=\"robots\" content=\"noindex, follow\" \/>\n<meta property=\"og:locale\" content=\"es_ES\" \/>\n<meta property=\"og:type\" content=\"article\" \/>\n<meta property=\"og:title\" content=\"Fiscal\u00eda General de la Naci\u00f3n\" \/>\n<meta property=\"og:description\" content=\"P\u00e1gina oficial de la Fiscal\u00eda General de la Naci\u00f3n \u2013 Colombia. Garantizamos el acceso efectivo a la justicia, la verdad y la reparaci\u00f3n de las v\u00edctimas de los delitos.\" \/>\n<meta property=\"og:url\" content=\"https:\/\/www.fiscalia.gov.co\/colombia\/noticias\/judicializados-ocho-presuntos-integrantes-de-los-costeros-grupo-delincuencial-que-comercializaba-sustancias-estupefacientes-en-baranoa-atlantico\/\" \/>\n<meta property=\"og:site_name\" content=\"Fiscal\u00eda General de la Naci\u00f3n\" \/>\n<meta property=\"article:publisher\" content=\"https:\/\/www.facebook.com\/FiscaliaCol\" \/>\n<meta property=\"article:published_time\" content=\"2021-11-08T17:34:05+00:00\" \/>\n<meta property=\"article:modified_time\" content=\"2021-11-19T02:43:10+00:00\" \/>\n<meta property=\"og:image\" content=\"https:\/\/www.fiscalia.gov.co\/colombia\/wp-content\/uploads\/maxresdefault-174.jpg\" \/>\n\t<meta property=\"og:image:width\" content=\"1280\" \/>\n\t<meta property=\"og:image:height\" content=\"720\" \/>\n\t<meta property=\"og:image:type\" content=\"image\/jpeg\" \/>\n<meta name=\"author\" content=\"Johanna Black Prieto Pe\u00f1a\" \/>\n<meta name=\"twitter:card\" content=\"summary_large_image\" \/>\n<meta name=\"twitter:creator\" content=\"@FiscaliaCol\" \/>\n<meta name=\"twitter:site\" content=\"@FiscaliaCol\" \/>\n<meta name=\"twitter:label1\" content=\"Escrito por\" \/>\n\t<meta name=\"twitter:data1\" content=\"Johanna Black Prieto Pe\u00f1a\" \/>\n\t<meta name=\"twitter:label2\" content=\"Tiempo de lectura\" \/>\n\t<meta name=\"twitter:data2\" content=\"2 minutos\" \/>\n<script type=\"application\/ld+json\" class=\"yoast-schema-graph\">{\"@context\":\"https:\/\/schema.org\",\"@graph\":[{\"@type\":\"Article\",\"@id\":\"https:\/\/www.fiscalia.gov.co\/colombia\/noticias\/judicializados-ocho-presuntos-integrantes-de-los-costeros-grupo-delincuencial-que-comercializaba-sustancias-estupefacientes-en-baranoa-atlantico\/#article\",\"isPartOf\":{\"@id\":\"https:\/\/www.fiscalia.gov.co\/colombia\/noticias\/judicializados-ocho-presuntos-integrantes-de-los-costeros-grupo-delincuencial-que-comercializaba-sustancias-estupefacientes-en-baranoa-atlantico\/\"},\"author\":{\"name\":\"Johanna Black Prieto Pe\u00f1a\",\"@id\":\"https:\/\/www.fiscalia.gov.co\/colombia\/#\/schema\/person\/b19b49f26569f91393176a2b3d13a0e5\"},\"headline\":\"Judicializados ocho presuntos integrantes de &#8216;Los Costeros&#8217;, grupo delincuencial que comercializaba sustancias estupefacientes\u00a0en Baranoa (Atl\u00e1ntico)\",\"datePublished\":\"2021-11-08T17:34:05+00:00\",\"dateModified\":\"2021-11-19T02:43:10+00:00\",\"mainEntityOfPage\":{\"@id\":\"https:\/\/www.fiscalia.gov.co\/colombia\/noticias\/judicializados-ocho-presuntos-integrantes-de-los-costeros-grupo-delincuencial-que-comercializaba-sustancias-estupefacientes-en-baranoa-atlantico\/\"},\"wordCount\":403,\"publisher\":{\"@id\":\"https:\/\/www.fiscalia.gov.co\/colombia\/#organization\"},\"image\":{\"@id\":\"https:\/\/www.fiscalia.gov.co\/colombia\/noticias\/judicializados-ocho-presuntos-integrantes-de-los-costeros-grupo-delincuencial-que-comercializaba-sustancias-estupefacientes-en-baranoa-atlantico\/#primaryimage\"},\"thumbnailUrl\":\"https:\/\/www.fiscalia.gov.co\/colombia\/wp-content\/uploads\/maxresdefault-174.jpg\",\"keywords\":[\"alias La Mika\",\"Atl\u00e1ntico\",\"Baranoa\",\"Fiscal\u00eda\",\"Los Costeros\",\"Seccional Atl\u00e1ntico\",\"Tr\u00e1fico de estupefacientes\"],\"articleSection\":[\"Noticias\",\"Seccional Barranquilla\",\"Seccionales\",\"Tr\u00e1fico de estupefacientes\"],\"inLanguage\":\"es-CO\"},{\"@type\":\"WebPage\",\"@id\":\"https:\/\/www.fiscalia.gov.co\/colombia\/noticias\/judicializados-ocho-presuntos-integrantes-de-los-costeros-grupo-delincuencial-que-comercializaba-sustancias-estupefacientes-en-baranoa-atlantico\/\",\"url\":\"https:\/\/www.fiscalia.gov.co\/colombia\/noticias\/judicializados-ocho-presuntos-integrantes-de-los-costeros-grupo-delincuencial-que-comercializaba-sustancias-estupefacientes-en-baranoa-atlantico\/\",\"name\":\"Fiscal\u00eda General de la Naci\u00f3n\",\"isPartOf\":{\"@id\":\"https:\/\/www.fiscalia.gov.co\/colombia\/#website\"},\"primaryImageOfPage\":{\"@id\":\"https:\/\/www.fiscalia.gov.co\/colombia\/noticias\/judicializados-ocho-presuntos-integrantes-de-los-costeros-grupo-delincuencial-que-comercializaba-sustancias-estupefacientes-en-baranoa-atlantico\/#primaryimage\"},\"image\":{\"@id\":\"https:\/\/www.fiscalia.gov.co\/colombia\/noticias\/judicializados-ocho-presuntos-integrantes-de-los-costeros-grupo-delincuencial-que-comercializaba-sustancias-estupefacientes-en-baranoa-atlantico\/#primaryimage\"},\"thumbnailUrl\":\"https:\/\/www.fiscalia.gov.co\/colombia\/wp-content\/uploads\/maxresdefault-174.jpg\",\"datePublished\":\"2021-11-08T17:34:05+00:00\",\"dateModified\":\"2021-11-19T02:43:10+00:00\",\"description\":\"P\u00e1gina oficial de la Fiscal\u00eda General de la Naci\u00f3n \u2013 Colombia. Garantizamos el acceso efectivo a la justicia, la verdad y la reparaci\u00f3n de las v\u00edctimas de los delitos.\",\"breadcrumb\":{\"@id\":\"https:\/\/www.fiscalia.gov.co\/colombia\/noticias\/judicializados-ocho-presuntos-integrantes-de-los-costeros-grupo-delincuencial-que-comercializaba-sustancias-estupefacientes-en-baranoa-atlantico\/#breadcrumb\"},\"inLanguage\":\"es-CO\",\"potentialAction\":[{\"@type\":\"ReadAction\",\"target\":[\"https:\/\/www.fiscalia.gov.co\/colombia\/noticias\/judicializados-ocho-presuntos-integrantes-de-los-costeros-grupo-delincuencial-que-comercializaba-sustancias-estupefacientes-en-baranoa-atlantico\/\"]}]},{\"@type\":\"ImageObject\",\"inLanguage\":\"es-CO\",\"@id\":\"https:\/\/www.fiscalia.gov.co\/colombia\/noticias\/judicializados-ocho-presuntos-integrantes-de-los-costeros-grupo-delincuencial-que-comercializaba-sustancias-estupefacientes-en-baranoa-atlantico\/#primaryimage\",\"url\":\"https:\/\/www.fiscalia.gov.co\/colombia\/wp-content\/uploads\/maxresdefault-174.jpg\",\"contentUrl\":\"https:\/\/www.fiscalia.gov.co\/colombia\/wp-content\/uploads\/maxresdefault-174.jpg\",\"width\":1280,\"height\":720},{\"@type\":\"BreadcrumbList\",\"@id\":\"https:\/\/www.fiscalia.gov.co\/colombia\/noticias\/judicializados-ocho-presuntos-integrantes-de-los-costeros-grupo-delincuencial-que-comercializaba-sustancias-estupefacientes-en-baranoa-atlantico\/#breadcrumb\",\"itemListElement\":[{\"@type\":\"ListItem\",\"position\":1,\"name\":\"Home\",\"item\":\"https:\/\/www.fiscalia.gov.co\/colombia\/\"},{\"@type\":\"ListItem\",\"position\":2,\"name\":\"Judicializados ocho presuntos integrantes de &#8216;Los Costeros&#8217;, grupo delincuencial que comercializaba sustancias estupefacientes\u00a0en Baranoa (Atl\u00e1ntico)\"}]},{\"@type\":\"WebSite\",\"@id\":\"https:\/\/www.fiscalia.gov.co\/colombia\/#website\",\"url\":\"https:\/\/www.fiscalia.gov.co\/colombia\/\",\"name\":\"Fiscal\u00eda General de la Naci\u00f3n\",\"description\":\"P\u00e1gina oficial de la Fiscal\u00eda General de la Naci\u00f3n \u2013 Colombia. Garantizamos el acceso efectivo a la justicia, la verdad y la reparaci\u00f3n de las v\u00edctimas de los delitos.\",\"publisher\":{\"@id\":\"https:\/\/www.fiscalia.gov.co\/colombia\/#organization\"},\"potentialAction\":[{\"@type\":\"SearchAction\",\"target\":{\"@type\":\"EntryPoint\",\"urlTemplate\":\"https:\/\/www.fiscalia.gov.co\/colombia\/?s={search_term_string}\"},\"query-input\":{\"@type\":\"PropertyValueSpecification\",\"valueRequired\":true,\"valueName\":\"search_term_string\"}}],\"inLanguage\":\"es-CO\"},{\"@type\":\"Organization\",\"@id\":\"https:\/\/www.fiscalia.gov.co\/colombia\/#organization\",\"name\":\"Fiscal\u00eda General de la Naci\u00f3n\",\"url\":\"https:\/\/www.fiscalia.gov.co\/colombia\/\",\"logo\":{\"@type\":\"ImageObject\",\"inLanguage\":\"es-CO\",\"@id\":\"https:\/\/www.fiscalia.gov.co\/colombia\/#\/schema\/logo\/image\/\",\"url\":\"https:\/\/www.fiscalia.gov.co\/colombia\/wp-content\/uploads\/LogoHorizontal_1.jpg\",\"contentUrl\":\"https:\/\/www.fiscalia.gov.co\/colombia\/wp-content\/uploads\/LogoHorizontal_1.jpg\",\"width\":300,\"height\":90,\"caption\":\"Fiscal\u00eda General de la Naci\u00f3n\"},\"image\":{\"@id\":\"https:\/\/www.fiscalia.gov.co\/colombia\/#\/schema\/logo\/image\/\"},\"sameAs\":[\"https:\/\/www.facebook.com\/FiscaliaCol\",\"https:\/\/x.com\/FiscaliaCol\",\"https:\/\/www.instagram.com\/fiscaliacol\",\"https:\/\/www.linkedin.com\/company\/fiscalia-general-de-la-naci-n\/\",\"https:\/\/youtube.com\/@fiscaliageneraldelanacion-4668?si=6nN79nyQICPU5iTh\"]},{\"@type\":\"Person\",\"@id\":\"https:\/\/www.fiscalia.gov.co\/colombia\/#\/schema\/person\/b19b49f26569f91393176a2b3d13a0e5\",\"name\":\"Johanna Black Prieto Pe\u00f1a\",\"image\":{\"@type\":\"ImageObject\",\"inLanguage\":\"es-CO\",\"@id\":\"https:\/\/www.fiscalia.gov.co\/colombia\/#\/schema\/person\/image\/\",\"url\":\"https:\/\/secure.gravatar.com\/avatar\/7f04518e1774335e76d761d76f04003e?s=96&d=mm&r=g\",\"contentUrl\":\"https:\/\/secure.gravatar.com\/avatar\/7f04518e1774335e76d761d76f04003e?s=96&d=mm&r=g\",\"caption\":\"Johanna Black Prieto Pe\u00f1a\"},\"url\":\"https:\/\/www.fiscalia.gov.co\/colombia\/author\/jprieto\/\"}]}<\/script>\n<!-- \/ Yoast SEO plugin. -->","yoast_head_json":{"title":"Fiscal\u00eda General de la Naci\u00f3n","description":"P\u00e1gina oficial de la Fiscal\u00eda General de la Naci\u00f3n \u2013 Colombia. Garantizamos el acceso efectivo a la justicia, la verdad y la reparaci\u00f3n de las v\u00edctimas de los delitos.","robots":{"index":"noindex","follow":"follow"},"og_locale":"es_ES","og_type":"article","og_title":"Fiscal\u00eda General de la Naci\u00f3n","og_description":"P\u00e1gina oficial de la Fiscal\u00eda General de la Naci\u00f3n \u2013 Colombia. Garantizamos el acceso efectivo a la justicia, la verdad y la reparaci\u00f3n de las v\u00edctimas de los delitos.","og_url":"https:\/\/www.fiscalia.gov.co\/colombia\/noticias\/judicializados-ocho-presuntos-integrantes-de-los-costeros-grupo-delincuencial-que-comercializaba-sustancias-estupefacientes-en-baranoa-atlantico\/","og_site_name":"Fiscal\u00eda General de la Naci\u00f3n","article_publisher":"https:\/\/www.facebook.com\/FiscaliaCol","article_published_time":"2021-11-08T17:34:05+00:00","article_modified_time":"2021-11-19T02:43:10+00:00","og_image":[{"width":1280,"height":720,"url":"https:\/\/www.fiscalia.gov.co\/colombia\/wp-content\/uploads\/maxresdefault-174.jpg","type":"image\/jpeg"}],"author":"Johanna Black Prieto Pe\u00f1a","twitter_card":"summary_large_image","twitter_creator":"@FiscaliaCol","twitter_site":"@FiscaliaCol","twitter_misc":{"Escrito por":"Johanna Black Prieto Pe\u00f1a","Tiempo de lectura":"2 minutos"},"schema":{"@context":"https:\/\/schema.org","@graph":[{"@type":"Article","@id":"https:\/\/www.fiscalia.gov.co\/colombia\/noticias\/judicializados-ocho-presuntos-integrantes-de-los-costeros-grupo-delincuencial-que-comercializaba-sustancias-estupefacientes-en-baranoa-atlantico\/#article","isPartOf":{"@id":"https:\/\/www.fiscalia.gov.co\/colombia\/noticias\/judicializados-ocho-presuntos-integrantes-de-los-costeros-grupo-delincuencial-que-comercializaba-sustancias-estupefacientes-en-baranoa-atlantico\/"},"author":{"name":"Johanna Black Prieto Pe\u00f1a","@id":"https:\/\/www.fiscalia.gov.co\/colombia\/#\/schema\/person\/b19b49f26569f91393176a2b3d13a0e5"},"headline":"Judicializados ocho presuntos integrantes de &#8216;Los Costeros&#8217;, grupo delincuencial que comercializaba sustancias estupefacientes\u00a0en Baranoa (Atl\u00e1ntico)","datePublished":"2021-11-08T17:34:05+00:00","dateModified":"2021-11-19T02:43:10+00:00","mainEntityOfPage":{"@id":"https:\/\/www.fiscalia.gov.co\/colombia\/noticias\/judicializados-ocho-presuntos-integrantes-de-los-costeros-grupo-delincuencial-que-comercializaba-sustancias-estupefacientes-en-baranoa-atlantico\/"},"wordCount":403,"publisher":{"@id":"https:\/\/www.fiscalia.gov.co\/colombia\/#organization"},"image":{"@id":"https:\/\/www.fiscalia.gov.co\/colombia\/noticias\/judicializados-ocho-presuntos-integrantes-de-los-costeros-grupo-delincuencial-que-comercializaba-sustancias-estupefacientes-en-baranoa-atlantico\/#primaryimage"},"thumbnailUrl":"https:\/\/www.fiscalia.gov.co\/colombia\/wp-content\/uploads\/maxresdefault-174.jpg","keywords":["alias La Mika","Atl\u00e1ntico","Baranoa","Fiscal\u00eda","Los Costeros","Seccional Atl\u00e1ntico","Tr\u00e1fico de estupefacientes"],"articleSection":["Noticias","Seccional Barranquilla","Seccionales","Tr\u00e1fico de estupefacientes"],"inLanguage":"es-CO"},{"@type":"WebPage","@id":"https:\/\/www.fiscalia.gov.co\/colombia\/noticias\/judicializados-ocho-presuntos-integrantes-de-los-costeros-grupo-delincuencial-que-comercializaba-sustancias-estupefacientes-en-baranoa-atlantico\/","url":"https:\/\/www.fiscalia.gov.co\/colombia\/noticias\/judicializados-ocho-presuntos-integrantes-de-los-costeros-grupo-delincuencial-que-comercializaba-sustancias-estupefacientes-en-baranoa-atlantico\/","name":"Fiscal\u00eda General de la Naci\u00f3n","isPartOf":{"@id":"https:\/\/www.fiscalia.gov.co\/colombia\/#website"},"primaryImageOfPage":{"@id":"https:\/\/www.fiscalia.gov.co\/colombia\/noticias\/judicializados-ocho-presuntos-integrantes-de-los-costeros-grupo-delincuencial-que-comercializaba-sustancias-estupefacientes-en-baranoa-atlantico\/#primaryimage"},"image":{"@id":"https:\/\/www.fiscalia.gov.co\/colombia\/noticias\/judicializados-ocho-presuntos-integrantes-de-los-costeros-grupo-delincuencial-que-comercializaba-sustancias-estupefacientes-en-baranoa-atlantico\/#primaryimage"},"thumbnailUrl":"https:\/\/www.fiscalia.gov.co\/colombia\/wp-content\/uploads\/maxresdefault-174.jpg","datePublished":"2021-11-08T17:34:05+00:00","dateModified":"2021-11-19T02:43:10+00:00","description":"P\u00e1gina oficial de la Fiscal\u00eda General de la Naci\u00f3n \u2013 Colombia. Garantizamos el acceso efectivo a la justicia, la verdad y la reparaci\u00f3n de las v\u00edctimas de los delitos.","breadcrumb":{"@id":"https:\/\/www.fiscalia.gov.co\/colombia\/noticias\/judicializados-ocho-presuntos-integrantes-de-los-costeros-grupo-delincuencial-que-comercializaba-sustancias-estupefacientes-en-baranoa-atlantico\/#breadcrumb"},"inLanguage":"es-CO","potentialAction":[{"@type":"ReadAction","target":["https:\/\/www.fiscalia.gov.co\/colombia\/noticias\/judicializados-ocho-presuntos-integrantes-de-los-costeros-grupo-delincuencial-que-comercializaba-sustancias-estupefacientes-en-baranoa-atlantico\/"]}]},{"@type":"ImageObject","inLanguage":"es-CO","@id":"https:\/\/www.fiscalia.gov.co\/colombia\/noticias\/judicializados-ocho-presuntos-integrantes-de-los-costeros-grupo-delincuencial-que-comercializaba-sustancias-estupefacientes-en-baranoa-atlantico\/#primaryimage","url":"https:\/\/www.fiscalia.gov.co\/colombia\/wp-content\/uploads\/maxresdefault-174.jpg","contentUrl":"https:\/\/www.fiscalia.gov.co\/colombia\/wp-content\/uploads\/maxresdefault-174.jpg","width":1280,"height":720},{"@type":"BreadcrumbList","@id":"https:\/\/www.fiscalia.gov.co\/colombia\/noticias\/judicializados-ocho-presuntos-integrantes-de-los-costeros-grupo-delincuencial-que-comercializaba-sustancias-estupefacientes-en-baranoa-atlantico\/#breadcrumb","itemListElement":[{"@type":"ListItem","position":1,"name":"Home","item":"https:\/\/www.fiscalia.gov.co\/colombia\/"},{"@type":"ListItem","position":2,"name":"Judicializados ocho presuntos integrantes de &#8216;Los Costeros&#8217;, grupo delincuencial que comercializaba sustancias estupefacientes\u00a0en Baranoa (Atl\u00e1ntico)"}]},{"@type":"WebSite","@id":"https:\/\/www.fiscalia.gov.co\/colombia\/#website","url":"https:\/\/www.fiscalia.gov.co\/colombia\/","name":"Fiscal\u00eda General de la Naci\u00f3n","description":"P\u00e1gina oficial de la Fiscal\u00eda General de la Naci\u00f3n \u2013 Colombia. Garantizamos el acceso efectivo a la justicia, la verdad y la reparaci\u00f3n de las v\u00edctimas de los delitos.","publisher":{"@id":"https:\/\/www.fiscalia.gov.co\/colombia\/#organization"},"potentialAction":[{"@type":"SearchAction","target":{"@type":"EntryPoint","urlTemplate":"https:\/\/www.fiscalia.gov.co\/colombia\/?s={search_term_string}"},"query-input":{"@type":"PropertyValueSpecification","valueRequired":true,"valueName":"search_term_string"}}],"inLanguage":"es-CO"},{"@type":"Organization","@id":"https:\/\/www.fiscalia.gov.co\/colombia\/#organization","name":"Fiscal\u00eda General de la Naci\u00f3n","url":"https:\/\/www.fiscalia.gov.co\/colombia\/","logo":{"@type":"ImageObject","inLanguage":"es-CO","@id":"https:\/\/www.fiscalia.gov.co\/colombia\/#\/schema\/logo\/image\/","url":"https:\/\/www.fiscalia.gov.co\/colombia\/wp-content\/uploads\/LogoHorizontal_1.jpg","contentUrl":"https:\/\/www.fiscalia.gov.co\/colombia\/wp-content\/uploads\/LogoHorizontal_1.jpg","width":300,"height":90,"caption":"Fiscal\u00eda General de la Naci\u00f3n"},"image":{"@id":"https:\/\/www.fiscalia.gov.co\/colombia\/#\/schema\/logo\/image\/"},"sameAs":["https:\/\/www.facebook.com\/FiscaliaCol","https:\/\/x.com\/FiscaliaCol","https:\/\/www.instagram.com\/fiscaliacol","https:\/\/www.linkedin.com\/company\/fiscalia-general-de-la-naci-n\/","https:\/\/youtube.com\/@fiscaliageneraldelanacion-4668?si=6nN79nyQICPU5iTh"]},{"@type":"Person","@id":"https:\/\/www.fiscalia.gov.co\/colombia\/#\/schema\/person\/b19b49f26569f91393176a2b3d13a0e5","name":"Johanna Black Prieto Pe\u00f1a","image":{"@type":"ImageObject","inLanguage":"es-CO","@id":"https:\/\/www.fiscalia.gov.co\/colombia\/#\/schema\/person\/image\/","url":"https:\/\/secure.gravatar.com\/avatar\/7f04518e1774335e76d761d76f04003e?s=96&d=mm&r=g","contentUrl":"https:\/\/secure.gravatar.com\/avatar\/7f04518e1774335e76d761d76f04003e?s=96&d=mm&r=g","caption":"Johanna Black Prieto Pe\u00f1a"},"url":"https:\/\/www.fiscalia.gov.co\/colombia\/author\/jprieto\/"}]}},"_links":{"self":[{"href":"https:\/\/www.fiscalia.gov.co\/colombia\/wp-json\/wp\/v2\/posts\/234206","targetHints":{"allow":["GET"]}}],"collection":[{"href":"https:\/\/www.fiscalia.gov.co\/colombia\/wp-json\/wp\/v2\/posts"}],"about":[{"href":"https:\/\/www.fiscalia.gov.co\/colombia\/wp-json\/wp\/v2\/types\/post"}],"author":[{"embeddable":true,"href":"https:\/\/www.fiscalia.gov.co\/colombia\/wp-json\/wp\/v2\/users\/176"}],"replies":[{"embeddable":true,"href":"https:\/\/www.fiscalia.gov.co\/colombia\/wp-json\/wp\/v2\/comments?post=234206"}],"version-history":[{"count":1,"href":"https:\/\/www.fiscalia.gov.co\/colombia\/wp-json\/wp\/v2\/posts\/234206\/revisions"}],"predecessor-version":[{"id":234208,"href":"https:\/\/www.fiscalia.gov.co\/colombia\/wp-json\/wp\/v2\/posts\/234206\/revisions\/234208"}],"wp:featuredmedia":[{"embeddable":true,"href":"https:\/\/www.fiscalia.gov.co\/colombia\/wp-json\/wp\/v2\/media\/235088"}],"wp:attachment":[{"href":"https:\/\/www.fiscalia.gov.co\/colombia\/wp-json\/wp\/v2\/media?parent=234206"}],"wp:term":[{"taxonomy":"category","embeddable":true,"href":"https:\/\/www.fiscalia.gov.co\/colombia\/wp-json\/wp\/v2\/categories?post=234206"},{"taxonomy":"post_tag","embeddable":true,"href":"https:\/\/www.fiscalia.gov.co\/colombia\/wp-json\/wp\/v2\/tags?post=234206"}],"curies":[{"name":"wp","href":"https:\/\/api.w.org\/{rel}","templated":true}]}}