{"id":234151,"date":"2021-11-08T08:15:20","date_gmt":"2021-11-08T13:15:20","guid":{"rendered":"https:\/\/www.fiscalia.gov.co\/colombia\/?p=234151"},"modified":"2021-11-18T21:41:27","modified_gmt":"2021-11-19T02:41:27","slug":"imputados-exalcalde-y-exsecretaria-de-salud-de-manaure-la-guajira-por-presuntas-irregularidades-en-un-contrato-de-8-000-millones-de-pesos-para-evitar-la-mortalidad-infantil-en-el-municipio","status":"publish","type":"post","link":"https:\/\/www.fiscalia.gov.co\/colombia\/noticias\/imputados-exalcalde-y-exsecretaria-de-salud-de-manaure-la-guajira-por-presuntas-irregularidades-en-un-contrato-de-8-000-millones-de-pesos-para-evitar-la-mortalidad-infantil-en-el-municipio\/","title":{"rendered":"Imputados exalcalde y exsecretaria de salud de Manaure (La Guajira) por presuntas irregularidades en un contrato de $8.000 millones de pesos para evitar la mortalidad infantil en el municipio"},"content":{"rendered":"<h4><em>Con su actuar, los procesados habr\u00edan causado un detrimento patrimonial de $2.839 millones.<\/em><\/h4>\n<p>Con ocasi\u00f3n del fen\u00f3meno del ni\u00f1o a mediados de 2015 fue declarada la calamidad p\u00fablica en el municipio de Manaure (La Guajira), para evitar la mortalidad infantil en comunidades ind\u00edgenas asentadas en zonas des\u00e9rticas. En ese sentido, la administraci\u00f3n municipal suscribi\u00f3 un contrato con la IPS Sol Way\u00fau con el objetivo de brindar atenci\u00f3n a 2.000 familias de dicha etnia; sin embargo, la mayor\u00eda de la poblaci\u00f3n nativa no fue beneficiada.<\/p>\n<p>Por estos hechos, un fiscal de la Direcci\u00f3n Especializada contra la Corrupci\u00f3n formul\u00f3 cargos, ante un juez de garant\u00edas, al exalcalde de Manaure, Davis D\u00edaz Rivera; y a la exsecretaria de Salud, Ang\u00e9lica Manotas Moscote; por los delitos de peculado por apropiaci\u00f3n en provecho propio y en favor de terceros e inter\u00e9s indebido en la celebraci\u00f3n de contratos.<\/p>\n<p>Adicionalmente, a Manotas Moscote le fue imputado el delito de falsedad ideol\u00f3gica en documento p\u00fablico. Ninguno de los procesados acept\u00f3 su responsabilidad.<\/p>\n<p>Seg\u00fan la investigaci\u00f3n adelantada, el contrato, que ten\u00eda un valor de $8.000 millones, pretend\u00eda ayudar a ni\u00f1os, madres gestantes y mujeres de comunidades ind\u00edgenas, con la entrega de kits alimenticios, agua potable, atenci\u00f3n en salud y medicamentos, as\u00ed como un componente informativo, en un t\u00e9rmino de 5 meses.<\/p>\n<p>Los elementos recaudados por el grupo de investigadores advierten que se habr\u00edan violado los principios de transparencia, selecci\u00f3n objetiva y planeaci\u00f3n. Entre las irregularidades m\u00e1s significativas esta la definici\u00f3n de un contratista con antelaci\u00f3n; que la IPS Sol Way\u00fau no contaba con la capacidad para ejecutar el contrato por lo que utiliz\u00f3 los servicios de terceras empresas por el 65% de las actividades desarrolladas (compra de mercados, agua, log\u00edstica, transporte y elaboraci\u00f3n de folletos).<\/p>\n<p>Adem\u00e1s, la IPS no ten\u00eda la autorizaci\u00f3n de la Secretar\u00eda de Salud (la misma entidad contratante) para ejecutar actividades en zonas rurales de car\u00e1cter m\u00e9dico en relaci\u00f3n con pediatr\u00eda, ginecolog\u00eda, nutrici\u00f3n y servicios farmac\u00e9uticos.<\/p>\n<p>Para asegurar su actividad il\u00edcita, los hoy imputados al parecer contrataron una n\u00f3mina exagerada de funcionarios y m\u00e9dicos. En algunos casos, se habr\u00edan facturado sueldos de especialistas por $58 millones mensuales, pero estos profesionales nunca visitaron las rancher\u00edas.<\/p>\n<p>Tambi\u00e9n se evidenci\u00f3 que presuntamente se dejaron de comprar 209.000 litros de agua potable y 6.000 latas de suplemento alimenticio; no se hizo entrega de medicamentos; el sobrecosto de insumos habr\u00eda alcanzado el 600%; y que se factur\u00f3 la contrataci\u00f3n de traductores de lengua wayuunaiki, pero esta labor al parecer la ejecutaron conductores o enfermeras.<\/p>\n<p>En total, con dichas irregularidades, los investigados habr\u00edan causado un detrimento patrimonial por una cuant\u00eda de $2.839 millones.<\/p>\n<p>Se presume que, entre julio y diciembre de 2015, tiempo de ejecuci\u00f3n del contrato, D\u00edaz Rivera recibi\u00f3 al menos $1.980 millones y la se\u00f1ora Manotas Monsalve aparentemente accedi\u00f3 a d\u00e1divas por $230 millones.<\/p>\n<p>Esta informaci\u00f3n se publica por razones de inter\u00e9s general.<\/p>\n<p><strong>La Fiscal\u00eda habla con resultados.<\/strong><\/p>\n<p><strong>\u00a0<\/strong><\/p>\n<p>LAGP\/DLBM\/EAC\/MRC.<\/p>\n<p><em>La informaci\u00f3n contenida en este bolet\u00edn de prensa corresponde a la narraci\u00f3n de los hechos noticiosos objetivos, suministrados por los funcionarios encargados de adelantar las investigaciones penales al interior de la Fiscal\u00eda General de la Naci\u00f3n. Para el momento de la divulgaci\u00f3n de este comunicado, la situaci\u00f3n jur\u00eddica de la(s) persona(s) relacionada(s) se encuentra pendiente de resolver por la autoridad judicial competente, siempre bajo los preceptos de la presunci\u00f3n de inocencia, consagrados en el art\u00edculo 29 de la Constituci\u00f3n Pol\u00edtica y el art\u00edculo 7\u00ba de la Ley 906 de 2004.<\/em><\/p>\n<p>&nbsp;<\/p>\n\n<div class=\"twitter-share\"><a href=\"https:\/\/twitter.com\/intent\/tweet?via=fiscaliacol\" class=\"twitter-share-button\">Tweet<\/a><\/div>\n","protected":false},"excerpt":{"rendered":"<p>Con su actuar, los procesados habr\u00edan causado un detrimento patrimonial de $2.839 millones. Con ocasi\u00f3n del fen\u00f3meno del ni\u00f1o a mediados de 2015 fue declarada la calamidad p\u00fablica en el [&hellip;]<\/p>\n","protected":false},"author":176,"featured_media":235087,"comment_status":"closed","ping_status":"open","sticky":false,"template":"","format":"video","meta":{"tdm_status":"","tdm_grid_status":"","footnotes":""},"categories":[1,321,303],"tags":[24189,24526],"class_list":["post-234151","post","type-post","status-publish","format-video","has-post-thumbnail","category-noticias","category-seccional-bogota","category-seccionales","tag-fiscal-francisco-barbosa-delgado","tag-fiscal-general-francisco-barbosa-delgado","post_format-post-format-video"],"yoast_head":"<!-- This site is optimized with the Yoast SEO plugin v24.3 - https:\/\/yoast.com\/wordpress\/plugins\/seo\/ -->\n<title>Fiscal\u00eda General de la Naci\u00f3n<\/title>\n<meta name=\"description\" content=\"P\u00e1gina oficial de la Fiscal\u00eda General de la Naci\u00f3n \u2013 Colombia. Garantizamos el acceso efectivo a la justicia, la verdad y la reparaci\u00f3n de las v\u00edctimas de los delitos.\" \/>\n<meta name=\"robots\" content=\"noindex, follow\" \/>\n<meta property=\"og:locale\" content=\"es_ES\" \/>\n<meta property=\"og:type\" content=\"article\" \/>\n<meta property=\"og:title\" content=\"Fiscal\u00eda General de la Naci\u00f3n\" \/>\n<meta property=\"og:description\" content=\"P\u00e1gina oficial de la Fiscal\u00eda General de la Naci\u00f3n \u2013 Colombia. Garantizamos el acceso efectivo a la justicia, la verdad y la reparaci\u00f3n de las v\u00edctimas de los delitos.\" \/>\n<meta property=\"og:url\" content=\"https:\/\/www.fiscalia.gov.co\/colombia\/noticias\/imputados-exalcalde-y-exsecretaria-de-salud-de-manaure-la-guajira-por-presuntas-irregularidades-en-un-contrato-de-8-000-millones-de-pesos-para-evitar-la-mortalidad-infantil-en-el-municipio\/\" \/>\n<meta property=\"og:site_name\" content=\"Fiscal\u00eda General de la Naci\u00f3n\" \/>\n<meta property=\"article:publisher\" content=\"https:\/\/www.facebook.com\/FiscaliaCol\" \/>\n<meta property=\"article:published_time\" content=\"2021-11-08T13:15:20+00:00\" \/>\n<meta property=\"article:modified_time\" content=\"2021-11-19T02:41:27+00:00\" \/>\n<meta property=\"og:image\" content=\"https:\/\/www.fiscalia.gov.co\/colombia\/wp-content\/uploads\/maxresdefault-173.jpg\" \/>\n\t<meta property=\"og:image:width\" content=\"1280\" \/>\n\t<meta property=\"og:image:height\" content=\"720\" \/>\n\t<meta property=\"og:image:type\" content=\"image\/jpeg\" \/>\n<meta name=\"author\" content=\"Johanna Black Prieto Pe\u00f1a\" \/>\n<meta name=\"twitter:card\" content=\"summary_large_image\" \/>\n<meta name=\"twitter:creator\" content=\"@FiscaliaCol\" \/>\n<meta name=\"twitter:site\" content=\"@FiscaliaCol\" \/>\n<meta name=\"twitter:label1\" content=\"Escrito por\" \/>\n\t<meta name=\"twitter:data1\" content=\"Johanna Black Prieto Pe\u00f1a\" \/>\n\t<meta name=\"twitter:label2\" content=\"Tiempo de lectura\" \/>\n\t<meta name=\"twitter:data2\" content=\"3 minutos\" \/>\n<script type=\"application\/ld+json\" class=\"yoast-schema-graph\">{\"@context\":\"https:\/\/schema.org\",\"@graph\":[{\"@type\":\"Article\",\"@id\":\"https:\/\/www.fiscalia.gov.co\/colombia\/noticias\/imputados-exalcalde-y-exsecretaria-de-salud-de-manaure-la-guajira-por-presuntas-irregularidades-en-un-contrato-de-8-000-millones-de-pesos-para-evitar-la-mortalidad-infantil-en-el-municipio\/#article\",\"isPartOf\":{\"@id\":\"https:\/\/www.fiscalia.gov.co\/colombia\/noticias\/imputados-exalcalde-y-exsecretaria-de-salud-de-manaure-la-guajira-por-presuntas-irregularidades-en-un-contrato-de-8-000-millones-de-pesos-para-evitar-la-mortalidad-infantil-en-el-municipio\/\"},\"author\":{\"name\":\"Johanna Black Prieto Pe\u00f1a\",\"@id\":\"https:\/\/www.fiscalia.gov.co\/colombia\/#\/schema\/person\/b19b49f26569f91393176a2b3d13a0e5\"},\"headline\":\"Imputados exalcalde y exsecretaria de salud de Manaure (La Guajira) por presuntas irregularidades en un contrato de $8.000 millones de pesos para evitar la mortalidad infantil en el municipio\",\"datePublished\":\"2021-11-08T13:15:20+00:00\",\"dateModified\":\"2021-11-19T02:41:27+00:00\",\"mainEntityOfPage\":{\"@id\":\"https:\/\/www.fiscalia.gov.co\/colombia\/noticias\/imputados-exalcalde-y-exsecretaria-de-salud-de-manaure-la-guajira-por-presuntas-irregularidades-en-un-contrato-de-8-000-millones-de-pesos-para-evitar-la-mortalidad-infantil-en-el-municipio\/\"},\"wordCount\":666,\"publisher\":{\"@id\":\"https:\/\/www.fiscalia.gov.co\/colombia\/#organization\"},\"image\":{\"@id\":\"https:\/\/www.fiscalia.gov.co\/colombia\/noticias\/imputados-exalcalde-y-exsecretaria-de-salud-de-manaure-la-guajira-por-presuntas-irregularidades-en-un-contrato-de-8-000-millones-de-pesos-para-evitar-la-mortalidad-infantil-en-el-municipio\/#primaryimage\"},\"thumbnailUrl\":\"https:\/\/www.fiscalia.gov.co\/colombia\/wp-content\/uploads\/maxresdefault-173.jpg\",\"keywords\":[\"Fiscal Francisco Barbosa Delgado\",\"Fiscal General Francisco Barbosa Delgado\"],\"articleSection\":[\"Noticias\",\"Seccional Bogot\u00e1\",\"Seccionales\"],\"inLanguage\":\"es-CO\"},{\"@type\":\"WebPage\",\"@id\":\"https:\/\/www.fiscalia.gov.co\/colombia\/noticias\/imputados-exalcalde-y-exsecretaria-de-salud-de-manaure-la-guajira-por-presuntas-irregularidades-en-un-contrato-de-8-000-millones-de-pesos-para-evitar-la-mortalidad-infantil-en-el-municipio\/\",\"url\":\"https:\/\/www.fiscalia.gov.co\/colombia\/noticias\/imputados-exalcalde-y-exsecretaria-de-salud-de-manaure-la-guajira-por-presuntas-irregularidades-en-un-contrato-de-8-000-millones-de-pesos-para-evitar-la-mortalidad-infantil-en-el-municipio\/\",\"name\":\"Fiscal\u00eda General de la Naci\u00f3n\",\"isPartOf\":{\"@id\":\"https:\/\/www.fiscalia.gov.co\/colombia\/#website\"},\"primaryImageOfPage\":{\"@id\":\"https:\/\/www.fiscalia.gov.co\/colombia\/noticias\/imputados-exalcalde-y-exsecretaria-de-salud-de-manaure-la-guajira-por-presuntas-irregularidades-en-un-contrato-de-8-000-millones-de-pesos-para-evitar-la-mortalidad-infantil-en-el-municipio\/#primaryimage\"},\"image\":{\"@id\":\"https:\/\/www.fiscalia.gov.co\/colombia\/noticias\/imputados-exalcalde-y-exsecretaria-de-salud-de-manaure-la-guajira-por-presuntas-irregularidades-en-un-contrato-de-8-000-millones-de-pesos-para-evitar-la-mortalidad-infantil-en-el-municipio\/#primaryimage\"},\"thumbnailUrl\":\"https:\/\/www.fiscalia.gov.co\/colombia\/wp-content\/uploads\/maxresdefault-173.jpg\",\"datePublished\":\"2021-11-08T13:15:20+00:00\",\"dateModified\":\"2021-11-19T02:41:27+00:00\",\"description\":\"P\u00e1gina oficial de la Fiscal\u00eda General de la Naci\u00f3n \u2013 Colombia. Garantizamos el acceso efectivo a la justicia, la verdad y la reparaci\u00f3n de las v\u00edctimas de los delitos.\",\"breadcrumb\":{\"@id\":\"https:\/\/www.fiscalia.gov.co\/colombia\/noticias\/imputados-exalcalde-y-exsecretaria-de-salud-de-manaure-la-guajira-por-presuntas-irregularidades-en-un-contrato-de-8-000-millones-de-pesos-para-evitar-la-mortalidad-infantil-en-el-municipio\/#breadcrumb\"},\"inLanguage\":\"es-CO\",\"potentialAction\":[{\"@type\":\"ReadAction\",\"target\":[\"https:\/\/www.fiscalia.gov.co\/colombia\/noticias\/imputados-exalcalde-y-exsecretaria-de-salud-de-manaure-la-guajira-por-presuntas-irregularidades-en-un-contrato-de-8-000-millones-de-pesos-para-evitar-la-mortalidad-infantil-en-el-municipio\/\"]}]},{\"@type\":\"ImageObject\",\"inLanguage\":\"es-CO\",\"@id\":\"https:\/\/www.fiscalia.gov.co\/colombia\/noticias\/imputados-exalcalde-y-exsecretaria-de-salud-de-manaure-la-guajira-por-presuntas-irregularidades-en-un-contrato-de-8-000-millones-de-pesos-para-evitar-la-mortalidad-infantil-en-el-municipio\/#primaryimage\",\"url\":\"https:\/\/www.fiscalia.gov.co\/colombia\/wp-content\/uploads\/maxresdefault-173.jpg\",\"contentUrl\":\"https:\/\/www.fiscalia.gov.co\/colombia\/wp-content\/uploads\/maxresdefault-173.jpg\",\"width\":1280,\"height\":720},{\"@type\":\"BreadcrumbList\",\"@id\":\"https:\/\/www.fiscalia.gov.co\/colombia\/noticias\/imputados-exalcalde-y-exsecretaria-de-salud-de-manaure-la-guajira-por-presuntas-irregularidades-en-un-contrato-de-8-000-millones-de-pesos-para-evitar-la-mortalidad-infantil-en-el-municipio\/#breadcrumb\",\"itemListElement\":[{\"@type\":\"ListItem\",\"position\":1,\"name\":\"Home\",\"item\":\"https:\/\/www.fiscalia.gov.co\/colombia\/\"},{\"@type\":\"ListItem\",\"position\":2,\"name\":\"Imputados exalcalde y exsecretaria de salud de Manaure (La Guajira) por presuntas irregularidades en un contrato de $8.000 millones de pesos para evitar la mortalidad infantil en el municipio\"}]},{\"@type\":\"WebSite\",\"@id\":\"https:\/\/www.fiscalia.gov.co\/colombia\/#website\",\"url\":\"https:\/\/www.fiscalia.gov.co\/colombia\/\",\"name\":\"Fiscal\u00eda General de la Naci\u00f3n\",\"description\":\"P\u00e1gina oficial de la Fiscal\u00eda General de la Naci\u00f3n \u2013 Colombia. Garantizamos el acceso efectivo a la justicia, la verdad y la reparaci\u00f3n de las v\u00edctimas de los delitos.\",\"publisher\":{\"@id\":\"https:\/\/www.fiscalia.gov.co\/colombia\/#organization\"},\"potentialAction\":[{\"@type\":\"SearchAction\",\"target\":{\"@type\":\"EntryPoint\",\"urlTemplate\":\"https:\/\/www.fiscalia.gov.co\/colombia\/?s={search_term_string}\"},\"query-input\":{\"@type\":\"PropertyValueSpecification\",\"valueRequired\":true,\"valueName\":\"search_term_string\"}}],\"inLanguage\":\"es-CO\"},{\"@type\":\"Organization\",\"@id\":\"https:\/\/www.fiscalia.gov.co\/colombia\/#organization\",\"name\":\"Fiscal\u00eda General de la Naci\u00f3n\",\"url\":\"https:\/\/www.fiscalia.gov.co\/colombia\/\",\"logo\":{\"@type\":\"ImageObject\",\"inLanguage\":\"es-CO\",\"@id\":\"https:\/\/www.fiscalia.gov.co\/colombia\/#\/schema\/logo\/image\/\",\"url\":\"https:\/\/www.fiscalia.gov.co\/colombia\/wp-content\/uploads\/LogoHorizontal_1.jpg\",\"contentUrl\":\"https:\/\/www.fiscalia.gov.co\/colombia\/wp-content\/uploads\/LogoHorizontal_1.jpg\",\"width\":300,\"height\":90,\"caption\":\"Fiscal\u00eda General de la Naci\u00f3n\"},\"image\":{\"@id\":\"https:\/\/www.fiscalia.gov.co\/colombia\/#\/schema\/logo\/image\/\"},\"sameAs\":[\"https:\/\/www.facebook.com\/FiscaliaCol\",\"https:\/\/x.com\/FiscaliaCol\",\"https:\/\/www.instagram.com\/fiscaliacol\",\"https:\/\/www.linkedin.com\/company\/fiscalia-general-de-la-naci-n\/\",\"https:\/\/youtube.com\/@fiscaliageneraldelanacion-4668?si=6nN79nyQICPU5iTh\"]},{\"@type\":\"Person\",\"@id\":\"https:\/\/www.fiscalia.gov.co\/colombia\/#\/schema\/person\/b19b49f26569f91393176a2b3d13a0e5\",\"name\":\"Johanna Black Prieto Pe\u00f1a\",\"image\":{\"@type\":\"ImageObject\",\"inLanguage\":\"es-CO\",\"@id\":\"https:\/\/www.fiscalia.gov.co\/colombia\/#\/schema\/person\/image\/\",\"url\":\"https:\/\/secure.gravatar.com\/avatar\/7f04518e1774335e76d761d76f04003e?s=96&d=mm&r=g\",\"contentUrl\":\"https:\/\/secure.gravatar.com\/avatar\/7f04518e1774335e76d761d76f04003e?s=96&d=mm&r=g\",\"caption\":\"Johanna Black Prieto Pe\u00f1a\"},\"url\":\"https:\/\/www.fiscalia.gov.co\/colombia\/author\/jprieto\/\"}]}<\/script>\n<!-- \/ Yoast SEO plugin. -->","yoast_head_json":{"title":"Fiscal\u00eda General de la Naci\u00f3n","description":"P\u00e1gina oficial de la Fiscal\u00eda General de la Naci\u00f3n \u2013 Colombia. Garantizamos el acceso efectivo a la justicia, la verdad y la reparaci\u00f3n de las v\u00edctimas de los delitos.","robots":{"index":"noindex","follow":"follow"},"og_locale":"es_ES","og_type":"article","og_title":"Fiscal\u00eda General de la Naci\u00f3n","og_description":"P\u00e1gina oficial de la Fiscal\u00eda General de la Naci\u00f3n \u2013 Colombia. Garantizamos el acceso efectivo a la justicia, la verdad y la reparaci\u00f3n de las v\u00edctimas de los delitos.","og_url":"https:\/\/www.fiscalia.gov.co\/colombia\/noticias\/imputados-exalcalde-y-exsecretaria-de-salud-de-manaure-la-guajira-por-presuntas-irregularidades-en-un-contrato-de-8-000-millones-de-pesos-para-evitar-la-mortalidad-infantil-en-el-municipio\/","og_site_name":"Fiscal\u00eda General de la Naci\u00f3n","article_publisher":"https:\/\/www.facebook.com\/FiscaliaCol","article_published_time":"2021-11-08T13:15:20+00:00","article_modified_time":"2021-11-19T02:41:27+00:00","og_image":[{"width":1280,"height":720,"url":"https:\/\/www.fiscalia.gov.co\/colombia\/wp-content\/uploads\/maxresdefault-173.jpg","type":"image\/jpeg"}],"author":"Johanna Black Prieto Pe\u00f1a","twitter_card":"summary_large_image","twitter_creator":"@FiscaliaCol","twitter_site":"@FiscaliaCol","twitter_misc":{"Escrito por":"Johanna Black Prieto Pe\u00f1a","Tiempo de lectura":"3 minutos"},"schema":{"@context":"https:\/\/schema.org","@graph":[{"@type":"Article","@id":"https:\/\/www.fiscalia.gov.co\/colombia\/noticias\/imputados-exalcalde-y-exsecretaria-de-salud-de-manaure-la-guajira-por-presuntas-irregularidades-en-un-contrato-de-8-000-millones-de-pesos-para-evitar-la-mortalidad-infantil-en-el-municipio\/#article","isPartOf":{"@id":"https:\/\/www.fiscalia.gov.co\/colombia\/noticias\/imputados-exalcalde-y-exsecretaria-de-salud-de-manaure-la-guajira-por-presuntas-irregularidades-en-un-contrato-de-8-000-millones-de-pesos-para-evitar-la-mortalidad-infantil-en-el-municipio\/"},"author":{"name":"Johanna Black Prieto Pe\u00f1a","@id":"https:\/\/www.fiscalia.gov.co\/colombia\/#\/schema\/person\/b19b49f26569f91393176a2b3d13a0e5"},"headline":"Imputados exalcalde y exsecretaria de salud de Manaure (La Guajira) por presuntas irregularidades en un contrato de $8.000 millones de pesos para evitar la mortalidad infantil en el municipio","datePublished":"2021-11-08T13:15:20+00:00","dateModified":"2021-11-19T02:41:27+00:00","mainEntityOfPage":{"@id":"https:\/\/www.fiscalia.gov.co\/colombia\/noticias\/imputados-exalcalde-y-exsecretaria-de-salud-de-manaure-la-guajira-por-presuntas-irregularidades-en-un-contrato-de-8-000-millones-de-pesos-para-evitar-la-mortalidad-infantil-en-el-municipio\/"},"wordCount":666,"publisher":{"@id":"https:\/\/www.fiscalia.gov.co\/colombia\/#organization"},"image":{"@id":"https:\/\/www.fiscalia.gov.co\/colombia\/noticias\/imputados-exalcalde-y-exsecretaria-de-salud-de-manaure-la-guajira-por-presuntas-irregularidades-en-un-contrato-de-8-000-millones-de-pesos-para-evitar-la-mortalidad-infantil-en-el-municipio\/#primaryimage"},"thumbnailUrl":"https:\/\/www.fiscalia.gov.co\/colombia\/wp-content\/uploads\/maxresdefault-173.jpg","keywords":["Fiscal Francisco Barbosa Delgado","Fiscal General Francisco Barbosa Delgado"],"articleSection":["Noticias","Seccional Bogot\u00e1","Seccionales"],"inLanguage":"es-CO"},{"@type":"WebPage","@id":"https:\/\/www.fiscalia.gov.co\/colombia\/noticias\/imputados-exalcalde-y-exsecretaria-de-salud-de-manaure-la-guajira-por-presuntas-irregularidades-en-un-contrato-de-8-000-millones-de-pesos-para-evitar-la-mortalidad-infantil-en-el-municipio\/","url":"https:\/\/www.fiscalia.gov.co\/colombia\/noticias\/imputados-exalcalde-y-exsecretaria-de-salud-de-manaure-la-guajira-por-presuntas-irregularidades-en-un-contrato-de-8-000-millones-de-pesos-para-evitar-la-mortalidad-infantil-en-el-municipio\/","name":"Fiscal\u00eda General de la Naci\u00f3n","isPartOf":{"@id":"https:\/\/www.fiscalia.gov.co\/colombia\/#website"},"primaryImageOfPage":{"@id":"https:\/\/www.fiscalia.gov.co\/colombia\/noticias\/imputados-exalcalde-y-exsecretaria-de-salud-de-manaure-la-guajira-por-presuntas-irregularidades-en-un-contrato-de-8-000-millones-de-pesos-para-evitar-la-mortalidad-infantil-en-el-municipio\/#primaryimage"},"image":{"@id":"https:\/\/www.fiscalia.gov.co\/colombia\/noticias\/imputados-exalcalde-y-exsecretaria-de-salud-de-manaure-la-guajira-por-presuntas-irregularidades-en-un-contrato-de-8-000-millones-de-pesos-para-evitar-la-mortalidad-infantil-en-el-municipio\/#primaryimage"},"thumbnailUrl":"https:\/\/www.fiscalia.gov.co\/colombia\/wp-content\/uploads\/maxresdefault-173.jpg","datePublished":"2021-11-08T13:15:20+00:00","dateModified":"2021-11-19T02:41:27+00:00","description":"P\u00e1gina oficial de la Fiscal\u00eda General de la Naci\u00f3n \u2013 Colombia. Garantizamos el acceso efectivo a la justicia, la verdad y la reparaci\u00f3n de las v\u00edctimas de los delitos.","breadcrumb":{"@id":"https:\/\/www.fiscalia.gov.co\/colombia\/noticias\/imputados-exalcalde-y-exsecretaria-de-salud-de-manaure-la-guajira-por-presuntas-irregularidades-en-un-contrato-de-8-000-millones-de-pesos-para-evitar-la-mortalidad-infantil-en-el-municipio\/#breadcrumb"},"inLanguage":"es-CO","potentialAction":[{"@type":"ReadAction","target":["https:\/\/www.fiscalia.gov.co\/colombia\/noticias\/imputados-exalcalde-y-exsecretaria-de-salud-de-manaure-la-guajira-por-presuntas-irregularidades-en-un-contrato-de-8-000-millones-de-pesos-para-evitar-la-mortalidad-infantil-en-el-municipio\/"]}]},{"@type":"ImageObject","inLanguage":"es-CO","@id":"https:\/\/www.fiscalia.gov.co\/colombia\/noticias\/imputados-exalcalde-y-exsecretaria-de-salud-de-manaure-la-guajira-por-presuntas-irregularidades-en-un-contrato-de-8-000-millones-de-pesos-para-evitar-la-mortalidad-infantil-en-el-municipio\/#primaryimage","url":"https:\/\/www.fiscalia.gov.co\/colombia\/wp-content\/uploads\/maxresdefault-173.jpg","contentUrl":"https:\/\/www.fiscalia.gov.co\/colombia\/wp-content\/uploads\/maxresdefault-173.jpg","width":1280,"height":720},{"@type":"BreadcrumbList","@id":"https:\/\/www.fiscalia.gov.co\/colombia\/noticias\/imputados-exalcalde-y-exsecretaria-de-salud-de-manaure-la-guajira-por-presuntas-irregularidades-en-un-contrato-de-8-000-millones-de-pesos-para-evitar-la-mortalidad-infantil-en-el-municipio\/#breadcrumb","itemListElement":[{"@type":"ListItem","position":1,"name":"Home","item":"https:\/\/www.fiscalia.gov.co\/colombia\/"},{"@type":"ListItem","position":2,"name":"Imputados exalcalde y exsecretaria de salud de Manaure (La Guajira) por presuntas irregularidades en un contrato de $8.000 millones de pesos para evitar la mortalidad infantil en el municipio"}]},{"@type":"WebSite","@id":"https:\/\/www.fiscalia.gov.co\/colombia\/#website","url":"https:\/\/www.fiscalia.gov.co\/colombia\/","name":"Fiscal\u00eda General de la Naci\u00f3n","description":"P\u00e1gina oficial de la Fiscal\u00eda General de la Naci\u00f3n \u2013 Colombia. Garantizamos el acceso efectivo a la justicia, la verdad y la reparaci\u00f3n de las v\u00edctimas de los delitos.","publisher":{"@id":"https:\/\/www.fiscalia.gov.co\/colombia\/#organization"},"potentialAction":[{"@type":"SearchAction","target":{"@type":"EntryPoint","urlTemplate":"https:\/\/www.fiscalia.gov.co\/colombia\/?s={search_term_string}"},"query-input":{"@type":"PropertyValueSpecification","valueRequired":true,"valueName":"search_term_string"}}],"inLanguage":"es-CO"},{"@type":"Organization","@id":"https:\/\/www.fiscalia.gov.co\/colombia\/#organization","name":"Fiscal\u00eda General de la Naci\u00f3n","url":"https:\/\/www.fiscalia.gov.co\/colombia\/","logo":{"@type":"ImageObject","inLanguage":"es-CO","@id":"https:\/\/www.fiscalia.gov.co\/colombia\/#\/schema\/logo\/image\/","url":"https:\/\/www.fiscalia.gov.co\/colombia\/wp-content\/uploads\/LogoHorizontal_1.jpg","contentUrl":"https:\/\/www.fiscalia.gov.co\/colombia\/wp-content\/uploads\/LogoHorizontal_1.jpg","width":300,"height":90,"caption":"Fiscal\u00eda General de la Naci\u00f3n"},"image":{"@id":"https:\/\/www.fiscalia.gov.co\/colombia\/#\/schema\/logo\/image\/"},"sameAs":["https:\/\/www.facebook.com\/FiscaliaCol","https:\/\/x.com\/FiscaliaCol","https:\/\/www.instagram.com\/fiscaliacol","https:\/\/www.linkedin.com\/company\/fiscalia-general-de-la-naci-n\/","https:\/\/youtube.com\/@fiscaliageneraldelanacion-4668?si=6nN79nyQICPU5iTh"]},{"@type":"Person","@id":"https:\/\/www.fiscalia.gov.co\/colombia\/#\/schema\/person\/b19b49f26569f91393176a2b3d13a0e5","name":"Johanna Black Prieto Pe\u00f1a","image":{"@type":"ImageObject","inLanguage":"es-CO","@id":"https:\/\/www.fiscalia.gov.co\/colombia\/#\/schema\/person\/image\/","url":"https:\/\/secure.gravatar.com\/avatar\/7f04518e1774335e76d761d76f04003e?s=96&d=mm&r=g","contentUrl":"https:\/\/secure.gravatar.com\/avatar\/7f04518e1774335e76d761d76f04003e?s=96&d=mm&r=g","caption":"Johanna Black Prieto Pe\u00f1a"},"url":"https:\/\/www.fiscalia.gov.co\/colombia\/author\/jprieto\/"}]}},"_links":{"self":[{"href":"https:\/\/www.fiscalia.gov.co\/colombia\/wp-json\/wp\/v2\/posts\/234151","targetHints":{"allow":["GET"]}}],"collection":[{"href":"https:\/\/www.fiscalia.gov.co\/colombia\/wp-json\/wp\/v2\/posts"}],"about":[{"href":"https:\/\/www.fiscalia.gov.co\/colombia\/wp-json\/wp\/v2\/types\/post"}],"author":[{"embeddable":true,"href":"https:\/\/www.fiscalia.gov.co\/colombia\/wp-json\/wp\/v2\/users\/176"}],"replies":[{"embeddable":true,"href":"https:\/\/www.fiscalia.gov.co\/colombia\/wp-json\/wp\/v2\/comments?post=234151"}],"version-history":[{"count":2,"href":"https:\/\/www.fiscalia.gov.co\/colombia\/wp-json\/wp\/v2\/posts\/234151\/revisions"}],"predecessor-version":[{"id":234153,"href":"https:\/\/www.fiscalia.gov.co\/colombia\/wp-json\/wp\/v2\/posts\/234151\/revisions\/234153"}],"wp:featuredmedia":[{"embeddable":true,"href":"https:\/\/www.fiscalia.gov.co\/colombia\/wp-json\/wp\/v2\/media\/235087"}],"wp:attachment":[{"href":"https:\/\/www.fiscalia.gov.co\/colombia\/wp-json\/wp\/v2\/media?parent=234151"}],"wp:term":[{"taxonomy":"category","embeddable":true,"href":"https:\/\/www.fiscalia.gov.co\/colombia\/wp-json\/wp\/v2\/categories?post=234151"},{"taxonomy":"post_tag","embeddable":true,"href":"https:\/\/www.fiscalia.gov.co\/colombia\/wp-json\/wp\/v2\/tags?post=234151"}],"curies":[{"name":"wp","href":"https:\/\/api.w.org\/{rel}","templated":true}]}}