{"id":234079,"date":"2021-11-05T15:16:50","date_gmt":"2021-11-05T20:16:50","guid":{"rendered":"https:\/\/www.fiscalia.gov.co\/colombia\/?p=234079"},"modified":"2021-11-05T16:08:26","modified_gmt":"2021-11-05T21:08:26","slug":"a-la-carcel-dos-presuntos-responsables-de-atentado-terrorista-en-el-que-perdieron-la-vida-tres-militares-y-un-civil-en-paz-de-ariporo-casanare","status":"publish","type":"post","link":"https:\/\/www.fiscalia.gov.co\/colombia\/noticias\/a-la-carcel-dos-presuntos-responsables-de-atentado-terrorista-en-el-que-perdieron-la-vida-tres-militares-y-un-civil-en-paz-de-ariporo-casanare\/","title":{"rendered":"A la c\u00e1rcel dos presuntos responsables de atentado terrorista en el que perdieron la vida tres militares y un civil en Paz de Ariporo (Casanare)"},"content":{"rendered":"<p>En menos de 12 horas la Fiscal\u00eda General de la Naci\u00f3n, a trav\u00e9s de investigadores del CTI, en conjunto con el Ej\u00e9rcito Nacional, logr\u00f3 la captura y judicializaci\u00f3n de Eli\u00e1n Efr\u00e9n Alapre Delgado, alias Wilder Castellanos; y Luis Aladino Vergara G\u00f3mez, alias Chig\u00fciro; se\u00f1alados de participar en el atentado con carro bomba este 3 de noviembre a las afueras del municipio de Paz de Ariporo (Casanare), que cobr\u00f3 la vida de tres militares y un civil, y dej\u00f3 varias personas heridas.<\/p>\n<p>Los dos hombres fueron detenidos en flagrancia tras la ubicaci\u00f3n de otro <strong>artefacto explosivo<\/strong>\u00a0<strong>improvisado<\/strong>\u00a0compuesto por diez barras de Indugel listo para detonar, con el que al parecer pretend\u00edan atentar contra la fuerza p\u00fablica. Esta informaci\u00f3n fue obtenida mediante la interceptaci\u00f3n de comunicaciones, que permiti\u00f3 evidenciar, adem\u00e1s, que ten\u00edan la orden de moverse hacia Arauca para pasar a Venezuela.<\/p>\n<p>Por estos hechos, un fiscal especializado de la\u00a0 Seccional Casanare les imput\u00f3 cargos por los delitos de <strong><a href=\"https:\/\/www.fiscalia.gov.co\/colombia\/noticias\/por-el-delito-de-homicidio-agravado-fueron-asegurados-dos-hombres-que-le-habrian-quitaron-la-vida-a-ciudadano-en-el-centro-de-bogota\/\">homicidio agravado con fines terroristas<\/a><\/strong>,<strong> terrorismo<\/strong>, <a href=\"https:\/\/www.fiscalia.gov.co\/colombia\/seguridad-ciudadana\/a-la-carcel-presunto-cabecilla-del-grupo-delincuencial-curazao-por-concierto-para-delinquir-agravado-y-otros-delitos\/\">concierto para delinquir agravado<\/a>\u00a0con fines de terrorismo<strong>,\u00a0<\/strong><a href=\"https:\/\/www.fiscalia.gov.co\/colombia\/noticias\/a-la-carcel-por-porte-ilegal-de-armas-y-falsedad-marcaria\/\">porte ilegal de armas<\/a>\u00a0y\u00a0<a href=\"https:\/\/www.fiscalia.gov.co\/colombia\/noticias\/a-prision-dos-presuntos-integrantes-de-los-chotas-por-porte-ilegal-de-armas-de-uso-privativo-de-la-fuerzas-armadas\/\">explosivos<\/a><strong>;\u00a0<\/strong>y\u00a0lesiones agravadas\u00a0con fines terroristas. Los investigados no aceptaron los cargos.<\/p>\n<p>Ante la contundencia de los elementos materiales probatorios aportados por la\u00a0F<strong>iscal\u00eda<\/strong>, el juez promiscuo municipal de Paz de Ariporo dict\u00f3 medida de aseguramiento privativa de la libertad en centro carcelario contra los procesados.<\/p>\n<p>Seg\u00fan las investigaciones, \u2018Wilder Castellanos\u2019 y \u2018Chig\u00fciro\u2019, quienes presuntamente hac\u00edan parte de las disidencias del Frente 28 de las Farc, tambi\u00e9n estar\u00edan involucrados en por lo menos 5 hechos violentos m\u00e1s, cometidos en el departamento de Casanare este a\u00f1o.<\/p>\n<p>Esta informaci\u00f3n se publica por razones de inter\u00e9s general.<\/p>\n<p>&nbsp;<\/p>\n<p><strong>La Fiscal\u00eda habla con resultados.<\/strong><\/p>\n<p>&nbsp;<\/p>\n<p>LAZL\/DLBM\/RLG\/MRC.<\/p>\n<p>&nbsp;<\/p>\n<p><i>La informaci\u00f3n contenida en este bolet\u00edn de prensa corresponde a la narraci\u00f3n de los hechos noticiosos objetivos, suministrados por los funcionarios encargados de adelantar las investigaciones penales al interior de la Fiscal\u00eda General de la Naci\u00f3n. Para el momento de la divulgaci\u00f3n de este comunicado, la situaci\u00f3n jur\u00eddica de la(s) persona(s) relacionada(s) se encuentra pendiente de resolver por la autoridad judicial competente, siempre bajo los preceptos de la presunci\u00f3n de inocencia, consagrados en el art\u00edculo 29 de la Constituci\u00f3n Pol\u00edtica y el art\u00edculo 7\u00ba de la Ley 906 de 2004.<\/i><\/p>\n<p>&nbsp;<\/p>\n\n<div class=\"twitter-share\"><a href=\"https:\/\/twitter.com\/intent\/tweet?via=fiscaliacol\" class=\"twitter-share-button\">Tweet<\/a><\/div>\n","protected":false},"excerpt":{"rendered":"<p>En menos de 12 horas la Fiscal\u00eda General de la Naci\u00f3n, a trav\u00e9s de investigadores del CTI, en conjunto con el Ej\u00e9rcito Nacional, logr\u00f3 la captura y judicializaci\u00f3n de Eli\u00e1n [&hellip;]<\/p>\n","protected":false},"author":176,"featured_media":0,"comment_status":"closed","ping_status":"open","sticky":false,"template":"","format":"video","meta":{"tdm_status":"","tdm_grid_status":"","footnotes":""},"categories":[25128,24096,1],"tags":[29357,24189,24526],"class_list":["post-234079","post","type-post","status-publish","format-video","category-el-fiscal-en-los-territorios","category-fiscal-general-de-la-nacion","category-noticias","tag-hablamosconresultados","tag-fiscal-francisco-barbosa-delgado","tag-fiscal-general-francisco-barbosa-delgado","post_format-post-format-video"],"yoast_head":"<!-- This site is optimized with the Yoast SEO plugin v24.3 - https:\/\/yoast.com\/wordpress\/plugins\/seo\/ -->\n<title>Fiscal\u00eda General de la Naci\u00f3n<\/title>\n<meta name=\"description\" content=\"P\u00e1gina oficial de la Fiscal\u00eda General de la Naci\u00f3n \u2013 Colombia. Garantizamos el acceso efectivo a la justicia, la verdad y la reparaci\u00f3n de las v\u00edctimas de los delitos.\" \/>\n<meta name=\"robots\" content=\"noindex, follow\" \/>\n<meta property=\"og:locale\" content=\"es_ES\" \/>\n<meta property=\"og:type\" content=\"article\" \/>\n<meta property=\"og:title\" content=\"Fiscal\u00eda General de la Naci\u00f3n\" \/>\n<meta property=\"og:description\" content=\"P\u00e1gina oficial de la Fiscal\u00eda General de la Naci\u00f3n \u2013 Colombia. Garantizamos el acceso efectivo a la justicia, la verdad y la reparaci\u00f3n de las v\u00edctimas de los delitos.\" \/>\n<meta property=\"og:url\" content=\"https:\/\/www.fiscalia.gov.co\/colombia\/noticias\/a-la-carcel-dos-presuntos-responsables-de-atentado-terrorista-en-el-que-perdieron-la-vida-tres-militares-y-un-civil-en-paz-de-ariporo-casanare\/\" \/>\n<meta property=\"og:site_name\" content=\"Fiscal\u00eda General de la Naci\u00f3n\" \/>\n<meta property=\"article:publisher\" content=\"https:\/\/www.facebook.com\/FiscaliaCol\" \/>\n<meta property=\"article:published_time\" content=\"2021-11-05T20:16:50+00:00\" \/>\n<meta property=\"article:modified_time\" content=\"2021-11-05T21:08:26+00:00\" \/>\n<meta name=\"author\" content=\"Johanna Black Prieto Pe\u00f1a\" \/>\n<meta name=\"twitter:card\" content=\"summary_large_image\" \/>\n<meta name=\"twitter:creator\" content=\"@FiscaliaCol\" \/>\n<meta name=\"twitter:site\" content=\"@FiscaliaCol\" \/>\n<meta name=\"twitter:label1\" content=\"Escrito por\" \/>\n\t<meta name=\"twitter:data1\" content=\"Johanna Black Prieto Pe\u00f1a\" \/>\n\t<meta name=\"twitter:label2\" content=\"Tiempo de lectura\" \/>\n\t<meta name=\"twitter:data2\" content=\"2 minutos\" \/>\n<script type=\"application\/ld+json\" class=\"yoast-schema-graph\">{\"@context\":\"https:\/\/schema.org\",\"@graph\":[{\"@type\":\"Article\",\"@id\":\"https:\/\/www.fiscalia.gov.co\/colombia\/noticias\/a-la-carcel-dos-presuntos-responsables-de-atentado-terrorista-en-el-que-perdieron-la-vida-tres-militares-y-un-civil-en-paz-de-ariporo-casanare\/#article\",\"isPartOf\":{\"@id\":\"https:\/\/www.fiscalia.gov.co\/colombia\/noticias\/a-la-carcel-dos-presuntos-responsables-de-atentado-terrorista-en-el-que-perdieron-la-vida-tres-militares-y-un-civil-en-paz-de-ariporo-casanare\/\"},\"author\":{\"name\":\"Johanna Black Prieto Pe\u00f1a\",\"@id\":\"https:\/\/www.fiscalia.gov.co\/colombia\/#\/schema\/person\/b19b49f26569f91393176a2b3d13a0e5\"},\"headline\":\"A la c\u00e1rcel dos presuntos responsables de atentado terrorista en el que perdieron la vida tres militares y un civil en Paz de Ariporo (Casanare)\",\"datePublished\":\"2021-11-05T20:16:50+00:00\",\"dateModified\":\"2021-11-05T21:08:26+00:00\",\"mainEntityOfPage\":{\"@id\":\"https:\/\/www.fiscalia.gov.co\/colombia\/noticias\/a-la-carcel-dos-presuntos-responsables-de-atentado-terrorista-en-el-que-perdieron-la-vida-tres-militares-y-un-civil-en-paz-de-ariporo-casanare\/\"},\"wordCount\":437,\"publisher\":{\"@id\":\"https:\/\/www.fiscalia.gov.co\/colombia\/#organization\"},\"keywords\":[\"#HablamosConResultados\",\"Fiscal Francisco Barbosa Delgado\",\"Fiscal General Francisco Barbosa Delgado\"],\"articleSection\":[\"El Fiscal en los territorios\",\"Fiscal General de la Naci\u00f3n\",\"Noticias\"],\"inLanguage\":\"es-CO\"},{\"@type\":\"WebPage\",\"@id\":\"https:\/\/www.fiscalia.gov.co\/colombia\/noticias\/a-la-carcel-dos-presuntos-responsables-de-atentado-terrorista-en-el-que-perdieron-la-vida-tres-militares-y-un-civil-en-paz-de-ariporo-casanare\/\",\"url\":\"https:\/\/www.fiscalia.gov.co\/colombia\/noticias\/a-la-carcel-dos-presuntos-responsables-de-atentado-terrorista-en-el-que-perdieron-la-vida-tres-militares-y-un-civil-en-paz-de-ariporo-casanare\/\",\"name\":\"Fiscal\u00eda General de la Naci\u00f3n\",\"isPartOf\":{\"@id\":\"https:\/\/www.fiscalia.gov.co\/colombia\/#website\"},\"datePublished\":\"2021-11-05T20:16:50+00:00\",\"dateModified\":\"2021-11-05T21:08:26+00:00\",\"description\":\"P\u00e1gina oficial de la Fiscal\u00eda General de la Naci\u00f3n \u2013 Colombia. Garantizamos el acceso efectivo a la justicia, la verdad y la reparaci\u00f3n de las v\u00edctimas de los delitos.\",\"breadcrumb\":{\"@id\":\"https:\/\/www.fiscalia.gov.co\/colombia\/noticias\/a-la-carcel-dos-presuntos-responsables-de-atentado-terrorista-en-el-que-perdieron-la-vida-tres-militares-y-un-civil-en-paz-de-ariporo-casanare\/#breadcrumb\"},\"inLanguage\":\"es-CO\",\"potentialAction\":[{\"@type\":\"ReadAction\",\"target\":[\"https:\/\/www.fiscalia.gov.co\/colombia\/noticias\/a-la-carcel-dos-presuntos-responsables-de-atentado-terrorista-en-el-que-perdieron-la-vida-tres-militares-y-un-civil-en-paz-de-ariporo-casanare\/\"]}]},{\"@type\":\"BreadcrumbList\",\"@id\":\"https:\/\/www.fiscalia.gov.co\/colombia\/noticias\/a-la-carcel-dos-presuntos-responsables-de-atentado-terrorista-en-el-que-perdieron-la-vida-tres-militares-y-un-civil-en-paz-de-ariporo-casanare\/#breadcrumb\",\"itemListElement\":[{\"@type\":\"ListItem\",\"position\":1,\"name\":\"Home\",\"item\":\"https:\/\/www.fiscalia.gov.co\/colombia\/\"},{\"@type\":\"ListItem\",\"position\":2,\"name\":\"A la c\u00e1rcel dos presuntos responsables de atentado terrorista en el que perdieron la vida tres militares y un civil en Paz de Ariporo (Casanare)\"}]},{\"@type\":\"WebSite\",\"@id\":\"https:\/\/www.fiscalia.gov.co\/colombia\/#website\",\"url\":\"https:\/\/www.fiscalia.gov.co\/colombia\/\",\"name\":\"Fiscal\u00eda General de la Naci\u00f3n\",\"description\":\"P\u00e1gina oficial de la Fiscal\u00eda General de la Naci\u00f3n \u2013 Colombia. Garantizamos el acceso efectivo a la justicia, la verdad y la reparaci\u00f3n de las v\u00edctimas de los delitos.\",\"publisher\":{\"@id\":\"https:\/\/www.fiscalia.gov.co\/colombia\/#organization\"},\"potentialAction\":[{\"@type\":\"SearchAction\",\"target\":{\"@type\":\"EntryPoint\",\"urlTemplate\":\"https:\/\/www.fiscalia.gov.co\/colombia\/?s={search_term_string}\"},\"query-input\":{\"@type\":\"PropertyValueSpecification\",\"valueRequired\":true,\"valueName\":\"search_term_string\"}}],\"inLanguage\":\"es-CO\"},{\"@type\":\"Organization\",\"@id\":\"https:\/\/www.fiscalia.gov.co\/colombia\/#organization\",\"name\":\"Fiscal\u00eda General de la Naci\u00f3n\",\"url\":\"https:\/\/www.fiscalia.gov.co\/colombia\/\",\"logo\":{\"@type\":\"ImageObject\",\"inLanguage\":\"es-CO\",\"@id\":\"https:\/\/www.fiscalia.gov.co\/colombia\/#\/schema\/logo\/image\/\",\"url\":\"https:\/\/www.fiscalia.gov.co\/colombia\/wp-content\/uploads\/LogoHorizontal_1.jpg\",\"contentUrl\":\"https:\/\/www.fiscalia.gov.co\/colombia\/wp-content\/uploads\/LogoHorizontal_1.jpg\",\"width\":300,\"height\":90,\"caption\":\"Fiscal\u00eda General de la Naci\u00f3n\"},\"image\":{\"@id\":\"https:\/\/www.fiscalia.gov.co\/colombia\/#\/schema\/logo\/image\/\"},\"sameAs\":[\"https:\/\/www.facebook.com\/FiscaliaCol\",\"https:\/\/x.com\/FiscaliaCol\",\"https:\/\/www.instagram.com\/fiscaliacol\",\"https:\/\/www.linkedin.com\/company\/fiscalia-general-de-la-naci-n\/\",\"https:\/\/youtube.com\/@fiscaliageneraldelanacion-4668?si=6nN79nyQICPU5iTh\"]},{\"@type\":\"Person\",\"@id\":\"https:\/\/www.fiscalia.gov.co\/colombia\/#\/schema\/person\/b19b49f26569f91393176a2b3d13a0e5\",\"name\":\"Johanna Black Prieto Pe\u00f1a\",\"image\":{\"@type\":\"ImageObject\",\"inLanguage\":\"es-CO\",\"@id\":\"https:\/\/www.fiscalia.gov.co\/colombia\/#\/schema\/person\/image\/\",\"url\":\"https:\/\/secure.gravatar.com\/avatar\/7f04518e1774335e76d761d76f04003e?s=96&d=mm&r=g\",\"contentUrl\":\"https:\/\/secure.gravatar.com\/avatar\/7f04518e1774335e76d761d76f04003e?s=96&d=mm&r=g\",\"caption\":\"Johanna Black Prieto Pe\u00f1a\"},\"url\":\"https:\/\/www.fiscalia.gov.co\/colombia\/author\/jprieto\/\"}]}<\/script>\n<!-- \/ Yoast SEO plugin. -->","yoast_head_json":{"title":"Fiscal\u00eda General de la Naci\u00f3n","description":"P\u00e1gina oficial de la Fiscal\u00eda General de la Naci\u00f3n \u2013 Colombia. Garantizamos el acceso efectivo a la justicia, la verdad y la reparaci\u00f3n de las v\u00edctimas de los delitos.","robots":{"index":"noindex","follow":"follow"},"og_locale":"es_ES","og_type":"article","og_title":"Fiscal\u00eda General de la Naci\u00f3n","og_description":"P\u00e1gina oficial de la Fiscal\u00eda General de la Naci\u00f3n \u2013 Colombia. Garantizamos el acceso efectivo a la justicia, la verdad y la reparaci\u00f3n de las v\u00edctimas de los delitos.","og_url":"https:\/\/www.fiscalia.gov.co\/colombia\/noticias\/a-la-carcel-dos-presuntos-responsables-de-atentado-terrorista-en-el-que-perdieron-la-vida-tres-militares-y-un-civil-en-paz-de-ariporo-casanare\/","og_site_name":"Fiscal\u00eda General de la Naci\u00f3n","article_publisher":"https:\/\/www.facebook.com\/FiscaliaCol","article_published_time":"2021-11-05T20:16:50+00:00","article_modified_time":"2021-11-05T21:08:26+00:00","author":"Johanna Black Prieto Pe\u00f1a","twitter_card":"summary_large_image","twitter_creator":"@FiscaliaCol","twitter_site":"@FiscaliaCol","twitter_misc":{"Escrito por":"Johanna Black Prieto Pe\u00f1a","Tiempo de lectura":"2 minutos"},"schema":{"@context":"https:\/\/schema.org","@graph":[{"@type":"Article","@id":"https:\/\/www.fiscalia.gov.co\/colombia\/noticias\/a-la-carcel-dos-presuntos-responsables-de-atentado-terrorista-en-el-que-perdieron-la-vida-tres-militares-y-un-civil-en-paz-de-ariporo-casanare\/#article","isPartOf":{"@id":"https:\/\/www.fiscalia.gov.co\/colombia\/noticias\/a-la-carcel-dos-presuntos-responsables-de-atentado-terrorista-en-el-que-perdieron-la-vida-tres-militares-y-un-civil-en-paz-de-ariporo-casanare\/"},"author":{"name":"Johanna Black Prieto Pe\u00f1a","@id":"https:\/\/www.fiscalia.gov.co\/colombia\/#\/schema\/person\/b19b49f26569f91393176a2b3d13a0e5"},"headline":"A la c\u00e1rcel dos presuntos responsables de atentado terrorista en el que perdieron la vida tres militares y un civil en Paz de Ariporo (Casanare)","datePublished":"2021-11-05T20:16:50+00:00","dateModified":"2021-11-05T21:08:26+00:00","mainEntityOfPage":{"@id":"https:\/\/www.fiscalia.gov.co\/colombia\/noticias\/a-la-carcel-dos-presuntos-responsables-de-atentado-terrorista-en-el-que-perdieron-la-vida-tres-militares-y-un-civil-en-paz-de-ariporo-casanare\/"},"wordCount":437,"publisher":{"@id":"https:\/\/www.fiscalia.gov.co\/colombia\/#organization"},"keywords":["#HablamosConResultados","Fiscal Francisco Barbosa Delgado","Fiscal General Francisco Barbosa Delgado"],"articleSection":["El Fiscal en los territorios","Fiscal General de la Naci\u00f3n","Noticias"],"inLanguage":"es-CO"},{"@type":"WebPage","@id":"https:\/\/www.fiscalia.gov.co\/colombia\/noticias\/a-la-carcel-dos-presuntos-responsables-de-atentado-terrorista-en-el-que-perdieron-la-vida-tres-militares-y-un-civil-en-paz-de-ariporo-casanare\/","url":"https:\/\/www.fiscalia.gov.co\/colombia\/noticias\/a-la-carcel-dos-presuntos-responsables-de-atentado-terrorista-en-el-que-perdieron-la-vida-tres-militares-y-un-civil-en-paz-de-ariporo-casanare\/","name":"Fiscal\u00eda General de la Naci\u00f3n","isPartOf":{"@id":"https:\/\/www.fiscalia.gov.co\/colombia\/#website"},"datePublished":"2021-11-05T20:16:50+00:00","dateModified":"2021-11-05T21:08:26+00:00","description":"P\u00e1gina oficial de la Fiscal\u00eda General de la Naci\u00f3n \u2013 Colombia. Garantizamos el acceso efectivo a la justicia, la verdad y la reparaci\u00f3n de las v\u00edctimas de los delitos.","breadcrumb":{"@id":"https:\/\/www.fiscalia.gov.co\/colombia\/noticias\/a-la-carcel-dos-presuntos-responsables-de-atentado-terrorista-en-el-que-perdieron-la-vida-tres-militares-y-un-civil-en-paz-de-ariporo-casanare\/#breadcrumb"},"inLanguage":"es-CO","potentialAction":[{"@type":"ReadAction","target":["https:\/\/www.fiscalia.gov.co\/colombia\/noticias\/a-la-carcel-dos-presuntos-responsables-de-atentado-terrorista-en-el-que-perdieron-la-vida-tres-militares-y-un-civil-en-paz-de-ariporo-casanare\/"]}]},{"@type":"BreadcrumbList","@id":"https:\/\/www.fiscalia.gov.co\/colombia\/noticias\/a-la-carcel-dos-presuntos-responsables-de-atentado-terrorista-en-el-que-perdieron-la-vida-tres-militares-y-un-civil-en-paz-de-ariporo-casanare\/#breadcrumb","itemListElement":[{"@type":"ListItem","position":1,"name":"Home","item":"https:\/\/www.fiscalia.gov.co\/colombia\/"},{"@type":"ListItem","position":2,"name":"A la c\u00e1rcel dos presuntos responsables de atentado terrorista en el que perdieron la vida tres militares y un civil en Paz de Ariporo (Casanare)"}]},{"@type":"WebSite","@id":"https:\/\/www.fiscalia.gov.co\/colombia\/#website","url":"https:\/\/www.fiscalia.gov.co\/colombia\/","name":"Fiscal\u00eda General de la Naci\u00f3n","description":"P\u00e1gina oficial de la Fiscal\u00eda General de la Naci\u00f3n \u2013 Colombia. Garantizamos el acceso efectivo a la justicia, la verdad y la reparaci\u00f3n de las v\u00edctimas de los delitos.","publisher":{"@id":"https:\/\/www.fiscalia.gov.co\/colombia\/#organization"},"potentialAction":[{"@type":"SearchAction","target":{"@type":"EntryPoint","urlTemplate":"https:\/\/www.fiscalia.gov.co\/colombia\/?s={search_term_string}"},"query-input":{"@type":"PropertyValueSpecification","valueRequired":true,"valueName":"search_term_string"}}],"inLanguage":"es-CO"},{"@type":"Organization","@id":"https:\/\/www.fiscalia.gov.co\/colombia\/#organization","name":"Fiscal\u00eda General de la Naci\u00f3n","url":"https:\/\/www.fiscalia.gov.co\/colombia\/","logo":{"@type":"ImageObject","inLanguage":"es-CO","@id":"https:\/\/www.fiscalia.gov.co\/colombia\/#\/schema\/logo\/image\/","url":"https:\/\/www.fiscalia.gov.co\/colombia\/wp-content\/uploads\/LogoHorizontal_1.jpg","contentUrl":"https:\/\/www.fiscalia.gov.co\/colombia\/wp-content\/uploads\/LogoHorizontal_1.jpg","width":300,"height":90,"caption":"Fiscal\u00eda General de la Naci\u00f3n"},"image":{"@id":"https:\/\/www.fiscalia.gov.co\/colombia\/#\/schema\/logo\/image\/"},"sameAs":["https:\/\/www.facebook.com\/FiscaliaCol","https:\/\/x.com\/FiscaliaCol","https:\/\/www.instagram.com\/fiscaliacol","https:\/\/www.linkedin.com\/company\/fiscalia-general-de-la-naci-n\/","https:\/\/youtube.com\/@fiscaliageneraldelanacion-4668?si=6nN79nyQICPU5iTh"]},{"@type":"Person","@id":"https:\/\/www.fiscalia.gov.co\/colombia\/#\/schema\/person\/b19b49f26569f91393176a2b3d13a0e5","name":"Johanna Black Prieto Pe\u00f1a","image":{"@type":"ImageObject","inLanguage":"es-CO","@id":"https:\/\/www.fiscalia.gov.co\/colombia\/#\/schema\/person\/image\/","url":"https:\/\/secure.gravatar.com\/avatar\/7f04518e1774335e76d761d76f04003e?s=96&d=mm&r=g","contentUrl":"https:\/\/secure.gravatar.com\/avatar\/7f04518e1774335e76d761d76f04003e?s=96&d=mm&r=g","caption":"Johanna Black Prieto Pe\u00f1a"},"url":"https:\/\/www.fiscalia.gov.co\/colombia\/author\/jprieto\/"}]}},"_links":{"self":[{"href":"https:\/\/www.fiscalia.gov.co\/colombia\/wp-json\/wp\/v2\/posts\/234079","targetHints":{"allow":["GET"]}}],"collection":[{"href":"https:\/\/www.fiscalia.gov.co\/colombia\/wp-json\/wp\/v2\/posts"}],"about":[{"href":"https:\/\/www.fiscalia.gov.co\/colombia\/wp-json\/wp\/v2\/types\/post"}],"author":[{"embeddable":true,"href":"https:\/\/www.fiscalia.gov.co\/colombia\/wp-json\/wp\/v2\/users\/176"}],"replies":[{"embeddable":true,"href":"https:\/\/www.fiscalia.gov.co\/colombia\/wp-json\/wp\/v2\/comments?post=234079"}],"version-history":[{"count":2,"href":"https:\/\/www.fiscalia.gov.co\/colombia\/wp-json\/wp\/v2\/posts\/234079\/revisions"}],"predecessor-version":[{"id":234083,"href":"https:\/\/www.fiscalia.gov.co\/colombia\/wp-json\/wp\/v2\/posts\/234079\/revisions\/234083"}],"wp:attachment":[{"href":"https:\/\/www.fiscalia.gov.co\/colombia\/wp-json\/wp\/v2\/media?parent=234079"}],"wp:term":[{"taxonomy":"category","embeddable":true,"href":"https:\/\/www.fiscalia.gov.co\/colombia\/wp-json\/wp\/v2\/categories?post=234079"},{"taxonomy":"post_tag","embeddable":true,"href":"https:\/\/www.fiscalia.gov.co\/colombia\/wp-json\/wp\/v2\/tags?post=234079"}],"curies":[{"name":"wp","href":"https:\/\/api.w.org\/{rel}","templated":true}]}}