{"id":234035,"date":"2021-11-05T09:20:43","date_gmt":"2021-11-05T14:20:43","guid":{"rendered":"https:\/\/www.fiscalia.gov.co\/colombia\/?p=234035"},"modified":"2021-11-16T16:50:45","modified_gmt":"2021-11-16T21:50:45","slug":"asegurado-en-centro-carcelario-intendente-de-la-policia-en-neiva-que-habria-sometido-a-su-ex-companera-sentimental-a-violencia-fisica-sexual-psicologica-economica-y-social","status":"publish","type":"post","link":"https:\/\/www.fiscalia.gov.co\/colombia\/noticias\/asegurado-en-centro-carcelario-intendente-de-la-policia-en-neiva-que-habria-sometido-a-su-ex-companera-sentimental-a-violencia-fisica-sexual-psicologica-economica-y-social\/","title":{"rendered":"Asegurado en centro carcelario intendente de la Polic\u00eda en Neiva que habr\u00eda sometido a su ex compa\u00f1era sentimental a violencia f\u00edsica, sexual, psicol\u00f3gica, econ\u00f3mica y social"},"content":{"rendered":"<p>Dando prioridad a la judicializaci\u00f3n de conductas que afectan la integridad y la vida de las mujeres en Huila, una Fiscal\u00eda del Centro de Atenci\u00f3n Integral de V\u00edctima de Violencia Sexual obtuvo medida de aseguramiento en centro de reclusi\u00f3n en contra de John Alexander Mateus S\u00e1nchez, intendente de la Polic\u00eda Metropolitana de Neiva.<\/p>\n<figure id=\"attachment_234036\" aria-describedby=\"caption-attachment-234036\" style=\"width: 1280px\" class=\"wp-caption alignnone\"><img loading=\"lazy\" decoding=\"async\" class=\"size-full wp-image-234036\" src=\"https:\/\/www.fiscalia.gov.co\/colombia\/wp-content\/uploads\/John-Alexander-Mateus-S\u00e1nchez.jpeg\" alt=\"\" width=\"1280\" height=\"1139\" srcset=\"https:\/\/www.fiscalia.gov.co\/colombia\/wp-content\/uploads\/John-Alexander-Mateus-S\u00e1nchez.jpeg 1280w, https:\/\/www.fiscalia.gov.co\/colombia\/wp-content\/uploads\/John-Alexander-Mateus-S\u00e1nchez-300x267.jpeg 300w, https:\/\/www.fiscalia.gov.co\/colombia\/wp-content\/uploads\/John-Alexander-Mateus-S\u00e1nchez-1024x911.jpeg 1024w, https:\/\/www.fiscalia.gov.co\/colombia\/wp-content\/uploads\/John-Alexander-Mateus-S\u00e1nchez-768x683.jpeg 768w, https:\/\/www.fiscalia.gov.co\/colombia\/wp-content\/uploads\/John-Alexander-Mateus-S\u00e1nchez-696x619.jpeg 696w, https:\/\/www.fiscalia.gov.co\/colombia\/wp-content\/uploads\/John-Alexander-Mateus-S\u00e1nchez-1068x950.jpeg 1068w, https:\/\/www.fiscalia.gov.co\/colombia\/wp-content\/uploads\/John-Alexander-Mateus-S\u00e1nchez-472x420.jpeg 472w\" sizes=\"auto, (max-width: 1280px) 100vw, 1280px\" \/><figcaption id=\"caption-attachment-234036\" class=\"wp-caption-text\">Durante\u00a0los 12 a\u00f1os de convivencia como esposos, el aqu\u00ed investigado habr\u00eda sometido a\u00a0violencia f\u00edsica, sexual, psicol\u00f3gica, econ\u00f3mica y social\u00a0a la v\u00edctima.<\/figcaption><\/figure>\n<p>Con base en los elementos materiales probatorios recaudados por la Fiscal\u00eda, durante los 12 a\u00f1os de convivencia con quien fue su pareja sentimental el hoy investigado la habr\u00eda sometido a violencia f\u00edsica, sexual, psicol\u00f3gica, econ\u00f3mica y social de manera reiterada.<\/p>\n<p>Los hechos tuvieron lugar en Bogot\u00e1 y Neiva entre 2009 y el pasado mes de abril, cuando la mujer decidi\u00f3 separarse.<\/p>\n<p>Se estableci\u00f3 que \u00e9l procesado dispon\u00eda del dinero de su compa\u00f1era sentimental. Asimismo, que la agred\u00eda f\u00edsicamente, la obligaba a exhibir sus partes \u00edntimas en p\u00fablico, adem\u00e1s de someterla a vej\u00e1menes sexuales constantes de manera agresiva.<\/p>\n<p>Seg\u00fan la denunciante, fue obligada por parte del hoy investigado a abortar en cuatro oportunidades. El procesado, al parecer, la obligaba a tomar medicamentos para inducirlos. Y en una ocasi\u00f3n, cuando no le cont\u00f3 que ten\u00eda tres meses de embarazo la habr\u00eda llevado a un sitio donde le practicaron el aborto en un procedimiento donde la sometieron a muchos dolores f\u00edsicos.<\/p>\n<p>Seg\u00fan los hechos, el intendente tambi\u00e9n habr\u00eda utilizado su arma de dotaci\u00f3n para intimidarla.<\/p>\n<p>La Fiscal\u00eda imput\u00f3 a Mateus S\u00e1nchez por su presunta responsabilidad por los delitos de acceso carnal violento agravado, violencia intrafamiliar agravada, aborto sin consentimiento e injurias por v\u00eda de hecho, pero no acept\u00f3 cargos.<\/p>\n<p>Tras las audiencias de formulaci\u00f3n de imputaci\u00f3n y medida de aseguramiento, el juez con funci\u00f3n de control de garant\u00edas libr\u00f3 orden de captura en contra del procesado, quien fue capturado por uniformados del CTI en el barrio Las Palmas de Neiva (Huila), para cumplir la medida de aseguramiento impuesta.<\/p>\n<p>La Fiscal\u00eda habla con resultados.<\/p>\n<p>LMGM\/CFG\/EAP<\/p>\n<p><em>La informaci\u00f3n contenida en este bolet\u00edn de prensa corresponde a la narraci\u00f3n de los hechos noticiosos objetivos, suministrados por los funcionarios encargados de adelantar las investigaciones penales al interior de la Fiscal\u00eda General de la Naci\u00f3n. Para el momento de la divulgaci\u00f3n de este comunicado, la situaci\u00f3n jur\u00eddica de la(s) persona(s) relacionada(s) se encuentra pendiente de resolver por la autoridad judicial competente, siempre bajo los preceptos de la presunci\u00f3n de inocencia, consagrados en el art\u00edculo 29 de la Constituci\u00f3n Pol\u00edtica y el art\u00edculo 7\u00ba de la Ley 906 de 2004.<\/em><\/p>\n<p><strong>Tambi\u00e9n le puede interesar:<\/strong>\u00a0<a href=\"https:\/\/www.fiscalia.gov.co\/colombia\/noticias\/dos-hombres-fueron-enviados-a-prision-por-presunta-violencia-intrafamiliar\/\" data-saferedirecturl=\"https:\/\/www.google.com\/url?q=https:\/\/www.fiscalia.gov.co\/colombia\/noticias\/dos-hombres-fueron-enviados-a-prision-por-presunta-violencia-intrafamiliar\/&amp;source=gmail&amp;ust=1636207771175000&amp;usg=AFQjCNFaJhTRRnDjspMN6QTjmdqVcXEX-Q\">Dos hombres fueron enviados a prisi\u00f3n por presunta violencia intrafamiliar<\/a><\/p>\n<p>&nbsp;<\/p>\n<p>&nbsp;<\/p>\n\n<div class=\"twitter-share\"><a href=\"https:\/\/twitter.com\/intent\/tweet?via=fiscaliacol\" class=\"twitter-share-button\">Tweet<\/a><\/div>\n","protected":false},"excerpt":{"rendered":"<p>Dando prioridad a la judicializaci\u00f3n de conductas que afectan la integridad y la vida de las mujeres en Huila, una Fiscal\u00eda del Centro de Atenci\u00f3n Integral de V\u00edctima de Violencia [&hellip;]<\/p>\n","protected":false},"author":176,"featured_media":234863,"comment_status":"closed","ping_status":"open","sticky":false,"template":"","format":"video","meta":{"tdm_status":"","tdm_grid_status":"","footnotes":""},"categories":[1,333,303,24127],"tags":[16543,366,25866,16,29394,17503,29393,27444,682],"class_list":["post-234035","post","type-post","status-publish","format-video","has-post-thumbnail","category-noticias","category-seccional-neiva","category-seccionales","category-violencia-sexual-e-intrafamiliar","tag-aborto","tag-acceso-carnal","tag-delitos-priorizados","tag-huila","tag-john-alexander-mateus-sanchez","tag-maltrato-fisico","tag-miembro-policia-neiva","tag-mujer-victima","tag-violencia-intrafamiliar","post_format-post-format-video"],"yoast_head":"<!-- This site is optimized with the Yoast SEO plugin v24.3 - https:\/\/yoast.com\/wordpress\/plugins\/seo\/ -->\n<title>Fiscal\u00eda General de la Naci\u00f3n<\/title>\n<meta name=\"description\" content=\"P\u00e1gina oficial de la Fiscal\u00eda General de la Naci\u00f3n \u2013 Colombia. Garantizamos el acceso efectivo a la justicia, la verdad y la reparaci\u00f3n de las v\u00edctimas de los delitos.\" \/>\n<meta name=\"robots\" content=\"noindex, follow\" \/>\n<meta property=\"og:locale\" content=\"es_ES\" \/>\n<meta property=\"og:type\" content=\"article\" \/>\n<meta property=\"og:title\" content=\"Fiscal\u00eda General de la Naci\u00f3n\" \/>\n<meta property=\"og:description\" content=\"P\u00e1gina oficial de la Fiscal\u00eda General de la Naci\u00f3n \u2013 Colombia. Garantizamos el acceso efectivo a la justicia, la verdad y la reparaci\u00f3n de las v\u00edctimas de los delitos.\" \/>\n<meta property=\"og:url\" content=\"https:\/\/www.fiscalia.gov.co\/colombia\/noticias\/asegurado-en-centro-carcelario-intendente-de-la-policia-en-neiva-que-habria-sometido-a-su-ex-companera-sentimental-a-violencia-fisica-sexual-psicologica-economica-y-social\/\" \/>\n<meta property=\"og:site_name\" content=\"Fiscal\u00eda General de la Naci\u00f3n\" \/>\n<meta property=\"article:publisher\" content=\"https:\/\/www.facebook.com\/FiscaliaCol\" \/>\n<meta property=\"article:published_time\" content=\"2021-11-05T14:20:43+00:00\" \/>\n<meta property=\"article:modified_time\" content=\"2021-11-16T21:50:45+00:00\" \/>\n<meta property=\"og:image\" content=\"https:\/\/www.fiscalia.gov.co\/colombia\/wp-content\/uploads\/maxresdefault-170.jpg\" \/>\n\t<meta property=\"og:image:width\" content=\"1280\" \/>\n\t<meta property=\"og:image:height\" content=\"720\" \/>\n\t<meta property=\"og:image:type\" content=\"image\/jpeg\" \/>\n<meta name=\"author\" content=\"Johanna Black Prieto Pe\u00f1a\" \/>\n<meta name=\"twitter:card\" content=\"summary_large_image\" \/>\n<meta name=\"twitter:creator\" content=\"@FiscaliaCol\" \/>\n<meta name=\"twitter:site\" content=\"@FiscaliaCol\" \/>\n<meta name=\"twitter:label1\" content=\"Escrito por\" \/>\n\t<meta name=\"twitter:data1\" content=\"Johanna Black Prieto Pe\u00f1a\" \/>\n\t<meta name=\"twitter:label2\" content=\"Tiempo de lectura\" \/>\n\t<meta name=\"twitter:data2\" content=\"3 minutos\" \/>\n<script type=\"application\/ld+json\" class=\"yoast-schema-graph\">{\"@context\":\"https:\/\/schema.org\",\"@graph\":[{\"@type\":\"Article\",\"@id\":\"https:\/\/www.fiscalia.gov.co\/colombia\/noticias\/asegurado-en-centro-carcelario-intendente-de-la-policia-en-neiva-que-habria-sometido-a-su-ex-companera-sentimental-a-violencia-fisica-sexual-psicologica-economica-y-social\/#article\",\"isPartOf\":{\"@id\":\"https:\/\/www.fiscalia.gov.co\/colombia\/noticias\/asegurado-en-centro-carcelario-intendente-de-la-policia-en-neiva-que-habria-sometido-a-su-ex-companera-sentimental-a-violencia-fisica-sexual-psicologica-economica-y-social\/\"},\"author\":{\"name\":\"Johanna Black Prieto Pe\u00f1a\",\"@id\":\"https:\/\/www.fiscalia.gov.co\/colombia\/#\/schema\/person\/b19b49f26569f91393176a2b3d13a0e5\"},\"headline\":\"Asegurado en centro carcelario intendente de la Polic\u00eda en Neiva que habr\u00eda sometido a su ex compa\u00f1era sentimental a violencia f\u00edsica, sexual, psicol\u00f3gica, econ\u00f3mica y social\",\"datePublished\":\"2021-11-05T14:20:43+00:00\",\"dateModified\":\"2021-11-16T21:50:45+00:00\",\"mainEntityOfPage\":{\"@id\":\"https:\/\/www.fiscalia.gov.co\/colombia\/noticias\/asegurado-en-centro-carcelario-intendente-de-la-policia-en-neiva-que-habria-sometido-a-su-ex-companera-sentimental-a-violencia-fisica-sexual-psicologica-economica-y-social\/\"},\"wordCount\":539,\"publisher\":{\"@id\":\"https:\/\/www.fiscalia.gov.co\/colombia\/#organization\"},\"image\":{\"@id\":\"https:\/\/www.fiscalia.gov.co\/colombia\/noticias\/asegurado-en-centro-carcelario-intendente-de-la-policia-en-neiva-que-habria-sometido-a-su-ex-companera-sentimental-a-violencia-fisica-sexual-psicologica-economica-y-social\/#primaryimage\"},\"thumbnailUrl\":\"https:\/\/www.fiscalia.gov.co\/colombia\/wp-content\/uploads\/maxresdefault-170.jpg\",\"keywords\":[\"Aborto\",\"Acceso carnal\",\"delitos priorizados\",\"Huila\",\"John Alexander Mateus S\u00e1nchez\",\"Maltrato f\u00edsico\",\"miembro Polic\u00eda Neiva\",\"mujer v\u00edctima\",\"Violencia intrafamiliar\"],\"articleSection\":[\"Noticias\",\"Seccional Neiva\",\"Seccionales\",\"Violencia sexual e intrafamiliar\"],\"inLanguage\":\"es-CO\"},{\"@type\":\"WebPage\",\"@id\":\"https:\/\/www.fiscalia.gov.co\/colombia\/noticias\/asegurado-en-centro-carcelario-intendente-de-la-policia-en-neiva-que-habria-sometido-a-su-ex-companera-sentimental-a-violencia-fisica-sexual-psicologica-economica-y-social\/\",\"url\":\"https:\/\/www.fiscalia.gov.co\/colombia\/noticias\/asegurado-en-centro-carcelario-intendente-de-la-policia-en-neiva-que-habria-sometido-a-su-ex-companera-sentimental-a-violencia-fisica-sexual-psicologica-economica-y-social\/\",\"name\":\"Fiscal\u00eda General de la Naci\u00f3n\",\"isPartOf\":{\"@id\":\"https:\/\/www.fiscalia.gov.co\/colombia\/#website\"},\"primaryImageOfPage\":{\"@id\":\"https:\/\/www.fiscalia.gov.co\/colombia\/noticias\/asegurado-en-centro-carcelario-intendente-de-la-policia-en-neiva-que-habria-sometido-a-su-ex-companera-sentimental-a-violencia-fisica-sexual-psicologica-economica-y-social\/#primaryimage\"},\"image\":{\"@id\":\"https:\/\/www.fiscalia.gov.co\/colombia\/noticias\/asegurado-en-centro-carcelario-intendente-de-la-policia-en-neiva-que-habria-sometido-a-su-ex-companera-sentimental-a-violencia-fisica-sexual-psicologica-economica-y-social\/#primaryimage\"},\"thumbnailUrl\":\"https:\/\/www.fiscalia.gov.co\/colombia\/wp-content\/uploads\/maxresdefault-170.jpg\",\"datePublished\":\"2021-11-05T14:20:43+00:00\",\"dateModified\":\"2021-11-16T21:50:45+00:00\",\"description\":\"P\u00e1gina oficial de la Fiscal\u00eda General de la Naci\u00f3n \u2013 Colombia. Garantizamos el acceso efectivo a la justicia, la verdad y la reparaci\u00f3n de las v\u00edctimas de los delitos.\",\"breadcrumb\":{\"@id\":\"https:\/\/www.fiscalia.gov.co\/colombia\/noticias\/asegurado-en-centro-carcelario-intendente-de-la-policia-en-neiva-que-habria-sometido-a-su-ex-companera-sentimental-a-violencia-fisica-sexual-psicologica-economica-y-social\/#breadcrumb\"},\"inLanguage\":\"es-CO\",\"potentialAction\":[{\"@type\":\"ReadAction\",\"target\":[\"https:\/\/www.fiscalia.gov.co\/colombia\/noticias\/asegurado-en-centro-carcelario-intendente-de-la-policia-en-neiva-que-habria-sometido-a-su-ex-companera-sentimental-a-violencia-fisica-sexual-psicologica-economica-y-social\/\"]}]},{\"@type\":\"ImageObject\",\"inLanguage\":\"es-CO\",\"@id\":\"https:\/\/www.fiscalia.gov.co\/colombia\/noticias\/asegurado-en-centro-carcelario-intendente-de-la-policia-en-neiva-que-habria-sometido-a-su-ex-companera-sentimental-a-violencia-fisica-sexual-psicologica-economica-y-social\/#primaryimage\",\"url\":\"https:\/\/www.fiscalia.gov.co\/colombia\/wp-content\/uploads\/maxresdefault-170.jpg\",\"contentUrl\":\"https:\/\/www.fiscalia.gov.co\/colombia\/wp-content\/uploads\/maxresdefault-170.jpg\",\"width\":1280,\"height\":720},{\"@type\":\"BreadcrumbList\",\"@id\":\"https:\/\/www.fiscalia.gov.co\/colombia\/noticias\/asegurado-en-centro-carcelario-intendente-de-la-policia-en-neiva-que-habria-sometido-a-su-ex-companera-sentimental-a-violencia-fisica-sexual-psicologica-economica-y-social\/#breadcrumb\",\"itemListElement\":[{\"@type\":\"ListItem\",\"position\":1,\"name\":\"Home\",\"item\":\"https:\/\/www.fiscalia.gov.co\/colombia\/\"},{\"@type\":\"ListItem\",\"position\":2,\"name\":\"Asegurado en centro carcelario intendente de la Polic\u00eda en Neiva que habr\u00eda sometido a su ex compa\u00f1era sentimental a violencia f\u00edsica, sexual, psicol\u00f3gica, econ\u00f3mica y social\"}]},{\"@type\":\"WebSite\",\"@id\":\"https:\/\/www.fiscalia.gov.co\/colombia\/#website\",\"url\":\"https:\/\/www.fiscalia.gov.co\/colombia\/\",\"name\":\"Fiscal\u00eda General de la Naci\u00f3n\",\"description\":\"P\u00e1gina oficial de la Fiscal\u00eda General de la Naci\u00f3n \u2013 Colombia. Garantizamos el acceso efectivo a la justicia, la verdad y la reparaci\u00f3n de las v\u00edctimas de los delitos.\",\"publisher\":{\"@id\":\"https:\/\/www.fiscalia.gov.co\/colombia\/#organization\"},\"potentialAction\":[{\"@type\":\"SearchAction\",\"target\":{\"@type\":\"EntryPoint\",\"urlTemplate\":\"https:\/\/www.fiscalia.gov.co\/colombia\/?s={search_term_string}\"},\"query-input\":{\"@type\":\"PropertyValueSpecification\",\"valueRequired\":true,\"valueName\":\"search_term_string\"}}],\"inLanguage\":\"es-CO\"},{\"@type\":\"Organization\",\"@id\":\"https:\/\/www.fiscalia.gov.co\/colombia\/#organization\",\"name\":\"Fiscal\u00eda General de la Naci\u00f3n\",\"url\":\"https:\/\/www.fiscalia.gov.co\/colombia\/\",\"logo\":{\"@type\":\"ImageObject\",\"inLanguage\":\"es-CO\",\"@id\":\"https:\/\/www.fiscalia.gov.co\/colombia\/#\/schema\/logo\/image\/\",\"url\":\"https:\/\/www.fiscalia.gov.co\/colombia\/wp-content\/uploads\/LogoHorizontal_1.jpg\",\"contentUrl\":\"https:\/\/www.fiscalia.gov.co\/colombia\/wp-content\/uploads\/LogoHorizontal_1.jpg\",\"width\":300,\"height\":90,\"caption\":\"Fiscal\u00eda General de la Naci\u00f3n\"},\"image\":{\"@id\":\"https:\/\/www.fiscalia.gov.co\/colombia\/#\/schema\/logo\/image\/\"},\"sameAs\":[\"https:\/\/www.facebook.com\/FiscaliaCol\",\"https:\/\/x.com\/FiscaliaCol\",\"https:\/\/www.instagram.com\/fiscaliacol\",\"https:\/\/www.linkedin.com\/company\/fiscalia-general-de-la-naci-n\/\",\"https:\/\/youtube.com\/@fiscaliageneraldelanacion-4668?si=6nN79nyQICPU5iTh\"]},{\"@type\":\"Person\",\"@id\":\"https:\/\/www.fiscalia.gov.co\/colombia\/#\/schema\/person\/b19b49f26569f91393176a2b3d13a0e5\",\"name\":\"Johanna Black Prieto Pe\u00f1a\",\"image\":{\"@type\":\"ImageObject\",\"inLanguage\":\"es-CO\",\"@id\":\"https:\/\/www.fiscalia.gov.co\/colombia\/#\/schema\/person\/image\/\",\"url\":\"https:\/\/secure.gravatar.com\/avatar\/7f04518e1774335e76d761d76f04003e?s=96&d=mm&r=g\",\"contentUrl\":\"https:\/\/secure.gravatar.com\/avatar\/7f04518e1774335e76d761d76f04003e?s=96&d=mm&r=g\",\"caption\":\"Johanna Black Prieto Pe\u00f1a\"},\"url\":\"https:\/\/www.fiscalia.gov.co\/colombia\/author\/jprieto\/\"}]}<\/script>\n<!-- \/ Yoast SEO plugin. -->","yoast_head_json":{"title":"Fiscal\u00eda General de la Naci\u00f3n","description":"P\u00e1gina oficial de la Fiscal\u00eda General de la Naci\u00f3n \u2013 Colombia. Garantizamos el acceso efectivo a la justicia, la verdad y la reparaci\u00f3n de las v\u00edctimas de los delitos.","robots":{"index":"noindex","follow":"follow"},"og_locale":"es_ES","og_type":"article","og_title":"Fiscal\u00eda General de la Naci\u00f3n","og_description":"P\u00e1gina oficial de la Fiscal\u00eda General de la Naci\u00f3n \u2013 Colombia. Garantizamos el acceso efectivo a la justicia, la verdad y la reparaci\u00f3n de las v\u00edctimas de los delitos.","og_url":"https:\/\/www.fiscalia.gov.co\/colombia\/noticias\/asegurado-en-centro-carcelario-intendente-de-la-policia-en-neiva-que-habria-sometido-a-su-ex-companera-sentimental-a-violencia-fisica-sexual-psicologica-economica-y-social\/","og_site_name":"Fiscal\u00eda General de la Naci\u00f3n","article_publisher":"https:\/\/www.facebook.com\/FiscaliaCol","article_published_time":"2021-11-05T14:20:43+00:00","article_modified_time":"2021-11-16T21:50:45+00:00","og_image":[{"width":1280,"height":720,"url":"https:\/\/www.fiscalia.gov.co\/colombia\/wp-content\/uploads\/maxresdefault-170.jpg","type":"image\/jpeg"}],"author":"Johanna Black Prieto Pe\u00f1a","twitter_card":"summary_large_image","twitter_creator":"@FiscaliaCol","twitter_site":"@FiscaliaCol","twitter_misc":{"Escrito por":"Johanna Black Prieto Pe\u00f1a","Tiempo de lectura":"3 minutos"},"schema":{"@context":"https:\/\/schema.org","@graph":[{"@type":"Article","@id":"https:\/\/www.fiscalia.gov.co\/colombia\/noticias\/asegurado-en-centro-carcelario-intendente-de-la-policia-en-neiva-que-habria-sometido-a-su-ex-companera-sentimental-a-violencia-fisica-sexual-psicologica-economica-y-social\/#article","isPartOf":{"@id":"https:\/\/www.fiscalia.gov.co\/colombia\/noticias\/asegurado-en-centro-carcelario-intendente-de-la-policia-en-neiva-que-habria-sometido-a-su-ex-companera-sentimental-a-violencia-fisica-sexual-psicologica-economica-y-social\/"},"author":{"name":"Johanna Black Prieto Pe\u00f1a","@id":"https:\/\/www.fiscalia.gov.co\/colombia\/#\/schema\/person\/b19b49f26569f91393176a2b3d13a0e5"},"headline":"Asegurado en centro carcelario intendente de la Polic\u00eda en Neiva que habr\u00eda sometido a su ex compa\u00f1era sentimental a violencia f\u00edsica, sexual, psicol\u00f3gica, econ\u00f3mica y social","datePublished":"2021-11-05T14:20:43+00:00","dateModified":"2021-11-16T21:50:45+00:00","mainEntityOfPage":{"@id":"https:\/\/www.fiscalia.gov.co\/colombia\/noticias\/asegurado-en-centro-carcelario-intendente-de-la-policia-en-neiva-que-habria-sometido-a-su-ex-companera-sentimental-a-violencia-fisica-sexual-psicologica-economica-y-social\/"},"wordCount":539,"publisher":{"@id":"https:\/\/www.fiscalia.gov.co\/colombia\/#organization"},"image":{"@id":"https:\/\/www.fiscalia.gov.co\/colombia\/noticias\/asegurado-en-centro-carcelario-intendente-de-la-policia-en-neiva-que-habria-sometido-a-su-ex-companera-sentimental-a-violencia-fisica-sexual-psicologica-economica-y-social\/#primaryimage"},"thumbnailUrl":"https:\/\/www.fiscalia.gov.co\/colombia\/wp-content\/uploads\/maxresdefault-170.jpg","keywords":["Aborto","Acceso carnal","delitos priorizados","Huila","John Alexander Mateus S\u00e1nchez","Maltrato f\u00edsico","miembro Polic\u00eda Neiva","mujer v\u00edctima","Violencia intrafamiliar"],"articleSection":["Noticias","Seccional Neiva","Seccionales","Violencia sexual e intrafamiliar"],"inLanguage":"es-CO"},{"@type":"WebPage","@id":"https:\/\/www.fiscalia.gov.co\/colombia\/noticias\/asegurado-en-centro-carcelario-intendente-de-la-policia-en-neiva-que-habria-sometido-a-su-ex-companera-sentimental-a-violencia-fisica-sexual-psicologica-economica-y-social\/","url":"https:\/\/www.fiscalia.gov.co\/colombia\/noticias\/asegurado-en-centro-carcelario-intendente-de-la-policia-en-neiva-que-habria-sometido-a-su-ex-companera-sentimental-a-violencia-fisica-sexual-psicologica-economica-y-social\/","name":"Fiscal\u00eda General de la Naci\u00f3n","isPartOf":{"@id":"https:\/\/www.fiscalia.gov.co\/colombia\/#website"},"primaryImageOfPage":{"@id":"https:\/\/www.fiscalia.gov.co\/colombia\/noticias\/asegurado-en-centro-carcelario-intendente-de-la-policia-en-neiva-que-habria-sometido-a-su-ex-companera-sentimental-a-violencia-fisica-sexual-psicologica-economica-y-social\/#primaryimage"},"image":{"@id":"https:\/\/www.fiscalia.gov.co\/colombia\/noticias\/asegurado-en-centro-carcelario-intendente-de-la-policia-en-neiva-que-habria-sometido-a-su-ex-companera-sentimental-a-violencia-fisica-sexual-psicologica-economica-y-social\/#primaryimage"},"thumbnailUrl":"https:\/\/www.fiscalia.gov.co\/colombia\/wp-content\/uploads\/maxresdefault-170.jpg","datePublished":"2021-11-05T14:20:43+00:00","dateModified":"2021-11-16T21:50:45+00:00","description":"P\u00e1gina oficial de la Fiscal\u00eda General de la Naci\u00f3n \u2013 Colombia. Garantizamos el acceso efectivo a la justicia, la verdad y la reparaci\u00f3n de las v\u00edctimas de los delitos.","breadcrumb":{"@id":"https:\/\/www.fiscalia.gov.co\/colombia\/noticias\/asegurado-en-centro-carcelario-intendente-de-la-policia-en-neiva-que-habria-sometido-a-su-ex-companera-sentimental-a-violencia-fisica-sexual-psicologica-economica-y-social\/#breadcrumb"},"inLanguage":"es-CO","potentialAction":[{"@type":"ReadAction","target":["https:\/\/www.fiscalia.gov.co\/colombia\/noticias\/asegurado-en-centro-carcelario-intendente-de-la-policia-en-neiva-que-habria-sometido-a-su-ex-companera-sentimental-a-violencia-fisica-sexual-psicologica-economica-y-social\/"]}]},{"@type":"ImageObject","inLanguage":"es-CO","@id":"https:\/\/www.fiscalia.gov.co\/colombia\/noticias\/asegurado-en-centro-carcelario-intendente-de-la-policia-en-neiva-que-habria-sometido-a-su-ex-companera-sentimental-a-violencia-fisica-sexual-psicologica-economica-y-social\/#primaryimage","url":"https:\/\/www.fiscalia.gov.co\/colombia\/wp-content\/uploads\/maxresdefault-170.jpg","contentUrl":"https:\/\/www.fiscalia.gov.co\/colombia\/wp-content\/uploads\/maxresdefault-170.jpg","width":1280,"height":720},{"@type":"BreadcrumbList","@id":"https:\/\/www.fiscalia.gov.co\/colombia\/noticias\/asegurado-en-centro-carcelario-intendente-de-la-policia-en-neiva-que-habria-sometido-a-su-ex-companera-sentimental-a-violencia-fisica-sexual-psicologica-economica-y-social\/#breadcrumb","itemListElement":[{"@type":"ListItem","position":1,"name":"Home","item":"https:\/\/www.fiscalia.gov.co\/colombia\/"},{"@type":"ListItem","position":2,"name":"Asegurado en centro carcelario intendente de la Polic\u00eda en Neiva que habr\u00eda sometido a su ex compa\u00f1era sentimental a violencia f\u00edsica, sexual, psicol\u00f3gica, econ\u00f3mica y social"}]},{"@type":"WebSite","@id":"https:\/\/www.fiscalia.gov.co\/colombia\/#website","url":"https:\/\/www.fiscalia.gov.co\/colombia\/","name":"Fiscal\u00eda General de la Naci\u00f3n","description":"P\u00e1gina oficial de la Fiscal\u00eda General de la Naci\u00f3n \u2013 Colombia. Garantizamos el acceso efectivo a la justicia, la verdad y la reparaci\u00f3n de las v\u00edctimas de los delitos.","publisher":{"@id":"https:\/\/www.fiscalia.gov.co\/colombia\/#organization"},"potentialAction":[{"@type":"SearchAction","target":{"@type":"EntryPoint","urlTemplate":"https:\/\/www.fiscalia.gov.co\/colombia\/?s={search_term_string}"},"query-input":{"@type":"PropertyValueSpecification","valueRequired":true,"valueName":"search_term_string"}}],"inLanguage":"es-CO"},{"@type":"Organization","@id":"https:\/\/www.fiscalia.gov.co\/colombia\/#organization","name":"Fiscal\u00eda General de la Naci\u00f3n","url":"https:\/\/www.fiscalia.gov.co\/colombia\/","logo":{"@type":"ImageObject","inLanguage":"es-CO","@id":"https:\/\/www.fiscalia.gov.co\/colombia\/#\/schema\/logo\/image\/","url":"https:\/\/www.fiscalia.gov.co\/colombia\/wp-content\/uploads\/LogoHorizontal_1.jpg","contentUrl":"https:\/\/www.fiscalia.gov.co\/colombia\/wp-content\/uploads\/LogoHorizontal_1.jpg","width":300,"height":90,"caption":"Fiscal\u00eda General de la Naci\u00f3n"},"image":{"@id":"https:\/\/www.fiscalia.gov.co\/colombia\/#\/schema\/logo\/image\/"},"sameAs":["https:\/\/www.facebook.com\/FiscaliaCol","https:\/\/x.com\/FiscaliaCol","https:\/\/www.instagram.com\/fiscaliacol","https:\/\/www.linkedin.com\/company\/fiscalia-general-de-la-naci-n\/","https:\/\/youtube.com\/@fiscaliageneraldelanacion-4668?si=6nN79nyQICPU5iTh"]},{"@type":"Person","@id":"https:\/\/www.fiscalia.gov.co\/colombia\/#\/schema\/person\/b19b49f26569f91393176a2b3d13a0e5","name":"Johanna Black Prieto Pe\u00f1a","image":{"@type":"ImageObject","inLanguage":"es-CO","@id":"https:\/\/www.fiscalia.gov.co\/colombia\/#\/schema\/person\/image\/","url":"https:\/\/secure.gravatar.com\/avatar\/7f04518e1774335e76d761d76f04003e?s=96&d=mm&r=g","contentUrl":"https:\/\/secure.gravatar.com\/avatar\/7f04518e1774335e76d761d76f04003e?s=96&d=mm&r=g","caption":"Johanna Black Prieto Pe\u00f1a"},"url":"https:\/\/www.fiscalia.gov.co\/colombia\/author\/jprieto\/"}]}},"_links":{"self":[{"href":"https:\/\/www.fiscalia.gov.co\/colombia\/wp-json\/wp\/v2\/posts\/234035","targetHints":{"allow":["GET"]}}],"collection":[{"href":"https:\/\/www.fiscalia.gov.co\/colombia\/wp-json\/wp\/v2\/posts"}],"about":[{"href":"https:\/\/www.fiscalia.gov.co\/colombia\/wp-json\/wp\/v2\/types\/post"}],"author":[{"embeddable":true,"href":"https:\/\/www.fiscalia.gov.co\/colombia\/wp-json\/wp\/v2\/users\/176"}],"replies":[{"embeddable":true,"href":"https:\/\/www.fiscalia.gov.co\/colombia\/wp-json\/wp\/v2\/comments?post=234035"}],"version-history":[{"count":1,"href":"https:\/\/www.fiscalia.gov.co\/colombia\/wp-json\/wp\/v2\/posts\/234035\/revisions"}],"predecessor-version":[{"id":234037,"href":"https:\/\/www.fiscalia.gov.co\/colombia\/wp-json\/wp\/v2\/posts\/234035\/revisions\/234037"}],"wp:featuredmedia":[{"embeddable":true,"href":"https:\/\/www.fiscalia.gov.co\/colombia\/wp-json\/wp\/v2\/media\/234863"}],"wp:attachment":[{"href":"https:\/\/www.fiscalia.gov.co\/colombia\/wp-json\/wp\/v2\/media?parent=234035"}],"wp:term":[{"taxonomy":"category","embeddable":true,"href":"https:\/\/www.fiscalia.gov.co\/colombia\/wp-json\/wp\/v2\/categories?post=234035"},{"taxonomy":"post_tag","embeddable":true,"href":"https:\/\/www.fiscalia.gov.co\/colombia\/wp-json\/wp\/v2\/tags?post=234035"}],"curies":[{"name":"wp","href":"https:\/\/api.w.org\/{rel}","templated":true}]}}