{"id":233993,"date":"2021-11-04T18:15:53","date_gmt":"2021-11-04T23:15:53","guid":{"rendered":"https:\/\/www.fiscalia.gov.co\/colombia\/?p=233993"},"modified":"2021-11-05T08:23:35","modified_gmt":"2021-11-05T13:23:35","slug":"es-importante-avanzar-en-el-diseno-de-estrategias-para-la-proteccion-de-los-derechos-de-las-mujeres-ninas-ninos-y-adolescentes-fiscal-general-francisco-barbosa","status":"publish","type":"post","link":"https:\/\/www.fiscalia.gov.co\/colombia\/noticias\/es-importante-avanzar-en-el-diseno-de-estrategias-para-la-proteccion-de-los-derechos-de-las-mujeres-ninas-ninos-y-adolescentes-fiscal-general-francisco-barbosa\/","title":{"rendered":"Es importante avanzar en el dise\u00f1o de estrategias para la protecci\u00f3n de los derechos de las mujeres, ni\u00f1as, ni\u00f1os y adolescentes: Fiscal General, Francisco Barbosa"},"content":{"rendered":"<h4><em><strong>Lucha contra la violencia de g\u00e9nero<\/strong><\/em><\/h4>\n<p>En el acto de instalaci\u00f3n del XVIII Conversatorio Nacional de G\u00e9nero de la Rama Judicial: \u201cIgualdad de G\u00e9nero, Constituci\u00f3n Pol\u00edtica de 1991 y los Objetivos de Desarrollo Sostenible (ODS)\u201d, que se desarrolla en Paipa (Boyac\u00e1), el Fiscal General de la Naci\u00f3n, Francisco Barbosa Delgado, resalt\u00f3 la importancia de tener escenarios como este para poder discutir sobre la pol\u00edtica de g\u00e9nero, articular esfuerzos y avanzar en el dise\u00f1o de estrategias para la protecci\u00f3n de los derechos de las mujeres, pero tambi\u00e9n de ni\u00f1as, ni\u00f1os y adolescentes.<\/p>\n<p>Al respecto, recalc\u00f3 el trabajo que viene adelantando la entidad, estableciendo directrices sobre la violencia de g\u00e9nero; como resultado de ello, en el Direccionamiento Estrat\u00e9gico para el cuatrienio 2020-2024, se establecieron tres principios rectores, como la itinerancia, la concentraci\u00f3n de actividades investigativas y la articulaci\u00f3n, que han permitido abordar este fen\u00f3meno de manera priorizada.<\/p>\n<p>\u201cLa itinerancia que nos ha llevado a establecer pol\u00edticas o rutas de esclarecimiento en diferentes departamentos del pa\u00eds, rutas de esclarecimiento donde no nos hemos simplemente quedado en las capitales, sino estamos movi\u00e9ndonos por diferentes municipios de los territorios con unas pol\u00edticas muy claras de seguimiento de los lugares en donde se presentan mayores cr\u00edmenes contra las mujeres, contra los ni\u00f1os, ni\u00f1as y adolescentes&#8221;, se\u00f1al\u00f3 el Fiscal Barbosa Delgado.<\/p>\n<p>Igualmente, por medio de estos principios se ha logrado contrarrestar las conductas que m\u00e1s afectan a estas poblaciones de especial protecci\u00f3n, como la violencia intrafamiliar, los delitos sexuales y el feminicidio, frente al cual la Fiscal\u00eda ha alcanzado un avance de esclarecimiento del 95%.<\/p>\n<p>Adem\u00e1s, el Fiscal General se refiri\u00f3 a la Directiva 001 de 2021, firmada el pasado 16 de marzo en Cuaspud Carlosama (Nari\u00f1o), \u201cpor medio de la cual se establecen directrices generales para el acceso a la justicia, la recepci\u00f3n de denuncias, investigaci\u00f3n, judicializaci\u00f3n y persecuci\u00f3n del delito de violencia intrafamiliar con ocasi\u00f3n de la expedici\u00f3n de la Ley 1959 de 2019\u201d, con la que se adelant\u00f3 un trabajo enfocado en la mujer rural y que se replic\u00f3, a trav\u00e9s de las rutas \u00a0de esclarecimiento, en municipios como Pisba, Cerinza, Labranzagrande, Sorac\u00e1, Duitama y Santa Rosa de Viterbo.<\/p>\n<p>Hoy por hoy estas rutas de esclarecimiento itinerante se han extendido a nivel nacional, llegando a la ciudad de Cali, y a diferentes municipios de Tolima, Quind\u00edo, Meta, Cesar, Santander, Bol\u00edvar, San Andr\u00e9s y Huila.<\/p>\n<p>Finalmente, con relaci\u00f3n al principio de articulaci\u00f3n, el jefe del ente investigativo indic\u00f3 que \u201cLa Fiscal\u00eda General de la Naci\u00f3n no es una entidad que debe entrar en pol\u00e9micas p\u00fablicas con ninguna rama del poder p\u00fablico, y tampoco debe entrar en pol\u00e9micas con otros actores dentro de la institucionalidad colombiana. He tenido la idea de que la Fiscal\u00eda General de la Naci\u00f3n plantee di\u00e1logos, plantee articulaciones\u201d, para lograr resultados contundentes en beneficio de la justicia, la ciudadan\u00eda y la protecci\u00f3n de los derechos humanos.<\/p>\n<p><strong>La Fiscal\u00eda General de la Naci\u00f3n habla con resultados.<\/strong><\/p>\n<p>&nbsp;<\/p>\n<p>DLBM\/MRC<\/p>\n\n<div class=\"twitter-share\"><a href=\"https:\/\/twitter.com\/intent\/tweet?via=fiscaliacol\" class=\"twitter-share-button\">Tweet<\/a><\/div>\n","protected":false},"excerpt":{"rendered":"<p>Lucha contra la violencia de g\u00e9nero En el acto de instalaci\u00f3n del XVIII Conversatorio Nacional de G\u00e9nero de la Rama Judicial: \u201cIgualdad de G\u00e9nero, Constituci\u00f3n Pol\u00edtica de 1991 y los [&hellip;]<\/p>\n","protected":false},"author":176,"featured_media":233998,"comment_status":"closed","ping_status":"open","sticky":false,"template":"","format":"video","meta":{"tdm_status":"","tdm_grid_status":"","footnotes":""},"categories":[24096,1],"tags":[24189,24526],"class_list":["post-233993","post","type-post","status-publish","format-video","has-post-thumbnail","category-fiscal-general-de-la-nacion","category-noticias","tag-fiscal-francisco-barbosa-delgado","tag-fiscal-general-francisco-barbosa-delgado","post_format-post-format-video"],"yoast_head":"<!-- This site is optimized with the Yoast SEO plugin v24.3 - https:\/\/yoast.com\/wordpress\/plugins\/seo\/ -->\n<title>Fiscal\u00eda General de la Naci\u00f3n<\/title>\n<meta name=\"description\" content=\"P\u00e1gina oficial de la Fiscal\u00eda General de la Naci\u00f3n \u2013 Colombia. Garantizamos el acceso efectivo a la justicia, la verdad y la reparaci\u00f3n de las v\u00edctimas de los delitos.\" \/>\n<meta name=\"robots\" content=\"noindex, follow\" \/>\n<meta property=\"og:locale\" content=\"es_ES\" \/>\n<meta property=\"og:type\" content=\"article\" \/>\n<meta property=\"og:title\" content=\"Fiscal\u00eda General de la Naci\u00f3n\" \/>\n<meta property=\"og:description\" content=\"P\u00e1gina oficial de la Fiscal\u00eda General de la Naci\u00f3n \u2013 Colombia. Garantizamos el acceso efectivo a la justicia, la verdad y la reparaci\u00f3n de las v\u00edctimas de los delitos.\" \/>\n<meta property=\"og:url\" content=\"https:\/\/www.fiscalia.gov.co\/colombia\/noticias\/es-importante-avanzar-en-el-diseno-de-estrategias-para-la-proteccion-de-los-derechos-de-las-mujeres-ninas-ninos-y-adolescentes-fiscal-general-francisco-barbosa\/\" \/>\n<meta property=\"og:site_name\" content=\"Fiscal\u00eda General de la Naci\u00f3n\" \/>\n<meta property=\"article:publisher\" content=\"https:\/\/www.facebook.com\/FiscaliaCol\" \/>\n<meta property=\"article:published_time\" content=\"2021-11-04T23:15:53+00:00\" \/>\n<meta property=\"article:modified_time\" content=\"2021-11-05T13:23:35+00:00\" \/>\n<meta property=\"og:image\" content=\"https:\/\/www.fiscalia.gov.co\/colombia\/wp-content\/uploads\/maxresdefault-138.jpg\" \/>\n\t<meta property=\"og:image:width\" content=\"1280\" \/>\n\t<meta property=\"og:image:height\" content=\"720\" \/>\n\t<meta property=\"og:image:type\" content=\"image\/jpeg\" \/>\n<meta name=\"author\" content=\"Johanna Black Prieto Pe\u00f1a\" \/>\n<meta name=\"twitter:card\" content=\"summary_large_image\" \/>\n<meta name=\"twitter:creator\" content=\"@FiscaliaCol\" \/>\n<meta name=\"twitter:site\" content=\"@FiscaliaCol\" \/>\n<meta name=\"twitter:label1\" content=\"Escrito por\" \/>\n\t<meta name=\"twitter:data1\" content=\"Johanna Black Prieto Pe\u00f1a\" \/>\n\t<meta name=\"twitter:label2\" content=\"Tiempo de lectura\" \/>\n\t<meta name=\"twitter:data2\" content=\"3 minutos\" \/>\n<script type=\"application\/ld+json\" class=\"yoast-schema-graph\">{\"@context\":\"https:\/\/schema.org\",\"@graph\":[{\"@type\":\"Article\",\"@id\":\"https:\/\/www.fiscalia.gov.co\/colombia\/noticias\/es-importante-avanzar-en-el-diseno-de-estrategias-para-la-proteccion-de-los-derechos-de-las-mujeres-ninas-ninos-y-adolescentes-fiscal-general-francisco-barbosa\/#article\",\"isPartOf\":{\"@id\":\"https:\/\/www.fiscalia.gov.co\/colombia\/noticias\/es-importante-avanzar-en-el-diseno-de-estrategias-para-la-proteccion-de-los-derechos-de-las-mujeres-ninas-ninos-y-adolescentes-fiscal-general-francisco-barbosa\/\"},\"author\":{\"name\":\"Johanna Black Prieto Pe\u00f1a\",\"@id\":\"https:\/\/www.fiscalia.gov.co\/colombia\/#\/schema\/person\/b19b49f26569f91393176a2b3d13a0e5\"},\"headline\":\"Es importante avanzar en el dise\u00f1o de estrategias para la protecci\u00f3n de los derechos de las mujeres, ni\u00f1as, ni\u00f1os y adolescentes: Fiscal General, Francisco Barbosa\",\"datePublished\":\"2021-11-04T23:15:53+00:00\",\"dateModified\":\"2021-11-05T13:23:35+00:00\",\"mainEntityOfPage\":{\"@id\":\"https:\/\/www.fiscalia.gov.co\/colombia\/noticias\/es-importante-avanzar-en-el-diseno-de-estrategias-para-la-proteccion-de-los-derechos-de-las-mujeres-ninas-ninos-y-adolescentes-fiscal-general-francisco-barbosa\/\"},\"wordCount\":565,\"publisher\":{\"@id\":\"https:\/\/www.fiscalia.gov.co\/colombia\/#organization\"},\"image\":{\"@id\":\"https:\/\/www.fiscalia.gov.co\/colombia\/noticias\/es-importante-avanzar-en-el-diseno-de-estrategias-para-la-proteccion-de-los-derechos-de-las-mujeres-ninas-ninos-y-adolescentes-fiscal-general-francisco-barbosa\/#primaryimage\"},\"thumbnailUrl\":\"https:\/\/www.fiscalia.gov.co\/colombia\/wp-content\/uploads\/maxresdefault-138.jpg\",\"keywords\":[\"Fiscal Francisco Barbosa Delgado\",\"Fiscal General Francisco Barbosa Delgado\"],\"articleSection\":[\"Fiscal General de la Naci\u00f3n\",\"Noticias\"],\"inLanguage\":\"es-CO\"},{\"@type\":\"WebPage\",\"@id\":\"https:\/\/www.fiscalia.gov.co\/colombia\/noticias\/es-importante-avanzar-en-el-diseno-de-estrategias-para-la-proteccion-de-los-derechos-de-las-mujeres-ninas-ninos-y-adolescentes-fiscal-general-francisco-barbosa\/\",\"url\":\"https:\/\/www.fiscalia.gov.co\/colombia\/noticias\/es-importante-avanzar-en-el-diseno-de-estrategias-para-la-proteccion-de-los-derechos-de-las-mujeres-ninas-ninos-y-adolescentes-fiscal-general-francisco-barbosa\/\",\"name\":\"Fiscal\u00eda General de la Naci\u00f3n\",\"isPartOf\":{\"@id\":\"https:\/\/www.fiscalia.gov.co\/colombia\/#website\"},\"primaryImageOfPage\":{\"@id\":\"https:\/\/www.fiscalia.gov.co\/colombia\/noticias\/es-importante-avanzar-en-el-diseno-de-estrategias-para-la-proteccion-de-los-derechos-de-las-mujeres-ninas-ninos-y-adolescentes-fiscal-general-francisco-barbosa\/#primaryimage\"},\"image\":{\"@id\":\"https:\/\/www.fiscalia.gov.co\/colombia\/noticias\/es-importante-avanzar-en-el-diseno-de-estrategias-para-la-proteccion-de-los-derechos-de-las-mujeres-ninas-ninos-y-adolescentes-fiscal-general-francisco-barbosa\/#primaryimage\"},\"thumbnailUrl\":\"https:\/\/www.fiscalia.gov.co\/colombia\/wp-content\/uploads\/maxresdefault-138.jpg\",\"datePublished\":\"2021-11-04T23:15:53+00:00\",\"dateModified\":\"2021-11-05T13:23:35+00:00\",\"description\":\"P\u00e1gina oficial de la Fiscal\u00eda General de la Naci\u00f3n \u2013 Colombia. Garantizamos el acceso efectivo a la justicia, la verdad y la reparaci\u00f3n de las v\u00edctimas de los delitos.\",\"breadcrumb\":{\"@id\":\"https:\/\/www.fiscalia.gov.co\/colombia\/noticias\/es-importante-avanzar-en-el-diseno-de-estrategias-para-la-proteccion-de-los-derechos-de-las-mujeres-ninas-ninos-y-adolescentes-fiscal-general-francisco-barbosa\/#breadcrumb\"},\"inLanguage\":\"es-CO\",\"potentialAction\":[{\"@type\":\"ReadAction\",\"target\":[\"https:\/\/www.fiscalia.gov.co\/colombia\/noticias\/es-importante-avanzar-en-el-diseno-de-estrategias-para-la-proteccion-de-los-derechos-de-las-mujeres-ninas-ninos-y-adolescentes-fiscal-general-francisco-barbosa\/\"]}]},{\"@type\":\"ImageObject\",\"inLanguage\":\"es-CO\",\"@id\":\"https:\/\/www.fiscalia.gov.co\/colombia\/noticias\/es-importante-avanzar-en-el-diseno-de-estrategias-para-la-proteccion-de-los-derechos-de-las-mujeres-ninas-ninos-y-adolescentes-fiscal-general-francisco-barbosa\/#primaryimage\",\"url\":\"https:\/\/www.fiscalia.gov.co\/colombia\/wp-content\/uploads\/maxresdefault-138.jpg\",\"contentUrl\":\"https:\/\/www.fiscalia.gov.co\/colombia\/wp-content\/uploads\/maxresdefault-138.jpg\",\"width\":1280,\"height\":720},{\"@type\":\"BreadcrumbList\",\"@id\":\"https:\/\/www.fiscalia.gov.co\/colombia\/noticias\/es-importante-avanzar-en-el-diseno-de-estrategias-para-la-proteccion-de-los-derechos-de-las-mujeres-ninas-ninos-y-adolescentes-fiscal-general-francisco-barbosa\/#breadcrumb\",\"itemListElement\":[{\"@type\":\"ListItem\",\"position\":1,\"name\":\"Home\",\"item\":\"https:\/\/www.fiscalia.gov.co\/colombia\/\"},{\"@type\":\"ListItem\",\"position\":2,\"name\":\"Es importante avanzar en el dise\u00f1o de estrategias para la protecci\u00f3n de los derechos de las mujeres, ni\u00f1as, ni\u00f1os y adolescentes: Fiscal General, Francisco Barbosa\"}]},{\"@type\":\"WebSite\",\"@id\":\"https:\/\/www.fiscalia.gov.co\/colombia\/#website\",\"url\":\"https:\/\/www.fiscalia.gov.co\/colombia\/\",\"name\":\"Fiscal\u00eda General de la Naci\u00f3n\",\"description\":\"P\u00e1gina oficial de la Fiscal\u00eda General de la Naci\u00f3n \u2013 Colombia. Garantizamos el acceso efectivo a la justicia, la verdad y la reparaci\u00f3n de las v\u00edctimas de los delitos.\",\"publisher\":{\"@id\":\"https:\/\/www.fiscalia.gov.co\/colombia\/#organization\"},\"potentialAction\":[{\"@type\":\"SearchAction\",\"target\":{\"@type\":\"EntryPoint\",\"urlTemplate\":\"https:\/\/www.fiscalia.gov.co\/colombia\/?s={search_term_string}\"},\"query-input\":{\"@type\":\"PropertyValueSpecification\",\"valueRequired\":true,\"valueName\":\"search_term_string\"}}],\"inLanguage\":\"es-CO\"},{\"@type\":\"Organization\",\"@id\":\"https:\/\/www.fiscalia.gov.co\/colombia\/#organization\",\"name\":\"Fiscal\u00eda General de la Naci\u00f3n\",\"url\":\"https:\/\/www.fiscalia.gov.co\/colombia\/\",\"logo\":{\"@type\":\"ImageObject\",\"inLanguage\":\"es-CO\",\"@id\":\"https:\/\/www.fiscalia.gov.co\/colombia\/#\/schema\/logo\/image\/\",\"url\":\"https:\/\/www.fiscalia.gov.co\/colombia\/wp-content\/uploads\/LogoHorizontal_1.jpg\",\"contentUrl\":\"https:\/\/www.fiscalia.gov.co\/colombia\/wp-content\/uploads\/LogoHorizontal_1.jpg\",\"width\":300,\"height\":90,\"caption\":\"Fiscal\u00eda General de la Naci\u00f3n\"},\"image\":{\"@id\":\"https:\/\/www.fiscalia.gov.co\/colombia\/#\/schema\/logo\/image\/\"},\"sameAs\":[\"https:\/\/www.facebook.com\/FiscaliaCol\",\"https:\/\/x.com\/FiscaliaCol\",\"https:\/\/www.instagram.com\/fiscaliacol\",\"https:\/\/www.linkedin.com\/company\/fiscalia-general-de-la-naci-n\/\",\"https:\/\/youtube.com\/@fiscaliageneraldelanacion-4668?si=6nN79nyQICPU5iTh\"]},{\"@type\":\"Person\",\"@id\":\"https:\/\/www.fiscalia.gov.co\/colombia\/#\/schema\/person\/b19b49f26569f91393176a2b3d13a0e5\",\"name\":\"Johanna Black Prieto Pe\u00f1a\",\"image\":{\"@type\":\"ImageObject\",\"inLanguage\":\"es-CO\",\"@id\":\"https:\/\/www.fiscalia.gov.co\/colombia\/#\/schema\/person\/image\/\",\"url\":\"https:\/\/secure.gravatar.com\/avatar\/7f04518e1774335e76d761d76f04003e?s=96&d=mm&r=g\",\"contentUrl\":\"https:\/\/secure.gravatar.com\/avatar\/7f04518e1774335e76d761d76f04003e?s=96&d=mm&r=g\",\"caption\":\"Johanna Black Prieto Pe\u00f1a\"},\"url\":\"https:\/\/www.fiscalia.gov.co\/colombia\/author\/jprieto\/\"}]}<\/script>\n<!-- \/ Yoast SEO plugin. -->","yoast_head_json":{"title":"Fiscal\u00eda General de la Naci\u00f3n","description":"P\u00e1gina oficial de la Fiscal\u00eda General de la Naci\u00f3n \u2013 Colombia. Garantizamos el acceso efectivo a la justicia, la verdad y la reparaci\u00f3n de las v\u00edctimas de los delitos.","robots":{"index":"noindex","follow":"follow"},"og_locale":"es_ES","og_type":"article","og_title":"Fiscal\u00eda General de la Naci\u00f3n","og_description":"P\u00e1gina oficial de la Fiscal\u00eda General de la Naci\u00f3n \u2013 Colombia. Garantizamos el acceso efectivo a la justicia, la verdad y la reparaci\u00f3n de las v\u00edctimas de los delitos.","og_url":"https:\/\/www.fiscalia.gov.co\/colombia\/noticias\/es-importante-avanzar-en-el-diseno-de-estrategias-para-la-proteccion-de-los-derechos-de-las-mujeres-ninas-ninos-y-adolescentes-fiscal-general-francisco-barbosa\/","og_site_name":"Fiscal\u00eda General de la Naci\u00f3n","article_publisher":"https:\/\/www.facebook.com\/FiscaliaCol","article_published_time":"2021-11-04T23:15:53+00:00","article_modified_time":"2021-11-05T13:23:35+00:00","og_image":[{"width":1280,"height":720,"url":"https:\/\/www.fiscalia.gov.co\/colombia\/wp-content\/uploads\/maxresdefault-138.jpg","type":"image\/jpeg"}],"author":"Johanna Black Prieto Pe\u00f1a","twitter_card":"summary_large_image","twitter_creator":"@FiscaliaCol","twitter_site":"@FiscaliaCol","twitter_misc":{"Escrito por":"Johanna Black Prieto Pe\u00f1a","Tiempo de lectura":"3 minutos"},"schema":{"@context":"https:\/\/schema.org","@graph":[{"@type":"Article","@id":"https:\/\/www.fiscalia.gov.co\/colombia\/noticias\/es-importante-avanzar-en-el-diseno-de-estrategias-para-la-proteccion-de-los-derechos-de-las-mujeres-ninas-ninos-y-adolescentes-fiscal-general-francisco-barbosa\/#article","isPartOf":{"@id":"https:\/\/www.fiscalia.gov.co\/colombia\/noticias\/es-importante-avanzar-en-el-diseno-de-estrategias-para-la-proteccion-de-los-derechos-de-las-mujeres-ninas-ninos-y-adolescentes-fiscal-general-francisco-barbosa\/"},"author":{"name":"Johanna Black Prieto Pe\u00f1a","@id":"https:\/\/www.fiscalia.gov.co\/colombia\/#\/schema\/person\/b19b49f26569f91393176a2b3d13a0e5"},"headline":"Es importante avanzar en el dise\u00f1o de estrategias para la protecci\u00f3n de los derechos de las mujeres, ni\u00f1as, ni\u00f1os y adolescentes: Fiscal General, Francisco Barbosa","datePublished":"2021-11-04T23:15:53+00:00","dateModified":"2021-11-05T13:23:35+00:00","mainEntityOfPage":{"@id":"https:\/\/www.fiscalia.gov.co\/colombia\/noticias\/es-importante-avanzar-en-el-diseno-de-estrategias-para-la-proteccion-de-los-derechos-de-las-mujeres-ninas-ninos-y-adolescentes-fiscal-general-francisco-barbosa\/"},"wordCount":565,"publisher":{"@id":"https:\/\/www.fiscalia.gov.co\/colombia\/#organization"},"image":{"@id":"https:\/\/www.fiscalia.gov.co\/colombia\/noticias\/es-importante-avanzar-en-el-diseno-de-estrategias-para-la-proteccion-de-los-derechos-de-las-mujeres-ninas-ninos-y-adolescentes-fiscal-general-francisco-barbosa\/#primaryimage"},"thumbnailUrl":"https:\/\/www.fiscalia.gov.co\/colombia\/wp-content\/uploads\/maxresdefault-138.jpg","keywords":["Fiscal Francisco Barbosa Delgado","Fiscal General Francisco Barbosa Delgado"],"articleSection":["Fiscal General de la Naci\u00f3n","Noticias"],"inLanguage":"es-CO"},{"@type":"WebPage","@id":"https:\/\/www.fiscalia.gov.co\/colombia\/noticias\/es-importante-avanzar-en-el-diseno-de-estrategias-para-la-proteccion-de-los-derechos-de-las-mujeres-ninas-ninos-y-adolescentes-fiscal-general-francisco-barbosa\/","url":"https:\/\/www.fiscalia.gov.co\/colombia\/noticias\/es-importante-avanzar-en-el-diseno-de-estrategias-para-la-proteccion-de-los-derechos-de-las-mujeres-ninas-ninos-y-adolescentes-fiscal-general-francisco-barbosa\/","name":"Fiscal\u00eda General de la Naci\u00f3n","isPartOf":{"@id":"https:\/\/www.fiscalia.gov.co\/colombia\/#website"},"primaryImageOfPage":{"@id":"https:\/\/www.fiscalia.gov.co\/colombia\/noticias\/es-importante-avanzar-en-el-diseno-de-estrategias-para-la-proteccion-de-los-derechos-de-las-mujeres-ninas-ninos-y-adolescentes-fiscal-general-francisco-barbosa\/#primaryimage"},"image":{"@id":"https:\/\/www.fiscalia.gov.co\/colombia\/noticias\/es-importante-avanzar-en-el-diseno-de-estrategias-para-la-proteccion-de-los-derechos-de-las-mujeres-ninas-ninos-y-adolescentes-fiscal-general-francisco-barbosa\/#primaryimage"},"thumbnailUrl":"https:\/\/www.fiscalia.gov.co\/colombia\/wp-content\/uploads\/maxresdefault-138.jpg","datePublished":"2021-11-04T23:15:53+00:00","dateModified":"2021-11-05T13:23:35+00:00","description":"P\u00e1gina oficial de la Fiscal\u00eda General de la Naci\u00f3n \u2013 Colombia. Garantizamos el acceso efectivo a la justicia, la verdad y la reparaci\u00f3n de las v\u00edctimas de los delitos.","breadcrumb":{"@id":"https:\/\/www.fiscalia.gov.co\/colombia\/noticias\/es-importante-avanzar-en-el-diseno-de-estrategias-para-la-proteccion-de-los-derechos-de-las-mujeres-ninas-ninos-y-adolescentes-fiscal-general-francisco-barbosa\/#breadcrumb"},"inLanguage":"es-CO","potentialAction":[{"@type":"ReadAction","target":["https:\/\/www.fiscalia.gov.co\/colombia\/noticias\/es-importante-avanzar-en-el-diseno-de-estrategias-para-la-proteccion-de-los-derechos-de-las-mujeres-ninas-ninos-y-adolescentes-fiscal-general-francisco-barbosa\/"]}]},{"@type":"ImageObject","inLanguage":"es-CO","@id":"https:\/\/www.fiscalia.gov.co\/colombia\/noticias\/es-importante-avanzar-en-el-diseno-de-estrategias-para-la-proteccion-de-los-derechos-de-las-mujeres-ninas-ninos-y-adolescentes-fiscal-general-francisco-barbosa\/#primaryimage","url":"https:\/\/www.fiscalia.gov.co\/colombia\/wp-content\/uploads\/maxresdefault-138.jpg","contentUrl":"https:\/\/www.fiscalia.gov.co\/colombia\/wp-content\/uploads\/maxresdefault-138.jpg","width":1280,"height":720},{"@type":"BreadcrumbList","@id":"https:\/\/www.fiscalia.gov.co\/colombia\/noticias\/es-importante-avanzar-en-el-diseno-de-estrategias-para-la-proteccion-de-los-derechos-de-las-mujeres-ninas-ninos-y-adolescentes-fiscal-general-francisco-barbosa\/#breadcrumb","itemListElement":[{"@type":"ListItem","position":1,"name":"Home","item":"https:\/\/www.fiscalia.gov.co\/colombia\/"},{"@type":"ListItem","position":2,"name":"Es importante avanzar en el dise\u00f1o de estrategias para la protecci\u00f3n de los derechos de las mujeres, ni\u00f1as, ni\u00f1os y adolescentes: Fiscal General, Francisco Barbosa"}]},{"@type":"WebSite","@id":"https:\/\/www.fiscalia.gov.co\/colombia\/#website","url":"https:\/\/www.fiscalia.gov.co\/colombia\/","name":"Fiscal\u00eda General de la Naci\u00f3n","description":"P\u00e1gina oficial de la Fiscal\u00eda General de la Naci\u00f3n \u2013 Colombia. Garantizamos el acceso efectivo a la justicia, la verdad y la reparaci\u00f3n de las v\u00edctimas de los delitos.","publisher":{"@id":"https:\/\/www.fiscalia.gov.co\/colombia\/#organization"},"potentialAction":[{"@type":"SearchAction","target":{"@type":"EntryPoint","urlTemplate":"https:\/\/www.fiscalia.gov.co\/colombia\/?s={search_term_string}"},"query-input":{"@type":"PropertyValueSpecification","valueRequired":true,"valueName":"search_term_string"}}],"inLanguage":"es-CO"},{"@type":"Organization","@id":"https:\/\/www.fiscalia.gov.co\/colombia\/#organization","name":"Fiscal\u00eda General de la Naci\u00f3n","url":"https:\/\/www.fiscalia.gov.co\/colombia\/","logo":{"@type":"ImageObject","inLanguage":"es-CO","@id":"https:\/\/www.fiscalia.gov.co\/colombia\/#\/schema\/logo\/image\/","url":"https:\/\/www.fiscalia.gov.co\/colombia\/wp-content\/uploads\/LogoHorizontal_1.jpg","contentUrl":"https:\/\/www.fiscalia.gov.co\/colombia\/wp-content\/uploads\/LogoHorizontal_1.jpg","width":300,"height":90,"caption":"Fiscal\u00eda General de la Naci\u00f3n"},"image":{"@id":"https:\/\/www.fiscalia.gov.co\/colombia\/#\/schema\/logo\/image\/"},"sameAs":["https:\/\/www.facebook.com\/FiscaliaCol","https:\/\/x.com\/FiscaliaCol","https:\/\/www.instagram.com\/fiscaliacol","https:\/\/www.linkedin.com\/company\/fiscalia-general-de-la-naci-n\/","https:\/\/youtube.com\/@fiscaliageneraldelanacion-4668?si=6nN79nyQICPU5iTh"]},{"@type":"Person","@id":"https:\/\/www.fiscalia.gov.co\/colombia\/#\/schema\/person\/b19b49f26569f91393176a2b3d13a0e5","name":"Johanna Black Prieto Pe\u00f1a","image":{"@type":"ImageObject","inLanguage":"es-CO","@id":"https:\/\/www.fiscalia.gov.co\/colombia\/#\/schema\/person\/image\/","url":"https:\/\/secure.gravatar.com\/avatar\/7f04518e1774335e76d761d76f04003e?s=96&d=mm&r=g","contentUrl":"https:\/\/secure.gravatar.com\/avatar\/7f04518e1774335e76d761d76f04003e?s=96&d=mm&r=g","caption":"Johanna Black Prieto Pe\u00f1a"},"url":"https:\/\/www.fiscalia.gov.co\/colombia\/author\/jprieto\/"}]}},"_links":{"self":[{"href":"https:\/\/www.fiscalia.gov.co\/colombia\/wp-json\/wp\/v2\/posts\/233993","targetHints":{"allow":["GET"]}}],"collection":[{"href":"https:\/\/www.fiscalia.gov.co\/colombia\/wp-json\/wp\/v2\/posts"}],"about":[{"href":"https:\/\/www.fiscalia.gov.co\/colombia\/wp-json\/wp\/v2\/types\/post"}],"author":[{"embeddable":true,"href":"https:\/\/www.fiscalia.gov.co\/colombia\/wp-json\/wp\/v2\/users\/176"}],"replies":[{"embeddable":true,"href":"https:\/\/www.fiscalia.gov.co\/colombia\/wp-json\/wp\/v2\/comments?post=233993"}],"version-history":[{"count":4,"href":"https:\/\/www.fiscalia.gov.co\/colombia\/wp-json\/wp\/v2\/posts\/233993\/revisions"}],"predecessor-version":[{"id":233997,"href":"https:\/\/www.fiscalia.gov.co\/colombia\/wp-json\/wp\/v2\/posts\/233993\/revisions\/233997"}],"wp:featuredmedia":[{"embeddable":true,"href":"https:\/\/www.fiscalia.gov.co\/colombia\/wp-json\/wp\/v2\/media\/233998"}],"wp:attachment":[{"href":"https:\/\/www.fiscalia.gov.co\/colombia\/wp-json\/wp\/v2\/media?parent=233993"}],"wp:term":[{"taxonomy":"category","embeddable":true,"href":"https:\/\/www.fiscalia.gov.co\/colombia\/wp-json\/wp\/v2\/categories?post=233993"},{"taxonomy":"post_tag","embeddable":true,"href":"https:\/\/www.fiscalia.gov.co\/colombia\/wp-json\/wp\/v2\/tags?post=233993"}],"curies":[{"name":"wp","href":"https:\/\/api.w.org\/{rel}","templated":true}]}}