{"id":233961,"date":"2021-11-04T15:54:57","date_gmt":"2021-11-04T20:54:57","guid":{"rendered":"https:\/\/www.fiscalia.gov.co\/colombia\/?p=233961"},"modified":"2021-11-04T15:54:57","modified_gmt":"2021-11-04T20:54:57","slug":"asegurados-11-presuntos-integrante-de-los-santiago-grupo-delincuencial-que-comercializaba-estupefacientes-en-los-municipios-de-turbaco-y-turbana-bolivar","status":"publish","type":"post","link":"https:\/\/www.fiscalia.gov.co\/colombia\/noticias\/asegurados-11-presuntos-integrante-de-los-santiago-grupo-delincuencial-que-comercializaba-estupefacientes-en-los-municipios-de-turbaco-y-turbana-bolivar\/","title":{"rendered":"Asegurados 11 presuntos integrante de \u2018Los Santiago\u2019, grupo delincuencial que comercializaba estupefacientes en los municipios de Turbaco y Turbana (Bol\u00edvar)"},"content":{"rendered":"<p>Luego acoger del material probatorio presentado por una fiscal Especializada Seccional Bol\u00edvar, un juez con funciones de control de garant\u00edas dict\u00f3 medida de aseguramiento contra 11 presuntos integrantes de la organizaci\u00f3n criminal Los Santiago, por los delitos de concierto para delinquir y tr\u00e1fico, fabricaci\u00f3n o porte de estupefacientes, a los cuales no se allanaron.<\/p>\n<figure id=\"attachment_233962\" aria-describedby=\"caption-attachment-233962\" style=\"width: 1280px\" class=\"wp-caption alignnone\"><img loading=\"lazy\" decoding=\"async\" class=\"size-full wp-image-233962\" src=\"https:\/\/www.fiscalia.gov.co\/colombia\/wp-content\/uploads\/Foto-1-3.jpeg\" alt=\"\" width=\"1280\" height=\"960\" srcset=\"https:\/\/www.fiscalia.gov.co\/colombia\/wp-content\/uploads\/Foto-1-3.jpeg 1280w, https:\/\/www.fiscalia.gov.co\/colombia\/wp-content\/uploads\/Foto-1-3-300x225.jpeg 300w, https:\/\/www.fiscalia.gov.co\/colombia\/wp-content\/uploads\/Foto-1-3-1024x768.jpeg 1024w, https:\/\/www.fiscalia.gov.co\/colombia\/wp-content\/uploads\/Foto-1-3-768x576.jpeg 768w, https:\/\/www.fiscalia.gov.co\/colombia\/wp-content\/uploads\/Foto-1-3-696x522.jpeg 696w, https:\/\/www.fiscalia.gov.co\/colombia\/wp-content\/uploads\/Foto-1-3-1068x801.jpeg 1068w, https:\/\/www.fiscalia.gov.co\/colombia\/wp-content\/uploads\/Foto-1-3-560x420.jpeg 560w, https:\/\/www.fiscalia.gov.co\/colombia\/wp-content\/uploads\/Foto-1-3-80x60.jpeg 80w, https:\/\/www.fiscalia.gov.co\/colombia\/wp-content\/uploads\/Foto-1-3-265x198.jpeg 265w\" sizes=\"auto, (max-width: 1280px) 100vw, 1280px\" \/><figcaption id=\"caption-attachment-233962\" class=\"wp-caption-text\">Los Santiago al parecer se dedicaban a distribuir alucin\u00f3genos en Turbaco<\/figcaption><\/figure>\n<p>De acuerdo con las investigaciones, la banda delincuencial transportaba estupefacientes desde Cartagena (Bol\u00edvar), hacia los municipios de Turbaco y Turbana. Se estableci\u00f3 entonces que vend\u00edan un promedio de 50 kilos de marihuana y 20 kilos de clorhidrato de coca\u00edna, bajo la modalidad de puestos fijos y a domicilio.<\/p>\n<p>En un trabajo articulado entre la Fiscal\u00eda, la Polic\u00eda Nacional y el Gaula Militar se realizaron 13 diligencias de registro y allanamiento materializando la captura por orden judicial de a las siguientes personas:<\/p>\n<p>Alfredo Enrique L\u00f3pez Cuello<\/p>\n<p>Samir Mart\u00ednez Campo<\/p>\n<p>Orlandis Jos\u00e9 \u00c1lvarez Vitola<\/p>\n<p>Luis Alberto Montes Mart\u00ednez<\/p>\n<p>Elkin Enrique Castilla D\u00edaz<\/p>\n<p>Katia Milena Pereira Elles<\/p>\n<p>Edwin Enrique C\u00e1rdenas Teher\u00e1n<\/p>\n<p>Daniel Enrique P\u00e9rez Mendoza<\/p>\n<p>Jorge Eli\u00e9cer Rinc\u00f3n Gonz\u00e1lez<\/p>\n<p>Manuel Antonio Acevedo Jim\u00e9nez<\/p>\n<p>Juan Manuel Valdelamar Ruiz<\/p>\n<p>En los operativos se incaut\u00f3 una motocicleta, celulares y grameras.<\/p>\n<p>La Fiscal\u00eda General de la Naci\u00f3n habla con resultados<\/p>\n<p>VHGB\/MG\/NTP<\/p>\n<p><em><span lang=\"ES\">La informaci\u00f3n contenida en este bolet\u00edn de prensa corresponde a la narraci\u00f3n de los hechos noticiosos objetivos, suministrados por los funcionarios encargados de adelantar las investigaciones penales al interior de la Fiscal\u00eda General de la Naci\u00f3n. Para el momento de la divulgaci\u00f3n de este comunicado, la situaci\u00f3n jur\u00eddica de la(s) persona(s) relacionada(s) se encuentra pendiente de resolver por la autoridad judicial competente, siempre bajo los preceptos de la presunci\u00f3n de inocencia, consagrados en el art\u00edculo 29 de la Constituci\u00f3n Pol\u00edtica y el art\u00edculo 7\u00ba de la Ley 906 de 2004.<\/span><\/em><\/p>\n<p><span lang=\"ES-MX\">\u00a0<\/span><b>Le puede interesar:<\/b><\/p>\n<p><a href=\"https:\/\/www.fiscalia.gov.co\/colombia\/noticias\/fiscalia-desarticulo-a-los-caleteros-banda-dedicada-al-trafico-de-estupefacientes-en-sabanalarga-atlantico\/\" target=\"_blank\" rel=\"noopener noreferrer\" data-saferedirecturl=\"https:\/\/www.google.com\/url?q=https:\/\/www.fiscalia.gov.co\/colombia\/noticias\/fiscalia-desarticulo-a-los-caleteros-banda-dedicada-al-trafico-de-estupefacientes-en-sabanalarga-atlantico\/&amp;source=gmail&amp;ust=1636145170558000&amp;usg=AOvVaw1SGokP6YxDF0gp-gXrFqaL\">Fiscal\u00eda desarticul\u00f3 a \u2018Los Caleteros\u2019, banda dedicada al tr\u00e1fico de estupefacientes en Sabanalarga (Atl\u00e1ntico)<\/a><\/p>\n<p><a href=\"https:\/\/www.fiscalia.gov.co\/colombia\/noticias\/asegurados-11-presuntos-integrantes-de-un-grupo-delincuencial-dedicado-a-la-venta-de-alucinogenos\/\" target=\"_blank\" rel=\"noopener noreferrer\" data-saferedirecturl=\"https:\/\/www.google.com\/url?q=https:\/\/www.fiscalia.gov.co\/colombia\/noticias\/asegurados-11-presuntos-integrantes-de-un-grupo-delincuencial-dedicado-a-la-venta-de-alucinogenos\/&amp;source=gmail&amp;ust=1636145170558000&amp;usg=AOvVaw20actL9gBjoGxCWWs_qw9E\">Asegurados 11 presuntos integrantes de un grupo delincuencial, dedicado a la venta de alucin\u00f3genos\u00a0<\/a><\/p>\n\n<div class=\"twitter-share\"><a href=\"https:\/\/twitter.com\/intent\/tweet?via=fiscaliacol\" class=\"twitter-share-button\">Tweet<\/a><\/div>\n","protected":false},"excerpt":{"rendered":"<p>Luego acoger del material probatorio presentado por una fiscal Especializada Seccional Bol\u00edvar, un juez con funciones de control de garant\u00edas dict\u00f3 medida de aseguramiento contra 11 presuntos integrantes de la organizaci\u00f3n criminal Los Santiago, por los delitos de concierto para delinquir y tr\u00e1fico, fabricaci\u00f3n o porte de estupefacientes, a los cuales no se allanaron. De [&hellip;]<\/p>\n","protected":false},"author":176,"featured_media":0,"comment_status":"closed","ping_status":"open","sticky":false,"template":"","format":"standard","meta":{"_price":"","_stock":"","_tribe_ticket_header":"","_tribe_default_ticket_provider":"","_tribe_ticket_capacity":"0","_ticket_start_date":"","_ticket_end_date":"","_tribe_ticket_show_description":"","_tribe_ticket_show_not_going":false,"_tribe_ticket_use_global_stock":"","_tribe_ticket_global_stock_level":"","_global_stock_mode":"","_global_stock_cap":"","_tribe_rsvp_for_event":"","_tribe_ticket_going_count":"","_tribe_ticket_not_going_count":"","_tribe_tickets_list":"[]","_tribe_ticket_has_attendee_info_fields":false,"tdm_status":"","tdm_grid_status":"","footnotes":""},"categories":[1,320,303,24099],"tags":[24187,1047,25007,1185,558,155,29369],"class_list":{"0":"post-233961","1":"post","2":"type-post","3":"status-publish","4":"format-standard","6":"category-noticias","7":"category-seccional-barranquilla","8":"category-seccionales","9":"category-seguridad-territorial","10":"tag-fiscalia-colombia","11":"tag-fiscalia-general-de-la-nacion","12":"tag-gaula-militar","13":"tag-medida-de-aseguramiento","14":"tag-policia-nacional","15":"tag-trafico-de-estupefacientes","16":"tag-turbaco"},"yoast_head":"<!-- This site is optimized with the Yoast SEO plugin v24.3 - https:\/\/yoast.com\/wordpress\/plugins\/seo\/ -->\n<title>Fiscal\u00eda General de la Naci\u00f3n<\/title>\n<meta name=\"description\" content=\"P\u00e1gina oficial de la Fiscal\u00eda General de la Naci\u00f3n \u2013 Colombia. Garantizamos el acceso efectivo a la justicia, la verdad y la reparaci\u00f3n de las v\u00edctimas de los delitos.\" \/>\n<meta name=\"robots\" content=\"noindex, follow\" \/>\n<meta property=\"og:locale\" content=\"es_ES\" \/>\n<meta property=\"og:type\" content=\"article\" \/>\n<meta property=\"og:title\" content=\"Fiscal\u00eda General de la Naci\u00f3n\" \/>\n<meta property=\"og:description\" content=\"P\u00e1gina oficial de la Fiscal\u00eda General de la Naci\u00f3n \u2013 Colombia. Garantizamos el acceso efectivo a la justicia, la verdad y la reparaci\u00f3n de las v\u00edctimas de los delitos.\" \/>\n<meta property=\"og:url\" content=\"https:\/\/www.fiscalia.gov.co\/colombia\/noticias\/asegurados-11-presuntos-integrante-de-los-santiago-grupo-delincuencial-que-comercializaba-estupefacientes-en-los-municipios-de-turbaco-y-turbana-bolivar\/\" \/>\n<meta property=\"og:site_name\" content=\"Fiscal\u00eda General de la Naci\u00f3n\" \/>\n<meta property=\"article:publisher\" content=\"https:\/\/www.facebook.com\/FiscaliaCol\" \/>\n<meta property=\"article:published_time\" content=\"2021-11-04T20:54:57+00:00\" \/>\n<meta property=\"og:image\" content=\"https:\/\/www.fiscalia.gov.co\/colombia\/wp-content\/uploads\/Foto-1-3.jpeg\" \/>\n<meta name=\"author\" content=\"Johanna Black Prieto Pe\u00f1a\" \/>\n<meta name=\"twitter:card\" content=\"summary_large_image\" \/>\n<meta name=\"twitter:creator\" content=\"@FiscaliaCol\" \/>\n<meta name=\"twitter:site\" content=\"@FiscaliaCol\" \/>\n<meta name=\"twitter:label1\" content=\"Escrito por\" \/>\n\t<meta name=\"twitter:data1\" content=\"Johanna Black Prieto Pe\u00f1a\" \/>\n\t<meta name=\"twitter:label2\" content=\"Tiempo de lectura\" \/>\n\t<meta name=\"twitter:data2\" content=\"2 minutos\" \/>\n<script type=\"application\/ld+json\" class=\"yoast-schema-graph\">{\"@context\":\"https:\/\/schema.org\",\"@graph\":[{\"@type\":\"Article\",\"@id\":\"https:\/\/www.fiscalia.gov.co\/colombia\/noticias\/asegurados-11-presuntos-integrante-de-los-santiago-grupo-delincuencial-que-comercializaba-estupefacientes-en-los-municipios-de-turbaco-y-turbana-bolivar\/#article\",\"isPartOf\":{\"@id\":\"https:\/\/www.fiscalia.gov.co\/colombia\/noticias\/asegurados-11-presuntos-integrante-de-los-santiago-grupo-delincuencial-que-comercializaba-estupefacientes-en-los-municipios-de-turbaco-y-turbana-bolivar\/\"},\"author\":{\"name\":\"Johanna Black Prieto Pe\u00f1a\",\"@id\":\"https:\/\/www.fiscalia.gov.co\/colombia\/#\/schema\/person\/b19b49f26569f91393176a2b3d13a0e5\"},\"headline\":\"Asegurados 11 presuntos integrante de \u2018Los Santiago\u2019, grupo delincuencial que comercializaba estupefacientes en los municipios de Turbaco y Turbana (Bol\u00edvar)\",\"datePublished\":\"2021-11-04T20:54:57+00:00\",\"dateModified\":\"2021-11-04T20:54:57+00:00\",\"mainEntityOfPage\":{\"@id\":\"https:\/\/www.fiscalia.gov.co\/colombia\/noticias\/asegurados-11-presuntos-integrante-de-los-santiago-grupo-delincuencial-que-comercializaba-estupefacientes-en-los-municipios-de-turbaco-y-turbana-bolivar\/\"},\"wordCount\":394,\"publisher\":{\"@id\":\"https:\/\/www.fiscalia.gov.co\/colombia\/#organization\"},\"image\":{\"@id\":\"https:\/\/www.fiscalia.gov.co\/colombia\/noticias\/asegurados-11-presuntos-integrante-de-los-santiago-grupo-delincuencial-que-comercializaba-estupefacientes-en-los-municipios-de-turbaco-y-turbana-bolivar\/#primaryimage\"},\"thumbnailUrl\":\"https:\/\/www.fiscalia.gov.co\/colombia\/wp-content\/uploads\/Foto-1-3.jpeg\",\"keywords\":[\"Fiscal\u00eda Colombia\",\"Fiscal\u00eda General de la Naci\u00f3n\",\"Gaula Militar\",\"Medida de aseguramiento\",\"Polic\u00eda Nacional\",\"Tr\u00e1fico de estupefacientes\",\"Turbaco\"],\"articleSection\":[\"Noticias\",\"Seccional Barranquilla\",\"Seccionales\",\"Seguridad territorial\"],\"inLanguage\":\"es-CO\"},{\"@type\":\"WebPage\",\"@id\":\"https:\/\/www.fiscalia.gov.co\/colombia\/noticias\/asegurados-11-presuntos-integrante-de-los-santiago-grupo-delincuencial-que-comercializaba-estupefacientes-en-los-municipios-de-turbaco-y-turbana-bolivar\/\",\"url\":\"https:\/\/www.fiscalia.gov.co\/colombia\/noticias\/asegurados-11-presuntos-integrante-de-los-santiago-grupo-delincuencial-que-comercializaba-estupefacientes-en-los-municipios-de-turbaco-y-turbana-bolivar\/\",\"name\":\"Fiscal\u00eda General de la Naci\u00f3n\",\"isPartOf\":{\"@id\":\"https:\/\/www.fiscalia.gov.co\/colombia\/#website\"},\"primaryImageOfPage\":{\"@id\":\"https:\/\/www.fiscalia.gov.co\/colombia\/noticias\/asegurados-11-presuntos-integrante-de-los-santiago-grupo-delincuencial-que-comercializaba-estupefacientes-en-los-municipios-de-turbaco-y-turbana-bolivar\/#primaryimage\"},\"image\":{\"@id\":\"https:\/\/www.fiscalia.gov.co\/colombia\/noticias\/asegurados-11-presuntos-integrante-de-los-santiago-grupo-delincuencial-que-comercializaba-estupefacientes-en-los-municipios-de-turbaco-y-turbana-bolivar\/#primaryimage\"},\"thumbnailUrl\":\"https:\/\/www.fiscalia.gov.co\/colombia\/wp-content\/uploads\/Foto-1-3.jpeg\",\"datePublished\":\"2021-11-04T20:54:57+00:00\",\"dateModified\":\"2021-11-04T20:54:57+00:00\",\"description\":\"P\u00e1gina oficial de la Fiscal\u00eda General de la Naci\u00f3n \u2013 Colombia. Garantizamos el acceso efectivo a la justicia, la verdad y la reparaci\u00f3n de las v\u00edctimas de los delitos.\",\"breadcrumb\":{\"@id\":\"https:\/\/www.fiscalia.gov.co\/colombia\/noticias\/asegurados-11-presuntos-integrante-de-los-santiago-grupo-delincuencial-que-comercializaba-estupefacientes-en-los-municipios-de-turbaco-y-turbana-bolivar\/#breadcrumb\"},\"inLanguage\":\"es-CO\",\"potentialAction\":[{\"@type\":\"ReadAction\",\"target\":[\"https:\/\/www.fiscalia.gov.co\/colombia\/noticias\/asegurados-11-presuntos-integrante-de-los-santiago-grupo-delincuencial-que-comercializaba-estupefacientes-en-los-municipios-de-turbaco-y-turbana-bolivar\/\"]}]},{\"@type\":\"ImageObject\",\"inLanguage\":\"es-CO\",\"@id\":\"https:\/\/www.fiscalia.gov.co\/colombia\/noticias\/asegurados-11-presuntos-integrante-de-los-santiago-grupo-delincuencial-que-comercializaba-estupefacientes-en-los-municipios-de-turbaco-y-turbana-bolivar\/#primaryimage\",\"url\":\"https:\/\/www.fiscalia.gov.co\/colombia\/wp-content\/uploads\/Foto-1-3.jpeg\",\"contentUrl\":\"https:\/\/www.fiscalia.gov.co\/colombia\/wp-content\/uploads\/Foto-1-3.jpeg\",\"width\":1280,\"height\":960,\"caption\":\"Los Santiago al parecer se dedicaban a distribuir alucin\u00f3genos en Turbaco\"},{\"@type\":\"BreadcrumbList\",\"@id\":\"https:\/\/www.fiscalia.gov.co\/colombia\/noticias\/asegurados-11-presuntos-integrante-de-los-santiago-grupo-delincuencial-que-comercializaba-estupefacientes-en-los-municipios-de-turbaco-y-turbana-bolivar\/#breadcrumb\",\"itemListElement\":[{\"@type\":\"ListItem\",\"position\":1,\"name\":\"Home\",\"item\":\"https:\/\/www.fiscalia.gov.co\/colombia\/\"},{\"@type\":\"ListItem\",\"position\":2,\"name\":\"Asegurados 11 presuntos integrante de \u2018Los Santiago\u2019, grupo delincuencial que comercializaba estupefacientes en los municipios de Turbaco y Turbana (Bol\u00edvar)\"}]},{\"@type\":\"WebSite\",\"@id\":\"https:\/\/www.fiscalia.gov.co\/colombia\/#website\",\"url\":\"https:\/\/www.fiscalia.gov.co\/colombia\/\",\"name\":\"Fiscal\u00eda General de la Naci\u00f3n\",\"description\":\"P\u00e1gina oficial de la Fiscal\u00eda General de la Naci\u00f3n \u2013 Colombia. Garantizamos el acceso efectivo a la justicia, la verdad y la reparaci\u00f3n de las v\u00edctimas de los delitos.\",\"publisher\":{\"@id\":\"https:\/\/www.fiscalia.gov.co\/colombia\/#organization\"},\"potentialAction\":[{\"@type\":\"SearchAction\",\"target\":{\"@type\":\"EntryPoint\",\"urlTemplate\":\"https:\/\/www.fiscalia.gov.co\/colombia\/?s={search_term_string}\"},\"query-input\":{\"@type\":\"PropertyValueSpecification\",\"valueRequired\":true,\"valueName\":\"search_term_string\"}}],\"inLanguage\":\"es-CO\"},{\"@type\":\"Organization\",\"@id\":\"https:\/\/www.fiscalia.gov.co\/colombia\/#organization\",\"name\":\"Fiscal\u00eda General de la Naci\u00f3n\",\"url\":\"https:\/\/www.fiscalia.gov.co\/colombia\/\",\"logo\":{\"@type\":\"ImageObject\",\"inLanguage\":\"es-CO\",\"@id\":\"https:\/\/www.fiscalia.gov.co\/colombia\/#\/schema\/logo\/image\/\",\"url\":\"https:\/\/www.fiscalia.gov.co\/colombia\/wp-content\/uploads\/LogoHorizontal_1.jpg\",\"contentUrl\":\"https:\/\/www.fiscalia.gov.co\/colombia\/wp-content\/uploads\/LogoHorizontal_1.jpg\",\"width\":300,\"height\":90,\"caption\":\"Fiscal\u00eda General de la Naci\u00f3n\"},\"image\":{\"@id\":\"https:\/\/www.fiscalia.gov.co\/colombia\/#\/schema\/logo\/image\/\"},\"sameAs\":[\"https:\/\/www.facebook.com\/FiscaliaCol\",\"https:\/\/x.com\/FiscaliaCol\",\"https:\/\/www.instagram.com\/fiscaliacol\",\"https:\/\/www.linkedin.com\/company\/fiscalia-general-de-la-naci-n\/\",\"https:\/\/youtube.com\/@fiscaliageneraldelanacion-4668?si=6nN79nyQICPU5iTh\"]},{\"@type\":\"Person\",\"@id\":\"https:\/\/www.fiscalia.gov.co\/colombia\/#\/schema\/person\/b19b49f26569f91393176a2b3d13a0e5\",\"name\":\"Johanna Black Prieto Pe\u00f1a\",\"image\":{\"@type\":\"ImageObject\",\"inLanguage\":\"es-CO\",\"@id\":\"https:\/\/www.fiscalia.gov.co\/colombia\/#\/schema\/person\/image\/\",\"url\":\"https:\/\/secure.gravatar.com\/avatar\/7f04518e1774335e76d761d76f04003e?s=96&d=mm&r=g\",\"contentUrl\":\"https:\/\/secure.gravatar.com\/avatar\/7f04518e1774335e76d761d76f04003e?s=96&d=mm&r=g\",\"caption\":\"Johanna Black Prieto Pe\u00f1a\"},\"url\":\"https:\/\/www.fiscalia.gov.co\/colombia\/author\/jprieto\/\"}]}<\/script>\n<!-- \/ Yoast SEO plugin. -->","yoast_head_json":{"title":"Fiscal\u00eda General de la Naci\u00f3n","description":"P\u00e1gina oficial de la Fiscal\u00eda General de la Naci\u00f3n \u2013 Colombia. Garantizamos el acceso efectivo a la justicia, la verdad y la reparaci\u00f3n de las v\u00edctimas de los delitos.","robots":{"index":"noindex","follow":"follow"},"og_locale":"es_ES","og_type":"article","og_title":"Fiscal\u00eda General de la Naci\u00f3n","og_description":"P\u00e1gina oficial de la Fiscal\u00eda General de la Naci\u00f3n \u2013 Colombia. Garantizamos el acceso efectivo a la justicia, la verdad y la reparaci\u00f3n de las v\u00edctimas de los delitos.","og_url":"https:\/\/www.fiscalia.gov.co\/colombia\/noticias\/asegurados-11-presuntos-integrante-de-los-santiago-grupo-delincuencial-que-comercializaba-estupefacientes-en-los-municipios-de-turbaco-y-turbana-bolivar\/","og_site_name":"Fiscal\u00eda General de la Naci\u00f3n","article_publisher":"https:\/\/www.facebook.com\/FiscaliaCol","article_published_time":"2021-11-04T20:54:57+00:00","og_image":[{"url":"https:\/\/www.fiscalia.gov.co\/colombia\/wp-content\/uploads\/Foto-1-3.jpeg","type":"","width":"","height":""}],"author":"Johanna Black Prieto Pe\u00f1a","twitter_card":"summary_large_image","twitter_creator":"@FiscaliaCol","twitter_site":"@FiscaliaCol","twitter_misc":{"Escrito por":"Johanna Black Prieto Pe\u00f1a","Tiempo de lectura":"2 minutos"},"schema":{"@context":"https:\/\/schema.org","@graph":[{"@type":"Article","@id":"https:\/\/www.fiscalia.gov.co\/colombia\/noticias\/asegurados-11-presuntos-integrante-de-los-santiago-grupo-delincuencial-que-comercializaba-estupefacientes-en-los-municipios-de-turbaco-y-turbana-bolivar\/#article","isPartOf":{"@id":"https:\/\/www.fiscalia.gov.co\/colombia\/noticias\/asegurados-11-presuntos-integrante-de-los-santiago-grupo-delincuencial-que-comercializaba-estupefacientes-en-los-municipios-de-turbaco-y-turbana-bolivar\/"},"author":{"name":"Johanna Black Prieto Pe\u00f1a","@id":"https:\/\/www.fiscalia.gov.co\/colombia\/#\/schema\/person\/b19b49f26569f91393176a2b3d13a0e5"},"headline":"Asegurados 11 presuntos integrante de \u2018Los Santiago\u2019, grupo delincuencial que comercializaba estupefacientes en los municipios de Turbaco y Turbana (Bol\u00edvar)","datePublished":"2021-11-04T20:54:57+00:00","dateModified":"2021-11-04T20:54:57+00:00","mainEntityOfPage":{"@id":"https:\/\/www.fiscalia.gov.co\/colombia\/noticias\/asegurados-11-presuntos-integrante-de-los-santiago-grupo-delincuencial-que-comercializaba-estupefacientes-en-los-municipios-de-turbaco-y-turbana-bolivar\/"},"wordCount":394,"publisher":{"@id":"https:\/\/www.fiscalia.gov.co\/colombia\/#organization"},"image":{"@id":"https:\/\/www.fiscalia.gov.co\/colombia\/noticias\/asegurados-11-presuntos-integrante-de-los-santiago-grupo-delincuencial-que-comercializaba-estupefacientes-en-los-municipios-de-turbaco-y-turbana-bolivar\/#primaryimage"},"thumbnailUrl":"https:\/\/www.fiscalia.gov.co\/colombia\/wp-content\/uploads\/Foto-1-3.jpeg","keywords":["Fiscal\u00eda Colombia","Fiscal\u00eda General de la Naci\u00f3n","Gaula Militar","Medida de aseguramiento","Polic\u00eda Nacional","Tr\u00e1fico de estupefacientes","Turbaco"],"articleSection":["Noticias","Seccional Barranquilla","Seccionales","Seguridad territorial"],"inLanguage":"es-CO"},{"@type":"WebPage","@id":"https:\/\/www.fiscalia.gov.co\/colombia\/noticias\/asegurados-11-presuntos-integrante-de-los-santiago-grupo-delincuencial-que-comercializaba-estupefacientes-en-los-municipios-de-turbaco-y-turbana-bolivar\/","url":"https:\/\/www.fiscalia.gov.co\/colombia\/noticias\/asegurados-11-presuntos-integrante-de-los-santiago-grupo-delincuencial-que-comercializaba-estupefacientes-en-los-municipios-de-turbaco-y-turbana-bolivar\/","name":"Fiscal\u00eda General de la Naci\u00f3n","isPartOf":{"@id":"https:\/\/www.fiscalia.gov.co\/colombia\/#website"},"primaryImageOfPage":{"@id":"https:\/\/www.fiscalia.gov.co\/colombia\/noticias\/asegurados-11-presuntos-integrante-de-los-santiago-grupo-delincuencial-que-comercializaba-estupefacientes-en-los-municipios-de-turbaco-y-turbana-bolivar\/#primaryimage"},"image":{"@id":"https:\/\/www.fiscalia.gov.co\/colombia\/noticias\/asegurados-11-presuntos-integrante-de-los-santiago-grupo-delincuencial-que-comercializaba-estupefacientes-en-los-municipios-de-turbaco-y-turbana-bolivar\/#primaryimage"},"thumbnailUrl":"https:\/\/www.fiscalia.gov.co\/colombia\/wp-content\/uploads\/Foto-1-3.jpeg","datePublished":"2021-11-04T20:54:57+00:00","dateModified":"2021-11-04T20:54:57+00:00","description":"P\u00e1gina oficial de la Fiscal\u00eda General de la Naci\u00f3n \u2013 Colombia. Garantizamos el acceso efectivo a la justicia, la verdad y la reparaci\u00f3n de las v\u00edctimas de los delitos.","breadcrumb":{"@id":"https:\/\/www.fiscalia.gov.co\/colombia\/noticias\/asegurados-11-presuntos-integrante-de-los-santiago-grupo-delincuencial-que-comercializaba-estupefacientes-en-los-municipios-de-turbaco-y-turbana-bolivar\/#breadcrumb"},"inLanguage":"es-CO","potentialAction":[{"@type":"ReadAction","target":["https:\/\/www.fiscalia.gov.co\/colombia\/noticias\/asegurados-11-presuntos-integrante-de-los-santiago-grupo-delincuencial-que-comercializaba-estupefacientes-en-los-municipios-de-turbaco-y-turbana-bolivar\/"]}]},{"@type":"ImageObject","inLanguage":"es-CO","@id":"https:\/\/www.fiscalia.gov.co\/colombia\/noticias\/asegurados-11-presuntos-integrante-de-los-santiago-grupo-delincuencial-que-comercializaba-estupefacientes-en-los-municipios-de-turbaco-y-turbana-bolivar\/#primaryimage","url":"https:\/\/www.fiscalia.gov.co\/colombia\/wp-content\/uploads\/Foto-1-3.jpeg","contentUrl":"https:\/\/www.fiscalia.gov.co\/colombia\/wp-content\/uploads\/Foto-1-3.jpeg","width":1280,"height":960,"caption":"Los Santiago al parecer se dedicaban a distribuir alucin\u00f3genos en Turbaco"},{"@type":"BreadcrumbList","@id":"https:\/\/www.fiscalia.gov.co\/colombia\/noticias\/asegurados-11-presuntos-integrante-de-los-santiago-grupo-delincuencial-que-comercializaba-estupefacientes-en-los-municipios-de-turbaco-y-turbana-bolivar\/#breadcrumb","itemListElement":[{"@type":"ListItem","position":1,"name":"Home","item":"https:\/\/www.fiscalia.gov.co\/colombia\/"},{"@type":"ListItem","position":2,"name":"Asegurados 11 presuntos integrante de \u2018Los Santiago\u2019, grupo delincuencial que comercializaba estupefacientes en los municipios de Turbaco y Turbana (Bol\u00edvar)"}]},{"@type":"WebSite","@id":"https:\/\/www.fiscalia.gov.co\/colombia\/#website","url":"https:\/\/www.fiscalia.gov.co\/colombia\/","name":"Fiscal\u00eda General de la Naci\u00f3n","description":"P\u00e1gina oficial de la Fiscal\u00eda General de la Naci\u00f3n \u2013 Colombia. Garantizamos el acceso efectivo a la justicia, la verdad y la reparaci\u00f3n de las v\u00edctimas de los delitos.","publisher":{"@id":"https:\/\/www.fiscalia.gov.co\/colombia\/#organization"},"potentialAction":[{"@type":"SearchAction","target":{"@type":"EntryPoint","urlTemplate":"https:\/\/www.fiscalia.gov.co\/colombia\/?s={search_term_string}"},"query-input":{"@type":"PropertyValueSpecification","valueRequired":true,"valueName":"search_term_string"}}],"inLanguage":"es-CO"},{"@type":"Organization","@id":"https:\/\/www.fiscalia.gov.co\/colombia\/#organization","name":"Fiscal\u00eda General de la Naci\u00f3n","url":"https:\/\/www.fiscalia.gov.co\/colombia\/","logo":{"@type":"ImageObject","inLanguage":"es-CO","@id":"https:\/\/www.fiscalia.gov.co\/colombia\/#\/schema\/logo\/image\/","url":"https:\/\/www.fiscalia.gov.co\/colombia\/wp-content\/uploads\/LogoHorizontal_1.jpg","contentUrl":"https:\/\/www.fiscalia.gov.co\/colombia\/wp-content\/uploads\/LogoHorizontal_1.jpg","width":300,"height":90,"caption":"Fiscal\u00eda General de la Naci\u00f3n"},"image":{"@id":"https:\/\/www.fiscalia.gov.co\/colombia\/#\/schema\/logo\/image\/"},"sameAs":["https:\/\/www.facebook.com\/FiscaliaCol","https:\/\/x.com\/FiscaliaCol","https:\/\/www.instagram.com\/fiscaliacol","https:\/\/www.linkedin.com\/company\/fiscalia-general-de-la-naci-n\/","https:\/\/youtube.com\/@fiscaliageneraldelanacion-4668?si=6nN79nyQICPU5iTh"]},{"@type":"Person","@id":"https:\/\/www.fiscalia.gov.co\/colombia\/#\/schema\/person\/b19b49f26569f91393176a2b3d13a0e5","name":"Johanna Black Prieto Pe\u00f1a","image":{"@type":"ImageObject","inLanguage":"es-CO","@id":"https:\/\/www.fiscalia.gov.co\/colombia\/#\/schema\/person\/image\/","url":"https:\/\/secure.gravatar.com\/avatar\/7f04518e1774335e76d761d76f04003e?s=96&d=mm&r=g","contentUrl":"https:\/\/secure.gravatar.com\/avatar\/7f04518e1774335e76d761d76f04003e?s=96&d=mm&r=g","caption":"Johanna Black Prieto Pe\u00f1a"},"url":"https:\/\/www.fiscalia.gov.co\/colombia\/author\/jprieto\/"}]}},"_links":{"self":[{"href":"https:\/\/www.fiscalia.gov.co\/colombia\/wp-json\/wp\/v2\/posts\/233961","targetHints":{"allow":["GET"]}}],"collection":[{"href":"https:\/\/www.fiscalia.gov.co\/colombia\/wp-json\/wp\/v2\/posts"}],"about":[{"href":"https:\/\/www.fiscalia.gov.co\/colombia\/wp-json\/wp\/v2\/types\/post"}],"author":[{"embeddable":true,"href":"https:\/\/www.fiscalia.gov.co\/colombia\/wp-json\/wp\/v2\/users\/176"}],"replies":[{"embeddable":true,"href":"https:\/\/www.fiscalia.gov.co\/colombia\/wp-json\/wp\/v2\/comments?post=233961"}],"version-history":[{"count":1,"href":"https:\/\/www.fiscalia.gov.co\/colombia\/wp-json\/wp\/v2\/posts\/233961\/revisions"}],"predecessor-version":[{"id":233963,"href":"https:\/\/www.fiscalia.gov.co\/colombia\/wp-json\/wp\/v2\/posts\/233961\/revisions\/233963"}],"wp:attachment":[{"href":"https:\/\/www.fiscalia.gov.co\/colombia\/wp-json\/wp\/v2\/media?parent=233961"}],"wp:term":[{"taxonomy":"category","embeddable":true,"href":"https:\/\/www.fiscalia.gov.co\/colombia\/wp-json\/wp\/v2\/categories?post=233961"},{"taxonomy":"post_tag","embeddable":true,"href":"https:\/\/www.fiscalia.gov.co\/colombia\/wp-json\/wp\/v2\/tags?post=233961"}],"curies":[{"name":"wp","href":"https:\/\/api.w.org\/{rel}","templated":true}]}}