{"id":233951,"date":"2021-11-04T14:25:15","date_gmt":"2021-11-04T19:25:15","guid":{"rendered":"https:\/\/www.fiscalia.gov.co\/colombia\/?p=233951"},"modified":"2021-11-04T14:29:37","modified_gmt":"2021-11-04T19:29:37","slug":"fiscalia-desarticulo-a-los-caleteros-banda-dedicada-al-trafico-de-estupefacientes-en-sabanalarga-atlantico","status":"publish","type":"post","link":"https:\/\/www.fiscalia.gov.co\/colombia\/noticias\/fiscalia-desarticulo-a-los-caleteros-banda-dedicada-al-trafico-de-estupefacientes-en-sabanalarga-atlantico\/","title":{"rendered":"Fiscal\u00eda desarticul\u00f3 a \u2018Los Caleteros\u2019, banda dedicada al tr\u00e1fico de estupefacientes en Sabanalarga (Atl\u00e1ntico)"},"content":{"rendered":"<p>El trabajo articulado entre la Fiscal\u00eda General de la Naci\u00f3n y la Polic\u00eda Metropolitana de Barranquilla permiti\u00f3 desarticular a la estructura delincuencial Los Caleteros, la cual estaba dedicada a la comercializaci\u00f3n de estupefacientes en el municipio de Sabanalarga (Atl\u00e1ntico).<\/p>\n<figure id=\"attachment_233953\" aria-describedby=\"caption-attachment-233953\" style=\"width: 1280px\" class=\"wp-caption alignnone\"><img loading=\"lazy\" decoding=\"async\" class=\"size-full wp-image-233953\" src=\"https:\/\/www.fiscalia.gov.co\/colombia\/wp-content\/uploads\/Desarticulada-banda-Los-Caleteros-banda-dedicada-al-tr\u00e1fico-de-estupefacientes-en-Sabanalarga-Atl\u00e1ntico-.jpeg\" alt=\"\" width=\"1280\" height=\"796\" srcset=\"https:\/\/www.fiscalia.gov.co\/colombia\/wp-content\/uploads\/Desarticulada-banda-Los-Caleteros-banda-dedicada-al-tr\u00e1fico-de-estupefacientes-en-Sabanalarga-Atl\u00e1ntico-.jpeg 1280w, https:\/\/www.fiscalia.gov.co\/colombia\/wp-content\/uploads\/Desarticulada-banda-Los-Caleteros-banda-dedicada-al-tr\u00e1fico-de-estupefacientes-en-Sabanalarga-Atl\u00e1ntico--300x187.jpeg 300w, https:\/\/www.fiscalia.gov.co\/colombia\/wp-content\/uploads\/Desarticulada-banda-Los-Caleteros-banda-dedicada-al-tr\u00e1fico-de-estupefacientes-en-Sabanalarga-Atl\u00e1ntico--1024x637.jpeg 1024w, https:\/\/www.fiscalia.gov.co\/colombia\/wp-content\/uploads\/Desarticulada-banda-Los-Caleteros-banda-dedicada-al-tr\u00e1fico-de-estupefacientes-en-Sabanalarga-Atl\u00e1ntico--768x478.jpeg 768w, https:\/\/www.fiscalia.gov.co\/colombia\/wp-content\/uploads\/Desarticulada-banda-Los-Caleteros-banda-dedicada-al-tr\u00e1fico-de-estupefacientes-en-Sabanalarga-Atl\u00e1ntico--696x433.jpeg 696w, https:\/\/www.fiscalia.gov.co\/colombia\/wp-content\/uploads\/Desarticulada-banda-Los-Caleteros-banda-dedicada-al-tr\u00e1fico-de-estupefacientes-en-Sabanalarga-Atl\u00e1ntico--1068x664.jpeg 1068w, https:\/\/www.fiscalia.gov.co\/colombia\/wp-content\/uploads\/Desarticulada-banda-Los-Caleteros-banda-dedicada-al-tr\u00e1fico-de-estupefacientes-en-Sabanalarga-Atl\u00e1ntico--675x420.jpeg 675w, https:\/\/www.fiscalia.gov.co\/colombia\/wp-content\/uploads\/Desarticulada-banda-Los-Caleteros-banda-dedicada-al-tr\u00e1fico-de-estupefacientes-en-Sabanalarga-Atl\u00e1ntico--356x220.jpeg 356w\" sizes=\"auto, (max-width: 1280px) 100vw, 1280px\" \/><figcaption id=\"caption-attachment-233953\" class=\"wp-caption-text\">Desarticulada banda Los Caleteros, banda dedicada al tr\u00e1fico de estupefacientes en Sabanalarga (Atl\u00e1ntico)<\/figcaption><\/figure>\n<p>Se trata de cinco hombres que fueron presentados ante en un juez de control de garant\u00edas para las audiencias pertinentes, en las que un fiscal de la Unidad Antinarc\u00f3ticos de la Seccional Atl\u00e1ntico les imput\u00f3 cargos por tr\u00e1fico, fabricaci\u00f3n o porte de estupefacientes y concierto para delinquir. Ninguno de los procesados acept\u00f3 su responsabilidad.<\/p>\n<p>La evidencia f\u00edsica recaudada demostrar\u00eda que estas personas al parecer se dedicaban al procesamiento y comercializaci\u00f3n de sustancias il\u00edcitas, que a su vez presuntamente distribu\u00edan en grandes cantidades en el barrio Primero de Diciembre del citado municipio.<\/p>\n<p>Los investigadores establecieron que los procesados tambi\u00e9n estar\u00edan vendiendo los alucin\u00f3genos a domicilio y en lugares p\u00fablicos de esa poblaci\u00f3n.<\/p>\n<p>El procedimiento de captura se cumpli\u00f3 el pasado 20 de octubre por parte de unidades de la Polic\u00eda Nacional entre los barrios Primero de Diciembre y Las Mercedes, en cumplimiento de una orden judicial en su contra.<\/p>\n<p>Los asegurados son:<\/p>\n<p>Sebasti\u00e1n Escobar L\u00f3pez<br \/>\nYeferson Rafael Pe\u00f1a Sarmiento<br \/>\nBryan David P\u00e9rez Acu\u00f1a<br \/>\nEdi Alejandro Morales Ortiz<br \/>\nJoaqu\u00edn de Jes\u00fas Reyes Acu\u00f1a<\/p>\n<p>La contundencia del material de prueba presentado por el ente acusador permiti\u00f3 que el juez de control garant\u00edas impusiera medida de aseguramiento en establecimiento carcelario contra los presuntos implicados.<\/p>\n<p>La Fiscal\u00eda General de la Naci\u00f3n habla con resultados.<\/p>\n<p>SKCR\/DLBM\/<\/p>\n<div><i>La informaci\u00f3n contenida en este bolet\u00edn de prensa corresponde a la narraci\u00f3n de los hechos noticiosos objetivos, suministrados por los funcionarios encargados de adelantar las investigaciones penales al interior de la Fiscal\u00eda General de la Naci\u00f3n. Para el momento de la divulgaci\u00f3n de este comunicado, la situaci\u00f3n jur\u00eddica de la(s) persona(s) relacionada(s) se encuentra pendiente de resolver por la autoridad judicial competente, siempre bajo los preceptos de la presunci\u00f3n de inocencia, consagrados en el art\u00edculo 29 de la Constituci\u00f3n Pol\u00edtica y el art\u00edculo 7\u00ba de la Ley 906 de 2004<\/i><\/div>\n<p>&nbsp;<\/p>\n\n<div class=\"twitter-share\"><a href=\"https:\/\/twitter.com\/intent\/tweet?via=fiscaliacol\" class=\"twitter-share-button\">Tweet<\/a><\/div>\n","protected":false},"excerpt":{"rendered":"<p>El trabajo articulado entre la Fiscal\u00eda General de la Naci\u00f3n y la Polic\u00eda Metropolitana de Barranquilla permiti\u00f3 desarticular a la estructura delincuencial Los Caleteros, la cual estaba dedicada a la comercializaci\u00f3n de estupefacientes en el municipio de Sabanalarga (Atl\u00e1ntico). Se trata de cinco hombres que fueron presentados ante en un juez de control de garant\u00edas [&hellip;]<\/p>\n","protected":false},"author":176,"featured_media":0,"comment_status":"closed","ping_status":"open","sticky":false,"template":"","format":"standard","meta":{"_price":"","_stock":"","_tribe_ticket_header":"","_tribe_default_ticket_provider":"","_tribe_ticket_capacity":"0","_ticket_start_date":"","_ticket_end_date":"","_tribe_ticket_show_description":"","_tribe_ticket_show_not_going":false,"_tribe_ticket_use_global_stock":"","_tribe_ticket_global_stock_level":"","_global_stock_mode":"","_global_stock_cap":"","_tribe_rsvp_for_event":"","_tribe_ticket_going_count":"","_tribe_ticket_not_going_count":"","_tribe_tickets_list":"[]","_tribe_ticket_has_attendee_info_fields":false,"tdm_status":"","tdm_grid_status":"","footnotes":""},"categories":[1,320,303,24099],"tags":[14083,29367,4345,4614,29366,26924,23936,27199,20914,155,29368],"class_list":{"0":"post-233951","1":"post","2":"type-post","3":"status-publish","4":"format-standard","6":"category-noticias","7":"category-seccional-barranquilla","8":"category-seccionales","9":"category-seguridad-territorial","10":"tag-atlantico","11":"tag-barrio-primero-de-mayo","12":"tag-delitos","13":"tag-fiscalia-2","14":"tag-los-caleteros","15":"tag-medida-de-aseguramiento-intramural","16":"tag-sabanalarga","17":"tag-seccional-atlantico","18":"tag-sustancias-ilegales","19":"tag-trafico-de-estupefacientes","20":"tag-unidad-de-microtrafico"},"yoast_head":"<!-- This site is optimized with the Yoast SEO plugin v24.3 - https:\/\/yoast.com\/wordpress\/plugins\/seo\/ -->\n<title>Fiscal\u00eda General de la Naci\u00f3n<\/title>\n<meta name=\"description\" content=\"P\u00e1gina oficial de la Fiscal\u00eda General de la Naci\u00f3n \u2013 Colombia. Garantizamos el acceso efectivo a la justicia, la verdad y la reparaci\u00f3n de las v\u00edctimas de los delitos.\" \/>\n<meta name=\"robots\" content=\"noindex, follow\" \/>\n<meta property=\"og:locale\" content=\"es_ES\" \/>\n<meta property=\"og:type\" content=\"article\" \/>\n<meta property=\"og:title\" content=\"Fiscal\u00eda General de la Naci\u00f3n\" \/>\n<meta property=\"og:description\" content=\"P\u00e1gina oficial de la Fiscal\u00eda General de la Naci\u00f3n \u2013 Colombia. Garantizamos el acceso efectivo a la justicia, la verdad y la reparaci\u00f3n de las v\u00edctimas de los delitos.\" \/>\n<meta property=\"og:url\" content=\"https:\/\/www.fiscalia.gov.co\/colombia\/noticias\/fiscalia-desarticulo-a-los-caleteros-banda-dedicada-al-trafico-de-estupefacientes-en-sabanalarga-atlantico\/\" \/>\n<meta property=\"og:site_name\" content=\"Fiscal\u00eda General de la Naci\u00f3n\" \/>\n<meta property=\"article:publisher\" content=\"https:\/\/www.facebook.com\/FiscaliaCol\" \/>\n<meta property=\"article:published_time\" content=\"2021-11-04T19:25:15+00:00\" \/>\n<meta property=\"article:modified_time\" content=\"2021-11-04T19:29:37+00:00\" \/>\n<meta name=\"author\" content=\"Johanna Black Prieto Pe\u00f1a\" \/>\n<meta name=\"twitter:card\" content=\"summary_large_image\" \/>\n<meta name=\"twitter:creator\" content=\"@FiscaliaCol\" \/>\n<meta name=\"twitter:site\" content=\"@FiscaliaCol\" \/>\n<meta name=\"twitter:label1\" content=\"Escrito por\" \/>\n\t<meta name=\"twitter:data1\" content=\"Johanna Black Prieto Pe\u00f1a\" \/>\n\t<meta name=\"twitter:label2\" content=\"Tiempo de lectura\" \/>\n\t<meta name=\"twitter:data2\" content=\"2 minutos\" \/>\n<script type=\"application\/ld+json\" class=\"yoast-schema-graph\">{\"@context\":\"https:\/\/schema.org\",\"@graph\":[{\"@type\":\"Article\",\"@id\":\"https:\/\/www.fiscalia.gov.co\/colombia\/noticias\/fiscalia-desarticulo-a-los-caleteros-banda-dedicada-al-trafico-de-estupefacientes-en-sabanalarga-atlantico\/#article\",\"isPartOf\":{\"@id\":\"https:\/\/www.fiscalia.gov.co\/colombia\/noticias\/fiscalia-desarticulo-a-los-caleteros-banda-dedicada-al-trafico-de-estupefacientes-en-sabanalarga-atlantico\/\"},\"author\":{\"name\":\"Johanna Black Prieto Pe\u00f1a\",\"@id\":\"https:\/\/www.fiscalia.gov.co\/colombia\/#\/schema\/person\/b19b49f26569f91393176a2b3d13a0e5\"},\"headline\":\"Fiscal\u00eda desarticul\u00f3 a \u2018Los Caleteros\u2019, banda dedicada al tr\u00e1fico de estupefacientes en Sabanalarga (Atl\u00e1ntico)\",\"datePublished\":\"2021-11-04T19:25:15+00:00\",\"dateModified\":\"2021-11-04T19:29:37+00:00\",\"mainEntityOfPage\":{\"@id\":\"https:\/\/www.fiscalia.gov.co\/colombia\/noticias\/fiscalia-desarticulo-a-los-caleteros-banda-dedicada-al-trafico-de-estupefacientes-en-sabanalarga-atlantico\/\"},\"wordCount\":423,\"publisher\":{\"@id\":\"https:\/\/www.fiscalia.gov.co\/colombia\/#organization\"},\"keywords\":[\"Atl\u00e1ntico\",\"barrio Primero de Mayo\",\"Delitos\",\"Fiscal\u00eda\",\"Los Caleteros\",\"medida de aseguramiento intramural.\",\"Sabanalarga\",\"Seccional Atl\u00e1ntico\",\"Sustancias ilegales\",\"Tr\u00e1fico de estupefacientes\",\"Unidad de Microtr\u00e1fico.\"],\"articleSection\":[\"Noticias\",\"Seccional Barranquilla\",\"Seccionales\",\"Seguridad territorial\"],\"inLanguage\":\"es-CO\"},{\"@type\":\"WebPage\",\"@id\":\"https:\/\/www.fiscalia.gov.co\/colombia\/noticias\/fiscalia-desarticulo-a-los-caleteros-banda-dedicada-al-trafico-de-estupefacientes-en-sabanalarga-atlantico\/\",\"url\":\"https:\/\/www.fiscalia.gov.co\/colombia\/noticias\/fiscalia-desarticulo-a-los-caleteros-banda-dedicada-al-trafico-de-estupefacientes-en-sabanalarga-atlantico\/\",\"name\":\"Fiscal\u00eda General de la Naci\u00f3n\",\"isPartOf\":{\"@id\":\"https:\/\/www.fiscalia.gov.co\/colombia\/#website\"},\"datePublished\":\"2021-11-04T19:25:15+00:00\",\"dateModified\":\"2021-11-04T19:29:37+00:00\",\"description\":\"P\u00e1gina oficial de la Fiscal\u00eda General de la Naci\u00f3n \u2013 Colombia. Garantizamos el acceso efectivo a la justicia, la verdad y la reparaci\u00f3n de las v\u00edctimas de los delitos.\",\"breadcrumb\":{\"@id\":\"https:\/\/www.fiscalia.gov.co\/colombia\/noticias\/fiscalia-desarticulo-a-los-caleteros-banda-dedicada-al-trafico-de-estupefacientes-en-sabanalarga-atlantico\/#breadcrumb\"},\"inLanguage\":\"es-CO\",\"potentialAction\":[{\"@type\":\"ReadAction\",\"target\":[\"https:\/\/www.fiscalia.gov.co\/colombia\/noticias\/fiscalia-desarticulo-a-los-caleteros-banda-dedicada-al-trafico-de-estupefacientes-en-sabanalarga-atlantico\/\"]}]},{\"@type\":\"BreadcrumbList\",\"@id\":\"https:\/\/www.fiscalia.gov.co\/colombia\/noticias\/fiscalia-desarticulo-a-los-caleteros-banda-dedicada-al-trafico-de-estupefacientes-en-sabanalarga-atlantico\/#breadcrumb\",\"itemListElement\":[{\"@type\":\"ListItem\",\"position\":1,\"name\":\"Home\",\"item\":\"https:\/\/www.fiscalia.gov.co\/colombia\/\"},{\"@type\":\"ListItem\",\"position\":2,\"name\":\"Fiscal\u00eda desarticul\u00f3 a \u2018Los Caleteros\u2019, banda dedicada al tr\u00e1fico de estupefacientes en Sabanalarga (Atl\u00e1ntico)\"}]},{\"@type\":\"WebSite\",\"@id\":\"https:\/\/www.fiscalia.gov.co\/colombia\/#website\",\"url\":\"https:\/\/www.fiscalia.gov.co\/colombia\/\",\"name\":\"Fiscal\u00eda General de la Naci\u00f3n\",\"description\":\"P\u00e1gina oficial de la Fiscal\u00eda General de la Naci\u00f3n \u2013 Colombia. Garantizamos el acceso efectivo a la justicia, la verdad y la reparaci\u00f3n de las v\u00edctimas de los delitos.\",\"publisher\":{\"@id\":\"https:\/\/www.fiscalia.gov.co\/colombia\/#organization\"},\"potentialAction\":[{\"@type\":\"SearchAction\",\"target\":{\"@type\":\"EntryPoint\",\"urlTemplate\":\"https:\/\/www.fiscalia.gov.co\/colombia\/?s={search_term_string}\"},\"query-input\":{\"@type\":\"PropertyValueSpecification\",\"valueRequired\":true,\"valueName\":\"search_term_string\"}}],\"inLanguage\":\"es-CO\"},{\"@type\":\"Organization\",\"@id\":\"https:\/\/www.fiscalia.gov.co\/colombia\/#organization\",\"name\":\"Fiscal\u00eda General de la Naci\u00f3n\",\"url\":\"https:\/\/www.fiscalia.gov.co\/colombia\/\",\"logo\":{\"@type\":\"ImageObject\",\"inLanguage\":\"es-CO\",\"@id\":\"https:\/\/www.fiscalia.gov.co\/colombia\/#\/schema\/logo\/image\/\",\"url\":\"https:\/\/www.fiscalia.gov.co\/colombia\/wp-content\/uploads\/LogoHorizontal_1.jpg\",\"contentUrl\":\"https:\/\/www.fiscalia.gov.co\/colombia\/wp-content\/uploads\/LogoHorizontal_1.jpg\",\"width\":300,\"height\":90,\"caption\":\"Fiscal\u00eda General de la Naci\u00f3n\"},\"image\":{\"@id\":\"https:\/\/www.fiscalia.gov.co\/colombia\/#\/schema\/logo\/image\/\"},\"sameAs\":[\"https:\/\/www.facebook.com\/FiscaliaCol\",\"https:\/\/x.com\/FiscaliaCol\",\"https:\/\/www.instagram.com\/fiscaliacol\",\"https:\/\/www.linkedin.com\/company\/fiscalia-general-de-la-naci-n\/\",\"https:\/\/youtube.com\/@fiscaliageneraldelanacion-4668?si=6nN79nyQICPU5iTh\"]},{\"@type\":\"Person\",\"@id\":\"https:\/\/www.fiscalia.gov.co\/colombia\/#\/schema\/person\/b19b49f26569f91393176a2b3d13a0e5\",\"name\":\"Johanna Black Prieto Pe\u00f1a\",\"image\":{\"@type\":\"ImageObject\",\"inLanguage\":\"es-CO\",\"@id\":\"https:\/\/www.fiscalia.gov.co\/colombia\/#\/schema\/person\/image\/\",\"url\":\"https:\/\/secure.gravatar.com\/avatar\/7f04518e1774335e76d761d76f04003e?s=96&d=mm&r=g\",\"contentUrl\":\"https:\/\/secure.gravatar.com\/avatar\/7f04518e1774335e76d761d76f04003e?s=96&d=mm&r=g\",\"caption\":\"Johanna Black Prieto Pe\u00f1a\"},\"url\":\"https:\/\/www.fiscalia.gov.co\/colombia\/author\/jprieto\/\"}]}<\/script>\n<!-- \/ Yoast SEO plugin. -->","yoast_head_json":{"title":"Fiscal\u00eda General de la Naci\u00f3n","description":"P\u00e1gina oficial de la Fiscal\u00eda General de la Naci\u00f3n \u2013 Colombia. Garantizamos el acceso efectivo a la justicia, la verdad y la reparaci\u00f3n de las v\u00edctimas de los delitos.","robots":{"index":"noindex","follow":"follow"},"og_locale":"es_ES","og_type":"article","og_title":"Fiscal\u00eda General de la Naci\u00f3n","og_description":"P\u00e1gina oficial de la Fiscal\u00eda General de la Naci\u00f3n \u2013 Colombia. Garantizamos el acceso efectivo a la justicia, la verdad y la reparaci\u00f3n de las v\u00edctimas de los delitos.","og_url":"https:\/\/www.fiscalia.gov.co\/colombia\/noticias\/fiscalia-desarticulo-a-los-caleteros-banda-dedicada-al-trafico-de-estupefacientes-en-sabanalarga-atlantico\/","og_site_name":"Fiscal\u00eda General de la Naci\u00f3n","article_publisher":"https:\/\/www.facebook.com\/FiscaliaCol","article_published_time":"2021-11-04T19:25:15+00:00","article_modified_time":"2021-11-04T19:29:37+00:00","author":"Johanna Black Prieto Pe\u00f1a","twitter_card":"summary_large_image","twitter_creator":"@FiscaliaCol","twitter_site":"@FiscaliaCol","twitter_misc":{"Escrito por":"Johanna Black Prieto Pe\u00f1a","Tiempo de lectura":"2 minutos"},"schema":{"@context":"https:\/\/schema.org","@graph":[{"@type":"Article","@id":"https:\/\/www.fiscalia.gov.co\/colombia\/noticias\/fiscalia-desarticulo-a-los-caleteros-banda-dedicada-al-trafico-de-estupefacientes-en-sabanalarga-atlantico\/#article","isPartOf":{"@id":"https:\/\/www.fiscalia.gov.co\/colombia\/noticias\/fiscalia-desarticulo-a-los-caleteros-banda-dedicada-al-trafico-de-estupefacientes-en-sabanalarga-atlantico\/"},"author":{"name":"Johanna Black Prieto Pe\u00f1a","@id":"https:\/\/www.fiscalia.gov.co\/colombia\/#\/schema\/person\/b19b49f26569f91393176a2b3d13a0e5"},"headline":"Fiscal\u00eda desarticul\u00f3 a \u2018Los Caleteros\u2019, banda dedicada al tr\u00e1fico de estupefacientes en Sabanalarga (Atl\u00e1ntico)","datePublished":"2021-11-04T19:25:15+00:00","dateModified":"2021-11-04T19:29:37+00:00","mainEntityOfPage":{"@id":"https:\/\/www.fiscalia.gov.co\/colombia\/noticias\/fiscalia-desarticulo-a-los-caleteros-banda-dedicada-al-trafico-de-estupefacientes-en-sabanalarga-atlantico\/"},"wordCount":423,"publisher":{"@id":"https:\/\/www.fiscalia.gov.co\/colombia\/#organization"},"keywords":["Atl\u00e1ntico","barrio Primero de Mayo","Delitos","Fiscal\u00eda","Los Caleteros","medida de aseguramiento intramural.","Sabanalarga","Seccional Atl\u00e1ntico","Sustancias ilegales","Tr\u00e1fico de estupefacientes","Unidad de Microtr\u00e1fico."],"articleSection":["Noticias","Seccional Barranquilla","Seccionales","Seguridad territorial"],"inLanguage":"es-CO"},{"@type":"WebPage","@id":"https:\/\/www.fiscalia.gov.co\/colombia\/noticias\/fiscalia-desarticulo-a-los-caleteros-banda-dedicada-al-trafico-de-estupefacientes-en-sabanalarga-atlantico\/","url":"https:\/\/www.fiscalia.gov.co\/colombia\/noticias\/fiscalia-desarticulo-a-los-caleteros-banda-dedicada-al-trafico-de-estupefacientes-en-sabanalarga-atlantico\/","name":"Fiscal\u00eda General de la Naci\u00f3n","isPartOf":{"@id":"https:\/\/www.fiscalia.gov.co\/colombia\/#website"},"datePublished":"2021-11-04T19:25:15+00:00","dateModified":"2021-11-04T19:29:37+00:00","description":"P\u00e1gina oficial de la Fiscal\u00eda General de la Naci\u00f3n \u2013 Colombia. Garantizamos el acceso efectivo a la justicia, la verdad y la reparaci\u00f3n de las v\u00edctimas de los delitos.","breadcrumb":{"@id":"https:\/\/www.fiscalia.gov.co\/colombia\/noticias\/fiscalia-desarticulo-a-los-caleteros-banda-dedicada-al-trafico-de-estupefacientes-en-sabanalarga-atlantico\/#breadcrumb"},"inLanguage":"es-CO","potentialAction":[{"@type":"ReadAction","target":["https:\/\/www.fiscalia.gov.co\/colombia\/noticias\/fiscalia-desarticulo-a-los-caleteros-banda-dedicada-al-trafico-de-estupefacientes-en-sabanalarga-atlantico\/"]}]},{"@type":"BreadcrumbList","@id":"https:\/\/www.fiscalia.gov.co\/colombia\/noticias\/fiscalia-desarticulo-a-los-caleteros-banda-dedicada-al-trafico-de-estupefacientes-en-sabanalarga-atlantico\/#breadcrumb","itemListElement":[{"@type":"ListItem","position":1,"name":"Home","item":"https:\/\/www.fiscalia.gov.co\/colombia\/"},{"@type":"ListItem","position":2,"name":"Fiscal\u00eda desarticul\u00f3 a \u2018Los Caleteros\u2019, banda dedicada al tr\u00e1fico de estupefacientes en Sabanalarga (Atl\u00e1ntico)"}]},{"@type":"WebSite","@id":"https:\/\/www.fiscalia.gov.co\/colombia\/#website","url":"https:\/\/www.fiscalia.gov.co\/colombia\/","name":"Fiscal\u00eda General de la Naci\u00f3n","description":"P\u00e1gina oficial de la Fiscal\u00eda General de la Naci\u00f3n \u2013 Colombia. Garantizamos el acceso efectivo a la justicia, la verdad y la reparaci\u00f3n de las v\u00edctimas de los delitos.","publisher":{"@id":"https:\/\/www.fiscalia.gov.co\/colombia\/#organization"},"potentialAction":[{"@type":"SearchAction","target":{"@type":"EntryPoint","urlTemplate":"https:\/\/www.fiscalia.gov.co\/colombia\/?s={search_term_string}"},"query-input":{"@type":"PropertyValueSpecification","valueRequired":true,"valueName":"search_term_string"}}],"inLanguage":"es-CO"},{"@type":"Organization","@id":"https:\/\/www.fiscalia.gov.co\/colombia\/#organization","name":"Fiscal\u00eda General de la Naci\u00f3n","url":"https:\/\/www.fiscalia.gov.co\/colombia\/","logo":{"@type":"ImageObject","inLanguage":"es-CO","@id":"https:\/\/www.fiscalia.gov.co\/colombia\/#\/schema\/logo\/image\/","url":"https:\/\/www.fiscalia.gov.co\/colombia\/wp-content\/uploads\/LogoHorizontal_1.jpg","contentUrl":"https:\/\/www.fiscalia.gov.co\/colombia\/wp-content\/uploads\/LogoHorizontal_1.jpg","width":300,"height":90,"caption":"Fiscal\u00eda General de la Naci\u00f3n"},"image":{"@id":"https:\/\/www.fiscalia.gov.co\/colombia\/#\/schema\/logo\/image\/"},"sameAs":["https:\/\/www.facebook.com\/FiscaliaCol","https:\/\/x.com\/FiscaliaCol","https:\/\/www.instagram.com\/fiscaliacol","https:\/\/www.linkedin.com\/company\/fiscalia-general-de-la-naci-n\/","https:\/\/youtube.com\/@fiscaliageneraldelanacion-4668?si=6nN79nyQICPU5iTh"]},{"@type":"Person","@id":"https:\/\/www.fiscalia.gov.co\/colombia\/#\/schema\/person\/b19b49f26569f91393176a2b3d13a0e5","name":"Johanna Black Prieto Pe\u00f1a","image":{"@type":"ImageObject","inLanguage":"es-CO","@id":"https:\/\/www.fiscalia.gov.co\/colombia\/#\/schema\/person\/image\/","url":"https:\/\/secure.gravatar.com\/avatar\/7f04518e1774335e76d761d76f04003e?s=96&d=mm&r=g","contentUrl":"https:\/\/secure.gravatar.com\/avatar\/7f04518e1774335e76d761d76f04003e?s=96&d=mm&r=g","caption":"Johanna Black Prieto Pe\u00f1a"},"url":"https:\/\/www.fiscalia.gov.co\/colombia\/author\/jprieto\/"}]}},"_links":{"self":[{"href":"https:\/\/www.fiscalia.gov.co\/colombia\/wp-json\/wp\/v2\/posts\/233951","targetHints":{"allow":["GET"]}}],"collection":[{"href":"https:\/\/www.fiscalia.gov.co\/colombia\/wp-json\/wp\/v2\/posts"}],"about":[{"href":"https:\/\/www.fiscalia.gov.co\/colombia\/wp-json\/wp\/v2\/types\/post"}],"author":[{"embeddable":true,"href":"https:\/\/www.fiscalia.gov.co\/colombia\/wp-json\/wp\/v2\/users\/176"}],"replies":[{"embeddable":true,"href":"https:\/\/www.fiscalia.gov.co\/colombia\/wp-json\/wp\/v2\/comments?post=233951"}],"version-history":[{"count":3,"href":"https:\/\/www.fiscalia.gov.co\/colombia\/wp-json\/wp\/v2\/posts\/233951\/revisions"}],"predecessor-version":[{"id":233955,"href":"https:\/\/www.fiscalia.gov.co\/colombia\/wp-json\/wp\/v2\/posts\/233951\/revisions\/233955"}],"wp:attachment":[{"href":"https:\/\/www.fiscalia.gov.co\/colombia\/wp-json\/wp\/v2\/media?parent=233951"}],"wp:term":[{"taxonomy":"category","embeddable":true,"href":"https:\/\/www.fiscalia.gov.co\/colombia\/wp-json\/wp\/v2\/categories?post=233951"},{"taxonomy":"post_tag","embeddable":true,"href":"https:\/\/www.fiscalia.gov.co\/colombia\/wp-json\/wp\/v2\/tags?post=233951"}],"curies":[{"name":"wp","href":"https:\/\/api.w.org\/{rel}","templated":true}]}}