{"id":233929,"date":"2021-11-04T11:44:35","date_gmt":"2021-11-04T16:44:35","guid":{"rendered":"https:\/\/www.fiscalia.gov.co\/colombia\/?p=233929"},"modified":"2021-11-12T15:48:01","modified_gmt":"2021-11-12T20:48:01","slug":"fiscalia-imputo-a-policia-y-a-otra-persona-por-presuntas-agresiones-a-caninos-en-hechos-aislados","status":"publish","type":"post","link":"https:\/\/www.fiscalia.gov.co\/colombia\/noticias\/fiscalia-imputo-a-policia-y-a-otra-persona-por-presuntas-agresiones-a-caninos-en-hechos-aislados\/","title":{"rendered":"Fiscal\u00eda imput\u00f3 a Polic\u00eda y a otra persona por presuntas agresiones a caninos, en hechos aislados"},"content":{"rendered":"<p><a href=\"https:\/\/www.fiscalia.gov.co\/colombia\/noticias\/acciones-judiciales-contra-dos-personas-por-agredir-a-animales-en-tolima-y-cesar\/\" data-saferedirecturl=\"https:\/\/www.google.com\/url?q=https:\/\/www.fiscalia.gov.co\/colombia\/noticias\/acciones-judiciales-contra-dos-personas-por-agredir-a-animales-en-tolima-y-cesar\/&amp;source=gmail&amp;ust=1636127622328000&amp;usg=AOvVaw3eyKjo41d1CFG0ggymelDe\">Fiscales del Grupo Especial para la Lucha contra el Maltrato Animal (Gelma) presentaron ante jueces de control de garant\u00edas a dos personas se\u00f1aladas de agredir a animales<\/a>\u00a0en Bogot\u00e1 y en Pul\u00ed (Cundinamarca), respectivamente.<\/p>\n<p>Las investigaciones adelantadas corresponden a los siguientes casos:<\/p>\n<ul>\n<li><strong>Ataque con arma de fuego a Tayson\u00a0<\/strong><strong>\u00a0<\/strong><\/li>\n<\/ul>\n<p>Por el delito de maltrato animal fue imputado un patrullero de la Polic\u00eda que, el 27 de octubre 2020,\u00a0<strong>presuntamente atac\u00f3 con su arma de dotaci\u00f3n a un perro llamado Tayson en la localidad de Ciudad Bol\u00edvar, en Bogot\u00e1.<\/strong><strong>\u00a0<\/strong><\/p>\n<p>De acuerdo con la evidencia recolectada por un fiscal Gelma, el uniformado se movilizaba en una motocicleta de la instituci\u00f3n, cuando Tayson al parecer le ladr\u00f3. Por esta raz\u00f3n, el procesado habr\u00eda intentado agredir al animal con su bast\u00f3n de mando, pero al no lograrlo, al parecer le dispar\u00f3 en dos ocasiones en la mand\u00edbula y el cuello.<\/p>\n<figure id=\"attachment_233930\" aria-describedby=\"caption-attachment-233930\" style=\"width: 720px\" class=\"wp-caption alignnone\"><img loading=\"lazy\" decoding=\"async\" class=\"size-full wp-image-233930\" src=\"https:\/\/www.fiscalia.gov.co\/colombia\/wp-content\/uploads\/Foto_Tayson.jpeg\" alt=\"\" width=\"720\" height=\"719\" srcset=\"https:\/\/www.fiscalia.gov.co\/colombia\/wp-content\/uploads\/Foto_Tayson.jpeg 720w, https:\/\/www.fiscalia.gov.co\/colombia\/wp-content\/uploads\/Foto_Tayson-300x300.jpeg 300w, https:\/\/www.fiscalia.gov.co\/colombia\/wp-content\/uploads\/Foto_Tayson-150x150.jpeg 150w, https:\/\/www.fiscalia.gov.co\/colombia\/wp-content\/uploads\/Foto_Tayson-696x695.jpeg 696w, https:\/\/www.fiscalia.gov.co\/colombia\/wp-content\/uploads\/Foto_Tayson-421x420.jpeg 421w\" sizes=\"auto, (max-width: 720px) 100vw, 720px\" \/><figcaption id=\"caption-attachment-233930\" class=\"wp-caption-text\">Tayson habr\u00eda recibido un ataque con arma de fuego en la localidad de Ciudad Bol\u00edvar en Bogot\u00e1.<\/figcaption><\/figure>\n<p>Tras el ataque,\u00a0<strong>el Polic\u00eda se habr\u00eda retirado del lugar sin brindar atenci\u00f3n al perro. Una patrulla que acudi\u00f3 minutos despu\u00e9s lo traslad\u00f3 a una cl\u00ednica veterinaria.<\/strong>\u00a0Posteriormente, el due\u00f1o de Tayson lo llev\u00f3 a otro hospital donde le diagnosticaron fractura de mand\u00edbula y otras lesiones que afectaron gravemente su integridad.<\/p>\n<ul>\n<li><strong>Agresi\u00f3n con arma blanca a tres perros<\/strong><strong>\u00a0<\/strong><\/li>\n<\/ul>\n<p>El 16 de agosto de 2020 en una finca de la vereda Palestina en el municipio de Pul\u00ed (Cundinamarca),\u00a0<strong>un hombre, en un acto de intolerancia, habr\u00eda agredido con arma blanca a tres perros llamados Kira, Sacha y Konan, de raza Pitbull.\u00a0<\/strong><strong>\u00a0<\/strong><\/p>\n<p>Los tres caninos recibieron lesiones en el cr\u00e1neo, t\u00f3rax y rostro, que les habr\u00edan generado secuelas f\u00edsicas y emocionales. Por estos hechos,\u00a0<strong>le fue imputado el delito de maltrato animal.\u00a0<\/strong><strong>\u00a0<\/strong><\/p>\n<p><strong>La Fiscal\u00eda habla con resultados\u00a0<\/strong><\/p>\n<p>AMCJ\/DLBM\/MCRC\/<\/p>\n<p style=\"font-weight: 400;\"><i>La informaci\u00f3n contenida en este bolet\u00edn de prensa corresponde a la narraci\u00f3n de los hechos noticiosos objetivos, suministrados por los funcionarios encargados de adelantar las investigaciones penales al interior de la Fiscal\u00eda General de la Naci\u00f3n. Para el momento de la divulgaci\u00f3n de este comunicado, la situaci\u00f3n jur\u00eddica de la(s) persona(s) relacionada(s) se encuentra pendiente de resolver por la autoridad judicial competente, siempre bajo los preceptos de la presunci\u00f3n de inocencia, consagrados en el art\u00edculo 29 de la Constituci\u00f3n Pol\u00edtica y el art\u00edculo 7\u00ba de la Ley 906 de 2004.<\/i><\/p>\n\n<div class=\"twitter-share\"><a href=\"https:\/\/twitter.com\/intent\/tweet?via=fiscaliacol\" class=\"twitter-share-button\">Tweet<\/a><\/div>\n","protected":false},"excerpt":{"rendered":"<p>Fiscales del Grupo Especial para la Lucha contra el Maltrato Animal (Gelma) presentaron ante jueces de control de garant\u00edas a dos personas se\u00f1aladas de agredir a animales\u00a0en Bogot\u00e1 y en [&hellip;]<\/p>\n","protected":false},"author":176,"featured_media":234701,"comment_status":"closed","ping_status":"open","sticky":false,"template":"","format":"video","meta":{"tdm_status":"","tdm_grid_status":"","footnotes":""},"categories":[1,321,303],"tags":[23821,24283,15648,18566],"class_list":["post-233929","post","type-post","status-publish","format-video","has-post-thumbnail","category-noticias","category-seccional-bogota","category-seccionales","tag-bogota","tag-buen-trato-animal","tag-cundinamarca","tag-maltrato-animal","post_format-post-format-video"],"yoast_head":"<!-- This site is optimized with the Yoast SEO plugin v24.3 - https:\/\/yoast.com\/wordpress\/plugins\/seo\/ -->\n<title>Fiscal\u00eda General de la Naci\u00f3n<\/title>\n<meta name=\"description\" content=\"P\u00e1gina oficial de la Fiscal\u00eda General de la Naci\u00f3n \u2013 Colombia. Garantizamos el acceso efectivo a la justicia, la verdad y la reparaci\u00f3n de las v\u00edctimas de los delitos.\" \/>\n<meta name=\"robots\" content=\"noindex, follow\" \/>\n<meta property=\"og:locale\" content=\"es_ES\" \/>\n<meta property=\"og:type\" content=\"article\" \/>\n<meta property=\"og:title\" content=\"Fiscal\u00eda General de la Naci\u00f3n\" \/>\n<meta property=\"og:description\" content=\"P\u00e1gina oficial de la Fiscal\u00eda General de la Naci\u00f3n \u2013 Colombia. Garantizamos el acceso efectivo a la justicia, la verdad y la reparaci\u00f3n de las v\u00edctimas de los delitos.\" \/>\n<meta property=\"og:url\" content=\"https:\/\/www.fiscalia.gov.co\/colombia\/noticias\/fiscalia-imputo-a-policia-y-a-otra-persona-por-presuntas-agresiones-a-caninos-en-hechos-aislados\/\" \/>\n<meta property=\"og:site_name\" content=\"Fiscal\u00eda General de la Naci\u00f3n\" \/>\n<meta property=\"article:publisher\" content=\"https:\/\/www.facebook.com\/FiscaliaCol\" \/>\n<meta property=\"article:published_time\" content=\"2021-11-04T16:44:35+00:00\" \/>\n<meta property=\"article:modified_time\" content=\"2021-11-12T20:48:01+00:00\" \/>\n<meta property=\"og:image\" content=\"https:\/\/www.fiscalia.gov.co\/colombia\/wp-content\/uploads\/maxresdefault-167.jpg\" \/>\n\t<meta property=\"og:image:width\" content=\"1280\" \/>\n\t<meta property=\"og:image:height\" content=\"720\" \/>\n\t<meta property=\"og:image:type\" content=\"image\/jpeg\" \/>\n<meta name=\"author\" content=\"Johanna Black Prieto Pe\u00f1a\" \/>\n<meta name=\"twitter:card\" content=\"summary_large_image\" \/>\n<meta name=\"twitter:creator\" content=\"@FiscaliaCol\" \/>\n<meta name=\"twitter:site\" content=\"@FiscaliaCol\" \/>\n<meta name=\"twitter:label1\" content=\"Escrito por\" \/>\n\t<meta name=\"twitter:data1\" content=\"Johanna Black Prieto Pe\u00f1a\" \/>\n\t<meta name=\"twitter:label2\" content=\"Tiempo de lectura\" \/>\n\t<meta name=\"twitter:data2\" content=\"2 minutos\" \/>\n<script type=\"application\/ld+json\" class=\"yoast-schema-graph\">{\"@context\":\"https:\/\/schema.org\",\"@graph\":[{\"@type\":\"Article\",\"@id\":\"https:\/\/www.fiscalia.gov.co\/colombia\/noticias\/fiscalia-imputo-a-policia-y-a-otra-persona-por-presuntas-agresiones-a-caninos-en-hechos-aislados\/#article\",\"isPartOf\":{\"@id\":\"https:\/\/www.fiscalia.gov.co\/colombia\/noticias\/fiscalia-imputo-a-policia-y-a-otra-persona-por-presuntas-agresiones-a-caninos-en-hechos-aislados\/\"},\"author\":{\"name\":\"Johanna Black Prieto Pe\u00f1a\",\"@id\":\"https:\/\/www.fiscalia.gov.co\/colombia\/#\/schema\/person\/b19b49f26569f91393176a2b3d13a0e5\"},\"headline\":\"Fiscal\u00eda imput\u00f3 a Polic\u00eda y a otra persona por presuntas agresiones a caninos, en hechos aislados\",\"datePublished\":\"2021-11-04T16:44:35+00:00\",\"dateModified\":\"2021-11-12T20:48:01+00:00\",\"mainEntityOfPage\":{\"@id\":\"https:\/\/www.fiscalia.gov.co\/colombia\/noticias\/fiscalia-imputo-a-policia-y-a-otra-persona-por-presuntas-agresiones-a-caninos-en-hechos-aislados\/\"},\"wordCount\":450,\"publisher\":{\"@id\":\"https:\/\/www.fiscalia.gov.co\/colombia\/#organization\"},\"image\":{\"@id\":\"https:\/\/www.fiscalia.gov.co\/colombia\/noticias\/fiscalia-imputo-a-policia-y-a-otra-persona-por-presuntas-agresiones-a-caninos-en-hechos-aislados\/#primaryimage\"},\"thumbnailUrl\":\"https:\/\/www.fiscalia.gov.co\/colombia\/wp-content\/uploads\/maxresdefault-167.jpg\",\"keywords\":[\"Bogot\u00e1\",\"buen trato animal\",\"Cundinamarca\",\"Maltrato animal\"],\"articleSection\":[\"Noticias\",\"Seccional Bogot\u00e1\",\"Seccionales\"],\"inLanguage\":\"es-CO\"},{\"@type\":\"WebPage\",\"@id\":\"https:\/\/www.fiscalia.gov.co\/colombia\/noticias\/fiscalia-imputo-a-policia-y-a-otra-persona-por-presuntas-agresiones-a-caninos-en-hechos-aislados\/\",\"url\":\"https:\/\/www.fiscalia.gov.co\/colombia\/noticias\/fiscalia-imputo-a-policia-y-a-otra-persona-por-presuntas-agresiones-a-caninos-en-hechos-aislados\/\",\"name\":\"Fiscal\u00eda General de la Naci\u00f3n\",\"isPartOf\":{\"@id\":\"https:\/\/www.fiscalia.gov.co\/colombia\/#website\"},\"primaryImageOfPage\":{\"@id\":\"https:\/\/www.fiscalia.gov.co\/colombia\/noticias\/fiscalia-imputo-a-policia-y-a-otra-persona-por-presuntas-agresiones-a-caninos-en-hechos-aislados\/#primaryimage\"},\"image\":{\"@id\":\"https:\/\/www.fiscalia.gov.co\/colombia\/noticias\/fiscalia-imputo-a-policia-y-a-otra-persona-por-presuntas-agresiones-a-caninos-en-hechos-aislados\/#primaryimage\"},\"thumbnailUrl\":\"https:\/\/www.fiscalia.gov.co\/colombia\/wp-content\/uploads\/maxresdefault-167.jpg\",\"datePublished\":\"2021-11-04T16:44:35+00:00\",\"dateModified\":\"2021-11-12T20:48:01+00:00\",\"description\":\"P\u00e1gina oficial de la Fiscal\u00eda General de la Naci\u00f3n \u2013 Colombia. Garantizamos el acceso efectivo a la justicia, la verdad y la reparaci\u00f3n de las v\u00edctimas de los delitos.\",\"breadcrumb\":{\"@id\":\"https:\/\/www.fiscalia.gov.co\/colombia\/noticias\/fiscalia-imputo-a-policia-y-a-otra-persona-por-presuntas-agresiones-a-caninos-en-hechos-aislados\/#breadcrumb\"},\"inLanguage\":\"es-CO\",\"potentialAction\":[{\"@type\":\"ReadAction\",\"target\":[\"https:\/\/www.fiscalia.gov.co\/colombia\/noticias\/fiscalia-imputo-a-policia-y-a-otra-persona-por-presuntas-agresiones-a-caninos-en-hechos-aislados\/\"]}]},{\"@type\":\"ImageObject\",\"inLanguage\":\"es-CO\",\"@id\":\"https:\/\/www.fiscalia.gov.co\/colombia\/noticias\/fiscalia-imputo-a-policia-y-a-otra-persona-por-presuntas-agresiones-a-caninos-en-hechos-aislados\/#primaryimage\",\"url\":\"https:\/\/www.fiscalia.gov.co\/colombia\/wp-content\/uploads\/maxresdefault-167.jpg\",\"contentUrl\":\"https:\/\/www.fiscalia.gov.co\/colombia\/wp-content\/uploads\/maxresdefault-167.jpg\",\"width\":1280,\"height\":720},{\"@type\":\"BreadcrumbList\",\"@id\":\"https:\/\/www.fiscalia.gov.co\/colombia\/noticias\/fiscalia-imputo-a-policia-y-a-otra-persona-por-presuntas-agresiones-a-caninos-en-hechos-aislados\/#breadcrumb\",\"itemListElement\":[{\"@type\":\"ListItem\",\"position\":1,\"name\":\"Home\",\"item\":\"https:\/\/www.fiscalia.gov.co\/colombia\/\"},{\"@type\":\"ListItem\",\"position\":2,\"name\":\"Fiscal\u00eda imput\u00f3 a Polic\u00eda y a otra persona por presuntas agresiones a caninos, en hechos aislados\"}]},{\"@type\":\"WebSite\",\"@id\":\"https:\/\/www.fiscalia.gov.co\/colombia\/#website\",\"url\":\"https:\/\/www.fiscalia.gov.co\/colombia\/\",\"name\":\"Fiscal\u00eda General de la Naci\u00f3n\",\"description\":\"P\u00e1gina oficial de la Fiscal\u00eda General de la Naci\u00f3n \u2013 Colombia. Garantizamos el acceso efectivo a la justicia, la verdad y la reparaci\u00f3n de las v\u00edctimas de los delitos.\",\"publisher\":{\"@id\":\"https:\/\/www.fiscalia.gov.co\/colombia\/#organization\"},\"potentialAction\":[{\"@type\":\"SearchAction\",\"target\":{\"@type\":\"EntryPoint\",\"urlTemplate\":\"https:\/\/www.fiscalia.gov.co\/colombia\/?s={search_term_string}\"},\"query-input\":{\"@type\":\"PropertyValueSpecification\",\"valueRequired\":true,\"valueName\":\"search_term_string\"}}],\"inLanguage\":\"es-CO\"},{\"@type\":\"Organization\",\"@id\":\"https:\/\/www.fiscalia.gov.co\/colombia\/#organization\",\"name\":\"Fiscal\u00eda General de la Naci\u00f3n\",\"url\":\"https:\/\/www.fiscalia.gov.co\/colombia\/\",\"logo\":{\"@type\":\"ImageObject\",\"inLanguage\":\"es-CO\",\"@id\":\"https:\/\/www.fiscalia.gov.co\/colombia\/#\/schema\/logo\/image\/\",\"url\":\"https:\/\/www.fiscalia.gov.co\/colombia\/wp-content\/uploads\/LogoHorizontal_1.jpg\",\"contentUrl\":\"https:\/\/www.fiscalia.gov.co\/colombia\/wp-content\/uploads\/LogoHorizontal_1.jpg\",\"width\":300,\"height\":90,\"caption\":\"Fiscal\u00eda General de la Naci\u00f3n\"},\"image\":{\"@id\":\"https:\/\/www.fiscalia.gov.co\/colombia\/#\/schema\/logo\/image\/\"},\"sameAs\":[\"https:\/\/www.facebook.com\/FiscaliaCol\",\"https:\/\/x.com\/FiscaliaCol\",\"https:\/\/www.instagram.com\/fiscaliacol\",\"https:\/\/www.linkedin.com\/company\/fiscalia-general-de-la-naci-n\/\",\"https:\/\/youtube.com\/@fiscaliageneraldelanacion-4668?si=6nN79nyQICPU5iTh\"]},{\"@type\":\"Person\",\"@id\":\"https:\/\/www.fiscalia.gov.co\/colombia\/#\/schema\/person\/b19b49f26569f91393176a2b3d13a0e5\",\"name\":\"Johanna Black Prieto Pe\u00f1a\",\"image\":{\"@type\":\"ImageObject\",\"inLanguage\":\"es-CO\",\"@id\":\"https:\/\/www.fiscalia.gov.co\/colombia\/#\/schema\/person\/image\/\",\"url\":\"https:\/\/secure.gravatar.com\/avatar\/7f04518e1774335e76d761d76f04003e?s=96&d=mm&r=g\",\"contentUrl\":\"https:\/\/secure.gravatar.com\/avatar\/7f04518e1774335e76d761d76f04003e?s=96&d=mm&r=g\",\"caption\":\"Johanna Black Prieto Pe\u00f1a\"},\"url\":\"https:\/\/www.fiscalia.gov.co\/colombia\/author\/jprieto\/\"}]}<\/script>\n<!-- \/ Yoast SEO plugin. -->","yoast_head_json":{"title":"Fiscal\u00eda General de la Naci\u00f3n","description":"P\u00e1gina oficial de la Fiscal\u00eda General de la Naci\u00f3n \u2013 Colombia. Garantizamos el acceso efectivo a la justicia, la verdad y la reparaci\u00f3n de las v\u00edctimas de los delitos.","robots":{"index":"noindex","follow":"follow"},"og_locale":"es_ES","og_type":"article","og_title":"Fiscal\u00eda General de la Naci\u00f3n","og_description":"P\u00e1gina oficial de la Fiscal\u00eda General de la Naci\u00f3n \u2013 Colombia. Garantizamos el acceso efectivo a la justicia, la verdad y la reparaci\u00f3n de las v\u00edctimas de los delitos.","og_url":"https:\/\/www.fiscalia.gov.co\/colombia\/noticias\/fiscalia-imputo-a-policia-y-a-otra-persona-por-presuntas-agresiones-a-caninos-en-hechos-aislados\/","og_site_name":"Fiscal\u00eda General de la Naci\u00f3n","article_publisher":"https:\/\/www.facebook.com\/FiscaliaCol","article_published_time":"2021-11-04T16:44:35+00:00","article_modified_time":"2021-11-12T20:48:01+00:00","og_image":[{"width":1280,"height":720,"url":"https:\/\/www.fiscalia.gov.co\/colombia\/wp-content\/uploads\/maxresdefault-167.jpg","type":"image\/jpeg"}],"author":"Johanna Black Prieto Pe\u00f1a","twitter_card":"summary_large_image","twitter_creator":"@FiscaliaCol","twitter_site":"@FiscaliaCol","twitter_misc":{"Escrito por":"Johanna Black Prieto Pe\u00f1a","Tiempo de lectura":"2 minutos"},"schema":{"@context":"https:\/\/schema.org","@graph":[{"@type":"Article","@id":"https:\/\/www.fiscalia.gov.co\/colombia\/noticias\/fiscalia-imputo-a-policia-y-a-otra-persona-por-presuntas-agresiones-a-caninos-en-hechos-aislados\/#article","isPartOf":{"@id":"https:\/\/www.fiscalia.gov.co\/colombia\/noticias\/fiscalia-imputo-a-policia-y-a-otra-persona-por-presuntas-agresiones-a-caninos-en-hechos-aislados\/"},"author":{"name":"Johanna Black Prieto Pe\u00f1a","@id":"https:\/\/www.fiscalia.gov.co\/colombia\/#\/schema\/person\/b19b49f26569f91393176a2b3d13a0e5"},"headline":"Fiscal\u00eda imput\u00f3 a Polic\u00eda y a otra persona por presuntas agresiones a caninos, en hechos aislados","datePublished":"2021-11-04T16:44:35+00:00","dateModified":"2021-11-12T20:48:01+00:00","mainEntityOfPage":{"@id":"https:\/\/www.fiscalia.gov.co\/colombia\/noticias\/fiscalia-imputo-a-policia-y-a-otra-persona-por-presuntas-agresiones-a-caninos-en-hechos-aislados\/"},"wordCount":450,"publisher":{"@id":"https:\/\/www.fiscalia.gov.co\/colombia\/#organization"},"image":{"@id":"https:\/\/www.fiscalia.gov.co\/colombia\/noticias\/fiscalia-imputo-a-policia-y-a-otra-persona-por-presuntas-agresiones-a-caninos-en-hechos-aislados\/#primaryimage"},"thumbnailUrl":"https:\/\/www.fiscalia.gov.co\/colombia\/wp-content\/uploads\/maxresdefault-167.jpg","keywords":["Bogot\u00e1","buen trato animal","Cundinamarca","Maltrato animal"],"articleSection":["Noticias","Seccional Bogot\u00e1","Seccionales"],"inLanguage":"es-CO"},{"@type":"WebPage","@id":"https:\/\/www.fiscalia.gov.co\/colombia\/noticias\/fiscalia-imputo-a-policia-y-a-otra-persona-por-presuntas-agresiones-a-caninos-en-hechos-aislados\/","url":"https:\/\/www.fiscalia.gov.co\/colombia\/noticias\/fiscalia-imputo-a-policia-y-a-otra-persona-por-presuntas-agresiones-a-caninos-en-hechos-aislados\/","name":"Fiscal\u00eda General de la Naci\u00f3n","isPartOf":{"@id":"https:\/\/www.fiscalia.gov.co\/colombia\/#website"},"primaryImageOfPage":{"@id":"https:\/\/www.fiscalia.gov.co\/colombia\/noticias\/fiscalia-imputo-a-policia-y-a-otra-persona-por-presuntas-agresiones-a-caninos-en-hechos-aislados\/#primaryimage"},"image":{"@id":"https:\/\/www.fiscalia.gov.co\/colombia\/noticias\/fiscalia-imputo-a-policia-y-a-otra-persona-por-presuntas-agresiones-a-caninos-en-hechos-aislados\/#primaryimage"},"thumbnailUrl":"https:\/\/www.fiscalia.gov.co\/colombia\/wp-content\/uploads\/maxresdefault-167.jpg","datePublished":"2021-11-04T16:44:35+00:00","dateModified":"2021-11-12T20:48:01+00:00","description":"P\u00e1gina oficial de la Fiscal\u00eda General de la Naci\u00f3n \u2013 Colombia. Garantizamos el acceso efectivo a la justicia, la verdad y la reparaci\u00f3n de las v\u00edctimas de los delitos.","breadcrumb":{"@id":"https:\/\/www.fiscalia.gov.co\/colombia\/noticias\/fiscalia-imputo-a-policia-y-a-otra-persona-por-presuntas-agresiones-a-caninos-en-hechos-aislados\/#breadcrumb"},"inLanguage":"es-CO","potentialAction":[{"@type":"ReadAction","target":["https:\/\/www.fiscalia.gov.co\/colombia\/noticias\/fiscalia-imputo-a-policia-y-a-otra-persona-por-presuntas-agresiones-a-caninos-en-hechos-aislados\/"]}]},{"@type":"ImageObject","inLanguage":"es-CO","@id":"https:\/\/www.fiscalia.gov.co\/colombia\/noticias\/fiscalia-imputo-a-policia-y-a-otra-persona-por-presuntas-agresiones-a-caninos-en-hechos-aislados\/#primaryimage","url":"https:\/\/www.fiscalia.gov.co\/colombia\/wp-content\/uploads\/maxresdefault-167.jpg","contentUrl":"https:\/\/www.fiscalia.gov.co\/colombia\/wp-content\/uploads\/maxresdefault-167.jpg","width":1280,"height":720},{"@type":"BreadcrumbList","@id":"https:\/\/www.fiscalia.gov.co\/colombia\/noticias\/fiscalia-imputo-a-policia-y-a-otra-persona-por-presuntas-agresiones-a-caninos-en-hechos-aislados\/#breadcrumb","itemListElement":[{"@type":"ListItem","position":1,"name":"Home","item":"https:\/\/www.fiscalia.gov.co\/colombia\/"},{"@type":"ListItem","position":2,"name":"Fiscal\u00eda imput\u00f3 a Polic\u00eda y a otra persona por presuntas agresiones a caninos, en hechos aislados"}]},{"@type":"WebSite","@id":"https:\/\/www.fiscalia.gov.co\/colombia\/#website","url":"https:\/\/www.fiscalia.gov.co\/colombia\/","name":"Fiscal\u00eda General de la Naci\u00f3n","description":"P\u00e1gina oficial de la Fiscal\u00eda General de la Naci\u00f3n \u2013 Colombia. Garantizamos el acceso efectivo a la justicia, la verdad y la reparaci\u00f3n de las v\u00edctimas de los delitos.","publisher":{"@id":"https:\/\/www.fiscalia.gov.co\/colombia\/#organization"},"potentialAction":[{"@type":"SearchAction","target":{"@type":"EntryPoint","urlTemplate":"https:\/\/www.fiscalia.gov.co\/colombia\/?s={search_term_string}"},"query-input":{"@type":"PropertyValueSpecification","valueRequired":true,"valueName":"search_term_string"}}],"inLanguage":"es-CO"},{"@type":"Organization","@id":"https:\/\/www.fiscalia.gov.co\/colombia\/#organization","name":"Fiscal\u00eda General de la Naci\u00f3n","url":"https:\/\/www.fiscalia.gov.co\/colombia\/","logo":{"@type":"ImageObject","inLanguage":"es-CO","@id":"https:\/\/www.fiscalia.gov.co\/colombia\/#\/schema\/logo\/image\/","url":"https:\/\/www.fiscalia.gov.co\/colombia\/wp-content\/uploads\/LogoHorizontal_1.jpg","contentUrl":"https:\/\/www.fiscalia.gov.co\/colombia\/wp-content\/uploads\/LogoHorizontal_1.jpg","width":300,"height":90,"caption":"Fiscal\u00eda General de la Naci\u00f3n"},"image":{"@id":"https:\/\/www.fiscalia.gov.co\/colombia\/#\/schema\/logo\/image\/"},"sameAs":["https:\/\/www.facebook.com\/FiscaliaCol","https:\/\/x.com\/FiscaliaCol","https:\/\/www.instagram.com\/fiscaliacol","https:\/\/www.linkedin.com\/company\/fiscalia-general-de-la-naci-n\/","https:\/\/youtube.com\/@fiscaliageneraldelanacion-4668?si=6nN79nyQICPU5iTh"]},{"@type":"Person","@id":"https:\/\/www.fiscalia.gov.co\/colombia\/#\/schema\/person\/b19b49f26569f91393176a2b3d13a0e5","name":"Johanna Black Prieto Pe\u00f1a","image":{"@type":"ImageObject","inLanguage":"es-CO","@id":"https:\/\/www.fiscalia.gov.co\/colombia\/#\/schema\/person\/image\/","url":"https:\/\/secure.gravatar.com\/avatar\/7f04518e1774335e76d761d76f04003e?s=96&d=mm&r=g","contentUrl":"https:\/\/secure.gravatar.com\/avatar\/7f04518e1774335e76d761d76f04003e?s=96&d=mm&r=g","caption":"Johanna Black Prieto Pe\u00f1a"},"url":"https:\/\/www.fiscalia.gov.co\/colombia\/author\/jprieto\/"}]}},"_links":{"self":[{"href":"https:\/\/www.fiscalia.gov.co\/colombia\/wp-json\/wp\/v2\/posts\/233929","targetHints":{"allow":["GET"]}}],"collection":[{"href":"https:\/\/www.fiscalia.gov.co\/colombia\/wp-json\/wp\/v2\/posts"}],"about":[{"href":"https:\/\/www.fiscalia.gov.co\/colombia\/wp-json\/wp\/v2\/types\/post"}],"author":[{"embeddable":true,"href":"https:\/\/www.fiscalia.gov.co\/colombia\/wp-json\/wp\/v2\/users\/176"}],"replies":[{"embeddable":true,"href":"https:\/\/www.fiscalia.gov.co\/colombia\/wp-json\/wp\/v2\/comments?post=233929"}],"version-history":[{"count":1,"href":"https:\/\/www.fiscalia.gov.co\/colombia\/wp-json\/wp\/v2\/posts\/233929\/revisions"}],"predecessor-version":[{"id":233931,"href":"https:\/\/www.fiscalia.gov.co\/colombia\/wp-json\/wp\/v2\/posts\/233929\/revisions\/233931"}],"wp:featuredmedia":[{"embeddable":true,"href":"https:\/\/www.fiscalia.gov.co\/colombia\/wp-json\/wp\/v2\/media\/234701"}],"wp:attachment":[{"href":"https:\/\/www.fiscalia.gov.co\/colombia\/wp-json\/wp\/v2\/media?parent=233929"}],"wp:term":[{"taxonomy":"category","embeddable":true,"href":"https:\/\/www.fiscalia.gov.co\/colombia\/wp-json\/wp\/v2\/categories?post=233929"},{"taxonomy":"post_tag","embeddable":true,"href":"https:\/\/www.fiscalia.gov.co\/colombia\/wp-json\/wp\/v2\/tags?post=233929"}],"curies":[{"name":"wp","href":"https:\/\/api.w.org\/{rel}","templated":true}]}}