{"id":233858,"date":"2021-11-03T19:08:09","date_gmt":"2021-11-04T00:08:09","guid":{"rendered":"https:\/\/www.fiscalia.gov.co\/colombia\/?p=233858"},"modified":"2021-11-03T19:08:09","modified_gmt":"2021-11-04T00:08:09","slug":"hernando-toro-parra-nuevo-director-de-la-unidad-especial-de-investigacion-para-el-desmantelamiento-de-organizaciones-criminales","status":"publish","type":"post","link":"https:\/\/www.fiscalia.gov.co\/colombia\/seccionales\/hernando-toro-parra-nuevo-director-de-la-unidad-especial-de-investigacion-para-el-desmantelamiento-de-organizaciones-criminales\/","title":{"rendered":"Hernando Toro Parra, nuevo director de la Unidad Especial de Investigaci\u00f3n para el Desmantelamiento de Organizaciones Criminales"},"content":{"rendered":"<p><span lang=\"ES-CO\">El Fiscal General de la Naci\u00f3n, Francisco Barbosa Delgado, design\u00f3 al doctor Hernando Toro Parra como nuevo director de la Unidad Especial de Investigaci\u00f3n para el Desmantelamiento de Organizaciones Criminales.<u><\/u>\u00a0<u><\/u><\/span><\/p>\n<p><span lang=\"ES-CO\">El doctor Toro Parra fue postulado en la terna junto con las doctoras Carmen Maritza Gonz\u00e1lez Manrique y Alexandra Valencia Molina, por los magistrados del Tribunal de Paz de la Jurisdicci\u00f3n Especial para la Paz (JEP), de acuerdo con el Decreto 587 del 5 de abril de 2017. <u><\/u>\u00a0<u><\/u><\/span><\/p>\n<p><span lang=\"ES-CO\">Una vez recibida la terna el pasado 29 de octubre, el nombramiento se efectu\u00f3 para un per\u00edodo de 4 a\u00f1os, seg\u00fan lo dispuesto en el art\u00edculo 8 del Decreto 898 de 2017, luego de las entrevistas realizadas en Leticia (Amazonas) por el Fiscal General a los aspirantes, quienes demostraron su profesionalismo, excelentes capacidades y amplia trayectoria.<u><\/u>\u00a0<u><\/u><\/span><\/p>\n<p><span lang=\"ES-CO\">El nuevo director de la Unidad Especial de Investigaci\u00f3n es a<\/span><span lang=\"ES-CO\">bogado de la Universidad San Buenaventura de Cali, con postgrado en Derechos Humanos y Derecho Internacional Humanitario de la Universidad de Sevilla (Espa\u00f1a). Tiene experiencia en Pol\u00edticas P\u00fablicas, Direcci\u00f3n e Implementaci\u00f3n de Proyectos de Cooperaci\u00f3n y Desarrollo Internacional, as\u00ed como en trabajo con entidades del Estado y comunidades; adem\u00e1s cuenta con amplios conocimientos sobre seguridad y defensa nacional.<u><\/u>\u00a0<u><\/u><\/span><\/p>\n<p><span lang=\"ES-CO\">Hasta antes de su nombramiento se desempe\u00f1aba como asesor de la UEI de la Fiscal\u00eda General de la Naci\u00f3n, donde se encargaba del relacionamiento con <\/span><span lang=\"ES-CO\">comunidades, organizaciones sociales y de defensores de derechos humanos para valorar contextos y din\u00e1micas de criminalidad que las afectan en los territorios. Asimismo, apoy\u00f3 el impulso y seguimiento de investigaciones por afectaciones a defensores de derechos humanos, l\u00edderes sociales y personas en proceso de reincorporaci\u00f3n.<u><\/u>\u00a0<u><\/u><\/span><\/p>\n<p><span lang=\"ES-CO\">Tiene una trayectoria de m\u00e1s de 26 a\u00f1os en el sector p\u00fablico, en entidades como el Ministerio del Interior, la Defensor\u00eda del Pueblo, la <\/span><span lang=\"ES-CO\">Oficina en Colombia del Alto Comisionado de las Naciones Unidas para los Derechos Humanos y la Cruz Roja Colombiana.<\/span><span lang=\"ES-CO\"><u><\/u>\u00a0<u><\/u><\/span><\/p>\n<p><span lang=\"ES-CO\"><u><\/u>\u00a0<u><\/u><\/span><span lang=\"ES-CO\">DLBM\/MRC\u00a0<u><\/u>\u00a0<\/span><\/p>\n\n<div class=\"twitter-share\"><a href=\"https:\/\/twitter.com\/intent\/tweet?via=fiscaliacol\" class=\"twitter-share-button\">Tweet<\/a><\/div>\n","protected":false},"excerpt":{"rendered":"<p>El Fiscal General de la Naci\u00f3n, Francisco Barbosa Delgado, design\u00f3 al doctor Hernando Toro Parra como nuevo director de la Unidad Especial de Investigaci\u00f3n para el Desmantelamiento de Organizaciones Criminales.\u00a0 [&hellip;]<\/p>\n","protected":false},"author":176,"featured_media":0,"comment_status":"closed","ping_status":"open","sticky":false,"template":"","format":"standard","meta":{"tdm_status":"","tdm_grid_status":"","footnotes":""},"categories":[24096,321,303],"tags":[24188,24526],"class_list":["post-233858","post","type-post","status-publish","format-standard","category-fiscal-general-de-la-nacion","category-seccional-bogota","category-seccionales","tag-fiscal-francisco-barbosa","tag-fiscal-general-francisco-barbosa-delgado"],"yoast_head":"<!-- This site is optimized with the Yoast SEO plugin v24.3 - https:\/\/yoast.com\/wordpress\/plugins\/seo\/ -->\n<title>Fiscal\u00eda General de la Naci\u00f3n<\/title>\n<meta name=\"description\" content=\"P\u00e1gina oficial de la Fiscal\u00eda General de la Naci\u00f3n \u2013 Colombia. Garantizamos el acceso efectivo a la justicia, la verdad y la reparaci\u00f3n de las v\u00edctimas de los delitos.\" \/>\n<meta name=\"robots\" content=\"noindex, follow\" \/>\n<meta property=\"og:locale\" content=\"es_ES\" \/>\n<meta property=\"og:type\" content=\"article\" \/>\n<meta property=\"og:title\" content=\"Fiscal\u00eda General de la Naci\u00f3n\" \/>\n<meta property=\"og:description\" content=\"P\u00e1gina oficial de la Fiscal\u00eda General de la Naci\u00f3n \u2013 Colombia. Garantizamos el acceso efectivo a la justicia, la verdad y la reparaci\u00f3n de las v\u00edctimas de los delitos.\" \/>\n<meta property=\"og:url\" content=\"https:\/\/www.fiscalia.gov.co\/colombia\/seccionales\/hernando-toro-parra-nuevo-director-de-la-unidad-especial-de-investigacion-para-el-desmantelamiento-de-organizaciones-criminales\/\" \/>\n<meta property=\"og:site_name\" content=\"Fiscal\u00eda General de la Naci\u00f3n\" \/>\n<meta property=\"article:publisher\" content=\"https:\/\/www.facebook.com\/FiscaliaCol\" \/>\n<meta property=\"article:published_time\" content=\"2021-11-04T00:08:09+00:00\" \/>\n<meta name=\"author\" content=\"Johanna Black Prieto Pe\u00f1a\" \/>\n<meta name=\"twitter:card\" content=\"summary_large_image\" \/>\n<meta name=\"twitter:creator\" content=\"@FiscaliaCol\" \/>\n<meta name=\"twitter:site\" content=\"@FiscaliaCol\" \/>\n<meta name=\"twitter:label1\" content=\"Escrito por\" \/>\n\t<meta name=\"twitter:data1\" content=\"Johanna Black Prieto Pe\u00f1a\" \/>\n\t<meta name=\"twitter:label2\" content=\"Tiempo de lectura\" \/>\n\t<meta name=\"twitter:data2\" content=\"2 minutos\" \/>\n<script type=\"application\/ld+json\" class=\"yoast-schema-graph\">{\"@context\":\"https:\/\/schema.org\",\"@graph\":[{\"@type\":\"Article\",\"@id\":\"https:\/\/www.fiscalia.gov.co\/colombia\/seccionales\/hernando-toro-parra-nuevo-director-de-la-unidad-especial-de-investigacion-para-el-desmantelamiento-de-organizaciones-criminales\/#article\",\"isPartOf\":{\"@id\":\"https:\/\/www.fiscalia.gov.co\/colombia\/seccionales\/hernando-toro-parra-nuevo-director-de-la-unidad-especial-de-investigacion-para-el-desmantelamiento-de-organizaciones-criminales\/\"},\"author\":{\"name\":\"Johanna Black Prieto Pe\u00f1a\",\"@id\":\"https:\/\/www.fiscalia.gov.co\/colombia\/#\/schema\/person\/b19b49f26569f91393176a2b3d13a0e5\"},\"headline\":\"Hernando Toro Parra, nuevo director de la Unidad Especial de Investigaci\u00f3n para el Desmantelamiento de Organizaciones Criminales\",\"datePublished\":\"2021-11-04T00:08:09+00:00\",\"dateModified\":\"2021-11-04T00:08:09+00:00\",\"mainEntityOfPage\":{\"@id\":\"https:\/\/www.fiscalia.gov.co\/colombia\/seccionales\/hernando-toro-parra-nuevo-director-de-la-unidad-especial-de-investigacion-para-el-desmantelamiento-de-organizaciones-criminales\/\"},\"wordCount\":353,\"publisher\":{\"@id\":\"https:\/\/www.fiscalia.gov.co\/colombia\/#organization\"},\"keywords\":[\"Fiscal Francisco Barbosa\",\"Fiscal General Francisco Barbosa Delgado\"],\"articleSection\":[\"Fiscal General de la Naci\u00f3n\",\"Seccional Bogot\u00e1\",\"Seccionales\"],\"inLanguage\":\"es-CO\"},{\"@type\":\"WebPage\",\"@id\":\"https:\/\/www.fiscalia.gov.co\/colombia\/seccionales\/hernando-toro-parra-nuevo-director-de-la-unidad-especial-de-investigacion-para-el-desmantelamiento-de-organizaciones-criminales\/\",\"url\":\"https:\/\/www.fiscalia.gov.co\/colombia\/seccionales\/hernando-toro-parra-nuevo-director-de-la-unidad-especial-de-investigacion-para-el-desmantelamiento-de-organizaciones-criminales\/\",\"name\":\"Fiscal\u00eda General de la Naci\u00f3n\",\"isPartOf\":{\"@id\":\"https:\/\/www.fiscalia.gov.co\/colombia\/#website\"},\"datePublished\":\"2021-11-04T00:08:09+00:00\",\"dateModified\":\"2021-11-04T00:08:09+00:00\",\"description\":\"P\u00e1gina oficial de la Fiscal\u00eda General de la Naci\u00f3n \u2013 Colombia. Garantizamos el acceso efectivo a la justicia, la verdad y la reparaci\u00f3n de las v\u00edctimas de los delitos.\",\"breadcrumb\":{\"@id\":\"https:\/\/www.fiscalia.gov.co\/colombia\/seccionales\/hernando-toro-parra-nuevo-director-de-la-unidad-especial-de-investigacion-para-el-desmantelamiento-de-organizaciones-criminales\/#breadcrumb\"},\"inLanguage\":\"es-CO\",\"potentialAction\":[{\"@type\":\"ReadAction\",\"target\":[\"https:\/\/www.fiscalia.gov.co\/colombia\/seccionales\/hernando-toro-parra-nuevo-director-de-la-unidad-especial-de-investigacion-para-el-desmantelamiento-de-organizaciones-criminales\/\"]}]},{\"@type\":\"BreadcrumbList\",\"@id\":\"https:\/\/www.fiscalia.gov.co\/colombia\/seccionales\/hernando-toro-parra-nuevo-director-de-la-unidad-especial-de-investigacion-para-el-desmantelamiento-de-organizaciones-criminales\/#breadcrumb\",\"itemListElement\":[{\"@type\":\"ListItem\",\"position\":1,\"name\":\"Home\",\"item\":\"https:\/\/www.fiscalia.gov.co\/colombia\/\"},{\"@type\":\"ListItem\",\"position\":2,\"name\":\"Hernando Toro Parra, nuevo director de la Unidad Especial de Investigaci\u00f3n para el Desmantelamiento de Organizaciones Criminales\"}]},{\"@type\":\"WebSite\",\"@id\":\"https:\/\/www.fiscalia.gov.co\/colombia\/#website\",\"url\":\"https:\/\/www.fiscalia.gov.co\/colombia\/\",\"name\":\"Fiscal\u00eda General de la Naci\u00f3n\",\"description\":\"P\u00e1gina oficial de la Fiscal\u00eda General de la Naci\u00f3n \u2013 Colombia. Garantizamos el acceso efectivo a la justicia, la verdad y la reparaci\u00f3n de las v\u00edctimas de los delitos.\",\"publisher\":{\"@id\":\"https:\/\/www.fiscalia.gov.co\/colombia\/#organization\"},\"potentialAction\":[{\"@type\":\"SearchAction\",\"target\":{\"@type\":\"EntryPoint\",\"urlTemplate\":\"https:\/\/www.fiscalia.gov.co\/colombia\/?s={search_term_string}\"},\"query-input\":{\"@type\":\"PropertyValueSpecification\",\"valueRequired\":true,\"valueName\":\"search_term_string\"}}],\"inLanguage\":\"es-CO\"},{\"@type\":\"Organization\",\"@id\":\"https:\/\/www.fiscalia.gov.co\/colombia\/#organization\",\"name\":\"Fiscal\u00eda General de la Naci\u00f3n\",\"url\":\"https:\/\/www.fiscalia.gov.co\/colombia\/\",\"logo\":{\"@type\":\"ImageObject\",\"inLanguage\":\"es-CO\",\"@id\":\"https:\/\/www.fiscalia.gov.co\/colombia\/#\/schema\/logo\/image\/\",\"url\":\"https:\/\/www.fiscalia.gov.co\/colombia\/wp-content\/uploads\/LogoHorizontal_1.jpg\",\"contentUrl\":\"https:\/\/www.fiscalia.gov.co\/colombia\/wp-content\/uploads\/LogoHorizontal_1.jpg\",\"width\":300,\"height\":90,\"caption\":\"Fiscal\u00eda General de la Naci\u00f3n\"},\"image\":{\"@id\":\"https:\/\/www.fiscalia.gov.co\/colombia\/#\/schema\/logo\/image\/\"},\"sameAs\":[\"https:\/\/www.facebook.com\/FiscaliaCol\",\"https:\/\/x.com\/FiscaliaCol\",\"https:\/\/www.instagram.com\/fiscaliacol\",\"https:\/\/www.linkedin.com\/company\/fiscalia-general-de-la-naci-n\/\",\"https:\/\/youtube.com\/@fiscaliageneraldelanacion-4668?si=6nN79nyQICPU5iTh\"]},{\"@type\":\"Person\",\"@id\":\"https:\/\/www.fiscalia.gov.co\/colombia\/#\/schema\/person\/b19b49f26569f91393176a2b3d13a0e5\",\"name\":\"Johanna Black Prieto Pe\u00f1a\",\"image\":{\"@type\":\"ImageObject\",\"inLanguage\":\"es-CO\",\"@id\":\"https:\/\/www.fiscalia.gov.co\/colombia\/#\/schema\/person\/image\/\",\"url\":\"https:\/\/secure.gravatar.com\/avatar\/7f04518e1774335e76d761d76f04003e?s=96&d=mm&r=g\",\"contentUrl\":\"https:\/\/secure.gravatar.com\/avatar\/7f04518e1774335e76d761d76f04003e?s=96&d=mm&r=g\",\"caption\":\"Johanna Black Prieto Pe\u00f1a\"},\"url\":\"https:\/\/www.fiscalia.gov.co\/colombia\/author\/jprieto\/\"}]}<\/script>\n<!-- \/ Yoast SEO plugin. -->","yoast_head_json":{"title":"Fiscal\u00eda General de la Naci\u00f3n","description":"P\u00e1gina oficial de la Fiscal\u00eda General de la Naci\u00f3n \u2013 Colombia. Garantizamos el acceso efectivo a la justicia, la verdad y la reparaci\u00f3n de las v\u00edctimas de los delitos.","robots":{"index":"noindex","follow":"follow"},"og_locale":"es_ES","og_type":"article","og_title":"Fiscal\u00eda General de la Naci\u00f3n","og_description":"P\u00e1gina oficial de la Fiscal\u00eda General de la Naci\u00f3n \u2013 Colombia. Garantizamos el acceso efectivo a la justicia, la verdad y la reparaci\u00f3n de las v\u00edctimas de los delitos.","og_url":"https:\/\/www.fiscalia.gov.co\/colombia\/seccionales\/hernando-toro-parra-nuevo-director-de-la-unidad-especial-de-investigacion-para-el-desmantelamiento-de-organizaciones-criminales\/","og_site_name":"Fiscal\u00eda General de la Naci\u00f3n","article_publisher":"https:\/\/www.facebook.com\/FiscaliaCol","article_published_time":"2021-11-04T00:08:09+00:00","author":"Johanna Black Prieto Pe\u00f1a","twitter_card":"summary_large_image","twitter_creator":"@FiscaliaCol","twitter_site":"@FiscaliaCol","twitter_misc":{"Escrito por":"Johanna Black Prieto Pe\u00f1a","Tiempo de lectura":"2 minutos"},"schema":{"@context":"https:\/\/schema.org","@graph":[{"@type":"Article","@id":"https:\/\/www.fiscalia.gov.co\/colombia\/seccionales\/hernando-toro-parra-nuevo-director-de-la-unidad-especial-de-investigacion-para-el-desmantelamiento-de-organizaciones-criminales\/#article","isPartOf":{"@id":"https:\/\/www.fiscalia.gov.co\/colombia\/seccionales\/hernando-toro-parra-nuevo-director-de-la-unidad-especial-de-investigacion-para-el-desmantelamiento-de-organizaciones-criminales\/"},"author":{"name":"Johanna Black Prieto Pe\u00f1a","@id":"https:\/\/www.fiscalia.gov.co\/colombia\/#\/schema\/person\/b19b49f26569f91393176a2b3d13a0e5"},"headline":"Hernando Toro Parra, nuevo director de la Unidad Especial de Investigaci\u00f3n para el Desmantelamiento de Organizaciones Criminales","datePublished":"2021-11-04T00:08:09+00:00","dateModified":"2021-11-04T00:08:09+00:00","mainEntityOfPage":{"@id":"https:\/\/www.fiscalia.gov.co\/colombia\/seccionales\/hernando-toro-parra-nuevo-director-de-la-unidad-especial-de-investigacion-para-el-desmantelamiento-de-organizaciones-criminales\/"},"wordCount":353,"publisher":{"@id":"https:\/\/www.fiscalia.gov.co\/colombia\/#organization"},"keywords":["Fiscal Francisco Barbosa","Fiscal General Francisco Barbosa Delgado"],"articleSection":["Fiscal General de la Naci\u00f3n","Seccional Bogot\u00e1","Seccionales"],"inLanguage":"es-CO"},{"@type":"WebPage","@id":"https:\/\/www.fiscalia.gov.co\/colombia\/seccionales\/hernando-toro-parra-nuevo-director-de-la-unidad-especial-de-investigacion-para-el-desmantelamiento-de-organizaciones-criminales\/","url":"https:\/\/www.fiscalia.gov.co\/colombia\/seccionales\/hernando-toro-parra-nuevo-director-de-la-unidad-especial-de-investigacion-para-el-desmantelamiento-de-organizaciones-criminales\/","name":"Fiscal\u00eda General de la Naci\u00f3n","isPartOf":{"@id":"https:\/\/www.fiscalia.gov.co\/colombia\/#website"},"datePublished":"2021-11-04T00:08:09+00:00","dateModified":"2021-11-04T00:08:09+00:00","description":"P\u00e1gina oficial de la Fiscal\u00eda General de la Naci\u00f3n \u2013 Colombia. Garantizamos el acceso efectivo a la justicia, la verdad y la reparaci\u00f3n de las v\u00edctimas de los delitos.","breadcrumb":{"@id":"https:\/\/www.fiscalia.gov.co\/colombia\/seccionales\/hernando-toro-parra-nuevo-director-de-la-unidad-especial-de-investigacion-para-el-desmantelamiento-de-organizaciones-criminales\/#breadcrumb"},"inLanguage":"es-CO","potentialAction":[{"@type":"ReadAction","target":["https:\/\/www.fiscalia.gov.co\/colombia\/seccionales\/hernando-toro-parra-nuevo-director-de-la-unidad-especial-de-investigacion-para-el-desmantelamiento-de-organizaciones-criminales\/"]}]},{"@type":"BreadcrumbList","@id":"https:\/\/www.fiscalia.gov.co\/colombia\/seccionales\/hernando-toro-parra-nuevo-director-de-la-unidad-especial-de-investigacion-para-el-desmantelamiento-de-organizaciones-criminales\/#breadcrumb","itemListElement":[{"@type":"ListItem","position":1,"name":"Home","item":"https:\/\/www.fiscalia.gov.co\/colombia\/"},{"@type":"ListItem","position":2,"name":"Hernando Toro Parra, nuevo director de la Unidad Especial de Investigaci\u00f3n para el Desmantelamiento de Organizaciones Criminales"}]},{"@type":"WebSite","@id":"https:\/\/www.fiscalia.gov.co\/colombia\/#website","url":"https:\/\/www.fiscalia.gov.co\/colombia\/","name":"Fiscal\u00eda General de la Naci\u00f3n","description":"P\u00e1gina oficial de la Fiscal\u00eda General de la Naci\u00f3n \u2013 Colombia. Garantizamos el acceso efectivo a la justicia, la verdad y la reparaci\u00f3n de las v\u00edctimas de los delitos.","publisher":{"@id":"https:\/\/www.fiscalia.gov.co\/colombia\/#organization"},"potentialAction":[{"@type":"SearchAction","target":{"@type":"EntryPoint","urlTemplate":"https:\/\/www.fiscalia.gov.co\/colombia\/?s={search_term_string}"},"query-input":{"@type":"PropertyValueSpecification","valueRequired":true,"valueName":"search_term_string"}}],"inLanguage":"es-CO"},{"@type":"Organization","@id":"https:\/\/www.fiscalia.gov.co\/colombia\/#organization","name":"Fiscal\u00eda General de la Naci\u00f3n","url":"https:\/\/www.fiscalia.gov.co\/colombia\/","logo":{"@type":"ImageObject","inLanguage":"es-CO","@id":"https:\/\/www.fiscalia.gov.co\/colombia\/#\/schema\/logo\/image\/","url":"https:\/\/www.fiscalia.gov.co\/colombia\/wp-content\/uploads\/LogoHorizontal_1.jpg","contentUrl":"https:\/\/www.fiscalia.gov.co\/colombia\/wp-content\/uploads\/LogoHorizontal_1.jpg","width":300,"height":90,"caption":"Fiscal\u00eda General de la Naci\u00f3n"},"image":{"@id":"https:\/\/www.fiscalia.gov.co\/colombia\/#\/schema\/logo\/image\/"},"sameAs":["https:\/\/www.facebook.com\/FiscaliaCol","https:\/\/x.com\/FiscaliaCol","https:\/\/www.instagram.com\/fiscaliacol","https:\/\/www.linkedin.com\/company\/fiscalia-general-de-la-naci-n\/","https:\/\/youtube.com\/@fiscaliageneraldelanacion-4668?si=6nN79nyQICPU5iTh"]},{"@type":"Person","@id":"https:\/\/www.fiscalia.gov.co\/colombia\/#\/schema\/person\/b19b49f26569f91393176a2b3d13a0e5","name":"Johanna Black Prieto Pe\u00f1a","image":{"@type":"ImageObject","inLanguage":"es-CO","@id":"https:\/\/www.fiscalia.gov.co\/colombia\/#\/schema\/person\/image\/","url":"https:\/\/secure.gravatar.com\/avatar\/7f04518e1774335e76d761d76f04003e?s=96&d=mm&r=g","contentUrl":"https:\/\/secure.gravatar.com\/avatar\/7f04518e1774335e76d761d76f04003e?s=96&d=mm&r=g","caption":"Johanna Black Prieto Pe\u00f1a"},"url":"https:\/\/www.fiscalia.gov.co\/colombia\/author\/jprieto\/"}]}},"_links":{"self":[{"href":"https:\/\/www.fiscalia.gov.co\/colombia\/wp-json\/wp\/v2\/posts\/233858","targetHints":{"allow":["GET"]}}],"collection":[{"href":"https:\/\/www.fiscalia.gov.co\/colombia\/wp-json\/wp\/v2\/posts"}],"about":[{"href":"https:\/\/www.fiscalia.gov.co\/colombia\/wp-json\/wp\/v2\/types\/post"}],"author":[{"embeddable":true,"href":"https:\/\/www.fiscalia.gov.co\/colombia\/wp-json\/wp\/v2\/users\/176"}],"replies":[{"embeddable":true,"href":"https:\/\/www.fiscalia.gov.co\/colombia\/wp-json\/wp\/v2\/comments?post=233858"}],"version-history":[{"count":1,"href":"https:\/\/www.fiscalia.gov.co\/colombia\/wp-json\/wp\/v2\/posts\/233858\/revisions"}],"predecessor-version":[{"id":233859,"href":"https:\/\/www.fiscalia.gov.co\/colombia\/wp-json\/wp\/v2\/posts\/233858\/revisions\/233859"}],"wp:attachment":[{"href":"https:\/\/www.fiscalia.gov.co\/colombia\/wp-json\/wp\/v2\/media?parent=233858"}],"wp:term":[{"taxonomy":"category","embeddable":true,"href":"https:\/\/www.fiscalia.gov.co\/colombia\/wp-json\/wp\/v2\/categories?post=233858"},{"taxonomy":"post_tag","embeddable":true,"href":"https:\/\/www.fiscalia.gov.co\/colombia\/wp-json\/wp\/v2\/tags?post=233858"}],"curies":[{"name":"wp","href":"https:\/\/api.w.org\/{rel}","templated":true}]}}