{"id":233797,"date":"2021-11-03T13:06:52","date_gmt":"2021-11-03T18:06:52","guid":{"rendered":"https:\/\/www.fiscalia.gov.co\/colombia\/?p=233797"},"modified":"2021-11-03T13:06:52","modified_gmt":"2021-11-03T18:06:52","slug":"asegurados-11-presuntos-integrantes-de-un-grupo-delincuencial-dedicado-a-la-venta-de-alucinogenos","status":"publish","type":"post","link":"https:\/\/www.fiscalia.gov.co\/colombia\/noticias\/asegurados-11-presuntos-integrantes-de-un-grupo-delincuencial-dedicado-a-la-venta-de-alucinogenos\/","title":{"rendered":"Asegurados 11 presuntos integrantes de un grupo delincuencial, dedicado a la venta de alucin\u00f3genos\u00a0"},"content":{"rendered":"<div>Ante el juez Segundo Penal Municipal de control de garant\u00edas de Monter\u00eda, un fiscal de Estructura de Apoyo (EDA), judicializ\u00f3 a 11 personas por su presunta responsabilidad en el delito de tr\u00e1fico, fabricaci\u00f3n o porte de estupefacientes.<\/div>\n<div>\n<div lang=\"ES-CO\">\n<figure id=\"attachment_233798\" aria-describedby=\"caption-attachment-233798\" style=\"width: 1280px\" class=\"wp-caption alignnone\"><img loading=\"lazy\" decoding=\"async\" class=\"size-full wp-image-233798\" src=\"https:\/\/www.fiscalia.gov.co\/colombia\/wp-content\/uploads\/Foto-bolet\u00edn-3-de-noviembre-banda-tr\u00e1fico-de-estupefacientes.jpeg\" alt=\"\" width=\"1280\" height=\"535\" srcset=\"https:\/\/www.fiscalia.gov.co\/colombia\/wp-content\/uploads\/Foto-bolet\u00edn-3-de-noviembre-banda-tr\u00e1fico-de-estupefacientes.jpeg 1280w, https:\/\/www.fiscalia.gov.co\/colombia\/wp-content\/uploads\/Foto-bolet\u00edn-3-de-noviembre-banda-tr\u00e1fico-de-estupefacientes-300x125.jpeg 300w, https:\/\/www.fiscalia.gov.co\/colombia\/wp-content\/uploads\/Foto-bolet\u00edn-3-de-noviembre-banda-tr\u00e1fico-de-estupefacientes-1024x428.jpeg 1024w, https:\/\/www.fiscalia.gov.co\/colombia\/wp-content\/uploads\/Foto-bolet\u00edn-3-de-noviembre-banda-tr\u00e1fico-de-estupefacientes-768x321.jpeg 768w, https:\/\/www.fiscalia.gov.co\/colombia\/wp-content\/uploads\/Foto-bolet\u00edn-3-de-noviembre-banda-tr\u00e1fico-de-estupefacientes-696x291.jpeg 696w, https:\/\/www.fiscalia.gov.co\/colombia\/wp-content\/uploads\/Foto-bolet\u00edn-3-de-noviembre-banda-tr\u00e1fico-de-estupefacientes-1068x446.jpeg 1068w, https:\/\/www.fiscalia.gov.co\/colombia\/wp-content\/uploads\/Foto-bolet\u00edn-3-de-noviembre-banda-tr\u00e1fico-de-estupefacientes-1005x420.jpeg 1005w\" sizes=\"auto, (max-width: 1280px) 100vw, 1280px\" \/><figcaption id=\"caption-attachment-233798\" class=\"wp-caption-text\">Pie de fotos: Presuntos integrantes de una banda, dedicada a la venta de alucin\u00f3genos en Monter\u00eda (C\u00f3rdoba)<\/figcaption><\/figure>\n<p><span lang=\"ES-TRAD\">De acuerdo con las investigaciones adelantadas, se tuvo conocimiento de la existencia de un \u00a0Grupo de Delincuencia Com\u00fan Organizado (Gdco),\u00a0el cual estaba dedicado al tr\u00e1fico de estupefacientes en la modalidad de menudeo<\/span><span lang=\"ES-TRAD\">\u00a0en el barrio Nuevo Horizonte de Monter\u00eda (C\u00f3rdoba).\u00a0\u00a0<\/span><\/p>\n<p>&nbsp;<\/p>\n<p><span lang=\"ES-TRAD\">En nueve diligencias de allanamientos y registros en varios inmuebles, ubicados en el per\u00edmetro urbano de esa ciudad,\u00a0fueron capturados por la Polic\u00eda y el Ej\u00e9rcito Nacional:\u00a0Wilson Galet Rivero R\u00faa, Jader Antonio Esquivel Negrete, Frank David Herrera S\u00e1nchez,\u00a0<\/span>\u00a0Zamir de Jes\u00fas Pe\u00f1ata Mogrovejo, Maicol Jos\u00e9 Angulo Chima, Jorge Iv\u00e1n Mart\u00ednez Vel\u00e1squez, John Ariel Montalvo Rehenals, Sebasti\u00e1n de Jes\u00fas Cano Bernal, Elkin Antonio Vergara Hern\u00e1ndez, Jos\u00e9 Daniel M\u00f3relo P\u00e9rez y Dina Paola Buelvas Morales.<\/p>\n<p>Durante las audiencias concentras el juez privo de la libertad en establecimiento carcelario a tres de los procesados, mientras que los otros fueron afectados con medida domiciliaria.<\/p>\n<p>La Fiscal\u00eda hace p\u00fablica la informaci\u00f3n por considerarla de inter\u00e9s general.<\/p>\n<p>&nbsp;<\/p>\n<p>MEVA\/MG\/MP<\/p>\n<p>&nbsp;<\/p>\n<p><em><span lang=\"ES\">La informaci\u00f3n contenida en este bolet\u00edn de prensa corresponde a la narraci\u00f3n de los hechos noticiosos objetivos, suministrados por los funcionarios encargados de adelantar las investigaciones penales al interior de la Fiscal\u00eda General de la Naci\u00f3n. Para el momento de la divulgaci\u00f3n de este comunicado, la situaci\u00f3n jur\u00eddica de la(s) persona(s) relacionada(s) se encuentra pendiente de resolver por la autoridad judicial competente, siempre bajo los preceptos de la presunci\u00f3n de inocencia, consagrados en el art\u00edculo 29 de la Constituci\u00f3n Pol\u00edtica y el art\u00edculo 7\u00ba de la Ley 906 de 2004.<\/span><\/em><\/p>\n<p><em><span lang=\"ES\">\u00a0<\/span><\/em><em><b><span lang=\"ES\">Le puede interesar:<\/span><\/b><\/em><\/p>\n<p><a href=\"https:\/\/www.fiscalia.gov.co\/colombia\/noticias\/desarticulada-banda-los-hermosos-dedicada-al-trafico-de-estupefacientes\/\" target=\"_blank\" rel=\"noopener noreferrer\" data-saferedirecturl=\"https:\/\/www.google.com\/url?q=https:\/\/www.fiscalia.gov.co\/colombia\/noticias\/desarticulada-banda-los-hermosos-dedicada-al-trafico-de-estupefacientes\/&amp;source=gmail&amp;ust=1636048940249000&amp;usg=AOvVaw1UXW-9pHghjnRFza0aYGvj\">Desarticulada banda Los Hermosos dedicada al tr\u00e1fico de estupefacientes<\/a><\/p>\n<p><a href=\"https:\/\/www.fiscalia.gov.co\/colombia\/noticias\/impactada-estructura-delincuencial-los-calentura-por-trafico-de-estupefacientes-al-norte-del-tolima\/\" target=\"_blank\" rel=\"noopener noreferrer\" data-saferedirecturl=\"https:\/\/www.google.com\/url?q=https:\/\/www.fiscalia.gov.co\/colombia\/noticias\/impactada-estructura-delincuencial-los-calentura-por-trafico-de-estupefacientes-al-norte-del-tolima\/&amp;source=gmail&amp;ust=1636048940249000&amp;usg=AOvVaw3of7xlIMujP9PUegdAuW6Y\">Impactada estructura delincuencial Los Calentura, por tr\u00e1fico de estupefacientes al norte del Tolima<\/a><\/p>\n<\/div>\n<\/div>\n\n<div class=\"twitter-share\"><a href=\"https:\/\/twitter.com\/intent\/tweet?via=fiscaliacol\" class=\"twitter-share-button\">Tweet<\/a><\/div>\n","protected":false},"excerpt":{"rendered":"<p>Ante el juez Segundo Penal Municipal de control de garant\u00edas de Monter\u00eda, un fiscal de Estructura de Apoyo (EDA), judicializ\u00f3 a 11 personas por su presunta responsabilidad en el delito de tr\u00e1fico, fabricaci\u00f3n o porte de estupefacientes. De acuerdo con las investigaciones adelantadas, se tuvo conocimiento de la existencia de un \u00a0Grupo de Delincuencia Com\u00fan [&hellip;]<\/p>\n","protected":false},"author":176,"featured_media":0,"comment_status":"closed","ping_status":"open","sticky":false,"template":"","format":"standard","meta":{"tdm_status":"","tdm_grid_status":"","footnotes":""},"categories":[1,332,303],"tags":[5231,29339,24187,1047,155],"class_list":{"0":"post-233797","1":"post","2":"type-post","3":"status-publish","4":"format-standard","6":"category-noticias","7":"category-seccional-monteria","8":"category-seccionales","9":"tag-bandas","10":"tag-desarticulan","11":"tag-fiscalia-colombia","12":"tag-fiscalia-general-de-la-nacion","13":"tag-trafico-de-estupefacientes"},"yoast_head":"<!-- This site is optimized with the Yoast SEO plugin v24.3 - https:\/\/yoast.com\/wordpress\/plugins\/seo\/ -->\n<title>Fiscal\u00eda General de la Naci\u00f3n<\/title>\n<meta name=\"description\" content=\"P\u00e1gina oficial de la Fiscal\u00eda General de la Naci\u00f3n \u2013 Colombia. Garantizamos el acceso efectivo a la justicia, la verdad y la reparaci\u00f3n de las v\u00edctimas de los delitos.\" \/>\n<meta name=\"robots\" content=\"noindex, follow\" \/>\n<meta property=\"og:locale\" content=\"es_ES\" \/>\n<meta property=\"og:type\" content=\"article\" \/>\n<meta property=\"og:title\" content=\"Fiscal\u00eda General de la Naci\u00f3n\" \/>\n<meta property=\"og:description\" content=\"P\u00e1gina oficial de la Fiscal\u00eda General de la Naci\u00f3n \u2013 Colombia. Garantizamos el acceso efectivo a la justicia, la verdad y la reparaci\u00f3n de las v\u00edctimas de los delitos.\" \/>\n<meta property=\"og:url\" content=\"https:\/\/www.fiscalia.gov.co\/colombia\/noticias\/asegurados-11-presuntos-integrantes-de-un-grupo-delincuencial-dedicado-a-la-venta-de-alucinogenos\/\" \/>\n<meta property=\"og:site_name\" content=\"Fiscal\u00eda General de la Naci\u00f3n\" \/>\n<meta property=\"article:publisher\" content=\"https:\/\/www.facebook.com\/FiscaliaCol\" \/>\n<meta property=\"article:published_time\" content=\"2021-11-03T18:06:52+00:00\" \/>\n<meta name=\"author\" content=\"Johanna Black Prieto Pe\u00f1a\" \/>\n<meta name=\"twitter:card\" content=\"summary_large_image\" \/>\n<meta name=\"twitter:creator\" content=\"@FiscaliaCol\" \/>\n<meta name=\"twitter:site\" content=\"@FiscaliaCol\" \/>\n<meta name=\"twitter:label1\" content=\"Escrito por\" \/>\n\t<meta name=\"twitter:data1\" content=\"Johanna Black Prieto Pe\u00f1a\" \/>\n\t<meta name=\"twitter:label2\" content=\"Tiempo de lectura\" \/>\n\t<meta name=\"twitter:data2\" content=\"2 minutos\" \/>\n<script type=\"application\/ld+json\" class=\"yoast-schema-graph\">{\"@context\":\"https:\/\/schema.org\",\"@graph\":[{\"@type\":\"Article\",\"@id\":\"https:\/\/www.fiscalia.gov.co\/colombia\/noticias\/asegurados-11-presuntos-integrantes-de-un-grupo-delincuencial-dedicado-a-la-venta-de-alucinogenos\/#article\",\"isPartOf\":{\"@id\":\"https:\/\/www.fiscalia.gov.co\/colombia\/noticias\/asegurados-11-presuntos-integrantes-de-un-grupo-delincuencial-dedicado-a-la-venta-de-alucinogenos\/\"},\"author\":{\"name\":\"Johanna Black Prieto Pe\u00f1a\",\"@id\":\"https:\/\/www.fiscalia.gov.co\/colombia\/#\/schema\/person\/b19b49f26569f91393176a2b3d13a0e5\"},\"headline\":\"Asegurados 11 presuntos integrantes de un grupo delincuencial, dedicado a la venta de alucin\u00f3genos\u00a0\",\"datePublished\":\"2021-11-03T18:06:52+00:00\",\"dateModified\":\"2021-11-03T18:06:52+00:00\",\"mainEntityOfPage\":{\"@id\":\"https:\/\/www.fiscalia.gov.co\/colombia\/noticias\/asegurados-11-presuntos-integrantes-de-un-grupo-delincuencial-dedicado-a-la-venta-de-alucinogenos\/\"},\"wordCount\":392,\"publisher\":{\"@id\":\"https:\/\/www.fiscalia.gov.co\/colombia\/#organization\"},\"keywords\":[\"Bandas\",\"desarticulan\",\"Fiscal\u00eda Colombia\",\"Fiscal\u00eda General de la Naci\u00f3n\",\"Tr\u00e1fico de estupefacientes\"],\"articleSection\":[\"Noticias\",\"Seccional Monter\u00eda\",\"Seccionales\"],\"inLanguage\":\"es-CO\"},{\"@type\":\"WebPage\",\"@id\":\"https:\/\/www.fiscalia.gov.co\/colombia\/noticias\/asegurados-11-presuntos-integrantes-de-un-grupo-delincuencial-dedicado-a-la-venta-de-alucinogenos\/\",\"url\":\"https:\/\/www.fiscalia.gov.co\/colombia\/noticias\/asegurados-11-presuntos-integrantes-de-un-grupo-delincuencial-dedicado-a-la-venta-de-alucinogenos\/\",\"name\":\"Fiscal\u00eda General de la Naci\u00f3n\",\"isPartOf\":{\"@id\":\"https:\/\/www.fiscalia.gov.co\/colombia\/#website\"},\"datePublished\":\"2021-11-03T18:06:52+00:00\",\"dateModified\":\"2021-11-03T18:06:52+00:00\",\"description\":\"P\u00e1gina oficial de la Fiscal\u00eda General de la Naci\u00f3n \u2013 Colombia. Garantizamos el acceso efectivo a la justicia, la verdad y la reparaci\u00f3n de las v\u00edctimas de los delitos.\",\"breadcrumb\":{\"@id\":\"https:\/\/www.fiscalia.gov.co\/colombia\/noticias\/asegurados-11-presuntos-integrantes-de-un-grupo-delincuencial-dedicado-a-la-venta-de-alucinogenos\/#breadcrumb\"},\"inLanguage\":\"es-CO\",\"potentialAction\":[{\"@type\":\"ReadAction\",\"target\":[\"https:\/\/www.fiscalia.gov.co\/colombia\/noticias\/asegurados-11-presuntos-integrantes-de-un-grupo-delincuencial-dedicado-a-la-venta-de-alucinogenos\/\"]}]},{\"@type\":\"BreadcrumbList\",\"@id\":\"https:\/\/www.fiscalia.gov.co\/colombia\/noticias\/asegurados-11-presuntos-integrantes-de-un-grupo-delincuencial-dedicado-a-la-venta-de-alucinogenos\/#breadcrumb\",\"itemListElement\":[{\"@type\":\"ListItem\",\"position\":1,\"name\":\"Home\",\"item\":\"https:\/\/www.fiscalia.gov.co\/colombia\/\"},{\"@type\":\"ListItem\",\"position\":2,\"name\":\"Asegurados 11 presuntos integrantes de un grupo delincuencial, dedicado a la venta de alucin\u00f3genos\u00a0\"}]},{\"@type\":\"WebSite\",\"@id\":\"https:\/\/www.fiscalia.gov.co\/colombia\/#website\",\"url\":\"https:\/\/www.fiscalia.gov.co\/colombia\/\",\"name\":\"Fiscal\u00eda General de la Naci\u00f3n\",\"description\":\"P\u00e1gina oficial de la Fiscal\u00eda General de la Naci\u00f3n \u2013 Colombia. Garantizamos el acceso efectivo a la justicia, la verdad y la reparaci\u00f3n de las v\u00edctimas de los delitos.\",\"publisher\":{\"@id\":\"https:\/\/www.fiscalia.gov.co\/colombia\/#organization\"},\"potentialAction\":[{\"@type\":\"SearchAction\",\"target\":{\"@type\":\"EntryPoint\",\"urlTemplate\":\"https:\/\/www.fiscalia.gov.co\/colombia\/?s={search_term_string}\"},\"query-input\":{\"@type\":\"PropertyValueSpecification\",\"valueRequired\":true,\"valueName\":\"search_term_string\"}}],\"inLanguage\":\"es-CO\"},{\"@type\":\"Organization\",\"@id\":\"https:\/\/www.fiscalia.gov.co\/colombia\/#organization\",\"name\":\"Fiscal\u00eda General de la Naci\u00f3n\",\"url\":\"https:\/\/www.fiscalia.gov.co\/colombia\/\",\"logo\":{\"@type\":\"ImageObject\",\"inLanguage\":\"es-CO\",\"@id\":\"https:\/\/www.fiscalia.gov.co\/colombia\/#\/schema\/logo\/image\/\",\"url\":\"https:\/\/www.fiscalia.gov.co\/colombia\/wp-content\/uploads\/LogoHorizontal_1.jpg\",\"contentUrl\":\"https:\/\/www.fiscalia.gov.co\/colombia\/wp-content\/uploads\/LogoHorizontal_1.jpg\",\"width\":300,\"height\":90,\"caption\":\"Fiscal\u00eda General de la Naci\u00f3n\"},\"image\":{\"@id\":\"https:\/\/www.fiscalia.gov.co\/colombia\/#\/schema\/logo\/image\/\"},\"sameAs\":[\"https:\/\/www.facebook.com\/FiscaliaCol\",\"https:\/\/x.com\/FiscaliaCol\",\"https:\/\/www.instagram.com\/fiscaliacol\",\"https:\/\/www.linkedin.com\/company\/fiscalia-general-de-la-naci-n\/\",\"https:\/\/youtube.com\/@fiscaliageneraldelanacion-4668?si=6nN79nyQICPU5iTh\"]},{\"@type\":\"Person\",\"@id\":\"https:\/\/www.fiscalia.gov.co\/colombia\/#\/schema\/person\/b19b49f26569f91393176a2b3d13a0e5\",\"name\":\"Johanna Black Prieto Pe\u00f1a\",\"image\":{\"@type\":\"ImageObject\",\"inLanguage\":\"es-CO\",\"@id\":\"https:\/\/www.fiscalia.gov.co\/colombia\/#\/schema\/person\/image\/\",\"url\":\"https:\/\/secure.gravatar.com\/avatar\/7f04518e1774335e76d761d76f04003e?s=96&d=mm&r=g\",\"contentUrl\":\"https:\/\/secure.gravatar.com\/avatar\/7f04518e1774335e76d761d76f04003e?s=96&d=mm&r=g\",\"caption\":\"Johanna Black Prieto Pe\u00f1a\"},\"url\":\"https:\/\/www.fiscalia.gov.co\/colombia\/author\/jprieto\/\"}]}<\/script>\n<!-- \/ Yoast SEO plugin. -->","yoast_head_json":{"title":"Fiscal\u00eda General de la Naci\u00f3n","description":"P\u00e1gina oficial de la Fiscal\u00eda General de la Naci\u00f3n \u2013 Colombia. Garantizamos el acceso efectivo a la justicia, la verdad y la reparaci\u00f3n de las v\u00edctimas de los delitos.","robots":{"index":"noindex","follow":"follow"},"og_locale":"es_ES","og_type":"article","og_title":"Fiscal\u00eda General de la Naci\u00f3n","og_description":"P\u00e1gina oficial de la Fiscal\u00eda General de la Naci\u00f3n \u2013 Colombia. Garantizamos el acceso efectivo a la justicia, la verdad y la reparaci\u00f3n de las v\u00edctimas de los delitos.","og_url":"https:\/\/www.fiscalia.gov.co\/colombia\/noticias\/asegurados-11-presuntos-integrantes-de-un-grupo-delincuencial-dedicado-a-la-venta-de-alucinogenos\/","og_site_name":"Fiscal\u00eda General de la Naci\u00f3n","article_publisher":"https:\/\/www.facebook.com\/FiscaliaCol","article_published_time":"2021-11-03T18:06:52+00:00","author":"Johanna Black Prieto Pe\u00f1a","twitter_card":"summary_large_image","twitter_creator":"@FiscaliaCol","twitter_site":"@FiscaliaCol","twitter_misc":{"Escrito por":"Johanna Black Prieto Pe\u00f1a","Tiempo de lectura":"2 minutos"},"schema":{"@context":"https:\/\/schema.org","@graph":[{"@type":"Article","@id":"https:\/\/www.fiscalia.gov.co\/colombia\/noticias\/asegurados-11-presuntos-integrantes-de-un-grupo-delincuencial-dedicado-a-la-venta-de-alucinogenos\/#article","isPartOf":{"@id":"https:\/\/www.fiscalia.gov.co\/colombia\/noticias\/asegurados-11-presuntos-integrantes-de-un-grupo-delincuencial-dedicado-a-la-venta-de-alucinogenos\/"},"author":{"name":"Johanna Black Prieto Pe\u00f1a","@id":"https:\/\/www.fiscalia.gov.co\/colombia\/#\/schema\/person\/b19b49f26569f91393176a2b3d13a0e5"},"headline":"Asegurados 11 presuntos integrantes de un grupo delincuencial, dedicado a la venta de alucin\u00f3genos\u00a0","datePublished":"2021-11-03T18:06:52+00:00","dateModified":"2021-11-03T18:06:52+00:00","mainEntityOfPage":{"@id":"https:\/\/www.fiscalia.gov.co\/colombia\/noticias\/asegurados-11-presuntos-integrantes-de-un-grupo-delincuencial-dedicado-a-la-venta-de-alucinogenos\/"},"wordCount":392,"publisher":{"@id":"https:\/\/www.fiscalia.gov.co\/colombia\/#organization"},"keywords":["Bandas","desarticulan","Fiscal\u00eda Colombia","Fiscal\u00eda General de la Naci\u00f3n","Tr\u00e1fico de estupefacientes"],"articleSection":["Noticias","Seccional Monter\u00eda","Seccionales"],"inLanguage":"es-CO"},{"@type":"WebPage","@id":"https:\/\/www.fiscalia.gov.co\/colombia\/noticias\/asegurados-11-presuntos-integrantes-de-un-grupo-delincuencial-dedicado-a-la-venta-de-alucinogenos\/","url":"https:\/\/www.fiscalia.gov.co\/colombia\/noticias\/asegurados-11-presuntos-integrantes-de-un-grupo-delincuencial-dedicado-a-la-venta-de-alucinogenos\/","name":"Fiscal\u00eda General de la Naci\u00f3n","isPartOf":{"@id":"https:\/\/www.fiscalia.gov.co\/colombia\/#website"},"datePublished":"2021-11-03T18:06:52+00:00","dateModified":"2021-11-03T18:06:52+00:00","description":"P\u00e1gina oficial de la Fiscal\u00eda General de la Naci\u00f3n \u2013 Colombia. Garantizamos el acceso efectivo a la justicia, la verdad y la reparaci\u00f3n de las v\u00edctimas de los delitos.","breadcrumb":{"@id":"https:\/\/www.fiscalia.gov.co\/colombia\/noticias\/asegurados-11-presuntos-integrantes-de-un-grupo-delincuencial-dedicado-a-la-venta-de-alucinogenos\/#breadcrumb"},"inLanguage":"es-CO","potentialAction":[{"@type":"ReadAction","target":["https:\/\/www.fiscalia.gov.co\/colombia\/noticias\/asegurados-11-presuntos-integrantes-de-un-grupo-delincuencial-dedicado-a-la-venta-de-alucinogenos\/"]}]},{"@type":"BreadcrumbList","@id":"https:\/\/www.fiscalia.gov.co\/colombia\/noticias\/asegurados-11-presuntos-integrantes-de-un-grupo-delincuencial-dedicado-a-la-venta-de-alucinogenos\/#breadcrumb","itemListElement":[{"@type":"ListItem","position":1,"name":"Home","item":"https:\/\/www.fiscalia.gov.co\/colombia\/"},{"@type":"ListItem","position":2,"name":"Asegurados 11 presuntos integrantes de un grupo delincuencial, dedicado a la venta de alucin\u00f3genos\u00a0"}]},{"@type":"WebSite","@id":"https:\/\/www.fiscalia.gov.co\/colombia\/#website","url":"https:\/\/www.fiscalia.gov.co\/colombia\/","name":"Fiscal\u00eda General de la Naci\u00f3n","description":"P\u00e1gina oficial de la Fiscal\u00eda General de la Naci\u00f3n \u2013 Colombia. Garantizamos el acceso efectivo a la justicia, la verdad y la reparaci\u00f3n de las v\u00edctimas de los delitos.","publisher":{"@id":"https:\/\/www.fiscalia.gov.co\/colombia\/#organization"},"potentialAction":[{"@type":"SearchAction","target":{"@type":"EntryPoint","urlTemplate":"https:\/\/www.fiscalia.gov.co\/colombia\/?s={search_term_string}"},"query-input":{"@type":"PropertyValueSpecification","valueRequired":true,"valueName":"search_term_string"}}],"inLanguage":"es-CO"},{"@type":"Organization","@id":"https:\/\/www.fiscalia.gov.co\/colombia\/#organization","name":"Fiscal\u00eda General de la Naci\u00f3n","url":"https:\/\/www.fiscalia.gov.co\/colombia\/","logo":{"@type":"ImageObject","inLanguage":"es-CO","@id":"https:\/\/www.fiscalia.gov.co\/colombia\/#\/schema\/logo\/image\/","url":"https:\/\/www.fiscalia.gov.co\/colombia\/wp-content\/uploads\/LogoHorizontal_1.jpg","contentUrl":"https:\/\/www.fiscalia.gov.co\/colombia\/wp-content\/uploads\/LogoHorizontal_1.jpg","width":300,"height":90,"caption":"Fiscal\u00eda General de la Naci\u00f3n"},"image":{"@id":"https:\/\/www.fiscalia.gov.co\/colombia\/#\/schema\/logo\/image\/"},"sameAs":["https:\/\/www.facebook.com\/FiscaliaCol","https:\/\/x.com\/FiscaliaCol","https:\/\/www.instagram.com\/fiscaliacol","https:\/\/www.linkedin.com\/company\/fiscalia-general-de-la-naci-n\/","https:\/\/youtube.com\/@fiscaliageneraldelanacion-4668?si=6nN79nyQICPU5iTh"]},{"@type":"Person","@id":"https:\/\/www.fiscalia.gov.co\/colombia\/#\/schema\/person\/b19b49f26569f91393176a2b3d13a0e5","name":"Johanna Black Prieto Pe\u00f1a","image":{"@type":"ImageObject","inLanguage":"es-CO","@id":"https:\/\/www.fiscalia.gov.co\/colombia\/#\/schema\/person\/image\/","url":"https:\/\/secure.gravatar.com\/avatar\/7f04518e1774335e76d761d76f04003e?s=96&d=mm&r=g","contentUrl":"https:\/\/secure.gravatar.com\/avatar\/7f04518e1774335e76d761d76f04003e?s=96&d=mm&r=g","caption":"Johanna Black Prieto Pe\u00f1a"},"url":"https:\/\/www.fiscalia.gov.co\/colombia\/author\/jprieto\/"}]}},"_links":{"self":[{"href":"https:\/\/www.fiscalia.gov.co\/colombia\/wp-json\/wp\/v2\/posts\/233797","targetHints":{"allow":["GET"]}}],"collection":[{"href":"https:\/\/www.fiscalia.gov.co\/colombia\/wp-json\/wp\/v2\/posts"}],"about":[{"href":"https:\/\/www.fiscalia.gov.co\/colombia\/wp-json\/wp\/v2\/types\/post"}],"author":[{"embeddable":true,"href":"https:\/\/www.fiscalia.gov.co\/colombia\/wp-json\/wp\/v2\/users\/176"}],"replies":[{"embeddable":true,"href":"https:\/\/www.fiscalia.gov.co\/colombia\/wp-json\/wp\/v2\/comments?post=233797"}],"version-history":[{"count":1,"href":"https:\/\/www.fiscalia.gov.co\/colombia\/wp-json\/wp\/v2\/posts\/233797\/revisions"}],"predecessor-version":[{"id":233799,"href":"https:\/\/www.fiscalia.gov.co\/colombia\/wp-json\/wp\/v2\/posts\/233797\/revisions\/233799"}],"wp:attachment":[{"href":"https:\/\/www.fiscalia.gov.co\/colombia\/wp-json\/wp\/v2\/media?parent=233797"}],"wp:term":[{"taxonomy":"category","embeddable":true,"href":"https:\/\/www.fiscalia.gov.co\/colombia\/wp-json\/wp\/v2\/categories?post=233797"},{"taxonomy":"post_tag","embeddable":true,"href":"https:\/\/www.fiscalia.gov.co\/colombia\/wp-json\/wp\/v2\/tags?post=233797"}],"curies":[{"name":"wp","href":"https:\/\/api.w.org\/{rel}","templated":true}]}}