{"id":233655,"date":"2021-11-02T12:10:32","date_gmt":"2021-11-02T17:10:32","guid":{"rendered":"https:\/\/www.fiscalia.gov.co\/colombia\/?p=233655"},"modified":"2021-11-10T16:56:11","modified_gmt":"2021-11-10T21:56:11","slug":"cae-en-barranquilla-alias-el-caspi-presunto-integrante-de-los-rastrojos-costenos","status":"publish","type":"post","link":"https:\/\/www.fiscalia.gov.co\/colombia\/noticias\/cae-en-barranquilla-alias-el-caspi-presunto-integrante-de-los-rastrojos-costenos\/","title":{"rendered":"Cae en Barranquilla alias el Caspi, presunto integrante de Los Rastrojos Coste\u00f1os\u00a0"},"content":{"rendered":"<h4><strong><i>Este hombre se encontraba en el cartel de los hombres m\u00e1s buscados de Atl\u00e1ntico.\u00a0<\/i><\/strong><\/h4>\n<div>\n<div dir=\"ltr\">\n<p>El trabajo articulado de la\u00a0<b>Fiscal\u00eda General de la Naci\u00f3n y la Polic\u00eda Metropolitana de Barranquilla<\/b>\u00a0permiti\u00f3 la judicializaci\u00f3n de<b>\u00a0Orlando Manuel P\u00e9rez Coronado, alias el Caspi<\/b>, quien figura como uno de los hombres m\u00e1s buscados de Atl\u00e1ntico, como presunto integrante del grupo delincuencial organizado\u00a0<b>Los Rastrojos Coste\u00f1os<\/b>, aparentemente implicado en extorsi\u00f3n, homicidios y hurtos en ese departamento.<\/p>\n<figure id=\"attachment_233656\" aria-describedby=\"caption-attachment-233656\" style=\"width: 1280px\" class=\"wp-caption alignnone\"><img loading=\"lazy\" decoding=\"async\" class=\"size-full wp-image-233656\" src=\"https:\/\/www.fiscalia.gov.co\/colombia\/wp-content\/uploads\/Orlando-Manuel-P\u00e9rez-Coronado-alias-el-Caspi-quien-figura-como-uno-de-los-hombres-m\u00e1s-buscados-de-Atl\u00e1ntico-como-presunto-integrante-del-grupo-delincuencial-organizado-Los-Rastrojos-Coste\u00f1os.jpeg\" alt=\"\" width=\"1280\" height=\"960\" srcset=\"https:\/\/www.fiscalia.gov.co\/colombia\/wp-content\/uploads\/Orlando-Manuel-P\u00e9rez-Coronado-alias-el-Caspi-quien-figura-como-uno-de-los-hombres-m\u00e1s-buscados-de-Atl\u00e1ntico-como-presunto-integrante-del-grupo-delincuencial-organizado-Los-Rastrojos-Coste\u00f1os.jpeg 1280w, https:\/\/www.fiscalia.gov.co\/colombia\/wp-content\/uploads\/Orlando-Manuel-P\u00e9rez-Coronado-alias-el-Caspi-quien-figura-como-uno-de-los-hombres-m\u00e1s-buscados-de-Atl\u00e1ntico-como-presunto-integrante-del-grupo-delincuencial-organizado-Los-Rastrojos-Coste\u00f1os-300x225.jpeg 300w, https:\/\/www.fiscalia.gov.co\/colombia\/wp-content\/uploads\/Orlando-Manuel-P\u00e9rez-Coronado-alias-el-Caspi-quien-figura-como-uno-de-los-hombres-m\u00e1s-buscados-de-Atl\u00e1ntico-como-presunto-integrante-del-grupo-delincuencial-organizado-Los-Rastrojos-Coste\u00f1os-1024x768.jpeg 1024w, https:\/\/www.fiscalia.gov.co\/colombia\/wp-content\/uploads\/Orlando-Manuel-P\u00e9rez-Coronado-alias-el-Caspi-quien-figura-como-uno-de-los-hombres-m\u00e1s-buscados-de-Atl\u00e1ntico-como-presunto-integrante-del-grupo-delincuencial-organizado-Los-Rastrojos-Coste\u00f1os-768x576.jpeg 768w, https:\/\/www.fiscalia.gov.co\/colombia\/wp-content\/uploads\/Orlando-Manuel-P\u00e9rez-Coronado-alias-el-Caspi-quien-figura-como-uno-de-los-hombres-m\u00e1s-buscados-de-Atl\u00e1ntico-como-presunto-integrante-del-grupo-delincuencial-organizado-Los-Rastrojos-Coste\u00f1os-696x522.jpeg 696w, https:\/\/www.fiscalia.gov.co\/colombia\/wp-content\/uploads\/Orlando-Manuel-P\u00e9rez-Coronado-alias-el-Caspi-quien-figura-como-uno-de-los-hombres-m\u00e1s-buscados-de-Atl\u00e1ntico-como-presunto-integrante-del-grupo-delincuencial-organizado-Los-Rastrojos-Coste\u00f1os-1068x801.jpeg 1068w, https:\/\/www.fiscalia.gov.co\/colombia\/wp-content\/uploads\/Orlando-Manuel-P\u00e9rez-Coronado-alias-el-Caspi-quien-figura-como-uno-de-los-hombres-m\u00e1s-buscados-de-Atl\u00e1ntico-como-presunto-integrante-del-grupo-delincuencial-organizado-Los-Rastrojos-Coste\u00f1os-560x420.jpeg 560w, https:\/\/www.fiscalia.gov.co\/colombia\/wp-content\/uploads\/Orlando-Manuel-P\u00e9rez-Coronado-alias-el-Caspi-quien-figura-como-uno-de-los-hombres-m\u00e1s-buscados-de-Atl\u00e1ntico-como-presunto-integrante-del-grupo-delincuencial-organizado-Los-Rastrojos-Coste\u00f1os-80x60.jpeg 80w, https:\/\/www.fiscalia.gov.co\/colombia\/wp-content\/uploads\/Orlando-Manuel-P\u00e9rez-Coronado-alias-el-Caspi-quien-figura-como-uno-de-los-hombres-m\u00e1s-buscados-de-Atl\u00e1ntico-como-presunto-integrante-del-grupo-delincuencial-organizado-Los-Rastrojos-Coste\u00f1os-265x198.jpeg 265w\" sizes=\"auto, (max-width: 1280px) 100vw, 1280px\" \/><figcaption id=\"caption-attachment-233656\" class=\"wp-caption-text\">Orlando Manuel P\u00e9rez Coronado, alias el Caspi, quien figura como uno de los hombres m\u00e1s buscados de Atl\u00e1ntico, ser\u00eda integrante del grupo delincuencial organizado\u00a0Los Rastrojos Coste\u00f1os.<\/figcaption><\/figure>\n<p><b>Alias el Caspi<\/b>,\u00a0de 22 a\u00f1os, fue capturado en flagrancia el 27 de octubre \u00faltimo, por unidades de la Polic\u00eda Nacional durante una diligencia de allanamiento a un inmueble ubicado en el barrio Cachimbero de Soledad (Atl\u00e1ntico). Las autoridades le hallaron un arma de fuego calibre 38.<\/p>\n<p>Seg\u00fan la investigaci\u00f3n liderada por una\u00a0<b>fiscal de Unidad Especializada Delegada ante el Gaula Polic\u00eda<\/b>, P\u00e9rez Coronado vendr\u00eda recibiendo \u00f3rdenes de\u00a0<b>Diego Andr\u00e9s P\u00e9rez Coronado, alias Dieguito<\/b>\u00a0y\u00a0<b>Ober Ricardo Mart\u00ednez Guti\u00e9rrez alias, el Negro Ober<\/b>, judicializados recientemente.<\/p>\n<p>La Fiscal\u00eda General de la Naci\u00f3n imput\u00f3 al procesado el cargo de\u00a0<a href=\"https:\/\/www.fiscalia.gov.co\/colombia\/noticias\/fiscalia-logra-nueva-medida-de-aseguramiento-contra-alias-pepa-por-el-delito-de-homicidio-agravado-en-zona-metropolitana-de-cucuta\/\" target=\"_blank\" rel=\"noopener noreferrer\" data-saferedirecturl=\"https:\/\/www.google.com\/url?q=https:\/\/www.fiscalia.gov.co\/colombia\/noticias\/fiscalia-logra-nueva-medida-de-aseguramiento-contra-alias-pepa-por-el-delito-de-homicidio-agravado-en-zona-metropolitana-de-cucuta\/&amp;source=gmail&amp;ust=1635958022483000&amp;usg=AOvVaw3WChFdPUYzxTrmqDlyKiBe\">tr\u00e1fico, fabricaci\u00f3n y porte de armas de fuego y\/o municiones<\/a>, delito que no acept\u00f3 en desarrollo de las audiencias preliminares.<\/p>\n<p>Por decisi\u00f3n del Juzgado 12 Penal con funciones de control de garant\u00edas de la capital atlanticense, el procesado qued\u00f3 con medida de aseguramiento intramuros, tal como lo solicit\u00f3 la fiscal.<\/p>\n<p>La Fiscal\u00eda General de la Naci\u00f3n habla con resultados.<\/p>\n<p>SKCR\/DLBM\/CLTM\/DMNF<\/p>\n<p><i><span lang=\"ES\">La informaci\u00f3n contenida en este bolet\u00edn de prensa corresponde a la narraci\u00f3n de los hechos noticiosos objetivos, suministrados por los funcionarios encargados de adelantar las investigaciones penales al interior de la Fiscal\u00eda General de la Naci\u00f3n. Para el momento de la divulgaci\u00f3n de este comunicado, la situaci\u00f3n jur\u00eddica de la(s) persona(s) relacionada(s) se encuentra pendiente de resolver por la autoridad judicial competente, siempre bajo los preceptos de la presunci\u00f3n de inocencia, consagrados en el art\u00edculo 29 de la Constituci\u00f3n Pol\u00edtica y el art\u00edculo 7\u00ba de la Ley 906 de 2004.\u00a0<\/span><\/i><\/p>\n<\/div>\n<\/div>\n\n<div class=\"twitter-share\"><a href=\"https:\/\/twitter.com\/intent\/tweet?via=fiscaliacol\" class=\"twitter-share-button\">Tweet<\/a><\/div>\n","protected":false},"excerpt":{"rendered":"<p>Este hombre se encontraba en el cartel de los hombres m\u00e1s buscados de Atl\u00e1ntico.\u00a0 El trabajo articulado de la\u00a0Fiscal\u00eda General de la Naci\u00f3n y la Polic\u00eda Metropolitana de Barranquilla\u00a0permiti\u00f3 la judicializaci\u00f3n de\u00a0Orlando Manuel P\u00e9rez Coronado, alias el Caspi, quien figura como uno de los hombres m\u00e1s buscados de Atl\u00e1ntico, como presunto integrante del grupo delincuencial [&hellip;]<\/p>\n","protected":false},"author":176,"featured_media":234513,"comment_status":"closed","ping_status":"open","sticky":false,"template":"","format":"video","meta":{"tdm_status":"","tdm_grid_status":"","footnotes":""},"categories":[1,320,303,24099],"tags":[24189,24526],"class_list":{"0":"post-233655","1":"post","2":"type-post","3":"status-publish","4":"format-video","5":"has-post-thumbnail","7":"category-noticias","8":"category-seccional-barranquilla","9":"category-seccionales","10":"category-seguridad-territorial","11":"tag-fiscal-francisco-barbosa-delgado","12":"tag-fiscal-general-francisco-barbosa-delgado","13":"post_format-post-format-video"},"yoast_head":"<!-- This site is optimized with the Yoast SEO plugin v24.3 - https:\/\/yoast.com\/wordpress\/plugins\/seo\/ -->\n<title>Fiscal\u00eda General de la Naci\u00f3n<\/title>\n<meta name=\"description\" content=\"P\u00e1gina oficial de la Fiscal\u00eda General de la Naci\u00f3n \u2013 Colombia. Garantizamos el acceso efectivo a la justicia, la verdad y la reparaci\u00f3n de las v\u00edctimas de los delitos.\" \/>\n<meta name=\"robots\" content=\"noindex, follow\" \/>\n<meta property=\"og:locale\" content=\"es_ES\" \/>\n<meta property=\"og:type\" content=\"article\" \/>\n<meta property=\"og:title\" content=\"Fiscal\u00eda General de la Naci\u00f3n\" \/>\n<meta property=\"og:description\" content=\"P\u00e1gina oficial de la Fiscal\u00eda General de la Naci\u00f3n \u2013 Colombia. Garantizamos el acceso efectivo a la justicia, la verdad y la reparaci\u00f3n de las v\u00edctimas de los delitos.\" \/>\n<meta property=\"og:url\" content=\"https:\/\/www.fiscalia.gov.co\/colombia\/noticias\/cae-en-barranquilla-alias-el-caspi-presunto-integrante-de-los-rastrojos-costenos\/\" \/>\n<meta property=\"og:site_name\" content=\"Fiscal\u00eda General de la Naci\u00f3n\" \/>\n<meta property=\"article:publisher\" content=\"https:\/\/www.facebook.com\/FiscaliaCol\" \/>\n<meta property=\"article:published_time\" content=\"2021-11-02T17:10:32+00:00\" \/>\n<meta property=\"article:modified_time\" content=\"2021-11-10T21:56:11+00:00\" \/>\n<meta property=\"og:image\" content=\"https:\/\/www.fiscalia.gov.co\/colombia\/wp-content\/uploads\/maxresdefault-154.jpg\" \/>\n\t<meta property=\"og:image:width\" content=\"1280\" \/>\n\t<meta property=\"og:image:height\" content=\"720\" \/>\n\t<meta property=\"og:image:type\" content=\"image\/jpeg\" \/>\n<meta name=\"author\" content=\"Johanna Black Prieto Pe\u00f1a\" \/>\n<meta name=\"twitter:card\" content=\"summary_large_image\" \/>\n<meta name=\"twitter:creator\" content=\"@FiscaliaCol\" \/>\n<meta name=\"twitter:site\" content=\"@FiscaliaCol\" \/>\n<meta name=\"twitter:label1\" content=\"Escrito por\" \/>\n\t<meta name=\"twitter:data1\" content=\"Johanna Black Prieto Pe\u00f1a\" \/>\n\t<meta name=\"twitter:label2\" content=\"Tiempo de lectura\" \/>\n\t<meta name=\"twitter:data2\" content=\"2 minutos\" \/>\n<script type=\"application\/ld+json\" class=\"yoast-schema-graph\">{\"@context\":\"https:\/\/schema.org\",\"@graph\":[{\"@type\":\"Article\",\"@id\":\"https:\/\/www.fiscalia.gov.co\/colombia\/noticias\/cae-en-barranquilla-alias-el-caspi-presunto-integrante-de-los-rastrojos-costenos\/#article\",\"isPartOf\":{\"@id\":\"https:\/\/www.fiscalia.gov.co\/colombia\/noticias\/cae-en-barranquilla-alias-el-caspi-presunto-integrante-de-los-rastrojos-costenos\/\"},\"author\":{\"name\":\"Johanna Black Prieto Pe\u00f1a\",\"@id\":\"https:\/\/www.fiscalia.gov.co\/colombia\/#\/schema\/person\/b19b49f26569f91393176a2b3d13a0e5\"},\"headline\":\"Cae en Barranquilla alias el Caspi, presunto integrante de Los Rastrojos Coste\u00f1os\u00a0\",\"datePublished\":\"2021-11-02T17:10:32+00:00\",\"dateModified\":\"2021-11-10T21:56:11+00:00\",\"mainEntityOfPage\":{\"@id\":\"https:\/\/www.fiscalia.gov.co\/colombia\/noticias\/cae-en-barranquilla-alias-el-caspi-presunto-integrante-de-los-rastrojos-costenos\/\"},\"wordCount\":414,\"publisher\":{\"@id\":\"https:\/\/www.fiscalia.gov.co\/colombia\/#organization\"},\"image\":{\"@id\":\"https:\/\/www.fiscalia.gov.co\/colombia\/noticias\/cae-en-barranquilla-alias-el-caspi-presunto-integrante-de-los-rastrojos-costenos\/#primaryimage\"},\"thumbnailUrl\":\"https:\/\/www.fiscalia.gov.co\/colombia\/wp-content\/uploads\/maxresdefault-154.jpg\",\"keywords\":[\"Fiscal Francisco Barbosa Delgado\",\"Fiscal General Francisco Barbosa Delgado\"],\"articleSection\":[\"Noticias\",\"Seccional Barranquilla\",\"Seccionales\",\"Seguridad territorial\"],\"inLanguage\":\"es-CO\"},{\"@type\":\"WebPage\",\"@id\":\"https:\/\/www.fiscalia.gov.co\/colombia\/noticias\/cae-en-barranquilla-alias-el-caspi-presunto-integrante-de-los-rastrojos-costenos\/\",\"url\":\"https:\/\/www.fiscalia.gov.co\/colombia\/noticias\/cae-en-barranquilla-alias-el-caspi-presunto-integrante-de-los-rastrojos-costenos\/\",\"name\":\"Fiscal\u00eda General de la Naci\u00f3n\",\"isPartOf\":{\"@id\":\"https:\/\/www.fiscalia.gov.co\/colombia\/#website\"},\"primaryImageOfPage\":{\"@id\":\"https:\/\/www.fiscalia.gov.co\/colombia\/noticias\/cae-en-barranquilla-alias-el-caspi-presunto-integrante-de-los-rastrojos-costenos\/#primaryimage\"},\"image\":{\"@id\":\"https:\/\/www.fiscalia.gov.co\/colombia\/noticias\/cae-en-barranquilla-alias-el-caspi-presunto-integrante-de-los-rastrojos-costenos\/#primaryimage\"},\"thumbnailUrl\":\"https:\/\/www.fiscalia.gov.co\/colombia\/wp-content\/uploads\/maxresdefault-154.jpg\",\"datePublished\":\"2021-11-02T17:10:32+00:00\",\"dateModified\":\"2021-11-10T21:56:11+00:00\",\"description\":\"P\u00e1gina oficial de la Fiscal\u00eda General de la Naci\u00f3n \u2013 Colombia. Garantizamos el acceso efectivo a la justicia, la verdad y la reparaci\u00f3n de las v\u00edctimas de los delitos.\",\"breadcrumb\":{\"@id\":\"https:\/\/www.fiscalia.gov.co\/colombia\/noticias\/cae-en-barranquilla-alias-el-caspi-presunto-integrante-de-los-rastrojos-costenos\/#breadcrumb\"},\"inLanguage\":\"es-CO\",\"potentialAction\":[{\"@type\":\"ReadAction\",\"target\":[\"https:\/\/www.fiscalia.gov.co\/colombia\/noticias\/cae-en-barranquilla-alias-el-caspi-presunto-integrante-de-los-rastrojos-costenos\/\"]}]},{\"@type\":\"ImageObject\",\"inLanguage\":\"es-CO\",\"@id\":\"https:\/\/www.fiscalia.gov.co\/colombia\/noticias\/cae-en-barranquilla-alias-el-caspi-presunto-integrante-de-los-rastrojos-costenos\/#primaryimage\",\"url\":\"https:\/\/www.fiscalia.gov.co\/colombia\/wp-content\/uploads\/maxresdefault-154.jpg\",\"contentUrl\":\"https:\/\/www.fiscalia.gov.co\/colombia\/wp-content\/uploads\/maxresdefault-154.jpg\",\"width\":1280,\"height\":720},{\"@type\":\"BreadcrumbList\",\"@id\":\"https:\/\/www.fiscalia.gov.co\/colombia\/noticias\/cae-en-barranquilla-alias-el-caspi-presunto-integrante-de-los-rastrojos-costenos\/#breadcrumb\",\"itemListElement\":[{\"@type\":\"ListItem\",\"position\":1,\"name\":\"Home\",\"item\":\"https:\/\/www.fiscalia.gov.co\/colombia\/\"},{\"@type\":\"ListItem\",\"position\":2,\"name\":\"Cae en Barranquilla alias el Caspi, presunto integrante de Los Rastrojos Coste\u00f1os\u00a0\"}]},{\"@type\":\"WebSite\",\"@id\":\"https:\/\/www.fiscalia.gov.co\/colombia\/#website\",\"url\":\"https:\/\/www.fiscalia.gov.co\/colombia\/\",\"name\":\"Fiscal\u00eda General de la Naci\u00f3n\",\"description\":\"P\u00e1gina oficial de la Fiscal\u00eda General de la Naci\u00f3n \u2013 Colombia. Garantizamos el acceso efectivo a la justicia, la verdad y la reparaci\u00f3n de las v\u00edctimas de los delitos.\",\"publisher\":{\"@id\":\"https:\/\/www.fiscalia.gov.co\/colombia\/#organization\"},\"potentialAction\":[{\"@type\":\"SearchAction\",\"target\":{\"@type\":\"EntryPoint\",\"urlTemplate\":\"https:\/\/www.fiscalia.gov.co\/colombia\/?s={search_term_string}\"},\"query-input\":{\"@type\":\"PropertyValueSpecification\",\"valueRequired\":true,\"valueName\":\"search_term_string\"}}],\"inLanguage\":\"es-CO\"},{\"@type\":\"Organization\",\"@id\":\"https:\/\/www.fiscalia.gov.co\/colombia\/#organization\",\"name\":\"Fiscal\u00eda General de la Naci\u00f3n\",\"url\":\"https:\/\/www.fiscalia.gov.co\/colombia\/\",\"logo\":{\"@type\":\"ImageObject\",\"inLanguage\":\"es-CO\",\"@id\":\"https:\/\/www.fiscalia.gov.co\/colombia\/#\/schema\/logo\/image\/\",\"url\":\"https:\/\/www.fiscalia.gov.co\/colombia\/wp-content\/uploads\/LogoHorizontal_1.jpg\",\"contentUrl\":\"https:\/\/www.fiscalia.gov.co\/colombia\/wp-content\/uploads\/LogoHorizontal_1.jpg\",\"width\":300,\"height\":90,\"caption\":\"Fiscal\u00eda General de la Naci\u00f3n\"},\"image\":{\"@id\":\"https:\/\/www.fiscalia.gov.co\/colombia\/#\/schema\/logo\/image\/\"},\"sameAs\":[\"https:\/\/www.facebook.com\/FiscaliaCol\",\"https:\/\/x.com\/FiscaliaCol\",\"https:\/\/www.instagram.com\/fiscaliacol\",\"https:\/\/www.linkedin.com\/company\/fiscalia-general-de-la-naci-n\/\",\"https:\/\/youtube.com\/@fiscaliageneraldelanacion-4668?si=6nN79nyQICPU5iTh\"]},{\"@type\":\"Person\",\"@id\":\"https:\/\/www.fiscalia.gov.co\/colombia\/#\/schema\/person\/b19b49f26569f91393176a2b3d13a0e5\",\"name\":\"Johanna Black Prieto Pe\u00f1a\",\"image\":{\"@type\":\"ImageObject\",\"inLanguage\":\"es-CO\",\"@id\":\"https:\/\/www.fiscalia.gov.co\/colombia\/#\/schema\/person\/image\/\",\"url\":\"https:\/\/secure.gravatar.com\/avatar\/7f04518e1774335e76d761d76f04003e?s=96&d=mm&r=g\",\"contentUrl\":\"https:\/\/secure.gravatar.com\/avatar\/7f04518e1774335e76d761d76f04003e?s=96&d=mm&r=g\",\"caption\":\"Johanna Black Prieto Pe\u00f1a\"},\"url\":\"https:\/\/www.fiscalia.gov.co\/colombia\/author\/jprieto\/\"}]}<\/script>\n<!-- \/ Yoast SEO plugin. -->","yoast_head_json":{"title":"Fiscal\u00eda General de la Naci\u00f3n","description":"P\u00e1gina oficial de la Fiscal\u00eda General de la Naci\u00f3n \u2013 Colombia. Garantizamos el acceso efectivo a la justicia, la verdad y la reparaci\u00f3n de las v\u00edctimas de los delitos.","robots":{"index":"noindex","follow":"follow"},"og_locale":"es_ES","og_type":"article","og_title":"Fiscal\u00eda General de la Naci\u00f3n","og_description":"P\u00e1gina oficial de la Fiscal\u00eda General de la Naci\u00f3n \u2013 Colombia. Garantizamos el acceso efectivo a la justicia, la verdad y la reparaci\u00f3n de las v\u00edctimas de los delitos.","og_url":"https:\/\/www.fiscalia.gov.co\/colombia\/noticias\/cae-en-barranquilla-alias-el-caspi-presunto-integrante-de-los-rastrojos-costenos\/","og_site_name":"Fiscal\u00eda General de la Naci\u00f3n","article_publisher":"https:\/\/www.facebook.com\/FiscaliaCol","article_published_time":"2021-11-02T17:10:32+00:00","article_modified_time":"2021-11-10T21:56:11+00:00","og_image":[{"width":1280,"height":720,"url":"https:\/\/www.fiscalia.gov.co\/colombia\/wp-content\/uploads\/maxresdefault-154.jpg","type":"image\/jpeg"}],"author":"Johanna Black Prieto Pe\u00f1a","twitter_card":"summary_large_image","twitter_creator":"@FiscaliaCol","twitter_site":"@FiscaliaCol","twitter_misc":{"Escrito por":"Johanna Black Prieto Pe\u00f1a","Tiempo de lectura":"2 minutos"},"schema":{"@context":"https:\/\/schema.org","@graph":[{"@type":"Article","@id":"https:\/\/www.fiscalia.gov.co\/colombia\/noticias\/cae-en-barranquilla-alias-el-caspi-presunto-integrante-de-los-rastrojos-costenos\/#article","isPartOf":{"@id":"https:\/\/www.fiscalia.gov.co\/colombia\/noticias\/cae-en-barranquilla-alias-el-caspi-presunto-integrante-de-los-rastrojos-costenos\/"},"author":{"name":"Johanna Black Prieto Pe\u00f1a","@id":"https:\/\/www.fiscalia.gov.co\/colombia\/#\/schema\/person\/b19b49f26569f91393176a2b3d13a0e5"},"headline":"Cae en Barranquilla alias el Caspi, presunto integrante de Los Rastrojos Coste\u00f1os\u00a0","datePublished":"2021-11-02T17:10:32+00:00","dateModified":"2021-11-10T21:56:11+00:00","mainEntityOfPage":{"@id":"https:\/\/www.fiscalia.gov.co\/colombia\/noticias\/cae-en-barranquilla-alias-el-caspi-presunto-integrante-de-los-rastrojos-costenos\/"},"wordCount":414,"publisher":{"@id":"https:\/\/www.fiscalia.gov.co\/colombia\/#organization"},"image":{"@id":"https:\/\/www.fiscalia.gov.co\/colombia\/noticias\/cae-en-barranquilla-alias-el-caspi-presunto-integrante-de-los-rastrojos-costenos\/#primaryimage"},"thumbnailUrl":"https:\/\/www.fiscalia.gov.co\/colombia\/wp-content\/uploads\/maxresdefault-154.jpg","keywords":["Fiscal Francisco Barbosa Delgado","Fiscal General Francisco Barbosa Delgado"],"articleSection":["Noticias","Seccional Barranquilla","Seccionales","Seguridad territorial"],"inLanguage":"es-CO"},{"@type":"WebPage","@id":"https:\/\/www.fiscalia.gov.co\/colombia\/noticias\/cae-en-barranquilla-alias-el-caspi-presunto-integrante-de-los-rastrojos-costenos\/","url":"https:\/\/www.fiscalia.gov.co\/colombia\/noticias\/cae-en-barranquilla-alias-el-caspi-presunto-integrante-de-los-rastrojos-costenos\/","name":"Fiscal\u00eda General de la Naci\u00f3n","isPartOf":{"@id":"https:\/\/www.fiscalia.gov.co\/colombia\/#website"},"primaryImageOfPage":{"@id":"https:\/\/www.fiscalia.gov.co\/colombia\/noticias\/cae-en-barranquilla-alias-el-caspi-presunto-integrante-de-los-rastrojos-costenos\/#primaryimage"},"image":{"@id":"https:\/\/www.fiscalia.gov.co\/colombia\/noticias\/cae-en-barranquilla-alias-el-caspi-presunto-integrante-de-los-rastrojos-costenos\/#primaryimage"},"thumbnailUrl":"https:\/\/www.fiscalia.gov.co\/colombia\/wp-content\/uploads\/maxresdefault-154.jpg","datePublished":"2021-11-02T17:10:32+00:00","dateModified":"2021-11-10T21:56:11+00:00","description":"P\u00e1gina oficial de la Fiscal\u00eda General de la Naci\u00f3n \u2013 Colombia. Garantizamos el acceso efectivo a la justicia, la verdad y la reparaci\u00f3n de las v\u00edctimas de los delitos.","breadcrumb":{"@id":"https:\/\/www.fiscalia.gov.co\/colombia\/noticias\/cae-en-barranquilla-alias-el-caspi-presunto-integrante-de-los-rastrojos-costenos\/#breadcrumb"},"inLanguage":"es-CO","potentialAction":[{"@type":"ReadAction","target":["https:\/\/www.fiscalia.gov.co\/colombia\/noticias\/cae-en-barranquilla-alias-el-caspi-presunto-integrante-de-los-rastrojos-costenos\/"]}]},{"@type":"ImageObject","inLanguage":"es-CO","@id":"https:\/\/www.fiscalia.gov.co\/colombia\/noticias\/cae-en-barranquilla-alias-el-caspi-presunto-integrante-de-los-rastrojos-costenos\/#primaryimage","url":"https:\/\/www.fiscalia.gov.co\/colombia\/wp-content\/uploads\/maxresdefault-154.jpg","contentUrl":"https:\/\/www.fiscalia.gov.co\/colombia\/wp-content\/uploads\/maxresdefault-154.jpg","width":1280,"height":720},{"@type":"BreadcrumbList","@id":"https:\/\/www.fiscalia.gov.co\/colombia\/noticias\/cae-en-barranquilla-alias-el-caspi-presunto-integrante-de-los-rastrojos-costenos\/#breadcrumb","itemListElement":[{"@type":"ListItem","position":1,"name":"Home","item":"https:\/\/www.fiscalia.gov.co\/colombia\/"},{"@type":"ListItem","position":2,"name":"Cae en Barranquilla alias el Caspi, presunto integrante de Los Rastrojos Coste\u00f1os\u00a0"}]},{"@type":"WebSite","@id":"https:\/\/www.fiscalia.gov.co\/colombia\/#website","url":"https:\/\/www.fiscalia.gov.co\/colombia\/","name":"Fiscal\u00eda General de la Naci\u00f3n","description":"P\u00e1gina oficial de la Fiscal\u00eda General de la Naci\u00f3n \u2013 Colombia. Garantizamos el acceso efectivo a la justicia, la verdad y la reparaci\u00f3n de las v\u00edctimas de los delitos.","publisher":{"@id":"https:\/\/www.fiscalia.gov.co\/colombia\/#organization"},"potentialAction":[{"@type":"SearchAction","target":{"@type":"EntryPoint","urlTemplate":"https:\/\/www.fiscalia.gov.co\/colombia\/?s={search_term_string}"},"query-input":{"@type":"PropertyValueSpecification","valueRequired":true,"valueName":"search_term_string"}}],"inLanguage":"es-CO"},{"@type":"Organization","@id":"https:\/\/www.fiscalia.gov.co\/colombia\/#organization","name":"Fiscal\u00eda General de la Naci\u00f3n","url":"https:\/\/www.fiscalia.gov.co\/colombia\/","logo":{"@type":"ImageObject","inLanguage":"es-CO","@id":"https:\/\/www.fiscalia.gov.co\/colombia\/#\/schema\/logo\/image\/","url":"https:\/\/www.fiscalia.gov.co\/colombia\/wp-content\/uploads\/LogoHorizontal_1.jpg","contentUrl":"https:\/\/www.fiscalia.gov.co\/colombia\/wp-content\/uploads\/LogoHorizontal_1.jpg","width":300,"height":90,"caption":"Fiscal\u00eda General de la Naci\u00f3n"},"image":{"@id":"https:\/\/www.fiscalia.gov.co\/colombia\/#\/schema\/logo\/image\/"},"sameAs":["https:\/\/www.facebook.com\/FiscaliaCol","https:\/\/x.com\/FiscaliaCol","https:\/\/www.instagram.com\/fiscaliacol","https:\/\/www.linkedin.com\/company\/fiscalia-general-de-la-naci-n\/","https:\/\/youtube.com\/@fiscaliageneraldelanacion-4668?si=6nN79nyQICPU5iTh"]},{"@type":"Person","@id":"https:\/\/www.fiscalia.gov.co\/colombia\/#\/schema\/person\/b19b49f26569f91393176a2b3d13a0e5","name":"Johanna Black Prieto Pe\u00f1a","image":{"@type":"ImageObject","inLanguage":"es-CO","@id":"https:\/\/www.fiscalia.gov.co\/colombia\/#\/schema\/person\/image\/","url":"https:\/\/secure.gravatar.com\/avatar\/7f04518e1774335e76d761d76f04003e?s=96&d=mm&r=g","contentUrl":"https:\/\/secure.gravatar.com\/avatar\/7f04518e1774335e76d761d76f04003e?s=96&d=mm&r=g","caption":"Johanna Black Prieto Pe\u00f1a"},"url":"https:\/\/www.fiscalia.gov.co\/colombia\/author\/jprieto\/"}]}},"_links":{"self":[{"href":"https:\/\/www.fiscalia.gov.co\/colombia\/wp-json\/wp\/v2\/posts\/233655","targetHints":{"allow":["GET"]}}],"collection":[{"href":"https:\/\/www.fiscalia.gov.co\/colombia\/wp-json\/wp\/v2\/posts"}],"about":[{"href":"https:\/\/www.fiscalia.gov.co\/colombia\/wp-json\/wp\/v2\/types\/post"}],"author":[{"embeddable":true,"href":"https:\/\/www.fiscalia.gov.co\/colombia\/wp-json\/wp\/v2\/users\/176"}],"replies":[{"embeddable":true,"href":"https:\/\/www.fiscalia.gov.co\/colombia\/wp-json\/wp\/v2\/comments?post=233655"}],"version-history":[{"count":1,"href":"https:\/\/www.fiscalia.gov.co\/colombia\/wp-json\/wp\/v2\/posts\/233655\/revisions"}],"predecessor-version":[{"id":233657,"href":"https:\/\/www.fiscalia.gov.co\/colombia\/wp-json\/wp\/v2\/posts\/233655\/revisions\/233657"}],"wp:featuredmedia":[{"embeddable":true,"href":"https:\/\/www.fiscalia.gov.co\/colombia\/wp-json\/wp\/v2\/media\/234513"}],"wp:attachment":[{"href":"https:\/\/www.fiscalia.gov.co\/colombia\/wp-json\/wp\/v2\/media?parent=233655"}],"wp:term":[{"taxonomy":"category","embeddable":true,"href":"https:\/\/www.fiscalia.gov.co\/colombia\/wp-json\/wp\/v2\/categories?post=233655"},{"taxonomy":"post_tag","embeddable":true,"href":"https:\/\/www.fiscalia.gov.co\/colombia\/wp-json\/wp\/v2\/tags?post=233655"}],"curies":[{"name":"wp","href":"https:\/\/api.w.org\/{rel}","templated":true}]}}