{"id":233510,"date":"2021-10-29T17:40:59","date_gmt":"2021-10-29T22:40:59","guid":{"rendered":"https:\/\/www.fiscalia.gov.co\/colombia\/?p=233510"},"modified":"2021-11-09T22:01:10","modified_gmt":"2021-11-10T03:01:10","slug":"fiscalia-judicializo-a-15-personas-que-presuntamente-se-dedicaban-al-abigeato-en-huila","status":"publish","type":"post","link":"https:\/\/www.fiscalia.gov.co\/colombia\/noticias\/fiscalia-judicializo-a-15-personas-que-presuntamente-se-dedicaban-al-abigeato-en-huila\/","title":{"rendered":"Fiscal\u00eda judicializ\u00f3 a 15 personas que presuntamente se dedicaban al abigeato en Huila"},"content":{"rendered":"<div>\n<p>Una Fiscal\u00eda de la Unidad de Estructura de Apoyo-EDA en Huila, present\u00f3 ante un juez con funci\u00f3n de control de garant\u00edas a <b>15 personas<\/b>\u00a0que integrar\u00edan el grupo delictivo\u00a0<b>Los Frigor\u00edficos<\/b>\u00a0que se dedicar\u00edan al\u00a0<b>hurto de ganado en modalidad carneo y arreo<\/b>\u00a0en varios municipios del departamento.\u00a0<u><\/u>\u00a0<u><\/u><\/p>\n<figure id=\"attachment_233511\" aria-describedby=\"caption-attachment-233511\" style=\"width: 793px\" class=\"wp-caption alignnone\"><img loading=\"lazy\" decoding=\"async\" class=\"size-full wp-image-233511\" src=\"https:\/\/www.fiscalia.gov.co\/colombia\/wp-content\/uploads\/Los-Frigor\u00edficos-4.jpeg\" alt=\"\" width=\"793\" height=\"232\" srcset=\"https:\/\/www.fiscalia.gov.co\/colombia\/wp-content\/uploads\/Los-Frigor\u00edficos-4.jpeg 793w, https:\/\/www.fiscalia.gov.co\/colombia\/wp-content\/uploads\/Los-Frigor\u00edficos-4-300x88.jpeg 300w, https:\/\/www.fiscalia.gov.co\/colombia\/wp-content\/uploads\/Los-Frigor\u00edficos-4-768x225.jpeg 768w, https:\/\/www.fiscalia.gov.co\/colombia\/wp-content\/uploads\/Los-Frigor\u00edficos-4-696x204.jpeg 696w\" sizes=\"auto, (max-width: 793px) 100vw, 793px\" \/><figcaption id=\"caption-attachment-233511\" class=\"wp-caption-text\">Labores investigativas permitieron establecer que\u00a0se materializaron\u00a023 eventos de abigeato\u00a0cometidos en\u00a0Neiva, Aipe, Hobo, Campaolegre, Palermo y Teruel.<\/figcaption><\/figure>\n<p>Los presuntos implicados fueron cobijados con <b>medidas de aseguramiento privativas de la libertad<\/b>, tras sus capturas ejecutadas por funcionarios de la Sij\u00edn que apoyaron la investigaci\u00f3n, en la que se estableci\u00f3 que se materializaron\u00a0<b>23 eventos de abigeato<\/b>\u00a0cometidos en\u00a0<b>Neiva, Aipe, Hobo, Campolegre, Palermo y Teruel<\/b>.\u00a0<u><\/u>\u00a0<u><\/u><\/p>\n<p><u><\/u>La Fiscal\u00eda les formul\u00f3 cargos, seg\u00fan sus presuntas responsabilidades, en los delitos de <b>concierto para delinquir,\u00a0<a href=\"https:\/\/www.fiscalia.gov.co\/colombia\/noticias\/dos-hombres-y-un-menor-fueron-judicializados-porque-presuntamente-hurtaron-dos-vehiculos-y-portaban-armas-de-fuego\/\" target=\"_blank\" rel=\"noopener noreferrer\" data-saferedirecturl=\"https:\/\/www.google.com\/url?q=https:\/\/www.fiscalia.gov.co\/colombia\/noticias\/dos-hombres-y-un-menor-fueron-judicializados-porque-presuntamente-hurtaron-dos-vehiculos-y-portaban-armas-de-fuego\/&amp;source=gmail&amp;ust=1635627736835000&amp;usg=AOvVaw3OGd9vCXPlmaHnnOKsTtSy\">hurto<\/a>\u00a0calificado, abigeato simple y agravado y receptaci\u00f3n. Ninguno acept\u00f3 cargos<\/b>.\u00a0\u00a0<u><\/u>\u00a0<u><\/u><\/p>\n<p><u><\/u>En el marco de las labores investigativas se estableci\u00f3 que esta banda llevaba delinquiendo <b>desde octubre de 2020<\/b>\u00a0y, al parecer, ingresaban a las fincas bajo el\u00a0<b>factor de oportunidad o\u00a0 rompiendo las cercas<\/b>\u00a0para\u00a0<b>apropiarse del ganado<\/b>\u00a0o realizaban el\u00a0<b>sacrificio y carneo<\/b>\u00a0 del mismo.<\/p>\n<p>El ganado a su vez, habr\u00eda sido vendido a comercializadores de reses en pie o a distribuidores que <b>venden la carne en supermercados o tiendas<\/b>\u00a0en Neiva (Huila).<br \/>\n<u><\/u><\/p>\n<p><u><\/u>\u00a0<u><\/u>Las medidas privativas de la libertad fueron impuestas as\u00ed:\u00a0\u00a0<u><\/u>\u00a0<u><\/u><\/p>\n<p><u><\/u>\u00a0<u><\/u><b>En centro carcelario\u00a0<u><\/u>\u00a0<u><\/u><\/b><\/p>\n<p>1. Diego Armando Dussan Cuji\u00f1o alias Diego <u><\/u>\u00a0<u><\/u><\/p>\n<p>2. Javier Caraballo Hueso, alias Flaco\u00a0<u><\/u>\u00a0<u><\/u><\/p>\n<p>3. Carlos Julio Zapata Ballen, alias Enano\u00a0<u><\/u>\u00a0<u><\/u><\/p>\n<p>4. Jhon Fabio Andrade Ma\u00f1ozca, alias Jhon\u00a0<u><\/u>\u00a0<u><\/u><\/p>\n<p>5. Wilson Fabian Perdomo Perdomo, alias Wilson\u00a0<u><\/u>\u00a0<u><\/u><\/p>\n<p>6. Maritza Yicela Barrios Ortega, alias La Cucha (Imputada adem\u00e1s de los otros delitos, por receptaci\u00f3n).\u00a0<u><\/u>\u00a0<u><\/u><\/p>\n<p><u><\/u>\u00a0<u><\/u><b>En lugar de residencia\u00a0\u00a0<u><\/u>\u00a0<u><\/u><\/b><u><\/u>\u00a0<u><\/u><\/p>\n<p>7. Fabian Andr\u00e9s Usma Tovar alias Crespo\u00a0<u><\/u>\u00a0<u><\/u><\/p>\n<p>8. Mauricio Zambrano D\u00edaz, alias Mauricio\u00a0<u><\/u>\u00a0<u><\/u><\/p>\n<p>9.\u00a0\u00a0Edilberto Ortiz Charry, alias Garrote\u00a0<u><\/u>\u00a0<u><\/u><\/p>\n<p>10. Daniel S\u00e1nchez Olaya, alias El Viejo\u00a0<u><\/u>\u00a0<u><\/u><\/p>\n<p>11. Carlos Arturo Montes Villarreal, alias Mono (Imputado solo por\u00a0concierto de delinquir y receptaci\u00f3n)\u00a0<u><\/u>\u00a0<u><\/u><\/p>\n<p>12. Brayan Daniel Barrag\u00e1n Aldana, alias Pony\u00a0<u><\/u>\u00a0<u><\/u><\/p>\n<p>13. William Ferney Galindo Losada, alias William\u00a0<u><\/u>\u00a0<u><\/u><\/p>\n<p>14. Wilton Artunduaga Parra, alias Wilton\u00a0\u00a0<u><\/u>\u00a0<u><\/u><\/p>\n<p>15. Miguel \u00c1ngel Meneses Trujillo alias Negrete\u00a0<u><\/u>\u00a0<u><\/u><\/p>\n<p>Los judicializados fueron capturados en Aipe, Campoalegre, Palermo, vereda Cucharita en la v\u00eda que conduce de Fortalecillas a Tello, Pitalito, Teruel y Neiva(Huila). En total fueron incautados\u00a0<b>siete celulares con fines investigativos<\/b>.\u00a0\u00a0<u><\/u>\u00a0<u><\/u><\/p>\n<p><u><\/u><strong>La Fiscal\u00eda habla con resultados.\u00a0 <u><\/u>\u00a0<\/strong><u><\/u><\/p>\n<p><u><\/u>\u00a0<u><\/u><\/p>\n<p>LMGM\/CFG\/EAP\u00a0<u><\/u>\u00a0<u><\/u><\/p>\n<p><i>La informaci\u00f3n contenida en este bolet\u00edn de prensa corresponde a la narraci\u00f3n de los hechos noticiosos objetivos, suministrados por los funcionarios encargados de adelantar las investigaciones penales al interior de la Fiscal\u00eda General de la Naci\u00f3n. Para el momento de la divulgaci\u00f3n de este comunicado, la situaci\u00f3n jur\u00eddica de la(s) persona(s) relacionada(s) se encuentra pendiente de resolver por la autoridad judicial competente, siempre bajo los preceptos de la presunci\u00f3n de inocencia, consagrados en el art\u00edculo 29 de la Constituci\u00f3n Pol\u00edtica y el art\u00edculo 7\u00ba de la Ley 906 de 2004.<\/i>\u00a0\u00a0\u00a0\u00a0\u00a0\u00a0\u00a0\u00a0\u00a0\u00a0<u><\/u><\/p>\n<p><u><\/u><strong>Tambi\u00e9n le puede interesar:<\/strong> <a title=\"Asegurados presuntos implicados en secuestro y abigeato\" href=\"https:\/\/www.fiscalia.gov.co\/colombia\/noticias\/asegurados-presuntos-implicados-en-secuestro-y-abigeato\/\" target=\"_blank\" rel=\"noopener noreferrer\" data-saferedirecturl=\"https:\/\/www.google.com\/url?q=https:\/\/www.fiscalia.gov.co\/colombia\/noticias\/asegurados-presuntos-implicados-en-secuestro-y-abigeato\/&amp;source=gmail&amp;ust=1635627736835000&amp;usg=AOvVaw1tncMdl4YJqZK3aCzaDV_4\">Asegurados presuntos implicados en secuestro y abigeato<\/a><u><\/u>\u00a0<u><\/u><\/p>\n<p><u><\/u>\u00a0<u><\/u><\/p>\n<p><b>\u00a0<\/b><u><\/u>\u00a0<u><\/u><\/p>\n<p>&nbsp;<\/p>\n<p><u><\/u>\u00a0<u><\/u><\/p>\n<\/div>\n<div><\/div>\n\n<div class=\"twitter-share\"><a href=\"https:\/\/twitter.com\/intent\/tweet?via=fiscaliacol\" class=\"twitter-share-button\">Tweet<\/a><\/div>\n","protected":false},"excerpt":{"rendered":"<p>Una Fiscal\u00eda de la Unidad de Estructura de Apoyo-EDA en Huila, present\u00f3 ante un juez con funci\u00f3n de control de garant\u00edas a 15 personas\u00a0que integrar\u00edan el grupo delictivo\u00a0Los Frigor\u00edficos\u00a0que se dedicar\u00edan al\u00a0hurto de ganado en modalidad carneo y arreo\u00a0en varios municipios del departamento.\u00a0\u00a0 Los presuntos implicados fueron cobijados con medidas de aseguramiento privativas de la [&hellip;]<\/p>\n","protected":false},"author":176,"featured_media":234403,"comment_status":"closed","ping_status":"open","sticky":false,"template":"","format":"video","meta":{"_price":"","_stock":"","_tribe_ticket_header":"","_tribe_default_ticket_provider":"","_tribe_ticket_capacity":"0","_ticket_start_date":"","_ticket_end_date":"","_tribe_ticket_show_description":"","_tribe_ticket_show_not_going":false,"_tribe_ticket_use_global_stock":"","_tribe_ticket_global_stock_level":"","_global_stock_mode":"","_global_stock_cap":"","_tribe_rsvp_for_event":"","_tribe_ticket_going_count":"","_tribe_ticket_not_going_count":"","_tribe_tickets_list":"[]","_tribe_ticket_has_attendee_info_fields":false,"tdm_status":"","tdm_grid_status":"","footnotes":""},"categories":[1,333,303],"tags":[24189,24526],"class_list":{"0":"post-233510","1":"post","2":"type-post","3":"status-publish","4":"format-video","5":"has-post-thumbnail","7":"category-noticias","8":"category-seccional-neiva","9":"category-seccionales","10":"tag-fiscal-francisco-barbosa-delgado","11":"tag-fiscal-general-francisco-barbosa-delgado","12":"post_format-post-format-video"},"yoast_head":"<!-- This site is optimized with the Yoast SEO plugin v24.3 - https:\/\/yoast.com\/wordpress\/plugins\/seo\/ -->\n<title>Fiscal\u00eda General de la Naci\u00f3n<\/title>\n<meta name=\"description\" content=\"P\u00e1gina oficial de la Fiscal\u00eda General de la Naci\u00f3n \u2013 Colombia. Garantizamos el acceso efectivo a la justicia, la verdad y la reparaci\u00f3n de las v\u00edctimas de los delitos.\" \/>\n<meta name=\"robots\" content=\"noindex, follow\" \/>\n<meta property=\"og:locale\" content=\"es_ES\" \/>\n<meta property=\"og:type\" content=\"article\" \/>\n<meta property=\"og:title\" content=\"Fiscal\u00eda General de la Naci\u00f3n\" \/>\n<meta property=\"og:description\" content=\"P\u00e1gina oficial de la Fiscal\u00eda General de la Naci\u00f3n \u2013 Colombia. Garantizamos el acceso efectivo a la justicia, la verdad y la reparaci\u00f3n de las v\u00edctimas de los delitos.\" \/>\n<meta property=\"og:url\" content=\"https:\/\/www.fiscalia.gov.co\/colombia\/noticias\/fiscalia-judicializo-a-15-personas-que-presuntamente-se-dedicaban-al-abigeato-en-huila\/\" \/>\n<meta property=\"og:site_name\" content=\"Fiscal\u00eda General de la Naci\u00f3n\" \/>\n<meta property=\"article:publisher\" content=\"https:\/\/www.facebook.com\/FiscaliaCol\" \/>\n<meta property=\"article:published_time\" content=\"2021-10-29T22:40:59+00:00\" \/>\n<meta property=\"article:modified_time\" content=\"2021-11-10T03:01:10+00:00\" \/>\n<meta property=\"og:image\" content=\"https:\/\/www.fiscalia.gov.co\/colombia\/wp-content\/uploads\/maxresdefault-152.jpg\" \/>\n\t<meta property=\"og:image:width\" content=\"1280\" \/>\n\t<meta property=\"og:image:height\" content=\"720\" \/>\n\t<meta property=\"og:image:type\" content=\"image\/jpeg\" \/>\n<meta name=\"author\" content=\"Johanna Black Prieto Pe\u00f1a\" \/>\n<meta name=\"twitter:card\" content=\"summary_large_image\" \/>\n<meta name=\"twitter:creator\" content=\"@FiscaliaCol\" \/>\n<meta name=\"twitter:site\" content=\"@FiscaliaCol\" \/>\n<meta name=\"twitter:label1\" content=\"Escrito por\" \/>\n\t<meta name=\"twitter:data1\" content=\"Johanna Black Prieto Pe\u00f1a\" \/>\n\t<meta name=\"twitter:label2\" content=\"Tiempo de lectura\" \/>\n\t<meta name=\"twitter:data2\" content=\"3 minutos\" \/>\n<script type=\"application\/ld+json\" class=\"yoast-schema-graph\">{\"@context\":\"https:\/\/schema.org\",\"@graph\":[{\"@type\":\"Article\",\"@id\":\"https:\/\/www.fiscalia.gov.co\/colombia\/noticias\/fiscalia-judicializo-a-15-personas-que-presuntamente-se-dedicaban-al-abigeato-en-huila\/#article\",\"isPartOf\":{\"@id\":\"https:\/\/www.fiscalia.gov.co\/colombia\/noticias\/fiscalia-judicializo-a-15-personas-que-presuntamente-se-dedicaban-al-abigeato-en-huila\/\"},\"author\":{\"name\":\"Johanna Black Prieto Pe\u00f1a\",\"@id\":\"https:\/\/www.fiscalia.gov.co\/colombia\/#\/schema\/person\/b19b49f26569f91393176a2b3d13a0e5\"},\"headline\":\"Fiscal\u00eda judicializ\u00f3 a 15 personas que presuntamente se dedicaban al abigeato en Huila\",\"datePublished\":\"2021-10-29T22:40:59+00:00\",\"dateModified\":\"2021-11-10T03:01:10+00:00\",\"mainEntityOfPage\":{\"@id\":\"https:\/\/www.fiscalia.gov.co\/colombia\/noticias\/fiscalia-judicializo-a-15-personas-que-presuntamente-se-dedicaban-al-abigeato-en-huila\/\"},\"wordCount\":530,\"publisher\":{\"@id\":\"https:\/\/www.fiscalia.gov.co\/colombia\/#organization\"},\"image\":{\"@id\":\"https:\/\/www.fiscalia.gov.co\/colombia\/noticias\/fiscalia-judicializo-a-15-personas-que-presuntamente-se-dedicaban-al-abigeato-en-huila\/#primaryimage\"},\"thumbnailUrl\":\"https:\/\/www.fiscalia.gov.co\/colombia\/wp-content\/uploads\/maxresdefault-152.jpg\",\"keywords\":[\"Fiscal Francisco Barbosa Delgado\",\"Fiscal General Francisco Barbosa Delgado\"],\"articleSection\":[\"Noticias\",\"Seccional Neiva\",\"Seccionales\"],\"inLanguage\":\"es-CO\"},{\"@type\":\"WebPage\",\"@id\":\"https:\/\/www.fiscalia.gov.co\/colombia\/noticias\/fiscalia-judicializo-a-15-personas-que-presuntamente-se-dedicaban-al-abigeato-en-huila\/\",\"url\":\"https:\/\/www.fiscalia.gov.co\/colombia\/noticias\/fiscalia-judicializo-a-15-personas-que-presuntamente-se-dedicaban-al-abigeato-en-huila\/\",\"name\":\"Fiscal\u00eda General de la Naci\u00f3n\",\"isPartOf\":{\"@id\":\"https:\/\/www.fiscalia.gov.co\/colombia\/#website\"},\"primaryImageOfPage\":{\"@id\":\"https:\/\/www.fiscalia.gov.co\/colombia\/noticias\/fiscalia-judicializo-a-15-personas-que-presuntamente-se-dedicaban-al-abigeato-en-huila\/#primaryimage\"},\"image\":{\"@id\":\"https:\/\/www.fiscalia.gov.co\/colombia\/noticias\/fiscalia-judicializo-a-15-personas-que-presuntamente-se-dedicaban-al-abigeato-en-huila\/#primaryimage\"},\"thumbnailUrl\":\"https:\/\/www.fiscalia.gov.co\/colombia\/wp-content\/uploads\/maxresdefault-152.jpg\",\"datePublished\":\"2021-10-29T22:40:59+00:00\",\"dateModified\":\"2021-11-10T03:01:10+00:00\",\"description\":\"P\u00e1gina oficial de la Fiscal\u00eda General de la Naci\u00f3n \u2013 Colombia. Garantizamos el acceso efectivo a la justicia, la verdad y la reparaci\u00f3n de las v\u00edctimas de los delitos.\",\"breadcrumb\":{\"@id\":\"https:\/\/www.fiscalia.gov.co\/colombia\/noticias\/fiscalia-judicializo-a-15-personas-que-presuntamente-se-dedicaban-al-abigeato-en-huila\/#breadcrumb\"},\"inLanguage\":\"es-CO\",\"potentialAction\":[{\"@type\":\"ReadAction\",\"target\":[\"https:\/\/www.fiscalia.gov.co\/colombia\/noticias\/fiscalia-judicializo-a-15-personas-que-presuntamente-se-dedicaban-al-abigeato-en-huila\/\"]}]},{\"@type\":\"ImageObject\",\"inLanguage\":\"es-CO\",\"@id\":\"https:\/\/www.fiscalia.gov.co\/colombia\/noticias\/fiscalia-judicializo-a-15-personas-que-presuntamente-se-dedicaban-al-abigeato-en-huila\/#primaryimage\",\"url\":\"https:\/\/www.fiscalia.gov.co\/colombia\/wp-content\/uploads\/maxresdefault-152.jpg\",\"contentUrl\":\"https:\/\/www.fiscalia.gov.co\/colombia\/wp-content\/uploads\/maxresdefault-152.jpg\",\"width\":1280,\"height\":720},{\"@type\":\"BreadcrumbList\",\"@id\":\"https:\/\/www.fiscalia.gov.co\/colombia\/noticias\/fiscalia-judicializo-a-15-personas-que-presuntamente-se-dedicaban-al-abigeato-en-huila\/#breadcrumb\",\"itemListElement\":[{\"@type\":\"ListItem\",\"position\":1,\"name\":\"Home\",\"item\":\"https:\/\/www.fiscalia.gov.co\/colombia\/\"},{\"@type\":\"ListItem\",\"position\":2,\"name\":\"Fiscal\u00eda judicializ\u00f3 a 15 personas que presuntamente se dedicaban al abigeato en Huila\"}]},{\"@type\":\"WebSite\",\"@id\":\"https:\/\/www.fiscalia.gov.co\/colombia\/#website\",\"url\":\"https:\/\/www.fiscalia.gov.co\/colombia\/\",\"name\":\"Fiscal\u00eda General de la Naci\u00f3n\",\"description\":\"P\u00e1gina oficial de la Fiscal\u00eda General de la Naci\u00f3n \u2013 Colombia. Garantizamos el acceso efectivo a la justicia, la verdad y la reparaci\u00f3n de las v\u00edctimas de los delitos.\",\"publisher\":{\"@id\":\"https:\/\/www.fiscalia.gov.co\/colombia\/#organization\"},\"potentialAction\":[{\"@type\":\"SearchAction\",\"target\":{\"@type\":\"EntryPoint\",\"urlTemplate\":\"https:\/\/www.fiscalia.gov.co\/colombia\/?s={search_term_string}\"},\"query-input\":{\"@type\":\"PropertyValueSpecification\",\"valueRequired\":true,\"valueName\":\"search_term_string\"}}],\"inLanguage\":\"es-CO\"},{\"@type\":\"Organization\",\"@id\":\"https:\/\/www.fiscalia.gov.co\/colombia\/#organization\",\"name\":\"Fiscal\u00eda General de la Naci\u00f3n\",\"url\":\"https:\/\/www.fiscalia.gov.co\/colombia\/\",\"logo\":{\"@type\":\"ImageObject\",\"inLanguage\":\"es-CO\",\"@id\":\"https:\/\/www.fiscalia.gov.co\/colombia\/#\/schema\/logo\/image\/\",\"url\":\"https:\/\/www.fiscalia.gov.co\/colombia\/wp-content\/uploads\/LogoHorizontal_1.jpg\",\"contentUrl\":\"https:\/\/www.fiscalia.gov.co\/colombia\/wp-content\/uploads\/LogoHorizontal_1.jpg\",\"width\":300,\"height\":90,\"caption\":\"Fiscal\u00eda General de la Naci\u00f3n\"},\"image\":{\"@id\":\"https:\/\/www.fiscalia.gov.co\/colombia\/#\/schema\/logo\/image\/\"},\"sameAs\":[\"https:\/\/www.facebook.com\/FiscaliaCol\",\"https:\/\/x.com\/FiscaliaCol\",\"https:\/\/www.instagram.com\/fiscaliacol\",\"https:\/\/www.linkedin.com\/company\/fiscalia-general-de-la-naci-n\/\",\"https:\/\/youtube.com\/@fiscaliageneraldelanacion-4668?si=6nN79nyQICPU5iTh\"]},{\"@type\":\"Person\",\"@id\":\"https:\/\/www.fiscalia.gov.co\/colombia\/#\/schema\/person\/b19b49f26569f91393176a2b3d13a0e5\",\"name\":\"Johanna Black Prieto Pe\u00f1a\",\"image\":{\"@type\":\"ImageObject\",\"inLanguage\":\"es-CO\",\"@id\":\"https:\/\/www.fiscalia.gov.co\/colombia\/#\/schema\/person\/image\/\",\"url\":\"https:\/\/secure.gravatar.com\/avatar\/7f04518e1774335e76d761d76f04003e?s=96&d=mm&r=g\",\"contentUrl\":\"https:\/\/secure.gravatar.com\/avatar\/7f04518e1774335e76d761d76f04003e?s=96&d=mm&r=g\",\"caption\":\"Johanna Black Prieto Pe\u00f1a\"},\"url\":\"https:\/\/www.fiscalia.gov.co\/colombia\/author\/jprieto\/\"}]}<\/script>\n<!-- \/ Yoast SEO plugin. -->","yoast_head_json":{"title":"Fiscal\u00eda General de la Naci\u00f3n","description":"P\u00e1gina oficial de la Fiscal\u00eda General de la Naci\u00f3n \u2013 Colombia. Garantizamos el acceso efectivo a la justicia, la verdad y la reparaci\u00f3n de las v\u00edctimas de los delitos.","robots":{"index":"noindex","follow":"follow"},"og_locale":"es_ES","og_type":"article","og_title":"Fiscal\u00eda General de la Naci\u00f3n","og_description":"P\u00e1gina oficial de la Fiscal\u00eda General de la Naci\u00f3n \u2013 Colombia. Garantizamos el acceso efectivo a la justicia, la verdad y la reparaci\u00f3n de las v\u00edctimas de los delitos.","og_url":"https:\/\/www.fiscalia.gov.co\/colombia\/noticias\/fiscalia-judicializo-a-15-personas-que-presuntamente-se-dedicaban-al-abigeato-en-huila\/","og_site_name":"Fiscal\u00eda General de la Naci\u00f3n","article_publisher":"https:\/\/www.facebook.com\/FiscaliaCol","article_published_time":"2021-10-29T22:40:59+00:00","article_modified_time":"2021-11-10T03:01:10+00:00","og_image":[{"width":1280,"height":720,"url":"https:\/\/www.fiscalia.gov.co\/colombia\/wp-content\/uploads\/maxresdefault-152.jpg","type":"image\/jpeg"}],"author":"Johanna Black Prieto Pe\u00f1a","twitter_card":"summary_large_image","twitter_creator":"@FiscaliaCol","twitter_site":"@FiscaliaCol","twitter_misc":{"Escrito por":"Johanna Black Prieto Pe\u00f1a","Tiempo de lectura":"3 minutos"},"schema":{"@context":"https:\/\/schema.org","@graph":[{"@type":"Article","@id":"https:\/\/www.fiscalia.gov.co\/colombia\/noticias\/fiscalia-judicializo-a-15-personas-que-presuntamente-se-dedicaban-al-abigeato-en-huila\/#article","isPartOf":{"@id":"https:\/\/www.fiscalia.gov.co\/colombia\/noticias\/fiscalia-judicializo-a-15-personas-que-presuntamente-se-dedicaban-al-abigeato-en-huila\/"},"author":{"name":"Johanna Black Prieto Pe\u00f1a","@id":"https:\/\/www.fiscalia.gov.co\/colombia\/#\/schema\/person\/b19b49f26569f91393176a2b3d13a0e5"},"headline":"Fiscal\u00eda judicializ\u00f3 a 15 personas que presuntamente se dedicaban al abigeato en Huila","datePublished":"2021-10-29T22:40:59+00:00","dateModified":"2021-11-10T03:01:10+00:00","mainEntityOfPage":{"@id":"https:\/\/www.fiscalia.gov.co\/colombia\/noticias\/fiscalia-judicializo-a-15-personas-que-presuntamente-se-dedicaban-al-abigeato-en-huila\/"},"wordCount":530,"publisher":{"@id":"https:\/\/www.fiscalia.gov.co\/colombia\/#organization"},"image":{"@id":"https:\/\/www.fiscalia.gov.co\/colombia\/noticias\/fiscalia-judicializo-a-15-personas-que-presuntamente-se-dedicaban-al-abigeato-en-huila\/#primaryimage"},"thumbnailUrl":"https:\/\/www.fiscalia.gov.co\/colombia\/wp-content\/uploads\/maxresdefault-152.jpg","keywords":["Fiscal Francisco Barbosa Delgado","Fiscal General Francisco Barbosa Delgado"],"articleSection":["Noticias","Seccional Neiva","Seccionales"],"inLanguage":"es-CO"},{"@type":"WebPage","@id":"https:\/\/www.fiscalia.gov.co\/colombia\/noticias\/fiscalia-judicializo-a-15-personas-que-presuntamente-se-dedicaban-al-abigeato-en-huila\/","url":"https:\/\/www.fiscalia.gov.co\/colombia\/noticias\/fiscalia-judicializo-a-15-personas-que-presuntamente-se-dedicaban-al-abigeato-en-huila\/","name":"Fiscal\u00eda General de la Naci\u00f3n","isPartOf":{"@id":"https:\/\/www.fiscalia.gov.co\/colombia\/#website"},"primaryImageOfPage":{"@id":"https:\/\/www.fiscalia.gov.co\/colombia\/noticias\/fiscalia-judicializo-a-15-personas-que-presuntamente-se-dedicaban-al-abigeato-en-huila\/#primaryimage"},"image":{"@id":"https:\/\/www.fiscalia.gov.co\/colombia\/noticias\/fiscalia-judicializo-a-15-personas-que-presuntamente-se-dedicaban-al-abigeato-en-huila\/#primaryimage"},"thumbnailUrl":"https:\/\/www.fiscalia.gov.co\/colombia\/wp-content\/uploads\/maxresdefault-152.jpg","datePublished":"2021-10-29T22:40:59+00:00","dateModified":"2021-11-10T03:01:10+00:00","description":"P\u00e1gina oficial de la Fiscal\u00eda General de la Naci\u00f3n \u2013 Colombia. Garantizamos el acceso efectivo a la justicia, la verdad y la reparaci\u00f3n de las v\u00edctimas de los delitos.","breadcrumb":{"@id":"https:\/\/www.fiscalia.gov.co\/colombia\/noticias\/fiscalia-judicializo-a-15-personas-que-presuntamente-se-dedicaban-al-abigeato-en-huila\/#breadcrumb"},"inLanguage":"es-CO","potentialAction":[{"@type":"ReadAction","target":["https:\/\/www.fiscalia.gov.co\/colombia\/noticias\/fiscalia-judicializo-a-15-personas-que-presuntamente-se-dedicaban-al-abigeato-en-huila\/"]}]},{"@type":"ImageObject","inLanguage":"es-CO","@id":"https:\/\/www.fiscalia.gov.co\/colombia\/noticias\/fiscalia-judicializo-a-15-personas-que-presuntamente-se-dedicaban-al-abigeato-en-huila\/#primaryimage","url":"https:\/\/www.fiscalia.gov.co\/colombia\/wp-content\/uploads\/maxresdefault-152.jpg","contentUrl":"https:\/\/www.fiscalia.gov.co\/colombia\/wp-content\/uploads\/maxresdefault-152.jpg","width":1280,"height":720},{"@type":"BreadcrumbList","@id":"https:\/\/www.fiscalia.gov.co\/colombia\/noticias\/fiscalia-judicializo-a-15-personas-que-presuntamente-se-dedicaban-al-abigeato-en-huila\/#breadcrumb","itemListElement":[{"@type":"ListItem","position":1,"name":"Home","item":"https:\/\/www.fiscalia.gov.co\/colombia\/"},{"@type":"ListItem","position":2,"name":"Fiscal\u00eda judicializ\u00f3 a 15 personas que presuntamente se dedicaban al abigeato en Huila"}]},{"@type":"WebSite","@id":"https:\/\/www.fiscalia.gov.co\/colombia\/#website","url":"https:\/\/www.fiscalia.gov.co\/colombia\/","name":"Fiscal\u00eda General de la Naci\u00f3n","description":"P\u00e1gina oficial de la Fiscal\u00eda General de la Naci\u00f3n \u2013 Colombia. Garantizamos el acceso efectivo a la justicia, la verdad y la reparaci\u00f3n de las v\u00edctimas de los delitos.","publisher":{"@id":"https:\/\/www.fiscalia.gov.co\/colombia\/#organization"},"potentialAction":[{"@type":"SearchAction","target":{"@type":"EntryPoint","urlTemplate":"https:\/\/www.fiscalia.gov.co\/colombia\/?s={search_term_string}"},"query-input":{"@type":"PropertyValueSpecification","valueRequired":true,"valueName":"search_term_string"}}],"inLanguage":"es-CO"},{"@type":"Organization","@id":"https:\/\/www.fiscalia.gov.co\/colombia\/#organization","name":"Fiscal\u00eda General de la Naci\u00f3n","url":"https:\/\/www.fiscalia.gov.co\/colombia\/","logo":{"@type":"ImageObject","inLanguage":"es-CO","@id":"https:\/\/www.fiscalia.gov.co\/colombia\/#\/schema\/logo\/image\/","url":"https:\/\/www.fiscalia.gov.co\/colombia\/wp-content\/uploads\/LogoHorizontal_1.jpg","contentUrl":"https:\/\/www.fiscalia.gov.co\/colombia\/wp-content\/uploads\/LogoHorizontal_1.jpg","width":300,"height":90,"caption":"Fiscal\u00eda General de la Naci\u00f3n"},"image":{"@id":"https:\/\/www.fiscalia.gov.co\/colombia\/#\/schema\/logo\/image\/"},"sameAs":["https:\/\/www.facebook.com\/FiscaliaCol","https:\/\/x.com\/FiscaliaCol","https:\/\/www.instagram.com\/fiscaliacol","https:\/\/www.linkedin.com\/company\/fiscalia-general-de-la-naci-n\/","https:\/\/youtube.com\/@fiscaliageneraldelanacion-4668?si=6nN79nyQICPU5iTh"]},{"@type":"Person","@id":"https:\/\/www.fiscalia.gov.co\/colombia\/#\/schema\/person\/b19b49f26569f91393176a2b3d13a0e5","name":"Johanna Black Prieto Pe\u00f1a","image":{"@type":"ImageObject","inLanguage":"es-CO","@id":"https:\/\/www.fiscalia.gov.co\/colombia\/#\/schema\/person\/image\/","url":"https:\/\/secure.gravatar.com\/avatar\/7f04518e1774335e76d761d76f04003e?s=96&d=mm&r=g","contentUrl":"https:\/\/secure.gravatar.com\/avatar\/7f04518e1774335e76d761d76f04003e?s=96&d=mm&r=g","caption":"Johanna Black Prieto Pe\u00f1a"},"url":"https:\/\/www.fiscalia.gov.co\/colombia\/author\/jprieto\/"}]}},"_links":{"self":[{"href":"https:\/\/www.fiscalia.gov.co\/colombia\/wp-json\/wp\/v2\/posts\/233510","targetHints":{"allow":["GET"]}}],"collection":[{"href":"https:\/\/www.fiscalia.gov.co\/colombia\/wp-json\/wp\/v2\/posts"}],"about":[{"href":"https:\/\/www.fiscalia.gov.co\/colombia\/wp-json\/wp\/v2\/types\/post"}],"author":[{"embeddable":true,"href":"https:\/\/www.fiscalia.gov.co\/colombia\/wp-json\/wp\/v2\/users\/176"}],"replies":[{"embeddable":true,"href":"https:\/\/www.fiscalia.gov.co\/colombia\/wp-json\/wp\/v2\/comments?post=233510"}],"version-history":[{"count":1,"href":"https:\/\/www.fiscalia.gov.co\/colombia\/wp-json\/wp\/v2\/posts\/233510\/revisions"}],"predecessor-version":[{"id":233512,"href":"https:\/\/www.fiscalia.gov.co\/colombia\/wp-json\/wp\/v2\/posts\/233510\/revisions\/233512"}],"wp:featuredmedia":[{"embeddable":true,"href":"https:\/\/www.fiscalia.gov.co\/colombia\/wp-json\/wp\/v2\/media\/234403"}],"wp:attachment":[{"href":"https:\/\/www.fiscalia.gov.co\/colombia\/wp-json\/wp\/v2\/media?parent=233510"}],"wp:term":[{"taxonomy":"category","embeddable":true,"href":"https:\/\/www.fiscalia.gov.co\/colombia\/wp-json\/wp\/v2\/categories?post=233510"},{"taxonomy":"post_tag","embeddable":true,"href":"https:\/\/www.fiscalia.gov.co\/colombia\/wp-json\/wp\/v2\/tags?post=233510"}],"curies":[{"name":"wp","href":"https:\/\/api.w.org\/{rel}","templated":true}]}}