{"id":233350,"date":"2021-10-28T13:35:34","date_gmt":"2021-10-28T18:35:34","guid":{"rendered":"https:\/\/www.fiscalia.gov.co\/colombia\/?p=233350"},"modified":"2021-10-28T14:11:16","modified_gmt":"2021-10-28T19:11:16","slug":"fiscal-general-francisco-barbosa-celebra-el-cierre-del-examen-preliminar-de-la-cpi-a-colombia-y-destaca-la-fortaleza-de-las-instituciones-colombianas-en-el-reconocimiento-y-defensa-de-los-derechos-de","status":"publish","type":"post","link":"https:\/\/www.fiscalia.gov.co\/colombia\/noticias\/fiscal-general-francisco-barbosa-celebra-el-cierre-del-examen-preliminar-de-la-cpi-a-colombia-y-destaca-la-fortaleza-de-las-instituciones-colombianas-en-el-reconocimiento-y-defensa-de-los-derechos-de\/","title":{"rendered":"Fiscal General Francisco Barbosa celebra el cierre del examen preliminar de la CPI a Colombia y destaca la fortaleza de las instituciones colombianas en el reconocimiento y defensa de los derechos de las v\u00edctimas"},"content":{"rendered":"<h4><strong><em>El anuncio lo hizo el Fiscal General en el marco de la firma del Acuerdo de cooperaci\u00f3n entre el Estado y la oficina del Fiscal de la Corte Penal Internacional.<\/em><\/strong><\/h4>\n<p>El Fiscal General de la Naci\u00f3n, Francisco Barbosa Delgado, destac\u00f3 el cierre del examen preliminar que ten\u00eda la Corte Penal Internacional sobre Colombia desde hace 17 a\u00f1os.<\/p>\n<p>\u201cD\u00eda hist\u00f3rico para Colombia, d\u00eda hist\u00f3rico para la dignidad de un pa\u00eds, el hecho de que nos hayan ya clarificado, nos hayan mostrado, nos hayan dicho que este pa\u00eds es un pa\u00eds con instituciones s\u00f3lidas, que este pa\u00eds es un pa\u00eds que trabaja con unos principios, que por lo menos en ese \u00e1mbito de cooperaci\u00f3n que hemos tenido con todas las organizaciones, la Fiscal\u00eda General de la Naci\u00f3n le sigue y le seguir\u00e1 cumpliendo a los Colombianos hasta el final de mi mandato\u201d, destac\u00f3 el Fiscal General.<\/p>\n<p>As\u00ed mismo, resalt\u00f3 la labor arm\u00f3nica que se ha venido realizando con la Justicia Especial para la Paz (JEP), al respecto indic\u00f3 \u201cSoy un defensor de los derechos humanos, soy un defensor del acuerdo de paz que se firm\u00f3 en el a\u00f1o 2016, soy un defensor de la Jurisdicci\u00f3n Especial para la Paz, y el \u00fanico prop\u00f3sito que debemos tener todos es el de que las v\u00edctimas puedan lograr la justicia, la verdad, la reparaci\u00f3n y las garant\u00edas de no repetici\u00f3n\u201d.<\/p>\n<p>Fue contundente en destacar la labor que viene adelantado la JEP se\u00f1alando que \u201cComo Fiscal General de la Naci\u00f3n me opongo a cualquier tipo de modificaci\u00f3n o alteraci\u00f3n a la Jurisdicci\u00f3n Especial para la Paz, y ser\u00e9 un opositor de grupos, o partidos o movimientos que pretendan alterar el funcionamiento de la Jurisdicci\u00f3n Especial para la Paz. Quiero que quede claro para el pa\u00eds que el Fiscal General est\u00e1 jugado con la institucionalidad y no va a permitir ning\u00fan tipo de alteraci\u00f3n\u201d.<\/p>\n<p>Por su parte, el presidente de la JEP, Eduardo Cifuentes, se refiri\u00f3 a la estrategia que se viene desarrollando con la Fiscal\u00eda y que ha logrado resultados contundentes: \u201cLa idea nuestra como jurisdicci\u00f3n es trabajar siempre en armon\u00eda con los dem\u00e1s poderes del estado, con el ejecutivo, con la Fiscal\u00eda, con la Procuradur\u00eda. Pr\u00f3ximamente vamos a suscribir un protocolo de colaboraci\u00f3n arm\u00f3nica con la Fiscal\u00eda General de la Naci\u00f3n. La Fiscal\u00eda tiene una gran capacidad de investigaci\u00f3n, sus insumos son importantes para la justicia transicional. No tiene raz\u00f3n de ser que existan conflictos entre las instituciones de la justicia, estamos en una nueva era de relaciones con la Fiscal\u00eda General de la Naci\u00f3n\u201d.<\/p>\n[embedyt] https:\/\/www.youtube.com\/watch?v=bmsUhe1PUns[\/embedyt]\n<p>A su turno, el Presidente de la Rep\u00fablica, Iv\u00e1n Duque M\u00e1rquez, resalt\u00f3 que este logro ante la Corte Penal Internacional se produce gracias a un trabajo arm\u00f3nico de las entidades de Colombia. \u201cTengo que destacar c\u00f3mo las distintas instituciones de nuestro pa\u00eds tambi\u00e9n han respondido y han respondido con hechos, con resultados, ante las preguntas que han sido formuladas por la Corte Penal Internacional, ese ha sido el caso de la Fiscal\u00eda General de la Naci\u00f3n y tambi\u00e9n ha sido el caso de las instancias de Justicia Transicional, donde se muestran los compromisos que tiene nuestro pa\u00eds&#8221;.<\/p>\n[embedyt] https:\/\/www.youtube.com\/watch?v=_eJWU0jmAiw[\/embedyt]\n<p>El Fiscal de la Corte Penal Internacional, Karim A.A. Khan QC, tambi\u00e9n destac\u00f3 el arduo trabajo que ha visto de la Fiscal\u00eda. Precis\u00f3 que \u201cCuando estuve en la Fiscal\u00eda General de la Naci\u00f3n ayer vi excelentes abogados y profesionales, excelentes instalaciones. (&#8230;) \u00a0la Fiscal\u00eda General tiene 5.000 fiscales y 25.000 empleados en un pa\u00eds que se concentra en el Estado de Derecho, es un pa\u00eds que ser\u00e1 fuerte y que progresar\u00e1\u201d.<\/p>\n[embedyt] https:\/\/www.youtube.com\/watch?v=pqfMCap_tro[\/embedyt]\n<p>El Fiscal General, Francisco Barbosa, tambi\u00e9n se refiri\u00f3 al importante trabajo conjunto que se adelanta con la Unidad de B\u00fasqueda de Personas Desaparecidas para recabar informaci\u00f3n suficiente y realizar procesos de ubicaci\u00f3n y recuperaci\u00f3n de cuerpos de personas desaparecidas y que se extiende en procesos de reparaci\u00f3n. \u201cEstamos trabajando tambi\u00e9n con la Unidad de B\u00fasqueda de Personas Desaparecidas y tenemos los equipos conjuntos haciendo la recuperaci\u00f3n de cuerpos, 10.000 desde el inici\u00f3 de esa la Ley de Justicia y Paz, seguiremos trabajando de la mano con ellos y no vamos a acabarla hasta tanto ese trabajo no est\u00e9 terminado. Pero al mismo tiempo tambi\u00e9n estamos recuperando bienes de esas personas que participaron en ese proceso de justicia y paz para entreg\u00e1rselo a las v\u00edctimas que es lo que hemos venido haciendo\u201d, puntualiz\u00f3 el jefe del ente acusador.<\/p>\n<p>MRC\/DLBM\/<\/p>\n\n<div class=\"twitter-share\"><a href=\"https:\/\/twitter.com\/intent\/tweet?via=fiscaliacol\" class=\"twitter-share-button\">Tweet<\/a><\/div>\n","protected":false},"excerpt":{"rendered":"<p>El anuncio lo hizo el Fiscal General en el marco de la firma del Acuerdo de cooperaci\u00f3n entre el Estado y la oficina del Fiscal de la Corte Penal Internacional. El Fiscal General de la Naci\u00f3n, Francisco Barbosa Delgado, destac\u00f3 el cierre del examen preliminar que ten\u00eda la Corte Penal Internacional sobre Colombia desde hace [&hellip;]<\/p>\n","protected":false},"author":176,"featured_media":233353,"comment_status":"closed","ping_status":"open","sticky":false,"template":"","format":"video","meta":{"tdm_status":"","tdm_grid_status":"","footnotes":""},"categories":[24096,1],"tags":[24189,24305],"class_list":{"0":"post-233350","1":"post","2":"type-post","3":"status-publish","4":"format-video","5":"has-post-thumbnail","7":"category-fiscal-general-de-la-nacion","8":"category-noticias","9":"tag-fiscal-francisco-barbosa-delgado","10":"tag-fiscal-general-francisco-barbosa","11":"post_format-post-format-video"},"yoast_head":"<!-- This site is optimized with the Yoast SEO plugin v24.3 - https:\/\/yoast.com\/wordpress\/plugins\/seo\/ -->\n<title>Fiscal\u00eda General de la Naci\u00f3n<\/title>\n<meta name=\"description\" content=\"P\u00e1gina oficial de la Fiscal\u00eda General de la Naci\u00f3n \u2013 Colombia. Garantizamos el acceso efectivo a la justicia, la verdad y la reparaci\u00f3n de las v\u00edctimas de los delitos.\" \/>\n<meta name=\"robots\" content=\"noindex, follow\" \/>\n<meta property=\"og:locale\" content=\"es_ES\" \/>\n<meta property=\"og:type\" content=\"article\" \/>\n<meta property=\"og:title\" content=\"Fiscal\u00eda General de la Naci\u00f3n\" \/>\n<meta property=\"og:description\" content=\"P\u00e1gina oficial de la Fiscal\u00eda General de la Naci\u00f3n \u2013 Colombia. Garantizamos el acceso efectivo a la justicia, la verdad y la reparaci\u00f3n de las v\u00edctimas de los delitos.\" \/>\n<meta property=\"og:url\" content=\"https:\/\/www.fiscalia.gov.co\/colombia\/noticias\/fiscal-general-francisco-barbosa-celebra-el-cierre-del-examen-preliminar-de-la-cpi-a-colombia-y-destaca-la-fortaleza-de-las-instituciones-colombianas-en-el-reconocimiento-y-defensa-de-los-derechos-de\/\" \/>\n<meta property=\"og:site_name\" content=\"Fiscal\u00eda General de la Naci\u00f3n\" \/>\n<meta property=\"article:publisher\" content=\"https:\/\/www.facebook.com\/FiscaliaCol\" \/>\n<meta property=\"article:published_time\" content=\"2021-10-28T18:35:34+00:00\" \/>\n<meta property=\"article:modified_time\" content=\"2021-10-28T19:11:16+00:00\" \/>\n<meta property=\"og:image\" content=\"https:\/\/www.fiscalia.gov.co\/colombia\/wp-content\/uploads\/maxresdefault-117.jpg\" \/>\n\t<meta property=\"og:image:width\" content=\"1280\" \/>\n\t<meta property=\"og:image:height\" content=\"720\" \/>\n\t<meta property=\"og:image:type\" content=\"image\/jpeg\" \/>\n<meta name=\"author\" content=\"Johanna Black Prieto Pe\u00f1a\" \/>\n<meta name=\"twitter:card\" content=\"summary_large_image\" \/>\n<meta name=\"twitter:creator\" content=\"@FiscaliaCol\" \/>\n<meta name=\"twitter:site\" content=\"@FiscaliaCol\" \/>\n<meta name=\"twitter:label1\" content=\"Escrito por\" \/>\n\t<meta name=\"twitter:data1\" content=\"Johanna Black Prieto Pe\u00f1a\" \/>\n\t<meta name=\"twitter:label2\" content=\"Tiempo de lectura\" \/>\n\t<meta name=\"twitter:data2\" content=\"4 minutos\" \/>\n<script type=\"application\/ld+json\" class=\"yoast-schema-graph\">{\"@context\":\"https:\/\/schema.org\",\"@graph\":[{\"@type\":\"Article\",\"@id\":\"https:\/\/www.fiscalia.gov.co\/colombia\/noticias\/fiscal-general-francisco-barbosa-celebra-el-cierre-del-examen-preliminar-de-la-cpi-a-colombia-y-destaca-la-fortaleza-de-las-instituciones-colombianas-en-el-reconocimiento-y-defensa-de-los-derechos-de\/#article\",\"isPartOf\":{\"@id\":\"https:\/\/www.fiscalia.gov.co\/colombia\/noticias\/fiscal-general-francisco-barbosa-celebra-el-cierre-del-examen-preliminar-de-la-cpi-a-colombia-y-destaca-la-fortaleza-de-las-instituciones-colombianas-en-el-reconocimiento-y-defensa-de-los-derechos-de\/\"},\"author\":{\"name\":\"Johanna Black Prieto Pe\u00f1a\",\"@id\":\"https:\/\/www.fiscalia.gov.co\/colombia\/#\/schema\/person\/b19b49f26569f91393176a2b3d13a0e5\"},\"headline\":\"Fiscal General Francisco Barbosa celebra el cierre del examen preliminar de la CPI a Colombia y destaca la fortaleza de las instituciones colombianas en el reconocimiento y defensa de los derechos de las v\u00edctimas\",\"datePublished\":\"2021-10-28T18:35:34+00:00\",\"dateModified\":\"2021-10-28T19:11:16+00:00\",\"mainEntityOfPage\":{\"@id\":\"https:\/\/www.fiscalia.gov.co\/colombia\/noticias\/fiscal-general-francisco-barbosa-celebra-el-cierre-del-examen-preliminar-de-la-cpi-a-colombia-y-destaca-la-fortaleza-de-las-instituciones-colombianas-en-el-reconocimiento-y-defensa-de-los-derechos-de\/\"},\"wordCount\":867,\"publisher\":{\"@id\":\"https:\/\/www.fiscalia.gov.co\/colombia\/#organization\"},\"image\":{\"@id\":\"https:\/\/www.fiscalia.gov.co\/colombia\/noticias\/fiscal-general-francisco-barbosa-celebra-el-cierre-del-examen-preliminar-de-la-cpi-a-colombia-y-destaca-la-fortaleza-de-las-instituciones-colombianas-en-el-reconocimiento-y-defensa-de-los-derechos-de\/#primaryimage\"},\"thumbnailUrl\":\"https:\/\/www.fiscalia.gov.co\/colombia\/wp-content\/uploads\/maxresdefault-117.jpg\",\"keywords\":[\"Fiscal Francisco Barbosa Delgado\",\"Fiscal General Francisco Barbosa\"],\"articleSection\":[\"Fiscal General de la Naci\u00f3n\",\"Noticias\"],\"inLanguage\":\"es-CO\"},{\"@type\":\"WebPage\",\"@id\":\"https:\/\/www.fiscalia.gov.co\/colombia\/noticias\/fiscal-general-francisco-barbosa-celebra-el-cierre-del-examen-preliminar-de-la-cpi-a-colombia-y-destaca-la-fortaleza-de-las-instituciones-colombianas-en-el-reconocimiento-y-defensa-de-los-derechos-de\/\",\"url\":\"https:\/\/www.fiscalia.gov.co\/colombia\/noticias\/fiscal-general-francisco-barbosa-celebra-el-cierre-del-examen-preliminar-de-la-cpi-a-colombia-y-destaca-la-fortaleza-de-las-instituciones-colombianas-en-el-reconocimiento-y-defensa-de-los-derechos-de\/\",\"name\":\"Fiscal\u00eda General de la Naci\u00f3n\",\"isPartOf\":{\"@id\":\"https:\/\/www.fiscalia.gov.co\/colombia\/#website\"},\"primaryImageOfPage\":{\"@id\":\"https:\/\/www.fiscalia.gov.co\/colombia\/noticias\/fiscal-general-francisco-barbosa-celebra-el-cierre-del-examen-preliminar-de-la-cpi-a-colombia-y-destaca-la-fortaleza-de-las-instituciones-colombianas-en-el-reconocimiento-y-defensa-de-los-derechos-de\/#primaryimage\"},\"image\":{\"@id\":\"https:\/\/www.fiscalia.gov.co\/colombia\/noticias\/fiscal-general-francisco-barbosa-celebra-el-cierre-del-examen-preliminar-de-la-cpi-a-colombia-y-destaca-la-fortaleza-de-las-instituciones-colombianas-en-el-reconocimiento-y-defensa-de-los-derechos-de\/#primaryimage\"},\"thumbnailUrl\":\"https:\/\/www.fiscalia.gov.co\/colombia\/wp-content\/uploads\/maxresdefault-117.jpg\",\"datePublished\":\"2021-10-28T18:35:34+00:00\",\"dateModified\":\"2021-10-28T19:11:16+00:00\",\"description\":\"P\u00e1gina oficial de la Fiscal\u00eda General de la Naci\u00f3n \u2013 Colombia. Garantizamos el acceso efectivo a la justicia, la verdad y la reparaci\u00f3n de las v\u00edctimas de los delitos.\",\"breadcrumb\":{\"@id\":\"https:\/\/www.fiscalia.gov.co\/colombia\/noticias\/fiscal-general-francisco-barbosa-celebra-el-cierre-del-examen-preliminar-de-la-cpi-a-colombia-y-destaca-la-fortaleza-de-las-instituciones-colombianas-en-el-reconocimiento-y-defensa-de-los-derechos-de\/#breadcrumb\"},\"inLanguage\":\"es-CO\",\"potentialAction\":[{\"@type\":\"ReadAction\",\"target\":[\"https:\/\/www.fiscalia.gov.co\/colombia\/noticias\/fiscal-general-francisco-barbosa-celebra-el-cierre-del-examen-preliminar-de-la-cpi-a-colombia-y-destaca-la-fortaleza-de-las-instituciones-colombianas-en-el-reconocimiento-y-defensa-de-los-derechos-de\/\"]}]},{\"@type\":\"ImageObject\",\"inLanguage\":\"es-CO\",\"@id\":\"https:\/\/www.fiscalia.gov.co\/colombia\/noticias\/fiscal-general-francisco-barbosa-celebra-el-cierre-del-examen-preliminar-de-la-cpi-a-colombia-y-destaca-la-fortaleza-de-las-instituciones-colombianas-en-el-reconocimiento-y-defensa-de-los-derechos-de\/#primaryimage\",\"url\":\"https:\/\/www.fiscalia.gov.co\/colombia\/wp-content\/uploads\/maxresdefault-117.jpg\",\"contentUrl\":\"https:\/\/www.fiscalia.gov.co\/colombia\/wp-content\/uploads\/maxresdefault-117.jpg\",\"width\":1280,\"height\":720},{\"@type\":\"BreadcrumbList\",\"@id\":\"https:\/\/www.fiscalia.gov.co\/colombia\/noticias\/fiscal-general-francisco-barbosa-celebra-el-cierre-del-examen-preliminar-de-la-cpi-a-colombia-y-destaca-la-fortaleza-de-las-instituciones-colombianas-en-el-reconocimiento-y-defensa-de-los-derechos-de\/#breadcrumb\",\"itemListElement\":[{\"@type\":\"ListItem\",\"position\":1,\"name\":\"Home\",\"item\":\"https:\/\/www.fiscalia.gov.co\/colombia\/\"},{\"@type\":\"ListItem\",\"position\":2,\"name\":\"Fiscal General Francisco Barbosa celebra el cierre del examen preliminar de la CPI a Colombia y destaca la fortaleza de las instituciones colombianas en el reconocimiento y defensa de los derechos de las v\u00edctimas\"}]},{\"@type\":\"WebSite\",\"@id\":\"https:\/\/www.fiscalia.gov.co\/colombia\/#website\",\"url\":\"https:\/\/www.fiscalia.gov.co\/colombia\/\",\"name\":\"Fiscal\u00eda General de la Naci\u00f3n\",\"description\":\"P\u00e1gina oficial de la Fiscal\u00eda General de la Naci\u00f3n \u2013 Colombia. Garantizamos el acceso efectivo a la justicia, la verdad y la reparaci\u00f3n de las v\u00edctimas de los delitos.\",\"publisher\":{\"@id\":\"https:\/\/www.fiscalia.gov.co\/colombia\/#organization\"},\"potentialAction\":[{\"@type\":\"SearchAction\",\"target\":{\"@type\":\"EntryPoint\",\"urlTemplate\":\"https:\/\/www.fiscalia.gov.co\/colombia\/?s={search_term_string}\"},\"query-input\":{\"@type\":\"PropertyValueSpecification\",\"valueRequired\":true,\"valueName\":\"search_term_string\"}}],\"inLanguage\":\"es-CO\"},{\"@type\":\"Organization\",\"@id\":\"https:\/\/www.fiscalia.gov.co\/colombia\/#organization\",\"name\":\"Fiscal\u00eda General de la Naci\u00f3n\",\"url\":\"https:\/\/www.fiscalia.gov.co\/colombia\/\",\"logo\":{\"@type\":\"ImageObject\",\"inLanguage\":\"es-CO\",\"@id\":\"https:\/\/www.fiscalia.gov.co\/colombia\/#\/schema\/logo\/image\/\",\"url\":\"https:\/\/www.fiscalia.gov.co\/colombia\/wp-content\/uploads\/LogoHorizontal_1.jpg\",\"contentUrl\":\"https:\/\/www.fiscalia.gov.co\/colombia\/wp-content\/uploads\/LogoHorizontal_1.jpg\",\"width\":300,\"height\":90,\"caption\":\"Fiscal\u00eda General de la Naci\u00f3n\"},\"image\":{\"@id\":\"https:\/\/www.fiscalia.gov.co\/colombia\/#\/schema\/logo\/image\/\"},\"sameAs\":[\"https:\/\/www.facebook.com\/FiscaliaCol\",\"https:\/\/x.com\/FiscaliaCol\",\"https:\/\/www.instagram.com\/fiscaliacol\",\"https:\/\/www.linkedin.com\/company\/fiscalia-general-de-la-naci-n\/\",\"https:\/\/youtube.com\/@fiscaliageneraldelanacion-4668?si=6nN79nyQICPU5iTh\"]},{\"@type\":\"Person\",\"@id\":\"https:\/\/www.fiscalia.gov.co\/colombia\/#\/schema\/person\/b19b49f26569f91393176a2b3d13a0e5\",\"name\":\"Johanna Black Prieto Pe\u00f1a\",\"image\":{\"@type\":\"ImageObject\",\"inLanguage\":\"es-CO\",\"@id\":\"https:\/\/www.fiscalia.gov.co\/colombia\/#\/schema\/person\/image\/\",\"url\":\"https:\/\/secure.gravatar.com\/avatar\/7f04518e1774335e76d761d76f04003e?s=96&d=mm&r=g\",\"contentUrl\":\"https:\/\/secure.gravatar.com\/avatar\/7f04518e1774335e76d761d76f04003e?s=96&d=mm&r=g\",\"caption\":\"Johanna Black Prieto Pe\u00f1a\"},\"url\":\"https:\/\/www.fiscalia.gov.co\/colombia\/author\/jprieto\/\"}]}<\/script>\n<!-- \/ Yoast SEO plugin. -->","yoast_head_json":{"title":"Fiscal\u00eda General de la Naci\u00f3n","description":"P\u00e1gina oficial de la Fiscal\u00eda General de la Naci\u00f3n \u2013 Colombia. Garantizamos el acceso efectivo a la justicia, la verdad y la reparaci\u00f3n de las v\u00edctimas de los delitos.","robots":{"index":"noindex","follow":"follow"},"og_locale":"es_ES","og_type":"article","og_title":"Fiscal\u00eda General de la Naci\u00f3n","og_description":"P\u00e1gina oficial de la Fiscal\u00eda General de la Naci\u00f3n \u2013 Colombia. Garantizamos el acceso efectivo a la justicia, la verdad y la reparaci\u00f3n de las v\u00edctimas de los delitos.","og_url":"https:\/\/www.fiscalia.gov.co\/colombia\/noticias\/fiscal-general-francisco-barbosa-celebra-el-cierre-del-examen-preliminar-de-la-cpi-a-colombia-y-destaca-la-fortaleza-de-las-instituciones-colombianas-en-el-reconocimiento-y-defensa-de-los-derechos-de\/","og_site_name":"Fiscal\u00eda General de la Naci\u00f3n","article_publisher":"https:\/\/www.facebook.com\/FiscaliaCol","article_published_time":"2021-10-28T18:35:34+00:00","article_modified_time":"2021-10-28T19:11:16+00:00","og_image":[{"width":1280,"height":720,"url":"https:\/\/www.fiscalia.gov.co\/colombia\/wp-content\/uploads\/maxresdefault-117.jpg","type":"image\/jpeg"}],"author":"Johanna Black Prieto Pe\u00f1a","twitter_card":"summary_large_image","twitter_creator":"@FiscaliaCol","twitter_site":"@FiscaliaCol","twitter_misc":{"Escrito por":"Johanna Black Prieto Pe\u00f1a","Tiempo de lectura":"4 minutos"},"schema":{"@context":"https:\/\/schema.org","@graph":[{"@type":"Article","@id":"https:\/\/www.fiscalia.gov.co\/colombia\/noticias\/fiscal-general-francisco-barbosa-celebra-el-cierre-del-examen-preliminar-de-la-cpi-a-colombia-y-destaca-la-fortaleza-de-las-instituciones-colombianas-en-el-reconocimiento-y-defensa-de-los-derechos-de\/#article","isPartOf":{"@id":"https:\/\/www.fiscalia.gov.co\/colombia\/noticias\/fiscal-general-francisco-barbosa-celebra-el-cierre-del-examen-preliminar-de-la-cpi-a-colombia-y-destaca-la-fortaleza-de-las-instituciones-colombianas-en-el-reconocimiento-y-defensa-de-los-derechos-de\/"},"author":{"name":"Johanna Black Prieto Pe\u00f1a","@id":"https:\/\/www.fiscalia.gov.co\/colombia\/#\/schema\/person\/b19b49f26569f91393176a2b3d13a0e5"},"headline":"Fiscal General Francisco Barbosa celebra el cierre del examen preliminar de la CPI a Colombia y destaca la fortaleza de las instituciones colombianas en el reconocimiento y defensa de los derechos de las v\u00edctimas","datePublished":"2021-10-28T18:35:34+00:00","dateModified":"2021-10-28T19:11:16+00:00","mainEntityOfPage":{"@id":"https:\/\/www.fiscalia.gov.co\/colombia\/noticias\/fiscal-general-francisco-barbosa-celebra-el-cierre-del-examen-preliminar-de-la-cpi-a-colombia-y-destaca-la-fortaleza-de-las-instituciones-colombianas-en-el-reconocimiento-y-defensa-de-los-derechos-de\/"},"wordCount":867,"publisher":{"@id":"https:\/\/www.fiscalia.gov.co\/colombia\/#organization"},"image":{"@id":"https:\/\/www.fiscalia.gov.co\/colombia\/noticias\/fiscal-general-francisco-barbosa-celebra-el-cierre-del-examen-preliminar-de-la-cpi-a-colombia-y-destaca-la-fortaleza-de-las-instituciones-colombianas-en-el-reconocimiento-y-defensa-de-los-derechos-de\/#primaryimage"},"thumbnailUrl":"https:\/\/www.fiscalia.gov.co\/colombia\/wp-content\/uploads\/maxresdefault-117.jpg","keywords":["Fiscal Francisco Barbosa Delgado","Fiscal General Francisco Barbosa"],"articleSection":["Fiscal General de la Naci\u00f3n","Noticias"],"inLanguage":"es-CO"},{"@type":"WebPage","@id":"https:\/\/www.fiscalia.gov.co\/colombia\/noticias\/fiscal-general-francisco-barbosa-celebra-el-cierre-del-examen-preliminar-de-la-cpi-a-colombia-y-destaca-la-fortaleza-de-las-instituciones-colombianas-en-el-reconocimiento-y-defensa-de-los-derechos-de\/","url":"https:\/\/www.fiscalia.gov.co\/colombia\/noticias\/fiscal-general-francisco-barbosa-celebra-el-cierre-del-examen-preliminar-de-la-cpi-a-colombia-y-destaca-la-fortaleza-de-las-instituciones-colombianas-en-el-reconocimiento-y-defensa-de-los-derechos-de\/","name":"Fiscal\u00eda General de la Naci\u00f3n","isPartOf":{"@id":"https:\/\/www.fiscalia.gov.co\/colombia\/#website"},"primaryImageOfPage":{"@id":"https:\/\/www.fiscalia.gov.co\/colombia\/noticias\/fiscal-general-francisco-barbosa-celebra-el-cierre-del-examen-preliminar-de-la-cpi-a-colombia-y-destaca-la-fortaleza-de-las-instituciones-colombianas-en-el-reconocimiento-y-defensa-de-los-derechos-de\/#primaryimage"},"image":{"@id":"https:\/\/www.fiscalia.gov.co\/colombia\/noticias\/fiscal-general-francisco-barbosa-celebra-el-cierre-del-examen-preliminar-de-la-cpi-a-colombia-y-destaca-la-fortaleza-de-las-instituciones-colombianas-en-el-reconocimiento-y-defensa-de-los-derechos-de\/#primaryimage"},"thumbnailUrl":"https:\/\/www.fiscalia.gov.co\/colombia\/wp-content\/uploads\/maxresdefault-117.jpg","datePublished":"2021-10-28T18:35:34+00:00","dateModified":"2021-10-28T19:11:16+00:00","description":"P\u00e1gina oficial de la Fiscal\u00eda General de la Naci\u00f3n \u2013 Colombia. Garantizamos el acceso efectivo a la justicia, la verdad y la reparaci\u00f3n de las v\u00edctimas de los delitos.","breadcrumb":{"@id":"https:\/\/www.fiscalia.gov.co\/colombia\/noticias\/fiscal-general-francisco-barbosa-celebra-el-cierre-del-examen-preliminar-de-la-cpi-a-colombia-y-destaca-la-fortaleza-de-las-instituciones-colombianas-en-el-reconocimiento-y-defensa-de-los-derechos-de\/#breadcrumb"},"inLanguage":"es-CO","potentialAction":[{"@type":"ReadAction","target":["https:\/\/www.fiscalia.gov.co\/colombia\/noticias\/fiscal-general-francisco-barbosa-celebra-el-cierre-del-examen-preliminar-de-la-cpi-a-colombia-y-destaca-la-fortaleza-de-las-instituciones-colombianas-en-el-reconocimiento-y-defensa-de-los-derechos-de\/"]}]},{"@type":"ImageObject","inLanguage":"es-CO","@id":"https:\/\/www.fiscalia.gov.co\/colombia\/noticias\/fiscal-general-francisco-barbosa-celebra-el-cierre-del-examen-preliminar-de-la-cpi-a-colombia-y-destaca-la-fortaleza-de-las-instituciones-colombianas-en-el-reconocimiento-y-defensa-de-los-derechos-de\/#primaryimage","url":"https:\/\/www.fiscalia.gov.co\/colombia\/wp-content\/uploads\/maxresdefault-117.jpg","contentUrl":"https:\/\/www.fiscalia.gov.co\/colombia\/wp-content\/uploads\/maxresdefault-117.jpg","width":1280,"height":720},{"@type":"BreadcrumbList","@id":"https:\/\/www.fiscalia.gov.co\/colombia\/noticias\/fiscal-general-francisco-barbosa-celebra-el-cierre-del-examen-preliminar-de-la-cpi-a-colombia-y-destaca-la-fortaleza-de-las-instituciones-colombianas-en-el-reconocimiento-y-defensa-de-los-derechos-de\/#breadcrumb","itemListElement":[{"@type":"ListItem","position":1,"name":"Home","item":"https:\/\/www.fiscalia.gov.co\/colombia\/"},{"@type":"ListItem","position":2,"name":"Fiscal General Francisco Barbosa celebra el cierre del examen preliminar de la CPI a Colombia y destaca la fortaleza de las instituciones colombianas en el reconocimiento y defensa de los derechos de las v\u00edctimas"}]},{"@type":"WebSite","@id":"https:\/\/www.fiscalia.gov.co\/colombia\/#website","url":"https:\/\/www.fiscalia.gov.co\/colombia\/","name":"Fiscal\u00eda General de la Naci\u00f3n","description":"P\u00e1gina oficial de la Fiscal\u00eda General de la Naci\u00f3n \u2013 Colombia. Garantizamos el acceso efectivo a la justicia, la verdad y la reparaci\u00f3n de las v\u00edctimas de los delitos.","publisher":{"@id":"https:\/\/www.fiscalia.gov.co\/colombia\/#organization"},"potentialAction":[{"@type":"SearchAction","target":{"@type":"EntryPoint","urlTemplate":"https:\/\/www.fiscalia.gov.co\/colombia\/?s={search_term_string}"},"query-input":{"@type":"PropertyValueSpecification","valueRequired":true,"valueName":"search_term_string"}}],"inLanguage":"es-CO"},{"@type":"Organization","@id":"https:\/\/www.fiscalia.gov.co\/colombia\/#organization","name":"Fiscal\u00eda General de la Naci\u00f3n","url":"https:\/\/www.fiscalia.gov.co\/colombia\/","logo":{"@type":"ImageObject","inLanguage":"es-CO","@id":"https:\/\/www.fiscalia.gov.co\/colombia\/#\/schema\/logo\/image\/","url":"https:\/\/www.fiscalia.gov.co\/colombia\/wp-content\/uploads\/LogoHorizontal_1.jpg","contentUrl":"https:\/\/www.fiscalia.gov.co\/colombia\/wp-content\/uploads\/LogoHorizontal_1.jpg","width":300,"height":90,"caption":"Fiscal\u00eda General de la Naci\u00f3n"},"image":{"@id":"https:\/\/www.fiscalia.gov.co\/colombia\/#\/schema\/logo\/image\/"},"sameAs":["https:\/\/www.facebook.com\/FiscaliaCol","https:\/\/x.com\/FiscaliaCol","https:\/\/www.instagram.com\/fiscaliacol","https:\/\/www.linkedin.com\/company\/fiscalia-general-de-la-naci-n\/","https:\/\/youtube.com\/@fiscaliageneraldelanacion-4668?si=6nN79nyQICPU5iTh"]},{"@type":"Person","@id":"https:\/\/www.fiscalia.gov.co\/colombia\/#\/schema\/person\/b19b49f26569f91393176a2b3d13a0e5","name":"Johanna Black Prieto Pe\u00f1a","image":{"@type":"ImageObject","inLanguage":"es-CO","@id":"https:\/\/www.fiscalia.gov.co\/colombia\/#\/schema\/person\/image\/","url":"https:\/\/secure.gravatar.com\/avatar\/7f04518e1774335e76d761d76f04003e?s=96&d=mm&r=g","contentUrl":"https:\/\/secure.gravatar.com\/avatar\/7f04518e1774335e76d761d76f04003e?s=96&d=mm&r=g","caption":"Johanna Black Prieto Pe\u00f1a"},"url":"https:\/\/www.fiscalia.gov.co\/colombia\/author\/jprieto\/"}]}},"_links":{"self":[{"href":"https:\/\/www.fiscalia.gov.co\/colombia\/wp-json\/wp\/v2\/posts\/233350","targetHints":{"allow":["GET"]}}],"collection":[{"href":"https:\/\/www.fiscalia.gov.co\/colombia\/wp-json\/wp\/v2\/posts"}],"about":[{"href":"https:\/\/www.fiscalia.gov.co\/colombia\/wp-json\/wp\/v2\/types\/post"}],"author":[{"embeddable":true,"href":"https:\/\/www.fiscalia.gov.co\/colombia\/wp-json\/wp\/v2\/users\/176"}],"replies":[{"embeddable":true,"href":"https:\/\/www.fiscalia.gov.co\/colombia\/wp-json\/wp\/v2\/comments?post=233350"}],"version-history":[{"count":3,"href":"https:\/\/www.fiscalia.gov.co\/colombia\/wp-json\/wp\/v2\/posts\/233350\/revisions"}],"predecessor-version":[{"id":233355,"href":"https:\/\/www.fiscalia.gov.co\/colombia\/wp-json\/wp\/v2\/posts\/233350\/revisions\/233355"}],"wp:featuredmedia":[{"embeddable":true,"href":"https:\/\/www.fiscalia.gov.co\/colombia\/wp-json\/wp\/v2\/media\/233353"}],"wp:attachment":[{"href":"https:\/\/www.fiscalia.gov.co\/colombia\/wp-json\/wp\/v2\/media?parent=233350"}],"wp:term":[{"taxonomy":"category","embeddable":true,"href":"https:\/\/www.fiscalia.gov.co\/colombia\/wp-json\/wp\/v2\/categories?post=233350"},{"taxonomy":"post_tag","embeddable":true,"href":"https:\/\/www.fiscalia.gov.co\/colombia\/wp-json\/wp\/v2\/tags?post=233350"}],"curies":[{"name":"wp","href":"https:\/\/api.w.org\/{rel}","templated":true}]}}