{"id":233077,"date":"2021-10-26T10:51:35","date_gmt":"2021-10-26T15:51:35","guid":{"rendered":"https:\/\/www.fiscalia.gov.co\/colombia\/?p=233077"},"modified":"2021-10-26T10:51:35","modified_gmt":"2021-10-26T15:51:35","slug":"dos-hombres-y-un-menor-fueron-judicializados-porque-presuntamente-hurtaron-dos-vehiculos-y-portaban-armas-de-fuego","status":"publish","type":"post","link":"https:\/\/www.fiscalia.gov.co\/colombia\/noticias\/dos-hombres-y-un-menor-fueron-judicializados-porque-presuntamente-hurtaron-dos-vehiculos-y-portaban-armas-de-fuego\/","title":{"rendered":"Dos hombres y un menor fueron judicializados porque presuntamente hurtaron dos veh\u00edculos  y portaban armas de fuego"},"content":{"rendered":"<p><span lang=\"ES\">La Fiscal\u00eda Seccional Huila obtuvo <b>medida privativa de la libertad en centro carcelario<\/b>\u00a0en contra de Harold Daniel Quinaguas Achicue y Franklin Poche Cuello, y\u00a0<b>medida de internamiento preventivo<\/b>\u00a0en contra de un menor de 16 a\u00f1os de edad.\u00a0\u00a0<u><\/u>\u00a0<u><\/u><\/span><\/p>\n<p><span lang=\"ES\">Los procesados son se\u00f1alados de presuntamente <b>hurtar dos veh\u00edculos<\/b>\u00a0el pasado 21 de octubre en la vereda Los Yuyos en Pacarn\u00ed, Tesalia (Huila), tras lo cual se puso en marcha un plan candado por parte de unidades del Ej\u00e9rcito y de la Polic\u00eda Nacional que permiti\u00f3 su\u00a0\u00a0recuperaci\u00f3n y la captura de los hombres.\u00a0<u><\/u>\u00a0<u><\/u><\/span><\/p>\n<figure id=\"attachment_233078\" aria-describedby=\"caption-attachment-233078\" style=\"width: 696px\" class=\"wp-caption alignnone\"><img loading=\"lazy\" decoding=\"async\" class=\"wp-image-233078 size-large\" src=\"https:\/\/www.fiscalia.gov.co\/colombia\/wp-content\/uploads\/Procesados-son-se\u00f1alados-de-presuntamente-hurtar-dos-veh\u00edculos-en-la-vereda-Los-Yuyos-en-Pacarn\u00ed-Tesalia-Huila-1024x696.jpeg\" alt=\"\" width=\"696\" height=\"473\" srcset=\"https:\/\/www.fiscalia.gov.co\/colombia\/wp-content\/uploads\/Procesados-son-se\u00f1alados-de-presuntamente-hurtar-dos-veh\u00edculos-en-la-vereda-Los-Yuyos-en-Pacarn\u00ed-Tesalia-Huila-1024x696.jpeg 1024w, https:\/\/www.fiscalia.gov.co\/colombia\/wp-content\/uploads\/Procesados-son-se\u00f1alados-de-presuntamente-hurtar-dos-veh\u00edculos-en-la-vereda-Los-Yuyos-en-Pacarn\u00ed-Tesalia-Huila-300x204.jpeg 300w, https:\/\/www.fiscalia.gov.co\/colombia\/wp-content\/uploads\/Procesados-son-se\u00f1alados-de-presuntamente-hurtar-dos-veh\u00edculos-en-la-vereda-Los-Yuyos-en-Pacarn\u00ed-Tesalia-Huila-768x522.jpeg 768w, https:\/\/www.fiscalia.gov.co\/colombia\/wp-content\/uploads\/Procesados-son-se\u00f1alados-de-presuntamente-hurtar-dos-veh\u00edculos-en-la-vereda-Los-Yuyos-en-Pacarn\u00ed-Tesalia-Huila-696x473.jpeg 696w, https:\/\/www.fiscalia.gov.co\/colombia\/wp-content\/uploads\/Procesados-son-se\u00f1alados-de-presuntamente-hurtar-dos-veh\u00edculos-en-la-vereda-Los-Yuyos-en-Pacarn\u00ed-Tesalia-Huila-618x420.jpeg 618w, https:\/\/www.fiscalia.gov.co\/colombia\/wp-content\/uploads\/Procesados-son-se\u00f1alados-de-presuntamente-hurtar-dos-veh\u00edculos-en-la-vereda-Los-Yuyos-en-Pacarn\u00ed-Tesalia-Huila.jpeg 1060w\" sizes=\"auto, (max-width: 696px) 100vw, 696px\" \/><figcaption id=\"caption-attachment-233078\" class=\"wp-caption-text\">Los tres\u00a0\u00a0hombres fueron capturados mediante un plan candado realizado por Ej\u00e9rcito y Polic\u00eda Nacional.<\/figcaption><\/figure>\n<p><span lang=\"ES\">Poche Cuello, quien conduc\u00eda la camioneta al parecer portaba un <b>arma de fuego tipo rev\u00f3lver calibre 38 con 6 cartuchos\u00a0 y una granada hechiza.<\/b>\u00a0Por su parte, Quinaguas Achicue, quien conduc\u00eda el otro\u00a0\u00a0autom\u00f3vil, ten\u00eda en su poder\u00a0<b>un arma de fuego tipo revolver calibre 22<\/b>\u00a0y all\u00ed iba como copiloto el menor de edad quien supuestamente ten\u00eda una\u00a0<b>granada hechiza y tres celulares<\/b>. \u00a0<u><\/u>\u00a0<u><\/u><\/span><\/p>\n<p><span lang=\"ES\">El ente acusador les formul\u00f3 imputaci\u00f3n a Quinaguas Achicue y Poche Cuello por su posible coautor\u00eda en los delitos de <b>fabricaci\u00f3n, tr\u00e1fico, porte o tenencia de armas de fuego, accesorios, partes o municiones en concurso con hurto calificado y agravado y uso de menores de edad la comisi\u00f3n de delitos.<\/b>\u00a0<u><\/u>\u00a0<u><\/u><\/span><\/p>\n<p><span lang=\"ES\">Por su\u00a0\u00a0parte, al menor un fiscal de infancia y adolescencia le imput\u00f3 los delitos de <b>fabricaci\u00f3n, tr\u00e1fico o porte de armas de fuego accesorios, partes o municiones agravado en concurso heterog\u00e9neo hurto calificado agravado<\/b>.\u00a0<u><\/u>\u00a0<u><\/u><\/span><\/p>\n<p><span lang=\"ES\">Tras la imputaci\u00f3n <b>ninguno se allan\u00f3 a los cargos<\/b>. \u00a0\u00a0<u><\/u>\u00a0<u><\/u><\/span><\/p>\n<p><span lang=\"ES\">La Fiscal\u00eda publica esta informaci\u00f3n por razones de inter\u00e9s general.<\/span><span lang=\"ES\"><u><\/u>\u00a0<u><\/u><\/span><\/p>\n<p><span lang=\"ES\">LMGM\/CFG\/EAP\u00a0<u><\/u>\u00a0<u><\/u><\/span><\/p>\n<p><i>La informaci\u00f3n contenida en este bolet\u00edn de prensa corresponde a la narraci\u00f3n de los hechos noticiosos objetivos, suministrados por los funcionarios encargados de adelantar las investigaciones penales al interior de la Fiscal\u00eda General de la Naci\u00f3n. Para el momento de la divulgaci\u00f3n de este comunicado, la situaci\u00f3n jur\u00eddica de la(s) persona(s) relacionada(s) se encuentra pendiente de resolver por la autoridad judicial competente, siempre bajo los preceptos de la presunci\u00f3n de inocencia, consagrados en el art\u00edculo 29 de la Constituci\u00f3n Pol\u00edtica y el art\u00edculo 7\u00ba de la Ley 906 de 2004.<\/i><\/p>\n<p><strong>Tambi\u00e9n le puede interesar:<\/strong>\u00a0<a title=\"Medidas de aseguramiento a dos hombres por porte de armas de uso privativo de las fuerzas armadas en Leticia (Amazonas)\" href=\"https:\/\/www.fiscalia.gov.co\/colombia\/noticias\/medidas-de-aseguramiento-a-dos-hombres-por-porte-de-armas-de-uso-privativo-de-las-fuerzas-armadas-en-leticia-amazonas\/\" target=\"_blank\" rel=\"noopener noreferrer\" data-saferedirecturl=\"https:\/\/www.google.com\/url?q=https:\/\/www.fiscalia.gov.co\/colombia\/noticias\/medidas-de-aseguramiento-a-dos-hombres-por-porte-de-armas-de-uso-privativo-de-las-fuerzas-armadas-en-leticia-amazonas\/&amp;source=gmail&amp;ust=1635349220432000&amp;usg=AOvVaw0TScVptHNW51E7RnJKuFaO\">Medidas de aseguramiento a dos hombres por porte de armas de uso privativo de las fuerzas armadas en Leticia (Amazonas)<\/a><\/p>\n<h3><\/h3>\n<h3><\/h3>\n\n<div class=\"twitter-share\"><a href=\"https:\/\/twitter.com\/intent\/tweet?via=fiscaliacol\" class=\"twitter-share-button\">Tweet<\/a><\/div>\n","protected":false},"excerpt":{"rendered":"<p>La Fiscal\u00eda Seccional Huila obtuvo medida privativa de la libertad en centro carcelario\u00a0en contra de Harold Daniel Quinaguas Achicue y Franklin Poche Cuello, y\u00a0medida de internamiento preventivo\u00a0en contra de un menor de 16 a\u00f1os de edad.\u00a0\u00a0\u00a0 Los procesados son se\u00f1alados de presuntamente hurtar dos veh\u00edculos\u00a0el pasado 21 de octubre en la vereda Los Yuyos en [&hellip;]<\/p>\n","protected":false},"author":176,"featured_media":0,"comment_status":"closed","ping_status":"open","sticky":false,"template":"","format":"standard","meta":{"_price":"","_stock":"","_tribe_ticket_header":"","_tribe_default_ticket_provider":"","_tribe_ticket_capacity":"0","_ticket_start_date":"","_ticket_end_date":"","_tribe_ticket_show_description":"","_tribe_ticket_show_not_going":false,"_tribe_ticket_use_global_stock":"","_tribe_ticket_global_stock_level":"","_global_stock_mode":"","_global_stock_cap":"","_tribe_rsvp_for_event":"","_tribe_ticket_going_count":"","_tribe_ticket_not_going_count":"","_tribe_tickets_list":"[]","_tribe_ticket_has_attendee_info_fields":false,"tdm_status":"","tdm_grid_status":"","footnotes":""},"categories":[1,333,303],"tags":[24189,24526,16,14371,7451,24507,933,28417,24233],"class_list":{"0":"post-233077","1":"post","2":"type-post","3":"status-publish","4":"format-standard","6":"category-noticias","7":"category-seccional-neiva","8":"category-seccionales","9":"tag-fiscal-francisco-barbosa-delgado","10":"tag-fiscal-general-francisco-barbosa-delgado","11":"tag-huila","12":"tag-hurto-a-vehiculos","13":"tag-hurto-calificado-y-agravado","14":"tag-internamiento-preventivo","15":"tag-porte-ilegal-de-armas","16":"tag-tesalia","17":"tag-uso-de-menores"},"yoast_head":"<!-- This site is optimized with the Yoast SEO plugin v24.3 - https:\/\/yoast.com\/wordpress\/plugins\/seo\/ -->\n<title>Fiscal\u00eda General de la Naci\u00f3n<\/title>\n<meta name=\"description\" content=\"P\u00e1gina oficial de la Fiscal\u00eda General de la Naci\u00f3n \u2013 Colombia. Garantizamos el acceso efectivo a la justicia, la verdad y la reparaci\u00f3n de las v\u00edctimas de los delitos.\" \/>\n<meta name=\"robots\" content=\"noindex, follow\" \/>\n<meta property=\"og:locale\" content=\"es_ES\" \/>\n<meta property=\"og:type\" content=\"article\" \/>\n<meta property=\"og:title\" content=\"Fiscal\u00eda General de la Naci\u00f3n\" \/>\n<meta property=\"og:description\" content=\"P\u00e1gina oficial de la Fiscal\u00eda General de la Naci\u00f3n \u2013 Colombia. Garantizamos el acceso efectivo a la justicia, la verdad y la reparaci\u00f3n de las v\u00edctimas de los delitos.\" \/>\n<meta property=\"og:url\" content=\"https:\/\/www.fiscalia.gov.co\/colombia\/noticias\/dos-hombres-y-un-menor-fueron-judicializados-porque-presuntamente-hurtaron-dos-vehiculos-y-portaban-armas-de-fuego\/\" \/>\n<meta property=\"og:site_name\" content=\"Fiscal\u00eda General de la Naci\u00f3n\" \/>\n<meta property=\"article:publisher\" content=\"https:\/\/www.facebook.com\/FiscaliaCol\" \/>\n<meta property=\"article:published_time\" content=\"2021-10-26T15:51:35+00:00\" \/>\n<meta name=\"author\" content=\"Johanna Black Prieto Pe\u00f1a\" \/>\n<meta name=\"twitter:card\" content=\"summary_large_image\" \/>\n<meta name=\"twitter:creator\" content=\"@FiscaliaCol\" \/>\n<meta name=\"twitter:site\" content=\"@FiscaliaCol\" \/>\n<meta name=\"twitter:label1\" content=\"Escrito por\" \/>\n\t<meta name=\"twitter:data1\" content=\"Johanna Black Prieto Pe\u00f1a\" \/>\n\t<meta name=\"twitter:label2\" content=\"Tiempo de lectura\" \/>\n\t<meta name=\"twitter:data2\" content=\"2 minutos\" \/>\n<script type=\"application\/ld+json\" class=\"yoast-schema-graph\">{\"@context\":\"https:\/\/schema.org\",\"@graph\":[{\"@type\":\"Article\",\"@id\":\"https:\/\/www.fiscalia.gov.co\/colombia\/noticias\/dos-hombres-y-un-menor-fueron-judicializados-porque-presuntamente-hurtaron-dos-vehiculos-y-portaban-armas-de-fuego\/#article\",\"isPartOf\":{\"@id\":\"https:\/\/www.fiscalia.gov.co\/colombia\/noticias\/dos-hombres-y-un-menor-fueron-judicializados-porque-presuntamente-hurtaron-dos-vehiculos-y-portaban-armas-de-fuego\/\"},\"author\":{\"name\":\"Johanna Black Prieto Pe\u00f1a\",\"@id\":\"https:\/\/www.fiscalia.gov.co\/colombia\/#\/schema\/person\/b19b49f26569f91393176a2b3d13a0e5\"},\"headline\":\"Dos hombres y un menor fueron judicializados porque presuntamente hurtaron dos veh\u00edculos y portaban armas de fuego\",\"datePublished\":\"2021-10-26T15:51:35+00:00\",\"dateModified\":\"2021-10-26T15:51:35+00:00\",\"mainEntityOfPage\":{\"@id\":\"https:\/\/www.fiscalia.gov.co\/colombia\/noticias\/dos-hombres-y-un-menor-fueron-judicializados-porque-presuntamente-hurtaron-dos-vehiculos-y-portaban-armas-de-fuego\/\"},\"wordCount\":453,\"publisher\":{\"@id\":\"https:\/\/www.fiscalia.gov.co\/colombia\/#organization\"},\"keywords\":[\"Fiscal Francisco Barbosa Delgado\",\"Fiscal General Francisco Barbosa Delgado\",\"Huila\",\"hurto a veh\u00edculos\",\"hurto calificado y agravado\",\"internamiento preventivo\",\"Porte ilegal de armas\",\"Tesalia\",\"uso de menores\"],\"articleSection\":[\"Noticias\",\"Seccional Neiva\",\"Seccionales\"],\"inLanguage\":\"es-CO\"},{\"@type\":\"WebPage\",\"@id\":\"https:\/\/www.fiscalia.gov.co\/colombia\/noticias\/dos-hombres-y-un-menor-fueron-judicializados-porque-presuntamente-hurtaron-dos-vehiculos-y-portaban-armas-de-fuego\/\",\"url\":\"https:\/\/www.fiscalia.gov.co\/colombia\/noticias\/dos-hombres-y-un-menor-fueron-judicializados-porque-presuntamente-hurtaron-dos-vehiculos-y-portaban-armas-de-fuego\/\",\"name\":\"Fiscal\u00eda General de la Naci\u00f3n\",\"isPartOf\":{\"@id\":\"https:\/\/www.fiscalia.gov.co\/colombia\/#website\"},\"datePublished\":\"2021-10-26T15:51:35+00:00\",\"dateModified\":\"2021-10-26T15:51:35+00:00\",\"description\":\"P\u00e1gina oficial de la Fiscal\u00eda General de la Naci\u00f3n \u2013 Colombia. Garantizamos el acceso efectivo a la justicia, la verdad y la reparaci\u00f3n de las v\u00edctimas de los delitos.\",\"breadcrumb\":{\"@id\":\"https:\/\/www.fiscalia.gov.co\/colombia\/noticias\/dos-hombres-y-un-menor-fueron-judicializados-porque-presuntamente-hurtaron-dos-vehiculos-y-portaban-armas-de-fuego\/#breadcrumb\"},\"inLanguage\":\"es-CO\",\"potentialAction\":[{\"@type\":\"ReadAction\",\"target\":[\"https:\/\/www.fiscalia.gov.co\/colombia\/noticias\/dos-hombres-y-un-menor-fueron-judicializados-porque-presuntamente-hurtaron-dos-vehiculos-y-portaban-armas-de-fuego\/\"]}]},{\"@type\":\"BreadcrumbList\",\"@id\":\"https:\/\/www.fiscalia.gov.co\/colombia\/noticias\/dos-hombres-y-un-menor-fueron-judicializados-porque-presuntamente-hurtaron-dos-vehiculos-y-portaban-armas-de-fuego\/#breadcrumb\",\"itemListElement\":[{\"@type\":\"ListItem\",\"position\":1,\"name\":\"Home\",\"item\":\"https:\/\/www.fiscalia.gov.co\/colombia\/\"},{\"@type\":\"ListItem\",\"position\":2,\"name\":\"Dos hombres y un menor fueron judicializados porque presuntamente hurtaron dos veh\u00edculos y portaban armas de fuego\"}]},{\"@type\":\"WebSite\",\"@id\":\"https:\/\/www.fiscalia.gov.co\/colombia\/#website\",\"url\":\"https:\/\/www.fiscalia.gov.co\/colombia\/\",\"name\":\"Fiscal\u00eda General de la Naci\u00f3n\",\"description\":\"P\u00e1gina oficial de la Fiscal\u00eda General de la Naci\u00f3n \u2013 Colombia. Garantizamos el acceso efectivo a la justicia, la verdad y la reparaci\u00f3n de las v\u00edctimas de los delitos.\",\"publisher\":{\"@id\":\"https:\/\/www.fiscalia.gov.co\/colombia\/#organization\"},\"potentialAction\":[{\"@type\":\"SearchAction\",\"target\":{\"@type\":\"EntryPoint\",\"urlTemplate\":\"https:\/\/www.fiscalia.gov.co\/colombia\/?s={search_term_string}\"},\"query-input\":{\"@type\":\"PropertyValueSpecification\",\"valueRequired\":true,\"valueName\":\"search_term_string\"}}],\"inLanguage\":\"es-CO\"},{\"@type\":\"Organization\",\"@id\":\"https:\/\/www.fiscalia.gov.co\/colombia\/#organization\",\"name\":\"Fiscal\u00eda General de la Naci\u00f3n\",\"url\":\"https:\/\/www.fiscalia.gov.co\/colombia\/\",\"logo\":{\"@type\":\"ImageObject\",\"inLanguage\":\"es-CO\",\"@id\":\"https:\/\/www.fiscalia.gov.co\/colombia\/#\/schema\/logo\/image\/\",\"url\":\"https:\/\/www.fiscalia.gov.co\/colombia\/wp-content\/uploads\/LogoHorizontal_1.jpg\",\"contentUrl\":\"https:\/\/www.fiscalia.gov.co\/colombia\/wp-content\/uploads\/LogoHorizontal_1.jpg\",\"width\":300,\"height\":90,\"caption\":\"Fiscal\u00eda General de la Naci\u00f3n\"},\"image\":{\"@id\":\"https:\/\/www.fiscalia.gov.co\/colombia\/#\/schema\/logo\/image\/\"},\"sameAs\":[\"https:\/\/www.facebook.com\/FiscaliaCol\",\"https:\/\/x.com\/FiscaliaCol\",\"https:\/\/www.instagram.com\/fiscaliacol\",\"https:\/\/www.linkedin.com\/company\/fiscalia-general-de-la-naci-n\/\",\"https:\/\/youtube.com\/@fiscaliageneraldelanacion-4668?si=6nN79nyQICPU5iTh\"]},{\"@type\":\"Person\",\"@id\":\"https:\/\/www.fiscalia.gov.co\/colombia\/#\/schema\/person\/b19b49f26569f91393176a2b3d13a0e5\",\"name\":\"Johanna Black Prieto Pe\u00f1a\",\"image\":{\"@type\":\"ImageObject\",\"inLanguage\":\"es-CO\",\"@id\":\"https:\/\/www.fiscalia.gov.co\/colombia\/#\/schema\/person\/image\/\",\"url\":\"https:\/\/secure.gravatar.com\/avatar\/7f04518e1774335e76d761d76f04003e?s=96&d=mm&r=g\",\"contentUrl\":\"https:\/\/secure.gravatar.com\/avatar\/7f04518e1774335e76d761d76f04003e?s=96&d=mm&r=g\",\"caption\":\"Johanna Black Prieto Pe\u00f1a\"},\"url\":\"https:\/\/www.fiscalia.gov.co\/colombia\/author\/jprieto\/\"}]}<\/script>\n<!-- \/ Yoast SEO plugin. -->","yoast_head_json":{"title":"Fiscal\u00eda General de la Naci\u00f3n","description":"P\u00e1gina oficial de la Fiscal\u00eda General de la Naci\u00f3n \u2013 Colombia. Garantizamos el acceso efectivo a la justicia, la verdad y la reparaci\u00f3n de las v\u00edctimas de los delitos.","robots":{"index":"noindex","follow":"follow"},"og_locale":"es_ES","og_type":"article","og_title":"Fiscal\u00eda General de la Naci\u00f3n","og_description":"P\u00e1gina oficial de la Fiscal\u00eda General de la Naci\u00f3n \u2013 Colombia. Garantizamos el acceso efectivo a la justicia, la verdad y la reparaci\u00f3n de las v\u00edctimas de los delitos.","og_url":"https:\/\/www.fiscalia.gov.co\/colombia\/noticias\/dos-hombres-y-un-menor-fueron-judicializados-porque-presuntamente-hurtaron-dos-vehiculos-y-portaban-armas-de-fuego\/","og_site_name":"Fiscal\u00eda General de la Naci\u00f3n","article_publisher":"https:\/\/www.facebook.com\/FiscaliaCol","article_published_time":"2021-10-26T15:51:35+00:00","author":"Johanna Black Prieto Pe\u00f1a","twitter_card":"summary_large_image","twitter_creator":"@FiscaliaCol","twitter_site":"@FiscaliaCol","twitter_misc":{"Escrito por":"Johanna Black Prieto Pe\u00f1a","Tiempo de lectura":"2 minutos"},"schema":{"@context":"https:\/\/schema.org","@graph":[{"@type":"Article","@id":"https:\/\/www.fiscalia.gov.co\/colombia\/noticias\/dos-hombres-y-un-menor-fueron-judicializados-porque-presuntamente-hurtaron-dos-vehiculos-y-portaban-armas-de-fuego\/#article","isPartOf":{"@id":"https:\/\/www.fiscalia.gov.co\/colombia\/noticias\/dos-hombres-y-un-menor-fueron-judicializados-porque-presuntamente-hurtaron-dos-vehiculos-y-portaban-armas-de-fuego\/"},"author":{"name":"Johanna Black Prieto Pe\u00f1a","@id":"https:\/\/www.fiscalia.gov.co\/colombia\/#\/schema\/person\/b19b49f26569f91393176a2b3d13a0e5"},"headline":"Dos hombres y un menor fueron judicializados porque presuntamente hurtaron dos veh\u00edculos y portaban armas de fuego","datePublished":"2021-10-26T15:51:35+00:00","dateModified":"2021-10-26T15:51:35+00:00","mainEntityOfPage":{"@id":"https:\/\/www.fiscalia.gov.co\/colombia\/noticias\/dos-hombres-y-un-menor-fueron-judicializados-porque-presuntamente-hurtaron-dos-vehiculos-y-portaban-armas-de-fuego\/"},"wordCount":453,"publisher":{"@id":"https:\/\/www.fiscalia.gov.co\/colombia\/#organization"},"keywords":["Fiscal Francisco Barbosa Delgado","Fiscal General Francisco Barbosa Delgado","Huila","hurto a veh\u00edculos","hurto calificado y agravado","internamiento preventivo","Porte ilegal de armas","Tesalia","uso de menores"],"articleSection":["Noticias","Seccional Neiva","Seccionales"],"inLanguage":"es-CO"},{"@type":"WebPage","@id":"https:\/\/www.fiscalia.gov.co\/colombia\/noticias\/dos-hombres-y-un-menor-fueron-judicializados-porque-presuntamente-hurtaron-dos-vehiculos-y-portaban-armas-de-fuego\/","url":"https:\/\/www.fiscalia.gov.co\/colombia\/noticias\/dos-hombres-y-un-menor-fueron-judicializados-porque-presuntamente-hurtaron-dos-vehiculos-y-portaban-armas-de-fuego\/","name":"Fiscal\u00eda General de la Naci\u00f3n","isPartOf":{"@id":"https:\/\/www.fiscalia.gov.co\/colombia\/#website"},"datePublished":"2021-10-26T15:51:35+00:00","dateModified":"2021-10-26T15:51:35+00:00","description":"P\u00e1gina oficial de la Fiscal\u00eda General de la Naci\u00f3n \u2013 Colombia. Garantizamos el acceso efectivo a la justicia, la verdad y la reparaci\u00f3n de las v\u00edctimas de los delitos.","breadcrumb":{"@id":"https:\/\/www.fiscalia.gov.co\/colombia\/noticias\/dos-hombres-y-un-menor-fueron-judicializados-porque-presuntamente-hurtaron-dos-vehiculos-y-portaban-armas-de-fuego\/#breadcrumb"},"inLanguage":"es-CO","potentialAction":[{"@type":"ReadAction","target":["https:\/\/www.fiscalia.gov.co\/colombia\/noticias\/dos-hombres-y-un-menor-fueron-judicializados-porque-presuntamente-hurtaron-dos-vehiculos-y-portaban-armas-de-fuego\/"]}]},{"@type":"BreadcrumbList","@id":"https:\/\/www.fiscalia.gov.co\/colombia\/noticias\/dos-hombres-y-un-menor-fueron-judicializados-porque-presuntamente-hurtaron-dos-vehiculos-y-portaban-armas-de-fuego\/#breadcrumb","itemListElement":[{"@type":"ListItem","position":1,"name":"Home","item":"https:\/\/www.fiscalia.gov.co\/colombia\/"},{"@type":"ListItem","position":2,"name":"Dos hombres y un menor fueron judicializados porque presuntamente hurtaron dos veh\u00edculos y portaban armas de fuego"}]},{"@type":"WebSite","@id":"https:\/\/www.fiscalia.gov.co\/colombia\/#website","url":"https:\/\/www.fiscalia.gov.co\/colombia\/","name":"Fiscal\u00eda General de la Naci\u00f3n","description":"P\u00e1gina oficial de la Fiscal\u00eda General de la Naci\u00f3n \u2013 Colombia. Garantizamos el acceso efectivo a la justicia, la verdad y la reparaci\u00f3n de las v\u00edctimas de los delitos.","publisher":{"@id":"https:\/\/www.fiscalia.gov.co\/colombia\/#organization"},"potentialAction":[{"@type":"SearchAction","target":{"@type":"EntryPoint","urlTemplate":"https:\/\/www.fiscalia.gov.co\/colombia\/?s={search_term_string}"},"query-input":{"@type":"PropertyValueSpecification","valueRequired":true,"valueName":"search_term_string"}}],"inLanguage":"es-CO"},{"@type":"Organization","@id":"https:\/\/www.fiscalia.gov.co\/colombia\/#organization","name":"Fiscal\u00eda General de la Naci\u00f3n","url":"https:\/\/www.fiscalia.gov.co\/colombia\/","logo":{"@type":"ImageObject","inLanguage":"es-CO","@id":"https:\/\/www.fiscalia.gov.co\/colombia\/#\/schema\/logo\/image\/","url":"https:\/\/www.fiscalia.gov.co\/colombia\/wp-content\/uploads\/LogoHorizontal_1.jpg","contentUrl":"https:\/\/www.fiscalia.gov.co\/colombia\/wp-content\/uploads\/LogoHorizontal_1.jpg","width":300,"height":90,"caption":"Fiscal\u00eda General de la Naci\u00f3n"},"image":{"@id":"https:\/\/www.fiscalia.gov.co\/colombia\/#\/schema\/logo\/image\/"},"sameAs":["https:\/\/www.facebook.com\/FiscaliaCol","https:\/\/x.com\/FiscaliaCol","https:\/\/www.instagram.com\/fiscaliacol","https:\/\/www.linkedin.com\/company\/fiscalia-general-de-la-naci-n\/","https:\/\/youtube.com\/@fiscaliageneraldelanacion-4668?si=6nN79nyQICPU5iTh"]},{"@type":"Person","@id":"https:\/\/www.fiscalia.gov.co\/colombia\/#\/schema\/person\/b19b49f26569f91393176a2b3d13a0e5","name":"Johanna Black Prieto Pe\u00f1a","image":{"@type":"ImageObject","inLanguage":"es-CO","@id":"https:\/\/www.fiscalia.gov.co\/colombia\/#\/schema\/person\/image\/","url":"https:\/\/secure.gravatar.com\/avatar\/7f04518e1774335e76d761d76f04003e?s=96&d=mm&r=g","contentUrl":"https:\/\/secure.gravatar.com\/avatar\/7f04518e1774335e76d761d76f04003e?s=96&d=mm&r=g","caption":"Johanna Black Prieto Pe\u00f1a"},"url":"https:\/\/www.fiscalia.gov.co\/colombia\/author\/jprieto\/"}]}},"_links":{"self":[{"href":"https:\/\/www.fiscalia.gov.co\/colombia\/wp-json\/wp\/v2\/posts\/233077","targetHints":{"allow":["GET"]}}],"collection":[{"href":"https:\/\/www.fiscalia.gov.co\/colombia\/wp-json\/wp\/v2\/posts"}],"about":[{"href":"https:\/\/www.fiscalia.gov.co\/colombia\/wp-json\/wp\/v2\/types\/post"}],"author":[{"embeddable":true,"href":"https:\/\/www.fiscalia.gov.co\/colombia\/wp-json\/wp\/v2\/users\/176"}],"replies":[{"embeddable":true,"href":"https:\/\/www.fiscalia.gov.co\/colombia\/wp-json\/wp\/v2\/comments?post=233077"}],"version-history":[{"count":1,"href":"https:\/\/www.fiscalia.gov.co\/colombia\/wp-json\/wp\/v2\/posts\/233077\/revisions"}],"predecessor-version":[{"id":233079,"href":"https:\/\/www.fiscalia.gov.co\/colombia\/wp-json\/wp\/v2\/posts\/233077\/revisions\/233079"}],"wp:attachment":[{"href":"https:\/\/www.fiscalia.gov.co\/colombia\/wp-json\/wp\/v2\/media?parent=233077"}],"wp:term":[{"taxonomy":"category","embeddable":true,"href":"https:\/\/www.fiscalia.gov.co\/colombia\/wp-json\/wp\/v2\/categories?post=233077"},{"taxonomy":"post_tag","embeddable":true,"href":"https:\/\/www.fiscalia.gov.co\/colombia\/wp-json\/wp\/v2\/tags?post=233077"}],"curies":[{"name":"wp","href":"https:\/\/api.w.org\/{rel}","templated":true}]}}