{"id":232882,"date":"2021-10-23T13:47:18","date_gmt":"2021-10-23T18:47:18","guid":{"rendered":"https:\/\/www.fiscalia.gov.co\/colombia\/?p=232882"},"modified":"2021-10-28T20:33:15","modified_gmt":"2021-10-29T01:33:15","slug":"privados-de-la-libertad-tres-dragoneantes-del-inpec-senalados-de-torturar-a-reclusos-durante-y-despues-de-motin-registrado-en-la-carcel-la-modelo-de-bogota-en-2020","status":"publish","type":"post","link":"https:\/\/www.fiscalia.gov.co\/colombia\/noticias\/privados-de-la-libertad-tres-dragoneantes-del-inpec-senalados-de-torturar-a-reclusos-durante-y-despues-de-motin-registrado-en-la-carcel-la-modelo-de-bogota-en-2020\/","title":{"rendered":"Privados de la libertad tres dragoneantes del Inpec se\u00f1alados de torturar a reclusos durante y despu\u00e9s de mot\u00edn registrado en la c\u00e1rcel La Modelo de Bogot\u00e1 en 2020"},"content":{"rendered":"<blockquote class=\"td_quote_box td_box_center\">\n<h4 style=\"text-align: left;\"><strong><em>Los funcionarios habr\u00edan infringido lesiones a los detenidos cuando se encontraban en estado de indefensi\u00f3n. Los procesados responder\u00e1n por el delito de tortura agravada.<\/em><\/strong><\/h4>\n<\/blockquote>\n<p>Por solicitud de un fiscal de la Direcci\u00f3n Especializada contra las Violaciones a los Derechos Humanos, un juez con funci\u00f3n de control de garant\u00edas impuso medida privativa de la libertad contra tres dragoneantes del Instituto Nacional Penitenciario y Carcelario (Inpec), que presuntamente agredieron y torturaron a por los menos cuatro reclusos, en medio de manifestaciones violentas registradas dentro del centro carcelario el 21 de marzo de 2020, donde 24 presos perdieron la vida y m\u00e1s de 100 personas resultaron heridas.<\/p>\n<p>El material probatorio da cuenta de que los funcionarios habr\u00edan golpeado, desnudado e incluso herido con arma blanca a detenidos que ya se encontraban en estado de indefensi\u00f3n y cuando aparentemente la situaci\u00f3n ya hab\u00eda sido controlada dentro de las celdas.<\/p>\n<p>Asimismo, hay indicios de una presunta falta de atenci\u00f3n m\u00e9dica para algunos de los heridos con armas de fuego, quienes aparentemente fueron encerrados en celdas de aislamiento.<\/p>\n<p>Por estos hechos la Fiscal\u00eda General de la Naci\u00f3n imput\u00f3 a los procesados el delito de tortura agravada, teniendo en cuenta sus funciones como servidores p\u00fablicos y que ser\u00edan conocedores de la gravedad de las presuntas actuaciones. El cargo no fue aceptado.<\/p>\n<p>Por decisi\u00f3n del juez, Juli\u00e1n Alberto Pi\u00f1eros G\u00f3mez deber\u00e1 cumplir medida de aseguramiento en centro carcelario; mientras que, V\u00edctor Alfonso Cervera Piratoba y Jefferson Fabi\u00e1n Hueso Esc\u00e1rraga lo har\u00e1n en su lugar de domicilio. La Fiscal\u00eda y el Ministerio P\u00fablico apelaron esta \u00faltima determinaci\u00f3n.<\/p>\n<p>Esta informaci\u00f3n se publica por razones de inter\u00e9s general.<\/p>\n<p><strong>\u00a0<\/strong><\/p>\n<p><strong>La Fiscal\u00eda habla con resultados.<\/strong><\/p>\n<p><strong>\u00a0<\/strong><\/p>\n<p>LMBG\/DLBM\/MRC.<\/p>\n\n<div class=\"twitter-share\"><a href=\"https:\/\/twitter.com\/intent\/tweet?via=fiscaliacol\" class=\"twitter-share-button\">Tweet<\/a><\/div>\n","protected":false},"excerpt":{"rendered":"<p>Los funcionarios habr\u00edan infringido lesiones a los detenidos cuando se encontraban en estado de indefensi\u00f3n. Los procesados responder\u00e1n por el delito de tortura agravada. Por solicitud de un fiscal de la Direcci\u00f3n Especializada contra las Violaciones a los Derechos Humanos, un juez con funci\u00f3n de control de garant\u00edas impuso medida privativa de la libertad contra [&hellip;]<\/p>\n","protected":false},"author":162,"featured_media":233383,"comment_status":"closed","ping_status":"open","sticky":false,"template":"","format":"video","meta":{"_price":"","_stock":"","_tribe_ticket_header":"","_tribe_default_ticket_provider":"","_tribe_ticket_capacity":"0","_ticket_start_date":"","_ticket_end_date":"","_tribe_ticket_show_description":"","_tribe_ticket_show_not_going":false,"_tribe_ticket_use_global_stock":"","_tribe_ticket_global_stock_level":"","_global_stock_mode":"","_global_stock_cap":"","_tribe_rsvp_for_event":"","_tribe_ticket_going_count":"","_tribe_ticket_not_going_count":"","_tribe_tickets_list":"[]","_tribe_ticket_has_attendee_info_fields":false,"tdm_status":"","tdm_grid_status":"","footnotes":""},"categories":[24102,1],"tags":[1050,3034],"class_list":{"0":"post-232882","1":"post","2":"type-post","3":"status-publish","4":"format-video","5":"has-post-thumbnail","7":"category-derechos-humanos","8":"category-noticias","9":"tag-derechoa-humanos","10":"tag-inpec","11":"post_format-post-format-video"},"yoast_head":"<!-- This site is optimized with the Yoast SEO plugin v24.3 - https:\/\/yoast.com\/wordpress\/plugins\/seo\/ -->\n<title>Fiscal\u00eda General de la Naci\u00f3n<\/title>\n<meta name=\"description\" content=\"P\u00e1gina oficial de la Fiscal\u00eda General de la Naci\u00f3n \u2013 Colombia. Garantizamos el acceso efectivo a la justicia, la verdad y la reparaci\u00f3n de las v\u00edctimas de los delitos.\" \/>\n<meta name=\"robots\" content=\"noindex, follow\" \/>\n<meta property=\"og:locale\" content=\"es_ES\" \/>\n<meta property=\"og:type\" content=\"article\" \/>\n<meta property=\"og:title\" content=\"Fiscal\u00eda General de la Naci\u00f3n\" \/>\n<meta property=\"og:description\" content=\"P\u00e1gina oficial de la Fiscal\u00eda General de la Naci\u00f3n \u2013 Colombia. Garantizamos el acceso efectivo a la justicia, la verdad y la reparaci\u00f3n de las v\u00edctimas de los delitos.\" \/>\n<meta property=\"og:url\" content=\"https:\/\/www.fiscalia.gov.co\/colombia\/noticias\/privados-de-la-libertad-tres-dragoneantes-del-inpec-senalados-de-torturar-a-reclusos-durante-y-despues-de-motin-registrado-en-la-carcel-la-modelo-de-bogota-en-2020\/\" \/>\n<meta property=\"og:site_name\" content=\"Fiscal\u00eda General de la Naci\u00f3n\" \/>\n<meta property=\"article:publisher\" content=\"https:\/\/www.facebook.com\/FiscaliaCol\" \/>\n<meta property=\"article:published_time\" content=\"2021-10-23T18:47:18+00:00\" \/>\n<meta property=\"article:modified_time\" content=\"2021-10-29T01:33:15+00:00\" \/>\n<meta property=\"og:image\" content=\"https:\/\/www.fiscalia.gov.co\/colombia\/wp-content\/uploads\/maxresdefault-120.jpg\" \/>\n\t<meta property=\"og:image:width\" content=\"1280\" \/>\n\t<meta property=\"og:image:height\" content=\"720\" \/>\n\t<meta property=\"og:image:type\" content=\"image\/jpeg\" \/>\n<meta name=\"author\" content=\"Direcci\u00f3n de Comunicaciones Fiscal\u00eda General de la Naci\u00f3n\" \/>\n<meta name=\"twitter:card\" content=\"summary_large_image\" \/>\n<meta name=\"twitter:creator\" content=\"@FiscaliaCol\" \/>\n<meta name=\"twitter:site\" content=\"@FiscaliaCol\" \/>\n<meta name=\"twitter:label1\" content=\"Escrito por\" \/>\n\t<meta name=\"twitter:data1\" content=\"Direcci\u00f3n de Comunicaciones Fiscal\u00eda General de la Naci\u00f3n\" \/>\n\t<meta name=\"twitter:label2\" content=\"Tiempo de lectura\" \/>\n\t<meta name=\"twitter:data2\" content=\"2 minutos\" \/>\n<script type=\"application\/ld+json\" class=\"yoast-schema-graph\">{\"@context\":\"https:\/\/schema.org\",\"@graph\":[{\"@type\":\"Article\",\"@id\":\"https:\/\/www.fiscalia.gov.co\/colombia\/noticias\/privados-de-la-libertad-tres-dragoneantes-del-inpec-senalados-de-torturar-a-reclusos-durante-y-despues-de-motin-registrado-en-la-carcel-la-modelo-de-bogota-en-2020\/#article\",\"isPartOf\":{\"@id\":\"https:\/\/www.fiscalia.gov.co\/colombia\/noticias\/privados-de-la-libertad-tres-dragoneantes-del-inpec-senalados-de-torturar-a-reclusos-durante-y-despues-de-motin-registrado-en-la-carcel-la-modelo-de-bogota-en-2020\/\"},\"author\":{\"name\":\"Direcci\u00f3n de Comunicaciones Fiscal\u00eda General de la Naci\u00f3n\",\"@id\":\"https:\/\/www.fiscalia.gov.co\/colombia\/#\/schema\/person\/bf28d8ae7f1b287bbe3af484b04f43ea\"},\"headline\":\"Privados de la libertad tres dragoneantes del Inpec se\u00f1alados de torturar a reclusos durante y despu\u00e9s de mot\u00edn registrado en la c\u00e1rcel La Modelo de Bogot\u00e1 en 2020\",\"datePublished\":\"2021-10-23T18:47:18+00:00\",\"dateModified\":\"2021-10-29T01:33:15+00:00\",\"mainEntityOfPage\":{\"@id\":\"https:\/\/www.fiscalia.gov.co\/colombia\/noticias\/privados-de-la-libertad-tres-dragoneantes-del-inpec-senalados-de-torturar-a-reclusos-durante-y-despues-de-motin-registrado-en-la-carcel-la-modelo-de-bogota-en-2020\/\"},\"wordCount\":333,\"publisher\":{\"@id\":\"https:\/\/www.fiscalia.gov.co\/colombia\/#organization\"},\"image\":{\"@id\":\"https:\/\/www.fiscalia.gov.co\/colombia\/noticias\/privados-de-la-libertad-tres-dragoneantes-del-inpec-senalados-de-torturar-a-reclusos-durante-y-despues-de-motin-registrado-en-la-carcel-la-modelo-de-bogota-en-2020\/#primaryimage\"},\"thumbnailUrl\":\"https:\/\/www.fiscalia.gov.co\/colombia\/wp-content\/uploads\/maxresdefault-120.jpg\",\"keywords\":[\"Derechos Humanos\",\"Inpec\"],\"articleSection\":[\"Derechos Humanos\",\"Noticias\"],\"inLanguage\":\"es-CO\"},{\"@type\":\"WebPage\",\"@id\":\"https:\/\/www.fiscalia.gov.co\/colombia\/noticias\/privados-de-la-libertad-tres-dragoneantes-del-inpec-senalados-de-torturar-a-reclusos-durante-y-despues-de-motin-registrado-en-la-carcel-la-modelo-de-bogota-en-2020\/\",\"url\":\"https:\/\/www.fiscalia.gov.co\/colombia\/noticias\/privados-de-la-libertad-tres-dragoneantes-del-inpec-senalados-de-torturar-a-reclusos-durante-y-despues-de-motin-registrado-en-la-carcel-la-modelo-de-bogota-en-2020\/\",\"name\":\"Fiscal\u00eda General de la Naci\u00f3n\",\"isPartOf\":{\"@id\":\"https:\/\/www.fiscalia.gov.co\/colombia\/#website\"},\"primaryImageOfPage\":{\"@id\":\"https:\/\/www.fiscalia.gov.co\/colombia\/noticias\/privados-de-la-libertad-tres-dragoneantes-del-inpec-senalados-de-torturar-a-reclusos-durante-y-despues-de-motin-registrado-en-la-carcel-la-modelo-de-bogota-en-2020\/#primaryimage\"},\"image\":{\"@id\":\"https:\/\/www.fiscalia.gov.co\/colombia\/noticias\/privados-de-la-libertad-tres-dragoneantes-del-inpec-senalados-de-torturar-a-reclusos-durante-y-despues-de-motin-registrado-en-la-carcel-la-modelo-de-bogota-en-2020\/#primaryimage\"},\"thumbnailUrl\":\"https:\/\/www.fiscalia.gov.co\/colombia\/wp-content\/uploads\/maxresdefault-120.jpg\",\"datePublished\":\"2021-10-23T18:47:18+00:00\",\"dateModified\":\"2021-10-29T01:33:15+00:00\",\"description\":\"P\u00e1gina oficial de la Fiscal\u00eda General de la Naci\u00f3n \u2013 Colombia. Garantizamos el acceso efectivo a la justicia, la verdad y la reparaci\u00f3n de las v\u00edctimas de los delitos.\",\"breadcrumb\":{\"@id\":\"https:\/\/www.fiscalia.gov.co\/colombia\/noticias\/privados-de-la-libertad-tres-dragoneantes-del-inpec-senalados-de-torturar-a-reclusos-durante-y-despues-de-motin-registrado-en-la-carcel-la-modelo-de-bogota-en-2020\/#breadcrumb\"},\"inLanguage\":\"es-CO\",\"potentialAction\":[{\"@type\":\"ReadAction\",\"target\":[\"https:\/\/www.fiscalia.gov.co\/colombia\/noticias\/privados-de-la-libertad-tres-dragoneantes-del-inpec-senalados-de-torturar-a-reclusos-durante-y-despues-de-motin-registrado-en-la-carcel-la-modelo-de-bogota-en-2020\/\"]}]},{\"@type\":\"ImageObject\",\"inLanguage\":\"es-CO\",\"@id\":\"https:\/\/www.fiscalia.gov.co\/colombia\/noticias\/privados-de-la-libertad-tres-dragoneantes-del-inpec-senalados-de-torturar-a-reclusos-durante-y-despues-de-motin-registrado-en-la-carcel-la-modelo-de-bogota-en-2020\/#primaryimage\",\"url\":\"https:\/\/www.fiscalia.gov.co\/colombia\/wp-content\/uploads\/maxresdefault-120.jpg\",\"contentUrl\":\"https:\/\/www.fiscalia.gov.co\/colombia\/wp-content\/uploads\/maxresdefault-120.jpg\",\"width\":1280,\"height\":720},{\"@type\":\"BreadcrumbList\",\"@id\":\"https:\/\/www.fiscalia.gov.co\/colombia\/noticias\/privados-de-la-libertad-tres-dragoneantes-del-inpec-senalados-de-torturar-a-reclusos-durante-y-despues-de-motin-registrado-en-la-carcel-la-modelo-de-bogota-en-2020\/#breadcrumb\",\"itemListElement\":[{\"@type\":\"ListItem\",\"position\":1,\"name\":\"Home\",\"item\":\"https:\/\/www.fiscalia.gov.co\/colombia\/\"},{\"@type\":\"ListItem\",\"position\":2,\"name\":\"Privados de la libertad tres dragoneantes del Inpec se\u00f1alados de torturar a reclusos durante y despu\u00e9s de mot\u00edn registrado en la c\u00e1rcel La Modelo de Bogot\u00e1 en 2020\"}]},{\"@type\":\"WebSite\",\"@id\":\"https:\/\/www.fiscalia.gov.co\/colombia\/#website\",\"url\":\"https:\/\/www.fiscalia.gov.co\/colombia\/\",\"name\":\"Fiscal\u00eda General de la Naci\u00f3n\",\"description\":\"P\u00e1gina oficial de la Fiscal\u00eda General de la Naci\u00f3n \u2013 Colombia. Garantizamos el acceso efectivo a la justicia, la verdad y la reparaci\u00f3n de las v\u00edctimas de los delitos.\",\"publisher\":{\"@id\":\"https:\/\/www.fiscalia.gov.co\/colombia\/#organization\"},\"potentialAction\":[{\"@type\":\"SearchAction\",\"target\":{\"@type\":\"EntryPoint\",\"urlTemplate\":\"https:\/\/www.fiscalia.gov.co\/colombia\/?s={search_term_string}\"},\"query-input\":{\"@type\":\"PropertyValueSpecification\",\"valueRequired\":true,\"valueName\":\"search_term_string\"}}],\"inLanguage\":\"es-CO\"},{\"@type\":\"Organization\",\"@id\":\"https:\/\/www.fiscalia.gov.co\/colombia\/#organization\",\"name\":\"Fiscal\u00eda General de la Naci\u00f3n\",\"url\":\"https:\/\/www.fiscalia.gov.co\/colombia\/\",\"logo\":{\"@type\":\"ImageObject\",\"inLanguage\":\"es-CO\",\"@id\":\"https:\/\/www.fiscalia.gov.co\/colombia\/#\/schema\/logo\/image\/\",\"url\":\"https:\/\/www.fiscalia.gov.co\/colombia\/wp-content\/uploads\/LogoHorizontal_1.jpg\",\"contentUrl\":\"https:\/\/www.fiscalia.gov.co\/colombia\/wp-content\/uploads\/LogoHorizontal_1.jpg\",\"width\":300,\"height\":90,\"caption\":\"Fiscal\u00eda General de la Naci\u00f3n\"},\"image\":{\"@id\":\"https:\/\/www.fiscalia.gov.co\/colombia\/#\/schema\/logo\/image\/\"},\"sameAs\":[\"https:\/\/www.facebook.com\/FiscaliaCol\",\"https:\/\/x.com\/FiscaliaCol\",\"https:\/\/www.instagram.com\/fiscaliacol\",\"https:\/\/www.linkedin.com\/company\/fiscalia-general-de-la-naci-n\/\",\"https:\/\/youtube.com\/@fiscaliageneraldelanacion-4668?si=6nN79nyQICPU5iTh\"]},{\"@type\":\"Person\",\"@id\":\"https:\/\/www.fiscalia.gov.co\/colombia\/#\/schema\/person\/bf28d8ae7f1b287bbe3af484b04f43ea\",\"name\":\"Direcci\u00f3n de Comunicaciones Fiscal\u00eda General de la Naci\u00f3n\",\"image\":{\"@type\":\"ImageObject\",\"inLanguage\":\"es-CO\",\"@id\":\"https:\/\/www.fiscalia.gov.co\/colombia\/#\/schema\/person\/image\/\",\"url\":\"https:\/\/secure.gravatar.com\/avatar\/9d55ae161d32da16dbdd0b380c080a5f?s=96&d=mm&r=g\",\"contentUrl\":\"https:\/\/secure.gravatar.com\/avatar\/9d55ae161d32da16dbdd0b380c080a5f?s=96&d=mm&r=g\",\"caption\":\"Direcci\u00f3n de Comunicaciones Fiscal\u00eda General de la Naci\u00f3n\"},\"url\":\"https:\/\/www.fiscalia.gov.co\/colombia\/author\/kbonilla\/\"}]}<\/script>\n<!-- \/ Yoast SEO plugin. -->","yoast_head_json":{"title":"Fiscal\u00eda General de la Naci\u00f3n","description":"P\u00e1gina oficial de la Fiscal\u00eda General de la Naci\u00f3n \u2013 Colombia. Garantizamos el acceso efectivo a la justicia, la verdad y la reparaci\u00f3n de las v\u00edctimas de los delitos.","robots":{"index":"noindex","follow":"follow"},"og_locale":"es_ES","og_type":"article","og_title":"Fiscal\u00eda General de la Naci\u00f3n","og_description":"P\u00e1gina oficial de la Fiscal\u00eda General de la Naci\u00f3n \u2013 Colombia. Garantizamos el acceso efectivo a la justicia, la verdad y la reparaci\u00f3n de las v\u00edctimas de los delitos.","og_url":"https:\/\/www.fiscalia.gov.co\/colombia\/noticias\/privados-de-la-libertad-tres-dragoneantes-del-inpec-senalados-de-torturar-a-reclusos-durante-y-despues-de-motin-registrado-en-la-carcel-la-modelo-de-bogota-en-2020\/","og_site_name":"Fiscal\u00eda General de la Naci\u00f3n","article_publisher":"https:\/\/www.facebook.com\/FiscaliaCol","article_published_time":"2021-10-23T18:47:18+00:00","article_modified_time":"2021-10-29T01:33:15+00:00","og_image":[{"width":1280,"height":720,"url":"https:\/\/www.fiscalia.gov.co\/colombia\/wp-content\/uploads\/maxresdefault-120.jpg","type":"image\/jpeg"}],"author":"Direcci\u00f3n de Comunicaciones Fiscal\u00eda General de la Naci\u00f3n","twitter_card":"summary_large_image","twitter_creator":"@FiscaliaCol","twitter_site":"@FiscaliaCol","twitter_misc":{"Escrito por":"Direcci\u00f3n de Comunicaciones Fiscal\u00eda General de la Naci\u00f3n","Tiempo de lectura":"2 minutos"},"schema":{"@context":"https:\/\/schema.org","@graph":[{"@type":"Article","@id":"https:\/\/www.fiscalia.gov.co\/colombia\/noticias\/privados-de-la-libertad-tres-dragoneantes-del-inpec-senalados-de-torturar-a-reclusos-durante-y-despues-de-motin-registrado-en-la-carcel-la-modelo-de-bogota-en-2020\/#article","isPartOf":{"@id":"https:\/\/www.fiscalia.gov.co\/colombia\/noticias\/privados-de-la-libertad-tres-dragoneantes-del-inpec-senalados-de-torturar-a-reclusos-durante-y-despues-de-motin-registrado-en-la-carcel-la-modelo-de-bogota-en-2020\/"},"author":{"name":"Direcci\u00f3n de Comunicaciones Fiscal\u00eda General de la Naci\u00f3n","@id":"https:\/\/www.fiscalia.gov.co\/colombia\/#\/schema\/person\/bf28d8ae7f1b287bbe3af484b04f43ea"},"headline":"Privados de la libertad tres dragoneantes del Inpec se\u00f1alados de torturar a reclusos durante y despu\u00e9s de mot\u00edn registrado en la c\u00e1rcel La Modelo de Bogot\u00e1 en 2020","datePublished":"2021-10-23T18:47:18+00:00","dateModified":"2021-10-29T01:33:15+00:00","mainEntityOfPage":{"@id":"https:\/\/www.fiscalia.gov.co\/colombia\/noticias\/privados-de-la-libertad-tres-dragoneantes-del-inpec-senalados-de-torturar-a-reclusos-durante-y-despues-de-motin-registrado-en-la-carcel-la-modelo-de-bogota-en-2020\/"},"wordCount":333,"publisher":{"@id":"https:\/\/www.fiscalia.gov.co\/colombia\/#organization"},"image":{"@id":"https:\/\/www.fiscalia.gov.co\/colombia\/noticias\/privados-de-la-libertad-tres-dragoneantes-del-inpec-senalados-de-torturar-a-reclusos-durante-y-despues-de-motin-registrado-en-la-carcel-la-modelo-de-bogota-en-2020\/#primaryimage"},"thumbnailUrl":"https:\/\/www.fiscalia.gov.co\/colombia\/wp-content\/uploads\/maxresdefault-120.jpg","keywords":["Derechos Humanos","Inpec"],"articleSection":["Derechos Humanos","Noticias"],"inLanguage":"es-CO"},{"@type":"WebPage","@id":"https:\/\/www.fiscalia.gov.co\/colombia\/noticias\/privados-de-la-libertad-tres-dragoneantes-del-inpec-senalados-de-torturar-a-reclusos-durante-y-despues-de-motin-registrado-en-la-carcel-la-modelo-de-bogota-en-2020\/","url":"https:\/\/www.fiscalia.gov.co\/colombia\/noticias\/privados-de-la-libertad-tres-dragoneantes-del-inpec-senalados-de-torturar-a-reclusos-durante-y-despues-de-motin-registrado-en-la-carcel-la-modelo-de-bogota-en-2020\/","name":"Fiscal\u00eda General de la Naci\u00f3n","isPartOf":{"@id":"https:\/\/www.fiscalia.gov.co\/colombia\/#website"},"primaryImageOfPage":{"@id":"https:\/\/www.fiscalia.gov.co\/colombia\/noticias\/privados-de-la-libertad-tres-dragoneantes-del-inpec-senalados-de-torturar-a-reclusos-durante-y-despues-de-motin-registrado-en-la-carcel-la-modelo-de-bogota-en-2020\/#primaryimage"},"image":{"@id":"https:\/\/www.fiscalia.gov.co\/colombia\/noticias\/privados-de-la-libertad-tres-dragoneantes-del-inpec-senalados-de-torturar-a-reclusos-durante-y-despues-de-motin-registrado-en-la-carcel-la-modelo-de-bogota-en-2020\/#primaryimage"},"thumbnailUrl":"https:\/\/www.fiscalia.gov.co\/colombia\/wp-content\/uploads\/maxresdefault-120.jpg","datePublished":"2021-10-23T18:47:18+00:00","dateModified":"2021-10-29T01:33:15+00:00","description":"P\u00e1gina oficial de la Fiscal\u00eda General de la Naci\u00f3n \u2013 Colombia. Garantizamos el acceso efectivo a la justicia, la verdad y la reparaci\u00f3n de las v\u00edctimas de los delitos.","breadcrumb":{"@id":"https:\/\/www.fiscalia.gov.co\/colombia\/noticias\/privados-de-la-libertad-tres-dragoneantes-del-inpec-senalados-de-torturar-a-reclusos-durante-y-despues-de-motin-registrado-en-la-carcel-la-modelo-de-bogota-en-2020\/#breadcrumb"},"inLanguage":"es-CO","potentialAction":[{"@type":"ReadAction","target":["https:\/\/www.fiscalia.gov.co\/colombia\/noticias\/privados-de-la-libertad-tres-dragoneantes-del-inpec-senalados-de-torturar-a-reclusos-durante-y-despues-de-motin-registrado-en-la-carcel-la-modelo-de-bogota-en-2020\/"]}]},{"@type":"ImageObject","inLanguage":"es-CO","@id":"https:\/\/www.fiscalia.gov.co\/colombia\/noticias\/privados-de-la-libertad-tres-dragoneantes-del-inpec-senalados-de-torturar-a-reclusos-durante-y-despues-de-motin-registrado-en-la-carcel-la-modelo-de-bogota-en-2020\/#primaryimage","url":"https:\/\/www.fiscalia.gov.co\/colombia\/wp-content\/uploads\/maxresdefault-120.jpg","contentUrl":"https:\/\/www.fiscalia.gov.co\/colombia\/wp-content\/uploads\/maxresdefault-120.jpg","width":1280,"height":720},{"@type":"BreadcrumbList","@id":"https:\/\/www.fiscalia.gov.co\/colombia\/noticias\/privados-de-la-libertad-tres-dragoneantes-del-inpec-senalados-de-torturar-a-reclusos-durante-y-despues-de-motin-registrado-en-la-carcel-la-modelo-de-bogota-en-2020\/#breadcrumb","itemListElement":[{"@type":"ListItem","position":1,"name":"Home","item":"https:\/\/www.fiscalia.gov.co\/colombia\/"},{"@type":"ListItem","position":2,"name":"Privados de la libertad tres dragoneantes del Inpec se\u00f1alados de torturar a reclusos durante y despu\u00e9s de mot\u00edn registrado en la c\u00e1rcel La Modelo de Bogot\u00e1 en 2020"}]},{"@type":"WebSite","@id":"https:\/\/www.fiscalia.gov.co\/colombia\/#website","url":"https:\/\/www.fiscalia.gov.co\/colombia\/","name":"Fiscal\u00eda General de la Naci\u00f3n","description":"P\u00e1gina oficial de la Fiscal\u00eda General de la Naci\u00f3n \u2013 Colombia. Garantizamos el acceso efectivo a la justicia, la verdad y la reparaci\u00f3n de las v\u00edctimas de los delitos.","publisher":{"@id":"https:\/\/www.fiscalia.gov.co\/colombia\/#organization"},"potentialAction":[{"@type":"SearchAction","target":{"@type":"EntryPoint","urlTemplate":"https:\/\/www.fiscalia.gov.co\/colombia\/?s={search_term_string}"},"query-input":{"@type":"PropertyValueSpecification","valueRequired":true,"valueName":"search_term_string"}}],"inLanguage":"es-CO"},{"@type":"Organization","@id":"https:\/\/www.fiscalia.gov.co\/colombia\/#organization","name":"Fiscal\u00eda General de la Naci\u00f3n","url":"https:\/\/www.fiscalia.gov.co\/colombia\/","logo":{"@type":"ImageObject","inLanguage":"es-CO","@id":"https:\/\/www.fiscalia.gov.co\/colombia\/#\/schema\/logo\/image\/","url":"https:\/\/www.fiscalia.gov.co\/colombia\/wp-content\/uploads\/LogoHorizontal_1.jpg","contentUrl":"https:\/\/www.fiscalia.gov.co\/colombia\/wp-content\/uploads\/LogoHorizontal_1.jpg","width":300,"height":90,"caption":"Fiscal\u00eda General de la Naci\u00f3n"},"image":{"@id":"https:\/\/www.fiscalia.gov.co\/colombia\/#\/schema\/logo\/image\/"},"sameAs":["https:\/\/www.facebook.com\/FiscaliaCol","https:\/\/x.com\/FiscaliaCol","https:\/\/www.instagram.com\/fiscaliacol","https:\/\/www.linkedin.com\/company\/fiscalia-general-de-la-naci-n\/","https:\/\/youtube.com\/@fiscaliageneraldelanacion-4668?si=6nN79nyQICPU5iTh"]},{"@type":"Person","@id":"https:\/\/www.fiscalia.gov.co\/colombia\/#\/schema\/person\/bf28d8ae7f1b287bbe3af484b04f43ea","name":"Direcci\u00f3n de Comunicaciones Fiscal\u00eda General de la Naci\u00f3n","image":{"@type":"ImageObject","inLanguage":"es-CO","@id":"https:\/\/www.fiscalia.gov.co\/colombia\/#\/schema\/person\/image\/","url":"https:\/\/secure.gravatar.com\/avatar\/9d55ae161d32da16dbdd0b380c080a5f?s=96&d=mm&r=g","contentUrl":"https:\/\/secure.gravatar.com\/avatar\/9d55ae161d32da16dbdd0b380c080a5f?s=96&d=mm&r=g","caption":"Direcci\u00f3n de Comunicaciones Fiscal\u00eda General de la Naci\u00f3n"},"url":"https:\/\/www.fiscalia.gov.co\/colombia\/author\/kbonilla\/"}]}},"_links":{"self":[{"href":"https:\/\/www.fiscalia.gov.co\/colombia\/wp-json\/wp\/v2\/posts\/232882","targetHints":{"allow":["GET"]}}],"collection":[{"href":"https:\/\/www.fiscalia.gov.co\/colombia\/wp-json\/wp\/v2\/posts"}],"about":[{"href":"https:\/\/www.fiscalia.gov.co\/colombia\/wp-json\/wp\/v2\/types\/post"}],"author":[{"embeddable":true,"href":"https:\/\/www.fiscalia.gov.co\/colombia\/wp-json\/wp\/v2\/users\/162"}],"replies":[{"embeddable":true,"href":"https:\/\/www.fiscalia.gov.co\/colombia\/wp-json\/wp\/v2\/comments?post=232882"}],"version-history":[{"count":1,"href":"https:\/\/www.fiscalia.gov.co\/colombia\/wp-json\/wp\/v2\/posts\/232882\/revisions"}],"predecessor-version":[{"id":232883,"href":"https:\/\/www.fiscalia.gov.co\/colombia\/wp-json\/wp\/v2\/posts\/232882\/revisions\/232883"}],"wp:featuredmedia":[{"embeddable":true,"href":"https:\/\/www.fiscalia.gov.co\/colombia\/wp-json\/wp\/v2\/media\/233383"}],"wp:attachment":[{"href":"https:\/\/www.fiscalia.gov.co\/colombia\/wp-json\/wp\/v2\/media?parent=232882"}],"wp:term":[{"taxonomy":"category","embeddable":true,"href":"https:\/\/www.fiscalia.gov.co\/colombia\/wp-json\/wp\/v2\/categories?post=232882"},{"taxonomy":"post_tag","embeddable":true,"href":"https:\/\/www.fiscalia.gov.co\/colombia\/wp-json\/wp\/v2\/tags?post=232882"}],"curies":[{"name":"wp","href":"https:\/\/api.w.org\/{rel}","templated":true}]}}