{"id":232779,"date":"2021-10-21T15:09:04","date_gmt":"2021-10-21T20:09:04","guid":{"rendered":"https:\/\/www.fiscalia.gov.co\/colombia\/?p=232779"},"modified":"2021-10-21T15:09:36","modified_gmt":"2021-10-21T20:09:36","slug":"judicializados-dos-presuntos-responsables-de-traficar-marihuana-y-cocaina","status":"publish","type":"post","link":"https:\/\/www.fiscalia.gov.co\/colombia\/noticias\/judicializados-dos-presuntos-responsables-de-traficar-marihuana-y-cocaina\/","title":{"rendered":"Judicializados dos presuntos responsables de traficar marihuana y coca\u00edna"},"content":{"rendered":"<p><span lang=\"ES-TRAD\">Ante un juez de control de garant\u00edas de\u00a0<\/span><span lang=\"ES\">Yotoco (Valle del Cauca)<\/span><span lang=\"ES-TRAD\">, la Fiscal\u00eda General de la Naci\u00f3n judicializ\u00f3 a dos presuntos implicados en el tr\u00e1fico de 41.1 gramos de coca\u00edna y 3.93 gramos de marihuana. Los hechos se presentaron en zona rural del municipio de Yotoco.<\/span><\/p>\n<figure id=\"attachment_232780\" aria-describedby=\"caption-attachment-232780\" style=\"width: 1280px\" class=\"wp-caption alignnone\"><img loading=\"lazy\" decoding=\"async\" class=\"wp-image-232780 size-full\" src=\"https:\/\/www.fiscalia.gov.co\/colombia\/wp-content\/uploads\/Jorge-Luis-Ortiz-C\u00e1rdenas-y-Cristian-Esteban-Gonz\u00e1lez-L\u00f3pez.-Estupefacientes.-Yotoco-Valle..jpg\" alt=\"\" width=\"1280\" height=\"768\" srcset=\"https:\/\/www.fiscalia.gov.co\/colombia\/wp-content\/uploads\/Jorge-Luis-Ortiz-C\u00e1rdenas-y-Cristian-Esteban-Gonz\u00e1lez-L\u00f3pez.-Estupefacientes.-Yotoco-Valle..jpg 1280w, https:\/\/www.fiscalia.gov.co\/colombia\/wp-content\/uploads\/Jorge-Luis-Ortiz-C\u00e1rdenas-y-Cristian-Esteban-Gonz\u00e1lez-L\u00f3pez.-Estupefacientes.-Yotoco-Valle.-300x180.jpg 300w, https:\/\/www.fiscalia.gov.co\/colombia\/wp-content\/uploads\/Jorge-Luis-Ortiz-C\u00e1rdenas-y-Cristian-Esteban-Gonz\u00e1lez-L\u00f3pez.-Estupefacientes.-Yotoco-Valle.-1024x614.jpg 1024w, https:\/\/www.fiscalia.gov.co\/colombia\/wp-content\/uploads\/Jorge-Luis-Ortiz-C\u00e1rdenas-y-Cristian-Esteban-Gonz\u00e1lez-L\u00f3pez.-Estupefacientes.-Yotoco-Valle.-768x461.jpg 768w, https:\/\/www.fiscalia.gov.co\/colombia\/wp-content\/uploads\/Jorge-Luis-Ortiz-C\u00e1rdenas-y-Cristian-Esteban-Gonz\u00e1lez-L\u00f3pez.-Estupefacientes.-Yotoco-Valle.-696x418.jpg 696w, https:\/\/www.fiscalia.gov.co\/colombia\/wp-content\/uploads\/Jorge-Luis-Ortiz-C\u00e1rdenas-y-Cristian-Esteban-Gonz\u00e1lez-L\u00f3pez.-Estupefacientes.-Yotoco-Valle.-1068x641.jpg 1068w, https:\/\/www.fiscalia.gov.co\/colombia\/wp-content\/uploads\/Jorge-Luis-Ortiz-C\u00e1rdenas-y-Cristian-Esteban-Gonz\u00e1lez-L\u00f3pez.-Estupefacientes.-Yotoco-Valle.-700x420.jpg 700w\" sizes=\"auto, (max-width: 1280px) 100vw, 1280px\" \/><figcaption id=\"caption-attachment-232780\" class=\"wp-caption-text\">Jorge Luis Ortiz C\u00e1rdenas y Cristian Esteban Gonz\u00e1lez L\u00f3pez, judicializados por tr\u00e1fico de estupefacientes, en Yotoco (Valle).<\/figcaption><\/figure>\n<p><span lang=\"ES-TRAD\">Se trata de Jorge Luis Ortiz C\u00e1rdenas y Cristian Esteban Gonz\u00e1lez L\u00f3pez capturados en\u00a0\u00a0diligencias de registro y allanamiento ordenadas por un fiscal del Seccional Valle del Cauca. Dichos procedimientos fueron cumplidos por personal de la Sijin de la Polic\u00eda Nacional en el corregimiento de Mediacanoa, jurisdicci\u00f3n del municipio en menci\u00f3n.<\/span><\/p>\n<p><span lang=\"ES-TRAD\">Durante los operativos fueron incautadas 32 dosis de\u00a0<a href=\"https:\/\/www.fiscalia.gov.co\/colombia\/noticias\/dos-personas-judicializadas-y-65-kilos-de-clorhidrato-de-cocaina-incautados-en-carreteras-de-caldas\/\" target=\"_blank\" rel=\"noopener noreferrer\" data-saferedirecturl=\"https:\/\/www.google.com\/url?q=https:\/\/www.fiscalia.gov.co\/colombia\/noticias\/dos-personas-judicializadas-y-65-kilos-de-clorhidrato-de-cocaina-incautados-en-carreteras-de-caldas\/&amp;source=gmail&amp;ust=1634930044020000&amp;usg=AOvVaw0-CvVv83CvsWvLhc_Z3BAP\">coca\u00edna<\/a>, dos de\u00a0<a href=\"https:\/\/www.fiscalia.gov.co\/colombia\/noticias\/por-presuntamente-transporte-de-mas-de-14-kilos-de-marihuana-en-sus-equipajes-dos-personas-fueron-enviadas-a-prision\/\" target=\"_blank\" rel=\"noopener noreferrer\" data-saferedirecturl=\"https:\/\/www.google.com\/url?q=https:\/\/www.fiscalia.gov.co\/colombia\/noticias\/por-presuntamente-transporte-de-mas-de-14-kilos-de-marihuana-en-sus-equipajes-dos-personas-fueron-enviadas-a-prision\/&amp;source=gmail&amp;ust=1634930044020000&amp;usg=AOvVaw0pHIwOAHYfBJtgt1Is1jjW\">marihuana<\/a>, tres m\u00e1quinas para elaborar cigarrillos, una gramera y material para dosificar los narc\u00f3ticos; adem\u00e1s de documentos considerados de importancia para la investigaci\u00f3n.<\/span><\/p>\n<p><span lang=\"ES-TRAD\">Los capturados fueron imputados por el delito de fabricaci\u00f3n, tr\u00e1fico o porte de estupefacientes.<\/span><\/p>\n<p><span lang=\"ES-TRAD\">Por determinaci\u00f3n del juez del caso Jorge Luis Ortiz C\u00e1rdenas deber\u00e1 cumplir la medida de aseguramiento en centro carcelario; mientras que Cristian Esteban Gonz\u00e1lez L\u00f3pez deber\u00e1 comparecer al proceso en libertad. La \u00faltima decisi\u00f3n fue apelada por la Fiscal\u00eda.<\/span><\/p>\n<p><span lang=\"ES-TRAD\">\u00a0<\/span><\/p>\n<p><b>MAP\/MAGA\/<\/b><b><span lang=\"ES\">SMLR<\/span><\/b><\/p>\n<p>&nbsp;<\/p>\n<p><span lang=\"ES-TRAD\">\u00a0<\/span><\/p>\n<p>&nbsp;<\/p>\n\n<div class=\"twitter-share\"><a href=\"https:\/\/twitter.com\/intent\/tweet?via=fiscaliacol\" class=\"twitter-share-button\">Tweet<\/a><\/div>\n","protected":false},"excerpt":{"rendered":"<p>Ante un juez de control de garant\u00edas de\u00a0Yotoco (Valle del Cauca), la Fiscal\u00eda General de la Naci\u00f3n judicializ\u00f3 a dos presuntos implicados en el tr\u00e1fico de 41.1 gramos de coca\u00edna y 3.93 gramos de marihuana. Los hechos se presentaron en zona rural del municipio de Yotoco. Se trata de Jorge Luis Ortiz C\u00e1rdenas y Cristian [&hellip;]<\/p>\n","protected":false},"author":176,"featured_media":0,"comment_status":"closed","ping_status":"open","sticky":false,"template":"","format":"standard","meta":{"tdm_status":"","tdm_grid_status":"","footnotes":""},"categories":[1,324,303,24103],"tags":[15252,8010,24551,25567,25230,24526,24187,7169,29180,25481,2627,1185,702,12476],"class_list":{"0":"post-232779","1":"post","2":"type-post","3":"status-publish","4":"format-standard","6":"category-noticias","7":"category-seccional-cali","8":"category-seccionales","9":"category-trafico-de-estupefacientes","10":"tag-apelacion","11":"tag-capturados","12":"tag-centro-carcelario","13":"tag-fiscal-francisco-barbosa-fiscalia-colombia","14":"tag-fiscal-general-de-nacion","15":"tag-fiscal-general-francisco-barbosa-delgado","16":"tag-fiscalia-colombia","17":"tag-flagrancia","18":"tag-homicidio-fabricacion","19":"tag-judicializados","20":"tag-libertad","21":"tag-medida-de-aseguramiento","22":"tag-segunda-instancia","23":"tag-trafico-o-porte-de-estupefacientes"},"yoast_head":"<!-- This site is optimized with the Yoast SEO plugin v24.3 - https:\/\/yoast.com\/wordpress\/plugins\/seo\/ -->\n<title>Fiscal\u00eda General de la Naci\u00f3n<\/title>\n<meta name=\"description\" content=\"P\u00e1gina oficial de la Fiscal\u00eda General de la Naci\u00f3n \u2013 Colombia. Garantizamos el acceso efectivo a la justicia, la verdad y la reparaci\u00f3n de las v\u00edctimas de los delitos.\" \/>\n<meta name=\"robots\" content=\"noindex, follow\" \/>\n<meta property=\"og:locale\" content=\"es_ES\" \/>\n<meta property=\"og:type\" content=\"article\" \/>\n<meta property=\"og:title\" content=\"Fiscal\u00eda General de la Naci\u00f3n\" \/>\n<meta property=\"og:description\" content=\"P\u00e1gina oficial de la Fiscal\u00eda General de la Naci\u00f3n \u2013 Colombia. Garantizamos el acceso efectivo a la justicia, la verdad y la reparaci\u00f3n de las v\u00edctimas de los delitos.\" \/>\n<meta property=\"og:url\" content=\"https:\/\/www.fiscalia.gov.co\/colombia\/noticias\/judicializados-dos-presuntos-responsables-de-traficar-marihuana-y-cocaina\/\" \/>\n<meta property=\"og:site_name\" content=\"Fiscal\u00eda General de la Naci\u00f3n\" \/>\n<meta property=\"article:publisher\" content=\"https:\/\/www.facebook.com\/FiscaliaCol\" \/>\n<meta property=\"article:published_time\" content=\"2021-10-21T20:09:04+00:00\" \/>\n<meta property=\"article:modified_time\" content=\"2021-10-21T20:09:36+00:00\" \/>\n<meta name=\"author\" content=\"Johanna Black Prieto Pe\u00f1a\" \/>\n<meta name=\"twitter:card\" content=\"summary_large_image\" \/>\n<meta name=\"twitter:creator\" content=\"@FiscaliaCol\" \/>\n<meta name=\"twitter:site\" content=\"@FiscaliaCol\" \/>\n<meta name=\"twitter:label1\" content=\"Escrito por\" \/>\n\t<meta name=\"twitter:data1\" content=\"Johanna Black Prieto Pe\u00f1a\" \/>\n\t<meta name=\"twitter:label2\" content=\"Tiempo de lectura\" \/>\n\t<meta name=\"twitter:data2\" content=\"1 minuto\" \/>\n<script type=\"application\/ld+json\" class=\"yoast-schema-graph\">{\"@context\":\"https:\/\/schema.org\",\"@graph\":[{\"@type\":\"Article\",\"@id\":\"https:\/\/www.fiscalia.gov.co\/colombia\/noticias\/judicializados-dos-presuntos-responsables-de-traficar-marihuana-y-cocaina\/#article\",\"isPartOf\":{\"@id\":\"https:\/\/www.fiscalia.gov.co\/colombia\/noticias\/judicializados-dos-presuntos-responsables-de-traficar-marihuana-y-cocaina\/\"},\"author\":{\"name\":\"Johanna Black Prieto Pe\u00f1a\",\"@id\":\"https:\/\/www.fiscalia.gov.co\/colombia\/#\/schema\/person\/b19b49f26569f91393176a2b3d13a0e5\"},\"headline\":\"Judicializados dos presuntos responsables de traficar marihuana y coca\u00edna\",\"datePublished\":\"2021-10-21T20:09:04+00:00\",\"dateModified\":\"2021-10-21T20:09:36+00:00\",\"mainEntityOfPage\":{\"@id\":\"https:\/\/www.fiscalia.gov.co\/colombia\/noticias\/judicializados-dos-presuntos-responsables-de-traficar-marihuana-y-cocaina\/\"},\"wordCount\":249,\"publisher\":{\"@id\":\"https:\/\/www.fiscalia.gov.co\/colombia\/#organization\"},\"keywords\":[\"Apelaci\u00f3n\",\"Capturados\",\"centro carcelario\",\"Fiscal Francisco Barbosa Fiscal\u00eda Colombia\",\"Fiscal General de Naci\u00f3n\",\"Fiscal General Francisco Barbosa Delgado\",\"Fiscal\u00eda Colombia\",\"Flagrancia\",\"homicidio;\u00a0fabricaci\u00f3n\",\"judicializados.\",\"Libertad\",\"Medida de aseguramiento\",\"Segunda instancia\",\"tr\u00e1fico o porte de estupefacientes\"],\"articleSection\":[\"Noticias\",\"Seccional Cali\",\"Seccionales\",\"Tr\u00e1fico de estupefacientes\"],\"inLanguage\":\"es-CO\"},{\"@type\":\"WebPage\",\"@id\":\"https:\/\/www.fiscalia.gov.co\/colombia\/noticias\/judicializados-dos-presuntos-responsables-de-traficar-marihuana-y-cocaina\/\",\"url\":\"https:\/\/www.fiscalia.gov.co\/colombia\/noticias\/judicializados-dos-presuntos-responsables-de-traficar-marihuana-y-cocaina\/\",\"name\":\"Fiscal\u00eda General de la Naci\u00f3n\",\"isPartOf\":{\"@id\":\"https:\/\/www.fiscalia.gov.co\/colombia\/#website\"},\"datePublished\":\"2021-10-21T20:09:04+00:00\",\"dateModified\":\"2021-10-21T20:09:36+00:00\",\"description\":\"P\u00e1gina oficial de la Fiscal\u00eda General de la Naci\u00f3n \u2013 Colombia. Garantizamos el acceso efectivo a la justicia, la verdad y la reparaci\u00f3n de las v\u00edctimas de los delitos.\",\"breadcrumb\":{\"@id\":\"https:\/\/www.fiscalia.gov.co\/colombia\/noticias\/judicializados-dos-presuntos-responsables-de-traficar-marihuana-y-cocaina\/#breadcrumb\"},\"inLanguage\":\"es-CO\",\"potentialAction\":[{\"@type\":\"ReadAction\",\"target\":[\"https:\/\/www.fiscalia.gov.co\/colombia\/noticias\/judicializados-dos-presuntos-responsables-de-traficar-marihuana-y-cocaina\/\"]}]},{\"@type\":\"BreadcrumbList\",\"@id\":\"https:\/\/www.fiscalia.gov.co\/colombia\/noticias\/judicializados-dos-presuntos-responsables-de-traficar-marihuana-y-cocaina\/#breadcrumb\",\"itemListElement\":[{\"@type\":\"ListItem\",\"position\":1,\"name\":\"Home\",\"item\":\"https:\/\/www.fiscalia.gov.co\/colombia\/\"},{\"@type\":\"ListItem\",\"position\":2,\"name\":\"Judicializados dos presuntos responsables de traficar marihuana y coca\u00edna\"}]},{\"@type\":\"WebSite\",\"@id\":\"https:\/\/www.fiscalia.gov.co\/colombia\/#website\",\"url\":\"https:\/\/www.fiscalia.gov.co\/colombia\/\",\"name\":\"Fiscal\u00eda General de la Naci\u00f3n\",\"description\":\"P\u00e1gina oficial de la Fiscal\u00eda General de la Naci\u00f3n \u2013 Colombia. Garantizamos el acceso efectivo a la justicia, la verdad y la reparaci\u00f3n de las v\u00edctimas de los delitos.\",\"publisher\":{\"@id\":\"https:\/\/www.fiscalia.gov.co\/colombia\/#organization\"},\"potentialAction\":[{\"@type\":\"SearchAction\",\"target\":{\"@type\":\"EntryPoint\",\"urlTemplate\":\"https:\/\/www.fiscalia.gov.co\/colombia\/?s={search_term_string}\"},\"query-input\":{\"@type\":\"PropertyValueSpecification\",\"valueRequired\":true,\"valueName\":\"search_term_string\"}}],\"inLanguage\":\"es-CO\"},{\"@type\":\"Organization\",\"@id\":\"https:\/\/www.fiscalia.gov.co\/colombia\/#organization\",\"name\":\"Fiscal\u00eda General de la Naci\u00f3n\",\"url\":\"https:\/\/www.fiscalia.gov.co\/colombia\/\",\"logo\":{\"@type\":\"ImageObject\",\"inLanguage\":\"es-CO\",\"@id\":\"https:\/\/www.fiscalia.gov.co\/colombia\/#\/schema\/logo\/image\/\",\"url\":\"https:\/\/www.fiscalia.gov.co\/colombia\/wp-content\/uploads\/LogoHorizontal_1.jpg\",\"contentUrl\":\"https:\/\/www.fiscalia.gov.co\/colombia\/wp-content\/uploads\/LogoHorizontal_1.jpg\",\"width\":300,\"height\":90,\"caption\":\"Fiscal\u00eda General de la Naci\u00f3n\"},\"image\":{\"@id\":\"https:\/\/www.fiscalia.gov.co\/colombia\/#\/schema\/logo\/image\/\"},\"sameAs\":[\"https:\/\/www.facebook.com\/FiscaliaCol\",\"https:\/\/x.com\/FiscaliaCol\",\"https:\/\/www.instagram.com\/fiscaliacol\",\"https:\/\/www.linkedin.com\/company\/fiscalia-general-de-la-naci-n\/\",\"https:\/\/youtube.com\/@fiscaliageneraldelanacion-4668?si=6nN79nyQICPU5iTh\"]},{\"@type\":\"Person\",\"@id\":\"https:\/\/www.fiscalia.gov.co\/colombia\/#\/schema\/person\/b19b49f26569f91393176a2b3d13a0e5\",\"name\":\"Johanna Black Prieto Pe\u00f1a\",\"image\":{\"@type\":\"ImageObject\",\"inLanguage\":\"es-CO\",\"@id\":\"https:\/\/www.fiscalia.gov.co\/colombia\/#\/schema\/person\/image\/\",\"url\":\"https:\/\/secure.gravatar.com\/avatar\/7f04518e1774335e76d761d76f04003e?s=96&d=mm&r=g\",\"contentUrl\":\"https:\/\/secure.gravatar.com\/avatar\/7f04518e1774335e76d761d76f04003e?s=96&d=mm&r=g\",\"caption\":\"Johanna Black Prieto Pe\u00f1a\"},\"url\":\"https:\/\/www.fiscalia.gov.co\/colombia\/author\/jprieto\/\"}]}<\/script>\n<!-- \/ Yoast SEO plugin. -->","yoast_head_json":{"title":"Fiscal\u00eda General de la Naci\u00f3n","description":"P\u00e1gina oficial de la Fiscal\u00eda General de la Naci\u00f3n \u2013 Colombia. Garantizamos el acceso efectivo a la justicia, la verdad y la reparaci\u00f3n de las v\u00edctimas de los delitos.","robots":{"index":"noindex","follow":"follow"},"og_locale":"es_ES","og_type":"article","og_title":"Fiscal\u00eda General de la Naci\u00f3n","og_description":"P\u00e1gina oficial de la Fiscal\u00eda General de la Naci\u00f3n \u2013 Colombia. Garantizamos el acceso efectivo a la justicia, la verdad y la reparaci\u00f3n de las v\u00edctimas de los delitos.","og_url":"https:\/\/www.fiscalia.gov.co\/colombia\/noticias\/judicializados-dos-presuntos-responsables-de-traficar-marihuana-y-cocaina\/","og_site_name":"Fiscal\u00eda General de la Naci\u00f3n","article_publisher":"https:\/\/www.facebook.com\/FiscaliaCol","article_published_time":"2021-10-21T20:09:04+00:00","article_modified_time":"2021-10-21T20:09:36+00:00","author":"Johanna Black Prieto Pe\u00f1a","twitter_card":"summary_large_image","twitter_creator":"@FiscaliaCol","twitter_site":"@FiscaliaCol","twitter_misc":{"Escrito por":"Johanna Black Prieto Pe\u00f1a","Tiempo de lectura":"1 minuto"},"schema":{"@context":"https:\/\/schema.org","@graph":[{"@type":"Article","@id":"https:\/\/www.fiscalia.gov.co\/colombia\/noticias\/judicializados-dos-presuntos-responsables-de-traficar-marihuana-y-cocaina\/#article","isPartOf":{"@id":"https:\/\/www.fiscalia.gov.co\/colombia\/noticias\/judicializados-dos-presuntos-responsables-de-traficar-marihuana-y-cocaina\/"},"author":{"name":"Johanna Black Prieto Pe\u00f1a","@id":"https:\/\/www.fiscalia.gov.co\/colombia\/#\/schema\/person\/b19b49f26569f91393176a2b3d13a0e5"},"headline":"Judicializados dos presuntos responsables de traficar marihuana y coca\u00edna","datePublished":"2021-10-21T20:09:04+00:00","dateModified":"2021-10-21T20:09:36+00:00","mainEntityOfPage":{"@id":"https:\/\/www.fiscalia.gov.co\/colombia\/noticias\/judicializados-dos-presuntos-responsables-de-traficar-marihuana-y-cocaina\/"},"wordCount":249,"publisher":{"@id":"https:\/\/www.fiscalia.gov.co\/colombia\/#organization"},"keywords":["Apelaci\u00f3n","Capturados","centro carcelario","Fiscal Francisco Barbosa Fiscal\u00eda Colombia","Fiscal General de Naci\u00f3n","Fiscal General Francisco Barbosa Delgado","Fiscal\u00eda Colombia","Flagrancia","homicidio;\u00a0fabricaci\u00f3n","judicializados.","Libertad","Medida de aseguramiento","Segunda instancia","tr\u00e1fico o porte de estupefacientes"],"articleSection":["Noticias","Seccional Cali","Seccionales","Tr\u00e1fico de estupefacientes"],"inLanguage":"es-CO"},{"@type":"WebPage","@id":"https:\/\/www.fiscalia.gov.co\/colombia\/noticias\/judicializados-dos-presuntos-responsables-de-traficar-marihuana-y-cocaina\/","url":"https:\/\/www.fiscalia.gov.co\/colombia\/noticias\/judicializados-dos-presuntos-responsables-de-traficar-marihuana-y-cocaina\/","name":"Fiscal\u00eda General de la Naci\u00f3n","isPartOf":{"@id":"https:\/\/www.fiscalia.gov.co\/colombia\/#website"},"datePublished":"2021-10-21T20:09:04+00:00","dateModified":"2021-10-21T20:09:36+00:00","description":"P\u00e1gina oficial de la Fiscal\u00eda General de la Naci\u00f3n \u2013 Colombia. Garantizamos el acceso efectivo a la justicia, la verdad y la reparaci\u00f3n de las v\u00edctimas de los delitos.","breadcrumb":{"@id":"https:\/\/www.fiscalia.gov.co\/colombia\/noticias\/judicializados-dos-presuntos-responsables-de-traficar-marihuana-y-cocaina\/#breadcrumb"},"inLanguage":"es-CO","potentialAction":[{"@type":"ReadAction","target":["https:\/\/www.fiscalia.gov.co\/colombia\/noticias\/judicializados-dos-presuntos-responsables-de-traficar-marihuana-y-cocaina\/"]}]},{"@type":"BreadcrumbList","@id":"https:\/\/www.fiscalia.gov.co\/colombia\/noticias\/judicializados-dos-presuntos-responsables-de-traficar-marihuana-y-cocaina\/#breadcrumb","itemListElement":[{"@type":"ListItem","position":1,"name":"Home","item":"https:\/\/www.fiscalia.gov.co\/colombia\/"},{"@type":"ListItem","position":2,"name":"Judicializados dos presuntos responsables de traficar marihuana y coca\u00edna"}]},{"@type":"WebSite","@id":"https:\/\/www.fiscalia.gov.co\/colombia\/#website","url":"https:\/\/www.fiscalia.gov.co\/colombia\/","name":"Fiscal\u00eda General de la Naci\u00f3n","description":"P\u00e1gina oficial de la Fiscal\u00eda General de la Naci\u00f3n \u2013 Colombia. Garantizamos el acceso efectivo a la justicia, la verdad y la reparaci\u00f3n de las v\u00edctimas de los delitos.","publisher":{"@id":"https:\/\/www.fiscalia.gov.co\/colombia\/#organization"},"potentialAction":[{"@type":"SearchAction","target":{"@type":"EntryPoint","urlTemplate":"https:\/\/www.fiscalia.gov.co\/colombia\/?s={search_term_string}"},"query-input":{"@type":"PropertyValueSpecification","valueRequired":true,"valueName":"search_term_string"}}],"inLanguage":"es-CO"},{"@type":"Organization","@id":"https:\/\/www.fiscalia.gov.co\/colombia\/#organization","name":"Fiscal\u00eda General de la Naci\u00f3n","url":"https:\/\/www.fiscalia.gov.co\/colombia\/","logo":{"@type":"ImageObject","inLanguage":"es-CO","@id":"https:\/\/www.fiscalia.gov.co\/colombia\/#\/schema\/logo\/image\/","url":"https:\/\/www.fiscalia.gov.co\/colombia\/wp-content\/uploads\/LogoHorizontal_1.jpg","contentUrl":"https:\/\/www.fiscalia.gov.co\/colombia\/wp-content\/uploads\/LogoHorizontal_1.jpg","width":300,"height":90,"caption":"Fiscal\u00eda General de la Naci\u00f3n"},"image":{"@id":"https:\/\/www.fiscalia.gov.co\/colombia\/#\/schema\/logo\/image\/"},"sameAs":["https:\/\/www.facebook.com\/FiscaliaCol","https:\/\/x.com\/FiscaliaCol","https:\/\/www.instagram.com\/fiscaliacol","https:\/\/www.linkedin.com\/company\/fiscalia-general-de-la-naci-n\/","https:\/\/youtube.com\/@fiscaliageneraldelanacion-4668?si=6nN79nyQICPU5iTh"]},{"@type":"Person","@id":"https:\/\/www.fiscalia.gov.co\/colombia\/#\/schema\/person\/b19b49f26569f91393176a2b3d13a0e5","name":"Johanna Black Prieto Pe\u00f1a","image":{"@type":"ImageObject","inLanguage":"es-CO","@id":"https:\/\/www.fiscalia.gov.co\/colombia\/#\/schema\/person\/image\/","url":"https:\/\/secure.gravatar.com\/avatar\/7f04518e1774335e76d761d76f04003e?s=96&d=mm&r=g","contentUrl":"https:\/\/secure.gravatar.com\/avatar\/7f04518e1774335e76d761d76f04003e?s=96&d=mm&r=g","caption":"Johanna Black Prieto Pe\u00f1a"},"url":"https:\/\/www.fiscalia.gov.co\/colombia\/author\/jprieto\/"}]}},"_links":{"self":[{"href":"https:\/\/www.fiscalia.gov.co\/colombia\/wp-json\/wp\/v2\/posts\/232779","targetHints":{"allow":["GET"]}}],"collection":[{"href":"https:\/\/www.fiscalia.gov.co\/colombia\/wp-json\/wp\/v2\/posts"}],"about":[{"href":"https:\/\/www.fiscalia.gov.co\/colombia\/wp-json\/wp\/v2\/types\/post"}],"author":[{"embeddable":true,"href":"https:\/\/www.fiscalia.gov.co\/colombia\/wp-json\/wp\/v2\/users\/176"}],"replies":[{"embeddable":true,"href":"https:\/\/www.fiscalia.gov.co\/colombia\/wp-json\/wp\/v2\/comments?post=232779"}],"version-history":[{"count":1,"href":"https:\/\/www.fiscalia.gov.co\/colombia\/wp-json\/wp\/v2\/posts\/232779\/revisions"}],"predecessor-version":[{"id":232781,"href":"https:\/\/www.fiscalia.gov.co\/colombia\/wp-json\/wp\/v2\/posts\/232779\/revisions\/232781"}],"wp:attachment":[{"href":"https:\/\/www.fiscalia.gov.co\/colombia\/wp-json\/wp\/v2\/media?parent=232779"}],"wp:term":[{"taxonomy":"category","embeddable":true,"href":"https:\/\/www.fiscalia.gov.co\/colombia\/wp-json\/wp\/v2\/categories?post=232779"},{"taxonomy":"post_tag","embeddable":true,"href":"https:\/\/www.fiscalia.gov.co\/colombia\/wp-json\/wp\/v2\/tags?post=232779"}],"curies":[{"name":"wp","href":"https:\/\/api.w.org\/{rel}","templated":true}]}}