{"id":232742,"date":"2021-10-21T13:13:20","date_gmt":"2021-10-21T18:13:20","guid":{"rendered":"https:\/\/www.fiscalia.gov.co\/colombia\/?p=232742"},"modified":"2022-02-11T15:24:45","modified_gmt":"2022-02-11T20:24:45","slug":"en-cumbre-de-fiscales-y-procuradores-generales-en-cartagena-el-fiscal-general-francisco-barbosa-enfatizo-que-el-trafico-de-migrantes-requiere-una-respuesta-transnacional-articulada-de-las-institucion","status":"publish","type":"post","link":"https:\/\/www.fiscalia.gov.co\/colombia\/noticias\/en-cumbre-de-fiscales-y-procuradores-generales-en-cartagena-el-fiscal-general-francisco-barbosa-enfatizo-que-el-trafico-de-migrantes-requiere-una-respuesta-transnacional-articulada-de-las-institucion\/","title":{"rendered":"En Cumbre de Fiscales y Procuradores Generales en Cartagena, el Fiscal General Francisco Barbosa enfatiz\u00f3 que el tr\u00e1fico de migrantes requiere una respuesta transnacional articulada de las instituciones"},"content":{"rendered":"<h4><strong><em>En el escenario de articulaci\u00f3n interinstitucional, que se da en el marco de la estrategia de cooperaci\u00f3n internacional en la lucha contra este fen\u00f3meno delictivo, participan representantes de Fiscal\u00edas y Ministerios P\u00fablicos de 14 pa\u00edses del continente americano.<\/em><\/strong><\/h4>\n<p><em> [embedyt] https:\/\/www.youtube.com\/watch?v=WXaJzdC-zgw[\/embedyt]<\/em><\/p>\n<p>En Cartagena de Indias (Bol\u00edvar), el Fiscal General de la Naci\u00f3n, Francisco Barbosa Delgado, instal\u00f3 la Cumbre de Fiscales y Procuradores Generales 2021, cuyo objetivo es darle continuidad a la estrategia regional para combatir el crimen organizado transnacional en la modalidad de tr\u00e1fico de migrantes y sus finanzas il\u00edcitas.<\/p>\n[embedyt] https:\/\/www.youtube.com\/watch?v=1oB-AVU6XpI[\/embedyt]\n<p><img loading=\"lazy\" decoding=\"async\" class=\"aligncenter size-full wp-image-232744\" src=\"https:\/\/www.fiscalia.gov.co\/colombia\/wp-content\/uploads\/WhatsApp-Image-2021-10-21-at-1.07.30-PM.jpeg\" alt=\"\" width=\"1600\" height=\"1066\" srcset=\"https:\/\/www.fiscalia.gov.co\/colombia\/wp-content\/uploads\/WhatsApp-Image-2021-10-21-at-1.07.30-PM.jpeg 1600w, https:\/\/www.fiscalia.gov.co\/colombia\/wp-content\/uploads\/WhatsApp-Image-2021-10-21-at-1.07.30-PM-300x200.jpeg 300w, https:\/\/www.fiscalia.gov.co\/colombia\/wp-content\/uploads\/WhatsApp-Image-2021-10-21-at-1.07.30-PM-1024x682.jpeg 1024w, https:\/\/www.fiscalia.gov.co\/colombia\/wp-content\/uploads\/WhatsApp-Image-2021-10-21-at-1.07.30-PM-768x512.jpeg 768w, https:\/\/www.fiscalia.gov.co\/colombia\/wp-content\/uploads\/WhatsApp-Image-2021-10-21-at-1.07.30-PM-1536x1023.jpeg 1536w, https:\/\/www.fiscalia.gov.co\/colombia\/wp-content\/uploads\/WhatsApp-Image-2021-10-21-at-1.07.30-PM-696x464.jpeg 696w, https:\/\/www.fiscalia.gov.co\/colombia\/wp-content\/uploads\/WhatsApp-Image-2021-10-21-at-1.07.30-PM-1068x712.jpeg 1068w, https:\/\/www.fiscalia.gov.co\/colombia\/wp-content\/uploads\/WhatsApp-Image-2021-10-21-at-1.07.30-PM-630x420.jpeg 630w\" sizes=\"auto, (max-width: 1600px) 100vw, 1600px\" \/><\/p>\n<p>La jornada liderada por la Fiscal\u00eda General de la Naci\u00f3n de Colombia, que se extender\u00e1 hasta el viernes 22 de octubre, hace parte de los compromisos adquiridos el pasado 30 de agosto con la suscripci\u00f3n de la Declaraci\u00f3n de Panam\u00e1, durante el encuentro de Fiscales y Procuradores en ese pa\u00eds centroamericano.<\/p>\n[embedyt] https:\/\/www.youtube.com\/watch?v=dTFIDDTQxFU[\/embedyt]\n<p>Al encuentro asisten representantes de Bolivia, Costa Rica, Panam\u00e1, Chile, Brasil, Guatemala, Honduras, Argentina, Ecuador, Paraguay, Uruguay, Per\u00fa y Estados Unidos, adem\u00e1s de Colombia como pa\u00eds anfitri\u00f3n.<\/p>\n[embedyt] https:\/\/www.youtube.com\/watch?v=rIwqkLEJoDo[\/embedyt]\n<p>Durante su intervenci\u00f3n, al referirse a los movimientos migratorios en el continente, el jefe del ente investigativo indic\u00f3 que el tr\u00e1fico il\u00edcito de migrantes es un fen\u00f3meno criminal que concierne a todos los pa\u00edses afectados y, ante ello, se requiere una respuesta trasnacional articulada de las instituciones.<\/p>\n[embedyt] https:\/\/www.youtube.com\/watch?v=p7ZtS3pOTkE[\/embedyt]\n<p>\u201cLa idea es poder unirnos y poder mirar en conjunto los diferentes problemas que nosotros tenemos en la medida en que, m\u00e1s all\u00e1 de discursos, nuestras acciones son operativas en los territorios, son a trav\u00e9s de investigaciones estructurares y de la persecuci\u00f3n de criminales y de bienes, dentro de nuestros pa\u00edses\u201d, recalc\u00f3 el jefe del ente acusador.<\/p>\n[embedyt] https:\/\/www.youtube.com\/watch?v=enZ9GwQTwIE[\/embedyt]\n<p>De esta manera, en la cumbre se pretende desarrollar estrategias a nivel regional \ua7f7conforme a lo planteado en ciudad de Panam\u00e1\ua7f7 que permitan el impulso de las investigaciones de car\u00e1cter transnacional, a trav\u00e9s de la cooperaci\u00f3n interinstitucional directa entre los fiscales de conocimiento de estos flagelos, la conformaci\u00f3n de mesas de priorizaci\u00f3n de casos, la transmisi\u00f3n espont\u00e1nea de informaci\u00f3n y la constituci\u00f3n de equipos conjuntos de investigaci\u00f3n en los casos que se requieran, entre otros aspectos.<\/p>\n[embedyt] https:\/\/www.youtube.com\/watch?v=QBHkYj-AvAk[\/embedyt]\n<p>Dentro de los temas que se abordar\u00e1n en la jornada est\u00e1n la hoja de ruta de actos urgentes para la investigaci\u00f3n y judicializaci\u00f3n del tr\u00e1fico de migrantes en la regi\u00f3n, y la hoja de ruta para el desarrollo de investigaciones estructurales y conjuntas sobre esta problem\u00e1tica.<\/p>\n[embedyt] https:\/\/www.youtube.com\/watch?v=GEeU3dA3hTU[\/embedyt]\n<p>De otra parte, se indic\u00f3 que esta cumbre abre una oportunidad de dialogo y de acuerdos respecto a otros ejes tem\u00e1ticos como el narcotr\u00e1fico, el lavado de activos, la extinci\u00f3n de dominio y la cibercriminalidad con las criptomonedas.<\/p>\n[embedyt] https:\/\/www.youtube.com\/watch?v=f16BszYsqMk[\/embedyt]\n<p>Para el fiscal Barbosa Delgado, las fiscal\u00edas, ministerios p\u00fablicos y polic\u00edas judiciales de los pa\u00edses son pieza clave en este prop\u00f3sito. La investigaci\u00f3n criminal y el ejercicio de la acci\u00f3n penal, de acuerdo con el derecho interno de cada Estado, deben contribuir a que esta actividad, que representa un negocio para las organizaciones criminales, no siga afectando la soberan\u00eda, las leyes migratorias ni los derechos humanos.<\/p>\n[embedyt] https:\/\/www.youtube.com\/watch?v=K1_AtKHBQ1Y[\/embedyt]\n<p><strong>La Fiscal\u00eda General de la Naci\u00f3n habla con resultados.<\/strong><\/p>\n[embedyt] https:\/\/www.youtube.com\/watch?v=qEGxFWWw7Z4[\/embedyt]\n<p>DLBM\/MRC<\/p>\n[embedyt] https:\/\/www.youtube.com\/watch?v=eLYPo0mluE0[\/embedyt]\n\n<div class=\"twitter-share\"><a href=\"https:\/\/twitter.com\/intent\/tweet?via=fiscaliacol\" class=\"twitter-share-button\">Tweet<\/a><\/div>\n","protected":false},"excerpt":{"rendered":"<p>En el escenario de articulaci\u00f3n interinstitucional, que se da en el marco de la estrategia de cooperaci\u00f3n internacional en la lucha contra este fen\u00f3meno delictivo, participan representantes de Fiscal\u00edas y Ministerios P\u00fablicos de 14 pa\u00edses del continente americano. [embedyt] https:\/\/www.youtube.com\/watch?v=WXaJzdC-zgw[\/embedyt] En Cartagena de Indias (Bol\u00edvar), el Fiscal General de la Naci\u00f3n, Francisco Barbosa Delgado, instal\u00f3 [&hellip;]<\/p>\n","protected":false},"author":175,"featured_media":0,"comment_status":"closed","ping_status":"open","sticky":false,"template":"","format":"video","meta":{"tdm_status":"","tdm_grid_status":"","footnotes":""},"categories":[30398,25128,24096,1],"tags":[24189,24526],"class_list":{"0":"post-232742","1":"post","2":"type-post","3":"status-publish","4":"format-video","6":"category-2-anos-de-resultados","7":"category-el-fiscal-en-los-territorios","8":"category-fiscal-general-de-la-nacion","9":"category-noticias","10":"tag-fiscal-francisco-barbosa-delgado","11":"tag-fiscal-general-francisco-barbosa-delgado","12":"post_format-post-format-video"},"yoast_head":"<!-- This site is optimized with the Yoast SEO plugin v24.3 - https:\/\/yoast.com\/wordpress\/plugins\/seo\/ -->\n<title>Fiscal\u00eda General de la Naci\u00f3n<\/title>\n<meta name=\"description\" content=\"P\u00e1gina oficial de la Fiscal\u00eda General de la Naci\u00f3n \u2013 Colombia. Garantizamos el acceso efectivo a la justicia, la verdad y la reparaci\u00f3n de las v\u00edctimas de los delitos.\" \/>\n<meta name=\"robots\" content=\"noindex, follow\" \/>\n<meta property=\"og:locale\" content=\"es_ES\" \/>\n<meta property=\"og:type\" content=\"article\" \/>\n<meta property=\"og:title\" content=\"Fiscal\u00eda General de la Naci\u00f3n\" \/>\n<meta property=\"og:description\" content=\"P\u00e1gina oficial de la Fiscal\u00eda General de la Naci\u00f3n \u2013 Colombia. Garantizamos el acceso efectivo a la justicia, la verdad y la reparaci\u00f3n de las v\u00edctimas de los delitos.\" \/>\n<meta property=\"og:url\" content=\"https:\/\/www.fiscalia.gov.co\/colombia\/noticias\/en-cumbre-de-fiscales-y-procuradores-generales-en-cartagena-el-fiscal-general-francisco-barbosa-enfatizo-que-el-trafico-de-migrantes-requiere-una-respuesta-transnacional-articulada-de-las-institucion\/\" \/>\n<meta property=\"og:site_name\" content=\"Fiscal\u00eda General de la Naci\u00f3n\" \/>\n<meta property=\"article:publisher\" content=\"https:\/\/www.facebook.com\/FiscaliaCol\" \/>\n<meta property=\"article:published_time\" content=\"2021-10-21T18:13:20+00:00\" \/>\n<meta property=\"article:modified_time\" content=\"2022-02-11T20:24:45+00:00\" \/>\n<meta property=\"og:image\" content=\"https:\/\/www.fiscalia.gov.co\/colombia\/wp-content\/uploads\/WhatsApp-Image-2021-10-21-at-1.07.30-PM.jpeg\" \/>\n<meta name=\"author\" content=\"Katherine Loaiza Mart\u00ednez\" \/>\n<meta name=\"twitter:card\" content=\"summary_large_image\" \/>\n<meta name=\"twitter:creator\" content=\"@FiscaliaCol\" \/>\n<meta name=\"twitter:site\" content=\"@FiscaliaCol\" \/>\n<meta name=\"twitter:label1\" content=\"Escrito por\" \/>\n\t<meta name=\"twitter:data1\" content=\"Katherine Loaiza Mart\u00ednez\" \/>\n\t<meta name=\"twitter:label2\" content=\"Tiempo de lectura\" \/>\n\t<meta name=\"twitter:data2\" content=\"3 minutos\" \/>\n<script type=\"application\/ld+json\" class=\"yoast-schema-graph\">{\"@context\":\"https:\/\/schema.org\",\"@graph\":[{\"@type\":\"Article\",\"@id\":\"https:\/\/www.fiscalia.gov.co\/colombia\/noticias\/en-cumbre-de-fiscales-y-procuradores-generales-en-cartagena-el-fiscal-general-francisco-barbosa-enfatizo-que-el-trafico-de-migrantes-requiere-una-respuesta-transnacional-articulada-de-las-institucion\/#article\",\"isPartOf\":{\"@id\":\"https:\/\/www.fiscalia.gov.co\/colombia\/noticias\/en-cumbre-de-fiscales-y-procuradores-generales-en-cartagena-el-fiscal-general-francisco-barbosa-enfatizo-que-el-trafico-de-migrantes-requiere-una-respuesta-transnacional-articulada-de-las-institucion\/\"},\"author\":{\"name\":\"Katherine Loaiza Mart\u00ednez\",\"@id\":\"https:\/\/www.fiscalia.gov.co\/colombia\/#\/schema\/person\/2e76b9aba5ecf875ed565ce4de0e0415\"},\"headline\":\"En Cumbre de Fiscales y Procuradores Generales en Cartagena, el Fiscal General Francisco Barbosa enfatiz\u00f3 que el tr\u00e1fico de migrantes requiere una respuesta transnacional articulada de las instituciones\",\"datePublished\":\"2021-10-21T18:13:20+00:00\",\"dateModified\":\"2022-02-11T20:24:45+00:00\",\"mainEntityOfPage\":{\"@id\":\"https:\/\/www.fiscalia.gov.co\/colombia\/noticias\/en-cumbre-de-fiscales-y-procuradores-generales-en-cartagena-el-fiscal-general-francisco-barbosa-enfatizo-que-el-trafico-de-migrantes-requiere-una-respuesta-transnacional-articulada-de-las-institucion\/\"},\"wordCount\":707,\"publisher\":{\"@id\":\"https:\/\/www.fiscalia.gov.co\/colombia\/#organization\"},\"image\":{\"@id\":\"https:\/\/www.fiscalia.gov.co\/colombia\/noticias\/en-cumbre-de-fiscales-y-procuradores-generales-en-cartagena-el-fiscal-general-francisco-barbosa-enfatizo-que-el-trafico-de-migrantes-requiere-una-respuesta-transnacional-articulada-de-las-institucion\/#primaryimage\"},\"thumbnailUrl\":\"https:\/\/www.fiscalia.gov.co\/colombia\/wp-content\/uploads\/WhatsApp-Image-2021-10-21-at-1.07.30-PM.jpeg\",\"keywords\":[\"Fiscal Francisco Barbosa Delgado\",\"Fiscal General Francisco Barbosa Delgado\"],\"articleSection\":[\"2 a\u00f1os de resultados\",\"El Fiscal en los territorios\",\"Fiscal General de la Naci\u00f3n\",\"Noticias\"],\"inLanguage\":\"es-CO\"},{\"@type\":\"WebPage\",\"@id\":\"https:\/\/www.fiscalia.gov.co\/colombia\/noticias\/en-cumbre-de-fiscales-y-procuradores-generales-en-cartagena-el-fiscal-general-francisco-barbosa-enfatizo-que-el-trafico-de-migrantes-requiere-una-respuesta-transnacional-articulada-de-las-institucion\/\",\"url\":\"https:\/\/www.fiscalia.gov.co\/colombia\/noticias\/en-cumbre-de-fiscales-y-procuradores-generales-en-cartagena-el-fiscal-general-francisco-barbosa-enfatizo-que-el-trafico-de-migrantes-requiere-una-respuesta-transnacional-articulada-de-las-institucion\/\",\"name\":\"Fiscal\u00eda General de la Naci\u00f3n\",\"isPartOf\":{\"@id\":\"https:\/\/www.fiscalia.gov.co\/colombia\/#website\"},\"primaryImageOfPage\":{\"@id\":\"https:\/\/www.fiscalia.gov.co\/colombia\/noticias\/en-cumbre-de-fiscales-y-procuradores-generales-en-cartagena-el-fiscal-general-francisco-barbosa-enfatizo-que-el-trafico-de-migrantes-requiere-una-respuesta-transnacional-articulada-de-las-institucion\/#primaryimage\"},\"image\":{\"@id\":\"https:\/\/www.fiscalia.gov.co\/colombia\/noticias\/en-cumbre-de-fiscales-y-procuradores-generales-en-cartagena-el-fiscal-general-francisco-barbosa-enfatizo-que-el-trafico-de-migrantes-requiere-una-respuesta-transnacional-articulada-de-las-institucion\/#primaryimage\"},\"thumbnailUrl\":\"https:\/\/www.fiscalia.gov.co\/colombia\/wp-content\/uploads\/WhatsApp-Image-2021-10-21-at-1.07.30-PM.jpeg\",\"datePublished\":\"2021-10-21T18:13:20+00:00\",\"dateModified\":\"2022-02-11T20:24:45+00:00\",\"description\":\"P\u00e1gina oficial de la Fiscal\u00eda General de la Naci\u00f3n \u2013 Colombia. Garantizamos el acceso efectivo a la justicia, la verdad y la reparaci\u00f3n de las v\u00edctimas de los delitos.\",\"breadcrumb\":{\"@id\":\"https:\/\/www.fiscalia.gov.co\/colombia\/noticias\/en-cumbre-de-fiscales-y-procuradores-generales-en-cartagena-el-fiscal-general-francisco-barbosa-enfatizo-que-el-trafico-de-migrantes-requiere-una-respuesta-transnacional-articulada-de-las-institucion\/#breadcrumb\"},\"inLanguage\":\"es-CO\",\"potentialAction\":[{\"@type\":\"ReadAction\",\"target\":[\"https:\/\/www.fiscalia.gov.co\/colombia\/noticias\/en-cumbre-de-fiscales-y-procuradores-generales-en-cartagena-el-fiscal-general-francisco-barbosa-enfatizo-que-el-trafico-de-migrantes-requiere-una-respuesta-transnacional-articulada-de-las-institucion\/\"]}]},{\"@type\":\"ImageObject\",\"inLanguage\":\"es-CO\",\"@id\":\"https:\/\/www.fiscalia.gov.co\/colombia\/noticias\/en-cumbre-de-fiscales-y-procuradores-generales-en-cartagena-el-fiscal-general-francisco-barbosa-enfatizo-que-el-trafico-de-migrantes-requiere-una-respuesta-transnacional-articulada-de-las-institucion\/#primaryimage\",\"url\":\"https:\/\/www.fiscalia.gov.co\/colombia\/wp-content\/uploads\/WhatsApp-Image-2021-10-21-at-1.07.30-PM.jpeg\",\"contentUrl\":\"https:\/\/www.fiscalia.gov.co\/colombia\/wp-content\/uploads\/WhatsApp-Image-2021-10-21-at-1.07.30-PM.jpeg\",\"width\":1600,\"height\":1066},{\"@type\":\"BreadcrumbList\",\"@id\":\"https:\/\/www.fiscalia.gov.co\/colombia\/noticias\/en-cumbre-de-fiscales-y-procuradores-generales-en-cartagena-el-fiscal-general-francisco-barbosa-enfatizo-que-el-trafico-de-migrantes-requiere-una-respuesta-transnacional-articulada-de-las-institucion\/#breadcrumb\",\"itemListElement\":[{\"@type\":\"ListItem\",\"position\":1,\"name\":\"Home\",\"item\":\"https:\/\/www.fiscalia.gov.co\/colombia\/\"},{\"@type\":\"ListItem\",\"position\":2,\"name\":\"En Cumbre de Fiscales y Procuradores Generales en Cartagena, el Fiscal General Francisco Barbosa enfatiz\u00f3 que el tr\u00e1fico de migrantes requiere una respuesta transnacional articulada de las instituciones\"}]},{\"@type\":\"WebSite\",\"@id\":\"https:\/\/www.fiscalia.gov.co\/colombia\/#website\",\"url\":\"https:\/\/www.fiscalia.gov.co\/colombia\/\",\"name\":\"Fiscal\u00eda General de la Naci\u00f3n\",\"description\":\"P\u00e1gina oficial de la Fiscal\u00eda General de la Naci\u00f3n \u2013 Colombia. Garantizamos el acceso efectivo a la justicia, la verdad y la reparaci\u00f3n de las v\u00edctimas de los delitos.\",\"publisher\":{\"@id\":\"https:\/\/www.fiscalia.gov.co\/colombia\/#organization\"},\"potentialAction\":[{\"@type\":\"SearchAction\",\"target\":{\"@type\":\"EntryPoint\",\"urlTemplate\":\"https:\/\/www.fiscalia.gov.co\/colombia\/?s={search_term_string}\"},\"query-input\":{\"@type\":\"PropertyValueSpecification\",\"valueRequired\":true,\"valueName\":\"search_term_string\"}}],\"inLanguage\":\"es-CO\"},{\"@type\":\"Organization\",\"@id\":\"https:\/\/www.fiscalia.gov.co\/colombia\/#organization\",\"name\":\"Fiscal\u00eda General de la Naci\u00f3n\",\"url\":\"https:\/\/www.fiscalia.gov.co\/colombia\/\",\"logo\":{\"@type\":\"ImageObject\",\"inLanguage\":\"es-CO\",\"@id\":\"https:\/\/www.fiscalia.gov.co\/colombia\/#\/schema\/logo\/image\/\",\"url\":\"https:\/\/www.fiscalia.gov.co\/colombia\/wp-content\/uploads\/LogoHorizontal_1.jpg\",\"contentUrl\":\"https:\/\/www.fiscalia.gov.co\/colombia\/wp-content\/uploads\/LogoHorizontal_1.jpg\",\"width\":300,\"height\":90,\"caption\":\"Fiscal\u00eda General de la Naci\u00f3n\"},\"image\":{\"@id\":\"https:\/\/www.fiscalia.gov.co\/colombia\/#\/schema\/logo\/image\/\"},\"sameAs\":[\"https:\/\/www.facebook.com\/FiscaliaCol\",\"https:\/\/x.com\/FiscaliaCol\",\"https:\/\/www.instagram.com\/fiscaliacol\",\"https:\/\/www.linkedin.com\/company\/fiscalia-general-de-la-naci-n\/\",\"https:\/\/youtube.com\/@fiscaliageneraldelanacion-4668?si=6nN79nyQICPU5iTh\"]},{\"@type\":\"Person\",\"@id\":\"https:\/\/www.fiscalia.gov.co\/colombia\/#\/schema\/person\/2e76b9aba5ecf875ed565ce4de0e0415\",\"name\":\"Katherine Loaiza Mart\u00ednez\",\"image\":{\"@type\":\"ImageObject\",\"inLanguage\":\"es-CO\",\"@id\":\"https:\/\/www.fiscalia.gov.co\/colombia\/#\/schema\/person\/image\/\",\"url\":\"https:\/\/secure.gravatar.com\/avatar\/ab775a2f394c1b83b6d6f78680e57b50?s=96&d=mm&r=g\",\"contentUrl\":\"https:\/\/secure.gravatar.com\/avatar\/ab775a2f394c1b83b6d6f78680e57b50?s=96&d=mm&r=g\",\"caption\":\"Katherine Loaiza Mart\u00ednez\"},\"url\":\"https:\/\/www.fiscalia.gov.co\/colombia\/author\/kloaiza\/\"}]}<\/script>\n<!-- \/ Yoast SEO plugin. -->","yoast_head_json":{"title":"Fiscal\u00eda General de la Naci\u00f3n","description":"P\u00e1gina oficial de la Fiscal\u00eda General de la Naci\u00f3n \u2013 Colombia. Garantizamos el acceso efectivo a la justicia, la verdad y la reparaci\u00f3n de las v\u00edctimas de los delitos.","robots":{"index":"noindex","follow":"follow"},"og_locale":"es_ES","og_type":"article","og_title":"Fiscal\u00eda General de la Naci\u00f3n","og_description":"P\u00e1gina oficial de la Fiscal\u00eda General de la Naci\u00f3n \u2013 Colombia. Garantizamos el acceso efectivo a la justicia, la verdad y la reparaci\u00f3n de las v\u00edctimas de los delitos.","og_url":"https:\/\/www.fiscalia.gov.co\/colombia\/noticias\/en-cumbre-de-fiscales-y-procuradores-generales-en-cartagena-el-fiscal-general-francisco-barbosa-enfatizo-que-el-trafico-de-migrantes-requiere-una-respuesta-transnacional-articulada-de-las-institucion\/","og_site_name":"Fiscal\u00eda General de la Naci\u00f3n","article_publisher":"https:\/\/www.facebook.com\/FiscaliaCol","article_published_time":"2021-10-21T18:13:20+00:00","article_modified_time":"2022-02-11T20:24:45+00:00","og_image":[{"url":"https:\/\/www.fiscalia.gov.co\/colombia\/wp-content\/uploads\/WhatsApp-Image-2021-10-21-at-1.07.30-PM.jpeg","type":"","width":"","height":""}],"author":"Katherine Loaiza Mart\u00ednez","twitter_card":"summary_large_image","twitter_creator":"@FiscaliaCol","twitter_site":"@FiscaliaCol","twitter_misc":{"Escrito por":"Katherine Loaiza Mart\u00ednez","Tiempo de lectura":"3 minutos"},"schema":{"@context":"https:\/\/schema.org","@graph":[{"@type":"Article","@id":"https:\/\/www.fiscalia.gov.co\/colombia\/noticias\/en-cumbre-de-fiscales-y-procuradores-generales-en-cartagena-el-fiscal-general-francisco-barbosa-enfatizo-que-el-trafico-de-migrantes-requiere-una-respuesta-transnacional-articulada-de-las-institucion\/#article","isPartOf":{"@id":"https:\/\/www.fiscalia.gov.co\/colombia\/noticias\/en-cumbre-de-fiscales-y-procuradores-generales-en-cartagena-el-fiscal-general-francisco-barbosa-enfatizo-que-el-trafico-de-migrantes-requiere-una-respuesta-transnacional-articulada-de-las-institucion\/"},"author":{"name":"Katherine Loaiza Mart\u00ednez","@id":"https:\/\/www.fiscalia.gov.co\/colombia\/#\/schema\/person\/2e76b9aba5ecf875ed565ce4de0e0415"},"headline":"En Cumbre de Fiscales y Procuradores Generales en Cartagena, el Fiscal General Francisco Barbosa enfatiz\u00f3 que el tr\u00e1fico de migrantes requiere una respuesta transnacional articulada de las instituciones","datePublished":"2021-10-21T18:13:20+00:00","dateModified":"2022-02-11T20:24:45+00:00","mainEntityOfPage":{"@id":"https:\/\/www.fiscalia.gov.co\/colombia\/noticias\/en-cumbre-de-fiscales-y-procuradores-generales-en-cartagena-el-fiscal-general-francisco-barbosa-enfatizo-que-el-trafico-de-migrantes-requiere-una-respuesta-transnacional-articulada-de-las-institucion\/"},"wordCount":707,"publisher":{"@id":"https:\/\/www.fiscalia.gov.co\/colombia\/#organization"},"image":{"@id":"https:\/\/www.fiscalia.gov.co\/colombia\/noticias\/en-cumbre-de-fiscales-y-procuradores-generales-en-cartagena-el-fiscal-general-francisco-barbosa-enfatizo-que-el-trafico-de-migrantes-requiere-una-respuesta-transnacional-articulada-de-las-institucion\/#primaryimage"},"thumbnailUrl":"https:\/\/www.fiscalia.gov.co\/colombia\/wp-content\/uploads\/WhatsApp-Image-2021-10-21-at-1.07.30-PM.jpeg","keywords":["Fiscal Francisco Barbosa Delgado","Fiscal General Francisco Barbosa Delgado"],"articleSection":["2 a\u00f1os de resultados","El Fiscal en los territorios","Fiscal General de la Naci\u00f3n","Noticias"],"inLanguage":"es-CO"},{"@type":"WebPage","@id":"https:\/\/www.fiscalia.gov.co\/colombia\/noticias\/en-cumbre-de-fiscales-y-procuradores-generales-en-cartagena-el-fiscal-general-francisco-barbosa-enfatizo-que-el-trafico-de-migrantes-requiere-una-respuesta-transnacional-articulada-de-las-institucion\/","url":"https:\/\/www.fiscalia.gov.co\/colombia\/noticias\/en-cumbre-de-fiscales-y-procuradores-generales-en-cartagena-el-fiscal-general-francisco-barbosa-enfatizo-que-el-trafico-de-migrantes-requiere-una-respuesta-transnacional-articulada-de-las-institucion\/","name":"Fiscal\u00eda General de la Naci\u00f3n","isPartOf":{"@id":"https:\/\/www.fiscalia.gov.co\/colombia\/#website"},"primaryImageOfPage":{"@id":"https:\/\/www.fiscalia.gov.co\/colombia\/noticias\/en-cumbre-de-fiscales-y-procuradores-generales-en-cartagena-el-fiscal-general-francisco-barbosa-enfatizo-que-el-trafico-de-migrantes-requiere-una-respuesta-transnacional-articulada-de-las-institucion\/#primaryimage"},"image":{"@id":"https:\/\/www.fiscalia.gov.co\/colombia\/noticias\/en-cumbre-de-fiscales-y-procuradores-generales-en-cartagena-el-fiscal-general-francisco-barbosa-enfatizo-que-el-trafico-de-migrantes-requiere-una-respuesta-transnacional-articulada-de-las-institucion\/#primaryimage"},"thumbnailUrl":"https:\/\/www.fiscalia.gov.co\/colombia\/wp-content\/uploads\/WhatsApp-Image-2021-10-21-at-1.07.30-PM.jpeg","datePublished":"2021-10-21T18:13:20+00:00","dateModified":"2022-02-11T20:24:45+00:00","description":"P\u00e1gina oficial de la Fiscal\u00eda General de la Naci\u00f3n \u2013 Colombia. Garantizamos el acceso efectivo a la justicia, la verdad y la reparaci\u00f3n de las v\u00edctimas de los delitos.","breadcrumb":{"@id":"https:\/\/www.fiscalia.gov.co\/colombia\/noticias\/en-cumbre-de-fiscales-y-procuradores-generales-en-cartagena-el-fiscal-general-francisco-barbosa-enfatizo-que-el-trafico-de-migrantes-requiere-una-respuesta-transnacional-articulada-de-las-institucion\/#breadcrumb"},"inLanguage":"es-CO","potentialAction":[{"@type":"ReadAction","target":["https:\/\/www.fiscalia.gov.co\/colombia\/noticias\/en-cumbre-de-fiscales-y-procuradores-generales-en-cartagena-el-fiscal-general-francisco-barbosa-enfatizo-que-el-trafico-de-migrantes-requiere-una-respuesta-transnacional-articulada-de-las-institucion\/"]}]},{"@type":"ImageObject","inLanguage":"es-CO","@id":"https:\/\/www.fiscalia.gov.co\/colombia\/noticias\/en-cumbre-de-fiscales-y-procuradores-generales-en-cartagena-el-fiscal-general-francisco-barbosa-enfatizo-que-el-trafico-de-migrantes-requiere-una-respuesta-transnacional-articulada-de-las-institucion\/#primaryimage","url":"https:\/\/www.fiscalia.gov.co\/colombia\/wp-content\/uploads\/WhatsApp-Image-2021-10-21-at-1.07.30-PM.jpeg","contentUrl":"https:\/\/www.fiscalia.gov.co\/colombia\/wp-content\/uploads\/WhatsApp-Image-2021-10-21-at-1.07.30-PM.jpeg","width":1600,"height":1066},{"@type":"BreadcrumbList","@id":"https:\/\/www.fiscalia.gov.co\/colombia\/noticias\/en-cumbre-de-fiscales-y-procuradores-generales-en-cartagena-el-fiscal-general-francisco-barbosa-enfatizo-que-el-trafico-de-migrantes-requiere-una-respuesta-transnacional-articulada-de-las-institucion\/#breadcrumb","itemListElement":[{"@type":"ListItem","position":1,"name":"Home","item":"https:\/\/www.fiscalia.gov.co\/colombia\/"},{"@type":"ListItem","position":2,"name":"En Cumbre de Fiscales y Procuradores Generales en Cartagena, el Fiscal General Francisco Barbosa enfatiz\u00f3 que el tr\u00e1fico de migrantes requiere una respuesta transnacional articulada de las instituciones"}]},{"@type":"WebSite","@id":"https:\/\/www.fiscalia.gov.co\/colombia\/#website","url":"https:\/\/www.fiscalia.gov.co\/colombia\/","name":"Fiscal\u00eda General de la Naci\u00f3n","description":"P\u00e1gina oficial de la Fiscal\u00eda General de la Naci\u00f3n \u2013 Colombia. Garantizamos el acceso efectivo a la justicia, la verdad y la reparaci\u00f3n de las v\u00edctimas de los delitos.","publisher":{"@id":"https:\/\/www.fiscalia.gov.co\/colombia\/#organization"},"potentialAction":[{"@type":"SearchAction","target":{"@type":"EntryPoint","urlTemplate":"https:\/\/www.fiscalia.gov.co\/colombia\/?s={search_term_string}"},"query-input":{"@type":"PropertyValueSpecification","valueRequired":true,"valueName":"search_term_string"}}],"inLanguage":"es-CO"},{"@type":"Organization","@id":"https:\/\/www.fiscalia.gov.co\/colombia\/#organization","name":"Fiscal\u00eda General de la Naci\u00f3n","url":"https:\/\/www.fiscalia.gov.co\/colombia\/","logo":{"@type":"ImageObject","inLanguage":"es-CO","@id":"https:\/\/www.fiscalia.gov.co\/colombia\/#\/schema\/logo\/image\/","url":"https:\/\/www.fiscalia.gov.co\/colombia\/wp-content\/uploads\/LogoHorizontal_1.jpg","contentUrl":"https:\/\/www.fiscalia.gov.co\/colombia\/wp-content\/uploads\/LogoHorizontal_1.jpg","width":300,"height":90,"caption":"Fiscal\u00eda General de la Naci\u00f3n"},"image":{"@id":"https:\/\/www.fiscalia.gov.co\/colombia\/#\/schema\/logo\/image\/"},"sameAs":["https:\/\/www.facebook.com\/FiscaliaCol","https:\/\/x.com\/FiscaliaCol","https:\/\/www.instagram.com\/fiscaliacol","https:\/\/www.linkedin.com\/company\/fiscalia-general-de-la-naci-n\/","https:\/\/youtube.com\/@fiscaliageneraldelanacion-4668?si=6nN79nyQICPU5iTh"]},{"@type":"Person","@id":"https:\/\/www.fiscalia.gov.co\/colombia\/#\/schema\/person\/2e76b9aba5ecf875ed565ce4de0e0415","name":"Katherine Loaiza Mart\u00ednez","image":{"@type":"ImageObject","inLanguage":"es-CO","@id":"https:\/\/www.fiscalia.gov.co\/colombia\/#\/schema\/person\/image\/","url":"https:\/\/secure.gravatar.com\/avatar\/ab775a2f394c1b83b6d6f78680e57b50?s=96&d=mm&r=g","contentUrl":"https:\/\/secure.gravatar.com\/avatar\/ab775a2f394c1b83b6d6f78680e57b50?s=96&d=mm&r=g","caption":"Katherine Loaiza Mart\u00ednez"},"url":"https:\/\/www.fiscalia.gov.co\/colombia\/author\/kloaiza\/"}]}},"_links":{"self":[{"href":"https:\/\/www.fiscalia.gov.co\/colombia\/wp-json\/wp\/v2\/posts\/232742","targetHints":{"allow":["GET"]}}],"collection":[{"href":"https:\/\/www.fiscalia.gov.co\/colombia\/wp-json\/wp\/v2\/posts"}],"about":[{"href":"https:\/\/www.fiscalia.gov.co\/colombia\/wp-json\/wp\/v2\/types\/post"}],"author":[{"embeddable":true,"href":"https:\/\/www.fiscalia.gov.co\/colombia\/wp-json\/wp\/v2\/users\/175"}],"replies":[{"embeddable":true,"href":"https:\/\/www.fiscalia.gov.co\/colombia\/wp-json\/wp\/v2\/comments?post=232742"}],"version-history":[{"count":13,"href":"https:\/\/www.fiscalia.gov.co\/colombia\/wp-json\/wp\/v2\/posts\/232742\/revisions"}],"predecessor-version":[{"id":232800,"href":"https:\/\/www.fiscalia.gov.co\/colombia\/wp-json\/wp\/v2\/posts\/232742\/revisions\/232800"}],"wp:attachment":[{"href":"https:\/\/www.fiscalia.gov.co\/colombia\/wp-json\/wp\/v2\/media?parent=232742"}],"wp:term":[{"taxonomy":"category","embeddable":true,"href":"https:\/\/www.fiscalia.gov.co\/colombia\/wp-json\/wp\/v2\/categories?post=232742"},{"taxonomy":"post_tag","embeddable":true,"href":"https:\/\/www.fiscalia.gov.co\/colombia\/wp-json\/wp\/v2\/tags?post=232742"}],"curies":[{"name":"wp","href":"https:\/\/api.w.org\/{rel}","templated":true}]}}