{"id":232691,"date":"2021-10-20T17:09:53","date_gmt":"2021-10-20T22:09:53","guid":{"rendered":"https:\/\/www.fiscalia.gov.co\/colombia\/?p=232691"},"modified":"2021-10-20T17:09:53","modified_gmt":"2021-10-20T22:09:53","slug":"asegurado-un-hombre-que-estaria-transportando-10-kilos-de-marihuana-en-una-motocicleta","status":"publish","type":"post","link":"https:\/\/www.fiscalia.gov.co\/colombia\/noticias\/asegurado-un-hombre-que-estaria-transportando-10-kilos-de-marihuana-en-una-motocicleta\/","title":{"rendered":"Asegurado un hombre que estar\u00eda transportando 10 kilos de marihuana en una\u00a0\u00a0motocicleta"},"content":{"rendered":"<p><span lang=\"es\">Por los delitos de\u00a0<b>tr\u00e1fico, fabricaci\u00f3n o porte de estupefacientes y falsedad personal<\/b>\u00a0la Fiscal\u00eda imput\u00f3 a Daniel Felipe Becerra Yocuro, luego de su captura por la Polic\u00eda Nacional de Carreteras en la\u00a0vereda El Cascajo, en Santiago (Putumayo).<u><\/u>\u00a0<u><\/u><\/span><\/p>\n<figure id=\"attachment_232692\" aria-describedby=\"caption-attachment-232692\" style=\"width: 941px\" class=\"wp-caption alignnone\"><img loading=\"lazy\" decoding=\"async\" class=\"wp-image-232692 size-full\" src=\"https:\/\/www.fiscalia.gov.co\/colombia\/wp-content\/uploads\/Daniel-Felipe-Becerra-Yocuro.jpeg\" alt=\"\" width=\"941\" height=\"742\" srcset=\"https:\/\/www.fiscalia.gov.co\/colombia\/wp-content\/uploads\/Daniel-Felipe-Becerra-Yocuro.jpeg 941w, https:\/\/www.fiscalia.gov.co\/colombia\/wp-content\/uploads\/Daniel-Felipe-Becerra-Yocuro-300x237.jpeg 300w, https:\/\/www.fiscalia.gov.co\/colombia\/wp-content\/uploads\/Daniel-Felipe-Becerra-Yocuro-768x606.jpeg 768w, https:\/\/www.fiscalia.gov.co\/colombia\/wp-content\/uploads\/Daniel-Felipe-Becerra-Yocuro-696x549.jpeg 696w, https:\/\/www.fiscalia.gov.co\/colombia\/wp-content\/uploads\/Daniel-Felipe-Becerra-Yocuro-533x420.jpeg 533w\" sizes=\"auto, (max-width: 941px) 100vw, 941px\" \/><figcaption id=\"caption-attachment-232692\" class=\"wp-caption-text\">Al momento de la captura\u00a0\u00a0el indiciado se identific\u00f3 con la cedula de ciudadan\u00eda de su hermano,\u00a0por lo que le fue imputado el delito de falsedad personal.<\/figcaption><\/figure>\n<p><span lang=\"es\">El hoy judicializado\u00a0se movilizaba en una motocicleta y portaba un bolso en el que al parecer cargaba\u00a0<b>10 paquetes\u00a0\u00a0con 10 kilos de marihuana.\u00a0<\/b><u><\/u>\u00a0<u><\/u><\/span><\/p>\n<p><span lang=\"es\">Al momento de la captura el indiciado se identific\u00f3 con la cedula de ciudadan\u00eda de su hermano, pero al verificar la plena identidad con dactiloscopista, se estableci\u00f3 que su\u00a0<b>registro dactilar no correspond\u00eda<\/b>\u00a0con el documento aportado.<u><\/u>\u00a0<u><\/u><\/span><\/p>\n<p><span lang=\"es\">Atendiendo la solicitud del ente acusador, un juez con funci\u00f3n de control de garant\u00edas impuso\u00a0<b>medida de aseguramiento en centro carcelario<\/b>\u00a0en contra de Becerra Yocuro.<u><\/u>\u00a0<u><\/u><\/span><\/p>\n<p><span lang=\"es\">Tras la imputaci\u00f3n, el hoy capturado\u00a0<b>no acept\u00f3 los cargos<\/b>.\u00a0<u><\/u>\u00a0<u><\/u><\/span><\/p>\n<p><span lang=\"es\">LMGM\/CFG\/GRM<\/span><\/p>\n<p>Tambi\u00e9n le puede interesar:\u00a0 <a title=\"Medida intramuros para hombre que utilizar\u00eda un inmueble para la venta de estupefacientes\" href=\"https:\/\/www.fiscalia.gov.co\/colombia\/noticias\/medida-intramuros-para-hombre-que-utilizaria-un-inmueble-para-la-venta-de-estupefacientes\/\" target=\"_blank\" rel=\"noopener noreferrer\" data-saferedirecturl=\"https:\/\/www.google.com\/url?q=https:\/\/www.fiscalia.gov.co\/colombia\/noticias\/medida-intramuros-para-hombre-que-utilizaria-un-inmueble-para-la-venta-de-estupefacientes\/&amp;source=gmail&amp;ust=1634838548226000&amp;usg=AOvVaw1jDeHROCNn03YKi1VzNjTm\">Medida intramuros para hombre que utilizar\u00eda un inmueble para la venta de estupefacientes<\/a><u><\/u>\u00a0<u><\/u><\/p>\n<p>&nbsp;<\/p>\n\n<div class=\"twitter-share\"><a href=\"https:\/\/twitter.com\/intent\/tweet?via=fiscaliacol\" class=\"twitter-share-button\">Tweet<\/a><\/div>\n","protected":false},"excerpt":{"rendered":"<p>Por los delitos de\u00a0tr\u00e1fico, fabricaci\u00f3n o porte de estupefacientes y falsedad personal\u00a0la Fiscal\u00eda imput\u00f3 a Daniel Felipe Becerra Yocuro, luego de su captura por la Polic\u00eda Nacional de Carreteras en [&hellip;]<\/p>\n","protected":false},"author":176,"featured_media":0,"comment_status":"closed","ping_status":"open","sticky":false,"template":"","format":"standard","meta":{"tdm_status":"","tdm_grid_status":"","footnotes":""},"categories":[1,2910,303],"tags":[25643,24188,24305,1264,2279,28092,11101,25957],"class_list":["post-232691","post","type-post","status-publish","format-standard","category-noticias","category-seccional-mocoa","category-seccionales","tag-corredores-de-microtrafico","tag-fiscal-francisco-barbosa","tag-fiscal-general-francisco-barbosa","tag-marihuana","tag-putumayo","tag-santiago","tag-seguridad-ciudadana","tag-transporte-estupefacientes"],"yoast_head":"<!-- This site is optimized with the Yoast SEO plugin v24.3 - https:\/\/yoast.com\/wordpress\/plugins\/seo\/ -->\n<title>Fiscal\u00eda General de la Naci\u00f3n<\/title>\n<meta name=\"description\" content=\"P\u00e1gina oficial de la Fiscal\u00eda General de la Naci\u00f3n \u2013 Colombia. Garantizamos el acceso efectivo a la justicia, la verdad y la reparaci\u00f3n de las v\u00edctimas de los delitos.\" \/>\n<meta name=\"robots\" content=\"noindex, follow\" \/>\n<meta property=\"og:locale\" content=\"es_ES\" \/>\n<meta property=\"og:type\" content=\"article\" \/>\n<meta property=\"og:title\" content=\"Fiscal\u00eda General de la Naci\u00f3n\" \/>\n<meta property=\"og:description\" content=\"P\u00e1gina oficial de la Fiscal\u00eda General de la Naci\u00f3n \u2013 Colombia. Garantizamos el acceso efectivo a la justicia, la verdad y la reparaci\u00f3n de las v\u00edctimas de los delitos.\" \/>\n<meta property=\"og:url\" content=\"https:\/\/www.fiscalia.gov.co\/colombia\/noticias\/asegurado-un-hombre-que-estaria-transportando-10-kilos-de-marihuana-en-una-motocicleta\/\" \/>\n<meta property=\"og:site_name\" content=\"Fiscal\u00eda General de la Naci\u00f3n\" \/>\n<meta property=\"article:publisher\" content=\"https:\/\/www.facebook.com\/FiscaliaCol\" \/>\n<meta property=\"article:published_time\" content=\"2021-10-20T22:09:53+00:00\" \/>\n<meta property=\"og:image\" content=\"https:\/\/www.fiscalia.gov.co\/colombia\/wp-content\/uploads\/Daniel-Felipe-Becerra-Yocuro.jpeg\" \/>\n<meta name=\"author\" content=\"Johanna Black Prieto Pe\u00f1a\" \/>\n<meta name=\"twitter:card\" content=\"summary_large_image\" \/>\n<meta name=\"twitter:creator\" content=\"@FiscaliaCol\" \/>\n<meta name=\"twitter:site\" content=\"@FiscaliaCol\" \/>\n<meta name=\"twitter:label1\" content=\"Escrito por\" \/>\n\t<meta name=\"twitter:data1\" content=\"Johanna Black Prieto Pe\u00f1a\" \/>\n\t<meta name=\"twitter:label2\" content=\"Tiempo de lectura\" \/>\n\t<meta name=\"twitter:data2\" content=\"1 minuto\" \/>\n<script type=\"application\/ld+json\" class=\"yoast-schema-graph\">{\"@context\":\"https:\/\/schema.org\",\"@graph\":[{\"@type\":\"Article\",\"@id\":\"https:\/\/www.fiscalia.gov.co\/colombia\/noticias\/asegurado-un-hombre-que-estaria-transportando-10-kilos-de-marihuana-en-una-motocicleta\/#article\",\"isPartOf\":{\"@id\":\"https:\/\/www.fiscalia.gov.co\/colombia\/noticias\/asegurado-un-hombre-que-estaria-transportando-10-kilos-de-marihuana-en-una-motocicleta\/\"},\"author\":{\"name\":\"Johanna Black Prieto Pe\u00f1a\",\"@id\":\"https:\/\/www.fiscalia.gov.co\/colombia\/#\/schema\/person\/b19b49f26569f91393176a2b3d13a0e5\"},\"headline\":\"Asegurado un hombre que estar\u00eda transportando 10 kilos de marihuana en una\u00a0\u00a0motocicleta\",\"datePublished\":\"2021-10-20T22:09:53+00:00\",\"dateModified\":\"2021-10-20T22:09:53+00:00\",\"mainEntityOfPage\":{\"@id\":\"https:\/\/www.fiscalia.gov.co\/colombia\/noticias\/asegurado-un-hombre-que-estaria-transportando-10-kilos-de-marihuana-en-una-motocicleta\/\"},\"wordCount\":216,\"publisher\":{\"@id\":\"https:\/\/www.fiscalia.gov.co\/colombia\/#organization\"},\"image\":{\"@id\":\"https:\/\/www.fiscalia.gov.co\/colombia\/noticias\/asegurado-un-hombre-que-estaria-transportando-10-kilos-de-marihuana-en-una-motocicleta\/#primaryimage\"},\"thumbnailUrl\":\"https:\/\/www.fiscalia.gov.co\/colombia\/wp-content\/uploads\/Daniel-Felipe-Becerra-Yocuro.jpeg\",\"keywords\":[\"corredores de microtr\u00e1fico\",\"Fiscal Francisco Barbosa\",\"Fiscal General Francisco Barbosa\",\"Marihuana\",\"Putumayo\",\"Santiago\",\"Seguridad ciudadana\",\"transporte estupefacientes\"],\"articleSection\":[\"Noticias\",\"Seccional Mocoa\",\"Seccionales\"],\"inLanguage\":\"es-CO\"},{\"@type\":\"WebPage\",\"@id\":\"https:\/\/www.fiscalia.gov.co\/colombia\/noticias\/asegurado-un-hombre-que-estaria-transportando-10-kilos-de-marihuana-en-una-motocicleta\/\",\"url\":\"https:\/\/www.fiscalia.gov.co\/colombia\/noticias\/asegurado-un-hombre-que-estaria-transportando-10-kilos-de-marihuana-en-una-motocicleta\/\",\"name\":\"Fiscal\u00eda General de la Naci\u00f3n\",\"isPartOf\":{\"@id\":\"https:\/\/www.fiscalia.gov.co\/colombia\/#website\"},\"primaryImageOfPage\":{\"@id\":\"https:\/\/www.fiscalia.gov.co\/colombia\/noticias\/asegurado-un-hombre-que-estaria-transportando-10-kilos-de-marihuana-en-una-motocicleta\/#primaryimage\"},\"image\":{\"@id\":\"https:\/\/www.fiscalia.gov.co\/colombia\/noticias\/asegurado-un-hombre-que-estaria-transportando-10-kilos-de-marihuana-en-una-motocicleta\/#primaryimage\"},\"thumbnailUrl\":\"https:\/\/www.fiscalia.gov.co\/colombia\/wp-content\/uploads\/Daniel-Felipe-Becerra-Yocuro.jpeg\",\"datePublished\":\"2021-10-20T22:09:53+00:00\",\"dateModified\":\"2021-10-20T22:09:53+00:00\",\"description\":\"P\u00e1gina oficial de la Fiscal\u00eda General de la Naci\u00f3n \u2013 Colombia. Garantizamos el acceso efectivo a la justicia, la verdad y la reparaci\u00f3n de las v\u00edctimas de los delitos.\",\"breadcrumb\":{\"@id\":\"https:\/\/www.fiscalia.gov.co\/colombia\/noticias\/asegurado-un-hombre-que-estaria-transportando-10-kilos-de-marihuana-en-una-motocicleta\/#breadcrumb\"},\"inLanguage\":\"es-CO\",\"potentialAction\":[{\"@type\":\"ReadAction\",\"target\":[\"https:\/\/www.fiscalia.gov.co\/colombia\/noticias\/asegurado-un-hombre-que-estaria-transportando-10-kilos-de-marihuana-en-una-motocicleta\/\"]}]},{\"@type\":\"ImageObject\",\"inLanguage\":\"es-CO\",\"@id\":\"https:\/\/www.fiscalia.gov.co\/colombia\/noticias\/asegurado-un-hombre-que-estaria-transportando-10-kilos-de-marihuana-en-una-motocicleta\/#primaryimage\",\"url\":\"https:\/\/www.fiscalia.gov.co\/colombia\/wp-content\/uploads\/Daniel-Felipe-Becerra-Yocuro.jpeg\",\"contentUrl\":\"https:\/\/www.fiscalia.gov.co\/colombia\/wp-content\/uploads\/Daniel-Felipe-Becerra-Yocuro.jpeg\",\"width\":941,\"height\":742,\"caption\":\"Al momento de la captura\u00a0\u00a0el indiciado se identific\u00f3 con la cedula de ciudadan\u00eda de su hermano,\u00a0por lo que le fue imputado el delito de falsedad personal.\"},{\"@type\":\"BreadcrumbList\",\"@id\":\"https:\/\/www.fiscalia.gov.co\/colombia\/noticias\/asegurado-un-hombre-que-estaria-transportando-10-kilos-de-marihuana-en-una-motocicleta\/#breadcrumb\",\"itemListElement\":[{\"@type\":\"ListItem\",\"position\":1,\"name\":\"Home\",\"item\":\"https:\/\/www.fiscalia.gov.co\/colombia\/\"},{\"@type\":\"ListItem\",\"position\":2,\"name\":\"Asegurado un hombre que estar\u00eda transportando 10 kilos de marihuana en una\u00a0\u00a0motocicleta\"}]},{\"@type\":\"WebSite\",\"@id\":\"https:\/\/www.fiscalia.gov.co\/colombia\/#website\",\"url\":\"https:\/\/www.fiscalia.gov.co\/colombia\/\",\"name\":\"Fiscal\u00eda General de la Naci\u00f3n\",\"description\":\"P\u00e1gina oficial de la Fiscal\u00eda General de la Naci\u00f3n \u2013 Colombia. Garantizamos el acceso efectivo a la justicia, la verdad y la reparaci\u00f3n de las v\u00edctimas de los delitos.\",\"publisher\":{\"@id\":\"https:\/\/www.fiscalia.gov.co\/colombia\/#organization\"},\"potentialAction\":[{\"@type\":\"SearchAction\",\"target\":{\"@type\":\"EntryPoint\",\"urlTemplate\":\"https:\/\/www.fiscalia.gov.co\/colombia\/?s={search_term_string}\"},\"query-input\":{\"@type\":\"PropertyValueSpecification\",\"valueRequired\":true,\"valueName\":\"search_term_string\"}}],\"inLanguage\":\"es-CO\"},{\"@type\":\"Organization\",\"@id\":\"https:\/\/www.fiscalia.gov.co\/colombia\/#organization\",\"name\":\"Fiscal\u00eda General de la Naci\u00f3n\",\"url\":\"https:\/\/www.fiscalia.gov.co\/colombia\/\",\"logo\":{\"@type\":\"ImageObject\",\"inLanguage\":\"es-CO\",\"@id\":\"https:\/\/www.fiscalia.gov.co\/colombia\/#\/schema\/logo\/image\/\",\"url\":\"https:\/\/www.fiscalia.gov.co\/colombia\/wp-content\/uploads\/LogoHorizontal_1.jpg\",\"contentUrl\":\"https:\/\/www.fiscalia.gov.co\/colombia\/wp-content\/uploads\/LogoHorizontal_1.jpg\",\"width\":300,\"height\":90,\"caption\":\"Fiscal\u00eda General de la Naci\u00f3n\"},\"image\":{\"@id\":\"https:\/\/www.fiscalia.gov.co\/colombia\/#\/schema\/logo\/image\/\"},\"sameAs\":[\"https:\/\/www.facebook.com\/FiscaliaCol\",\"https:\/\/x.com\/FiscaliaCol\",\"https:\/\/www.instagram.com\/fiscaliacol\",\"https:\/\/www.linkedin.com\/company\/fiscalia-general-de-la-naci-n\/\",\"https:\/\/youtube.com\/@fiscaliageneraldelanacion-4668?si=6nN79nyQICPU5iTh\"]},{\"@type\":\"Person\",\"@id\":\"https:\/\/www.fiscalia.gov.co\/colombia\/#\/schema\/person\/b19b49f26569f91393176a2b3d13a0e5\",\"name\":\"Johanna Black Prieto Pe\u00f1a\",\"image\":{\"@type\":\"ImageObject\",\"inLanguage\":\"es-CO\",\"@id\":\"https:\/\/www.fiscalia.gov.co\/colombia\/#\/schema\/person\/image\/\",\"url\":\"https:\/\/secure.gravatar.com\/avatar\/7f04518e1774335e76d761d76f04003e?s=96&d=mm&r=g\",\"contentUrl\":\"https:\/\/secure.gravatar.com\/avatar\/7f04518e1774335e76d761d76f04003e?s=96&d=mm&r=g\",\"caption\":\"Johanna Black Prieto Pe\u00f1a\"},\"url\":\"https:\/\/www.fiscalia.gov.co\/colombia\/author\/jprieto\/\"}]}<\/script>\n<!-- \/ Yoast SEO plugin. -->","yoast_head_json":{"title":"Fiscal\u00eda General de la Naci\u00f3n","description":"P\u00e1gina oficial de la Fiscal\u00eda General de la Naci\u00f3n \u2013 Colombia. Garantizamos el acceso efectivo a la justicia, la verdad y la reparaci\u00f3n de las v\u00edctimas de los delitos.","robots":{"index":"noindex","follow":"follow"},"og_locale":"es_ES","og_type":"article","og_title":"Fiscal\u00eda General de la Naci\u00f3n","og_description":"P\u00e1gina oficial de la Fiscal\u00eda General de la Naci\u00f3n \u2013 Colombia. Garantizamos el acceso efectivo a la justicia, la verdad y la reparaci\u00f3n de las v\u00edctimas de los delitos.","og_url":"https:\/\/www.fiscalia.gov.co\/colombia\/noticias\/asegurado-un-hombre-que-estaria-transportando-10-kilos-de-marihuana-en-una-motocicleta\/","og_site_name":"Fiscal\u00eda General de la Naci\u00f3n","article_publisher":"https:\/\/www.facebook.com\/FiscaliaCol","article_published_time":"2021-10-20T22:09:53+00:00","og_image":[{"url":"https:\/\/www.fiscalia.gov.co\/colombia\/wp-content\/uploads\/Daniel-Felipe-Becerra-Yocuro.jpeg","type":"","width":"","height":""}],"author":"Johanna Black Prieto Pe\u00f1a","twitter_card":"summary_large_image","twitter_creator":"@FiscaliaCol","twitter_site":"@FiscaliaCol","twitter_misc":{"Escrito por":"Johanna Black Prieto Pe\u00f1a","Tiempo de lectura":"1 minuto"},"schema":{"@context":"https:\/\/schema.org","@graph":[{"@type":"Article","@id":"https:\/\/www.fiscalia.gov.co\/colombia\/noticias\/asegurado-un-hombre-que-estaria-transportando-10-kilos-de-marihuana-en-una-motocicleta\/#article","isPartOf":{"@id":"https:\/\/www.fiscalia.gov.co\/colombia\/noticias\/asegurado-un-hombre-que-estaria-transportando-10-kilos-de-marihuana-en-una-motocicleta\/"},"author":{"name":"Johanna Black Prieto Pe\u00f1a","@id":"https:\/\/www.fiscalia.gov.co\/colombia\/#\/schema\/person\/b19b49f26569f91393176a2b3d13a0e5"},"headline":"Asegurado un hombre que estar\u00eda transportando 10 kilos de marihuana en una\u00a0\u00a0motocicleta","datePublished":"2021-10-20T22:09:53+00:00","dateModified":"2021-10-20T22:09:53+00:00","mainEntityOfPage":{"@id":"https:\/\/www.fiscalia.gov.co\/colombia\/noticias\/asegurado-un-hombre-que-estaria-transportando-10-kilos-de-marihuana-en-una-motocicleta\/"},"wordCount":216,"publisher":{"@id":"https:\/\/www.fiscalia.gov.co\/colombia\/#organization"},"image":{"@id":"https:\/\/www.fiscalia.gov.co\/colombia\/noticias\/asegurado-un-hombre-que-estaria-transportando-10-kilos-de-marihuana-en-una-motocicleta\/#primaryimage"},"thumbnailUrl":"https:\/\/www.fiscalia.gov.co\/colombia\/wp-content\/uploads\/Daniel-Felipe-Becerra-Yocuro.jpeg","keywords":["corredores de microtr\u00e1fico","Fiscal Francisco Barbosa","Fiscal General Francisco Barbosa","Marihuana","Putumayo","Santiago","Seguridad ciudadana","transporte estupefacientes"],"articleSection":["Noticias","Seccional Mocoa","Seccionales"],"inLanguage":"es-CO"},{"@type":"WebPage","@id":"https:\/\/www.fiscalia.gov.co\/colombia\/noticias\/asegurado-un-hombre-que-estaria-transportando-10-kilos-de-marihuana-en-una-motocicleta\/","url":"https:\/\/www.fiscalia.gov.co\/colombia\/noticias\/asegurado-un-hombre-que-estaria-transportando-10-kilos-de-marihuana-en-una-motocicleta\/","name":"Fiscal\u00eda General de la Naci\u00f3n","isPartOf":{"@id":"https:\/\/www.fiscalia.gov.co\/colombia\/#website"},"primaryImageOfPage":{"@id":"https:\/\/www.fiscalia.gov.co\/colombia\/noticias\/asegurado-un-hombre-que-estaria-transportando-10-kilos-de-marihuana-en-una-motocicleta\/#primaryimage"},"image":{"@id":"https:\/\/www.fiscalia.gov.co\/colombia\/noticias\/asegurado-un-hombre-que-estaria-transportando-10-kilos-de-marihuana-en-una-motocicleta\/#primaryimage"},"thumbnailUrl":"https:\/\/www.fiscalia.gov.co\/colombia\/wp-content\/uploads\/Daniel-Felipe-Becerra-Yocuro.jpeg","datePublished":"2021-10-20T22:09:53+00:00","dateModified":"2021-10-20T22:09:53+00:00","description":"P\u00e1gina oficial de la Fiscal\u00eda General de la Naci\u00f3n \u2013 Colombia. Garantizamos el acceso efectivo a la justicia, la verdad y la reparaci\u00f3n de las v\u00edctimas de los delitos.","breadcrumb":{"@id":"https:\/\/www.fiscalia.gov.co\/colombia\/noticias\/asegurado-un-hombre-que-estaria-transportando-10-kilos-de-marihuana-en-una-motocicleta\/#breadcrumb"},"inLanguage":"es-CO","potentialAction":[{"@type":"ReadAction","target":["https:\/\/www.fiscalia.gov.co\/colombia\/noticias\/asegurado-un-hombre-que-estaria-transportando-10-kilos-de-marihuana-en-una-motocicleta\/"]}]},{"@type":"ImageObject","inLanguage":"es-CO","@id":"https:\/\/www.fiscalia.gov.co\/colombia\/noticias\/asegurado-un-hombre-que-estaria-transportando-10-kilos-de-marihuana-en-una-motocicleta\/#primaryimage","url":"https:\/\/www.fiscalia.gov.co\/colombia\/wp-content\/uploads\/Daniel-Felipe-Becerra-Yocuro.jpeg","contentUrl":"https:\/\/www.fiscalia.gov.co\/colombia\/wp-content\/uploads\/Daniel-Felipe-Becerra-Yocuro.jpeg","width":941,"height":742,"caption":"Al momento de la captura\u00a0\u00a0el indiciado se identific\u00f3 con la cedula de ciudadan\u00eda de su hermano,\u00a0por lo que le fue imputado el delito de falsedad personal."},{"@type":"BreadcrumbList","@id":"https:\/\/www.fiscalia.gov.co\/colombia\/noticias\/asegurado-un-hombre-que-estaria-transportando-10-kilos-de-marihuana-en-una-motocicleta\/#breadcrumb","itemListElement":[{"@type":"ListItem","position":1,"name":"Home","item":"https:\/\/www.fiscalia.gov.co\/colombia\/"},{"@type":"ListItem","position":2,"name":"Asegurado un hombre que estar\u00eda transportando 10 kilos de marihuana en una\u00a0\u00a0motocicleta"}]},{"@type":"WebSite","@id":"https:\/\/www.fiscalia.gov.co\/colombia\/#website","url":"https:\/\/www.fiscalia.gov.co\/colombia\/","name":"Fiscal\u00eda General de la Naci\u00f3n","description":"P\u00e1gina oficial de la Fiscal\u00eda General de la Naci\u00f3n \u2013 Colombia. Garantizamos el acceso efectivo a la justicia, la verdad y la reparaci\u00f3n de las v\u00edctimas de los delitos.","publisher":{"@id":"https:\/\/www.fiscalia.gov.co\/colombia\/#organization"},"potentialAction":[{"@type":"SearchAction","target":{"@type":"EntryPoint","urlTemplate":"https:\/\/www.fiscalia.gov.co\/colombia\/?s={search_term_string}"},"query-input":{"@type":"PropertyValueSpecification","valueRequired":true,"valueName":"search_term_string"}}],"inLanguage":"es-CO"},{"@type":"Organization","@id":"https:\/\/www.fiscalia.gov.co\/colombia\/#organization","name":"Fiscal\u00eda General de la Naci\u00f3n","url":"https:\/\/www.fiscalia.gov.co\/colombia\/","logo":{"@type":"ImageObject","inLanguage":"es-CO","@id":"https:\/\/www.fiscalia.gov.co\/colombia\/#\/schema\/logo\/image\/","url":"https:\/\/www.fiscalia.gov.co\/colombia\/wp-content\/uploads\/LogoHorizontal_1.jpg","contentUrl":"https:\/\/www.fiscalia.gov.co\/colombia\/wp-content\/uploads\/LogoHorizontal_1.jpg","width":300,"height":90,"caption":"Fiscal\u00eda General de la Naci\u00f3n"},"image":{"@id":"https:\/\/www.fiscalia.gov.co\/colombia\/#\/schema\/logo\/image\/"},"sameAs":["https:\/\/www.facebook.com\/FiscaliaCol","https:\/\/x.com\/FiscaliaCol","https:\/\/www.instagram.com\/fiscaliacol","https:\/\/www.linkedin.com\/company\/fiscalia-general-de-la-naci-n\/","https:\/\/youtube.com\/@fiscaliageneraldelanacion-4668?si=6nN79nyQICPU5iTh"]},{"@type":"Person","@id":"https:\/\/www.fiscalia.gov.co\/colombia\/#\/schema\/person\/b19b49f26569f91393176a2b3d13a0e5","name":"Johanna Black Prieto Pe\u00f1a","image":{"@type":"ImageObject","inLanguage":"es-CO","@id":"https:\/\/www.fiscalia.gov.co\/colombia\/#\/schema\/person\/image\/","url":"https:\/\/secure.gravatar.com\/avatar\/7f04518e1774335e76d761d76f04003e?s=96&d=mm&r=g","contentUrl":"https:\/\/secure.gravatar.com\/avatar\/7f04518e1774335e76d761d76f04003e?s=96&d=mm&r=g","caption":"Johanna Black Prieto Pe\u00f1a"},"url":"https:\/\/www.fiscalia.gov.co\/colombia\/author\/jprieto\/"}]}},"_links":{"self":[{"href":"https:\/\/www.fiscalia.gov.co\/colombia\/wp-json\/wp\/v2\/posts\/232691","targetHints":{"allow":["GET"]}}],"collection":[{"href":"https:\/\/www.fiscalia.gov.co\/colombia\/wp-json\/wp\/v2\/posts"}],"about":[{"href":"https:\/\/www.fiscalia.gov.co\/colombia\/wp-json\/wp\/v2\/types\/post"}],"author":[{"embeddable":true,"href":"https:\/\/www.fiscalia.gov.co\/colombia\/wp-json\/wp\/v2\/users\/176"}],"replies":[{"embeddable":true,"href":"https:\/\/www.fiscalia.gov.co\/colombia\/wp-json\/wp\/v2\/comments?post=232691"}],"version-history":[{"count":1,"href":"https:\/\/www.fiscalia.gov.co\/colombia\/wp-json\/wp\/v2\/posts\/232691\/revisions"}],"predecessor-version":[{"id":232694,"href":"https:\/\/www.fiscalia.gov.co\/colombia\/wp-json\/wp\/v2\/posts\/232691\/revisions\/232694"}],"wp:attachment":[{"href":"https:\/\/www.fiscalia.gov.co\/colombia\/wp-json\/wp\/v2\/media?parent=232691"}],"wp:term":[{"taxonomy":"category","embeddable":true,"href":"https:\/\/www.fiscalia.gov.co\/colombia\/wp-json\/wp\/v2\/categories?post=232691"},{"taxonomy":"post_tag","embeddable":true,"href":"https:\/\/www.fiscalia.gov.co\/colombia\/wp-json\/wp\/v2\/tags?post=232691"}],"curies":[{"name":"wp","href":"https:\/\/api.w.org\/{rel}","templated":true}]}}