{"id":232665,"date":"2021-10-20T13:50:06","date_gmt":"2021-10-20T18:50:06","guid":{"rendered":"https:\/\/www.fiscalia.gov.co\/colombia\/?p=232665"},"modified":"2021-10-20T16:38:45","modified_gmt":"2021-10-20T21:38:45","slug":"por-presuntamente-transporte-de-mas-de-14-kilos-de-marihuana-en-sus-equipajes-dos-personas-fueron-enviadas-a-prision","status":"publish","type":"post","link":"https:\/\/www.fiscalia.gov.co\/colombia\/noticias\/por-presuntamente-transporte-de-mas-de-14-kilos-de-marihuana-en-sus-equipajes-dos-personas-fueron-enviadas-a-prision\/","title":{"rendered":"Por presuntamente transportar m\u00e1s de 14 kilos de marihuana en sus equipajes, dos personas fueron enviadas a prisi\u00f3n"},"content":{"rendered":"<div class=\"_1fG9aln2t00SwqnHn0RMRt\">\n<div class=\"_3QCsM9-LPIxe1EDTYYKDn0 QMubUjbS-BOly_BTHEZj7 allowTextSelection\">\n<div dir=\"ltr\">\n<div id=\"x_x_divtagdefaultwrapper\" dir=\"ltr\">\n<p>Con medida de aseguramiento en centro carcelario fueron cobijados Jean Jos\u00e9 Sarcos Ibarra y Yusmery Maryuliet Alejandra S\u00e1ez Ibarra, presuntamente, responsables de llevar en dos maletas m\u00e1s de 14 kilos de marihuana.<\/p>\n<figure id=\"attachment_232666\" aria-describedby=\"caption-attachment-232666\" style=\"width: 1240px\" class=\"wp-caption alignnone\"><img loading=\"lazy\" decoding=\"async\" class=\"wp-image-232666 size-full\" src=\"https:\/\/www.fiscalia.gov.co\/colombia\/wp-content\/uploads\/Jean-Jos\u00e9-Sarcos-Ibarra-y-Yusmery-Maryuliet-Alejandra-Saez-Ibarra.-Estupefacientes.-Sevilla-Valle..jpg\" alt=\"\" width=\"1240\" height=\"1148\" srcset=\"https:\/\/www.fiscalia.gov.co\/colombia\/wp-content\/uploads\/Jean-Jos\u00e9-Sarcos-Ibarra-y-Yusmery-Maryuliet-Alejandra-Saez-Ibarra.-Estupefacientes.-Sevilla-Valle..jpg 1240w, https:\/\/www.fiscalia.gov.co\/colombia\/wp-content\/uploads\/Jean-Jos\u00e9-Sarcos-Ibarra-y-Yusmery-Maryuliet-Alejandra-Saez-Ibarra.-Estupefacientes.-Sevilla-Valle.-300x278.jpg 300w, https:\/\/www.fiscalia.gov.co\/colombia\/wp-content\/uploads\/Jean-Jos\u00e9-Sarcos-Ibarra-y-Yusmery-Maryuliet-Alejandra-Saez-Ibarra.-Estupefacientes.-Sevilla-Valle.-1024x948.jpg 1024w, https:\/\/www.fiscalia.gov.co\/colombia\/wp-content\/uploads\/Jean-Jos\u00e9-Sarcos-Ibarra-y-Yusmery-Maryuliet-Alejandra-Saez-Ibarra.-Estupefacientes.-Sevilla-Valle.-768x711.jpg 768w, https:\/\/www.fiscalia.gov.co\/colombia\/wp-content\/uploads\/Jean-Jos\u00e9-Sarcos-Ibarra-y-Yusmery-Maryuliet-Alejandra-Saez-Ibarra.-Estupefacientes.-Sevilla-Valle.-696x644.jpg 696w, https:\/\/www.fiscalia.gov.co\/colombia\/wp-content\/uploads\/Jean-Jos\u00e9-Sarcos-Ibarra-y-Yusmery-Maryuliet-Alejandra-Saez-Ibarra.-Estupefacientes.-Sevilla-Valle.-1068x989.jpg 1068w, https:\/\/www.fiscalia.gov.co\/colombia\/wp-content\/uploads\/Jean-Jos\u00e9-Sarcos-Ibarra-y-Yusmery-Maryuliet-Alejandra-Saez-Ibarra.-Estupefacientes.-Sevilla-Valle.-454x420.jpg 454w\" sizes=\"auto, (max-width: 1240px) 100vw, 1240px\" \/><figcaption id=\"caption-attachment-232666\" class=\"wp-caption-text\">Jean Jos\u00e9 Sarcos Ibarra y Yusmery Maryuliet Alejandra S\u00e1ez Ibarra, de nacionalidad venezolana, asegurados por tr\u00e1fico de estupefacientes, en Sevilla (Valle).<\/figcaption><\/figure>\n<p>La decisi\u00f3n la adopt\u00f3 un juez de control de garant\u00edas de\u00a0<span lang=\"es\">Sevilla (Valle del Cauca), respaldando la determinaci\u00f3n que en tal sentido\u00a0<\/span>hizo la Fiscal\u00eda General de la Naci\u00f3n.<\/p>\n<p>Los imputados fueron capturados en flagrancia cuando se movilizaban en un bus de servicio p\u00fablico cerca al peaje de Corozal en el municipio de Sevilla, donde la Polic\u00eda de Carreteras hab\u00eda ubicado un puesto de control.<\/p>\n<p>Durante la inspecci\u00f3n a los equipajes de varios pasajeros, las autoridades hallaron en dos maletas 22 paquetes con la sustancia ilegal cuyo paso fue tasado en 14.100 gramos.<\/p>\n<p>La Fiscal\u00eda imput\u00f3 a las dos personas el delito de tr\u00e1fico, fabricaci\u00f3n y porte de estupefacientes y deber\u00e1n cumplir la medida de aseguramiento en centro carcelario.<\/p>\n<p>&nbsp;<\/p>\n<p><b>MAP\/MAGA\/<\/b><b><span lang=\"es\">SMLR<\/span><\/b><\/p>\n<p>&nbsp;<\/p>\n<\/div>\n<\/div>\n<\/div>\n<div class=\"_1SgEp1U4PIR58Iv0wG1X4P\"><\/div>\n<div class=\"_2SAgzfLK_5Ndk0nG1HhYMs\"><\/div>\n<\/div>\n<div class=\"_1fG9aln2t00SwqnHn0RMRt\">\n<div class=\"_3QCsM9-LPIxe1EDTYYKDn0 QMubUjbS-BOly_BTHEZj7 allowTextSelection\">\n<div>\n<div>\n<div>\n<div dir=\"ltr\">\n<div id=\"x_x_divtagdefaultwrapper\" dir=\"ltr\">\n<div><\/div>\n<\/div>\n<\/div>\n<\/div>\n<\/div>\n<\/div>\n<\/div>\n<\/div>\n\n<div class=\"twitter-share\"><a href=\"https:\/\/twitter.com\/intent\/tweet?via=fiscaliacol\" class=\"twitter-share-button\">Tweet<\/a><\/div>\n","protected":false},"excerpt":{"rendered":"<p>Con medida de aseguramiento en centro carcelario fueron cobijados Jean Jos\u00e9 Sarcos Ibarra y Yusmery Maryuliet Alejandra S\u00e1ez Ibarra, presuntamente, responsables de llevar en dos maletas m\u00e1s de 14 kilos de marihuana. La decisi\u00f3n la adopt\u00f3 un juez de control de garant\u00edas de\u00a0Sevilla (Valle del Cauca), respaldando la determinaci\u00f3n que en tal sentido\u00a0hizo la Fiscal\u00eda [&hellip;]<\/p>\n","protected":false},"author":176,"featured_media":0,"comment_status":"closed","ping_status":"open","sticky":false,"template":"","format":"standard","meta":{"tdm_status":"","tdm_grid_status":"","footnotes":""},"categories":[1,324,303,24103],"tags":[8010,24551,24659,10177,25230,24187,7169,1185,916],"class_list":{"0":"post-232665","1":"post","2":"type-post","3":"status-publish","4":"format-standard","6":"category-noticias","7":"category-seccional-cali","8":"category-seccionales","9":"category-trafico-de-estupefacientes","10":"tag-capturados","11":"tag-centro-carcelario","12":"tag-detencion-preventiva","13":"tag-fabricacion-y-porte-de-estupefacientes","14":"tag-fiscal-general-de-nacion","15":"tag-fiscalia-colombia","16":"tag-flagrancia","17":"tag-medida-de-aseguramiento","18":"tag-trafico"},"yoast_head":"<!-- This site is optimized with the Yoast SEO plugin v24.3 - https:\/\/yoast.com\/wordpress\/plugins\/seo\/ -->\n<title>Fiscal\u00eda General de la Naci\u00f3n<\/title>\n<meta name=\"description\" content=\"P\u00e1gina oficial de la Fiscal\u00eda General de la Naci\u00f3n \u2013 Colombia. Garantizamos el acceso efectivo a la justicia, la verdad y la reparaci\u00f3n de las v\u00edctimas de los delitos.\" \/>\n<meta name=\"robots\" content=\"noindex, follow\" \/>\n<meta property=\"og:locale\" content=\"es_ES\" \/>\n<meta property=\"og:type\" content=\"article\" \/>\n<meta property=\"og:title\" content=\"Fiscal\u00eda General de la Naci\u00f3n\" \/>\n<meta property=\"og:description\" content=\"P\u00e1gina oficial de la Fiscal\u00eda General de la Naci\u00f3n \u2013 Colombia. Garantizamos el acceso efectivo a la justicia, la verdad y la reparaci\u00f3n de las v\u00edctimas de los delitos.\" \/>\n<meta property=\"og:url\" content=\"https:\/\/www.fiscalia.gov.co\/colombia\/noticias\/por-presuntamente-transporte-de-mas-de-14-kilos-de-marihuana-en-sus-equipajes-dos-personas-fueron-enviadas-a-prision\/\" \/>\n<meta property=\"og:site_name\" content=\"Fiscal\u00eda General de la Naci\u00f3n\" \/>\n<meta property=\"article:publisher\" content=\"https:\/\/www.facebook.com\/FiscaliaCol\" \/>\n<meta property=\"article:published_time\" content=\"2021-10-20T18:50:06+00:00\" \/>\n<meta property=\"article:modified_time\" content=\"2021-10-20T21:38:45+00:00\" \/>\n<meta name=\"author\" content=\"Johanna Black Prieto Pe\u00f1a\" \/>\n<meta name=\"twitter:card\" content=\"summary_large_image\" \/>\n<meta name=\"twitter:creator\" content=\"@FiscaliaCol\" \/>\n<meta name=\"twitter:site\" content=\"@FiscaliaCol\" \/>\n<meta name=\"twitter:label1\" content=\"Escrito por\" \/>\n\t<meta name=\"twitter:data1\" content=\"Johanna Black Prieto Pe\u00f1a\" \/>\n\t<meta name=\"twitter:label2\" content=\"Tiempo de lectura\" \/>\n\t<meta name=\"twitter:data2\" content=\"1 minuto\" \/>\n<script type=\"application\/ld+json\" class=\"yoast-schema-graph\">{\"@context\":\"https:\/\/schema.org\",\"@graph\":[{\"@type\":\"Article\",\"@id\":\"https:\/\/www.fiscalia.gov.co\/colombia\/noticias\/por-presuntamente-transporte-de-mas-de-14-kilos-de-marihuana-en-sus-equipajes-dos-personas-fueron-enviadas-a-prision\/#article\",\"isPartOf\":{\"@id\":\"https:\/\/www.fiscalia.gov.co\/colombia\/noticias\/por-presuntamente-transporte-de-mas-de-14-kilos-de-marihuana-en-sus-equipajes-dos-personas-fueron-enviadas-a-prision\/\"},\"author\":{\"name\":\"Johanna Black Prieto Pe\u00f1a\",\"@id\":\"https:\/\/www.fiscalia.gov.co\/colombia\/#\/schema\/person\/b19b49f26569f91393176a2b3d13a0e5\"},\"headline\":\"Por presuntamente transportar m\u00e1s de 14 kilos de marihuana en sus equipajes, dos personas fueron enviadas a prisi\u00f3n\",\"datePublished\":\"2021-10-20T18:50:06+00:00\",\"dateModified\":\"2021-10-20T21:38:45+00:00\",\"mainEntityOfPage\":{\"@id\":\"https:\/\/www.fiscalia.gov.co\/colombia\/noticias\/por-presuntamente-transporte-de-mas-de-14-kilos-de-marihuana-en-sus-equipajes-dos-personas-fueron-enviadas-a-prision\/\"},\"wordCount\":217,\"publisher\":{\"@id\":\"https:\/\/www.fiscalia.gov.co\/colombia\/#organization\"},\"keywords\":[\"Capturados\",\"centro carcelario\",\"detenci\u00f3n preventiva\",\"fabricaci\u00f3n y porte de estupefacientes\",\"Fiscal General de Naci\u00f3n\",\"Fiscal\u00eda Colombia\",\"Flagrancia\",\"Medida de aseguramiento\",\"Tr\u00e1fico\"],\"articleSection\":[\"Noticias\",\"Seccional Cali\",\"Seccionales\",\"Tr\u00e1fico de estupefacientes\"],\"inLanguage\":\"es-CO\"},{\"@type\":\"WebPage\",\"@id\":\"https:\/\/www.fiscalia.gov.co\/colombia\/noticias\/por-presuntamente-transporte-de-mas-de-14-kilos-de-marihuana-en-sus-equipajes-dos-personas-fueron-enviadas-a-prision\/\",\"url\":\"https:\/\/www.fiscalia.gov.co\/colombia\/noticias\/por-presuntamente-transporte-de-mas-de-14-kilos-de-marihuana-en-sus-equipajes-dos-personas-fueron-enviadas-a-prision\/\",\"name\":\"Fiscal\u00eda General de la Naci\u00f3n\",\"isPartOf\":{\"@id\":\"https:\/\/www.fiscalia.gov.co\/colombia\/#website\"},\"datePublished\":\"2021-10-20T18:50:06+00:00\",\"dateModified\":\"2021-10-20T21:38:45+00:00\",\"description\":\"P\u00e1gina oficial de la Fiscal\u00eda General de la Naci\u00f3n \u2013 Colombia. Garantizamos el acceso efectivo a la justicia, la verdad y la reparaci\u00f3n de las v\u00edctimas de los delitos.\",\"breadcrumb\":{\"@id\":\"https:\/\/www.fiscalia.gov.co\/colombia\/noticias\/por-presuntamente-transporte-de-mas-de-14-kilos-de-marihuana-en-sus-equipajes-dos-personas-fueron-enviadas-a-prision\/#breadcrumb\"},\"inLanguage\":\"es-CO\",\"potentialAction\":[{\"@type\":\"ReadAction\",\"target\":[\"https:\/\/www.fiscalia.gov.co\/colombia\/noticias\/por-presuntamente-transporte-de-mas-de-14-kilos-de-marihuana-en-sus-equipajes-dos-personas-fueron-enviadas-a-prision\/\"]}]},{\"@type\":\"BreadcrumbList\",\"@id\":\"https:\/\/www.fiscalia.gov.co\/colombia\/noticias\/por-presuntamente-transporte-de-mas-de-14-kilos-de-marihuana-en-sus-equipajes-dos-personas-fueron-enviadas-a-prision\/#breadcrumb\",\"itemListElement\":[{\"@type\":\"ListItem\",\"position\":1,\"name\":\"Home\",\"item\":\"https:\/\/www.fiscalia.gov.co\/colombia\/\"},{\"@type\":\"ListItem\",\"position\":2,\"name\":\"Por presuntamente transportar m\u00e1s de 14 kilos de marihuana en sus equipajes, dos personas fueron enviadas a prisi\u00f3n\"}]},{\"@type\":\"WebSite\",\"@id\":\"https:\/\/www.fiscalia.gov.co\/colombia\/#website\",\"url\":\"https:\/\/www.fiscalia.gov.co\/colombia\/\",\"name\":\"Fiscal\u00eda General de la Naci\u00f3n\",\"description\":\"P\u00e1gina oficial de la Fiscal\u00eda General de la Naci\u00f3n \u2013 Colombia. Garantizamos el acceso efectivo a la justicia, la verdad y la reparaci\u00f3n de las v\u00edctimas de los delitos.\",\"publisher\":{\"@id\":\"https:\/\/www.fiscalia.gov.co\/colombia\/#organization\"},\"potentialAction\":[{\"@type\":\"SearchAction\",\"target\":{\"@type\":\"EntryPoint\",\"urlTemplate\":\"https:\/\/www.fiscalia.gov.co\/colombia\/?s={search_term_string}\"},\"query-input\":{\"@type\":\"PropertyValueSpecification\",\"valueRequired\":true,\"valueName\":\"search_term_string\"}}],\"inLanguage\":\"es-CO\"},{\"@type\":\"Organization\",\"@id\":\"https:\/\/www.fiscalia.gov.co\/colombia\/#organization\",\"name\":\"Fiscal\u00eda General de la Naci\u00f3n\",\"url\":\"https:\/\/www.fiscalia.gov.co\/colombia\/\",\"logo\":{\"@type\":\"ImageObject\",\"inLanguage\":\"es-CO\",\"@id\":\"https:\/\/www.fiscalia.gov.co\/colombia\/#\/schema\/logo\/image\/\",\"url\":\"https:\/\/www.fiscalia.gov.co\/colombia\/wp-content\/uploads\/LogoHorizontal_1.jpg\",\"contentUrl\":\"https:\/\/www.fiscalia.gov.co\/colombia\/wp-content\/uploads\/LogoHorizontal_1.jpg\",\"width\":300,\"height\":90,\"caption\":\"Fiscal\u00eda General de la Naci\u00f3n\"},\"image\":{\"@id\":\"https:\/\/www.fiscalia.gov.co\/colombia\/#\/schema\/logo\/image\/\"},\"sameAs\":[\"https:\/\/www.facebook.com\/FiscaliaCol\",\"https:\/\/x.com\/FiscaliaCol\",\"https:\/\/www.instagram.com\/fiscaliacol\",\"https:\/\/www.linkedin.com\/company\/fiscalia-general-de-la-naci-n\/\",\"https:\/\/youtube.com\/@fiscaliageneraldelanacion-4668?si=6nN79nyQICPU5iTh\"]},{\"@type\":\"Person\",\"@id\":\"https:\/\/www.fiscalia.gov.co\/colombia\/#\/schema\/person\/b19b49f26569f91393176a2b3d13a0e5\",\"name\":\"Johanna Black Prieto Pe\u00f1a\",\"image\":{\"@type\":\"ImageObject\",\"inLanguage\":\"es-CO\",\"@id\":\"https:\/\/www.fiscalia.gov.co\/colombia\/#\/schema\/person\/image\/\",\"url\":\"https:\/\/secure.gravatar.com\/avatar\/7f04518e1774335e76d761d76f04003e?s=96&d=mm&r=g\",\"contentUrl\":\"https:\/\/secure.gravatar.com\/avatar\/7f04518e1774335e76d761d76f04003e?s=96&d=mm&r=g\",\"caption\":\"Johanna Black Prieto Pe\u00f1a\"},\"url\":\"https:\/\/www.fiscalia.gov.co\/colombia\/author\/jprieto\/\"}]}<\/script>\n<!-- \/ Yoast SEO plugin. -->","yoast_head_json":{"title":"Fiscal\u00eda General de la Naci\u00f3n","description":"P\u00e1gina oficial de la Fiscal\u00eda General de la Naci\u00f3n \u2013 Colombia. Garantizamos el acceso efectivo a la justicia, la verdad y la reparaci\u00f3n de las v\u00edctimas de los delitos.","robots":{"index":"noindex","follow":"follow"},"og_locale":"es_ES","og_type":"article","og_title":"Fiscal\u00eda General de la Naci\u00f3n","og_description":"P\u00e1gina oficial de la Fiscal\u00eda General de la Naci\u00f3n \u2013 Colombia. Garantizamos el acceso efectivo a la justicia, la verdad y la reparaci\u00f3n de las v\u00edctimas de los delitos.","og_url":"https:\/\/www.fiscalia.gov.co\/colombia\/noticias\/por-presuntamente-transporte-de-mas-de-14-kilos-de-marihuana-en-sus-equipajes-dos-personas-fueron-enviadas-a-prision\/","og_site_name":"Fiscal\u00eda General de la Naci\u00f3n","article_publisher":"https:\/\/www.facebook.com\/FiscaliaCol","article_published_time":"2021-10-20T18:50:06+00:00","article_modified_time":"2021-10-20T21:38:45+00:00","author":"Johanna Black Prieto Pe\u00f1a","twitter_card":"summary_large_image","twitter_creator":"@FiscaliaCol","twitter_site":"@FiscaliaCol","twitter_misc":{"Escrito por":"Johanna Black Prieto Pe\u00f1a","Tiempo de lectura":"1 minuto"},"schema":{"@context":"https:\/\/schema.org","@graph":[{"@type":"Article","@id":"https:\/\/www.fiscalia.gov.co\/colombia\/noticias\/por-presuntamente-transporte-de-mas-de-14-kilos-de-marihuana-en-sus-equipajes-dos-personas-fueron-enviadas-a-prision\/#article","isPartOf":{"@id":"https:\/\/www.fiscalia.gov.co\/colombia\/noticias\/por-presuntamente-transporte-de-mas-de-14-kilos-de-marihuana-en-sus-equipajes-dos-personas-fueron-enviadas-a-prision\/"},"author":{"name":"Johanna Black Prieto Pe\u00f1a","@id":"https:\/\/www.fiscalia.gov.co\/colombia\/#\/schema\/person\/b19b49f26569f91393176a2b3d13a0e5"},"headline":"Por presuntamente transportar m\u00e1s de 14 kilos de marihuana en sus equipajes, dos personas fueron enviadas a prisi\u00f3n","datePublished":"2021-10-20T18:50:06+00:00","dateModified":"2021-10-20T21:38:45+00:00","mainEntityOfPage":{"@id":"https:\/\/www.fiscalia.gov.co\/colombia\/noticias\/por-presuntamente-transporte-de-mas-de-14-kilos-de-marihuana-en-sus-equipajes-dos-personas-fueron-enviadas-a-prision\/"},"wordCount":217,"publisher":{"@id":"https:\/\/www.fiscalia.gov.co\/colombia\/#organization"},"keywords":["Capturados","centro carcelario","detenci\u00f3n preventiva","fabricaci\u00f3n y porte de estupefacientes","Fiscal General de Naci\u00f3n","Fiscal\u00eda Colombia","Flagrancia","Medida de aseguramiento","Tr\u00e1fico"],"articleSection":["Noticias","Seccional Cali","Seccionales","Tr\u00e1fico de estupefacientes"],"inLanguage":"es-CO"},{"@type":"WebPage","@id":"https:\/\/www.fiscalia.gov.co\/colombia\/noticias\/por-presuntamente-transporte-de-mas-de-14-kilos-de-marihuana-en-sus-equipajes-dos-personas-fueron-enviadas-a-prision\/","url":"https:\/\/www.fiscalia.gov.co\/colombia\/noticias\/por-presuntamente-transporte-de-mas-de-14-kilos-de-marihuana-en-sus-equipajes-dos-personas-fueron-enviadas-a-prision\/","name":"Fiscal\u00eda General de la Naci\u00f3n","isPartOf":{"@id":"https:\/\/www.fiscalia.gov.co\/colombia\/#website"},"datePublished":"2021-10-20T18:50:06+00:00","dateModified":"2021-10-20T21:38:45+00:00","description":"P\u00e1gina oficial de la Fiscal\u00eda General de la Naci\u00f3n \u2013 Colombia. Garantizamos el acceso efectivo a la justicia, la verdad y la reparaci\u00f3n de las v\u00edctimas de los delitos.","breadcrumb":{"@id":"https:\/\/www.fiscalia.gov.co\/colombia\/noticias\/por-presuntamente-transporte-de-mas-de-14-kilos-de-marihuana-en-sus-equipajes-dos-personas-fueron-enviadas-a-prision\/#breadcrumb"},"inLanguage":"es-CO","potentialAction":[{"@type":"ReadAction","target":["https:\/\/www.fiscalia.gov.co\/colombia\/noticias\/por-presuntamente-transporte-de-mas-de-14-kilos-de-marihuana-en-sus-equipajes-dos-personas-fueron-enviadas-a-prision\/"]}]},{"@type":"BreadcrumbList","@id":"https:\/\/www.fiscalia.gov.co\/colombia\/noticias\/por-presuntamente-transporte-de-mas-de-14-kilos-de-marihuana-en-sus-equipajes-dos-personas-fueron-enviadas-a-prision\/#breadcrumb","itemListElement":[{"@type":"ListItem","position":1,"name":"Home","item":"https:\/\/www.fiscalia.gov.co\/colombia\/"},{"@type":"ListItem","position":2,"name":"Por presuntamente transportar m\u00e1s de 14 kilos de marihuana en sus equipajes, dos personas fueron enviadas a prisi\u00f3n"}]},{"@type":"WebSite","@id":"https:\/\/www.fiscalia.gov.co\/colombia\/#website","url":"https:\/\/www.fiscalia.gov.co\/colombia\/","name":"Fiscal\u00eda General de la Naci\u00f3n","description":"P\u00e1gina oficial de la Fiscal\u00eda General de la Naci\u00f3n \u2013 Colombia. Garantizamos el acceso efectivo a la justicia, la verdad y la reparaci\u00f3n de las v\u00edctimas de los delitos.","publisher":{"@id":"https:\/\/www.fiscalia.gov.co\/colombia\/#organization"},"potentialAction":[{"@type":"SearchAction","target":{"@type":"EntryPoint","urlTemplate":"https:\/\/www.fiscalia.gov.co\/colombia\/?s={search_term_string}"},"query-input":{"@type":"PropertyValueSpecification","valueRequired":true,"valueName":"search_term_string"}}],"inLanguage":"es-CO"},{"@type":"Organization","@id":"https:\/\/www.fiscalia.gov.co\/colombia\/#organization","name":"Fiscal\u00eda General de la Naci\u00f3n","url":"https:\/\/www.fiscalia.gov.co\/colombia\/","logo":{"@type":"ImageObject","inLanguage":"es-CO","@id":"https:\/\/www.fiscalia.gov.co\/colombia\/#\/schema\/logo\/image\/","url":"https:\/\/www.fiscalia.gov.co\/colombia\/wp-content\/uploads\/LogoHorizontal_1.jpg","contentUrl":"https:\/\/www.fiscalia.gov.co\/colombia\/wp-content\/uploads\/LogoHorizontal_1.jpg","width":300,"height":90,"caption":"Fiscal\u00eda General de la Naci\u00f3n"},"image":{"@id":"https:\/\/www.fiscalia.gov.co\/colombia\/#\/schema\/logo\/image\/"},"sameAs":["https:\/\/www.facebook.com\/FiscaliaCol","https:\/\/x.com\/FiscaliaCol","https:\/\/www.instagram.com\/fiscaliacol","https:\/\/www.linkedin.com\/company\/fiscalia-general-de-la-naci-n\/","https:\/\/youtube.com\/@fiscaliageneraldelanacion-4668?si=6nN79nyQICPU5iTh"]},{"@type":"Person","@id":"https:\/\/www.fiscalia.gov.co\/colombia\/#\/schema\/person\/b19b49f26569f91393176a2b3d13a0e5","name":"Johanna Black Prieto Pe\u00f1a","image":{"@type":"ImageObject","inLanguage":"es-CO","@id":"https:\/\/www.fiscalia.gov.co\/colombia\/#\/schema\/person\/image\/","url":"https:\/\/secure.gravatar.com\/avatar\/7f04518e1774335e76d761d76f04003e?s=96&d=mm&r=g","contentUrl":"https:\/\/secure.gravatar.com\/avatar\/7f04518e1774335e76d761d76f04003e?s=96&d=mm&r=g","caption":"Johanna Black Prieto Pe\u00f1a"},"url":"https:\/\/www.fiscalia.gov.co\/colombia\/author\/jprieto\/"}]}},"_links":{"self":[{"href":"https:\/\/www.fiscalia.gov.co\/colombia\/wp-json\/wp\/v2\/posts\/232665","targetHints":{"allow":["GET"]}}],"collection":[{"href":"https:\/\/www.fiscalia.gov.co\/colombia\/wp-json\/wp\/v2\/posts"}],"about":[{"href":"https:\/\/www.fiscalia.gov.co\/colombia\/wp-json\/wp\/v2\/types\/post"}],"author":[{"embeddable":true,"href":"https:\/\/www.fiscalia.gov.co\/colombia\/wp-json\/wp\/v2\/users\/176"}],"replies":[{"embeddable":true,"href":"https:\/\/www.fiscalia.gov.co\/colombia\/wp-json\/wp\/v2\/comments?post=232665"}],"version-history":[{"count":3,"href":"https:\/\/www.fiscalia.gov.co\/colombia\/wp-json\/wp\/v2\/posts\/232665\/revisions"}],"predecessor-version":[{"id":232676,"href":"https:\/\/www.fiscalia.gov.co\/colombia\/wp-json\/wp\/v2\/posts\/232665\/revisions\/232676"}],"wp:attachment":[{"href":"https:\/\/www.fiscalia.gov.co\/colombia\/wp-json\/wp\/v2\/media?parent=232665"}],"wp:term":[{"taxonomy":"category","embeddable":true,"href":"https:\/\/www.fiscalia.gov.co\/colombia\/wp-json\/wp\/v2\/categories?post=232665"},{"taxonomy":"post_tag","embeddable":true,"href":"https:\/\/www.fiscalia.gov.co\/colombia\/wp-json\/wp\/v2\/tags?post=232665"}],"curies":[{"name":"wp","href":"https:\/\/api.w.org\/{rel}","templated":true}]}}