{"id":232612,"date":"2021-10-20T09:22:23","date_gmt":"2021-10-20T14:22:23","guid":{"rendered":"https:\/\/www.fiscalia.gov.co\/colombia\/?p=232612"},"modified":"2021-10-20T09:22:23","modified_gmt":"2021-10-20T14:22:23","slug":"a-la-carcel-9-personas-que-al-parecer-venian-estafando-a-comerciantes-con-venta-de-miel-de-abejas-supuestamente-milagrosa","status":"publish","type":"post","link":"https:\/\/www.fiscalia.gov.co\/colombia\/noticias\/a-la-carcel-9-personas-que-al-parecer-venian-estafando-a-comerciantes-con-venta-de-miel-de-abejas-supuestamente-milagrosa\/","title":{"rendered":"A la c\u00e1rcel 9 personas que al parecer ven\u00edan estafando\u00a0a comerciantes con venta de miel de abejas supuestamente milagrosa\u00a0"},"content":{"rendered":"<p>La Fiscal\u00eda General de la Naci\u00f3n logr\u00f3 que un juez de Aguazul (Casanare) enviara a la c\u00e1rcel a 9 personas que, seg\u00fan las denuncias de las v\u00edctimas, estar\u00edan estafando a <b>comerciantes de Yopal<\/b>\u00a0y municipios circunvecinos, con la venta de miel de abejas, en cantidades considerables.<u><\/u>\u00a0<u><\/u><\/p>\n<p>Los relatos de quienes al parecer cayeron en los enga\u00f1os indican que alguien de aspecto campesino llegaba a ofrecerles miel de abejas pura, y que, al no aceptar el ofrecimiento, les propon\u00edan dejarla en consignaci\u00f3n y despu\u00e9s de algunos d\u00edas, pasaban por el dinero o por el producto. <u><\/u>\u00a0<u><\/u><\/p>\n<p><u><\/u>Al poco tiempo, las v\u00edctimas recib\u00edan una llamada de un supuesto m\u00e9dico que les dec\u00eda que esa <b>miel curaba enfermedades terminales<\/b>\u00a0y que necesitaban una gran cantidad, por lo que estas personas se comunicaban con el supuesto productor para hacer el pedido al por mayor; sin embargo, una vez hecho el dep\u00f3sito de dinero para pagar el producto, no se volv\u00eda a saber nada del distribuidor.<u><\/u>\u00a0<u><\/u><\/p>\n<p><span lang=\"ES-MX\">El seguimiento hecho por los investigadores de la Fiscal\u00eda permiti\u00f3 establecer que este <i>modus operandi<\/i>\u00a0se repet\u00eda en varias diferentes ciudades del pa\u00eds, por lo que se coordin\u00f3 un trabajo entre varias regionales, estableciendo que al parecer se trataba de las mismas personas que fueron identificadas como Uber Aneider Rodr\u00edguez Galvis, Irene Mu\u00f1oz Torres, William Rodr\u00edguez Galvis, Eduardo Valencia Quintero, William Becerra Villamil, Sebasti\u00e1n V\u00e9lez, Eduardo L\u00f3pez Ramos, Andr\u00e9s Ch\u00e1ux Galindo, C\u00e9sar Silva.<\/span><u><\/u>\u00a0<u><\/u><\/p>\n<p><span lang=\"ES-MX\">Las diligencias de allanamiento se llevaron a cabo el pasado 15 de octubre en un hotel ubicado en un c\u00e9ntrico sector de Yopal, donde se hospedaban los indiciados que fueron llevamos ante el juez con funciones de control de garant\u00edas.<u><\/u>\u00a0<u><\/u><\/span><\/p>\n<p><span lang=\"ES-MX\"><u><\/u>\u00a0<u><\/u><\/span><span lang=\"ES-MX\">Por estos hechos el ente acusador les imput\u00f3 cargos a los investigados, por los delitos de\u00a0<b><a href=\"https:\/\/www.fiscalia.gov.co\/colombia\/noticias\/judicializan-a-seis-personas-por-concierto-para-delinquir-y-otros-delitos\/\" target=\"_blank\" rel=\"noopener noreferrer\" data-saferedirecturl=\"https:\/\/www.google.com\/url?q=https:\/\/www.fiscalia.gov.co\/colombia\/noticias\/judicializan-a-seis-personas-por-concierto-para-delinquir-y-otros-delitos\/&amp;source=gmail&amp;ust=1634821631000000&amp;usg=AOvVaw11bJPh2E9UIzaIHzaTHq72\">concierto para delinquir<\/a><\/b>\u00a0y\u00a0<b><a href=\"https:\/\/www.fiscalia.gov.co\/colombia\/noticias\/a-la-carcel-dos-presuntos-miembros-de-la-banda-los-profes-que-suplantaban-funcionarios-del-distrito-para-estafar-ciudadanos-en-bogota\/\" target=\"_blank\" rel=\"noopener noreferrer\" data-saferedirecturl=\"https:\/\/www.google.com\/url?q=https:\/\/www.fiscalia.gov.co\/colombia\/noticias\/a-la-carcel-dos-presuntos-miembros-de-la-banda-los-profes-que-suplantaban-funcionarios-del-distrito-para-estafar-ciudadanos-en-bogota\/&amp;source=gmail&amp;ust=1634821631000000&amp;usg=AOvVaw1RRByUybVTkpWlQtiC1-As\">estafa<\/a><\/b>\u00a0en\u00a0<b><a href=\"https:\/\/www.fiscalia.gov.co\/colombia\/noticias\/judicializados-tres-hombres-investigados-por-proxenetismo-y-concierto-para-delinquir-en-el-oriente-antioqueno\/\" target=\"_blank\" rel=\"noopener noreferrer\" data-saferedirecturl=\"https:\/\/www.google.com\/url?q=https:\/\/www.fiscalia.gov.co\/colombia\/noticias\/judicializados-tres-hombres-investigados-por-proxenetismo-y-concierto-para-delinquir-en-el-oriente-antioqueno\/&amp;source=gmail&amp;ust=1634821631000000&amp;usg=AOvVaw02jb3E9UxLDnXfTjPKXl4g\">concurso homog\u00e9neo y sucesivo<\/a><\/b>.<\/span><u><\/u>\u00a0<u><\/u><\/p>\n<p><span lang=\"ES-MX\">\u00a0<\/span><u><\/u>\u00a0<u><\/u><\/p>\n<p><span lang=\"ES-MX\">La Fiscal\u00eda habla con resultados.\u00a0 \u00a0<\/span><u><\/u>\u00a0<u><\/u><\/p>\n<p><u><\/u>\u00a0<u><\/u><\/p>\n<p><span lang=\"ES-MX\">LAZL\/<\/span>DLBM<u><\/u>\u00a0<u><\/u><\/p>\n<p><u><\/u>\u00a0<u><\/u><\/p>\n<p><i><span lang=\"ES-MX\">La informaci\u00f3n contenida en este bolet\u00edn de prensa corresponde a la narraci\u00f3n de los hechos noticiosos objetivos, suministrados por los funcionarios encargados de adelantar las investigaciones penales al interior de la Fiscal\u00eda General de la Naci\u00f3n.\u00a0<\/span><\/i><i>Para el momento de la divulgaci\u00f3n de este comunicado, la situaci\u00f3n jur\u00eddica de la(s) persona(s) relacionada(s) se encuentra pendiente de resolver por la autoridad judicial competente, siempre bajo los preceptos de la presunci\u00f3n de inocencia, consagrados en el art\u00edculo 29 de la Constituci\u00f3n Pol\u00edtica y el art\u00edculo 7\u00ba de la Ley 906 de 2004.<\/i><u><\/u>\u00a0<u><\/u><\/p>\n<p><u><\/u><\/p>\n\n<div class=\"twitter-share\"><a href=\"https:\/\/twitter.com\/intent\/tweet?via=fiscaliacol\" class=\"twitter-share-button\">Tweet<\/a><\/div>\n","protected":false},"excerpt":{"rendered":"<p>La Fiscal\u00eda General de la Naci\u00f3n logr\u00f3 que un juez de Aguazul (Casanare) enviara a la c\u00e1rcel a 9 personas que, seg\u00fan las denuncias de las v\u00edctimas, estar\u00edan estafando a comerciantes de Yopal\u00a0y municipios circunvecinos, con la venta de miel de abejas, en cantidades considerables.\u00a0 Los relatos de quienes al parecer cayeron en los enga\u00f1os [&hellip;]<\/p>\n","protected":false},"author":176,"featured_media":0,"comment_status":"closed","ping_status":"open","sticky":false,"template":"","format":"standard","meta":{"_price":"","_stock":"","_tribe_ticket_header":"","_tribe_default_ticket_provider":"","_tribe_ticket_capacity":"0","_ticket_start_date":"","_ticket_end_date":"","_tribe_ticket_show_description":"","_tribe_ticket_show_not_going":false,"_tribe_ticket_use_global_stock":"","_tribe_ticket_global_stock_level":"","_global_stock_mode":"","_global_stock_cap":"","_tribe_rsvp_for_event":"","_tribe_ticket_going_count":"","_tribe_ticket_not_going_count":"","_tribe_tickets_list":"[]","_tribe_ticket_has_attendee_info_fields":false,"tdm_status":"","tdm_grid_status":"","footnotes":""},"categories":[1,16751,303],"tags":[924,14550,83,653,24188,24305,1047,1185],"class_list":{"0":"post-232612","1":"post","2":"type-post","3":"status-publish","4":"format-standard","6":"category-noticias","7":"category-seccional-casanare","8":"category-seccionales","9":"tag-captura","10":"tag-carcel","11":"tag-concierto-para-delinquir","12":"tag-estafa","13":"tag-fiscal-francisco-barbosa","14":"tag-fiscal-general-francisco-barbosa","15":"tag-fiscalia-general-de-la-nacion","16":"tag-medida-de-aseguramiento"},"yoast_head":"<!-- This site is optimized with the Yoast SEO plugin v24.3 - https:\/\/yoast.com\/wordpress\/plugins\/seo\/ -->\n<title>Fiscal\u00eda General de la Naci\u00f3n<\/title>\n<meta name=\"description\" content=\"P\u00e1gina oficial de la Fiscal\u00eda General de la Naci\u00f3n \u2013 Colombia. Garantizamos el acceso efectivo a la justicia, la verdad y la reparaci\u00f3n de las v\u00edctimas de los delitos.\" \/>\n<meta name=\"robots\" content=\"noindex, follow\" \/>\n<meta property=\"og:locale\" content=\"es_ES\" \/>\n<meta property=\"og:type\" content=\"article\" \/>\n<meta property=\"og:title\" content=\"Fiscal\u00eda General de la Naci\u00f3n\" \/>\n<meta property=\"og:description\" content=\"P\u00e1gina oficial de la Fiscal\u00eda General de la Naci\u00f3n \u2013 Colombia. Garantizamos el acceso efectivo a la justicia, la verdad y la reparaci\u00f3n de las v\u00edctimas de los delitos.\" \/>\n<meta property=\"og:url\" content=\"https:\/\/www.fiscalia.gov.co\/colombia\/noticias\/a-la-carcel-9-personas-que-al-parecer-venian-estafando-a-comerciantes-con-venta-de-miel-de-abejas-supuestamente-milagrosa\/\" \/>\n<meta property=\"og:site_name\" content=\"Fiscal\u00eda General de la Naci\u00f3n\" \/>\n<meta property=\"article:publisher\" content=\"https:\/\/www.facebook.com\/FiscaliaCol\" \/>\n<meta property=\"article:published_time\" content=\"2021-10-20T14:22:23+00:00\" \/>\n<meta name=\"author\" content=\"Johanna Black Prieto Pe\u00f1a\" \/>\n<meta name=\"twitter:card\" content=\"summary_large_image\" \/>\n<meta name=\"twitter:creator\" content=\"@FiscaliaCol\" \/>\n<meta name=\"twitter:site\" content=\"@FiscaliaCol\" \/>\n<meta name=\"twitter:label1\" content=\"Escrito por\" \/>\n\t<meta name=\"twitter:data1\" content=\"Johanna Black Prieto Pe\u00f1a\" \/>\n\t<meta name=\"twitter:label2\" content=\"Tiempo de lectura\" \/>\n\t<meta name=\"twitter:data2\" content=\"2 minutos\" \/>\n<script type=\"application\/ld+json\" class=\"yoast-schema-graph\">{\"@context\":\"https:\/\/schema.org\",\"@graph\":[{\"@type\":\"Article\",\"@id\":\"https:\/\/www.fiscalia.gov.co\/colombia\/noticias\/a-la-carcel-9-personas-que-al-parecer-venian-estafando-a-comerciantes-con-venta-de-miel-de-abejas-supuestamente-milagrosa\/#article\",\"isPartOf\":{\"@id\":\"https:\/\/www.fiscalia.gov.co\/colombia\/noticias\/a-la-carcel-9-personas-que-al-parecer-venian-estafando-a-comerciantes-con-venta-de-miel-de-abejas-supuestamente-milagrosa\/\"},\"author\":{\"name\":\"Johanna Black Prieto Pe\u00f1a\",\"@id\":\"https:\/\/www.fiscalia.gov.co\/colombia\/#\/schema\/person\/b19b49f26569f91393176a2b3d13a0e5\"},\"headline\":\"A la c\u00e1rcel 9 personas que al parecer ven\u00edan estafando\u00a0a comerciantes con venta de miel de abejas supuestamente milagrosa\u00a0\",\"datePublished\":\"2021-10-20T14:22:23+00:00\",\"dateModified\":\"2021-10-20T14:22:23+00:00\",\"mainEntityOfPage\":{\"@id\":\"https:\/\/www.fiscalia.gov.co\/colombia\/noticias\/a-la-carcel-9-personas-que-al-parecer-venian-estafando-a-comerciantes-con-venta-de-miel-de-abejas-supuestamente-milagrosa\/\"},\"wordCount\":460,\"publisher\":{\"@id\":\"https:\/\/www.fiscalia.gov.co\/colombia\/#organization\"},\"keywords\":[\"Captura\",\"C\u00e1rcel\",\"Concierto para delinquir\",\"Estafa\",\"Fiscal Francisco Barbosa\",\"Fiscal General Francisco Barbosa\",\"Fiscal\u00eda General de la Naci\u00f3n\",\"Medida de aseguramiento\"],\"articleSection\":[\"Noticias\",\"Seccional Casanare\",\"Seccionales\"],\"inLanguage\":\"es-CO\"},{\"@type\":\"WebPage\",\"@id\":\"https:\/\/www.fiscalia.gov.co\/colombia\/noticias\/a-la-carcel-9-personas-que-al-parecer-venian-estafando-a-comerciantes-con-venta-de-miel-de-abejas-supuestamente-milagrosa\/\",\"url\":\"https:\/\/www.fiscalia.gov.co\/colombia\/noticias\/a-la-carcel-9-personas-que-al-parecer-venian-estafando-a-comerciantes-con-venta-de-miel-de-abejas-supuestamente-milagrosa\/\",\"name\":\"Fiscal\u00eda General de la Naci\u00f3n\",\"isPartOf\":{\"@id\":\"https:\/\/www.fiscalia.gov.co\/colombia\/#website\"},\"datePublished\":\"2021-10-20T14:22:23+00:00\",\"dateModified\":\"2021-10-20T14:22:23+00:00\",\"description\":\"P\u00e1gina oficial de la Fiscal\u00eda General de la Naci\u00f3n \u2013 Colombia. Garantizamos el acceso efectivo a la justicia, la verdad y la reparaci\u00f3n de las v\u00edctimas de los delitos.\",\"breadcrumb\":{\"@id\":\"https:\/\/www.fiscalia.gov.co\/colombia\/noticias\/a-la-carcel-9-personas-que-al-parecer-venian-estafando-a-comerciantes-con-venta-de-miel-de-abejas-supuestamente-milagrosa\/#breadcrumb\"},\"inLanguage\":\"es-CO\",\"potentialAction\":[{\"@type\":\"ReadAction\",\"target\":[\"https:\/\/www.fiscalia.gov.co\/colombia\/noticias\/a-la-carcel-9-personas-que-al-parecer-venian-estafando-a-comerciantes-con-venta-de-miel-de-abejas-supuestamente-milagrosa\/\"]}]},{\"@type\":\"BreadcrumbList\",\"@id\":\"https:\/\/www.fiscalia.gov.co\/colombia\/noticias\/a-la-carcel-9-personas-que-al-parecer-venian-estafando-a-comerciantes-con-venta-de-miel-de-abejas-supuestamente-milagrosa\/#breadcrumb\",\"itemListElement\":[{\"@type\":\"ListItem\",\"position\":1,\"name\":\"Home\",\"item\":\"https:\/\/www.fiscalia.gov.co\/colombia\/\"},{\"@type\":\"ListItem\",\"position\":2,\"name\":\"A la c\u00e1rcel 9 personas que al parecer ven\u00edan estafando\u00a0a comerciantes con venta de miel de abejas supuestamente milagrosa\u00a0\"}]},{\"@type\":\"WebSite\",\"@id\":\"https:\/\/www.fiscalia.gov.co\/colombia\/#website\",\"url\":\"https:\/\/www.fiscalia.gov.co\/colombia\/\",\"name\":\"Fiscal\u00eda General de la Naci\u00f3n\",\"description\":\"P\u00e1gina oficial de la Fiscal\u00eda General de la Naci\u00f3n \u2013 Colombia. Garantizamos el acceso efectivo a la justicia, la verdad y la reparaci\u00f3n de las v\u00edctimas de los delitos.\",\"publisher\":{\"@id\":\"https:\/\/www.fiscalia.gov.co\/colombia\/#organization\"},\"potentialAction\":[{\"@type\":\"SearchAction\",\"target\":{\"@type\":\"EntryPoint\",\"urlTemplate\":\"https:\/\/www.fiscalia.gov.co\/colombia\/?s={search_term_string}\"},\"query-input\":{\"@type\":\"PropertyValueSpecification\",\"valueRequired\":true,\"valueName\":\"search_term_string\"}}],\"inLanguage\":\"es-CO\"},{\"@type\":\"Organization\",\"@id\":\"https:\/\/www.fiscalia.gov.co\/colombia\/#organization\",\"name\":\"Fiscal\u00eda General de la Naci\u00f3n\",\"url\":\"https:\/\/www.fiscalia.gov.co\/colombia\/\",\"logo\":{\"@type\":\"ImageObject\",\"inLanguage\":\"es-CO\",\"@id\":\"https:\/\/www.fiscalia.gov.co\/colombia\/#\/schema\/logo\/image\/\",\"url\":\"https:\/\/www.fiscalia.gov.co\/colombia\/wp-content\/uploads\/LogoHorizontal_1.jpg\",\"contentUrl\":\"https:\/\/www.fiscalia.gov.co\/colombia\/wp-content\/uploads\/LogoHorizontal_1.jpg\",\"width\":300,\"height\":90,\"caption\":\"Fiscal\u00eda General de la Naci\u00f3n\"},\"image\":{\"@id\":\"https:\/\/www.fiscalia.gov.co\/colombia\/#\/schema\/logo\/image\/\"},\"sameAs\":[\"https:\/\/www.facebook.com\/FiscaliaCol\",\"https:\/\/x.com\/FiscaliaCol\",\"https:\/\/www.instagram.com\/fiscaliacol\",\"https:\/\/www.linkedin.com\/company\/fiscalia-general-de-la-naci-n\/\",\"https:\/\/youtube.com\/@fiscaliageneraldelanacion-4668?si=6nN79nyQICPU5iTh\"]},{\"@type\":\"Person\",\"@id\":\"https:\/\/www.fiscalia.gov.co\/colombia\/#\/schema\/person\/b19b49f26569f91393176a2b3d13a0e5\",\"name\":\"Johanna Black Prieto Pe\u00f1a\",\"image\":{\"@type\":\"ImageObject\",\"inLanguage\":\"es-CO\",\"@id\":\"https:\/\/www.fiscalia.gov.co\/colombia\/#\/schema\/person\/image\/\",\"url\":\"https:\/\/secure.gravatar.com\/avatar\/7f04518e1774335e76d761d76f04003e?s=96&d=mm&r=g\",\"contentUrl\":\"https:\/\/secure.gravatar.com\/avatar\/7f04518e1774335e76d761d76f04003e?s=96&d=mm&r=g\",\"caption\":\"Johanna Black Prieto Pe\u00f1a\"},\"url\":\"https:\/\/www.fiscalia.gov.co\/colombia\/author\/jprieto\/\"}]}<\/script>\n<!-- \/ Yoast SEO plugin. -->","yoast_head_json":{"title":"Fiscal\u00eda General de la Naci\u00f3n","description":"P\u00e1gina oficial de la Fiscal\u00eda General de la Naci\u00f3n \u2013 Colombia. Garantizamos el acceso efectivo a la justicia, la verdad y la reparaci\u00f3n de las v\u00edctimas de los delitos.","robots":{"index":"noindex","follow":"follow"},"og_locale":"es_ES","og_type":"article","og_title":"Fiscal\u00eda General de la Naci\u00f3n","og_description":"P\u00e1gina oficial de la Fiscal\u00eda General de la Naci\u00f3n \u2013 Colombia. Garantizamos el acceso efectivo a la justicia, la verdad y la reparaci\u00f3n de las v\u00edctimas de los delitos.","og_url":"https:\/\/www.fiscalia.gov.co\/colombia\/noticias\/a-la-carcel-9-personas-que-al-parecer-venian-estafando-a-comerciantes-con-venta-de-miel-de-abejas-supuestamente-milagrosa\/","og_site_name":"Fiscal\u00eda General de la Naci\u00f3n","article_publisher":"https:\/\/www.facebook.com\/FiscaliaCol","article_published_time":"2021-10-20T14:22:23+00:00","author":"Johanna Black Prieto Pe\u00f1a","twitter_card":"summary_large_image","twitter_creator":"@FiscaliaCol","twitter_site":"@FiscaliaCol","twitter_misc":{"Escrito por":"Johanna Black Prieto Pe\u00f1a","Tiempo de lectura":"2 minutos"},"schema":{"@context":"https:\/\/schema.org","@graph":[{"@type":"Article","@id":"https:\/\/www.fiscalia.gov.co\/colombia\/noticias\/a-la-carcel-9-personas-que-al-parecer-venian-estafando-a-comerciantes-con-venta-de-miel-de-abejas-supuestamente-milagrosa\/#article","isPartOf":{"@id":"https:\/\/www.fiscalia.gov.co\/colombia\/noticias\/a-la-carcel-9-personas-que-al-parecer-venian-estafando-a-comerciantes-con-venta-de-miel-de-abejas-supuestamente-milagrosa\/"},"author":{"name":"Johanna Black Prieto Pe\u00f1a","@id":"https:\/\/www.fiscalia.gov.co\/colombia\/#\/schema\/person\/b19b49f26569f91393176a2b3d13a0e5"},"headline":"A la c\u00e1rcel 9 personas que al parecer ven\u00edan estafando\u00a0a comerciantes con venta de miel de abejas supuestamente milagrosa\u00a0","datePublished":"2021-10-20T14:22:23+00:00","dateModified":"2021-10-20T14:22:23+00:00","mainEntityOfPage":{"@id":"https:\/\/www.fiscalia.gov.co\/colombia\/noticias\/a-la-carcel-9-personas-que-al-parecer-venian-estafando-a-comerciantes-con-venta-de-miel-de-abejas-supuestamente-milagrosa\/"},"wordCount":460,"publisher":{"@id":"https:\/\/www.fiscalia.gov.co\/colombia\/#organization"},"keywords":["Captura","C\u00e1rcel","Concierto para delinquir","Estafa","Fiscal Francisco Barbosa","Fiscal General Francisco Barbosa","Fiscal\u00eda General de la Naci\u00f3n","Medida de aseguramiento"],"articleSection":["Noticias","Seccional Casanare","Seccionales"],"inLanguage":"es-CO"},{"@type":"WebPage","@id":"https:\/\/www.fiscalia.gov.co\/colombia\/noticias\/a-la-carcel-9-personas-que-al-parecer-venian-estafando-a-comerciantes-con-venta-de-miel-de-abejas-supuestamente-milagrosa\/","url":"https:\/\/www.fiscalia.gov.co\/colombia\/noticias\/a-la-carcel-9-personas-que-al-parecer-venian-estafando-a-comerciantes-con-venta-de-miel-de-abejas-supuestamente-milagrosa\/","name":"Fiscal\u00eda General de la Naci\u00f3n","isPartOf":{"@id":"https:\/\/www.fiscalia.gov.co\/colombia\/#website"},"datePublished":"2021-10-20T14:22:23+00:00","dateModified":"2021-10-20T14:22:23+00:00","description":"P\u00e1gina oficial de la Fiscal\u00eda General de la Naci\u00f3n \u2013 Colombia. Garantizamos el acceso efectivo a la justicia, la verdad y la reparaci\u00f3n de las v\u00edctimas de los delitos.","breadcrumb":{"@id":"https:\/\/www.fiscalia.gov.co\/colombia\/noticias\/a-la-carcel-9-personas-que-al-parecer-venian-estafando-a-comerciantes-con-venta-de-miel-de-abejas-supuestamente-milagrosa\/#breadcrumb"},"inLanguage":"es-CO","potentialAction":[{"@type":"ReadAction","target":["https:\/\/www.fiscalia.gov.co\/colombia\/noticias\/a-la-carcel-9-personas-que-al-parecer-venian-estafando-a-comerciantes-con-venta-de-miel-de-abejas-supuestamente-milagrosa\/"]}]},{"@type":"BreadcrumbList","@id":"https:\/\/www.fiscalia.gov.co\/colombia\/noticias\/a-la-carcel-9-personas-que-al-parecer-venian-estafando-a-comerciantes-con-venta-de-miel-de-abejas-supuestamente-milagrosa\/#breadcrumb","itemListElement":[{"@type":"ListItem","position":1,"name":"Home","item":"https:\/\/www.fiscalia.gov.co\/colombia\/"},{"@type":"ListItem","position":2,"name":"A la c\u00e1rcel 9 personas que al parecer ven\u00edan estafando\u00a0a comerciantes con venta de miel de abejas supuestamente milagrosa\u00a0"}]},{"@type":"WebSite","@id":"https:\/\/www.fiscalia.gov.co\/colombia\/#website","url":"https:\/\/www.fiscalia.gov.co\/colombia\/","name":"Fiscal\u00eda General de la Naci\u00f3n","description":"P\u00e1gina oficial de la Fiscal\u00eda General de la Naci\u00f3n \u2013 Colombia. Garantizamos el acceso efectivo a la justicia, la verdad y la reparaci\u00f3n de las v\u00edctimas de los delitos.","publisher":{"@id":"https:\/\/www.fiscalia.gov.co\/colombia\/#organization"},"potentialAction":[{"@type":"SearchAction","target":{"@type":"EntryPoint","urlTemplate":"https:\/\/www.fiscalia.gov.co\/colombia\/?s={search_term_string}"},"query-input":{"@type":"PropertyValueSpecification","valueRequired":true,"valueName":"search_term_string"}}],"inLanguage":"es-CO"},{"@type":"Organization","@id":"https:\/\/www.fiscalia.gov.co\/colombia\/#organization","name":"Fiscal\u00eda General de la Naci\u00f3n","url":"https:\/\/www.fiscalia.gov.co\/colombia\/","logo":{"@type":"ImageObject","inLanguage":"es-CO","@id":"https:\/\/www.fiscalia.gov.co\/colombia\/#\/schema\/logo\/image\/","url":"https:\/\/www.fiscalia.gov.co\/colombia\/wp-content\/uploads\/LogoHorizontal_1.jpg","contentUrl":"https:\/\/www.fiscalia.gov.co\/colombia\/wp-content\/uploads\/LogoHorizontal_1.jpg","width":300,"height":90,"caption":"Fiscal\u00eda General de la Naci\u00f3n"},"image":{"@id":"https:\/\/www.fiscalia.gov.co\/colombia\/#\/schema\/logo\/image\/"},"sameAs":["https:\/\/www.facebook.com\/FiscaliaCol","https:\/\/x.com\/FiscaliaCol","https:\/\/www.instagram.com\/fiscaliacol","https:\/\/www.linkedin.com\/company\/fiscalia-general-de-la-naci-n\/","https:\/\/youtube.com\/@fiscaliageneraldelanacion-4668?si=6nN79nyQICPU5iTh"]},{"@type":"Person","@id":"https:\/\/www.fiscalia.gov.co\/colombia\/#\/schema\/person\/b19b49f26569f91393176a2b3d13a0e5","name":"Johanna Black Prieto Pe\u00f1a","image":{"@type":"ImageObject","inLanguage":"es-CO","@id":"https:\/\/www.fiscalia.gov.co\/colombia\/#\/schema\/person\/image\/","url":"https:\/\/secure.gravatar.com\/avatar\/7f04518e1774335e76d761d76f04003e?s=96&d=mm&r=g","contentUrl":"https:\/\/secure.gravatar.com\/avatar\/7f04518e1774335e76d761d76f04003e?s=96&d=mm&r=g","caption":"Johanna Black Prieto Pe\u00f1a"},"url":"https:\/\/www.fiscalia.gov.co\/colombia\/author\/jprieto\/"}]}},"_links":{"self":[{"href":"https:\/\/www.fiscalia.gov.co\/colombia\/wp-json\/wp\/v2\/posts\/232612","targetHints":{"allow":["GET"]}}],"collection":[{"href":"https:\/\/www.fiscalia.gov.co\/colombia\/wp-json\/wp\/v2\/posts"}],"about":[{"href":"https:\/\/www.fiscalia.gov.co\/colombia\/wp-json\/wp\/v2\/types\/post"}],"author":[{"embeddable":true,"href":"https:\/\/www.fiscalia.gov.co\/colombia\/wp-json\/wp\/v2\/users\/176"}],"replies":[{"embeddable":true,"href":"https:\/\/www.fiscalia.gov.co\/colombia\/wp-json\/wp\/v2\/comments?post=232612"}],"version-history":[{"count":1,"href":"https:\/\/www.fiscalia.gov.co\/colombia\/wp-json\/wp\/v2\/posts\/232612\/revisions"}],"predecessor-version":[{"id":232613,"href":"https:\/\/www.fiscalia.gov.co\/colombia\/wp-json\/wp\/v2\/posts\/232612\/revisions\/232613"}],"wp:attachment":[{"href":"https:\/\/www.fiscalia.gov.co\/colombia\/wp-json\/wp\/v2\/media?parent=232612"}],"wp:term":[{"taxonomy":"category","embeddable":true,"href":"https:\/\/www.fiscalia.gov.co\/colombia\/wp-json\/wp\/v2\/categories?post=232612"},{"taxonomy":"post_tag","embeddable":true,"href":"https:\/\/www.fiscalia.gov.co\/colombia\/wp-json\/wp\/v2\/tags?post=232612"}],"curies":[{"name":"wp","href":"https:\/\/api.w.org\/{rel}","templated":true}]}}