{"id":232487,"date":"2021-10-19T11:11:49","date_gmt":"2021-10-19T16:11:49","guid":{"rendered":"https:\/\/www.fiscalia.gov.co\/colombia\/?p=232487"},"modified":"2021-10-19T12:51:32","modified_gmt":"2021-10-19T17:51:32","slug":"asegurados-8-presuntos-integrantes-de-la-banda-los-pastamos-por-trafico-de-estupefacientes-y-receptacion-en-4-comunas-de-pasto","status":"publish","type":"post","link":"https:\/\/www.fiscalia.gov.co\/colombia\/noticias\/asegurados-8-presuntos-integrantes-de-la-banda-los-pastamos-por-trafico-de-estupefacientes-y-receptacion-en-4-comunas-de-pasto\/","title":{"rendered":"Asegurados 8 presuntos integrantes de la banda Los Pastamos, por tr\u00e1fico de estupefacientes y receptaci\u00f3n en 4 comunas de Pasto\u00a0\u00a0"},"content":{"rendered":"<p style=\"font-weight: 400;\">Luego de acoger la solicitud de la Fiscal\u00eda, un juez de control de garant\u00edas de penal <strong>Pasto (Nari\u00f1o)<\/strong>\u00a0priv\u00f3 de la libertad a 8 presuntos integrantes de la banda delictiva Los Pastamos, dedicada al acopio, venta y\u00a0<strong>distribuci\u00f3n de sustancias il\u00edcitas<\/strong>, en la modalidad de menudeo, en barrios de las comunas 3, 4, 6 y 10 de esa ciudad.<\/p>\n<p><img loading=\"lazy\" decoding=\"async\" class=\"alignnone wp-image-232488 size-full\" src=\"https:\/\/www.fiscalia.gov.co\/colombia\/wp-content\/uploads\/Los-Pastamos_Nari\u00f1o_tr\u00e1fico_estupefacientes-1.jpeg\" alt=\"\" width=\"1280\" height=\"693\" srcset=\"https:\/\/www.fiscalia.gov.co\/colombia\/wp-content\/uploads\/Los-Pastamos_Nari\u00f1o_tr\u00e1fico_estupefacientes-1.jpeg 1280w, https:\/\/www.fiscalia.gov.co\/colombia\/wp-content\/uploads\/Los-Pastamos_Nari\u00f1o_tr\u00e1fico_estupefacientes-1-300x162.jpeg 300w, https:\/\/www.fiscalia.gov.co\/colombia\/wp-content\/uploads\/Los-Pastamos_Nari\u00f1o_tr\u00e1fico_estupefacientes-1-1024x554.jpeg 1024w, https:\/\/www.fiscalia.gov.co\/colombia\/wp-content\/uploads\/Los-Pastamos_Nari\u00f1o_tr\u00e1fico_estupefacientes-1-768x416.jpeg 768w, https:\/\/www.fiscalia.gov.co\/colombia\/wp-content\/uploads\/Los-Pastamos_Nari\u00f1o_tr\u00e1fico_estupefacientes-1-696x377.jpeg 696w, https:\/\/www.fiscalia.gov.co\/colombia\/wp-content\/uploads\/Los-Pastamos_Nari\u00f1o_tr\u00e1fico_estupefacientes-1-1068x578.jpeg 1068w, https:\/\/www.fiscalia.gov.co\/colombia\/wp-content\/uploads\/Los-Pastamos_Nari\u00f1o_tr\u00e1fico_estupefacientes-1-776x420.jpeg 776w\" sizes=\"auto, (max-width: 1280px) 100vw, 1280px\" \/><\/p>\n<p style=\"font-weight: 400;\">Los cobijados con <strong>medida de aseguramiento<\/strong>\u00a0en establecimiento carcelario son: Vladimir Rodrigo Medina; Juan Carlos Moreno Meneses y Segundo Lis\u00edmaco Yascual.<\/p>\n<p style=\"font-weight: 400;\">Por su parte, Diana Marcela Pantoja Moncayo, Edith Mercedes Valencia Hidalgo, Elizabeth del Carmen Valencia Moreno, Ana Mercedes L\u00f3pez Meneses y Elsa Palacios Ordo\u00f1ez quedaron con detenci\u00f3n preventiva en el lugar de residencia.<\/p>\n<p style=\"font-weight: 400;\">El ente investigador les imput\u00f3 cargos a los procesados, como presuntos coautores de los delitos de tr\u00e1fico, fabricaci\u00f3n y porte de estupefacientes;\u00a0<strong>destinaci\u00f3n il\u00edcita de bien inmueble<\/strong>, y\u00a0<a href=\"https:\/\/www.fiscalia.gov.co\/colombia\/seccionales\/judicializadas-siete-personas-presuntas-integrantes-de-una-organizacion-delincuencial-dedicada-al-hurto-receptacion-y-manipulacion-de-celulares-en-florencia\/\" data-saferedirecturl=\"https:\/\/www.google.com\/url?q=https:\/\/www.fiscalia.gov.co\/colombia\/seccionales\/judicializadas-siete-personas-presuntas-integrantes-de-una-organizacion-delincuencial-dedicada-al-hurto-receptacion-y-manipulacion-de-celulares-en-florencia\/&amp;source=gmail&amp;ust=1634745284324000&amp;usg=AOvVaw3JQucUnIMNCKE0zYf6cJRu\">receptaci\u00f3n<\/a>.<\/p>\n<p style=\"font-weight: 400;\">Una fuente humana se acerc\u00f3 a la Sij\u00edn de la Polic\u00eda Nacional y manifest\u00f3 conocer a un grupo de personas, autodenominado Los Pastamos, que estar\u00eda dedicado al tr\u00e1fico de marihuana,\u00a0<a href=\"https:\/\/www.fiscalia.gov.co\/colombia\/noticias\/fiscalia-desmantelo-la-banda-san-miguel-dedicada-a-la-comercializacion-de-marihuana-y-cocaina-en-5-comunas-de-cali\/\" data-saferedirecturl=\"https:\/\/www.google.com\/url?q=https:\/\/www.fiscalia.gov.co\/colombia\/noticias\/fiscalia-desmantelo-la-banda-san-miguel-dedicada-a-la-comercializacion-de-marihuana-y-cocaina-en-5-comunas-de-cali\/&amp;source=gmail&amp;ust=1634745284324000&amp;usg=AOvVaw39a-ttTkh9um-FtTURq2uu\">coca\u00edna<\/a>\u00a0y bazuco.<\/p>\n<p style=\"font-weight: 400;\">Se conoci\u00f3 adem\u00e1s, que estas personas adem\u00e1s estar\u00edan recibiendo y almacenando elementos hurtados en las viviendas donde resid\u00edan.<\/p>\n<p style=\"font-weight: 400;\">Luego acopiar las evidencias y el trabajo de un agente encubierto se evidenci\u00f3 el actuar delictivo del grupo delincuencial.<\/p>\n<p style=\"font-weight: 400;\">Durante las diligencias de allanamiento fueron incautados estupefacientes, tel\u00e9fonos celulares, autopartes robadas y dinero en efectivo.<\/p>\n<p style=\"font-weight: 400;\">Esta informaci\u00f3n se publica por razones de inter\u00e9s general.<\/p>\n<p style=\"font-weight: 400; text-align: left;\"><strong>La Fiscal\u00eda habla con resultados<\/strong>.<\/p>\n<p style=\"font-weight: 400;\">JGPV\/LV\/ DLBM.<\/p>\n<p style=\"font-weight: 400;\"><strong>Le puede interesar:\u00a0<a href=\"https:\/\/www.fiscalia.gov.co\/colombia\/noticias\/fiscalia-desmantelo-la-banda-los-lisos-dedicada-al-trafico-y-porte-de-estupefacientes-en-4-sectores-de-palmira\/\" data-saferedirecturl=\"https:\/\/www.google.com\/url?q=https:\/\/www.fiscalia.gov.co\/colombia\/noticias\/fiscalia-desmantelo-la-banda-los-lisos-dedicada-al-trafico-y-porte-de-estupefacientes-en-4-sectores-de-palmira\/&amp;source=gmail&amp;ust=1634745284324000&amp;usg=AOvVaw0v0duWzFA01H6-FQMFtpNY\">Fiscal\u00eda desmantel\u00f3 la banda Los Lisos, dedicada al tr\u00e1fico y porte de estupefacientes en 4 sectores de Palmira<\/a>\u00a0<\/strong><\/p>\n<p style=\"font-weight: 400;\"><strong>\u00a0<\/strong><\/p>\n<p style=\"font-weight: 400;\"><em>La informaci\u00f3n contenida en este bolet\u00edn de prensa corresponde a la narraci\u00f3n de los hechos noticiosos objetivos, suministrados por los funcionarios encargados de adelantar las investigaciones penales al interior de la Fiscal\u00eda General de la Naci\u00f3n. Para el momento de la divulgaci\u00f3n de este comunicado, la situaci\u00f3n jur\u00eddica de la(s) persona(s) relacionada(s) se encuentra pendiente de resolver por la autoridad judicial competente, siempre bajo los preceptos de la presunci\u00f3n de inocencia, consagrados en el art\u00edculo 29 de la Constituci\u00f3n Pol\u00edtica y el art\u00edculo 7\u00ba de la Ley 906 de 2004\u00a0\u00a0<\/em><\/p>\n<p style=\"font-weight: 400;\"><strong>\u00a0<\/strong><\/p>\n\n<div class=\"twitter-share\"><a href=\"https:\/\/twitter.com\/intent\/tweet?via=fiscaliacol\" class=\"twitter-share-button\">Tweet<\/a><\/div>\n","protected":false},"excerpt":{"rendered":"<p>Luego de acoger la solicitud de la Fiscal\u00eda, un juez de control de garant\u00edas de penal Pasto (Nari\u00f1o)\u00a0priv\u00f3 de la libertad a 8 presuntos integrantes de la banda delictiva Los Pastamos, dedicada al acopio, venta y\u00a0distribuci\u00f3n de sustancias il\u00edcitas, en la modalidad de menudeo, en barrios de las comunas 3, 4, 6 y 10 de [&hellip;]<\/p>\n","protected":false},"author":176,"featured_media":0,"comment_status":"closed","ping_status":"open","sticky":false,"template":"","format":"standard","meta":{"tdm_status":"","tdm_grid_status":"","footnotes":""},"categories":[1,334],"tags":[19,24188,24305,24526,24481,1047,29131,2828,155],"class_list":{"0":"post-232487","1":"post","2":"type-post","3":"status-publish","4":"format-standard","6":"category-noticias","7":"category-seccional-pasto","8":"tag-cocaina","9":"tag-fiscal-francisco-barbosa","10":"tag-fiscal-general-francisco-barbosa","11":"tag-fiscal-general-francisco-barbosa-delgado","12":"tag-fiscalia-de-colombia","13":"tag-fiscalia-general-de-la-nacion","14":"tag-los-pastamos","15":"tag-receptacion","16":"tag-trafico-de-estupefacientes"},"yoast_head":"<!-- This site is optimized with the Yoast SEO plugin v24.3 - https:\/\/yoast.com\/wordpress\/plugins\/seo\/ -->\n<title>Fiscal\u00eda General de la Naci\u00f3n<\/title>\n<meta name=\"description\" content=\"P\u00e1gina oficial de la Fiscal\u00eda General de la Naci\u00f3n \u2013 Colombia. Garantizamos el acceso efectivo a la justicia, la verdad y la reparaci\u00f3n de las v\u00edctimas de los delitos.\" \/>\n<meta name=\"robots\" content=\"noindex, follow\" \/>\n<meta property=\"og:locale\" content=\"es_ES\" \/>\n<meta property=\"og:type\" content=\"article\" \/>\n<meta property=\"og:title\" content=\"Fiscal\u00eda General de la Naci\u00f3n\" \/>\n<meta property=\"og:description\" content=\"P\u00e1gina oficial de la Fiscal\u00eda General de la Naci\u00f3n \u2013 Colombia. Garantizamos el acceso efectivo a la justicia, la verdad y la reparaci\u00f3n de las v\u00edctimas de los delitos.\" \/>\n<meta property=\"og:url\" content=\"https:\/\/www.fiscalia.gov.co\/colombia\/noticias\/asegurados-8-presuntos-integrantes-de-la-banda-los-pastamos-por-trafico-de-estupefacientes-y-receptacion-en-4-comunas-de-pasto\/\" \/>\n<meta property=\"og:site_name\" content=\"Fiscal\u00eda General de la Naci\u00f3n\" \/>\n<meta property=\"article:publisher\" content=\"https:\/\/www.facebook.com\/FiscaliaCol\" \/>\n<meta property=\"article:published_time\" content=\"2021-10-19T16:11:49+00:00\" \/>\n<meta property=\"article:modified_time\" content=\"2021-10-19T17:51:32+00:00\" \/>\n<meta name=\"author\" content=\"Johanna Black Prieto Pe\u00f1a\" \/>\n<meta name=\"twitter:card\" content=\"summary_large_image\" \/>\n<meta name=\"twitter:creator\" content=\"@FiscaliaCol\" \/>\n<meta name=\"twitter:site\" content=\"@FiscaliaCol\" \/>\n<meta name=\"twitter:label1\" content=\"Escrito por\" \/>\n\t<meta name=\"twitter:data1\" content=\"Johanna Black Prieto Pe\u00f1a\" \/>\n\t<meta name=\"twitter:label2\" content=\"Tiempo de lectura\" \/>\n\t<meta name=\"twitter:data2\" content=\"2 minutos\" \/>\n<script type=\"application\/ld+json\" class=\"yoast-schema-graph\">{\"@context\":\"https:\/\/schema.org\",\"@graph\":[{\"@type\":\"Article\",\"@id\":\"https:\/\/www.fiscalia.gov.co\/colombia\/noticias\/asegurados-8-presuntos-integrantes-de-la-banda-los-pastamos-por-trafico-de-estupefacientes-y-receptacion-en-4-comunas-de-pasto\/#article\",\"isPartOf\":{\"@id\":\"https:\/\/www.fiscalia.gov.co\/colombia\/noticias\/asegurados-8-presuntos-integrantes-de-la-banda-los-pastamos-por-trafico-de-estupefacientes-y-receptacion-en-4-comunas-de-pasto\/\"},\"author\":{\"name\":\"Johanna Black Prieto Pe\u00f1a\",\"@id\":\"https:\/\/www.fiscalia.gov.co\/colombia\/#\/schema\/person\/b19b49f26569f91393176a2b3d13a0e5\"},\"headline\":\"Asegurados 8 presuntos integrantes de la banda Los Pastamos, por tr\u00e1fico de estupefacientes y receptaci\u00f3n en 4 comunas de Pasto\u00a0\u00a0\",\"datePublished\":\"2021-10-19T16:11:49+00:00\",\"dateModified\":\"2021-10-19T17:51:32+00:00\",\"mainEntityOfPage\":{\"@id\":\"https:\/\/www.fiscalia.gov.co\/colombia\/noticias\/asegurados-8-presuntos-integrantes-de-la-banda-los-pastamos-por-trafico-de-estupefacientes-y-receptacion-en-4-comunas-de-pasto\/\"},\"wordCount\":411,\"publisher\":{\"@id\":\"https:\/\/www.fiscalia.gov.co\/colombia\/#organization\"},\"keywords\":[\"Coca\u00edna\",\"Fiscal Francisco Barbosa\",\"Fiscal General Francisco Barbosa\",\"Fiscal General Francisco Barbosa Delgado\",\"Fiscal\u00eda de Colombia\",\"Fiscal\u00eda General de la Naci\u00f3n\",\"Los Pastamos\",\"Receptaci\u00f3n\",\"Tr\u00e1fico de estupefacientes\"],\"articleSection\":[\"Noticias\",\"Seccional Pasto\"],\"inLanguage\":\"es-CO\"},{\"@type\":\"WebPage\",\"@id\":\"https:\/\/www.fiscalia.gov.co\/colombia\/noticias\/asegurados-8-presuntos-integrantes-de-la-banda-los-pastamos-por-trafico-de-estupefacientes-y-receptacion-en-4-comunas-de-pasto\/\",\"url\":\"https:\/\/www.fiscalia.gov.co\/colombia\/noticias\/asegurados-8-presuntos-integrantes-de-la-banda-los-pastamos-por-trafico-de-estupefacientes-y-receptacion-en-4-comunas-de-pasto\/\",\"name\":\"Fiscal\u00eda General de la Naci\u00f3n\",\"isPartOf\":{\"@id\":\"https:\/\/www.fiscalia.gov.co\/colombia\/#website\"},\"datePublished\":\"2021-10-19T16:11:49+00:00\",\"dateModified\":\"2021-10-19T17:51:32+00:00\",\"description\":\"P\u00e1gina oficial de la Fiscal\u00eda General de la Naci\u00f3n \u2013 Colombia. Garantizamos el acceso efectivo a la justicia, la verdad y la reparaci\u00f3n de las v\u00edctimas de los delitos.\",\"breadcrumb\":{\"@id\":\"https:\/\/www.fiscalia.gov.co\/colombia\/noticias\/asegurados-8-presuntos-integrantes-de-la-banda-los-pastamos-por-trafico-de-estupefacientes-y-receptacion-en-4-comunas-de-pasto\/#breadcrumb\"},\"inLanguage\":\"es-CO\",\"potentialAction\":[{\"@type\":\"ReadAction\",\"target\":[\"https:\/\/www.fiscalia.gov.co\/colombia\/noticias\/asegurados-8-presuntos-integrantes-de-la-banda-los-pastamos-por-trafico-de-estupefacientes-y-receptacion-en-4-comunas-de-pasto\/\"]}]},{\"@type\":\"BreadcrumbList\",\"@id\":\"https:\/\/www.fiscalia.gov.co\/colombia\/noticias\/asegurados-8-presuntos-integrantes-de-la-banda-los-pastamos-por-trafico-de-estupefacientes-y-receptacion-en-4-comunas-de-pasto\/#breadcrumb\",\"itemListElement\":[{\"@type\":\"ListItem\",\"position\":1,\"name\":\"Home\",\"item\":\"https:\/\/www.fiscalia.gov.co\/colombia\/\"},{\"@type\":\"ListItem\",\"position\":2,\"name\":\"Asegurados 8 presuntos integrantes de la banda Los Pastamos, por tr\u00e1fico de estupefacientes y receptaci\u00f3n en 4 comunas de Pasto\u00a0\u00a0\"}]},{\"@type\":\"WebSite\",\"@id\":\"https:\/\/www.fiscalia.gov.co\/colombia\/#website\",\"url\":\"https:\/\/www.fiscalia.gov.co\/colombia\/\",\"name\":\"Fiscal\u00eda General de la Naci\u00f3n\",\"description\":\"P\u00e1gina oficial de la Fiscal\u00eda General de la Naci\u00f3n \u2013 Colombia. Garantizamos el acceso efectivo a la justicia, la verdad y la reparaci\u00f3n de las v\u00edctimas de los delitos.\",\"publisher\":{\"@id\":\"https:\/\/www.fiscalia.gov.co\/colombia\/#organization\"},\"potentialAction\":[{\"@type\":\"SearchAction\",\"target\":{\"@type\":\"EntryPoint\",\"urlTemplate\":\"https:\/\/www.fiscalia.gov.co\/colombia\/?s={search_term_string}\"},\"query-input\":{\"@type\":\"PropertyValueSpecification\",\"valueRequired\":true,\"valueName\":\"search_term_string\"}}],\"inLanguage\":\"es-CO\"},{\"@type\":\"Organization\",\"@id\":\"https:\/\/www.fiscalia.gov.co\/colombia\/#organization\",\"name\":\"Fiscal\u00eda General de la Naci\u00f3n\",\"url\":\"https:\/\/www.fiscalia.gov.co\/colombia\/\",\"logo\":{\"@type\":\"ImageObject\",\"inLanguage\":\"es-CO\",\"@id\":\"https:\/\/www.fiscalia.gov.co\/colombia\/#\/schema\/logo\/image\/\",\"url\":\"https:\/\/www.fiscalia.gov.co\/colombia\/wp-content\/uploads\/LogoHorizontal_1.jpg\",\"contentUrl\":\"https:\/\/www.fiscalia.gov.co\/colombia\/wp-content\/uploads\/LogoHorizontal_1.jpg\",\"width\":300,\"height\":90,\"caption\":\"Fiscal\u00eda General de la Naci\u00f3n\"},\"image\":{\"@id\":\"https:\/\/www.fiscalia.gov.co\/colombia\/#\/schema\/logo\/image\/\"},\"sameAs\":[\"https:\/\/www.facebook.com\/FiscaliaCol\",\"https:\/\/x.com\/FiscaliaCol\",\"https:\/\/www.instagram.com\/fiscaliacol\",\"https:\/\/www.linkedin.com\/company\/fiscalia-general-de-la-naci-n\/\",\"https:\/\/youtube.com\/@fiscaliageneraldelanacion-4668?si=6nN79nyQICPU5iTh\"]},{\"@type\":\"Person\",\"@id\":\"https:\/\/www.fiscalia.gov.co\/colombia\/#\/schema\/person\/b19b49f26569f91393176a2b3d13a0e5\",\"name\":\"Johanna Black Prieto Pe\u00f1a\",\"image\":{\"@type\":\"ImageObject\",\"inLanguage\":\"es-CO\",\"@id\":\"https:\/\/www.fiscalia.gov.co\/colombia\/#\/schema\/person\/image\/\",\"url\":\"https:\/\/secure.gravatar.com\/avatar\/7f04518e1774335e76d761d76f04003e?s=96&d=mm&r=g\",\"contentUrl\":\"https:\/\/secure.gravatar.com\/avatar\/7f04518e1774335e76d761d76f04003e?s=96&d=mm&r=g\",\"caption\":\"Johanna Black Prieto Pe\u00f1a\"},\"url\":\"https:\/\/www.fiscalia.gov.co\/colombia\/author\/jprieto\/\"}]}<\/script>\n<!-- \/ Yoast SEO plugin. -->","yoast_head_json":{"title":"Fiscal\u00eda General de la Naci\u00f3n","description":"P\u00e1gina oficial de la Fiscal\u00eda General de la Naci\u00f3n \u2013 Colombia. Garantizamos el acceso efectivo a la justicia, la verdad y la reparaci\u00f3n de las v\u00edctimas de los delitos.","robots":{"index":"noindex","follow":"follow"},"og_locale":"es_ES","og_type":"article","og_title":"Fiscal\u00eda General de la Naci\u00f3n","og_description":"P\u00e1gina oficial de la Fiscal\u00eda General de la Naci\u00f3n \u2013 Colombia. Garantizamos el acceso efectivo a la justicia, la verdad y la reparaci\u00f3n de las v\u00edctimas de los delitos.","og_url":"https:\/\/www.fiscalia.gov.co\/colombia\/noticias\/asegurados-8-presuntos-integrantes-de-la-banda-los-pastamos-por-trafico-de-estupefacientes-y-receptacion-en-4-comunas-de-pasto\/","og_site_name":"Fiscal\u00eda General de la Naci\u00f3n","article_publisher":"https:\/\/www.facebook.com\/FiscaliaCol","article_published_time":"2021-10-19T16:11:49+00:00","article_modified_time":"2021-10-19T17:51:32+00:00","author":"Johanna Black Prieto Pe\u00f1a","twitter_card":"summary_large_image","twitter_creator":"@FiscaliaCol","twitter_site":"@FiscaliaCol","twitter_misc":{"Escrito por":"Johanna Black Prieto Pe\u00f1a","Tiempo de lectura":"2 minutos"},"schema":{"@context":"https:\/\/schema.org","@graph":[{"@type":"Article","@id":"https:\/\/www.fiscalia.gov.co\/colombia\/noticias\/asegurados-8-presuntos-integrantes-de-la-banda-los-pastamos-por-trafico-de-estupefacientes-y-receptacion-en-4-comunas-de-pasto\/#article","isPartOf":{"@id":"https:\/\/www.fiscalia.gov.co\/colombia\/noticias\/asegurados-8-presuntos-integrantes-de-la-banda-los-pastamos-por-trafico-de-estupefacientes-y-receptacion-en-4-comunas-de-pasto\/"},"author":{"name":"Johanna Black Prieto Pe\u00f1a","@id":"https:\/\/www.fiscalia.gov.co\/colombia\/#\/schema\/person\/b19b49f26569f91393176a2b3d13a0e5"},"headline":"Asegurados 8 presuntos integrantes de la banda Los Pastamos, por tr\u00e1fico de estupefacientes y receptaci\u00f3n en 4 comunas de Pasto\u00a0\u00a0","datePublished":"2021-10-19T16:11:49+00:00","dateModified":"2021-10-19T17:51:32+00:00","mainEntityOfPage":{"@id":"https:\/\/www.fiscalia.gov.co\/colombia\/noticias\/asegurados-8-presuntos-integrantes-de-la-banda-los-pastamos-por-trafico-de-estupefacientes-y-receptacion-en-4-comunas-de-pasto\/"},"wordCount":411,"publisher":{"@id":"https:\/\/www.fiscalia.gov.co\/colombia\/#organization"},"keywords":["Coca\u00edna","Fiscal Francisco Barbosa","Fiscal General Francisco Barbosa","Fiscal General Francisco Barbosa Delgado","Fiscal\u00eda de Colombia","Fiscal\u00eda General de la Naci\u00f3n","Los Pastamos","Receptaci\u00f3n","Tr\u00e1fico de estupefacientes"],"articleSection":["Noticias","Seccional Pasto"],"inLanguage":"es-CO"},{"@type":"WebPage","@id":"https:\/\/www.fiscalia.gov.co\/colombia\/noticias\/asegurados-8-presuntos-integrantes-de-la-banda-los-pastamos-por-trafico-de-estupefacientes-y-receptacion-en-4-comunas-de-pasto\/","url":"https:\/\/www.fiscalia.gov.co\/colombia\/noticias\/asegurados-8-presuntos-integrantes-de-la-banda-los-pastamos-por-trafico-de-estupefacientes-y-receptacion-en-4-comunas-de-pasto\/","name":"Fiscal\u00eda General de la Naci\u00f3n","isPartOf":{"@id":"https:\/\/www.fiscalia.gov.co\/colombia\/#website"},"datePublished":"2021-10-19T16:11:49+00:00","dateModified":"2021-10-19T17:51:32+00:00","description":"P\u00e1gina oficial de la Fiscal\u00eda General de la Naci\u00f3n \u2013 Colombia. Garantizamos el acceso efectivo a la justicia, la verdad y la reparaci\u00f3n de las v\u00edctimas de los delitos.","breadcrumb":{"@id":"https:\/\/www.fiscalia.gov.co\/colombia\/noticias\/asegurados-8-presuntos-integrantes-de-la-banda-los-pastamos-por-trafico-de-estupefacientes-y-receptacion-en-4-comunas-de-pasto\/#breadcrumb"},"inLanguage":"es-CO","potentialAction":[{"@type":"ReadAction","target":["https:\/\/www.fiscalia.gov.co\/colombia\/noticias\/asegurados-8-presuntos-integrantes-de-la-banda-los-pastamos-por-trafico-de-estupefacientes-y-receptacion-en-4-comunas-de-pasto\/"]}]},{"@type":"BreadcrumbList","@id":"https:\/\/www.fiscalia.gov.co\/colombia\/noticias\/asegurados-8-presuntos-integrantes-de-la-banda-los-pastamos-por-trafico-de-estupefacientes-y-receptacion-en-4-comunas-de-pasto\/#breadcrumb","itemListElement":[{"@type":"ListItem","position":1,"name":"Home","item":"https:\/\/www.fiscalia.gov.co\/colombia\/"},{"@type":"ListItem","position":2,"name":"Asegurados 8 presuntos integrantes de la banda Los Pastamos, por tr\u00e1fico de estupefacientes y receptaci\u00f3n en 4 comunas de Pasto\u00a0\u00a0"}]},{"@type":"WebSite","@id":"https:\/\/www.fiscalia.gov.co\/colombia\/#website","url":"https:\/\/www.fiscalia.gov.co\/colombia\/","name":"Fiscal\u00eda General de la Naci\u00f3n","description":"P\u00e1gina oficial de la Fiscal\u00eda General de la Naci\u00f3n \u2013 Colombia. Garantizamos el acceso efectivo a la justicia, la verdad y la reparaci\u00f3n de las v\u00edctimas de los delitos.","publisher":{"@id":"https:\/\/www.fiscalia.gov.co\/colombia\/#organization"},"potentialAction":[{"@type":"SearchAction","target":{"@type":"EntryPoint","urlTemplate":"https:\/\/www.fiscalia.gov.co\/colombia\/?s={search_term_string}"},"query-input":{"@type":"PropertyValueSpecification","valueRequired":true,"valueName":"search_term_string"}}],"inLanguage":"es-CO"},{"@type":"Organization","@id":"https:\/\/www.fiscalia.gov.co\/colombia\/#organization","name":"Fiscal\u00eda General de la Naci\u00f3n","url":"https:\/\/www.fiscalia.gov.co\/colombia\/","logo":{"@type":"ImageObject","inLanguage":"es-CO","@id":"https:\/\/www.fiscalia.gov.co\/colombia\/#\/schema\/logo\/image\/","url":"https:\/\/www.fiscalia.gov.co\/colombia\/wp-content\/uploads\/LogoHorizontal_1.jpg","contentUrl":"https:\/\/www.fiscalia.gov.co\/colombia\/wp-content\/uploads\/LogoHorizontal_1.jpg","width":300,"height":90,"caption":"Fiscal\u00eda General de la Naci\u00f3n"},"image":{"@id":"https:\/\/www.fiscalia.gov.co\/colombia\/#\/schema\/logo\/image\/"},"sameAs":["https:\/\/www.facebook.com\/FiscaliaCol","https:\/\/x.com\/FiscaliaCol","https:\/\/www.instagram.com\/fiscaliacol","https:\/\/www.linkedin.com\/company\/fiscalia-general-de-la-naci-n\/","https:\/\/youtube.com\/@fiscaliageneraldelanacion-4668?si=6nN79nyQICPU5iTh"]},{"@type":"Person","@id":"https:\/\/www.fiscalia.gov.co\/colombia\/#\/schema\/person\/b19b49f26569f91393176a2b3d13a0e5","name":"Johanna Black Prieto Pe\u00f1a","image":{"@type":"ImageObject","inLanguage":"es-CO","@id":"https:\/\/www.fiscalia.gov.co\/colombia\/#\/schema\/person\/image\/","url":"https:\/\/secure.gravatar.com\/avatar\/7f04518e1774335e76d761d76f04003e?s=96&d=mm&r=g","contentUrl":"https:\/\/secure.gravatar.com\/avatar\/7f04518e1774335e76d761d76f04003e?s=96&d=mm&r=g","caption":"Johanna Black Prieto Pe\u00f1a"},"url":"https:\/\/www.fiscalia.gov.co\/colombia\/author\/jprieto\/"}]}},"_links":{"self":[{"href":"https:\/\/www.fiscalia.gov.co\/colombia\/wp-json\/wp\/v2\/posts\/232487","targetHints":{"allow":["GET"]}}],"collection":[{"href":"https:\/\/www.fiscalia.gov.co\/colombia\/wp-json\/wp\/v2\/posts"}],"about":[{"href":"https:\/\/www.fiscalia.gov.co\/colombia\/wp-json\/wp\/v2\/types\/post"}],"author":[{"embeddable":true,"href":"https:\/\/www.fiscalia.gov.co\/colombia\/wp-json\/wp\/v2\/users\/176"}],"replies":[{"embeddable":true,"href":"https:\/\/www.fiscalia.gov.co\/colombia\/wp-json\/wp\/v2\/comments?post=232487"}],"version-history":[{"count":3,"href":"https:\/\/www.fiscalia.gov.co\/colombia\/wp-json\/wp\/v2\/posts\/232487\/revisions"}],"predecessor-version":[{"id":232509,"href":"https:\/\/www.fiscalia.gov.co\/colombia\/wp-json\/wp\/v2\/posts\/232487\/revisions\/232509"}],"wp:attachment":[{"href":"https:\/\/www.fiscalia.gov.co\/colombia\/wp-json\/wp\/v2\/media?parent=232487"}],"wp:term":[{"taxonomy":"category","embeddable":true,"href":"https:\/\/www.fiscalia.gov.co\/colombia\/wp-json\/wp\/v2\/categories?post=232487"},{"taxonomy":"post_tag","embeddable":true,"href":"https:\/\/www.fiscalia.gov.co\/colombia\/wp-json\/wp\/v2\/tags?post=232487"}],"curies":[{"name":"wp","href":"https:\/\/api.w.org\/{rel}","templated":true}]}}