{"id":232466,"date":"2021-10-19T09:08:08","date_gmt":"2021-10-19T14:08:08","guid":{"rendered":"https:\/\/www.fiscalia.gov.co\/colombia\/?p=232466"},"modified":"2021-10-26T16:48:21","modified_gmt":"2021-10-26T21:48:21","slug":"privados-de-la-libertad-cinco-hombres-y-una-mujer-por-abuso-sexual-de-menores-de-edad","status":"publish","type":"post","link":"https:\/\/www.fiscalia.gov.co\/colombia\/noticias\/privados-de-la-libertad-cinco-hombres-y-una-mujer-por-abuso-sexual-de-menores-de-edad\/","title":{"rendered":"Privados de la libertad cinco hombres y una mujer por abuso sexual de menores de edad\u00a0\u00a0"},"content":{"rendered":"<p>Jueces de control de garant\u00edas acogieron los argumentos propuestos por fiscales de la Seccional Risaralda y privaron de la libertad a seis personas quienes, en hechos aislados, habr\u00edan abusado sexualmente de siete menores cuyas edades oscilan entre 8 y 15 a\u00f1os de edad.<\/p>\n<p>Los delitos investigados sucedieron en los municipios de Santa Rosa de Cabal, Pereira y Dosquebradas (Risaralda). Los procesados fueron capturados por el Cuerpo T\u00e9cnico de Investigaci\u00f3n (CTI) y la SIJIN de Polic\u00eda Nacional.<\/p>\n<p>La Fiscal\u00eda imput\u00f3 a los capturados, seg\u00fan sus responsabilidades individuales, por delitos como: acto sexual violento agravado; acto sexual con menor de 14 a\u00f1os agravado, acceso carnal abusivo con menor de 14 a\u00f1os agravado, explotaci\u00f3n sexual comercial con menor de 18 a\u00f1os, acceso carnal violento agravado con menor de 14 a\u00f1os; fabricaci\u00f3n, tr\u00e1fico y porte de armas de fuego o municiones, proxenetismo con menor de edad y pornograf\u00eda con personas menores de 18 a\u00f1os. Ninguno acept\u00f3 los cargos.<\/p>\n<p><strong>En Santa Rosa de Cabal\u00a0\u00a0<\/strong><\/p>\n<ul>\n<li>Uno de los hechos investigados ocurri\u00f3 en mayo de 2019 cuando el implicado recog\u00eda a la v\u00edctima de 9 a\u00f1os de edad en el colegio, pues es su familiar. Los momentos a solas habr\u00edan sido aprovechados por el procesado para abusar del menor, quien adem\u00e1s habr\u00eda sido amenazado con hacerle da\u00f1o, si lo delataba.<\/li>\n<li>Otro caso habr\u00eda ocurrido entre enero y febrero pasados. Al parecer, el implicado hizo comentarios sexistas a una menor de 12 a\u00f1os a quien luego abus\u00f3 en varias oportunidades.<\/li>\n<\/ul>\n<p><strong>En Pereira\u00a0\u00a0<\/strong><strong>\u00a0<\/strong><\/p>\n<ul>\n<li>El tercer caso se registr\u00f3 en una cancha de f\u00fatbol del barrio Galicia. Al parecer, una ni\u00f1a de 11 a\u00f1os de edad habr\u00eda sido agredida con tocamientos \u00edntimos y obligada a observar escenas sexuales. El posible agresor ser\u00eda familiar de la v\u00edctima.<\/li>\n<li>En noviembre de 2020 la madre de una menor de 11 a\u00f1os de edad, al parecer, descubri\u00f3 que su compa\u00f1ero sentimental habr\u00eda realizado tocamientos \u00edntimos a la ni\u00f1a, de quien era padrastro. Los hechos se presentaron en la comuna Villa Santana.<\/li>\n<\/ul>\n<p><strong>En Dosquebradas\u00a0\u00a0<\/strong><\/p>\n<ul>\n<li>Un caso m\u00e1s ocurri\u00f3 entre enero y agosto en el barrio El Progreso. Una modelo web cam, madre de un menor de 8 a\u00f1os de edad, al parecer, induc\u00eda al peque\u00f1o a que participara en escenas sexuales con ella. Se presume que los videos eran comercializados con una persona en el exterior.<\/li>\n<\/ul>\n<p>La Fiscal\u00eda publica esta informaci\u00f3n por considerarla de inter\u00e9s general.<\/p>\n<p style=\"text-align: center;\"><strong>La Fiscal\u00eda habla con resultados\u00a0\u00a0<\/strong><\/p>\n<p>&nbsp;<\/p>\n<p>CLCG\/MAGA\/MAAE<strong>\u00a0<\/strong><\/p>\n<p>&nbsp;<\/p>\n<p>&nbsp;<\/p>\n<p>.<\/p>\n\n<div class=\"twitter-share\"><a href=\"https:\/\/twitter.com\/intent\/tweet?via=fiscaliacol\" class=\"twitter-share-button\">Tweet<\/a><\/div>\n","protected":false},"excerpt":{"rendered":"<p>Jueces de control de garant\u00edas acogieron los argumentos propuestos por fiscales de la Seccional Risaralda y privaron de la libertad a seis personas quienes, en hechos aislados, habr\u00edan abusado sexualmente [&hellip;]<\/p>\n","protected":false},"author":176,"featured_media":0,"comment_status":"closed","ping_status":"open","sticky":false,"template":"","format":"video","meta":{"tdm_status":"","tdm_grid_status":"","footnotes":""},"categories":[1,335,303],"tags":[801,23920,932,23828,14164,23894],"class_list":["post-232466","post","type-post","status-publish","format-video","category-noticias","category-seccional-pereira","category-seccionales","tag-abuso-sexual","tag-dosquebradas","tag-mensor-de-edad","tag-pereira","tag-quindio","tag-santa-rosa-de-cabal","post_format-post-format-video"],"yoast_head":"<!-- This site is optimized with the Yoast SEO plugin v24.3 - https:\/\/yoast.com\/wordpress\/plugins\/seo\/ -->\n<title>Fiscal\u00eda General de la Naci\u00f3n<\/title>\n<meta name=\"description\" content=\"P\u00e1gina oficial de la Fiscal\u00eda General de la Naci\u00f3n \u2013 Colombia. Garantizamos el acceso efectivo a la justicia, la verdad y la reparaci\u00f3n de las v\u00edctimas de los delitos.\" \/>\n<meta name=\"robots\" content=\"noindex, follow\" \/>\n<meta property=\"og:locale\" content=\"es_ES\" \/>\n<meta property=\"og:type\" content=\"article\" \/>\n<meta property=\"og:title\" content=\"Fiscal\u00eda General de la Naci\u00f3n\" \/>\n<meta property=\"og:description\" content=\"P\u00e1gina oficial de la Fiscal\u00eda General de la Naci\u00f3n \u2013 Colombia. Garantizamos el acceso efectivo a la justicia, la verdad y la reparaci\u00f3n de las v\u00edctimas de los delitos.\" \/>\n<meta property=\"og:url\" content=\"https:\/\/www.fiscalia.gov.co\/colombia\/noticias\/privados-de-la-libertad-cinco-hombres-y-una-mujer-por-abuso-sexual-de-menores-de-edad\/\" \/>\n<meta property=\"og:site_name\" content=\"Fiscal\u00eda General de la Naci\u00f3n\" \/>\n<meta property=\"article:publisher\" content=\"https:\/\/www.facebook.com\/FiscaliaCol\" \/>\n<meta property=\"article:published_time\" content=\"2021-10-19T14:08:08+00:00\" \/>\n<meta property=\"article:modified_time\" content=\"2021-10-26T21:48:21+00:00\" \/>\n<meta name=\"author\" content=\"Johanna Black Prieto Pe\u00f1a\" \/>\n<meta name=\"twitter:card\" content=\"summary_large_image\" \/>\n<meta name=\"twitter:creator\" content=\"@FiscaliaCol\" \/>\n<meta name=\"twitter:site\" content=\"@FiscaliaCol\" \/>\n<meta name=\"twitter:label1\" content=\"Escrito por\" \/>\n\t<meta name=\"twitter:data1\" content=\"Johanna Black Prieto Pe\u00f1a\" \/>\n\t<meta name=\"twitter:label2\" content=\"Tiempo de lectura\" \/>\n\t<meta name=\"twitter:data2\" content=\"2 minutos\" \/>\n<script type=\"application\/ld+json\" class=\"yoast-schema-graph\">{\"@context\":\"https:\/\/schema.org\",\"@graph\":[{\"@type\":\"Article\",\"@id\":\"https:\/\/www.fiscalia.gov.co\/colombia\/noticias\/privados-de-la-libertad-cinco-hombres-y-una-mujer-por-abuso-sexual-de-menores-de-edad\/#article\",\"isPartOf\":{\"@id\":\"https:\/\/www.fiscalia.gov.co\/colombia\/noticias\/privados-de-la-libertad-cinco-hombres-y-una-mujer-por-abuso-sexual-de-menores-de-edad\/\"},\"author\":{\"name\":\"Johanna Black Prieto Pe\u00f1a\",\"@id\":\"https:\/\/www.fiscalia.gov.co\/colombia\/#\/schema\/person\/b19b49f26569f91393176a2b3d13a0e5\"},\"headline\":\"Privados de la libertad cinco hombres y una mujer por abuso sexual de menores de edad\u00a0\u00a0\",\"datePublished\":\"2021-10-19T14:08:08+00:00\",\"dateModified\":\"2021-10-26T21:48:21+00:00\",\"mainEntityOfPage\":{\"@id\":\"https:\/\/www.fiscalia.gov.co\/colombia\/noticias\/privados-de-la-libertad-cinco-hombres-y-una-mujer-por-abuso-sexual-de-menores-de-edad\/\"},\"wordCount\":448,\"publisher\":{\"@id\":\"https:\/\/www.fiscalia.gov.co\/colombia\/#organization\"},\"keywords\":[\"Abuso sexual\",\"Dosquebradas\",\"Menor de edad\",\"Pereira\",\"Quind\u00edo\",\"Santa Rosa de Cabal\"],\"articleSection\":[\"Noticias\",\"Seccional Pereira\",\"Seccionales\"],\"inLanguage\":\"es-CO\"},{\"@type\":\"WebPage\",\"@id\":\"https:\/\/www.fiscalia.gov.co\/colombia\/noticias\/privados-de-la-libertad-cinco-hombres-y-una-mujer-por-abuso-sexual-de-menores-de-edad\/\",\"url\":\"https:\/\/www.fiscalia.gov.co\/colombia\/noticias\/privados-de-la-libertad-cinco-hombres-y-una-mujer-por-abuso-sexual-de-menores-de-edad\/\",\"name\":\"Fiscal\u00eda General de la Naci\u00f3n\",\"isPartOf\":{\"@id\":\"https:\/\/www.fiscalia.gov.co\/colombia\/#website\"},\"datePublished\":\"2021-10-19T14:08:08+00:00\",\"dateModified\":\"2021-10-26T21:48:21+00:00\",\"description\":\"P\u00e1gina oficial de la Fiscal\u00eda General de la Naci\u00f3n \u2013 Colombia. Garantizamos el acceso efectivo a la justicia, la verdad y la reparaci\u00f3n de las v\u00edctimas de los delitos.\",\"breadcrumb\":{\"@id\":\"https:\/\/www.fiscalia.gov.co\/colombia\/noticias\/privados-de-la-libertad-cinco-hombres-y-una-mujer-por-abuso-sexual-de-menores-de-edad\/#breadcrumb\"},\"inLanguage\":\"es-CO\",\"potentialAction\":[{\"@type\":\"ReadAction\",\"target\":[\"https:\/\/www.fiscalia.gov.co\/colombia\/noticias\/privados-de-la-libertad-cinco-hombres-y-una-mujer-por-abuso-sexual-de-menores-de-edad\/\"]}]},{\"@type\":\"BreadcrumbList\",\"@id\":\"https:\/\/www.fiscalia.gov.co\/colombia\/noticias\/privados-de-la-libertad-cinco-hombres-y-una-mujer-por-abuso-sexual-de-menores-de-edad\/#breadcrumb\",\"itemListElement\":[{\"@type\":\"ListItem\",\"position\":1,\"name\":\"Home\",\"item\":\"https:\/\/www.fiscalia.gov.co\/colombia\/\"},{\"@type\":\"ListItem\",\"position\":2,\"name\":\"Privados de la libertad cinco hombres y una mujer por abuso sexual de menores de edad\u00a0\u00a0\"}]},{\"@type\":\"WebSite\",\"@id\":\"https:\/\/www.fiscalia.gov.co\/colombia\/#website\",\"url\":\"https:\/\/www.fiscalia.gov.co\/colombia\/\",\"name\":\"Fiscal\u00eda General de la Naci\u00f3n\",\"description\":\"P\u00e1gina oficial de la Fiscal\u00eda General de la Naci\u00f3n \u2013 Colombia. Garantizamos el acceso efectivo a la justicia, la verdad y la reparaci\u00f3n de las v\u00edctimas de los delitos.\",\"publisher\":{\"@id\":\"https:\/\/www.fiscalia.gov.co\/colombia\/#organization\"},\"potentialAction\":[{\"@type\":\"SearchAction\",\"target\":{\"@type\":\"EntryPoint\",\"urlTemplate\":\"https:\/\/www.fiscalia.gov.co\/colombia\/?s={search_term_string}\"},\"query-input\":{\"@type\":\"PropertyValueSpecification\",\"valueRequired\":true,\"valueName\":\"search_term_string\"}}],\"inLanguage\":\"es-CO\"},{\"@type\":\"Organization\",\"@id\":\"https:\/\/www.fiscalia.gov.co\/colombia\/#organization\",\"name\":\"Fiscal\u00eda General de la Naci\u00f3n\",\"url\":\"https:\/\/www.fiscalia.gov.co\/colombia\/\",\"logo\":{\"@type\":\"ImageObject\",\"inLanguage\":\"es-CO\",\"@id\":\"https:\/\/www.fiscalia.gov.co\/colombia\/#\/schema\/logo\/image\/\",\"url\":\"https:\/\/www.fiscalia.gov.co\/colombia\/wp-content\/uploads\/LogoHorizontal_1.jpg\",\"contentUrl\":\"https:\/\/www.fiscalia.gov.co\/colombia\/wp-content\/uploads\/LogoHorizontal_1.jpg\",\"width\":300,\"height\":90,\"caption\":\"Fiscal\u00eda General de la Naci\u00f3n\"},\"image\":{\"@id\":\"https:\/\/www.fiscalia.gov.co\/colombia\/#\/schema\/logo\/image\/\"},\"sameAs\":[\"https:\/\/www.facebook.com\/FiscaliaCol\",\"https:\/\/x.com\/FiscaliaCol\",\"https:\/\/www.instagram.com\/fiscaliacol\",\"https:\/\/www.linkedin.com\/company\/fiscalia-general-de-la-naci-n\/\",\"https:\/\/youtube.com\/@fiscaliageneraldelanacion-4668?si=6nN79nyQICPU5iTh\"]},{\"@type\":\"Person\",\"@id\":\"https:\/\/www.fiscalia.gov.co\/colombia\/#\/schema\/person\/b19b49f26569f91393176a2b3d13a0e5\",\"name\":\"Johanna Black Prieto Pe\u00f1a\",\"image\":{\"@type\":\"ImageObject\",\"inLanguage\":\"es-CO\",\"@id\":\"https:\/\/www.fiscalia.gov.co\/colombia\/#\/schema\/person\/image\/\",\"url\":\"https:\/\/secure.gravatar.com\/avatar\/7f04518e1774335e76d761d76f04003e?s=96&d=mm&r=g\",\"contentUrl\":\"https:\/\/secure.gravatar.com\/avatar\/7f04518e1774335e76d761d76f04003e?s=96&d=mm&r=g\",\"caption\":\"Johanna Black Prieto Pe\u00f1a\"},\"url\":\"https:\/\/www.fiscalia.gov.co\/colombia\/author\/jprieto\/\"}]}<\/script>\n<!-- \/ Yoast SEO plugin. -->","yoast_head_json":{"title":"Fiscal\u00eda General de la Naci\u00f3n","description":"P\u00e1gina oficial de la Fiscal\u00eda General de la Naci\u00f3n \u2013 Colombia. Garantizamos el acceso efectivo a la justicia, la verdad y la reparaci\u00f3n de las v\u00edctimas de los delitos.","robots":{"index":"noindex","follow":"follow"},"og_locale":"es_ES","og_type":"article","og_title":"Fiscal\u00eda General de la Naci\u00f3n","og_description":"P\u00e1gina oficial de la Fiscal\u00eda General de la Naci\u00f3n \u2013 Colombia. Garantizamos el acceso efectivo a la justicia, la verdad y la reparaci\u00f3n de las v\u00edctimas de los delitos.","og_url":"https:\/\/www.fiscalia.gov.co\/colombia\/noticias\/privados-de-la-libertad-cinco-hombres-y-una-mujer-por-abuso-sexual-de-menores-de-edad\/","og_site_name":"Fiscal\u00eda General de la Naci\u00f3n","article_publisher":"https:\/\/www.facebook.com\/FiscaliaCol","article_published_time":"2021-10-19T14:08:08+00:00","article_modified_time":"2021-10-26T21:48:21+00:00","author":"Johanna Black Prieto Pe\u00f1a","twitter_card":"summary_large_image","twitter_creator":"@FiscaliaCol","twitter_site":"@FiscaliaCol","twitter_misc":{"Escrito por":"Johanna Black Prieto Pe\u00f1a","Tiempo de lectura":"2 minutos"},"schema":{"@context":"https:\/\/schema.org","@graph":[{"@type":"Article","@id":"https:\/\/www.fiscalia.gov.co\/colombia\/noticias\/privados-de-la-libertad-cinco-hombres-y-una-mujer-por-abuso-sexual-de-menores-de-edad\/#article","isPartOf":{"@id":"https:\/\/www.fiscalia.gov.co\/colombia\/noticias\/privados-de-la-libertad-cinco-hombres-y-una-mujer-por-abuso-sexual-de-menores-de-edad\/"},"author":{"name":"Johanna Black Prieto Pe\u00f1a","@id":"https:\/\/www.fiscalia.gov.co\/colombia\/#\/schema\/person\/b19b49f26569f91393176a2b3d13a0e5"},"headline":"Privados de la libertad cinco hombres y una mujer por abuso sexual de menores de edad\u00a0\u00a0","datePublished":"2021-10-19T14:08:08+00:00","dateModified":"2021-10-26T21:48:21+00:00","mainEntityOfPage":{"@id":"https:\/\/www.fiscalia.gov.co\/colombia\/noticias\/privados-de-la-libertad-cinco-hombres-y-una-mujer-por-abuso-sexual-de-menores-de-edad\/"},"wordCount":448,"publisher":{"@id":"https:\/\/www.fiscalia.gov.co\/colombia\/#organization"},"keywords":["Abuso sexual","Dosquebradas","Menor de edad","Pereira","Quind\u00edo","Santa Rosa de Cabal"],"articleSection":["Noticias","Seccional Pereira","Seccionales"],"inLanguage":"es-CO"},{"@type":"WebPage","@id":"https:\/\/www.fiscalia.gov.co\/colombia\/noticias\/privados-de-la-libertad-cinco-hombres-y-una-mujer-por-abuso-sexual-de-menores-de-edad\/","url":"https:\/\/www.fiscalia.gov.co\/colombia\/noticias\/privados-de-la-libertad-cinco-hombres-y-una-mujer-por-abuso-sexual-de-menores-de-edad\/","name":"Fiscal\u00eda General de la Naci\u00f3n","isPartOf":{"@id":"https:\/\/www.fiscalia.gov.co\/colombia\/#website"},"datePublished":"2021-10-19T14:08:08+00:00","dateModified":"2021-10-26T21:48:21+00:00","description":"P\u00e1gina oficial de la Fiscal\u00eda General de la Naci\u00f3n \u2013 Colombia. Garantizamos el acceso efectivo a la justicia, la verdad y la reparaci\u00f3n de las v\u00edctimas de los delitos.","breadcrumb":{"@id":"https:\/\/www.fiscalia.gov.co\/colombia\/noticias\/privados-de-la-libertad-cinco-hombres-y-una-mujer-por-abuso-sexual-de-menores-de-edad\/#breadcrumb"},"inLanguage":"es-CO","potentialAction":[{"@type":"ReadAction","target":["https:\/\/www.fiscalia.gov.co\/colombia\/noticias\/privados-de-la-libertad-cinco-hombres-y-una-mujer-por-abuso-sexual-de-menores-de-edad\/"]}]},{"@type":"BreadcrumbList","@id":"https:\/\/www.fiscalia.gov.co\/colombia\/noticias\/privados-de-la-libertad-cinco-hombres-y-una-mujer-por-abuso-sexual-de-menores-de-edad\/#breadcrumb","itemListElement":[{"@type":"ListItem","position":1,"name":"Home","item":"https:\/\/www.fiscalia.gov.co\/colombia\/"},{"@type":"ListItem","position":2,"name":"Privados de la libertad cinco hombres y una mujer por abuso sexual de menores de edad\u00a0\u00a0"}]},{"@type":"WebSite","@id":"https:\/\/www.fiscalia.gov.co\/colombia\/#website","url":"https:\/\/www.fiscalia.gov.co\/colombia\/","name":"Fiscal\u00eda General de la Naci\u00f3n","description":"P\u00e1gina oficial de la Fiscal\u00eda General de la Naci\u00f3n \u2013 Colombia. Garantizamos el acceso efectivo a la justicia, la verdad y la reparaci\u00f3n de las v\u00edctimas de los delitos.","publisher":{"@id":"https:\/\/www.fiscalia.gov.co\/colombia\/#organization"},"potentialAction":[{"@type":"SearchAction","target":{"@type":"EntryPoint","urlTemplate":"https:\/\/www.fiscalia.gov.co\/colombia\/?s={search_term_string}"},"query-input":{"@type":"PropertyValueSpecification","valueRequired":true,"valueName":"search_term_string"}}],"inLanguage":"es-CO"},{"@type":"Organization","@id":"https:\/\/www.fiscalia.gov.co\/colombia\/#organization","name":"Fiscal\u00eda General de la Naci\u00f3n","url":"https:\/\/www.fiscalia.gov.co\/colombia\/","logo":{"@type":"ImageObject","inLanguage":"es-CO","@id":"https:\/\/www.fiscalia.gov.co\/colombia\/#\/schema\/logo\/image\/","url":"https:\/\/www.fiscalia.gov.co\/colombia\/wp-content\/uploads\/LogoHorizontal_1.jpg","contentUrl":"https:\/\/www.fiscalia.gov.co\/colombia\/wp-content\/uploads\/LogoHorizontal_1.jpg","width":300,"height":90,"caption":"Fiscal\u00eda General de la Naci\u00f3n"},"image":{"@id":"https:\/\/www.fiscalia.gov.co\/colombia\/#\/schema\/logo\/image\/"},"sameAs":["https:\/\/www.facebook.com\/FiscaliaCol","https:\/\/x.com\/FiscaliaCol","https:\/\/www.instagram.com\/fiscaliacol","https:\/\/www.linkedin.com\/company\/fiscalia-general-de-la-naci-n\/","https:\/\/youtube.com\/@fiscaliageneraldelanacion-4668?si=6nN79nyQICPU5iTh"]},{"@type":"Person","@id":"https:\/\/www.fiscalia.gov.co\/colombia\/#\/schema\/person\/b19b49f26569f91393176a2b3d13a0e5","name":"Johanna Black Prieto Pe\u00f1a","image":{"@type":"ImageObject","inLanguage":"es-CO","@id":"https:\/\/www.fiscalia.gov.co\/colombia\/#\/schema\/person\/image\/","url":"https:\/\/secure.gravatar.com\/avatar\/7f04518e1774335e76d761d76f04003e?s=96&d=mm&r=g","contentUrl":"https:\/\/secure.gravatar.com\/avatar\/7f04518e1774335e76d761d76f04003e?s=96&d=mm&r=g","caption":"Johanna Black Prieto Pe\u00f1a"},"url":"https:\/\/www.fiscalia.gov.co\/colombia\/author\/jprieto\/"}]}},"_links":{"self":[{"href":"https:\/\/www.fiscalia.gov.co\/colombia\/wp-json\/wp\/v2\/posts\/232466","targetHints":{"allow":["GET"]}}],"collection":[{"href":"https:\/\/www.fiscalia.gov.co\/colombia\/wp-json\/wp\/v2\/posts"}],"about":[{"href":"https:\/\/www.fiscalia.gov.co\/colombia\/wp-json\/wp\/v2\/types\/post"}],"author":[{"embeddable":true,"href":"https:\/\/www.fiscalia.gov.co\/colombia\/wp-json\/wp\/v2\/users\/176"}],"replies":[{"embeddable":true,"href":"https:\/\/www.fiscalia.gov.co\/colombia\/wp-json\/wp\/v2\/comments?post=232466"}],"version-history":[{"count":2,"href":"https:\/\/www.fiscalia.gov.co\/colombia\/wp-json\/wp\/v2\/posts\/232466\/revisions"}],"predecessor-version":[{"id":233131,"href":"https:\/\/www.fiscalia.gov.co\/colombia\/wp-json\/wp\/v2\/posts\/232466\/revisions\/233131"}],"wp:attachment":[{"href":"https:\/\/www.fiscalia.gov.co\/colombia\/wp-json\/wp\/v2\/media?parent=232466"}],"wp:term":[{"taxonomy":"category","embeddable":true,"href":"https:\/\/www.fiscalia.gov.co\/colombia\/wp-json\/wp\/v2\/categories?post=232466"},{"taxonomy":"post_tag","embeddable":true,"href":"https:\/\/www.fiscalia.gov.co\/colombia\/wp-json\/wp\/v2\/tags?post=232466"}],"curies":[{"name":"wp","href":"https:\/\/api.w.org\/{rel}","templated":true}]}}