{"id":232395,"date":"2021-10-16T10:59:19","date_gmt":"2021-10-16T15:59:19","guid":{"rendered":"https:\/\/www.fiscalia.gov.co\/colombia\/?p=232395"},"modified":"2021-10-22T18:18:52","modified_gmt":"2021-10-22T23:18:52","slug":"carcel-para-un-hombre-que-habria-asesinado-a-su-companera-sentimental-embarazada-en-sandona-narino","status":"publish","type":"post","link":"https:\/\/www.fiscalia.gov.co\/colombia\/noticias\/carcel-para-un-hombre-que-habria-asesinado-a-su-companera-sentimental-embarazada-en-sandona-narino\/","title":{"rendered":"C\u00e1rcel para un hombre que habr\u00eda asesinado a su compa\u00f1era sentimental embarazada en Sandon\u00e1 (Nari\u00f1o)\u00a0"},"content":{"rendered":"<h5><em>El presunto agresor supuestamente trat\u00f3 de hacer parecer el crimen como un suicidio.<\/em><em>\u00a0\u00a0<\/em><\/h5>\n<p>Leandro Edixon Pinchao Tarapues fue privado de la libertad con medida de aseguramiento en establecimiento carcelario por un juez promiscuo de control de garant\u00edas de Sandon\u00e1 (Nari\u00f1o), luego de que la Fiscal\u00eda le imput\u00f3 cargos como presunto autor material del delito de <a href=\"https:\/\/www.fiscalia.gov.co\/colombia\/seccionales\/fiscalia-obtuvo-condenas-por-feminicidio-agravado-y-violencia-intrafamiliar-en-cali\/\">feminicidio agravado<\/a>.<\/p>\n<p><img loading=\"lazy\" decoding=\"async\" class=\"wp-image-232397 size-medium alignleft\" src=\"https:\/\/www.fiscalia.gov.co\/colombia\/wp-content\/uploads\/Hombre-que-habri\u0301a-asesinado-a-su-companera-sentimental--225x300.jpeg\" alt=\"\" width=\"225\" height=\"300\" srcset=\"https:\/\/www.fiscalia.gov.co\/colombia\/wp-content\/uploads\/Hombre-que-habri\u0301a-asesinado-a-su-companera-sentimental--225x300.jpeg 225w, https:\/\/www.fiscalia.gov.co\/colombia\/wp-content\/uploads\/Hombre-que-habri\u0301a-asesinado-a-su-companera-sentimental--768x1024.jpeg 768w, https:\/\/www.fiscalia.gov.co\/colombia\/wp-content\/uploads\/Hombre-que-habri\u0301a-asesinado-a-su-companera-sentimental--696x928.jpeg 696w, https:\/\/www.fiscalia.gov.co\/colombia\/wp-content\/uploads\/Hombre-que-habri\u0301a-asesinado-a-su-companera-sentimental--315x420.jpeg 315w, https:\/\/www.fiscalia.gov.co\/colombia\/wp-content\/uploads\/Hombre-que-habri\u0301a-asesinado-a-su-companera-sentimental-.jpeg 960w\" sizes=\"auto, (max-width: 225px) 100vw, 225px\" \/><\/p>\n<p>La investigaci\u00f3n se relaciona con los hechos ocurridos el 27 de agosto de 2020, en la\u00a0vereda Santa B\u00e1rbara, zona rural de esa poblaci\u00f3n nari\u00f1ense.<\/p>\n<p>Ese d\u00eda, las autoridades acudieron al llamado de los habitantes de la zona, quienes reportaron el hallazgo del cuerpo sin vida de una mujer de 24 a\u00f1os, compa\u00f1era sentimental del asegurado, quien se encontraba en estado de embarazo.<\/p>\n<p>Durante la inspecci\u00f3n t\u00e9cnica preliminar al cad\u00e1ver, los peritos forenses establecieron que la v\u00edctima registraba heridas provocadas con <a href=\"https:\/\/www.fiscalia.gov.co\/colombia\/noticias\/privado-de-la-libertad-un-hombre-que-habria-asesinado-a-su-companera-sentimental-con-un-arma-cortopunzante\/\">arma cortopunzante<\/a>\u00a0en el cuello, en las mu\u00f1ecas de ambas manos, las cuales le causaron la muerte.<\/p>\n<p>De acuerdo con las indagaciones de la Fiscal\u00eda, entrevistas recopiladas y el material probatorio recabado en la escena del crimen, Pinchao Tarapues habr\u00eda sido el agresor de la mujer y, con las heridas producidas en las mu\u00f1ecas de la v\u00edctima, al parecer pretend\u00eda inducir a los investigadores a establecer que se trataba de un suicidio. Los forenses encontraron un bistur\u00ed muy cerca de cuerpo de la joven.<\/p>\n<p>Inicialmente, el acto de tergiversar la escena del crimen\u00a0indujo al error a la Polic\u00eda Judicial\u00a0y al m\u00e9dico rural que practic\u00f3 la\u00a0autopsia, que en ese momento concordaron en que habr\u00eda sido un suicidio. Sin embargo, pruebas posteriores recaudadas permitieron demostrar la incompatibilidad con un evento suicida, como la herida en el cuello que registr\u00f3 la mujer, el hallazgo de su tel\u00e9fono celular y las llaves de su casa en poder del presunto agresor; asimismo la pr\u00e1ctica de una segunda autopsia por parte de Medicina Legal, y la obtenci\u00f3n de muestras biol\u00f3gicas de Pinchao Tarapues y su cotejo gen\u00e9tico con la evidencia encontrada en el cuerpo de la v\u00edctima.<\/p>\n<p>El pasado 13 de octubre servidores del Cuerpo T\u00e9cnico de Investigaci\u00f3n (CTI), capturaron al posible implicado en v\u00eda p\u00fablica, cerca del hospital Clarita Santos, donde le fue notificada la orden emitida por el juez promiscuo el 20 de agosto de 2021.<\/p>\n<p>Durante las audiencias concentradas, el hombre no se allan\u00f3 a los cargos imputados por el ente investigador.<\/p>\n<p><strong>La Fiscal\u00eda General de la Naci\u00f3n habla con resultados<\/strong><\/p>\n<p><strong>\u00a0<\/strong>JGPV\/LV\/DLBM\/MRC.<\/p>\n\n<div class=\"twitter-share\"><a href=\"https:\/\/twitter.com\/intent\/tweet?via=fiscaliacol\" class=\"twitter-share-button\">Tweet<\/a><\/div>\n","protected":false},"excerpt":{"rendered":"<p>El presunto agresor supuestamente trat\u00f3 de hacer parecer el crimen como un suicidio.\u00a0\u00a0 Leandro Edixon Pinchao Tarapues fue privado de la libertad con medida de aseguramiento en establecimiento carcelario por [&hellip;]<\/p>\n","protected":false},"author":176,"featured_media":232873,"comment_status":"closed","ping_status":"open","sticky":false,"template":"","format":"video","meta":{"tdm_status":"","tdm_grid_status":"","footnotes":""},"categories":[24174,1,334],"tags":[24188,24305,29126,25846],"class_list":["post-232395","post","type-post","status-publish","format-video","has-post-thumbnail","category-hay-justicia","category-noticias","category-seccional-pasto","tag-fiscal-francisco-barbosa","tag-fiscal-general-francisco-barbosa","tag-justicia-y-reparacion","tag-verdad","post_format-post-format-video"],"yoast_head":"<!-- This site is optimized with the Yoast SEO plugin v24.3 - https:\/\/yoast.com\/wordpress\/plugins\/seo\/ -->\n<title>Fiscal\u00eda General de la Naci\u00f3n<\/title>\n<meta name=\"description\" content=\"P\u00e1gina oficial de la Fiscal\u00eda General de la Naci\u00f3n \u2013 Colombia. Garantizamos el acceso efectivo a la justicia, la verdad y la reparaci\u00f3n de las v\u00edctimas de los delitos.\" \/>\n<meta name=\"robots\" content=\"noindex, follow\" \/>\n<meta property=\"og:locale\" content=\"es_ES\" \/>\n<meta property=\"og:type\" content=\"article\" \/>\n<meta property=\"og:title\" content=\"Fiscal\u00eda General de la Naci\u00f3n\" \/>\n<meta property=\"og:description\" content=\"P\u00e1gina oficial de la Fiscal\u00eda General de la Naci\u00f3n \u2013 Colombia. Garantizamos el acceso efectivo a la justicia, la verdad y la reparaci\u00f3n de las v\u00edctimas de los delitos.\" \/>\n<meta property=\"og:url\" content=\"https:\/\/www.fiscalia.gov.co\/colombia\/noticias\/carcel-para-un-hombre-que-habria-asesinado-a-su-companera-sentimental-embarazada-en-sandona-narino\/\" \/>\n<meta property=\"og:site_name\" content=\"Fiscal\u00eda General de la Naci\u00f3n\" \/>\n<meta property=\"article:publisher\" content=\"https:\/\/www.facebook.com\/FiscaliaCol\" \/>\n<meta property=\"article:published_time\" content=\"2021-10-16T15:59:19+00:00\" \/>\n<meta property=\"article:modified_time\" content=\"2021-10-22T23:18:52+00:00\" \/>\n<meta property=\"og:image\" content=\"https:\/\/www.fiscalia.gov.co\/colombia\/wp-content\/uploads\/maxresdefault-107.jpg\" \/>\n\t<meta property=\"og:image:width\" content=\"1280\" \/>\n\t<meta property=\"og:image:height\" content=\"720\" \/>\n\t<meta property=\"og:image:type\" content=\"image\/jpeg\" \/>\n<meta name=\"author\" content=\"Johanna Black Prieto Pe\u00f1a\" \/>\n<meta name=\"twitter:card\" content=\"summary_large_image\" \/>\n<meta name=\"twitter:creator\" content=\"@FiscaliaCol\" \/>\n<meta name=\"twitter:site\" content=\"@FiscaliaCol\" \/>\n<meta name=\"twitter:label1\" content=\"Escrito por\" \/>\n\t<meta name=\"twitter:data1\" content=\"Johanna Black Prieto Pe\u00f1a\" \/>\n\t<meta name=\"twitter:label2\" content=\"Tiempo de lectura\" \/>\n\t<meta name=\"twitter:data2\" content=\"2 minutos\" \/>\n<script type=\"application\/ld+json\" class=\"yoast-schema-graph\">{\"@context\":\"https:\/\/schema.org\",\"@graph\":[{\"@type\":\"Article\",\"@id\":\"https:\/\/www.fiscalia.gov.co\/colombia\/noticias\/carcel-para-un-hombre-que-habria-asesinado-a-su-companera-sentimental-embarazada-en-sandona-narino\/#article\",\"isPartOf\":{\"@id\":\"https:\/\/www.fiscalia.gov.co\/colombia\/noticias\/carcel-para-un-hombre-que-habria-asesinado-a-su-companera-sentimental-embarazada-en-sandona-narino\/\"},\"author\":{\"name\":\"Johanna Black Prieto Pe\u00f1a\",\"@id\":\"https:\/\/www.fiscalia.gov.co\/colombia\/#\/schema\/person\/b19b49f26569f91393176a2b3d13a0e5\"},\"headline\":\"C\u00e1rcel para un hombre que habr\u00eda asesinado a su compa\u00f1era sentimental embarazada en Sandon\u00e1 (Nari\u00f1o)\u00a0\",\"datePublished\":\"2021-10-16T15:59:19+00:00\",\"dateModified\":\"2021-10-22T23:18:52+00:00\",\"mainEntityOfPage\":{\"@id\":\"https:\/\/www.fiscalia.gov.co\/colombia\/noticias\/carcel-para-un-hombre-que-habria-asesinado-a-su-companera-sentimental-embarazada-en-sandona-narino\/\"},\"wordCount\":451,\"publisher\":{\"@id\":\"https:\/\/www.fiscalia.gov.co\/colombia\/#organization\"},\"image\":{\"@id\":\"https:\/\/www.fiscalia.gov.co\/colombia\/noticias\/carcel-para-un-hombre-que-habria-asesinado-a-su-companera-sentimental-embarazada-en-sandona-narino\/#primaryimage\"},\"thumbnailUrl\":\"https:\/\/www.fiscalia.gov.co\/colombia\/wp-content\/uploads\/maxresdefault-107.jpg\",\"keywords\":[\"Fiscal Francisco Barbosa\",\"Fiscal General Francisco Barbosa\",\"justicia y reparaci\u00f3n\",\"verdad\"],\"articleSection\":[\"Hay Justicia\",\"Noticias\",\"Seccional Pasto\"],\"inLanguage\":\"es-CO\"},{\"@type\":\"WebPage\",\"@id\":\"https:\/\/www.fiscalia.gov.co\/colombia\/noticias\/carcel-para-un-hombre-que-habria-asesinado-a-su-companera-sentimental-embarazada-en-sandona-narino\/\",\"url\":\"https:\/\/www.fiscalia.gov.co\/colombia\/noticias\/carcel-para-un-hombre-que-habria-asesinado-a-su-companera-sentimental-embarazada-en-sandona-narino\/\",\"name\":\"Fiscal\u00eda General de la Naci\u00f3n\",\"isPartOf\":{\"@id\":\"https:\/\/www.fiscalia.gov.co\/colombia\/#website\"},\"primaryImageOfPage\":{\"@id\":\"https:\/\/www.fiscalia.gov.co\/colombia\/noticias\/carcel-para-un-hombre-que-habria-asesinado-a-su-companera-sentimental-embarazada-en-sandona-narino\/#primaryimage\"},\"image\":{\"@id\":\"https:\/\/www.fiscalia.gov.co\/colombia\/noticias\/carcel-para-un-hombre-que-habria-asesinado-a-su-companera-sentimental-embarazada-en-sandona-narino\/#primaryimage\"},\"thumbnailUrl\":\"https:\/\/www.fiscalia.gov.co\/colombia\/wp-content\/uploads\/maxresdefault-107.jpg\",\"datePublished\":\"2021-10-16T15:59:19+00:00\",\"dateModified\":\"2021-10-22T23:18:52+00:00\",\"description\":\"P\u00e1gina oficial de la Fiscal\u00eda General de la Naci\u00f3n \u2013 Colombia. Garantizamos el acceso efectivo a la justicia, la verdad y la reparaci\u00f3n de las v\u00edctimas de los delitos.\",\"breadcrumb\":{\"@id\":\"https:\/\/www.fiscalia.gov.co\/colombia\/noticias\/carcel-para-un-hombre-que-habria-asesinado-a-su-companera-sentimental-embarazada-en-sandona-narino\/#breadcrumb\"},\"inLanguage\":\"es-CO\",\"potentialAction\":[{\"@type\":\"ReadAction\",\"target\":[\"https:\/\/www.fiscalia.gov.co\/colombia\/noticias\/carcel-para-un-hombre-que-habria-asesinado-a-su-companera-sentimental-embarazada-en-sandona-narino\/\"]}]},{\"@type\":\"ImageObject\",\"inLanguage\":\"es-CO\",\"@id\":\"https:\/\/www.fiscalia.gov.co\/colombia\/noticias\/carcel-para-un-hombre-que-habria-asesinado-a-su-companera-sentimental-embarazada-en-sandona-narino\/#primaryimage\",\"url\":\"https:\/\/www.fiscalia.gov.co\/colombia\/wp-content\/uploads\/maxresdefault-107.jpg\",\"contentUrl\":\"https:\/\/www.fiscalia.gov.co\/colombia\/wp-content\/uploads\/maxresdefault-107.jpg\",\"width\":1280,\"height\":720},{\"@type\":\"BreadcrumbList\",\"@id\":\"https:\/\/www.fiscalia.gov.co\/colombia\/noticias\/carcel-para-un-hombre-que-habria-asesinado-a-su-companera-sentimental-embarazada-en-sandona-narino\/#breadcrumb\",\"itemListElement\":[{\"@type\":\"ListItem\",\"position\":1,\"name\":\"Home\",\"item\":\"https:\/\/www.fiscalia.gov.co\/colombia\/\"},{\"@type\":\"ListItem\",\"position\":2,\"name\":\"C\u00e1rcel para un hombre que habr\u00eda asesinado a su compa\u00f1era sentimental embarazada en Sandon\u00e1 (Nari\u00f1o)\u00a0\"}]},{\"@type\":\"WebSite\",\"@id\":\"https:\/\/www.fiscalia.gov.co\/colombia\/#website\",\"url\":\"https:\/\/www.fiscalia.gov.co\/colombia\/\",\"name\":\"Fiscal\u00eda General de la Naci\u00f3n\",\"description\":\"P\u00e1gina oficial de la Fiscal\u00eda General de la Naci\u00f3n \u2013 Colombia. Garantizamos el acceso efectivo a la justicia, la verdad y la reparaci\u00f3n de las v\u00edctimas de los delitos.\",\"publisher\":{\"@id\":\"https:\/\/www.fiscalia.gov.co\/colombia\/#organization\"},\"potentialAction\":[{\"@type\":\"SearchAction\",\"target\":{\"@type\":\"EntryPoint\",\"urlTemplate\":\"https:\/\/www.fiscalia.gov.co\/colombia\/?s={search_term_string}\"},\"query-input\":{\"@type\":\"PropertyValueSpecification\",\"valueRequired\":true,\"valueName\":\"search_term_string\"}}],\"inLanguage\":\"es-CO\"},{\"@type\":\"Organization\",\"@id\":\"https:\/\/www.fiscalia.gov.co\/colombia\/#organization\",\"name\":\"Fiscal\u00eda General de la Naci\u00f3n\",\"url\":\"https:\/\/www.fiscalia.gov.co\/colombia\/\",\"logo\":{\"@type\":\"ImageObject\",\"inLanguage\":\"es-CO\",\"@id\":\"https:\/\/www.fiscalia.gov.co\/colombia\/#\/schema\/logo\/image\/\",\"url\":\"https:\/\/www.fiscalia.gov.co\/colombia\/wp-content\/uploads\/LogoHorizontal_1.jpg\",\"contentUrl\":\"https:\/\/www.fiscalia.gov.co\/colombia\/wp-content\/uploads\/LogoHorizontal_1.jpg\",\"width\":300,\"height\":90,\"caption\":\"Fiscal\u00eda General de la Naci\u00f3n\"},\"image\":{\"@id\":\"https:\/\/www.fiscalia.gov.co\/colombia\/#\/schema\/logo\/image\/\"},\"sameAs\":[\"https:\/\/www.facebook.com\/FiscaliaCol\",\"https:\/\/x.com\/FiscaliaCol\",\"https:\/\/www.instagram.com\/fiscaliacol\",\"https:\/\/www.linkedin.com\/company\/fiscalia-general-de-la-naci-n\/\",\"https:\/\/youtube.com\/@fiscaliageneraldelanacion-4668?si=6nN79nyQICPU5iTh\"]},{\"@type\":\"Person\",\"@id\":\"https:\/\/www.fiscalia.gov.co\/colombia\/#\/schema\/person\/b19b49f26569f91393176a2b3d13a0e5\",\"name\":\"Johanna Black Prieto Pe\u00f1a\",\"image\":{\"@type\":\"ImageObject\",\"inLanguage\":\"es-CO\",\"@id\":\"https:\/\/www.fiscalia.gov.co\/colombia\/#\/schema\/person\/image\/\",\"url\":\"https:\/\/secure.gravatar.com\/avatar\/7f04518e1774335e76d761d76f04003e?s=96&d=mm&r=g\",\"contentUrl\":\"https:\/\/secure.gravatar.com\/avatar\/7f04518e1774335e76d761d76f04003e?s=96&d=mm&r=g\",\"caption\":\"Johanna Black Prieto Pe\u00f1a\"},\"url\":\"https:\/\/www.fiscalia.gov.co\/colombia\/author\/jprieto\/\"}]}<\/script>\n<!-- \/ Yoast SEO plugin. -->","yoast_head_json":{"title":"Fiscal\u00eda General de la Naci\u00f3n","description":"P\u00e1gina oficial de la Fiscal\u00eda General de la Naci\u00f3n \u2013 Colombia. Garantizamos el acceso efectivo a la justicia, la verdad y la reparaci\u00f3n de las v\u00edctimas de los delitos.","robots":{"index":"noindex","follow":"follow"},"og_locale":"es_ES","og_type":"article","og_title":"Fiscal\u00eda General de la Naci\u00f3n","og_description":"P\u00e1gina oficial de la Fiscal\u00eda General de la Naci\u00f3n \u2013 Colombia. Garantizamos el acceso efectivo a la justicia, la verdad y la reparaci\u00f3n de las v\u00edctimas de los delitos.","og_url":"https:\/\/www.fiscalia.gov.co\/colombia\/noticias\/carcel-para-un-hombre-que-habria-asesinado-a-su-companera-sentimental-embarazada-en-sandona-narino\/","og_site_name":"Fiscal\u00eda General de la Naci\u00f3n","article_publisher":"https:\/\/www.facebook.com\/FiscaliaCol","article_published_time":"2021-10-16T15:59:19+00:00","article_modified_time":"2021-10-22T23:18:52+00:00","og_image":[{"width":1280,"height":720,"url":"https:\/\/www.fiscalia.gov.co\/colombia\/wp-content\/uploads\/maxresdefault-107.jpg","type":"image\/jpeg"}],"author":"Johanna Black Prieto Pe\u00f1a","twitter_card":"summary_large_image","twitter_creator":"@FiscaliaCol","twitter_site":"@FiscaliaCol","twitter_misc":{"Escrito por":"Johanna Black Prieto Pe\u00f1a","Tiempo de lectura":"2 minutos"},"schema":{"@context":"https:\/\/schema.org","@graph":[{"@type":"Article","@id":"https:\/\/www.fiscalia.gov.co\/colombia\/noticias\/carcel-para-un-hombre-que-habria-asesinado-a-su-companera-sentimental-embarazada-en-sandona-narino\/#article","isPartOf":{"@id":"https:\/\/www.fiscalia.gov.co\/colombia\/noticias\/carcel-para-un-hombre-que-habria-asesinado-a-su-companera-sentimental-embarazada-en-sandona-narino\/"},"author":{"name":"Johanna Black Prieto Pe\u00f1a","@id":"https:\/\/www.fiscalia.gov.co\/colombia\/#\/schema\/person\/b19b49f26569f91393176a2b3d13a0e5"},"headline":"C\u00e1rcel para un hombre que habr\u00eda asesinado a su compa\u00f1era sentimental embarazada en Sandon\u00e1 (Nari\u00f1o)\u00a0","datePublished":"2021-10-16T15:59:19+00:00","dateModified":"2021-10-22T23:18:52+00:00","mainEntityOfPage":{"@id":"https:\/\/www.fiscalia.gov.co\/colombia\/noticias\/carcel-para-un-hombre-que-habria-asesinado-a-su-companera-sentimental-embarazada-en-sandona-narino\/"},"wordCount":451,"publisher":{"@id":"https:\/\/www.fiscalia.gov.co\/colombia\/#organization"},"image":{"@id":"https:\/\/www.fiscalia.gov.co\/colombia\/noticias\/carcel-para-un-hombre-que-habria-asesinado-a-su-companera-sentimental-embarazada-en-sandona-narino\/#primaryimage"},"thumbnailUrl":"https:\/\/www.fiscalia.gov.co\/colombia\/wp-content\/uploads\/maxresdefault-107.jpg","keywords":["Fiscal Francisco Barbosa","Fiscal General Francisco Barbosa","justicia y reparaci\u00f3n","verdad"],"articleSection":["Hay Justicia","Noticias","Seccional Pasto"],"inLanguage":"es-CO"},{"@type":"WebPage","@id":"https:\/\/www.fiscalia.gov.co\/colombia\/noticias\/carcel-para-un-hombre-que-habria-asesinado-a-su-companera-sentimental-embarazada-en-sandona-narino\/","url":"https:\/\/www.fiscalia.gov.co\/colombia\/noticias\/carcel-para-un-hombre-que-habria-asesinado-a-su-companera-sentimental-embarazada-en-sandona-narino\/","name":"Fiscal\u00eda General de la Naci\u00f3n","isPartOf":{"@id":"https:\/\/www.fiscalia.gov.co\/colombia\/#website"},"primaryImageOfPage":{"@id":"https:\/\/www.fiscalia.gov.co\/colombia\/noticias\/carcel-para-un-hombre-que-habria-asesinado-a-su-companera-sentimental-embarazada-en-sandona-narino\/#primaryimage"},"image":{"@id":"https:\/\/www.fiscalia.gov.co\/colombia\/noticias\/carcel-para-un-hombre-que-habria-asesinado-a-su-companera-sentimental-embarazada-en-sandona-narino\/#primaryimage"},"thumbnailUrl":"https:\/\/www.fiscalia.gov.co\/colombia\/wp-content\/uploads\/maxresdefault-107.jpg","datePublished":"2021-10-16T15:59:19+00:00","dateModified":"2021-10-22T23:18:52+00:00","description":"P\u00e1gina oficial de la Fiscal\u00eda General de la Naci\u00f3n \u2013 Colombia. Garantizamos el acceso efectivo a la justicia, la verdad y la reparaci\u00f3n de las v\u00edctimas de los delitos.","breadcrumb":{"@id":"https:\/\/www.fiscalia.gov.co\/colombia\/noticias\/carcel-para-un-hombre-que-habria-asesinado-a-su-companera-sentimental-embarazada-en-sandona-narino\/#breadcrumb"},"inLanguage":"es-CO","potentialAction":[{"@type":"ReadAction","target":["https:\/\/www.fiscalia.gov.co\/colombia\/noticias\/carcel-para-un-hombre-que-habria-asesinado-a-su-companera-sentimental-embarazada-en-sandona-narino\/"]}]},{"@type":"ImageObject","inLanguage":"es-CO","@id":"https:\/\/www.fiscalia.gov.co\/colombia\/noticias\/carcel-para-un-hombre-que-habria-asesinado-a-su-companera-sentimental-embarazada-en-sandona-narino\/#primaryimage","url":"https:\/\/www.fiscalia.gov.co\/colombia\/wp-content\/uploads\/maxresdefault-107.jpg","contentUrl":"https:\/\/www.fiscalia.gov.co\/colombia\/wp-content\/uploads\/maxresdefault-107.jpg","width":1280,"height":720},{"@type":"BreadcrumbList","@id":"https:\/\/www.fiscalia.gov.co\/colombia\/noticias\/carcel-para-un-hombre-que-habria-asesinado-a-su-companera-sentimental-embarazada-en-sandona-narino\/#breadcrumb","itemListElement":[{"@type":"ListItem","position":1,"name":"Home","item":"https:\/\/www.fiscalia.gov.co\/colombia\/"},{"@type":"ListItem","position":2,"name":"C\u00e1rcel para un hombre que habr\u00eda asesinado a su compa\u00f1era sentimental embarazada en Sandon\u00e1 (Nari\u00f1o)\u00a0"}]},{"@type":"WebSite","@id":"https:\/\/www.fiscalia.gov.co\/colombia\/#website","url":"https:\/\/www.fiscalia.gov.co\/colombia\/","name":"Fiscal\u00eda General de la Naci\u00f3n","description":"P\u00e1gina oficial de la Fiscal\u00eda General de la Naci\u00f3n \u2013 Colombia. Garantizamos el acceso efectivo a la justicia, la verdad y la reparaci\u00f3n de las v\u00edctimas de los delitos.","publisher":{"@id":"https:\/\/www.fiscalia.gov.co\/colombia\/#organization"},"potentialAction":[{"@type":"SearchAction","target":{"@type":"EntryPoint","urlTemplate":"https:\/\/www.fiscalia.gov.co\/colombia\/?s={search_term_string}"},"query-input":{"@type":"PropertyValueSpecification","valueRequired":true,"valueName":"search_term_string"}}],"inLanguage":"es-CO"},{"@type":"Organization","@id":"https:\/\/www.fiscalia.gov.co\/colombia\/#organization","name":"Fiscal\u00eda General de la Naci\u00f3n","url":"https:\/\/www.fiscalia.gov.co\/colombia\/","logo":{"@type":"ImageObject","inLanguage":"es-CO","@id":"https:\/\/www.fiscalia.gov.co\/colombia\/#\/schema\/logo\/image\/","url":"https:\/\/www.fiscalia.gov.co\/colombia\/wp-content\/uploads\/LogoHorizontal_1.jpg","contentUrl":"https:\/\/www.fiscalia.gov.co\/colombia\/wp-content\/uploads\/LogoHorizontal_1.jpg","width":300,"height":90,"caption":"Fiscal\u00eda General de la Naci\u00f3n"},"image":{"@id":"https:\/\/www.fiscalia.gov.co\/colombia\/#\/schema\/logo\/image\/"},"sameAs":["https:\/\/www.facebook.com\/FiscaliaCol","https:\/\/x.com\/FiscaliaCol","https:\/\/www.instagram.com\/fiscaliacol","https:\/\/www.linkedin.com\/company\/fiscalia-general-de-la-naci-n\/","https:\/\/youtube.com\/@fiscaliageneraldelanacion-4668?si=6nN79nyQICPU5iTh"]},{"@type":"Person","@id":"https:\/\/www.fiscalia.gov.co\/colombia\/#\/schema\/person\/b19b49f26569f91393176a2b3d13a0e5","name":"Johanna Black Prieto Pe\u00f1a","image":{"@type":"ImageObject","inLanguage":"es-CO","@id":"https:\/\/www.fiscalia.gov.co\/colombia\/#\/schema\/person\/image\/","url":"https:\/\/secure.gravatar.com\/avatar\/7f04518e1774335e76d761d76f04003e?s=96&d=mm&r=g","contentUrl":"https:\/\/secure.gravatar.com\/avatar\/7f04518e1774335e76d761d76f04003e?s=96&d=mm&r=g","caption":"Johanna Black Prieto Pe\u00f1a"},"url":"https:\/\/www.fiscalia.gov.co\/colombia\/author\/jprieto\/"}]}},"_links":{"self":[{"href":"https:\/\/www.fiscalia.gov.co\/colombia\/wp-json\/wp\/v2\/posts\/232395","targetHints":{"allow":["GET"]}}],"collection":[{"href":"https:\/\/www.fiscalia.gov.co\/colombia\/wp-json\/wp\/v2\/posts"}],"about":[{"href":"https:\/\/www.fiscalia.gov.co\/colombia\/wp-json\/wp\/v2\/types\/post"}],"author":[{"embeddable":true,"href":"https:\/\/www.fiscalia.gov.co\/colombia\/wp-json\/wp\/v2\/users\/176"}],"replies":[{"embeddable":true,"href":"https:\/\/www.fiscalia.gov.co\/colombia\/wp-json\/wp\/v2\/comments?post=232395"}],"version-history":[{"count":2,"href":"https:\/\/www.fiscalia.gov.co\/colombia\/wp-json\/wp\/v2\/posts\/232395\/revisions"}],"predecessor-version":[{"id":232399,"href":"https:\/\/www.fiscalia.gov.co\/colombia\/wp-json\/wp\/v2\/posts\/232395\/revisions\/232399"}],"wp:featuredmedia":[{"embeddable":true,"href":"https:\/\/www.fiscalia.gov.co\/colombia\/wp-json\/wp\/v2\/media\/232873"}],"wp:attachment":[{"href":"https:\/\/www.fiscalia.gov.co\/colombia\/wp-json\/wp\/v2\/media?parent=232395"}],"wp:term":[{"taxonomy":"category","embeddable":true,"href":"https:\/\/www.fiscalia.gov.co\/colombia\/wp-json\/wp\/v2\/categories?post=232395"},{"taxonomy":"post_tag","embeddable":true,"href":"https:\/\/www.fiscalia.gov.co\/colombia\/wp-json\/wp\/v2\/tags?post=232395"}],"curies":[{"name":"wp","href":"https:\/\/api.w.org\/{rel}","templated":true}]}}