{"id":232128,"date":"2021-10-13T09:46:58","date_gmt":"2021-10-13T14:46:58","guid":{"rendered":"https:\/\/www.fiscalia.gov.co\/colombia\/?p=232128"},"modified":"2021-10-13T09:46:58","modified_gmt":"2021-10-13T14:46:58","slug":"dos-personas-judicializadas-y-65-kilos-de-clorhidrato-de-cocaina-incautados-en-carreteras-de-caldas","status":"publish","type":"post","link":"https:\/\/www.fiscalia.gov.co\/colombia\/noticias\/dos-personas-judicializadas-y-65-kilos-de-clorhidrato-de-cocaina-incautados-en-carreteras-de-caldas\/","title":{"rendered":"Dos personas judicializadas y 65 kilos de clorhidrato de coca\u00edna incautados, en carreteras de Caldas"},"content":{"rendered":"<p style=\"font-weight: 400;\">En hechos aislados, C<strong>arlos Alberto Mar\u00edn Osorio y Carlos Alfredo Vargas Toro<\/strong>\u00a0fueron capturados en flagrancia transportando por v\u00edas de Caldas\u00a0<strong>65 kilos de clorhidrato de coca\u00edna<\/strong>.<\/p>\n<p><img loading=\"lazy\" decoding=\"async\" class=\"aligncenter size-full wp-image-232129\" src=\"https:\/\/www.fiscalia.gov.co\/colombia\/wp-content\/uploads\/WhatsApp-Image-2021-10-12-at-9.22.10-AM.jpeg\" alt=\"\" width=\"1280\" height=\"960\" srcset=\"https:\/\/www.fiscalia.gov.co\/colombia\/wp-content\/uploads\/WhatsApp-Image-2021-10-12-at-9.22.10-AM.jpeg 1280w, https:\/\/www.fiscalia.gov.co\/colombia\/wp-content\/uploads\/WhatsApp-Image-2021-10-12-at-9.22.10-AM-300x225.jpeg 300w, https:\/\/www.fiscalia.gov.co\/colombia\/wp-content\/uploads\/WhatsApp-Image-2021-10-12-at-9.22.10-AM-1024x768.jpeg 1024w, https:\/\/www.fiscalia.gov.co\/colombia\/wp-content\/uploads\/WhatsApp-Image-2021-10-12-at-9.22.10-AM-768x576.jpeg 768w, https:\/\/www.fiscalia.gov.co\/colombia\/wp-content\/uploads\/WhatsApp-Image-2021-10-12-at-9.22.10-AM-696x522.jpeg 696w, https:\/\/www.fiscalia.gov.co\/colombia\/wp-content\/uploads\/WhatsApp-Image-2021-10-12-at-9.22.10-AM-1068x801.jpeg 1068w, https:\/\/www.fiscalia.gov.co\/colombia\/wp-content\/uploads\/WhatsApp-Image-2021-10-12-at-9.22.10-AM-560x420.jpeg 560w, https:\/\/www.fiscalia.gov.co\/colombia\/wp-content\/uploads\/WhatsApp-Image-2021-10-12-at-9.22.10-AM-80x60.jpeg 80w, https:\/\/www.fiscalia.gov.co\/colombia\/wp-content\/uploads\/WhatsApp-Image-2021-10-12-at-9.22.10-AM-265x198.jpeg 265w\" sizes=\"auto, (max-width: 1280px) 100vw, 1280px\" \/><\/p>\n<p style=\"font-weight: 400;\">Una fiscal de la\u00a0<strong>Direcci\u00f3n Especializada contra Narcotr\u00e1fico (Decn)<\/strong>\u00a0los judicializ\u00f3 y un juez los cobij\u00f3 con medida de aseguramiento intramuros por el delito de\u00a0<strong>tr\u00e1fico de estupefacientes agravado<\/strong>.<\/p>\n<p style=\"font-weight: 400;\">Uno de los hechos se registr\u00f3 en el\u00a0<strong>sector de La Manuela, en la v\u00eda que comunica a Chinchin\u00e1 con Manizales<\/strong>. Polic\u00eda de Carreteras de Caldas que se encontraba en labores de patrullaje requis\u00f3 un veh\u00edculo, conducido por Mar\u00edn Osorio. En la requisa se percataron que en el plat\u00f3n faltaban algunos tornillos y hab\u00eda indicios de pintura reciente. Por esta raz\u00f3n decidieron perforarlo con una broca, la cual sali\u00f3 impregnada con una sustancia blanca, lo que les permiti\u00f3 descubrir en un compartimiento 35 paquetes con\u00a0<strong>clorhidrato de coca\u00edna.<\/strong><strong>\u00a0<\/strong><\/p>\n<p style=\"font-weight: 400;\">El otro caso se registr\u00f3 en el sector Hojas Anchas, en la v\u00eda que de\u00a0<strong>Sup\u00eda conduce a Caramanta (Antioquia)<\/strong>. Seg\u00fan lo que dio a conocer en las diligencias el ente acusador, polic\u00edas de carreteras le pidieron a los tres tripulantes de un veh\u00edculo de placas NCQ537, dos mujeres y un hombre, bajarse para una requisa.<\/p>\n<p style=\"font-weight: 400;\">Al parecer el conductor, antes de que revisaran el carro, les habr\u00eda hecho un ofrecimiento econ\u00f3mico a los uniformados asegur\u00e1ndoles que transportaba marihuana. No obstante, los polic\u00edas los condujeron hasta las instalaciones de la estaci\u00f3n y al requisar el auto encontraron en el piso modificado del mismo 30,5 kilos de clorhidrato de coca\u00edna.<\/p>\n<p style=\"font-weight: 400;\">El conductor declar\u00f3 que el alijo era de su propiedad y que sus acompa\u00f1antes no ten\u00edan conocimiento de lo que transportaba en su veh\u00edculo, por los cual fueron dejadas en libertad.<\/p>\n<p style=\"font-weight: 400;\">Ambos veh\u00edculos fueron incautados.<\/p>\n<p style=\"font-weight: 400;\">La\u00a0<strong>Fiscal\u00eda General de la Naci\u00f3n<\/strong>\u00a0habla con resultados.<\/p>\n<p style=\"font-weight: 400;\">JLM\/CFG\/MMY<\/p>\n<p>&nbsp;<\/p>\n<p><strong>Tambi\u00e9n le puede interesar:<\/strong><\/p>\n<p><a href=\"https:\/\/www.fiscalia.gov.co\/colombia\/noticias\/la-fiscalia-incauto-tres-cargamentos-de-estupefacientes-y-capturo-a-una-persona-por-estos-hechos-en-caldas\/\" data-saferedirecturl=\"https:\/\/www.google.com\/url?q=https:\/\/www.fiscalia.gov.co\/colombia\/noticias\/la-fiscalia-incauto-tres-cargamentos-de-estupefacientes-y-capturo-a-una-persona-por-estos-hechos-en-caldas\/&amp;source=gmail&amp;ust=1634216461572000&amp;usg=AFQjCNEdJoybIH7jA85PJwVGsftoodBysQ\">La Fiscal\u00eda incaut\u00f3 tres cargamentos de estupefacientes y captur\u00f3 a una persona por estos hechos en Caldas<\/a><\/p>\n\n<div class=\"twitter-share\"><a href=\"https:\/\/twitter.com\/intent\/tweet?via=fiscaliacol\" class=\"twitter-share-button\">Tweet<\/a><\/div>\n","protected":false},"excerpt":{"rendered":"<p>En hechos aislados, Carlos Alberto Mar\u00edn Osorio y Carlos Alfredo Vargas Toro\u00a0fueron capturados en flagrancia transportando por v\u00edas de Caldas\u00a065 kilos de clorhidrato de coca\u00edna. Una fiscal de la\u00a0Direcci\u00f3n Especializada [&hellip;]<\/p>\n","protected":false},"author":175,"featured_media":0,"comment_status":"closed","ping_status":"open","sticky":false,"template":"","format":"standard","meta":{"tdm_status":"","tdm_grid_status":"","footnotes":""},"categories":[24115,1],"tags":[29094,10645,29092,7861,28905,1047,29097,29095,29098,12329,29096,29093],"class_list":["post-232128","post","type-post","status-publish","format-standard","category-narcotrafico","category-noticias","tag-65-kilos-de","tag-antioquia","tag-carlos-alberto-marin-osorio","tag-clorhidrato-de-cocaina","tag-direccion-especializada-contra-narcotrafico-decn","tag-fiscalia-general-de-la-nacion","tag-santa-rosa-de-cabal-risaralda-a-medellin","tag-sector-de-la-manuela","tag-supia-conduce-a-caramanta-antioquia","tag-trafico-de-estupefacientes-agravado","tag-via-que-comunica-a-chinchina-con-manizales","tag-y-carlos-alfredo-vargas-toro"],"yoast_head":"<!-- This site is optimized with the Yoast SEO plugin v24.3 - https:\/\/yoast.com\/wordpress\/plugins\/seo\/ -->\n<title>Fiscal\u00eda General de la Naci\u00f3n<\/title>\n<meta name=\"description\" content=\"P\u00e1gina oficial de la Fiscal\u00eda General de la Naci\u00f3n \u2013 Colombia. Garantizamos el acceso efectivo a la justicia, la verdad y la reparaci\u00f3n de las v\u00edctimas de los delitos.\" \/>\n<meta name=\"robots\" content=\"noindex, follow\" \/>\n<meta property=\"og:locale\" content=\"es_ES\" \/>\n<meta property=\"og:type\" content=\"article\" \/>\n<meta property=\"og:title\" content=\"Fiscal\u00eda General de la Naci\u00f3n\" \/>\n<meta property=\"og:description\" content=\"P\u00e1gina oficial de la Fiscal\u00eda General de la Naci\u00f3n \u2013 Colombia. Garantizamos el acceso efectivo a la justicia, la verdad y la reparaci\u00f3n de las v\u00edctimas de los delitos.\" \/>\n<meta property=\"og:url\" content=\"https:\/\/www.fiscalia.gov.co\/colombia\/noticias\/dos-personas-judicializadas-y-65-kilos-de-clorhidrato-de-cocaina-incautados-en-carreteras-de-caldas\/\" \/>\n<meta property=\"og:site_name\" content=\"Fiscal\u00eda General de la Naci\u00f3n\" \/>\n<meta property=\"article:publisher\" content=\"https:\/\/www.facebook.com\/FiscaliaCol\" \/>\n<meta property=\"article:published_time\" content=\"2021-10-13T14:46:58+00:00\" \/>\n<meta property=\"og:image\" content=\"https:\/\/www.fiscalia.gov.co\/colombia\/wp-content\/uploads\/WhatsApp-Image-2021-10-12-at-9.22.10-AM.jpeg\" \/>\n<meta name=\"author\" content=\"Katherine Loaiza Mart\u00ednez\" \/>\n<meta name=\"twitter:card\" content=\"summary_large_image\" \/>\n<meta name=\"twitter:creator\" content=\"@FiscaliaCol\" \/>\n<meta name=\"twitter:site\" content=\"@FiscaliaCol\" \/>\n<meta name=\"twitter:label1\" content=\"Escrito por\" \/>\n\t<meta name=\"twitter:data1\" content=\"Katherine Loaiza Mart\u00ednez\" \/>\n\t<meta name=\"twitter:label2\" content=\"Tiempo de lectura\" \/>\n\t<meta name=\"twitter:data2\" content=\"2 minutos\" \/>\n<script type=\"application\/ld+json\" class=\"yoast-schema-graph\">{\"@context\":\"https:\/\/schema.org\",\"@graph\":[{\"@type\":\"Article\",\"@id\":\"https:\/\/www.fiscalia.gov.co\/colombia\/noticias\/dos-personas-judicializadas-y-65-kilos-de-clorhidrato-de-cocaina-incautados-en-carreteras-de-caldas\/#article\",\"isPartOf\":{\"@id\":\"https:\/\/www.fiscalia.gov.co\/colombia\/noticias\/dos-personas-judicializadas-y-65-kilos-de-clorhidrato-de-cocaina-incautados-en-carreteras-de-caldas\/\"},\"author\":{\"name\":\"Katherine Loaiza Mart\u00ednez\",\"@id\":\"https:\/\/www.fiscalia.gov.co\/colombia\/#\/schema\/person\/2e76b9aba5ecf875ed565ce4de0e0415\"},\"headline\":\"Dos personas judicializadas y 65 kilos de clorhidrato de coca\u00edna incautados, en carreteras de Caldas\",\"datePublished\":\"2021-10-13T14:46:58+00:00\",\"dateModified\":\"2021-10-13T14:46:58+00:00\",\"mainEntityOfPage\":{\"@id\":\"https:\/\/www.fiscalia.gov.co\/colombia\/noticias\/dos-personas-judicializadas-y-65-kilos-de-clorhidrato-de-cocaina-incautados-en-carreteras-de-caldas\/\"},\"wordCount\":367,\"publisher\":{\"@id\":\"https:\/\/www.fiscalia.gov.co\/colombia\/#organization\"},\"image\":{\"@id\":\"https:\/\/www.fiscalia.gov.co\/colombia\/noticias\/dos-personas-judicializadas-y-65-kilos-de-clorhidrato-de-cocaina-incautados-en-carreteras-de-caldas\/#primaryimage\"},\"thumbnailUrl\":\"https:\/\/www.fiscalia.gov.co\/colombia\/wp-content\/uploads\/WhatsApp-Image-2021-10-12-at-9.22.10-AM.jpeg\",\"keywords\":[\"65 kilos de\",\"Antioquia\",\"Carlos Alberto Mar\u00edn Osorio\",\"Clorhidrato de coca\u00edna\",\"Direcci\u00f3n Especializada Contra Narcotr\u00e1fico (Decn)\",\"Fiscal\u00eda General de la Naci\u00f3n\",\"Santa Rosa de Cabal (Risaralda) a Medell\u00edn\",\"sector de la Manuela\",\"Sup\u00eda conduce a Caramanta (Antioquia)\",\"Tr\u00e1fico de estupefacientes agravado\",\"v\u00eda que comunica a Chinchin\u00e1 con Manizales\",\"y Carlos Alfredo Vargas Toro\"],\"articleSection\":[\"Narcotr\u00e1fico\",\"Noticias\"],\"inLanguage\":\"es-CO\"},{\"@type\":\"WebPage\",\"@id\":\"https:\/\/www.fiscalia.gov.co\/colombia\/noticias\/dos-personas-judicializadas-y-65-kilos-de-clorhidrato-de-cocaina-incautados-en-carreteras-de-caldas\/\",\"url\":\"https:\/\/www.fiscalia.gov.co\/colombia\/noticias\/dos-personas-judicializadas-y-65-kilos-de-clorhidrato-de-cocaina-incautados-en-carreteras-de-caldas\/\",\"name\":\"Fiscal\u00eda General de la Naci\u00f3n\",\"isPartOf\":{\"@id\":\"https:\/\/www.fiscalia.gov.co\/colombia\/#website\"},\"primaryImageOfPage\":{\"@id\":\"https:\/\/www.fiscalia.gov.co\/colombia\/noticias\/dos-personas-judicializadas-y-65-kilos-de-clorhidrato-de-cocaina-incautados-en-carreteras-de-caldas\/#primaryimage\"},\"image\":{\"@id\":\"https:\/\/www.fiscalia.gov.co\/colombia\/noticias\/dos-personas-judicializadas-y-65-kilos-de-clorhidrato-de-cocaina-incautados-en-carreteras-de-caldas\/#primaryimage\"},\"thumbnailUrl\":\"https:\/\/www.fiscalia.gov.co\/colombia\/wp-content\/uploads\/WhatsApp-Image-2021-10-12-at-9.22.10-AM.jpeg\",\"datePublished\":\"2021-10-13T14:46:58+00:00\",\"dateModified\":\"2021-10-13T14:46:58+00:00\",\"description\":\"P\u00e1gina oficial de la Fiscal\u00eda General de la Naci\u00f3n \u2013 Colombia. Garantizamos el acceso efectivo a la justicia, la verdad y la reparaci\u00f3n de las v\u00edctimas de los delitos.\",\"breadcrumb\":{\"@id\":\"https:\/\/www.fiscalia.gov.co\/colombia\/noticias\/dos-personas-judicializadas-y-65-kilos-de-clorhidrato-de-cocaina-incautados-en-carreteras-de-caldas\/#breadcrumb\"},\"inLanguage\":\"es-CO\",\"potentialAction\":[{\"@type\":\"ReadAction\",\"target\":[\"https:\/\/www.fiscalia.gov.co\/colombia\/noticias\/dos-personas-judicializadas-y-65-kilos-de-clorhidrato-de-cocaina-incautados-en-carreteras-de-caldas\/\"]}]},{\"@type\":\"ImageObject\",\"inLanguage\":\"es-CO\",\"@id\":\"https:\/\/www.fiscalia.gov.co\/colombia\/noticias\/dos-personas-judicializadas-y-65-kilos-de-clorhidrato-de-cocaina-incautados-en-carreteras-de-caldas\/#primaryimage\",\"url\":\"https:\/\/www.fiscalia.gov.co\/colombia\/wp-content\/uploads\/WhatsApp-Image-2021-10-12-at-9.22.10-AM.jpeg\",\"contentUrl\":\"https:\/\/www.fiscalia.gov.co\/colombia\/wp-content\/uploads\/WhatsApp-Image-2021-10-12-at-9.22.10-AM.jpeg\",\"width\":1280,\"height\":960},{\"@type\":\"BreadcrumbList\",\"@id\":\"https:\/\/www.fiscalia.gov.co\/colombia\/noticias\/dos-personas-judicializadas-y-65-kilos-de-clorhidrato-de-cocaina-incautados-en-carreteras-de-caldas\/#breadcrumb\",\"itemListElement\":[{\"@type\":\"ListItem\",\"position\":1,\"name\":\"Home\",\"item\":\"https:\/\/www.fiscalia.gov.co\/colombia\/\"},{\"@type\":\"ListItem\",\"position\":2,\"name\":\"Dos personas judicializadas y 65 kilos de clorhidrato de coca\u00edna incautados, en carreteras de Caldas\"}]},{\"@type\":\"WebSite\",\"@id\":\"https:\/\/www.fiscalia.gov.co\/colombia\/#website\",\"url\":\"https:\/\/www.fiscalia.gov.co\/colombia\/\",\"name\":\"Fiscal\u00eda General de la Naci\u00f3n\",\"description\":\"P\u00e1gina oficial de la Fiscal\u00eda General de la Naci\u00f3n \u2013 Colombia. Garantizamos el acceso efectivo a la justicia, la verdad y la reparaci\u00f3n de las v\u00edctimas de los delitos.\",\"publisher\":{\"@id\":\"https:\/\/www.fiscalia.gov.co\/colombia\/#organization\"},\"potentialAction\":[{\"@type\":\"SearchAction\",\"target\":{\"@type\":\"EntryPoint\",\"urlTemplate\":\"https:\/\/www.fiscalia.gov.co\/colombia\/?s={search_term_string}\"},\"query-input\":{\"@type\":\"PropertyValueSpecification\",\"valueRequired\":true,\"valueName\":\"search_term_string\"}}],\"inLanguage\":\"es-CO\"},{\"@type\":\"Organization\",\"@id\":\"https:\/\/www.fiscalia.gov.co\/colombia\/#organization\",\"name\":\"Fiscal\u00eda General de la Naci\u00f3n\",\"url\":\"https:\/\/www.fiscalia.gov.co\/colombia\/\",\"logo\":{\"@type\":\"ImageObject\",\"inLanguage\":\"es-CO\",\"@id\":\"https:\/\/www.fiscalia.gov.co\/colombia\/#\/schema\/logo\/image\/\",\"url\":\"https:\/\/www.fiscalia.gov.co\/colombia\/wp-content\/uploads\/LogoHorizontal_1.jpg\",\"contentUrl\":\"https:\/\/www.fiscalia.gov.co\/colombia\/wp-content\/uploads\/LogoHorizontal_1.jpg\",\"width\":300,\"height\":90,\"caption\":\"Fiscal\u00eda General de la Naci\u00f3n\"},\"image\":{\"@id\":\"https:\/\/www.fiscalia.gov.co\/colombia\/#\/schema\/logo\/image\/\"},\"sameAs\":[\"https:\/\/www.facebook.com\/FiscaliaCol\",\"https:\/\/x.com\/FiscaliaCol\",\"https:\/\/www.instagram.com\/fiscaliacol\",\"https:\/\/www.linkedin.com\/company\/fiscalia-general-de-la-naci-n\/\",\"https:\/\/youtube.com\/@fiscaliageneraldelanacion-4668?si=6nN79nyQICPU5iTh\"]},{\"@type\":\"Person\",\"@id\":\"https:\/\/www.fiscalia.gov.co\/colombia\/#\/schema\/person\/2e76b9aba5ecf875ed565ce4de0e0415\",\"name\":\"Katherine Loaiza Mart\u00ednez\",\"image\":{\"@type\":\"ImageObject\",\"inLanguage\":\"es-CO\",\"@id\":\"https:\/\/www.fiscalia.gov.co\/colombia\/#\/schema\/person\/image\/\",\"url\":\"https:\/\/secure.gravatar.com\/avatar\/ab775a2f394c1b83b6d6f78680e57b50?s=96&d=mm&r=g\",\"contentUrl\":\"https:\/\/secure.gravatar.com\/avatar\/ab775a2f394c1b83b6d6f78680e57b50?s=96&d=mm&r=g\",\"caption\":\"Katherine Loaiza Mart\u00ednez\"},\"url\":\"https:\/\/www.fiscalia.gov.co\/colombia\/author\/kloaiza\/\"}]}<\/script>\n<!-- \/ Yoast SEO plugin. -->","yoast_head_json":{"title":"Fiscal\u00eda General de la Naci\u00f3n","description":"P\u00e1gina oficial de la Fiscal\u00eda General de la Naci\u00f3n \u2013 Colombia. Garantizamos el acceso efectivo a la justicia, la verdad y la reparaci\u00f3n de las v\u00edctimas de los delitos.","robots":{"index":"noindex","follow":"follow"},"og_locale":"es_ES","og_type":"article","og_title":"Fiscal\u00eda General de la Naci\u00f3n","og_description":"P\u00e1gina oficial de la Fiscal\u00eda General de la Naci\u00f3n \u2013 Colombia. Garantizamos el acceso efectivo a la justicia, la verdad y la reparaci\u00f3n de las v\u00edctimas de los delitos.","og_url":"https:\/\/www.fiscalia.gov.co\/colombia\/noticias\/dos-personas-judicializadas-y-65-kilos-de-clorhidrato-de-cocaina-incautados-en-carreteras-de-caldas\/","og_site_name":"Fiscal\u00eda General de la Naci\u00f3n","article_publisher":"https:\/\/www.facebook.com\/FiscaliaCol","article_published_time":"2021-10-13T14:46:58+00:00","og_image":[{"url":"https:\/\/www.fiscalia.gov.co\/colombia\/wp-content\/uploads\/WhatsApp-Image-2021-10-12-at-9.22.10-AM.jpeg","type":"","width":"","height":""}],"author":"Katherine Loaiza Mart\u00ednez","twitter_card":"summary_large_image","twitter_creator":"@FiscaliaCol","twitter_site":"@FiscaliaCol","twitter_misc":{"Escrito por":"Katherine Loaiza Mart\u00ednez","Tiempo de lectura":"2 minutos"},"schema":{"@context":"https:\/\/schema.org","@graph":[{"@type":"Article","@id":"https:\/\/www.fiscalia.gov.co\/colombia\/noticias\/dos-personas-judicializadas-y-65-kilos-de-clorhidrato-de-cocaina-incautados-en-carreteras-de-caldas\/#article","isPartOf":{"@id":"https:\/\/www.fiscalia.gov.co\/colombia\/noticias\/dos-personas-judicializadas-y-65-kilos-de-clorhidrato-de-cocaina-incautados-en-carreteras-de-caldas\/"},"author":{"name":"Katherine Loaiza Mart\u00ednez","@id":"https:\/\/www.fiscalia.gov.co\/colombia\/#\/schema\/person\/2e76b9aba5ecf875ed565ce4de0e0415"},"headline":"Dos personas judicializadas y 65 kilos de clorhidrato de coca\u00edna incautados, en carreteras de Caldas","datePublished":"2021-10-13T14:46:58+00:00","dateModified":"2021-10-13T14:46:58+00:00","mainEntityOfPage":{"@id":"https:\/\/www.fiscalia.gov.co\/colombia\/noticias\/dos-personas-judicializadas-y-65-kilos-de-clorhidrato-de-cocaina-incautados-en-carreteras-de-caldas\/"},"wordCount":367,"publisher":{"@id":"https:\/\/www.fiscalia.gov.co\/colombia\/#organization"},"image":{"@id":"https:\/\/www.fiscalia.gov.co\/colombia\/noticias\/dos-personas-judicializadas-y-65-kilos-de-clorhidrato-de-cocaina-incautados-en-carreteras-de-caldas\/#primaryimage"},"thumbnailUrl":"https:\/\/www.fiscalia.gov.co\/colombia\/wp-content\/uploads\/WhatsApp-Image-2021-10-12-at-9.22.10-AM.jpeg","keywords":["65 kilos de","Antioquia","Carlos Alberto Mar\u00edn Osorio","Clorhidrato de coca\u00edna","Direcci\u00f3n Especializada Contra Narcotr\u00e1fico (Decn)","Fiscal\u00eda General de la Naci\u00f3n","Santa Rosa de Cabal (Risaralda) a Medell\u00edn","sector de la Manuela","Sup\u00eda conduce a Caramanta (Antioquia)","Tr\u00e1fico de estupefacientes agravado","v\u00eda que comunica a Chinchin\u00e1 con Manizales","y Carlos Alfredo Vargas Toro"],"articleSection":["Narcotr\u00e1fico","Noticias"],"inLanguage":"es-CO"},{"@type":"WebPage","@id":"https:\/\/www.fiscalia.gov.co\/colombia\/noticias\/dos-personas-judicializadas-y-65-kilos-de-clorhidrato-de-cocaina-incautados-en-carreteras-de-caldas\/","url":"https:\/\/www.fiscalia.gov.co\/colombia\/noticias\/dos-personas-judicializadas-y-65-kilos-de-clorhidrato-de-cocaina-incautados-en-carreteras-de-caldas\/","name":"Fiscal\u00eda General de la Naci\u00f3n","isPartOf":{"@id":"https:\/\/www.fiscalia.gov.co\/colombia\/#website"},"primaryImageOfPage":{"@id":"https:\/\/www.fiscalia.gov.co\/colombia\/noticias\/dos-personas-judicializadas-y-65-kilos-de-clorhidrato-de-cocaina-incautados-en-carreteras-de-caldas\/#primaryimage"},"image":{"@id":"https:\/\/www.fiscalia.gov.co\/colombia\/noticias\/dos-personas-judicializadas-y-65-kilos-de-clorhidrato-de-cocaina-incautados-en-carreteras-de-caldas\/#primaryimage"},"thumbnailUrl":"https:\/\/www.fiscalia.gov.co\/colombia\/wp-content\/uploads\/WhatsApp-Image-2021-10-12-at-9.22.10-AM.jpeg","datePublished":"2021-10-13T14:46:58+00:00","dateModified":"2021-10-13T14:46:58+00:00","description":"P\u00e1gina oficial de la Fiscal\u00eda General de la Naci\u00f3n \u2013 Colombia. Garantizamos el acceso efectivo a la justicia, la verdad y la reparaci\u00f3n de las v\u00edctimas de los delitos.","breadcrumb":{"@id":"https:\/\/www.fiscalia.gov.co\/colombia\/noticias\/dos-personas-judicializadas-y-65-kilos-de-clorhidrato-de-cocaina-incautados-en-carreteras-de-caldas\/#breadcrumb"},"inLanguage":"es-CO","potentialAction":[{"@type":"ReadAction","target":["https:\/\/www.fiscalia.gov.co\/colombia\/noticias\/dos-personas-judicializadas-y-65-kilos-de-clorhidrato-de-cocaina-incautados-en-carreteras-de-caldas\/"]}]},{"@type":"ImageObject","inLanguage":"es-CO","@id":"https:\/\/www.fiscalia.gov.co\/colombia\/noticias\/dos-personas-judicializadas-y-65-kilos-de-clorhidrato-de-cocaina-incautados-en-carreteras-de-caldas\/#primaryimage","url":"https:\/\/www.fiscalia.gov.co\/colombia\/wp-content\/uploads\/WhatsApp-Image-2021-10-12-at-9.22.10-AM.jpeg","contentUrl":"https:\/\/www.fiscalia.gov.co\/colombia\/wp-content\/uploads\/WhatsApp-Image-2021-10-12-at-9.22.10-AM.jpeg","width":1280,"height":960},{"@type":"BreadcrumbList","@id":"https:\/\/www.fiscalia.gov.co\/colombia\/noticias\/dos-personas-judicializadas-y-65-kilos-de-clorhidrato-de-cocaina-incautados-en-carreteras-de-caldas\/#breadcrumb","itemListElement":[{"@type":"ListItem","position":1,"name":"Home","item":"https:\/\/www.fiscalia.gov.co\/colombia\/"},{"@type":"ListItem","position":2,"name":"Dos personas judicializadas y 65 kilos de clorhidrato de coca\u00edna incautados, en carreteras de Caldas"}]},{"@type":"WebSite","@id":"https:\/\/www.fiscalia.gov.co\/colombia\/#website","url":"https:\/\/www.fiscalia.gov.co\/colombia\/","name":"Fiscal\u00eda General de la Naci\u00f3n","description":"P\u00e1gina oficial de la Fiscal\u00eda General de la Naci\u00f3n \u2013 Colombia. Garantizamos el acceso efectivo a la justicia, la verdad y la reparaci\u00f3n de las v\u00edctimas de los delitos.","publisher":{"@id":"https:\/\/www.fiscalia.gov.co\/colombia\/#organization"},"potentialAction":[{"@type":"SearchAction","target":{"@type":"EntryPoint","urlTemplate":"https:\/\/www.fiscalia.gov.co\/colombia\/?s={search_term_string}"},"query-input":{"@type":"PropertyValueSpecification","valueRequired":true,"valueName":"search_term_string"}}],"inLanguage":"es-CO"},{"@type":"Organization","@id":"https:\/\/www.fiscalia.gov.co\/colombia\/#organization","name":"Fiscal\u00eda General de la Naci\u00f3n","url":"https:\/\/www.fiscalia.gov.co\/colombia\/","logo":{"@type":"ImageObject","inLanguage":"es-CO","@id":"https:\/\/www.fiscalia.gov.co\/colombia\/#\/schema\/logo\/image\/","url":"https:\/\/www.fiscalia.gov.co\/colombia\/wp-content\/uploads\/LogoHorizontal_1.jpg","contentUrl":"https:\/\/www.fiscalia.gov.co\/colombia\/wp-content\/uploads\/LogoHorizontal_1.jpg","width":300,"height":90,"caption":"Fiscal\u00eda General de la Naci\u00f3n"},"image":{"@id":"https:\/\/www.fiscalia.gov.co\/colombia\/#\/schema\/logo\/image\/"},"sameAs":["https:\/\/www.facebook.com\/FiscaliaCol","https:\/\/x.com\/FiscaliaCol","https:\/\/www.instagram.com\/fiscaliacol","https:\/\/www.linkedin.com\/company\/fiscalia-general-de-la-naci-n\/","https:\/\/youtube.com\/@fiscaliageneraldelanacion-4668?si=6nN79nyQICPU5iTh"]},{"@type":"Person","@id":"https:\/\/www.fiscalia.gov.co\/colombia\/#\/schema\/person\/2e76b9aba5ecf875ed565ce4de0e0415","name":"Katherine Loaiza Mart\u00ednez","image":{"@type":"ImageObject","inLanguage":"es-CO","@id":"https:\/\/www.fiscalia.gov.co\/colombia\/#\/schema\/person\/image\/","url":"https:\/\/secure.gravatar.com\/avatar\/ab775a2f394c1b83b6d6f78680e57b50?s=96&d=mm&r=g","contentUrl":"https:\/\/secure.gravatar.com\/avatar\/ab775a2f394c1b83b6d6f78680e57b50?s=96&d=mm&r=g","caption":"Katherine Loaiza Mart\u00ednez"},"url":"https:\/\/www.fiscalia.gov.co\/colombia\/author\/kloaiza\/"}]}},"_links":{"self":[{"href":"https:\/\/www.fiscalia.gov.co\/colombia\/wp-json\/wp\/v2\/posts\/232128","targetHints":{"allow":["GET"]}}],"collection":[{"href":"https:\/\/www.fiscalia.gov.co\/colombia\/wp-json\/wp\/v2\/posts"}],"about":[{"href":"https:\/\/www.fiscalia.gov.co\/colombia\/wp-json\/wp\/v2\/types\/post"}],"author":[{"embeddable":true,"href":"https:\/\/www.fiscalia.gov.co\/colombia\/wp-json\/wp\/v2\/users\/175"}],"replies":[{"embeddable":true,"href":"https:\/\/www.fiscalia.gov.co\/colombia\/wp-json\/wp\/v2\/comments?post=232128"}],"version-history":[{"count":1,"href":"https:\/\/www.fiscalia.gov.co\/colombia\/wp-json\/wp\/v2\/posts\/232128\/revisions"}],"predecessor-version":[{"id":232130,"href":"https:\/\/www.fiscalia.gov.co\/colombia\/wp-json\/wp\/v2\/posts\/232128\/revisions\/232130"}],"wp:attachment":[{"href":"https:\/\/www.fiscalia.gov.co\/colombia\/wp-json\/wp\/v2\/media?parent=232128"}],"wp:term":[{"taxonomy":"category","embeddable":true,"href":"https:\/\/www.fiscalia.gov.co\/colombia\/wp-json\/wp\/v2\/categories?post=232128"},{"taxonomy":"post_tag","embeddable":true,"href":"https:\/\/www.fiscalia.gov.co\/colombia\/wp-json\/wp\/v2\/tags?post=232128"}],"curies":[{"name":"wp","href":"https:\/\/api.w.org\/{rel}","templated":true}]}}