{"id":232064,"date":"2021-10-12T16:21:33","date_gmt":"2021-10-12T21:21:33","guid":{"rendered":"https:\/\/www.fiscalia.gov.co\/colombia\/?p=232064"},"modified":"2021-10-12T16:21:33","modified_gmt":"2021-10-12T21:21:33","slug":"intramuros-para-presunto-responsable-de-portar-una-subametralladora-artesanal","status":"publish","type":"post","link":"https:\/\/www.fiscalia.gov.co\/colombia\/noticias\/intramuros-para-presunto-responsable-de-portar-una-subametralladora-artesanal\/","title":{"rendered":"Intramuros para presunto responsable de portar una subametralladora artesanal"},"content":{"rendered":"<p>Un hombre identificado como Esteban David Mina Casamach\u00edn, de 20 a\u00f1os de edad, fue privado de la libertad por su presunta responsabilidad en el porte de una subametralladora artesanal, un proveedor y munici\u00f3n; sin contar con el permiso requerido.<\/p>\n<figure id=\"attachment_232065\" aria-describedby=\"caption-attachment-232065\" style=\"width: 300px\" class=\"wp-caption alignleft\"><img loading=\"lazy\" decoding=\"async\" class=\"wp-image-232065 size-medium\" src=\"https:\/\/www.fiscalia.gov.co\/colombia\/wp-content\/uploads\/Esteban-David-Mina-Casamach\u00edn.-Porte-ilegal-con-armas-de-fuego.-San-Pedro-Valle.-300x300.jpg\" alt=\"\" width=\"300\" height=\"300\" srcset=\"https:\/\/www.fiscalia.gov.co\/colombia\/wp-content\/uploads\/Esteban-David-Mina-Casamach\u00edn.-Porte-ilegal-con-armas-de-fuego.-San-Pedro-Valle.-300x300.jpg 300w, https:\/\/www.fiscalia.gov.co\/colombia\/wp-content\/uploads\/Esteban-David-Mina-Casamach\u00edn.-Porte-ilegal-con-armas-de-fuego.-San-Pedro-Valle.-1024x1024.jpg 1024w, https:\/\/www.fiscalia.gov.co\/colombia\/wp-content\/uploads\/Esteban-David-Mina-Casamach\u00edn.-Porte-ilegal-con-armas-de-fuego.-San-Pedro-Valle.-150x150.jpg 150w, https:\/\/www.fiscalia.gov.co\/colombia\/wp-content\/uploads\/Esteban-David-Mina-Casamach\u00edn.-Porte-ilegal-con-armas-de-fuego.-San-Pedro-Valle.-768x768.jpg 768w, https:\/\/www.fiscalia.gov.co\/colombia\/wp-content\/uploads\/Esteban-David-Mina-Casamach\u00edn.-Porte-ilegal-con-armas-de-fuego.-San-Pedro-Valle.-696x696.jpg 696w, https:\/\/www.fiscalia.gov.co\/colombia\/wp-content\/uploads\/Esteban-David-Mina-Casamach\u00edn.-Porte-ilegal-con-armas-de-fuego.-San-Pedro-Valle.-1068x1068.jpg 1068w, https:\/\/www.fiscalia.gov.co\/colombia\/wp-content\/uploads\/Esteban-David-Mina-Casamach\u00edn.-Porte-ilegal-con-armas-de-fuego.-San-Pedro-Valle.-420x420.jpg 420w, https:\/\/www.fiscalia.gov.co\/colombia\/wp-content\/uploads\/Esteban-David-Mina-Casamach\u00edn.-Porte-ilegal-con-armas-de-fuego.-San-Pedro-Valle..jpg 1280w\" sizes=\"auto, (max-width: 300px) 100vw, 300px\" \/><figcaption id=\"caption-attachment-232065\" class=\"wp-caption-text\">Esteban David Mina Casamach\u00edn, de 20 a\u00f1os de edad, privado de la libertad, como presunto responsable de portar un arma de fuego tipo subametralladora, artesanal, en San Pedro (Valle).<\/figcaption><\/figure>\n<p>El delito ocurri\u00f3 en el corregimiento de Montegrande, jurisdicci\u00f3n del municipio de San Pedro (Valle del Cauca) donde personal de Polic\u00eda Nacional captur\u00f3 en flagrancia a Mina Casamach\u00edn.<\/p>\n<p>La Fiscal\u00eda le imput\u00f3 al procesado cargos por\u00a0<a href=\"https:\/\/www.fiscalia.gov.co\/colombia\/noticias\/fiscalia-capturo-a-un-hombre-para-que-cumpla-sentencia-por-porte-ilegal-de-armas-de-fuego\/\" target=\"_blank\" rel=\"noopener noreferrer\" data-saferedirecturl=\"https:\/\/www.google.com\/url?q=https:\/\/www.fiscalia.gov.co\/colombia\/noticias\/fiscalia-capturo-a-un-hombre-para-que-cumpla-sentencia-por-porte-ilegal-de-armas-de-fuego\/&amp;source=gmail&amp;ust=1634157930243000&amp;usg=AFQjCNEBmdln1yLs-CLPZMp0PwKOAqUK9g\">fabricaci\u00f3n, tr\u00e1fico y porte de armas de fuego o municiones<\/a>. Por determinaci\u00f3n del juez del caso Mina deber\u00e1 cumplir la medida de aseguramiento en centro carcelario, tal como lo propuso la Fiscal\u00eda General de la Naci\u00f3n.<\/p>\n<p><b>MAP\/MAGA\/<\/b><b>SMLR<\/b><\/p>\n\n<div class=\"twitter-share\"><a href=\"https:\/\/twitter.com\/intent\/tweet?via=fiscaliacol\" class=\"twitter-share-button\">Tweet<\/a><\/div>\n","protected":false},"excerpt":{"rendered":"<p>Un hombre identificado como Esteban David Mina Casamach\u00edn, de 20 a\u00f1os de edad, fue privado de la libertad por su presunta responsabilidad en el porte de una subametralladora artesanal, un proveedor y munici\u00f3n; sin contar con el permiso requerido. El delito ocurri\u00f3 en el corregimiento de Montegrande, jurisdicci\u00f3n del municipio de San Pedro (Valle del [&hellip;]<\/p>\n","protected":false},"author":175,"featured_media":0,"comment_status":"closed","ping_status":"open","sticky":false,"template":"","format":"standard","meta":{"_price":"","_stock":"","_tribe_ticket_header":"","_tribe_default_ticket_provider":"","_tribe_ticket_capacity":"0","_ticket_start_date":"","_ticket_end_date":"","_tribe_ticket_show_description":"","_tribe_ticket_show_not_going":false,"_tribe_ticket_use_global_stock":"","_tribe_ticket_global_stock_level":"","_global_stock_mode":"","_global_stock_cap":"","_tribe_rsvp_for_event":"","_tribe_ticket_going_count":"","_tribe_ticket_not_going_count":"","_tribe_tickets_list":"[]","_tribe_ticket_has_attendee_info_fields":false,"tdm_status":"","tdm_grid_status":"","footnotes":""},"categories":[1,324,24099],"tags":[12424,24551,4140,24189,25230,24187,7169,1185,24918,27647],"class_list":{"0":"post-232064","1":"post","2":"type-post","3":"status-publish","4":"format-standard","6":"category-noticias","7":"category-seccional-cali","8":"category-seguridad-territorial","9":"tag-capturado","10":"tag-centro-carcelario","11":"tag-fabricacion","12":"tag-fiscal-francisco-barbosa-delgado","13":"tag-fiscal-general-de-nacion","14":"tag-fiscalia-colombia","15":"tag-flagrancia","16":"tag-medida-de-aseguramiento","17":"tag-privado-de-la-libertad","18":"tag-trafico-y-porte-de-armas-de-fuego-o-municiones"},"yoast_head":"<!-- This site is optimized with the Yoast SEO plugin v24.3 - https:\/\/yoast.com\/wordpress\/plugins\/seo\/ -->\n<title>Fiscal\u00eda General de la Naci\u00f3n<\/title>\n<meta name=\"description\" content=\"P\u00e1gina oficial de la Fiscal\u00eda General de la Naci\u00f3n \u2013 Colombia. Garantizamos el acceso efectivo a la justicia, la verdad y la reparaci\u00f3n de las v\u00edctimas de los delitos.\" \/>\n<meta name=\"robots\" content=\"noindex, follow\" \/>\n<meta property=\"og:locale\" content=\"es_ES\" \/>\n<meta property=\"og:type\" content=\"article\" \/>\n<meta property=\"og:title\" content=\"Fiscal\u00eda General de la Naci\u00f3n\" \/>\n<meta property=\"og:description\" content=\"P\u00e1gina oficial de la Fiscal\u00eda General de la Naci\u00f3n \u2013 Colombia. Garantizamos el acceso efectivo a la justicia, la verdad y la reparaci\u00f3n de las v\u00edctimas de los delitos.\" \/>\n<meta property=\"og:url\" content=\"https:\/\/www.fiscalia.gov.co\/colombia\/noticias\/intramuros-para-presunto-responsable-de-portar-una-subametralladora-artesanal\/\" \/>\n<meta property=\"og:site_name\" content=\"Fiscal\u00eda General de la Naci\u00f3n\" \/>\n<meta property=\"article:publisher\" content=\"https:\/\/www.facebook.com\/FiscaliaCol\" \/>\n<meta property=\"article:published_time\" content=\"2021-10-12T21:21:33+00:00\" \/>\n<meta name=\"author\" content=\"Katherine Loaiza Mart\u00ednez\" \/>\n<meta name=\"twitter:card\" content=\"summary_large_image\" \/>\n<meta name=\"twitter:creator\" content=\"@FiscaliaCol\" \/>\n<meta name=\"twitter:site\" content=\"@FiscaliaCol\" \/>\n<meta name=\"twitter:label1\" content=\"Escrito por\" \/>\n\t<meta name=\"twitter:data1\" content=\"Katherine Loaiza Mart\u00ednez\" \/>\n\t<meta name=\"twitter:label2\" content=\"Tiempo de lectura\" \/>\n\t<meta name=\"twitter:data2\" content=\"1 minuto\" \/>\n<script type=\"application\/ld+json\" class=\"yoast-schema-graph\">{\"@context\":\"https:\/\/schema.org\",\"@graph\":[{\"@type\":\"Article\",\"@id\":\"https:\/\/www.fiscalia.gov.co\/colombia\/noticias\/intramuros-para-presunto-responsable-de-portar-una-subametralladora-artesanal\/#article\",\"isPartOf\":{\"@id\":\"https:\/\/www.fiscalia.gov.co\/colombia\/noticias\/intramuros-para-presunto-responsable-de-portar-una-subametralladora-artesanal\/\"},\"author\":{\"name\":\"Katherine Loaiza Mart\u00ednez\",\"@id\":\"https:\/\/www.fiscalia.gov.co\/colombia\/#\/schema\/person\/2e76b9aba5ecf875ed565ce4de0e0415\"},\"headline\":\"Intramuros para presunto responsable de portar una subametralladora artesanal\",\"datePublished\":\"2021-10-12T21:21:33+00:00\",\"dateModified\":\"2021-10-12T21:21:33+00:00\",\"mainEntityOfPage\":{\"@id\":\"https:\/\/www.fiscalia.gov.co\/colombia\/noticias\/intramuros-para-presunto-responsable-de-portar-una-subametralladora-artesanal\/\"},\"wordCount\":171,\"publisher\":{\"@id\":\"https:\/\/www.fiscalia.gov.co\/colombia\/#organization\"},\"keywords\":[\"Capturado\",\"centro carcelario\",\"Fabricaci\u00f3n\",\"Fiscal Francisco Barbosa Delgado\",\"Fiscal General de Naci\u00f3n\",\"Fiscal\u00eda Colombia\",\"Flagrancia\",\"Medida de aseguramiento\",\"privado de la libertad\",\"tr\u00e1fico y porte de armas de fuego o municiones\"],\"articleSection\":[\"Noticias\",\"Seccional Cali\",\"Seguridad territorial\"],\"inLanguage\":\"es-CO\"},{\"@type\":\"WebPage\",\"@id\":\"https:\/\/www.fiscalia.gov.co\/colombia\/noticias\/intramuros-para-presunto-responsable-de-portar-una-subametralladora-artesanal\/\",\"url\":\"https:\/\/www.fiscalia.gov.co\/colombia\/noticias\/intramuros-para-presunto-responsable-de-portar-una-subametralladora-artesanal\/\",\"name\":\"Fiscal\u00eda General de la Naci\u00f3n\",\"isPartOf\":{\"@id\":\"https:\/\/www.fiscalia.gov.co\/colombia\/#website\"},\"datePublished\":\"2021-10-12T21:21:33+00:00\",\"dateModified\":\"2021-10-12T21:21:33+00:00\",\"description\":\"P\u00e1gina oficial de la Fiscal\u00eda General de la Naci\u00f3n \u2013 Colombia. Garantizamos el acceso efectivo a la justicia, la verdad y la reparaci\u00f3n de las v\u00edctimas de los delitos.\",\"breadcrumb\":{\"@id\":\"https:\/\/www.fiscalia.gov.co\/colombia\/noticias\/intramuros-para-presunto-responsable-de-portar-una-subametralladora-artesanal\/#breadcrumb\"},\"inLanguage\":\"es-CO\",\"potentialAction\":[{\"@type\":\"ReadAction\",\"target\":[\"https:\/\/www.fiscalia.gov.co\/colombia\/noticias\/intramuros-para-presunto-responsable-de-portar-una-subametralladora-artesanal\/\"]}]},{\"@type\":\"BreadcrumbList\",\"@id\":\"https:\/\/www.fiscalia.gov.co\/colombia\/noticias\/intramuros-para-presunto-responsable-de-portar-una-subametralladora-artesanal\/#breadcrumb\",\"itemListElement\":[{\"@type\":\"ListItem\",\"position\":1,\"name\":\"Home\",\"item\":\"https:\/\/www.fiscalia.gov.co\/colombia\/\"},{\"@type\":\"ListItem\",\"position\":2,\"name\":\"Intramuros para presunto responsable de portar una subametralladora artesanal\"}]},{\"@type\":\"WebSite\",\"@id\":\"https:\/\/www.fiscalia.gov.co\/colombia\/#website\",\"url\":\"https:\/\/www.fiscalia.gov.co\/colombia\/\",\"name\":\"Fiscal\u00eda General de la Naci\u00f3n\",\"description\":\"P\u00e1gina oficial de la Fiscal\u00eda General de la Naci\u00f3n \u2013 Colombia. Garantizamos el acceso efectivo a la justicia, la verdad y la reparaci\u00f3n de las v\u00edctimas de los delitos.\",\"publisher\":{\"@id\":\"https:\/\/www.fiscalia.gov.co\/colombia\/#organization\"},\"potentialAction\":[{\"@type\":\"SearchAction\",\"target\":{\"@type\":\"EntryPoint\",\"urlTemplate\":\"https:\/\/www.fiscalia.gov.co\/colombia\/?s={search_term_string}\"},\"query-input\":{\"@type\":\"PropertyValueSpecification\",\"valueRequired\":true,\"valueName\":\"search_term_string\"}}],\"inLanguage\":\"es-CO\"},{\"@type\":\"Organization\",\"@id\":\"https:\/\/www.fiscalia.gov.co\/colombia\/#organization\",\"name\":\"Fiscal\u00eda General de la Naci\u00f3n\",\"url\":\"https:\/\/www.fiscalia.gov.co\/colombia\/\",\"logo\":{\"@type\":\"ImageObject\",\"inLanguage\":\"es-CO\",\"@id\":\"https:\/\/www.fiscalia.gov.co\/colombia\/#\/schema\/logo\/image\/\",\"url\":\"https:\/\/www.fiscalia.gov.co\/colombia\/wp-content\/uploads\/LogoHorizontal_1.jpg\",\"contentUrl\":\"https:\/\/www.fiscalia.gov.co\/colombia\/wp-content\/uploads\/LogoHorizontal_1.jpg\",\"width\":300,\"height\":90,\"caption\":\"Fiscal\u00eda General de la Naci\u00f3n\"},\"image\":{\"@id\":\"https:\/\/www.fiscalia.gov.co\/colombia\/#\/schema\/logo\/image\/\"},\"sameAs\":[\"https:\/\/www.facebook.com\/FiscaliaCol\",\"https:\/\/x.com\/FiscaliaCol\",\"https:\/\/www.instagram.com\/fiscaliacol\",\"https:\/\/www.linkedin.com\/company\/fiscalia-general-de-la-naci-n\/\",\"https:\/\/youtube.com\/@fiscaliageneraldelanacion-4668?si=6nN79nyQICPU5iTh\"]},{\"@type\":\"Person\",\"@id\":\"https:\/\/www.fiscalia.gov.co\/colombia\/#\/schema\/person\/2e76b9aba5ecf875ed565ce4de0e0415\",\"name\":\"Katherine Loaiza Mart\u00ednez\",\"image\":{\"@type\":\"ImageObject\",\"inLanguage\":\"es-CO\",\"@id\":\"https:\/\/www.fiscalia.gov.co\/colombia\/#\/schema\/person\/image\/\",\"url\":\"https:\/\/secure.gravatar.com\/avatar\/ab775a2f394c1b83b6d6f78680e57b50?s=96&d=mm&r=g\",\"contentUrl\":\"https:\/\/secure.gravatar.com\/avatar\/ab775a2f394c1b83b6d6f78680e57b50?s=96&d=mm&r=g\",\"caption\":\"Katherine Loaiza Mart\u00ednez\"},\"url\":\"https:\/\/www.fiscalia.gov.co\/colombia\/author\/kloaiza\/\"}]}<\/script>\n<!-- \/ Yoast SEO plugin. -->","yoast_head_json":{"title":"Fiscal\u00eda General de la Naci\u00f3n","description":"P\u00e1gina oficial de la Fiscal\u00eda General de la Naci\u00f3n \u2013 Colombia. Garantizamos el acceso efectivo a la justicia, la verdad y la reparaci\u00f3n de las v\u00edctimas de los delitos.","robots":{"index":"noindex","follow":"follow"},"og_locale":"es_ES","og_type":"article","og_title":"Fiscal\u00eda General de la Naci\u00f3n","og_description":"P\u00e1gina oficial de la Fiscal\u00eda General de la Naci\u00f3n \u2013 Colombia. Garantizamos el acceso efectivo a la justicia, la verdad y la reparaci\u00f3n de las v\u00edctimas de los delitos.","og_url":"https:\/\/www.fiscalia.gov.co\/colombia\/noticias\/intramuros-para-presunto-responsable-de-portar-una-subametralladora-artesanal\/","og_site_name":"Fiscal\u00eda General de la Naci\u00f3n","article_publisher":"https:\/\/www.facebook.com\/FiscaliaCol","article_published_time":"2021-10-12T21:21:33+00:00","author":"Katherine Loaiza Mart\u00ednez","twitter_card":"summary_large_image","twitter_creator":"@FiscaliaCol","twitter_site":"@FiscaliaCol","twitter_misc":{"Escrito por":"Katherine Loaiza Mart\u00ednez","Tiempo de lectura":"1 minuto"},"schema":{"@context":"https:\/\/schema.org","@graph":[{"@type":"Article","@id":"https:\/\/www.fiscalia.gov.co\/colombia\/noticias\/intramuros-para-presunto-responsable-de-portar-una-subametralladora-artesanal\/#article","isPartOf":{"@id":"https:\/\/www.fiscalia.gov.co\/colombia\/noticias\/intramuros-para-presunto-responsable-de-portar-una-subametralladora-artesanal\/"},"author":{"name":"Katherine Loaiza Mart\u00ednez","@id":"https:\/\/www.fiscalia.gov.co\/colombia\/#\/schema\/person\/2e76b9aba5ecf875ed565ce4de0e0415"},"headline":"Intramuros para presunto responsable de portar una subametralladora artesanal","datePublished":"2021-10-12T21:21:33+00:00","dateModified":"2021-10-12T21:21:33+00:00","mainEntityOfPage":{"@id":"https:\/\/www.fiscalia.gov.co\/colombia\/noticias\/intramuros-para-presunto-responsable-de-portar-una-subametralladora-artesanal\/"},"wordCount":171,"publisher":{"@id":"https:\/\/www.fiscalia.gov.co\/colombia\/#organization"},"keywords":["Capturado","centro carcelario","Fabricaci\u00f3n","Fiscal Francisco Barbosa Delgado","Fiscal General de Naci\u00f3n","Fiscal\u00eda Colombia","Flagrancia","Medida de aseguramiento","privado de la libertad","tr\u00e1fico y porte de armas de fuego o municiones"],"articleSection":["Noticias","Seccional Cali","Seguridad territorial"],"inLanguage":"es-CO"},{"@type":"WebPage","@id":"https:\/\/www.fiscalia.gov.co\/colombia\/noticias\/intramuros-para-presunto-responsable-de-portar-una-subametralladora-artesanal\/","url":"https:\/\/www.fiscalia.gov.co\/colombia\/noticias\/intramuros-para-presunto-responsable-de-portar-una-subametralladora-artesanal\/","name":"Fiscal\u00eda General de la Naci\u00f3n","isPartOf":{"@id":"https:\/\/www.fiscalia.gov.co\/colombia\/#website"},"datePublished":"2021-10-12T21:21:33+00:00","dateModified":"2021-10-12T21:21:33+00:00","description":"P\u00e1gina oficial de la Fiscal\u00eda General de la Naci\u00f3n \u2013 Colombia. Garantizamos el acceso efectivo a la justicia, la verdad y la reparaci\u00f3n de las v\u00edctimas de los delitos.","breadcrumb":{"@id":"https:\/\/www.fiscalia.gov.co\/colombia\/noticias\/intramuros-para-presunto-responsable-de-portar-una-subametralladora-artesanal\/#breadcrumb"},"inLanguage":"es-CO","potentialAction":[{"@type":"ReadAction","target":["https:\/\/www.fiscalia.gov.co\/colombia\/noticias\/intramuros-para-presunto-responsable-de-portar-una-subametralladora-artesanal\/"]}]},{"@type":"BreadcrumbList","@id":"https:\/\/www.fiscalia.gov.co\/colombia\/noticias\/intramuros-para-presunto-responsable-de-portar-una-subametralladora-artesanal\/#breadcrumb","itemListElement":[{"@type":"ListItem","position":1,"name":"Home","item":"https:\/\/www.fiscalia.gov.co\/colombia\/"},{"@type":"ListItem","position":2,"name":"Intramuros para presunto responsable de portar una subametralladora artesanal"}]},{"@type":"WebSite","@id":"https:\/\/www.fiscalia.gov.co\/colombia\/#website","url":"https:\/\/www.fiscalia.gov.co\/colombia\/","name":"Fiscal\u00eda General de la Naci\u00f3n","description":"P\u00e1gina oficial de la Fiscal\u00eda General de la Naci\u00f3n \u2013 Colombia. Garantizamos el acceso efectivo a la justicia, la verdad y la reparaci\u00f3n de las v\u00edctimas de los delitos.","publisher":{"@id":"https:\/\/www.fiscalia.gov.co\/colombia\/#organization"},"potentialAction":[{"@type":"SearchAction","target":{"@type":"EntryPoint","urlTemplate":"https:\/\/www.fiscalia.gov.co\/colombia\/?s={search_term_string}"},"query-input":{"@type":"PropertyValueSpecification","valueRequired":true,"valueName":"search_term_string"}}],"inLanguage":"es-CO"},{"@type":"Organization","@id":"https:\/\/www.fiscalia.gov.co\/colombia\/#organization","name":"Fiscal\u00eda General de la Naci\u00f3n","url":"https:\/\/www.fiscalia.gov.co\/colombia\/","logo":{"@type":"ImageObject","inLanguage":"es-CO","@id":"https:\/\/www.fiscalia.gov.co\/colombia\/#\/schema\/logo\/image\/","url":"https:\/\/www.fiscalia.gov.co\/colombia\/wp-content\/uploads\/LogoHorizontal_1.jpg","contentUrl":"https:\/\/www.fiscalia.gov.co\/colombia\/wp-content\/uploads\/LogoHorizontal_1.jpg","width":300,"height":90,"caption":"Fiscal\u00eda General de la Naci\u00f3n"},"image":{"@id":"https:\/\/www.fiscalia.gov.co\/colombia\/#\/schema\/logo\/image\/"},"sameAs":["https:\/\/www.facebook.com\/FiscaliaCol","https:\/\/x.com\/FiscaliaCol","https:\/\/www.instagram.com\/fiscaliacol","https:\/\/www.linkedin.com\/company\/fiscalia-general-de-la-naci-n\/","https:\/\/youtube.com\/@fiscaliageneraldelanacion-4668?si=6nN79nyQICPU5iTh"]},{"@type":"Person","@id":"https:\/\/www.fiscalia.gov.co\/colombia\/#\/schema\/person\/2e76b9aba5ecf875ed565ce4de0e0415","name":"Katherine Loaiza Mart\u00ednez","image":{"@type":"ImageObject","inLanguage":"es-CO","@id":"https:\/\/www.fiscalia.gov.co\/colombia\/#\/schema\/person\/image\/","url":"https:\/\/secure.gravatar.com\/avatar\/ab775a2f394c1b83b6d6f78680e57b50?s=96&d=mm&r=g","contentUrl":"https:\/\/secure.gravatar.com\/avatar\/ab775a2f394c1b83b6d6f78680e57b50?s=96&d=mm&r=g","caption":"Katherine Loaiza Mart\u00ednez"},"url":"https:\/\/www.fiscalia.gov.co\/colombia\/author\/kloaiza\/"}]}},"_links":{"self":[{"href":"https:\/\/www.fiscalia.gov.co\/colombia\/wp-json\/wp\/v2\/posts\/232064","targetHints":{"allow":["GET"]}}],"collection":[{"href":"https:\/\/www.fiscalia.gov.co\/colombia\/wp-json\/wp\/v2\/posts"}],"about":[{"href":"https:\/\/www.fiscalia.gov.co\/colombia\/wp-json\/wp\/v2\/types\/post"}],"author":[{"embeddable":true,"href":"https:\/\/www.fiscalia.gov.co\/colombia\/wp-json\/wp\/v2\/users\/175"}],"replies":[{"embeddable":true,"href":"https:\/\/www.fiscalia.gov.co\/colombia\/wp-json\/wp\/v2\/comments?post=232064"}],"version-history":[{"count":1,"href":"https:\/\/www.fiscalia.gov.co\/colombia\/wp-json\/wp\/v2\/posts\/232064\/revisions"}],"predecessor-version":[{"id":232066,"href":"https:\/\/www.fiscalia.gov.co\/colombia\/wp-json\/wp\/v2\/posts\/232064\/revisions\/232066"}],"wp:attachment":[{"href":"https:\/\/www.fiscalia.gov.co\/colombia\/wp-json\/wp\/v2\/media?parent=232064"}],"wp:term":[{"taxonomy":"category","embeddable":true,"href":"https:\/\/www.fiscalia.gov.co\/colombia\/wp-json\/wp\/v2\/categories?post=232064"},{"taxonomy":"post_tag","embeddable":true,"href":"https:\/\/www.fiscalia.gov.co\/colombia\/wp-json\/wp\/v2\/tags?post=232064"}],"curies":[{"name":"wp","href":"https:\/\/api.w.org\/{rel}","templated":true}]}}