{"id":232055,"date":"2021-10-12T16:11:21","date_gmt":"2021-10-12T21:11:21","guid":{"rendered":"https:\/\/www.fiscalia.gov.co\/colombia\/?p=232055"},"modified":"2021-10-12T16:11:21","modified_gmt":"2021-10-12T21:11:21","slug":"impactado-narcolaboratorio-de-las-disidencias-de-las-farc-en-narino-avaluado-en-5-5-millones-de-dolares","status":"publish","type":"post","link":"https:\/\/www.fiscalia.gov.co\/colombia\/noticias\/impactado-narcolaboratorio-de-las-disidencias-de-las-farc-en-narino-avaluado-en-5-5-millones-de-dolares\/","title":{"rendered":"Impactado narcolaboratorio de las disidencias de las Farc en Nari\u00f1o, avaluado en 5.5 millones de d\u00f3lares"},"content":{"rendered":"<h4 style=\"font-weight: 400;\"><strong><em>En el complejo cocalero fueron destruidos 3.928 kilos de coca\u00edna que estaban listos para ser transportadas a Centroam\u00e9rica.\u00a0\u00a0<\/em><\/strong><\/h4>\n<p style=\"font-weight: 400;\">\n<p style=\"font-weight: 400;\">En una operaci\u00f3n contra laboratorios para el procesamiento de coca\u00edna, articulada por el Grupo de Investigaciones Especiales del CTI de la Fiscal\u00eda General de la Naci\u00f3n con apoyo del Ej\u00e9rcito Nacional, fue impactado un complejo cocalero ubicado en zona rural del municipio de Cumbitara (Nari\u00f1o).<\/p>\n<p style=\"font-weight: 400;\">En el lugar hab\u00eda dos sitios para el procesamiento de la base de coca y el clorhidrato de coca\u00edna; en total eran 14 estructuras de madera que estaban elevadas del suelo por pilotes de madera.\u00a0\u00a0Este laboratorio ten\u00eda la capacidad para la producci\u00f3n mensual de varias toneladas de droga.<\/p>\n<p style=\"font-weight: 400;\">Los funcionarios de polic\u00eda judicial establecieron con pruebas t\u00e9cnicas que la suatancia encontrada era de alta pureza. All\u00ed, fueron hallados 3.928 kilos de coca\u00edna y 189 kilos de pasta base de coca.<\/p>\n<p style=\"font-weight: 400;\">Se estableci\u00f3 que la producci\u00f3n de los alucin\u00f3genos estar\u00eda a cargo de alias Javier, supuesto cabecilla de la estructura m\u00f3vil Ur\u00edas Rend\u00f3n de las disidencias de las FARC.<\/p>\n<p style=\"font-weight: 400;\">Adem\u00e1s, se determin\u00f3 que el valor comercial de la droga, los equipos y maquinas, insumos y materias primas ubicadas en el lugar alcanzan los USD 5.500.000.<\/p>\n<p style=\"font-weight: 400;\">Las autoridades incautaron dos equipos gigantescos de destilaci\u00f3n, una motobomba, un calentador industrial, dos cilindros de gas, una planta el\u00e9ctrica, un calentador industrial, 23.376 litros de insumos qu\u00edmicos, 1.800 kilos de materiales s\u00f3lidos, 200 kilos de alimentos y dem\u00e1s elementos necesarios para el procesamiento de la hoja de coca.<\/p>\n<p style=\"font-weight: 400;\">Para la ejecuci\u00f3n de esta operaci\u00f3n se cont\u00f3 con informaci\u00f3n aportada por el grupo tres de la Agencia para la Administraci\u00f3n del Control de Drogas (DEA) del Departamento de Justicia de los Estados Unidos.<\/p>\n<p style=\"font-weight: 400;\">Esta informaci\u00f3n se publica por razones de inter\u00e9s general.<\/p>\n<p style=\"font-weight: 400;\">La Fiscal\u00eda habla con resultados.<\/p>\n<p style=\"font-weight: 400;\">LAGP\/DLBM<\/p>\n\n<div class=\"twitter-share\"><a href=\"https:\/\/twitter.com\/intent\/tweet?via=fiscaliacol\" class=\"twitter-share-button\">Tweet<\/a><\/div>\n","protected":false},"excerpt":{"rendered":"<p>En el complejo cocalero fueron destruidos 3.928 kilos de coca\u00edna que estaban listos para ser transportadas a Centroam\u00e9rica.\u00a0\u00a0 En una operaci\u00f3n contra laboratorios para el procesamiento de coca\u00edna, articulada por [&hellip;]<\/p>\n","protected":false},"author":175,"featured_media":0,"comment_status":"closed","ping_status":"open","sticky":false,"template":"","format":"standard","meta":{"tdm_status":"","tdm_grid_status":"","footnotes":""},"categories":[24115,1,334],"tags":[24189,25567],"class_list":["post-232055","post","type-post","status-publish","format-standard","category-narcotrafico","category-noticias","category-seccional-pasto","tag-fiscal-francisco-barbosa-delgado","tag-fiscal-francisco-barbosa-fiscalia-colombia"],"yoast_head":"<!-- This site is optimized with the Yoast SEO plugin v24.3 - https:\/\/yoast.com\/wordpress\/plugins\/seo\/ -->\n<title>Fiscal\u00eda General de la Naci\u00f3n<\/title>\n<meta name=\"description\" content=\"P\u00e1gina oficial de la Fiscal\u00eda General de la Naci\u00f3n \u2013 Colombia. Garantizamos el acceso efectivo a la justicia, la verdad y la reparaci\u00f3n de las v\u00edctimas de los delitos.\" \/>\n<meta name=\"robots\" content=\"noindex, follow\" \/>\n<meta property=\"og:locale\" content=\"es_ES\" \/>\n<meta property=\"og:type\" content=\"article\" \/>\n<meta property=\"og:title\" content=\"Fiscal\u00eda General de la Naci\u00f3n\" \/>\n<meta property=\"og:description\" content=\"P\u00e1gina oficial de la Fiscal\u00eda General de la Naci\u00f3n \u2013 Colombia. Garantizamos el acceso efectivo a la justicia, la verdad y la reparaci\u00f3n de las v\u00edctimas de los delitos.\" \/>\n<meta property=\"og:url\" content=\"https:\/\/www.fiscalia.gov.co\/colombia\/noticias\/impactado-narcolaboratorio-de-las-disidencias-de-las-farc-en-narino-avaluado-en-5-5-millones-de-dolares\/\" \/>\n<meta property=\"og:site_name\" content=\"Fiscal\u00eda General de la Naci\u00f3n\" \/>\n<meta property=\"article:publisher\" content=\"https:\/\/www.facebook.com\/FiscaliaCol\" \/>\n<meta property=\"article:published_time\" content=\"2021-10-12T21:11:21+00:00\" \/>\n<meta name=\"author\" content=\"Katherine Loaiza Mart\u00ednez\" \/>\n<meta name=\"twitter:card\" content=\"summary_large_image\" \/>\n<meta name=\"twitter:creator\" content=\"@FiscaliaCol\" \/>\n<meta name=\"twitter:site\" content=\"@FiscaliaCol\" \/>\n<meta name=\"twitter:label1\" content=\"Escrito por\" \/>\n\t<meta name=\"twitter:data1\" content=\"Katherine Loaiza Mart\u00ednez\" \/>\n\t<meta name=\"twitter:label2\" content=\"Tiempo de lectura\" \/>\n\t<meta name=\"twitter:data2\" content=\"2 minutos\" \/>\n<script type=\"application\/ld+json\" class=\"yoast-schema-graph\">{\"@context\":\"https:\/\/schema.org\",\"@graph\":[{\"@type\":\"Article\",\"@id\":\"https:\/\/www.fiscalia.gov.co\/colombia\/noticias\/impactado-narcolaboratorio-de-las-disidencias-de-las-farc-en-narino-avaluado-en-5-5-millones-de-dolares\/#article\",\"isPartOf\":{\"@id\":\"https:\/\/www.fiscalia.gov.co\/colombia\/noticias\/impactado-narcolaboratorio-de-las-disidencias-de-las-farc-en-narino-avaluado-en-5-5-millones-de-dolares\/\"},\"author\":{\"name\":\"Katherine Loaiza Mart\u00ednez\",\"@id\":\"https:\/\/www.fiscalia.gov.co\/colombia\/#\/schema\/person\/2e76b9aba5ecf875ed565ce4de0e0415\"},\"headline\":\"Impactado narcolaboratorio de las disidencias de las Farc en Nari\u00f1o, avaluado en 5.5 millones de d\u00f3lares\",\"datePublished\":\"2021-10-12T21:11:21+00:00\",\"dateModified\":\"2021-10-12T21:11:21+00:00\",\"mainEntityOfPage\":{\"@id\":\"https:\/\/www.fiscalia.gov.co\/colombia\/noticias\/impactado-narcolaboratorio-de-las-disidencias-de-las-farc-en-narino-avaluado-en-5-5-millones-de-dolares\/\"},\"wordCount\":340,\"publisher\":{\"@id\":\"https:\/\/www.fiscalia.gov.co\/colombia\/#organization\"},\"keywords\":[\"Fiscal Francisco Barbosa Delgado\",\"Fiscal Francisco Barbosa Fiscal\u00eda Colombia\"],\"articleSection\":[\"Narcotr\u00e1fico\",\"Noticias\",\"Seccional Pasto\"],\"inLanguage\":\"es-CO\"},{\"@type\":\"WebPage\",\"@id\":\"https:\/\/www.fiscalia.gov.co\/colombia\/noticias\/impactado-narcolaboratorio-de-las-disidencias-de-las-farc-en-narino-avaluado-en-5-5-millones-de-dolares\/\",\"url\":\"https:\/\/www.fiscalia.gov.co\/colombia\/noticias\/impactado-narcolaboratorio-de-las-disidencias-de-las-farc-en-narino-avaluado-en-5-5-millones-de-dolares\/\",\"name\":\"Fiscal\u00eda General de la Naci\u00f3n\",\"isPartOf\":{\"@id\":\"https:\/\/www.fiscalia.gov.co\/colombia\/#website\"},\"datePublished\":\"2021-10-12T21:11:21+00:00\",\"dateModified\":\"2021-10-12T21:11:21+00:00\",\"description\":\"P\u00e1gina oficial de la Fiscal\u00eda General de la Naci\u00f3n \u2013 Colombia. Garantizamos el acceso efectivo a la justicia, la verdad y la reparaci\u00f3n de las v\u00edctimas de los delitos.\",\"breadcrumb\":{\"@id\":\"https:\/\/www.fiscalia.gov.co\/colombia\/noticias\/impactado-narcolaboratorio-de-las-disidencias-de-las-farc-en-narino-avaluado-en-5-5-millones-de-dolares\/#breadcrumb\"},\"inLanguage\":\"es-CO\",\"potentialAction\":[{\"@type\":\"ReadAction\",\"target\":[\"https:\/\/www.fiscalia.gov.co\/colombia\/noticias\/impactado-narcolaboratorio-de-las-disidencias-de-las-farc-en-narino-avaluado-en-5-5-millones-de-dolares\/\"]}]},{\"@type\":\"BreadcrumbList\",\"@id\":\"https:\/\/www.fiscalia.gov.co\/colombia\/noticias\/impactado-narcolaboratorio-de-las-disidencias-de-las-farc-en-narino-avaluado-en-5-5-millones-de-dolares\/#breadcrumb\",\"itemListElement\":[{\"@type\":\"ListItem\",\"position\":1,\"name\":\"Home\",\"item\":\"https:\/\/www.fiscalia.gov.co\/colombia\/\"},{\"@type\":\"ListItem\",\"position\":2,\"name\":\"Impactado narcolaboratorio de las disidencias de las Farc en Nari\u00f1o, avaluado en 5.5 millones de d\u00f3lares\"}]},{\"@type\":\"WebSite\",\"@id\":\"https:\/\/www.fiscalia.gov.co\/colombia\/#website\",\"url\":\"https:\/\/www.fiscalia.gov.co\/colombia\/\",\"name\":\"Fiscal\u00eda General de la Naci\u00f3n\",\"description\":\"P\u00e1gina oficial de la Fiscal\u00eda General de la Naci\u00f3n \u2013 Colombia. Garantizamos el acceso efectivo a la justicia, la verdad y la reparaci\u00f3n de las v\u00edctimas de los delitos.\",\"publisher\":{\"@id\":\"https:\/\/www.fiscalia.gov.co\/colombia\/#organization\"},\"potentialAction\":[{\"@type\":\"SearchAction\",\"target\":{\"@type\":\"EntryPoint\",\"urlTemplate\":\"https:\/\/www.fiscalia.gov.co\/colombia\/?s={search_term_string}\"},\"query-input\":{\"@type\":\"PropertyValueSpecification\",\"valueRequired\":true,\"valueName\":\"search_term_string\"}}],\"inLanguage\":\"es-CO\"},{\"@type\":\"Organization\",\"@id\":\"https:\/\/www.fiscalia.gov.co\/colombia\/#organization\",\"name\":\"Fiscal\u00eda General de la Naci\u00f3n\",\"url\":\"https:\/\/www.fiscalia.gov.co\/colombia\/\",\"logo\":{\"@type\":\"ImageObject\",\"inLanguage\":\"es-CO\",\"@id\":\"https:\/\/www.fiscalia.gov.co\/colombia\/#\/schema\/logo\/image\/\",\"url\":\"https:\/\/www.fiscalia.gov.co\/colombia\/wp-content\/uploads\/LogoHorizontal_1.jpg\",\"contentUrl\":\"https:\/\/www.fiscalia.gov.co\/colombia\/wp-content\/uploads\/LogoHorizontal_1.jpg\",\"width\":300,\"height\":90,\"caption\":\"Fiscal\u00eda General de la Naci\u00f3n\"},\"image\":{\"@id\":\"https:\/\/www.fiscalia.gov.co\/colombia\/#\/schema\/logo\/image\/\"},\"sameAs\":[\"https:\/\/www.facebook.com\/FiscaliaCol\",\"https:\/\/x.com\/FiscaliaCol\",\"https:\/\/www.instagram.com\/fiscaliacol\",\"https:\/\/www.linkedin.com\/company\/fiscalia-general-de-la-naci-n\/\",\"https:\/\/youtube.com\/@fiscaliageneraldelanacion-4668?si=6nN79nyQICPU5iTh\"]},{\"@type\":\"Person\",\"@id\":\"https:\/\/www.fiscalia.gov.co\/colombia\/#\/schema\/person\/2e76b9aba5ecf875ed565ce4de0e0415\",\"name\":\"Katherine Loaiza Mart\u00ednez\",\"image\":{\"@type\":\"ImageObject\",\"inLanguage\":\"es-CO\",\"@id\":\"https:\/\/www.fiscalia.gov.co\/colombia\/#\/schema\/person\/image\/\",\"url\":\"https:\/\/secure.gravatar.com\/avatar\/ab775a2f394c1b83b6d6f78680e57b50?s=96&d=mm&r=g\",\"contentUrl\":\"https:\/\/secure.gravatar.com\/avatar\/ab775a2f394c1b83b6d6f78680e57b50?s=96&d=mm&r=g\",\"caption\":\"Katherine Loaiza Mart\u00ednez\"},\"url\":\"https:\/\/www.fiscalia.gov.co\/colombia\/author\/kloaiza\/\"}]}<\/script>\n<!-- \/ Yoast SEO plugin. -->","yoast_head_json":{"title":"Fiscal\u00eda General de la Naci\u00f3n","description":"P\u00e1gina oficial de la Fiscal\u00eda General de la Naci\u00f3n \u2013 Colombia. Garantizamos el acceso efectivo a la justicia, la verdad y la reparaci\u00f3n de las v\u00edctimas de los delitos.","robots":{"index":"noindex","follow":"follow"},"og_locale":"es_ES","og_type":"article","og_title":"Fiscal\u00eda General de la Naci\u00f3n","og_description":"P\u00e1gina oficial de la Fiscal\u00eda General de la Naci\u00f3n \u2013 Colombia. Garantizamos el acceso efectivo a la justicia, la verdad y la reparaci\u00f3n de las v\u00edctimas de los delitos.","og_url":"https:\/\/www.fiscalia.gov.co\/colombia\/noticias\/impactado-narcolaboratorio-de-las-disidencias-de-las-farc-en-narino-avaluado-en-5-5-millones-de-dolares\/","og_site_name":"Fiscal\u00eda General de la Naci\u00f3n","article_publisher":"https:\/\/www.facebook.com\/FiscaliaCol","article_published_time":"2021-10-12T21:11:21+00:00","author":"Katherine Loaiza Mart\u00ednez","twitter_card":"summary_large_image","twitter_creator":"@FiscaliaCol","twitter_site":"@FiscaliaCol","twitter_misc":{"Escrito por":"Katherine Loaiza Mart\u00ednez","Tiempo de lectura":"2 minutos"},"schema":{"@context":"https:\/\/schema.org","@graph":[{"@type":"Article","@id":"https:\/\/www.fiscalia.gov.co\/colombia\/noticias\/impactado-narcolaboratorio-de-las-disidencias-de-las-farc-en-narino-avaluado-en-5-5-millones-de-dolares\/#article","isPartOf":{"@id":"https:\/\/www.fiscalia.gov.co\/colombia\/noticias\/impactado-narcolaboratorio-de-las-disidencias-de-las-farc-en-narino-avaluado-en-5-5-millones-de-dolares\/"},"author":{"name":"Katherine Loaiza Mart\u00ednez","@id":"https:\/\/www.fiscalia.gov.co\/colombia\/#\/schema\/person\/2e76b9aba5ecf875ed565ce4de0e0415"},"headline":"Impactado narcolaboratorio de las disidencias de las Farc en Nari\u00f1o, avaluado en 5.5 millones de d\u00f3lares","datePublished":"2021-10-12T21:11:21+00:00","dateModified":"2021-10-12T21:11:21+00:00","mainEntityOfPage":{"@id":"https:\/\/www.fiscalia.gov.co\/colombia\/noticias\/impactado-narcolaboratorio-de-las-disidencias-de-las-farc-en-narino-avaluado-en-5-5-millones-de-dolares\/"},"wordCount":340,"publisher":{"@id":"https:\/\/www.fiscalia.gov.co\/colombia\/#organization"},"keywords":["Fiscal Francisco Barbosa Delgado","Fiscal Francisco Barbosa Fiscal\u00eda Colombia"],"articleSection":["Narcotr\u00e1fico","Noticias","Seccional Pasto"],"inLanguage":"es-CO"},{"@type":"WebPage","@id":"https:\/\/www.fiscalia.gov.co\/colombia\/noticias\/impactado-narcolaboratorio-de-las-disidencias-de-las-farc-en-narino-avaluado-en-5-5-millones-de-dolares\/","url":"https:\/\/www.fiscalia.gov.co\/colombia\/noticias\/impactado-narcolaboratorio-de-las-disidencias-de-las-farc-en-narino-avaluado-en-5-5-millones-de-dolares\/","name":"Fiscal\u00eda General de la Naci\u00f3n","isPartOf":{"@id":"https:\/\/www.fiscalia.gov.co\/colombia\/#website"},"datePublished":"2021-10-12T21:11:21+00:00","dateModified":"2021-10-12T21:11:21+00:00","description":"P\u00e1gina oficial de la Fiscal\u00eda General de la Naci\u00f3n \u2013 Colombia. Garantizamos el acceso efectivo a la justicia, la verdad y la reparaci\u00f3n de las v\u00edctimas de los delitos.","breadcrumb":{"@id":"https:\/\/www.fiscalia.gov.co\/colombia\/noticias\/impactado-narcolaboratorio-de-las-disidencias-de-las-farc-en-narino-avaluado-en-5-5-millones-de-dolares\/#breadcrumb"},"inLanguage":"es-CO","potentialAction":[{"@type":"ReadAction","target":["https:\/\/www.fiscalia.gov.co\/colombia\/noticias\/impactado-narcolaboratorio-de-las-disidencias-de-las-farc-en-narino-avaluado-en-5-5-millones-de-dolares\/"]}]},{"@type":"BreadcrumbList","@id":"https:\/\/www.fiscalia.gov.co\/colombia\/noticias\/impactado-narcolaboratorio-de-las-disidencias-de-las-farc-en-narino-avaluado-en-5-5-millones-de-dolares\/#breadcrumb","itemListElement":[{"@type":"ListItem","position":1,"name":"Home","item":"https:\/\/www.fiscalia.gov.co\/colombia\/"},{"@type":"ListItem","position":2,"name":"Impactado narcolaboratorio de las disidencias de las Farc en Nari\u00f1o, avaluado en 5.5 millones de d\u00f3lares"}]},{"@type":"WebSite","@id":"https:\/\/www.fiscalia.gov.co\/colombia\/#website","url":"https:\/\/www.fiscalia.gov.co\/colombia\/","name":"Fiscal\u00eda General de la Naci\u00f3n","description":"P\u00e1gina oficial de la Fiscal\u00eda General de la Naci\u00f3n \u2013 Colombia. Garantizamos el acceso efectivo a la justicia, la verdad y la reparaci\u00f3n de las v\u00edctimas de los delitos.","publisher":{"@id":"https:\/\/www.fiscalia.gov.co\/colombia\/#organization"},"potentialAction":[{"@type":"SearchAction","target":{"@type":"EntryPoint","urlTemplate":"https:\/\/www.fiscalia.gov.co\/colombia\/?s={search_term_string}"},"query-input":{"@type":"PropertyValueSpecification","valueRequired":true,"valueName":"search_term_string"}}],"inLanguage":"es-CO"},{"@type":"Organization","@id":"https:\/\/www.fiscalia.gov.co\/colombia\/#organization","name":"Fiscal\u00eda General de la Naci\u00f3n","url":"https:\/\/www.fiscalia.gov.co\/colombia\/","logo":{"@type":"ImageObject","inLanguage":"es-CO","@id":"https:\/\/www.fiscalia.gov.co\/colombia\/#\/schema\/logo\/image\/","url":"https:\/\/www.fiscalia.gov.co\/colombia\/wp-content\/uploads\/LogoHorizontal_1.jpg","contentUrl":"https:\/\/www.fiscalia.gov.co\/colombia\/wp-content\/uploads\/LogoHorizontal_1.jpg","width":300,"height":90,"caption":"Fiscal\u00eda General de la Naci\u00f3n"},"image":{"@id":"https:\/\/www.fiscalia.gov.co\/colombia\/#\/schema\/logo\/image\/"},"sameAs":["https:\/\/www.facebook.com\/FiscaliaCol","https:\/\/x.com\/FiscaliaCol","https:\/\/www.instagram.com\/fiscaliacol","https:\/\/www.linkedin.com\/company\/fiscalia-general-de-la-naci-n\/","https:\/\/youtube.com\/@fiscaliageneraldelanacion-4668?si=6nN79nyQICPU5iTh"]},{"@type":"Person","@id":"https:\/\/www.fiscalia.gov.co\/colombia\/#\/schema\/person\/2e76b9aba5ecf875ed565ce4de0e0415","name":"Katherine Loaiza Mart\u00ednez","image":{"@type":"ImageObject","inLanguage":"es-CO","@id":"https:\/\/www.fiscalia.gov.co\/colombia\/#\/schema\/person\/image\/","url":"https:\/\/secure.gravatar.com\/avatar\/ab775a2f394c1b83b6d6f78680e57b50?s=96&d=mm&r=g","contentUrl":"https:\/\/secure.gravatar.com\/avatar\/ab775a2f394c1b83b6d6f78680e57b50?s=96&d=mm&r=g","caption":"Katherine Loaiza Mart\u00ednez"},"url":"https:\/\/www.fiscalia.gov.co\/colombia\/author\/kloaiza\/"}]}},"_links":{"self":[{"href":"https:\/\/www.fiscalia.gov.co\/colombia\/wp-json\/wp\/v2\/posts\/232055","targetHints":{"allow":["GET"]}}],"collection":[{"href":"https:\/\/www.fiscalia.gov.co\/colombia\/wp-json\/wp\/v2\/posts"}],"about":[{"href":"https:\/\/www.fiscalia.gov.co\/colombia\/wp-json\/wp\/v2\/types\/post"}],"author":[{"embeddable":true,"href":"https:\/\/www.fiscalia.gov.co\/colombia\/wp-json\/wp\/v2\/users\/175"}],"replies":[{"embeddable":true,"href":"https:\/\/www.fiscalia.gov.co\/colombia\/wp-json\/wp\/v2\/comments?post=232055"}],"version-history":[{"count":1,"href":"https:\/\/www.fiscalia.gov.co\/colombia\/wp-json\/wp\/v2\/posts\/232055\/revisions"}],"predecessor-version":[{"id":232056,"href":"https:\/\/www.fiscalia.gov.co\/colombia\/wp-json\/wp\/v2\/posts\/232055\/revisions\/232056"}],"wp:attachment":[{"href":"https:\/\/www.fiscalia.gov.co\/colombia\/wp-json\/wp\/v2\/media?parent=232055"}],"wp:term":[{"taxonomy":"category","embeddable":true,"href":"https:\/\/www.fiscalia.gov.co\/colombia\/wp-json\/wp\/v2\/categories?post=232055"},{"taxonomy":"post_tag","embeddable":true,"href":"https:\/\/www.fiscalia.gov.co\/colombia\/wp-json\/wp\/v2\/tags?post=232055"}],"curies":[{"name":"wp","href":"https:\/\/api.w.org\/{rel}","templated":true}]}}