{"id":232053,"date":"2021-10-12T16:01:22","date_gmt":"2021-10-12T21:01:22","guid":{"rendered":"https:\/\/www.fiscalia.gov.co\/colombia\/?p=232053"},"modified":"2021-10-12T16:01:22","modified_gmt":"2021-10-12T21:01:22","slug":"enviados-a-prision-15-presuntos-integrantes-del-grupo-delincuencial-los-mexicanos-al-parecer-dedicados-a-la-extorsion-en-quibdo-choco","status":"publish","type":"post","link":"https:\/\/www.fiscalia.gov.co\/colombia\/noticias\/enviados-a-prision-15-presuntos-integrantes-del-grupo-delincuencial-los-mexicanos-al-parecer-dedicados-a-la-extorsion-en-quibdo-choco\/","title":{"rendered":"Enviados a prisi\u00f3n 15 presuntos integrantes del grupo delincuencial Los Mexicanos, al parecer dedicados a la extorsi\u00f3n en Quibd\u00f3 (Choc\u00f3)"},"content":{"rendered":"<ul>\n<li>\n<h4><strong><em>Una juez de control de garant\u00edas dict\u00f3 medida de aseguramiento en centro carcelario contra el supuesto cabecilla de la banda, alias Sety; dos funcionarios de la Gobernaci\u00f3n de Choc\u00f3 y 12 personas m\u00e1s.\u00a0<\/em><em>Dos de los judicializados se encuentran recluidos en la c\u00e1rcel de Santa Rosa de Viterbo (Boyac\u00e1).<\/em>\u00a0\u00a0\u00a0<em>\u00a0<\/em><\/strong><\/h4>\n<\/li>\n<li>\n<h4><strong><em>Entre su accionar criminal estaba el tr\u00e1fico de estupefacientes, extorsi\u00f3n, homicidio, instrumentalizaci\u00f3n de menores y el desplazamiento forzado.\u00a0\u00a0<\/em><\/strong><\/h4>\n<\/li>\n<\/ul>\n<p>&nbsp;<\/p>\n<p>La Fiscal\u00eda General de la Naci\u00f3n logr\u00f3 impactar y desarticular al grupo delincuencial Los Mexicanos, el cual, desde hace dos a\u00f1os ten\u00eda azotado a los comerciantes, transportadores, constructores y due\u00f1os de negocios de barrio, con el cobro de extorsiones y amenazas en Choc\u00f3.<\/p>\n<p>Una juez de control de garant\u00edas de Quibd\u00f3 (Choc\u00f3) aval\u00f3 los argumentos presentados por un fiscal de la Delegada para la Seguridad Ciudadana, que permitieron inferir la posible autor\u00eda y participaci\u00f3n de los hoy procesados en diversos actos delictivos en contra de 150 personas.<\/p>\n<p>En ese sentido, impuso medida de aseguramiento en el centro de reclusi\u00f3n Anayanci de Quibd\u00f3, por considerar que estas personas representan un peligro para la comunidad, existe el riesgo que obstruyan a la justicia y no comparezcan al proceso.<\/p>\n<p>La medida cobija a Septimio Guerrero Perea, alias Sety (presunto cabecilla); Willington Vidal Rojas (actual secretario de Hacienda Gobernaci\u00f3n Choc\u00f3), Carlos Andr\u00e9s Ramos\u00a0Murillo (abogado contratista de la Gobernaci\u00f3n de Choc\u00f3), Benjam\u00edn C\u00f3rdoba Mosquera, Daniel Fernando Murillo Sierra, Jackson Chaverra Palacios, Leydi Tatiana Restrepo D\u00edaz, Luis Miguel Mosquera, John Alexis Caicedo Ortiz, Carlos Alberto Mosquera L\u00f3pez, \u00c1ngel de Jes\u00fas Vidal Rodr\u00edguez (ciudadano extranjero), Juan David S\u00e1nchez Mina, Cristian Obeimar C\u00f3rdoba, Vicente Varela Gonz\u00e1lez y Jeisser Andr\u00e9s Campa\u00f1a Asprilla. Los dos \u00faltimos permanecen recluidos en c\u00e1rcel de Santa Rosa de Viterbo (Boyac\u00e1).<\/p>\n<p>La Fiscal\u00eda judicializ\u00f3 a estas personas, de acuerdo a su rol y grado de participaci\u00f3n, por los delitos de concierto para delinquir agravado con fines de extorsi\u00f3n y tr\u00e1fico, fabricaci\u00f3n o porte de estupefacientes. Adem\u00e1s de los cargos de homicidio, desplazamiento forzado, asesoramiento ilegal a grupos armados organizados; fabricaci\u00f3n, tr\u00e1fico, porte o tenencia de armas de fuego; uso de menores de edad para la comisi\u00f3n de delitos y fuga de presos.\u00a0\u00a0Los cargos no fueron aceptados por ninguno de los procesados.<\/p>\n<p>\u2018Los Mexicanos\u2019, a trav\u00e9s de panfletos, exig\u00edan 5, 50 y 200 millones de pesos a due\u00f1os de locales comerciales, constructores, transportadores, microempresarios, distribuidores de bebidas y algunos funcionaros p\u00fablicos de la Contralor\u00eda General de la Naci\u00f3n, as\u00ed como de la Fiscal\u00eda y jueces de la Rama Judicial.\u00a0\u00a0Los documentos ten\u00edan como lema \u201cplata o plomo \u2013 Los Mexicanos\u201d.<\/p>\n<p>A este grupo delincuencial se le atribuye el homicidio de dos comerciantes que se negaron a pagar la extorsi\u00f3n. Adem\u00e1s, dos personas que denunciaron, tuvieron que desplazarse a otras ciudades del pa\u00eds ante el incremento de las amenazas de muerte y disparos hechos contra la fachada de sus negocios y viviendas.<\/p>\n<p>Para la ejecuci\u00f3n de tareas delictivas como la venta de alucin\u00f3genos y entrega de panfletos extorsivos, menores de edad eran instrumentalizados.<\/p>\n<p>Esta informaci\u00f3n se publica por razones de inter\u00e9s general.<\/p>\n<p><strong>La Fiscal\u00eda habla con resultados.\u00a0<\/strong><\/p>\n<p>&nbsp;<\/p>\n<p>LAGP\/DLBM\/MB<\/p>\n<p style=\"font-weight: 400;\"><em>La informaci\u00f3n contenida en este bolet\u00edn de prensa corresponde a la narraci\u00f3n de los hechos noticiosos objetivos, suministrados por los funcionarios encargados de adelantar las investigaciones penales al interior de la Fiscal\u00eda General de la Naci\u00f3n. Para el momento de la divulgaci\u00f3n de este comunicado, la situaci\u00f3n jur\u00eddica de la(s) persona(s) relacionada(s) se encuentra pendiente de resolver por la autoridad judicial competente, siempre bajo los preceptos de la presunci\u00f3n de inocencia, consagrados en el art\u00edculo 29 de la Constituci\u00f3n Pol\u00edtica y el art\u00edculo 7\u00ba de la Ley 906 de 2004.\u00a0<\/em><\/p>\n\n<div class=\"twitter-share\"><a href=\"https:\/\/twitter.com\/intent\/tweet?via=fiscaliacol\" class=\"twitter-share-button\">Tweet<\/a><\/div>\n","protected":false},"excerpt":{"rendered":"<p>Una juez de control de garant\u00edas dict\u00f3 medida de aseguramiento en centro carcelario contra el supuesto cabecilla de la banda, alias Sety; dos funcionarios de la Gobernaci\u00f3n de Choc\u00f3 y 12 personas m\u00e1s.\u00a0Dos de los judicializados se encuentran recluidos en la c\u00e1rcel de Santa Rosa de Viterbo (Boyac\u00e1).\u00a0\u00a0\u00a0\u00a0 Entre su accionar criminal estaba el tr\u00e1fico [&hellip;]<\/p>\n","protected":false},"author":175,"featured_media":0,"comment_status":"closed","ping_status":"open","sticky":false,"template":"","format":"standard","meta":{"_price":"","_stock":"","_tribe_ticket_header":"","_tribe_default_ticket_provider":"","_tribe_ticket_capacity":"0","_ticket_start_date":"","_ticket_end_date":"","_tribe_ticket_show_description":"","_tribe_ticket_show_not_going":false,"_tribe_ticket_use_global_stock":"","_tribe_ticket_global_stock_level":"","_global_stock_mode":"","_global_stock_cap":"","_tribe_rsvp_for_event":"","_tribe_ticket_going_count":"","_tribe_ticket_not_going_count":"","_tribe_tickets_list":"[]","_tribe_ticket_has_attendee_info_fields":false,"tdm_status":"","tdm_grid_status":"","footnotes":""},"categories":[1,2336,24099],"tags":[24189,24844],"class_list":{"0":"post-232053","1":"post","2":"type-post","3":"status-publish","4":"format-standard","6":"category-noticias","7":"category-seccional-quibdo","8":"category-seguridad-territorial","9":"tag-fiscal-francisco-barbosa-delgado","10":"tag-fiscal-general-francisco-barbosa-robledo"},"yoast_head":"<!-- This site is optimized with the Yoast SEO plugin v24.3 - https:\/\/yoast.com\/wordpress\/plugins\/seo\/ -->\n<title>Fiscal\u00eda General de la Naci\u00f3n<\/title>\n<meta name=\"description\" content=\"P\u00e1gina oficial de la Fiscal\u00eda General de la Naci\u00f3n \u2013 Colombia. Garantizamos el acceso efectivo a la justicia, la verdad y la reparaci\u00f3n de las v\u00edctimas de los delitos.\" \/>\n<meta name=\"robots\" content=\"noindex, follow\" \/>\n<meta property=\"og:locale\" content=\"es_ES\" \/>\n<meta property=\"og:type\" content=\"article\" \/>\n<meta property=\"og:title\" content=\"Fiscal\u00eda General de la Naci\u00f3n\" \/>\n<meta property=\"og:description\" content=\"P\u00e1gina oficial de la Fiscal\u00eda General de la Naci\u00f3n \u2013 Colombia. Garantizamos el acceso efectivo a la justicia, la verdad y la reparaci\u00f3n de las v\u00edctimas de los delitos.\" \/>\n<meta property=\"og:url\" content=\"https:\/\/www.fiscalia.gov.co\/colombia\/noticias\/enviados-a-prision-15-presuntos-integrantes-del-grupo-delincuencial-los-mexicanos-al-parecer-dedicados-a-la-extorsion-en-quibdo-choco\/\" \/>\n<meta property=\"og:site_name\" content=\"Fiscal\u00eda General de la Naci\u00f3n\" \/>\n<meta property=\"article:publisher\" content=\"https:\/\/www.facebook.com\/FiscaliaCol\" \/>\n<meta property=\"article:published_time\" content=\"2021-10-12T21:01:22+00:00\" \/>\n<meta name=\"author\" content=\"Katherine Loaiza Mart\u00ednez\" \/>\n<meta name=\"twitter:card\" content=\"summary_large_image\" \/>\n<meta name=\"twitter:creator\" content=\"@FiscaliaCol\" \/>\n<meta name=\"twitter:site\" content=\"@FiscaliaCol\" \/>\n<meta name=\"twitter:label1\" content=\"Escrito por\" \/>\n\t<meta name=\"twitter:data1\" content=\"Katherine Loaiza Mart\u00ednez\" \/>\n\t<meta name=\"twitter:label2\" content=\"Tiempo de lectura\" \/>\n\t<meta name=\"twitter:data2\" content=\"3 minutos\" \/>\n<script type=\"application\/ld+json\" class=\"yoast-schema-graph\">{\"@context\":\"https:\/\/schema.org\",\"@graph\":[{\"@type\":\"Article\",\"@id\":\"https:\/\/www.fiscalia.gov.co\/colombia\/noticias\/enviados-a-prision-15-presuntos-integrantes-del-grupo-delincuencial-los-mexicanos-al-parecer-dedicados-a-la-extorsion-en-quibdo-choco\/#article\",\"isPartOf\":{\"@id\":\"https:\/\/www.fiscalia.gov.co\/colombia\/noticias\/enviados-a-prision-15-presuntos-integrantes-del-grupo-delincuencial-los-mexicanos-al-parecer-dedicados-a-la-extorsion-en-quibdo-choco\/\"},\"author\":{\"name\":\"Katherine Loaiza Mart\u00ednez\",\"@id\":\"https:\/\/www.fiscalia.gov.co\/colombia\/#\/schema\/person\/2e76b9aba5ecf875ed565ce4de0e0415\"},\"headline\":\"Enviados a prisi\u00f3n 15 presuntos integrantes del grupo delincuencial Los Mexicanos, al parecer dedicados a la extorsi\u00f3n en Quibd\u00f3 (Choc\u00f3)\",\"datePublished\":\"2021-10-12T21:01:22+00:00\",\"dateModified\":\"2021-10-12T21:01:22+00:00\",\"mainEntityOfPage\":{\"@id\":\"https:\/\/www.fiscalia.gov.co\/colombia\/noticias\/enviados-a-prision-15-presuntos-integrantes-del-grupo-delincuencial-los-mexicanos-al-parecer-dedicados-a-la-extorsion-en-quibdo-choco\/\"},\"wordCount\":687,\"publisher\":{\"@id\":\"https:\/\/www.fiscalia.gov.co\/colombia\/#organization\"},\"keywords\":[\"Fiscal Francisco Barbosa Delgado\",\"Fiscal General Francisco Barbosa Robledo\"],\"articleSection\":[\"Noticias\",\"Seccional Quibd\u00f3\",\"Seguridad territorial\"],\"inLanguage\":\"es-CO\"},{\"@type\":\"WebPage\",\"@id\":\"https:\/\/www.fiscalia.gov.co\/colombia\/noticias\/enviados-a-prision-15-presuntos-integrantes-del-grupo-delincuencial-los-mexicanos-al-parecer-dedicados-a-la-extorsion-en-quibdo-choco\/\",\"url\":\"https:\/\/www.fiscalia.gov.co\/colombia\/noticias\/enviados-a-prision-15-presuntos-integrantes-del-grupo-delincuencial-los-mexicanos-al-parecer-dedicados-a-la-extorsion-en-quibdo-choco\/\",\"name\":\"Fiscal\u00eda General de la Naci\u00f3n\",\"isPartOf\":{\"@id\":\"https:\/\/www.fiscalia.gov.co\/colombia\/#website\"},\"datePublished\":\"2021-10-12T21:01:22+00:00\",\"dateModified\":\"2021-10-12T21:01:22+00:00\",\"description\":\"P\u00e1gina oficial de la Fiscal\u00eda General de la Naci\u00f3n \u2013 Colombia. Garantizamos el acceso efectivo a la justicia, la verdad y la reparaci\u00f3n de las v\u00edctimas de los delitos.\",\"breadcrumb\":{\"@id\":\"https:\/\/www.fiscalia.gov.co\/colombia\/noticias\/enviados-a-prision-15-presuntos-integrantes-del-grupo-delincuencial-los-mexicanos-al-parecer-dedicados-a-la-extorsion-en-quibdo-choco\/#breadcrumb\"},\"inLanguage\":\"es-CO\",\"potentialAction\":[{\"@type\":\"ReadAction\",\"target\":[\"https:\/\/www.fiscalia.gov.co\/colombia\/noticias\/enviados-a-prision-15-presuntos-integrantes-del-grupo-delincuencial-los-mexicanos-al-parecer-dedicados-a-la-extorsion-en-quibdo-choco\/\"]}]},{\"@type\":\"BreadcrumbList\",\"@id\":\"https:\/\/www.fiscalia.gov.co\/colombia\/noticias\/enviados-a-prision-15-presuntos-integrantes-del-grupo-delincuencial-los-mexicanos-al-parecer-dedicados-a-la-extorsion-en-quibdo-choco\/#breadcrumb\",\"itemListElement\":[{\"@type\":\"ListItem\",\"position\":1,\"name\":\"Home\",\"item\":\"https:\/\/www.fiscalia.gov.co\/colombia\/\"},{\"@type\":\"ListItem\",\"position\":2,\"name\":\"Enviados a prisi\u00f3n 15 presuntos integrantes del grupo delincuencial Los Mexicanos, al parecer dedicados a la extorsi\u00f3n en Quibd\u00f3 (Choc\u00f3)\"}]},{\"@type\":\"WebSite\",\"@id\":\"https:\/\/www.fiscalia.gov.co\/colombia\/#website\",\"url\":\"https:\/\/www.fiscalia.gov.co\/colombia\/\",\"name\":\"Fiscal\u00eda General de la Naci\u00f3n\",\"description\":\"P\u00e1gina oficial de la Fiscal\u00eda General de la Naci\u00f3n \u2013 Colombia. Garantizamos el acceso efectivo a la justicia, la verdad y la reparaci\u00f3n de las v\u00edctimas de los delitos.\",\"publisher\":{\"@id\":\"https:\/\/www.fiscalia.gov.co\/colombia\/#organization\"},\"potentialAction\":[{\"@type\":\"SearchAction\",\"target\":{\"@type\":\"EntryPoint\",\"urlTemplate\":\"https:\/\/www.fiscalia.gov.co\/colombia\/?s={search_term_string}\"},\"query-input\":{\"@type\":\"PropertyValueSpecification\",\"valueRequired\":true,\"valueName\":\"search_term_string\"}}],\"inLanguage\":\"es-CO\"},{\"@type\":\"Organization\",\"@id\":\"https:\/\/www.fiscalia.gov.co\/colombia\/#organization\",\"name\":\"Fiscal\u00eda General de la Naci\u00f3n\",\"url\":\"https:\/\/www.fiscalia.gov.co\/colombia\/\",\"logo\":{\"@type\":\"ImageObject\",\"inLanguage\":\"es-CO\",\"@id\":\"https:\/\/www.fiscalia.gov.co\/colombia\/#\/schema\/logo\/image\/\",\"url\":\"https:\/\/www.fiscalia.gov.co\/colombia\/wp-content\/uploads\/LogoHorizontal_1.jpg\",\"contentUrl\":\"https:\/\/www.fiscalia.gov.co\/colombia\/wp-content\/uploads\/LogoHorizontal_1.jpg\",\"width\":300,\"height\":90,\"caption\":\"Fiscal\u00eda General de la Naci\u00f3n\"},\"image\":{\"@id\":\"https:\/\/www.fiscalia.gov.co\/colombia\/#\/schema\/logo\/image\/\"},\"sameAs\":[\"https:\/\/www.facebook.com\/FiscaliaCol\",\"https:\/\/x.com\/FiscaliaCol\",\"https:\/\/www.instagram.com\/fiscaliacol\",\"https:\/\/www.linkedin.com\/company\/fiscalia-general-de-la-naci-n\/\",\"https:\/\/youtube.com\/@fiscaliageneraldelanacion-4668?si=6nN79nyQICPU5iTh\"]},{\"@type\":\"Person\",\"@id\":\"https:\/\/www.fiscalia.gov.co\/colombia\/#\/schema\/person\/2e76b9aba5ecf875ed565ce4de0e0415\",\"name\":\"Katherine Loaiza Mart\u00ednez\",\"image\":{\"@type\":\"ImageObject\",\"inLanguage\":\"es-CO\",\"@id\":\"https:\/\/www.fiscalia.gov.co\/colombia\/#\/schema\/person\/image\/\",\"url\":\"https:\/\/secure.gravatar.com\/avatar\/ab775a2f394c1b83b6d6f78680e57b50?s=96&d=mm&r=g\",\"contentUrl\":\"https:\/\/secure.gravatar.com\/avatar\/ab775a2f394c1b83b6d6f78680e57b50?s=96&d=mm&r=g\",\"caption\":\"Katherine Loaiza Mart\u00ednez\"},\"url\":\"https:\/\/www.fiscalia.gov.co\/colombia\/author\/kloaiza\/\"}]}<\/script>\n<!-- \/ Yoast SEO plugin. -->","yoast_head_json":{"title":"Fiscal\u00eda General de la Naci\u00f3n","description":"P\u00e1gina oficial de la Fiscal\u00eda General de la Naci\u00f3n \u2013 Colombia. Garantizamos el acceso efectivo a la justicia, la verdad y la reparaci\u00f3n de las v\u00edctimas de los delitos.","robots":{"index":"noindex","follow":"follow"},"og_locale":"es_ES","og_type":"article","og_title":"Fiscal\u00eda General de la Naci\u00f3n","og_description":"P\u00e1gina oficial de la Fiscal\u00eda General de la Naci\u00f3n \u2013 Colombia. Garantizamos el acceso efectivo a la justicia, la verdad y la reparaci\u00f3n de las v\u00edctimas de los delitos.","og_url":"https:\/\/www.fiscalia.gov.co\/colombia\/noticias\/enviados-a-prision-15-presuntos-integrantes-del-grupo-delincuencial-los-mexicanos-al-parecer-dedicados-a-la-extorsion-en-quibdo-choco\/","og_site_name":"Fiscal\u00eda General de la Naci\u00f3n","article_publisher":"https:\/\/www.facebook.com\/FiscaliaCol","article_published_time":"2021-10-12T21:01:22+00:00","author":"Katherine Loaiza Mart\u00ednez","twitter_card":"summary_large_image","twitter_creator":"@FiscaliaCol","twitter_site":"@FiscaliaCol","twitter_misc":{"Escrito por":"Katherine Loaiza Mart\u00ednez","Tiempo de lectura":"3 minutos"},"schema":{"@context":"https:\/\/schema.org","@graph":[{"@type":"Article","@id":"https:\/\/www.fiscalia.gov.co\/colombia\/noticias\/enviados-a-prision-15-presuntos-integrantes-del-grupo-delincuencial-los-mexicanos-al-parecer-dedicados-a-la-extorsion-en-quibdo-choco\/#article","isPartOf":{"@id":"https:\/\/www.fiscalia.gov.co\/colombia\/noticias\/enviados-a-prision-15-presuntos-integrantes-del-grupo-delincuencial-los-mexicanos-al-parecer-dedicados-a-la-extorsion-en-quibdo-choco\/"},"author":{"name":"Katherine Loaiza Mart\u00ednez","@id":"https:\/\/www.fiscalia.gov.co\/colombia\/#\/schema\/person\/2e76b9aba5ecf875ed565ce4de0e0415"},"headline":"Enviados a prisi\u00f3n 15 presuntos integrantes del grupo delincuencial Los Mexicanos, al parecer dedicados a la extorsi\u00f3n en Quibd\u00f3 (Choc\u00f3)","datePublished":"2021-10-12T21:01:22+00:00","dateModified":"2021-10-12T21:01:22+00:00","mainEntityOfPage":{"@id":"https:\/\/www.fiscalia.gov.co\/colombia\/noticias\/enviados-a-prision-15-presuntos-integrantes-del-grupo-delincuencial-los-mexicanos-al-parecer-dedicados-a-la-extorsion-en-quibdo-choco\/"},"wordCount":687,"publisher":{"@id":"https:\/\/www.fiscalia.gov.co\/colombia\/#organization"},"keywords":["Fiscal Francisco Barbosa Delgado","Fiscal General Francisco Barbosa Robledo"],"articleSection":["Noticias","Seccional Quibd\u00f3","Seguridad territorial"],"inLanguage":"es-CO"},{"@type":"WebPage","@id":"https:\/\/www.fiscalia.gov.co\/colombia\/noticias\/enviados-a-prision-15-presuntos-integrantes-del-grupo-delincuencial-los-mexicanos-al-parecer-dedicados-a-la-extorsion-en-quibdo-choco\/","url":"https:\/\/www.fiscalia.gov.co\/colombia\/noticias\/enviados-a-prision-15-presuntos-integrantes-del-grupo-delincuencial-los-mexicanos-al-parecer-dedicados-a-la-extorsion-en-quibdo-choco\/","name":"Fiscal\u00eda General de la Naci\u00f3n","isPartOf":{"@id":"https:\/\/www.fiscalia.gov.co\/colombia\/#website"},"datePublished":"2021-10-12T21:01:22+00:00","dateModified":"2021-10-12T21:01:22+00:00","description":"P\u00e1gina oficial de la Fiscal\u00eda General de la Naci\u00f3n \u2013 Colombia. Garantizamos el acceso efectivo a la justicia, la verdad y la reparaci\u00f3n de las v\u00edctimas de los delitos.","breadcrumb":{"@id":"https:\/\/www.fiscalia.gov.co\/colombia\/noticias\/enviados-a-prision-15-presuntos-integrantes-del-grupo-delincuencial-los-mexicanos-al-parecer-dedicados-a-la-extorsion-en-quibdo-choco\/#breadcrumb"},"inLanguage":"es-CO","potentialAction":[{"@type":"ReadAction","target":["https:\/\/www.fiscalia.gov.co\/colombia\/noticias\/enviados-a-prision-15-presuntos-integrantes-del-grupo-delincuencial-los-mexicanos-al-parecer-dedicados-a-la-extorsion-en-quibdo-choco\/"]}]},{"@type":"BreadcrumbList","@id":"https:\/\/www.fiscalia.gov.co\/colombia\/noticias\/enviados-a-prision-15-presuntos-integrantes-del-grupo-delincuencial-los-mexicanos-al-parecer-dedicados-a-la-extorsion-en-quibdo-choco\/#breadcrumb","itemListElement":[{"@type":"ListItem","position":1,"name":"Home","item":"https:\/\/www.fiscalia.gov.co\/colombia\/"},{"@type":"ListItem","position":2,"name":"Enviados a prisi\u00f3n 15 presuntos integrantes del grupo delincuencial Los Mexicanos, al parecer dedicados a la extorsi\u00f3n en Quibd\u00f3 (Choc\u00f3)"}]},{"@type":"WebSite","@id":"https:\/\/www.fiscalia.gov.co\/colombia\/#website","url":"https:\/\/www.fiscalia.gov.co\/colombia\/","name":"Fiscal\u00eda General de la Naci\u00f3n","description":"P\u00e1gina oficial de la Fiscal\u00eda General de la Naci\u00f3n \u2013 Colombia. Garantizamos el acceso efectivo a la justicia, la verdad y la reparaci\u00f3n de las v\u00edctimas de los delitos.","publisher":{"@id":"https:\/\/www.fiscalia.gov.co\/colombia\/#organization"},"potentialAction":[{"@type":"SearchAction","target":{"@type":"EntryPoint","urlTemplate":"https:\/\/www.fiscalia.gov.co\/colombia\/?s={search_term_string}"},"query-input":{"@type":"PropertyValueSpecification","valueRequired":true,"valueName":"search_term_string"}}],"inLanguage":"es-CO"},{"@type":"Organization","@id":"https:\/\/www.fiscalia.gov.co\/colombia\/#organization","name":"Fiscal\u00eda General de la Naci\u00f3n","url":"https:\/\/www.fiscalia.gov.co\/colombia\/","logo":{"@type":"ImageObject","inLanguage":"es-CO","@id":"https:\/\/www.fiscalia.gov.co\/colombia\/#\/schema\/logo\/image\/","url":"https:\/\/www.fiscalia.gov.co\/colombia\/wp-content\/uploads\/LogoHorizontal_1.jpg","contentUrl":"https:\/\/www.fiscalia.gov.co\/colombia\/wp-content\/uploads\/LogoHorizontal_1.jpg","width":300,"height":90,"caption":"Fiscal\u00eda General de la Naci\u00f3n"},"image":{"@id":"https:\/\/www.fiscalia.gov.co\/colombia\/#\/schema\/logo\/image\/"},"sameAs":["https:\/\/www.facebook.com\/FiscaliaCol","https:\/\/x.com\/FiscaliaCol","https:\/\/www.instagram.com\/fiscaliacol","https:\/\/www.linkedin.com\/company\/fiscalia-general-de-la-naci-n\/","https:\/\/youtube.com\/@fiscaliageneraldelanacion-4668?si=6nN79nyQICPU5iTh"]},{"@type":"Person","@id":"https:\/\/www.fiscalia.gov.co\/colombia\/#\/schema\/person\/2e76b9aba5ecf875ed565ce4de0e0415","name":"Katherine Loaiza Mart\u00ednez","image":{"@type":"ImageObject","inLanguage":"es-CO","@id":"https:\/\/www.fiscalia.gov.co\/colombia\/#\/schema\/person\/image\/","url":"https:\/\/secure.gravatar.com\/avatar\/ab775a2f394c1b83b6d6f78680e57b50?s=96&d=mm&r=g","contentUrl":"https:\/\/secure.gravatar.com\/avatar\/ab775a2f394c1b83b6d6f78680e57b50?s=96&d=mm&r=g","caption":"Katherine Loaiza Mart\u00ednez"},"url":"https:\/\/www.fiscalia.gov.co\/colombia\/author\/kloaiza\/"}]}},"_links":{"self":[{"href":"https:\/\/www.fiscalia.gov.co\/colombia\/wp-json\/wp\/v2\/posts\/232053","targetHints":{"allow":["GET"]}}],"collection":[{"href":"https:\/\/www.fiscalia.gov.co\/colombia\/wp-json\/wp\/v2\/posts"}],"about":[{"href":"https:\/\/www.fiscalia.gov.co\/colombia\/wp-json\/wp\/v2\/types\/post"}],"author":[{"embeddable":true,"href":"https:\/\/www.fiscalia.gov.co\/colombia\/wp-json\/wp\/v2\/users\/175"}],"replies":[{"embeddable":true,"href":"https:\/\/www.fiscalia.gov.co\/colombia\/wp-json\/wp\/v2\/comments?post=232053"}],"version-history":[{"count":1,"href":"https:\/\/www.fiscalia.gov.co\/colombia\/wp-json\/wp\/v2\/posts\/232053\/revisions"}],"predecessor-version":[{"id":232054,"href":"https:\/\/www.fiscalia.gov.co\/colombia\/wp-json\/wp\/v2\/posts\/232053\/revisions\/232054"}],"wp:attachment":[{"href":"https:\/\/www.fiscalia.gov.co\/colombia\/wp-json\/wp\/v2\/media?parent=232053"}],"wp:term":[{"taxonomy":"category","embeddable":true,"href":"https:\/\/www.fiscalia.gov.co\/colombia\/wp-json\/wp\/v2\/categories?post=232053"},{"taxonomy":"post_tag","embeddable":true,"href":"https:\/\/www.fiscalia.gov.co\/colombia\/wp-json\/wp\/v2\/tags?post=232053"}],"curies":[{"name":"wp","href":"https:\/\/api.w.org\/{rel}","templated":true}]}}