{"id":232032,"date":"2021-10-12T11:57:43","date_gmt":"2021-10-12T16:57:43","guid":{"rendered":"https:\/\/www.fiscalia.gov.co\/colombia\/?p=232032"},"modified":"2021-10-12T11:57:43","modified_gmt":"2021-10-12T16:57:43","slug":"asegurada-presunta-integrante-del-grupo-armado-epl-pelusos-por-graves-afectaciones-a-lideres-sociales-en-norte-de-santander","status":"publish","type":"post","link":"https:\/\/www.fiscalia.gov.co\/colombia\/noticias\/asegurada-presunta-integrante-del-grupo-armado-epl-pelusos-por-graves-afectaciones-a-lideres-sociales-en-norte-de-santander\/","title":{"rendered":"Asegurada presunta integrante del grupo armado EPL-Pelusos por graves afectaciones a l\u00edderes sociales en Norte de Santander"},"content":{"rendered":"<p style=\"font-weight: 400;\">Como parte de la estrategia de investigaci\u00f3n y judicializaci\u00f3n de organizaciones criminales, para el esclarecimiento de homicidios y afectaciones a\u00a0<strong>defensores de derechos humanos<\/strong>, la Fiscal\u00eda General de la Naci\u00f3n obtuvo la medida de aseguramiento intramuros en contra de Elimar Victoria Escobar Rodr\u00edguez, alias Daniela, presunta integrante del\u00a0<strong>Frente Libardo Mora Toro del grupo armado EPL-Pelusos.\u00a0<\/strong><\/p>\n<figure id=\"attachment_232033\" aria-describedby=\"caption-attachment-232033\" style=\"width: 268px\" class=\"wp-caption alignleft\"><img loading=\"lazy\" decoding=\"async\" class=\"wp-image-232033 size-medium\" src=\"https:\/\/www.fiscalia.gov.co\/colombia\/wp-content\/uploads\/Elimar-Victoria-Escobar-Rodr\u00edguez-alias-Daniela-EPL-Pelusos-268x300.jpeg\" alt=\"\" width=\"268\" height=\"300\" srcset=\"https:\/\/www.fiscalia.gov.co\/colombia\/wp-content\/uploads\/Elimar-Victoria-Escobar-Rodr\u00edguez-alias-Daniela-EPL-Pelusos-268x300.jpeg 268w, https:\/\/www.fiscalia.gov.co\/colombia\/wp-content\/uploads\/Elimar-Victoria-Escobar-Rodr\u00edguez-alias-Daniela-EPL-Pelusos-914x1024.jpeg 914w, https:\/\/www.fiscalia.gov.co\/colombia\/wp-content\/uploads\/Elimar-Victoria-Escobar-Rodr\u00edguez-alias-Daniela-EPL-Pelusos-768x861.jpeg 768w, https:\/\/www.fiscalia.gov.co\/colombia\/wp-content\/uploads\/Elimar-Victoria-Escobar-Rodr\u00edguez-alias-Daniela-EPL-Pelusos-696x780.jpeg 696w, https:\/\/www.fiscalia.gov.co\/colombia\/wp-content\/uploads\/Elimar-Victoria-Escobar-Rodr\u00edguez-alias-Daniela-EPL-Pelusos-375x420.jpeg 375w, https:\/\/www.fiscalia.gov.co\/colombia\/wp-content\/uploads\/Elimar-Victoria-Escobar-Rodr\u00edguez-alias-Daniela-EPL-Pelusos.jpeg 960w\" sizes=\"auto, (max-width: 268px) 100vw, 268px\" \/><figcaption id=\"caption-attachment-232033\" class=\"wp-caption-text\">Elimar Victoria Escobar Rodr\u00edguez, alias Daniela, presunta integrante del\u00a0Frente Libardo Mora Toro del grupo armado EPL-Pelusos que habr\u00eda participado en el desplazamiento de l\u00edderes sociales en Tib\u00fa.<\/figcaption><\/figure>\n<p style=\"font-weight: 400;\">Ante el Juzgado Primero Penal Municipal con funci\u00f3n de control de garant\u00edas de C\u00facuta (Norte de Santander), un fiscal de la\u00a0<strong>Unidad Especial de Investigaci\u00f3n (UEI)<\/strong>\u00a0le imput\u00f3 cargos a la procesada, por los delitos de concierto para delinquir agravado con fines de homicidio y desplazamiento forzado.<\/p>\n<p style=\"font-weight: 400;\">La mujer fue capturada mediante orden judicial durante una diligencia de allanamiento en Tocaima (Cundinamarca), por parte de servidores del Cuerpo T\u00e9cnico de Investigaci\u00f3n (CTI) adscritos a la UEI y uniformados de la Polic\u00eda Militar del Ej\u00e9rcito Nacional.<\/p>\n<p style=\"font-weight: 400;\">Este resultado se produjo en el marco de la investigaci\u00f3n adelantada por el\u00a0<strong>homicidio del l\u00edder social Miguel \u00c1ngel Bautista<\/strong>, en hechos ocurridos el 19 de mayo de 2018 en la vereda La Primavera del municipio de Tib\u00fa (Norte de Santander), y el desplazamiento forzado de otros dos integrantes de la Junta de Acci\u00f3n Comunal (JAC) de la misma vereda, con sus n\u00facleos familiares.<\/p>\n<p style=\"font-weight: 400;\">Es de resaltar que, a finales de septiembre \u00faltimo, por estas mismas afectaciones a defensores de derechos humanos que se le atribuyen al\u00a0<strong style=\"font-style: inherit;\"><a href=\"https:\/\/www.fiscalia.gov.co\/colombia\/noticias\/judicializados-tres-presuntos-integrantes-del-epl-pelusos-estructura-responsable-de-afectaciones-a-defensores-de-derechos-humanos-en-norte-de-santander\/\" data-saferedirecturl=\"https:\/\/www.google.com\/url?q=https:\/\/www.fiscalia.gov.co\/colombia\/noticias\/judicializados-tres-presuntos-integrantes-del-epl-pelusos-estructura-responsable-de-afectaciones-a-defensores-de-derechos-humanos-en-norte-de-santander\/&amp;source=gmail&amp;ust=1634139197076000&amp;usg=AFQjCNE4ZY7KzymR2t6jxzfZzcI8-InKHg\">GAO EPL \u2013 Pelusos<\/a>,<\/strong>\u00a0fueron judicializados Carlos Augusto Mu\u00f1oz Ni\u00f1o, alias Carlitos la Avioneta; Aldair Gonz\u00e1lez Serrano, alias Daniel o Mascotica; y Elquin Leonardo \u00c1lvarez Guill\u00edn, alias el Enfermero.<\/p>\n<p style=\"font-weight: 400;\">Esta informaci\u00f3n se publica por razones de inter\u00e9s general.<\/p>\n<p style=\"font-weight: 400;\"><strong>La Fiscal\u00eda General de la Naci\u00f3n habla con resultados.\u00a0<\/strong><\/p>\n<p style=\"font-weight: 400;\">DLBM\/AA\/MRC<\/p>\n<p style=\"font-weight: 400;\"><em>La informaci\u00f3n contenida en este bolet\u00edn de prensa corresponde a la narraci\u00f3n de los hechos noticiosos objetivos, suministrados por los funcionarios encargados de adelantar las investigaciones penales al interior de la Fiscal\u00eda General de la Naci\u00f3n. Para el momento de la divulgaci\u00f3n de este comunicado, la situaci\u00f3n jur\u00eddica de la(s) persona(s) relacionada(s) se encuentra pendiente de resolver por la autoridad judicial competente, siempre bajo los preceptos de la presunci\u00f3n de inocencia, consagrados en el art\u00edculo 29 de la Constituci\u00f3n Pol\u00edtica y el art\u00edculo 7\u00ba de la Ley 906 de 2004.\u00a0<\/em><\/p>\n\n<div class=\"twitter-share\"><a href=\"https:\/\/twitter.com\/intent\/tweet?via=fiscaliacol\" class=\"twitter-share-button\">Tweet<\/a><\/div>\n","protected":false},"excerpt":{"rendered":"<p>Como parte de la estrategia de investigaci\u00f3n y judicializaci\u00f3n de organizaciones criminales, para el esclarecimiento de homicidios y afectaciones a\u00a0defensores de derechos humanos, la Fiscal\u00eda General de la Naci\u00f3n obtuvo la medida de aseguramiento intramuros en contra de Elimar Victoria Escobar Rodr\u00edguez, alias Daniela, presunta integrante del\u00a0Frente Libardo Mora Toro del grupo armado EPL-Pelusos.\u00a0 Ante [&hellip;]<\/p>\n","protected":false},"author":175,"featured_media":0,"comment_status":"closed","ping_status":"open","sticky":false,"template":"","format":"standard","meta":{"_price":"","_stock":"","_tribe_ticket_header":"","_tribe_default_ticket_provider":"","_tribe_ticket_capacity":"0","_ticket_start_date":"","_ticket_end_date":"","_tribe_ticket_show_description":"","_tribe_ticket_show_not_going":false,"_tribe_ticket_use_global_stock":"","_tribe_ticket_global_stock_level":"","_global_stock_mode":"","_global_stock_cap":"","_tribe_rsvp_for_event":"","_tribe_ticket_going_count":"","_tribe_ticket_not_going_count":"","_tribe_tickets_list":"[]","_tribe_ticket_has_attendee_info_fields":false,"tdm_status":"","tdm_grid_status":"","footnotes":""},"categories":[24098,24176,1],"tags":[7484,25457,98,24189,24526,24481,1047,21778,29087],"class_list":{"0":"post-232032","1":"post","2":"type-post","3":"status-publish","4":"format-standard","6":"category-crimen-organizado","7":"category-defensores","8":"category-noticias","9":"tag-crimen-organizado","10":"tag-defensores-dd-hh","11":"tag-desplazamiento-forzado","12":"tag-fiscal-francisco-barbosa-delgado","13":"tag-fiscal-general-francisco-barbosa-delgado","14":"tag-fiscalia-de-colombia","15":"tag-fiscalia-general-de-la-nacion","16":"tag-lideres-sociales","17":"tag-tibu"},"yoast_head":"<!-- This site is optimized with the Yoast SEO plugin v24.3 - https:\/\/yoast.com\/wordpress\/plugins\/seo\/ -->\n<title>Fiscal\u00eda General de la Naci\u00f3n<\/title>\n<meta name=\"description\" content=\"P\u00e1gina oficial de la Fiscal\u00eda General de la Naci\u00f3n \u2013 Colombia. Garantizamos el acceso efectivo a la justicia, la verdad y la reparaci\u00f3n de las v\u00edctimas de los delitos.\" \/>\n<meta name=\"robots\" content=\"noindex, follow\" \/>\n<meta property=\"og:locale\" content=\"es_ES\" \/>\n<meta property=\"og:type\" content=\"article\" \/>\n<meta property=\"og:title\" content=\"Fiscal\u00eda General de la Naci\u00f3n\" \/>\n<meta property=\"og:description\" content=\"P\u00e1gina oficial de la Fiscal\u00eda General de la Naci\u00f3n \u2013 Colombia. Garantizamos el acceso efectivo a la justicia, la verdad y la reparaci\u00f3n de las v\u00edctimas de los delitos.\" \/>\n<meta property=\"og:url\" content=\"https:\/\/www.fiscalia.gov.co\/colombia\/noticias\/asegurada-presunta-integrante-del-grupo-armado-epl-pelusos-por-graves-afectaciones-a-lideres-sociales-en-norte-de-santander\/\" \/>\n<meta property=\"og:site_name\" content=\"Fiscal\u00eda General de la Naci\u00f3n\" \/>\n<meta property=\"article:publisher\" content=\"https:\/\/www.facebook.com\/FiscaliaCol\" \/>\n<meta property=\"article:published_time\" content=\"2021-10-12T16:57:43+00:00\" \/>\n<meta name=\"author\" content=\"Katherine Loaiza Mart\u00ednez\" \/>\n<meta name=\"twitter:card\" content=\"summary_large_image\" \/>\n<meta name=\"twitter:creator\" content=\"@FiscaliaCol\" \/>\n<meta name=\"twitter:site\" content=\"@FiscaliaCol\" \/>\n<meta name=\"twitter:label1\" content=\"Escrito por\" \/>\n\t<meta name=\"twitter:data1\" content=\"Katherine Loaiza Mart\u00ednez\" \/>\n\t<meta name=\"twitter:label2\" content=\"Tiempo de lectura\" \/>\n\t<meta name=\"twitter:data2\" content=\"2 minutos\" \/>\n<script type=\"application\/ld+json\" class=\"yoast-schema-graph\">{\"@context\":\"https:\/\/schema.org\",\"@graph\":[{\"@type\":\"Article\",\"@id\":\"https:\/\/www.fiscalia.gov.co\/colombia\/noticias\/asegurada-presunta-integrante-del-grupo-armado-epl-pelusos-por-graves-afectaciones-a-lideres-sociales-en-norte-de-santander\/#article\",\"isPartOf\":{\"@id\":\"https:\/\/www.fiscalia.gov.co\/colombia\/noticias\/asegurada-presunta-integrante-del-grupo-armado-epl-pelusos-por-graves-afectaciones-a-lideres-sociales-en-norte-de-santander\/\"},\"author\":{\"name\":\"Katherine Loaiza Mart\u00ednez\",\"@id\":\"https:\/\/www.fiscalia.gov.co\/colombia\/#\/schema\/person\/2e76b9aba5ecf875ed565ce4de0e0415\"},\"headline\":\"Asegurada presunta integrante del grupo armado EPL-Pelusos por graves afectaciones a l\u00edderes sociales en Norte de Santander\",\"datePublished\":\"2021-10-12T16:57:43+00:00\",\"dateModified\":\"2021-10-12T16:57:43+00:00\",\"mainEntityOfPage\":{\"@id\":\"https:\/\/www.fiscalia.gov.co\/colombia\/noticias\/asegurada-presunta-integrante-del-grupo-armado-epl-pelusos-por-graves-afectaciones-a-lideres-sociales-en-norte-de-santander\/\"},\"wordCount\":458,\"publisher\":{\"@id\":\"https:\/\/www.fiscalia.gov.co\/colombia\/#organization\"},\"keywords\":[\"Crimen organizado\",\"defensores DD.HH.\",\"Desplazamiento forzado\",\"Fiscal Francisco Barbosa Delgado\",\"Fiscal General Francisco Barbosa Delgado\",\"Fiscal\u00eda de Colombia\",\"Fiscal\u00eda General de la Naci\u00f3n\",\"l\u00edderes sociales\",\"Tib\u00fa\"],\"articleSection\":[\"Crimen organizado\",\"Defensores\",\"Noticias\"],\"inLanguage\":\"es-CO\"},{\"@type\":\"WebPage\",\"@id\":\"https:\/\/www.fiscalia.gov.co\/colombia\/noticias\/asegurada-presunta-integrante-del-grupo-armado-epl-pelusos-por-graves-afectaciones-a-lideres-sociales-en-norte-de-santander\/\",\"url\":\"https:\/\/www.fiscalia.gov.co\/colombia\/noticias\/asegurada-presunta-integrante-del-grupo-armado-epl-pelusos-por-graves-afectaciones-a-lideres-sociales-en-norte-de-santander\/\",\"name\":\"Fiscal\u00eda General de la Naci\u00f3n\",\"isPartOf\":{\"@id\":\"https:\/\/www.fiscalia.gov.co\/colombia\/#website\"},\"datePublished\":\"2021-10-12T16:57:43+00:00\",\"dateModified\":\"2021-10-12T16:57:43+00:00\",\"description\":\"P\u00e1gina oficial de la Fiscal\u00eda General de la Naci\u00f3n \u2013 Colombia. Garantizamos el acceso efectivo a la justicia, la verdad y la reparaci\u00f3n de las v\u00edctimas de los delitos.\",\"breadcrumb\":{\"@id\":\"https:\/\/www.fiscalia.gov.co\/colombia\/noticias\/asegurada-presunta-integrante-del-grupo-armado-epl-pelusos-por-graves-afectaciones-a-lideres-sociales-en-norte-de-santander\/#breadcrumb\"},\"inLanguage\":\"es-CO\",\"potentialAction\":[{\"@type\":\"ReadAction\",\"target\":[\"https:\/\/www.fiscalia.gov.co\/colombia\/noticias\/asegurada-presunta-integrante-del-grupo-armado-epl-pelusos-por-graves-afectaciones-a-lideres-sociales-en-norte-de-santander\/\"]}]},{\"@type\":\"BreadcrumbList\",\"@id\":\"https:\/\/www.fiscalia.gov.co\/colombia\/noticias\/asegurada-presunta-integrante-del-grupo-armado-epl-pelusos-por-graves-afectaciones-a-lideres-sociales-en-norte-de-santander\/#breadcrumb\",\"itemListElement\":[{\"@type\":\"ListItem\",\"position\":1,\"name\":\"Home\",\"item\":\"https:\/\/www.fiscalia.gov.co\/colombia\/\"},{\"@type\":\"ListItem\",\"position\":2,\"name\":\"Asegurada presunta integrante del grupo armado EPL-Pelusos por graves afectaciones a l\u00edderes sociales en Norte de Santander\"}]},{\"@type\":\"WebSite\",\"@id\":\"https:\/\/www.fiscalia.gov.co\/colombia\/#website\",\"url\":\"https:\/\/www.fiscalia.gov.co\/colombia\/\",\"name\":\"Fiscal\u00eda General de la Naci\u00f3n\",\"description\":\"P\u00e1gina oficial de la Fiscal\u00eda General de la Naci\u00f3n \u2013 Colombia. Garantizamos el acceso efectivo a la justicia, la verdad y la reparaci\u00f3n de las v\u00edctimas de los delitos.\",\"publisher\":{\"@id\":\"https:\/\/www.fiscalia.gov.co\/colombia\/#organization\"},\"potentialAction\":[{\"@type\":\"SearchAction\",\"target\":{\"@type\":\"EntryPoint\",\"urlTemplate\":\"https:\/\/www.fiscalia.gov.co\/colombia\/?s={search_term_string}\"},\"query-input\":{\"@type\":\"PropertyValueSpecification\",\"valueRequired\":true,\"valueName\":\"search_term_string\"}}],\"inLanguage\":\"es-CO\"},{\"@type\":\"Organization\",\"@id\":\"https:\/\/www.fiscalia.gov.co\/colombia\/#organization\",\"name\":\"Fiscal\u00eda General de la Naci\u00f3n\",\"url\":\"https:\/\/www.fiscalia.gov.co\/colombia\/\",\"logo\":{\"@type\":\"ImageObject\",\"inLanguage\":\"es-CO\",\"@id\":\"https:\/\/www.fiscalia.gov.co\/colombia\/#\/schema\/logo\/image\/\",\"url\":\"https:\/\/www.fiscalia.gov.co\/colombia\/wp-content\/uploads\/LogoHorizontal_1.jpg\",\"contentUrl\":\"https:\/\/www.fiscalia.gov.co\/colombia\/wp-content\/uploads\/LogoHorizontal_1.jpg\",\"width\":300,\"height\":90,\"caption\":\"Fiscal\u00eda General de la Naci\u00f3n\"},\"image\":{\"@id\":\"https:\/\/www.fiscalia.gov.co\/colombia\/#\/schema\/logo\/image\/\"},\"sameAs\":[\"https:\/\/www.facebook.com\/FiscaliaCol\",\"https:\/\/x.com\/FiscaliaCol\",\"https:\/\/www.instagram.com\/fiscaliacol\",\"https:\/\/www.linkedin.com\/company\/fiscalia-general-de-la-naci-n\/\",\"https:\/\/youtube.com\/@fiscaliageneraldelanacion-4668?si=6nN79nyQICPU5iTh\"]},{\"@type\":\"Person\",\"@id\":\"https:\/\/www.fiscalia.gov.co\/colombia\/#\/schema\/person\/2e76b9aba5ecf875ed565ce4de0e0415\",\"name\":\"Katherine Loaiza Mart\u00ednez\",\"image\":{\"@type\":\"ImageObject\",\"inLanguage\":\"es-CO\",\"@id\":\"https:\/\/www.fiscalia.gov.co\/colombia\/#\/schema\/person\/image\/\",\"url\":\"https:\/\/secure.gravatar.com\/avatar\/ab775a2f394c1b83b6d6f78680e57b50?s=96&d=mm&r=g\",\"contentUrl\":\"https:\/\/secure.gravatar.com\/avatar\/ab775a2f394c1b83b6d6f78680e57b50?s=96&d=mm&r=g\",\"caption\":\"Katherine Loaiza Mart\u00ednez\"},\"url\":\"https:\/\/www.fiscalia.gov.co\/colombia\/author\/kloaiza\/\"}]}<\/script>\n<!-- \/ Yoast SEO plugin. -->","yoast_head_json":{"title":"Fiscal\u00eda General de la Naci\u00f3n","description":"P\u00e1gina oficial de la Fiscal\u00eda General de la Naci\u00f3n \u2013 Colombia. Garantizamos el acceso efectivo a la justicia, la verdad y la reparaci\u00f3n de las v\u00edctimas de los delitos.","robots":{"index":"noindex","follow":"follow"},"og_locale":"es_ES","og_type":"article","og_title":"Fiscal\u00eda General de la Naci\u00f3n","og_description":"P\u00e1gina oficial de la Fiscal\u00eda General de la Naci\u00f3n \u2013 Colombia. Garantizamos el acceso efectivo a la justicia, la verdad y la reparaci\u00f3n de las v\u00edctimas de los delitos.","og_url":"https:\/\/www.fiscalia.gov.co\/colombia\/noticias\/asegurada-presunta-integrante-del-grupo-armado-epl-pelusos-por-graves-afectaciones-a-lideres-sociales-en-norte-de-santander\/","og_site_name":"Fiscal\u00eda General de la Naci\u00f3n","article_publisher":"https:\/\/www.facebook.com\/FiscaliaCol","article_published_time":"2021-10-12T16:57:43+00:00","author":"Katherine Loaiza Mart\u00ednez","twitter_card":"summary_large_image","twitter_creator":"@FiscaliaCol","twitter_site":"@FiscaliaCol","twitter_misc":{"Escrito por":"Katherine Loaiza Mart\u00ednez","Tiempo de lectura":"2 minutos"},"schema":{"@context":"https:\/\/schema.org","@graph":[{"@type":"Article","@id":"https:\/\/www.fiscalia.gov.co\/colombia\/noticias\/asegurada-presunta-integrante-del-grupo-armado-epl-pelusos-por-graves-afectaciones-a-lideres-sociales-en-norte-de-santander\/#article","isPartOf":{"@id":"https:\/\/www.fiscalia.gov.co\/colombia\/noticias\/asegurada-presunta-integrante-del-grupo-armado-epl-pelusos-por-graves-afectaciones-a-lideres-sociales-en-norte-de-santander\/"},"author":{"name":"Katherine Loaiza Mart\u00ednez","@id":"https:\/\/www.fiscalia.gov.co\/colombia\/#\/schema\/person\/2e76b9aba5ecf875ed565ce4de0e0415"},"headline":"Asegurada presunta integrante del grupo armado EPL-Pelusos por graves afectaciones a l\u00edderes sociales en Norte de Santander","datePublished":"2021-10-12T16:57:43+00:00","dateModified":"2021-10-12T16:57:43+00:00","mainEntityOfPage":{"@id":"https:\/\/www.fiscalia.gov.co\/colombia\/noticias\/asegurada-presunta-integrante-del-grupo-armado-epl-pelusos-por-graves-afectaciones-a-lideres-sociales-en-norte-de-santander\/"},"wordCount":458,"publisher":{"@id":"https:\/\/www.fiscalia.gov.co\/colombia\/#organization"},"keywords":["Crimen organizado","defensores DD.HH.","Desplazamiento forzado","Fiscal Francisco Barbosa Delgado","Fiscal General Francisco Barbosa Delgado","Fiscal\u00eda de Colombia","Fiscal\u00eda General de la Naci\u00f3n","l\u00edderes sociales","Tib\u00fa"],"articleSection":["Crimen organizado","Defensores","Noticias"],"inLanguage":"es-CO"},{"@type":"WebPage","@id":"https:\/\/www.fiscalia.gov.co\/colombia\/noticias\/asegurada-presunta-integrante-del-grupo-armado-epl-pelusos-por-graves-afectaciones-a-lideres-sociales-en-norte-de-santander\/","url":"https:\/\/www.fiscalia.gov.co\/colombia\/noticias\/asegurada-presunta-integrante-del-grupo-armado-epl-pelusos-por-graves-afectaciones-a-lideres-sociales-en-norte-de-santander\/","name":"Fiscal\u00eda General de la Naci\u00f3n","isPartOf":{"@id":"https:\/\/www.fiscalia.gov.co\/colombia\/#website"},"datePublished":"2021-10-12T16:57:43+00:00","dateModified":"2021-10-12T16:57:43+00:00","description":"P\u00e1gina oficial de la Fiscal\u00eda General de la Naci\u00f3n \u2013 Colombia. Garantizamos el acceso efectivo a la justicia, la verdad y la reparaci\u00f3n de las v\u00edctimas de los delitos.","breadcrumb":{"@id":"https:\/\/www.fiscalia.gov.co\/colombia\/noticias\/asegurada-presunta-integrante-del-grupo-armado-epl-pelusos-por-graves-afectaciones-a-lideres-sociales-en-norte-de-santander\/#breadcrumb"},"inLanguage":"es-CO","potentialAction":[{"@type":"ReadAction","target":["https:\/\/www.fiscalia.gov.co\/colombia\/noticias\/asegurada-presunta-integrante-del-grupo-armado-epl-pelusos-por-graves-afectaciones-a-lideres-sociales-en-norte-de-santander\/"]}]},{"@type":"BreadcrumbList","@id":"https:\/\/www.fiscalia.gov.co\/colombia\/noticias\/asegurada-presunta-integrante-del-grupo-armado-epl-pelusos-por-graves-afectaciones-a-lideres-sociales-en-norte-de-santander\/#breadcrumb","itemListElement":[{"@type":"ListItem","position":1,"name":"Home","item":"https:\/\/www.fiscalia.gov.co\/colombia\/"},{"@type":"ListItem","position":2,"name":"Asegurada presunta integrante del grupo armado EPL-Pelusos por graves afectaciones a l\u00edderes sociales en Norte de Santander"}]},{"@type":"WebSite","@id":"https:\/\/www.fiscalia.gov.co\/colombia\/#website","url":"https:\/\/www.fiscalia.gov.co\/colombia\/","name":"Fiscal\u00eda General de la Naci\u00f3n","description":"P\u00e1gina oficial de la Fiscal\u00eda General de la Naci\u00f3n \u2013 Colombia. Garantizamos el acceso efectivo a la justicia, la verdad y la reparaci\u00f3n de las v\u00edctimas de los delitos.","publisher":{"@id":"https:\/\/www.fiscalia.gov.co\/colombia\/#organization"},"potentialAction":[{"@type":"SearchAction","target":{"@type":"EntryPoint","urlTemplate":"https:\/\/www.fiscalia.gov.co\/colombia\/?s={search_term_string}"},"query-input":{"@type":"PropertyValueSpecification","valueRequired":true,"valueName":"search_term_string"}}],"inLanguage":"es-CO"},{"@type":"Organization","@id":"https:\/\/www.fiscalia.gov.co\/colombia\/#organization","name":"Fiscal\u00eda General de la Naci\u00f3n","url":"https:\/\/www.fiscalia.gov.co\/colombia\/","logo":{"@type":"ImageObject","inLanguage":"es-CO","@id":"https:\/\/www.fiscalia.gov.co\/colombia\/#\/schema\/logo\/image\/","url":"https:\/\/www.fiscalia.gov.co\/colombia\/wp-content\/uploads\/LogoHorizontal_1.jpg","contentUrl":"https:\/\/www.fiscalia.gov.co\/colombia\/wp-content\/uploads\/LogoHorizontal_1.jpg","width":300,"height":90,"caption":"Fiscal\u00eda General de la Naci\u00f3n"},"image":{"@id":"https:\/\/www.fiscalia.gov.co\/colombia\/#\/schema\/logo\/image\/"},"sameAs":["https:\/\/www.facebook.com\/FiscaliaCol","https:\/\/x.com\/FiscaliaCol","https:\/\/www.instagram.com\/fiscaliacol","https:\/\/www.linkedin.com\/company\/fiscalia-general-de-la-naci-n\/","https:\/\/youtube.com\/@fiscaliageneraldelanacion-4668?si=6nN79nyQICPU5iTh"]},{"@type":"Person","@id":"https:\/\/www.fiscalia.gov.co\/colombia\/#\/schema\/person\/2e76b9aba5ecf875ed565ce4de0e0415","name":"Katherine Loaiza Mart\u00ednez","image":{"@type":"ImageObject","inLanguage":"es-CO","@id":"https:\/\/www.fiscalia.gov.co\/colombia\/#\/schema\/person\/image\/","url":"https:\/\/secure.gravatar.com\/avatar\/ab775a2f394c1b83b6d6f78680e57b50?s=96&d=mm&r=g","contentUrl":"https:\/\/secure.gravatar.com\/avatar\/ab775a2f394c1b83b6d6f78680e57b50?s=96&d=mm&r=g","caption":"Katherine Loaiza Mart\u00ednez"},"url":"https:\/\/www.fiscalia.gov.co\/colombia\/author\/kloaiza\/"}]}},"_links":{"self":[{"href":"https:\/\/www.fiscalia.gov.co\/colombia\/wp-json\/wp\/v2\/posts\/232032","targetHints":{"allow":["GET"]}}],"collection":[{"href":"https:\/\/www.fiscalia.gov.co\/colombia\/wp-json\/wp\/v2\/posts"}],"about":[{"href":"https:\/\/www.fiscalia.gov.co\/colombia\/wp-json\/wp\/v2\/types\/post"}],"author":[{"embeddable":true,"href":"https:\/\/www.fiscalia.gov.co\/colombia\/wp-json\/wp\/v2\/users\/175"}],"replies":[{"embeddable":true,"href":"https:\/\/www.fiscalia.gov.co\/colombia\/wp-json\/wp\/v2\/comments?post=232032"}],"version-history":[{"count":1,"href":"https:\/\/www.fiscalia.gov.co\/colombia\/wp-json\/wp\/v2\/posts\/232032\/revisions"}],"predecessor-version":[{"id":232034,"href":"https:\/\/www.fiscalia.gov.co\/colombia\/wp-json\/wp\/v2\/posts\/232032\/revisions\/232034"}],"wp:attachment":[{"href":"https:\/\/www.fiscalia.gov.co\/colombia\/wp-json\/wp\/v2\/media?parent=232032"}],"wp:term":[{"taxonomy":"category","embeddable":true,"href":"https:\/\/www.fiscalia.gov.co\/colombia\/wp-json\/wp\/v2\/categories?post=232032"},{"taxonomy":"post_tag","embeddable":true,"href":"https:\/\/www.fiscalia.gov.co\/colombia\/wp-json\/wp\/v2\/tags?post=232032"}],"curies":[{"name":"wp","href":"https:\/\/api.w.org\/{rel}","templated":true}]}}