{"id":231670,"date":"2021-10-06T18:25:02","date_gmt":"2021-10-06T23:25:02","guid":{"rendered":"https:\/\/www.fiscalia.gov.co\/colombia\/?p=231670"},"modified":"2024-05-23T08:53:36","modified_gmt":"2024-05-23T13:53:36","slug":"judicializadas-cuatro-personas-por-fabricacion-trafico-porte-o-tenencia-de-armas-de-fuego","status":"publish","type":"post","link":"https:\/\/www.fiscalia.gov.co\/colombia\/noticias\/judicializadas-cuatro-personas-por-fabricacion-trafico-porte-o-tenencia-de-armas-de-fuego\/","title":{"rendered":"Judicializadas cuatro personas por fabricaci\u00f3n, tr\u00e1fico, porte o tenencia de armas de fuego"},"content":{"rendered":"<p><span lang=\"ES\">Ante un juez de control de garant\u00edas de\u00a0<\/span><span lang=\"ES\">Tulu\u00e1 (Valle del Cauca),\u00a0<\/span><span lang=\"ES\">la Fiscal\u00eda General de la Naci\u00f3n judicializ\u00f3 a cuatro personas que habr\u00edan sido sorprendidas portando un arma de fuego sin los permisos de ley. Tambi\u00e9n se indaga si una moto hallada en poder de los procesados corresponde a un veh\u00edculo reportado como hurtado.<\/span><\/p>\n<figure id=\"attachment_231671\" aria-describedby=\"caption-attachment-231671\" style=\"width: 1280px\" class=\"wp-caption aligncenter\"><img loading=\"lazy\" decoding=\"async\" class=\"size-full wp-image-231671\" src=\"https:\/\/www.fiscalia.gov.co\/colombia\/wp-content\/uploads\/Juan-Camilo-D\u00edaz-Vallejo-C\u00e9sar-Augusto-Gonz\u00e1lez-Brian-Fernando-Ortiz-y-Felipe-Gonz\u00e1lez-Salazar-judicializados-por-porte-ilegal-de-armas-y-receptaci\u00f3n-en-Tulu\u00e1-Valle..jpg\" alt=\"\" width=\"1280\" height=\"1131\" srcset=\"https:\/\/www.fiscalia.gov.co\/colombia\/wp-content\/uploads\/Juan-Camilo-D\u00edaz-Vallejo-C\u00e9sar-Augusto-Gonz\u00e1lez-Brian-Fernando-Ortiz-y-Felipe-Gonz\u00e1lez-Salazar-judicializados-por-porte-ilegal-de-armas-y-receptaci\u00f3n-en-Tulu\u00e1-Valle..jpg 1280w, https:\/\/www.fiscalia.gov.co\/colombia\/wp-content\/uploads\/Juan-Camilo-D\u00edaz-Vallejo-C\u00e9sar-Augusto-Gonz\u00e1lez-Brian-Fernando-Ortiz-y-Felipe-Gonz\u00e1lez-Salazar-judicializados-por-porte-ilegal-de-armas-y-receptaci\u00f3n-en-Tulu\u00e1-Valle.-300x265.jpg 300w, https:\/\/www.fiscalia.gov.co\/colombia\/wp-content\/uploads\/Juan-Camilo-D\u00edaz-Vallejo-C\u00e9sar-Augusto-Gonz\u00e1lez-Brian-Fernando-Ortiz-y-Felipe-Gonz\u00e1lez-Salazar-judicializados-por-porte-ilegal-de-armas-y-receptaci\u00f3n-en-Tulu\u00e1-Valle.-1024x905.jpg 1024w, https:\/\/www.fiscalia.gov.co\/colombia\/wp-content\/uploads\/Juan-Camilo-D\u00edaz-Vallejo-C\u00e9sar-Augusto-Gonz\u00e1lez-Brian-Fernando-Ortiz-y-Felipe-Gonz\u00e1lez-Salazar-judicializados-por-porte-ilegal-de-armas-y-receptaci\u00f3n-en-Tulu\u00e1-Valle.-768x679.jpg 768w, https:\/\/www.fiscalia.gov.co\/colombia\/wp-content\/uploads\/Juan-Camilo-D\u00edaz-Vallejo-C\u00e9sar-Augusto-Gonz\u00e1lez-Brian-Fernando-Ortiz-y-Felipe-Gonz\u00e1lez-Salazar-judicializados-por-porte-ilegal-de-armas-y-receptaci\u00f3n-en-Tulu\u00e1-Valle.-696x615.jpg 696w, https:\/\/www.fiscalia.gov.co\/colombia\/wp-content\/uploads\/Juan-Camilo-D\u00edaz-Vallejo-C\u00e9sar-Augusto-Gonz\u00e1lez-Brian-Fernando-Ortiz-y-Felipe-Gonz\u00e1lez-Salazar-judicializados-por-porte-ilegal-de-armas-y-receptaci\u00f3n-en-Tulu\u00e1-Valle.-1068x944.jpg 1068w, https:\/\/www.fiscalia.gov.co\/colombia\/wp-content\/uploads\/Juan-Camilo-D\u00edaz-Vallejo-C\u00e9sar-Augusto-Gonz\u00e1lez-Brian-Fernando-Ortiz-y-Felipe-Gonz\u00e1lez-Salazar-judicializados-por-porte-ilegal-de-armas-y-receptaci\u00f3n-en-Tulu\u00e1-Valle.-475x420.jpg 475w\" sizes=\"auto, (max-width: 1280px) 100vw, 1280px\" \/><figcaption id=\"caption-attachment-231671\" class=\"wp-caption-text\">Juan Camilo D\u00edaz Vallejo, C\u00e9sar Augusto Gonz\u00e1lez, Brian Fernando Ortiz y Felipe Gonz\u00e1lez Salazar, judicializados por porte ilegal de armas y receptaci\u00f3n, en Tulu\u00e1 (Valle).<\/figcaption><\/figure>\n<p><span lang=\"ES\">Se trata de Juan Camilo D\u00edaz Vallejo, C\u00e9sar Augusto Gonz\u00e1lez, Brian Fernando Ortiz y Felipe Gonz\u00e1lez Salazar, capturados en flagrancia durante una diligencia de registro y allanamiento ordenada por la Fiscal\u00eda. Este procedimiento cont\u00f3 con el apoyo de la Sijin de la Polic\u00eda Nacional y se cumpli\u00f3 en el barrio Nuevo Pr\u00edncipe de Tulu\u00e1.<\/span><\/p>\n<p><span lang=\"ES\">La Fiscal\u00eda imput\u00f3 a los procesados cargos por delitos de fabricaci\u00f3n, tr\u00e1fico, porte o tenencia de armas de fuego, accesorios, partes o municiones y receptaci\u00f3n.<\/span><\/p>\n<p><span lang=\"ES\">Por determinaci\u00f3n del juez Juan Camilo D\u00edaz Vallejo y Brian Fernando Ortiz deben cumplir la medida de aseguramiento en centro carcelario. Entre tanto C\u00e9sar Augusto Gonz\u00e1lez fue cobijado con detenci\u00f3n domiciliaria. Felipe Gonz\u00e1lez contin\u00faa vinculado a proceso en libertad.<\/span><\/p>\n<p><span lang=\"ES\">Ninguno de los imputados acept\u00f3 los cargos formulados por la Fiscal\u00eda.<\/span><\/p>\n<p><b>MAP\/MAGA\/<\/b><b>SMLR<\/b><\/p>\n<p>&nbsp;<\/p>\n<p><em><span lang=\"ES\">La informaci\u00f3n contenida en este bolet\u00edn de prensa corresponde a la narraci\u00f3n de los hechos noticiosos objetivos, suministrados por los funcionarios encargados de adelantar las investigaciones penales al interior de la Fiscal\u00eda General de la Naci\u00f3n. Para el momento de la divulgaci\u00f3n de este comunicado, la situaci\u00f3n jur\u00eddica de la(s) persona(s) relacionada(s) se encuentra pendiente de resolver por la autoridad judicial competente, siempre bajo los preceptos de la presunci\u00f3n de inocencia, consagrados en el art\u00edculo 29 de la Constituci\u00f3n Pol\u00edtica y el art\u00edculo 7\u00ba de la Ley 906 de 2004.<\/span><\/em><i><\/i><\/p>\n<p>&nbsp;<\/p>\n\n<div class=\"twitter-share\"><a href=\"https:\/\/twitter.com\/intent\/tweet?via=fiscaliacol\" class=\"twitter-share-button\">Tweet<\/a><\/div>\n","protected":false},"excerpt":{"rendered":"<p>Ante un juez de control de garant\u00edas de\u00a0Tulu\u00e1 (Valle del Cauca),\u00a0la Fiscal\u00eda General de la Naci\u00f3n judicializ\u00f3 a cuatro personas que habr\u00edan sido sorprendidas portando un arma de fuego sin los permisos de ley. Tambi\u00e9n se indaga si una moto hallada en poder de los procesados corresponde a un veh\u00edculo reportado como hurtado. Se trata [&hellip;]<\/p>\n","protected":false},"author":175,"featured_media":0,"comment_status":"closed","ping_status":"open","sticky":false,"template":"","format":"standard","meta":{"tdm_status":"","tdm_grid_status":"","footnotes":""},"categories":[1,324,24099],"tags":[25146,8010,24551,24478,4140,25230,24187,7169,1185,29032,14817,24783,916,25606],"class_list":{"0":"post-231670","1":"post","2":"type-post","3":"status-publish","4":"format-standard","6":"category-noticias","7":"category-seccional-cali","8":"category-seguridad-territorial","9":"tag-accesorios","10":"tag-capturados","11":"tag-centro-carcelario","12":"tag-domiciliaria","13":"tag-fabricacion","14":"tag-fiscal-general-de-nacion","15":"tag-fiscalia-colombia","16":"tag-flagrancia","17":"tag-medida-de-aseguramiento","18":"tag-partes-o-municiones-asi-como-receptacion","19":"tag-porte-o-tenencia-de-armas-de-fuego","20":"tag-registro-y-allanamiento","21":"tag-trafico","22":"tag-vinculado-al-proceso"},"yoast_head":"<!-- This site is optimized with the Yoast SEO plugin v24.3 - https:\/\/yoast.com\/wordpress\/plugins\/seo\/ -->\n<title>Fiscal\u00eda General de la Naci\u00f3n<\/title>\n<meta name=\"description\" content=\"P\u00e1gina oficial de la Fiscal\u00eda General de la Naci\u00f3n \u2013 Colombia. Garantizamos el acceso efectivo a la justicia, la verdad y la reparaci\u00f3n de las v\u00edctimas de los delitos.\" \/>\n<meta name=\"robots\" content=\"noindex, follow\" \/>\n<meta property=\"og:locale\" content=\"es_ES\" \/>\n<meta property=\"og:type\" content=\"article\" \/>\n<meta property=\"og:title\" content=\"Fiscal\u00eda General de la Naci\u00f3n\" \/>\n<meta property=\"og:description\" content=\"P\u00e1gina oficial de la Fiscal\u00eda General de la Naci\u00f3n \u2013 Colombia. Garantizamos el acceso efectivo a la justicia, la verdad y la reparaci\u00f3n de las v\u00edctimas de los delitos.\" \/>\n<meta property=\"og:url\" content=\"https:\/\/www.fiscalia.gov.co\/colombia\/noticias\/judicializadas-cuatro-personas-por-fabricacion-trafico-porte-o-tenencia-de-armas-de-fuego\/\" \/>\n<meta property=\"og:site_name\" content=\"Fiscal\u00eda General de la Naci\u00f3n\" \/>\n<meta property=\"article:publisher\" content=\"https:\/\/www.facebook.com\/FiscaliaCol\" \/>\n<meta property=\"article:published_time\" content=\"2021-10-06T23:25:02+00:00\" \/>\n<meta property=\"article:modified_time\" content=\"2024-05-23T13:53:36+00:00\" \/>\n<meta name=\"author\" content=\"Katherine Loaiza Mart\u00ednez\" \/>\n<meta name=\"twitter:card\" content=\"summary_large_image\" \/>\n<meta name=\"twitter:creator\" content=\"@FiscaliaCol\" \/>\n<meta name=\"twitter:site\" content=\"@FiscaliaCol\" \/>\n<meta name=\"twitter:label1\" content=\"Escrito por\" \/>\n\t<meta name=\"twitter:data1\" content=\"Katherine Loaiza Mart\u00ednez\" \/>\n\t<meta name=\"twitter:label2\" content=\"Tiempo de lectura\" \/>\n\t<meta name=\"twitter:data2\" content=\"2 minutos\" \/>\n<script type=\"application\/ld+json\" class=\"yoast-schema-graph\">{\"@context\":\"https:\/\/schema.org\",\"@graph\":[{\"@type\":\"Article\",\"@id\":\"https:\/\/www.fiscalia.gov.co\/colombia\/noticias\/judicializadas-cuatro-personas-por-fabricacion-trafico-porte-o-tenencia-de-armas-de-fuego\/#article\",\"isPartOf\":{\"@id\":\"https:\/\/www.fiscalia.gov.co\/colombia\/noticias\/judicializadas-cuatro-personas-por-fabricacion-trafico-porte-o-tenencia-de-armas-de-fuego\/\"},\"author\":{\"name\":\"Katherine Loaiza Mart\u00ednez\",\"@id\":\"https:\/\/www.fiscalia.gov.co\/colombia\/#\/schema\/person\/2e76b9aba5ecf875ed565ce4de0e0415\"},\"headline\":\"Judicializadas cuatro personas por fabricaci\u00f3n, tr\u00e1fico, porte o tenencia de armas de fuego\",\"datePublished\":\"2021-10-06T23:25:02+00:00\",\"dateModified\":\"2024-05-23T13:53:36+00:00\",\"mainEntityOfPage\":{\"@id\":\"https:\/\/www.fiscalia.gov.co\/colombia\/noticias\/judicializadas-cuatro-personas-por-fabricacion-trafico-porte-o-tenencia-de-armas-de-fuego\/\"},\"wordCount\":368,\"publisher\":{\"@id\":\"https:\/\/www.fiscalia.gov.co\/colombia\/#organization\"},\"keywords\":[\"accesorios\",\"Capturados\",\"centro carcelario\",\"domiciliaria\",\"Fabricaci\u00f3n\",\"Fiscal General de Naci\u00f3n\",\"Fiscal\u00eda Colombia\",\"Flagrancia\",\"Medida de aseguramiento\",\"partes o municiones; as\u00ed como receptaci\u00f3n\",\"porte o tenencia de armas de fuego\",\"registro y allanamiento.\",\"Tr\u00e1fico\",\"vinculado al proceso.\"],\"articleSection\":[\"Noticias\",\"Seccional Cali\",\"Seguridad territorial\"],\"inLanguage\":\"es-CO\"},{\"@type\":\"WebPage\",\"@id\":\"https:\/\/www.fiscalia.gov.co\/colombia\/noticias\/judicializadas-cuatro-personas-por-fabricacion-trafico-porte-o-tenencia-de-armas-de-fuego\/\",\"url\":\"https:\/\/www.fiscalia.gov.co\/colombia\/noticias\/judicializadas-cuatro-personas-por-fabricacion-trafico-porte-o-tenencia-de-armas-de-fuego\/\",\"name\":\"Fiscal\u00eda General de la Naci\u00f3n\",\"isPartOf\":{\"@id\":\"https:\/\/www.fiscalia.gov.co\/colombia\/#website\"},\"datePublished\":\"2021-10-06T23:25:02+00:00\",\"dateModified\":\"2024-05-23T13:53:36+00:00\",\"description\":\"P\u00e1gina oficial de la Fiscal\u00eda General de la Naci\u00f3n \u2013 Colombia. Garantizamos el acceso efectivo a la justicia, la verdad y la reparaci\u00f3n de las v\u00edctimas de los delitos.\",\"breadcrumb\":{\"@id\":\"https:\/\/www.fiscalia.gov.co\/colombia\/noticias\/judicializadas-cuatro-personas-por-fabricacion-trafico-porte-o-tenencia-de-armas-de-fuego\/#breadcrumb\"},\"inLanguage\":\"es-CO\",\"potentialAction\":[{\"@type\":\"ReadAction\",\"target\":[\"https:\/\/www.fiscalia.gov.co\/colombia\/noticias\/judicializadas-cuatro-personas-por-fabricacion-trafico-porte-o-tenencia-de-armas-de-fuego\/\"]}]},{\"@type\":\"BreadcrumbList\",\"@id\":\"https:\/\/www.fiscalia.gov.co\/colombia\/noticias\/judicializadas-cuatro-personas-por-fabricacion-trafico-porte-o-tenencia-de-armas-de-fuego\/#breadcrumb\",\"itemListElement\":[{\"@type\":\"ListItem\",\"position\":1,\"name\":\"Home\",\"item\":\"https:\/\/www.fiscalia.gov.co\/colombia\/\"},{\"@type\":\"ListItem\",\"position\":2,\"name\":\"Judicializadas cuatro personas por fabricaci\u00f3n, tr\u00e1fico, porte o tenencia de armas de fuego\"}]},{\"@type\":\"WebSite\",\"@id\":\"https:\/\/www.fiscalia.gov.co\/colombia\/#website\",\"url\":\"https:\/\/www.fiscalia.gov.co\/colombia\/\",\"name\":\"Fiscal\u00eda General de la Naci\u00f3n\",\"description\":\"P\u00e1gina oficial de la Fiscal\u00eda General de la Naci\u00f3n \u2013 Colombia. Garantizamos el acceso efectivo a la justicia, la verdad y la reparaci\u00f3n de las v\u00edctimas de los delitos.\",\"publisher\":{\"@id\":\"https:\/\/www.fiscalia.gov.co\/colombia\/#organization\"},\"potentialAction\":[{\"@type\":\"SearchAction\",\"target\":{\"@type\":\"EntryPoint\",\"urlTemplate\":\"https:\/\/www.fiscalia.gov.co\/colombia\/?s={search_term_string}\"},\"query-input\":{\"@type\":\"PropertyValueSpecification\",\"valueRequired\":true,\"valueName\":\"search_term_string\"}}],\"inLanguage\":\"es-CO\"},{\"@type\":\"Organization\",\"@id\":\"https:\/\/www.fiscalia.gov.co\/colombia\/#organization\",\"name\":\"Fiscal\u00eda General de la Naci\u00f3n\",\"url\":\"https:\/\/www.fiscalia.gov.co\/colombia\/\",\"logo\":{\"@type\":\"ImageObject\",\"inLanguage\":\"es-CO\",\"@id\":\"https:\/\/www.fiscalia.gov.co\/colombia\/#\/schema\/logo\/image\/\",\"url\":\"https:\/\/www.fiscalia.gov.co\/colombia\/wp-content\/uploads\/LogoHorizontal_1.jpg\",\"contentUrl\":\"https:\/\/www.fiscalia.gov.co\/colombia\/wp-content\/uploads\/LogoHorizontal_1.jpg\",\"width\":300,\"height\":90,\"caption\":\"Fiscal\u00eda General de la Naci\u00f3n\"},\"image\":{\"@id\":\"https:\/\/www.fiscalia.gov.co\/colombia\/#\/schema\/logo\/image\/\"},\"sameAs\":[\"https:\/\/www.facebook.com\/FiscaliaCol\",\"https:\/\/x.com\/FiscaliaCol\",\"https:\/\/www.instagram.com\/fiscaliacol\",\"https:\/\/www.linkedin.com\/company\/fiscalia-general-de-la-naci-n\/\",\"https:\/\/youtube.com\/@fiscaliageneraldelanacion-4668?si=6nN79nyQICPU5iTh\"]},{\"@type\":\"Person\",\"@id\":\"https:\/\/www.fiscalia.gov.co\/colombia\/#\/schema\/person\/2e76b9aba5ecf875ed565ce4de0e0415\",\"name\":\"Katherine Loaiza Mart\u00ednez\",\"image\":{\"@type\":\"ImageObject\",\"inLanguage\":\"es-CO\",\"@id\":\"https:\/\/www.fiscalia.gov.co\/colombia\/#\/schema\/person\/image\/\",\"url\":\"https:\/\/secure.gravatar.com\/avatar\/ab775a2f394c1b83b6d6f78680e57b50?s=96&d=mm&r=g\",\"contentUrl\":\"https:\/\/secure.gravatar.com\/avatar\/ab775a2f394c1b83b6d6f78680e57b50?s=96&d=mm&r=g\",\"caption\":\"Katherine Loaiza Mart\u00ednez\"},\"url\":\"https:\/\/www.fiscalia.gov.co\/colombia\/author\/kloaiza\/\"}]}<\/script>\n<!-- \/ Yoast SEO plugin. -->","yoast_head_json":{"title":"Fiscal\u00eda General de la Naci\u00f3n","description":"P\u00e1gina oficial de la Fiscal\u00eda General de la Naci\u00f3n \u2013 Colombia. Garantizamos el acceso efectivo a la justicia, la verdad y la reparaci\u00f3n de las v\u00edctimas de los delitos.","robots":{"index":"noindex","follow":"follow"},"og_locale":"es_ES","og_type":"article","og_title":"Fiscal\u00eda General de la Naci\u00f3n","og_description":"P\u00e1gina oficial de la Fiscal\u00eda General de la Naci\u00f3n \u2013 Colombia. Garantizamos el acceso efectivo a la justicia, la verdad y la reparaci\u00f3n de las v\u00edctimas de los delitos.","og_url":"https:\/\/www.fiscalia.gov.co\/colombia\/noticias\/judicializadas-cuatro-personas-por-fabricacion-trafico-porte-o-tenencia-de-armas-de-fuego\/","og_site_name":"Fiscal\u00eda General de la Naci\u00f3n","article_publisher":"https:\/\/www.facebook.com\/FiscaliaCol","article_published_time":"2021-10-06T23:25:02+00:00","article_modified_time":"2024-05-23T13:53:36+00:00","author":"Katherine Loaiza Mart\u00ednez","twitter_card":"summary_large_image","twitter_creator":"@FiscaliaCol","twitter_site":"@FiscaliaCol","twitter_misc":{"Escrito por":"Katherine Loaiza Mart\u00ednez","Tiempo de lectura":"2 minutos"},"schema":{"@context":"https:\/\/schema.org","@graph":[{"@type":"Article","@id":"https:\/\/www.fiscalia.gov.co\/colombia\/noticias\/judicializadas-cuatro-personas-por-fabricacion-trafico-porte-o-tenencia-de-armas-de-fuego\/#article","isPartOf":{"@id":"https:\/\/www.fiscalia.gov.co\/colombia\/noticias\/judicializadas-cuatro-personas-por-fabricacion-trafico-porte-o-tenencia-de-armas-de-fuego\/"},"author":{"name":"Katherine Loaiza Mart\u00ednez","@id":"https:\/\/www.fiscalia.gov.co\/colombia\/#\/schema\/person\/2e76b9aba5ecf875ed565ce4de0e0415"},"headline":"Judicializadas cuatro personas por fabricaci\u00f3n, tr\u00e1fico, porte o tenencia de armas de fuego","datePublished":"2021-10-06T23:25:02+00:00","dateModified":"2024-05-23T13:53:36+00:00","mainEntityOfPage":{"@id":"https:\/\/www.fiscalia.gov.co\/colombia\/noticias\/judicializadas-cuatro-personas-por-fabricacion-trafico-porte-o-tenencia-de-armas-de-fuego\/"},"wordCount":368,"publisher":{"@id":"https:\/\/www.fiscalia.gov.co\/colombia\/#organization"},"keywords":["accesorios","Capturados","centro carcelario","domiciliaria","Fabricaci\u00f3n","Fiscal General de Naci\u00f3n","Fiscal\u00eda Colombia","Flagrancia","Medida de aseguramiento","partes o municiones; as\u00ed como receptaci\u00f3n","porte o tenencia de armas de fuego","registro y allanamiento.","Tr\u00e1fico","vinculado al proceso."],"articleSection":["Noticias","Seccional Cali","Seguridad territorial"],"inLanguage":"es-CO"},{"@type":"WebPage","@id":"https:\/\/www.fiscalia.gov.co\/colombia\/noticias\/judicializadas-cuatro-personas-por-fabricacion-trafico-porte-o-tenencia-de-armas-de-fuego\/","url":"https:\/\/www.fiscalia.gov.co\/colombia\/noticias\/judicializadas-cuatro-personas-por-fabricacion-trafico-porte-o-tenencia-de-armas-de-fuego\/","name":"Fiscal\u00eda General de la Naci\u00f3n","isPartOf":{"@id":"https:\/\/www.fiscalia.gov.co\/colombia\/#website"},"datePublished":"2021-10-06T23:25:02+00:00","dateModified":"2024-05-23T13:53:36+00:00","description":"P\u00e1gina oficial de la Fiscal\u00eda General de la Naci\u00f3n \u2013 Colombia. Garantizamos el acceso efectivo a la justicia, la verdad y la reparaci\u00f3n de las v\u00edctimas de los delitos.","breadcrumb":{"@id":"https:\/\/www.fiscalia.gov.co\/colombia\/noticias\/judicializadas-cuatro-personas-por-fabricacion-trafico-porte-o-tenencia-de-armas-de-fuego\/#breadcrumb"},"inLanguage":"es-CO","potentialAction":[{"@type":"ReadAction","target":["https:\/\/www.fiscalia.gov.co\/colombia\/noticias\/judicializadas-cuatro-personas-por-fabricacion-trafico-porte-o-tenencia-de-armas-de-fuego\/"]}]},{"@type":"BreadcrumbList","@id":"https:\/\/www.fiscalia.gov.co\/colombia\/noticias\/judicializadas-cuatro-personas-por-fabricacion-trafico-porte-o-tenencia-de-armas-de-fuego\/#breadcrumb","itemListElement":[{"@type":"ListItem","position":1,"name":"Home","item":"https:\/\/www.fiscalia.gov.co\/colombia\/"},{"@type":"ListItem","position":2,"name":"Judicializadas cuatro personas por fabricaci\u00f3n, tr\u00e1fico, porte o tenencia de armas de fuego"}]},{"@type":"WebSite","@id":"https:\/\/www.fiscalia.gov.co\/colombia\/#website","url":"https:\/\/www.fiscalia.gov.co\/colombia\/","name":"Fiscal\u00eda General de la Naci\u00f3n","description":"P\u00e1gina oficial de la Fiscal\u00eda General de la Naci\u00f3n \u2013 Colombia. Garantizamos el acceso efectivo a la justicia, la verdad y la reparaci\u00f3n de las v\u00edctimas de los delitos.","publisher":{"@id":"https:\/\/www.fiscalia.gov.co\/colombia\/#organization"},"potentialAction":[{"@type":"SearchAction","target":{"@type":"EntryPoint","urlTemplate":"https:\/\/www.fiscalia.gov.co\/colombia\/?s={search_term_string}"},"query-input":{"@type":"PropertyValueSpecification","valueRequired":true,"valueName":"search_term_string"}}],"inLanguage":"es-CO"},{"@type":"Organization","@id":"https:\/\/www.fiscalia.gov.co\/colombia\/#organization","name":"Fiscal\u00eda General de la Naci\u00f3n","url":"https:\/\/www.fiscalia.gov.co\/colombia\/","logo":{"@type":"ImageObject","inLanguage":"es-CO","@id":"https:\/\/www.fiscalia.gov.co\/colombia\/#\/schema\/logo\/image\/","url":"https:\/\/www.fiscalia.gov.co\/colombia\/wp-content\/uploads\/LogoHorizontal_1.jpg","contentUrl":"https:\/\/www.fiscalia.gov.co\/colombia\/wp-content\/uploads\/LogoHorizontal_1.jpg","width":300,"height":90,"caption":"Fiscal\u00eda General de la Naci\u00f3n"},"image":{"@id":"https:\/\/www.fiscalia.gov.co\/colombia\/#\/schema\/logo\/image\/"},"sameAs":["https:\/\/www.facebook.com\/FiscaliaCol","https:\/\/x.com\/FiscaliaCol","https:\/\/www.instagram.com\/fiscaliacol","https:\/\/www.linkedin.com\/company\/fiscalia-general-de-la-naci-n\/","https:\/\/youtube.com\/@fiscaliageneraldelanacion-4668?si=6nN79nyQICPU5iTh"]},{"@type":"Person","@id":"https:\/\/www.fiscalia.gov.co\/colombia\/#\/schema\/person\/2e76b9aba5ecf875ed565ce4de0e0415","name":"Katherine Loaiza Mart\u00ednez","image":{"@type":"ImageObject","inLanguage":"es-CO","@id":"https:\/\/www.fiscalia.gov.co\/colombia\/#\/schema\/person\/image\/","url":"https:\/\/secure.gravatar.com\/avatar\/ab775a2f394c1b83b6d6f78680e57b50?s=96&d=mm&r=g","contentUrl":"https:\/\/secure.gravatar.com\/avatar\/ab775a2f394c1b83b6d6f78680e57b50?s=96&d=mm&r=g","caption":"Katherine Loaiza Mart\u00ednez"},"url":"https:\/\/www.fiscalia.gov.co\/colombia\/author\/kloaiza\/"}]}},"_links":{"self":[{"href":"https:\/\/www.fiscalia.gov.co\/colombia\/wp-json\/wp\/v2\/posts\/231670","targetHints":{"allow":["GET"]}}],"collection":[{"href":"https:\/\/www.fiscalia.gov.co\/colombia\/wp-json\/wp\/v2\/posts"}],"about":[{"href":"https:\/\/www.fiscalia.gov.co\/colombia\/wp-json\/wp\/v2\/types\/post"}],"author":[{"embeddable":true,"href":"https:\/\/www.fiscalia.gov.co\/colombia\/wp-json\/wp\/v2\/users\/175"}],"replies":[{"embeddable":true,"href":"https:\/\/www.fiscalia.gov.co\/colombia\/wp-json\/wp\/v2\/comments?post=231670"}],"version-history":[{"count":2,"href":"https:\/\/www.fiscalia.gov.co\/colombia\/wp-json\/wp\/v2\/posts\/231670\/revisions"}],"predecessor-version":[{"id":295665,"href":"https:\/\/www.fiscalia.gov.co\/colombia\/wp-json\/wp\/v2\/posts\/231670\/revisions\/295665"}],"wp:attachment":[{"href":"https:\/\/www.fiscalia.gov.co\/colombia\/wp-json\/wp\/v2\/media?parent=231670"}],"wp:term":[{"taxonomy":"category","embeddable":true,"href":"https:\/\/www.fiscalia.gov.co\/colombia\/wp-json\/wp\/v2\/categories?post=231670"},{"taxonomy":"post_tag","embeddable":true,"href":"https:\/\/www.fiscalia.gov.co\/colombia\/wp-json\/wp\/v2\/tags?post=231670"}],"curies":[{"name":"wp","href":"https:\/\/api.w.org\/{rel}","templated":true}]}}