{"id":231562,"date":"2021-10-05T19:47:13","date_gmt":"2021-10-06T00:47:13","guid":{"rendered":"https:\/\/www.fiscalia.gov.co\/colombia\/?p=231562"},"modified":"2021-10-06T08:32:33","modified_gmt":"2021-10-06T13:32:33","slug":"judicializadas-dos-presuntos-responsables-de-facilitar-actos-vandalicos-durante-manifestaciones-violentas-en-cartago-valle","status":"publish","type":"post","link":"https:\/\/www.fiscalia.gov.co\/colombia\/noticias\/judicializadas-dos-presuntos-responsables-de-facilitar-actos-vandalicos-durante-manifestaciones-violentas-en-cartago-valle\/","title":{"rendered":"Judicializados dos presuntos responsables de facilitar actos vand\u00e1licos durante manifestaciones violentas en Cartago (Valle)"},"content":{"rendered":"<h4><strong><i><span lang=\"ES\">Los imputados son conocidos con los alias de \u2018Sebasti\u00e1n\u2019 y \u2018Miliciano\u2019, al parecer, proporcionaron medios para ocasionar da\u00f1os y actos vand\u00e1licos en el norte del Valle.<\/span><\/i><\/strong><\/h4>\n<p><span lang=\"ES\">\u00a0<\/span><\/p>\n<p><span lang=\"ES\">Al acoger la solicitud de la Fiscal\u00eda General de la Naci\u00f3n, un juez de control de garant\u00edas de\u00a0<\/span><span lang=\"ES\">Cartago (Valle del Cauca),<\/span><span lang=\"ES\">\u00a0envi\u00f3 a prisi\u00f3n a dos presuntos responsables de liderar y facilitar medios para incurrir en actos vand\u00e1licos durante manifestaciones violentas ocurridas en el municipio de Cartago (Valle del Cauca).<\/span><\/p>\n<p><span lang=\"ES\">Se trata de V\u00edctor Alfonso Flores, alias Miliciano, de 35 a\u00f1os de edad; y Sebastiano Simanca, alias Sebasti\u00e1n, de 22. Los dos hombres son se\u00f1alados como los presuntos responsables de liderar la conocida \u2018primera l\u00ednea\u2019 en Cartago.<\/span><\/p>\n<p><span lang=\"ES\">Los hechos materia de investigaci\u00f3n ocurrieron en mayo pasado. Labores de polic\u00eda judicial adelantadas por la Sijin de la Polic\u00eda Nacional evidenciaron c\u00f3mo las instalaciones de los patios, donde son llevados veh\u00edculos implicados en asuntos judiciales, fueron objeto de vandalismo.<\/span><span lang=\"ES\">\u00a0<\/span><\/p>\n<p><span lang=\"ES\">En hechos ocurridos el mismo d\u00eda, algunas personas incineraron un veh\u00edculo tipo cisterna de los bomberos locales; tambi\u00e9n fueron agredidos polic\u00edas pertenecientes al Esmad.<\/span><\/p>\n<p><span lang=\"ES\">El material probatorio da cuenta de que se motiv\u00f3 la perturbaci\u00f3n al servicio de transporte p\u00fablico y la obstrucci\u00f3n a v\u00edas p\u00fablicas en el sector del puente Sim\u00f3n Bol\u00edvar.<\/span><\/p>\n<p><span lang=\"ES\">En el marco de las acciones investigativas adelantadas el pasado fin de semana fueron capturados por la Sijin los dos ciudadanos. La Fiscal\u00eda les imput\u00f3 cargos por los delitos de da\u00f1o en bien ajeno agravado; perturbaci\u00f3n en servicio de transporte p\u00fablico, colectivo y oficial; obstrucci\u00f3n a v\u00edas p\u00fablicas que afectan el orden p\u00fablico; violencia contra servidor p\u00fablico e instigaci\u00f3n a delinquir agravado. Los cargos no fueron aceptados.<\/span><\/p>\n<p>Por determinaci\u00f3n del juez de garant\u00edas los presuntos implicados deber\u00e1n cumplir medida de aseguramiento en centro carcelario.<\/p>\n<p><b>La Fiscal\u00eda habla con resultados.<\/b><\/p>\n<p><b>MAP\/MAGA\/SMLR\/MRC<\/b><\/p>\n<div><\/div>\n\n<div class=\"twitter-share\"><a href=\"https:\/\/twitter.com\/intent\/tweet?via=fiscaliacol\" class=\"twitter-share-button\">Tweet<\/a><\/div>\n","protected":false},"excerpt":{"rendered":"<p>Los imputados son conocidos con los alias de \u2018Sebasti\u00e1n\u2019 y \u2018Miliciano\u2019, al parecer, proporcionaron medios para ocasionar da\u00f1os y actos vand\u00e1licos en el norte del Valle. \u00a0 Al acoger la solicitud de la Fiscal\u00eda General de la Naci\u00f3n, un juez de control de garant\u00edas de\u00a0Cartago (Valle del Cauca),\u00a0envi\u00f3 a prisi\u00f3n a dos presuntos responsables de [&hellip;]<\/p>\n","protected":false},"author":175,"featured_media":0,"comment_status":"closed","ping_status":"open","sticky":false,"template":"","format":"standard","meta":{"_price":"","_stock":"","_tribe_ticket_header":"","_tribe_default_ticket_provider":"","_tribe_ticket_capacity":"0","_ticket_start_date":"","_ticket_end_date":"","_tribe_ticket_show_description":"","_tribe_ticket_show_not_going":false,"_tribe_ticket_use_global_stock":"","_tribe_ticket_global_stock_level":"","_global_stock_mode":"","_global_stock_cap":"","_tribe_rsvp_for_event":"","_tribe_ticket_going_count":"","_tribe_ticket_not_going_count":"","_tribe_tickets_list":"[]","_tribe_ticket_has_attendee_info_fields":false,"tdm_status":"","tdm_grid_status":"","footnotes":""},"categories":[1,324,24099],"tags":[8010,14550,24551,29006,29005,25230,24187,1185,24549],"class_list":{"0":"post-231562","1":"post","2":"type-post","3":"status-publish","4":"format-standard","6":"category-noticias","7":"category-seccional-cali","8":"category-seguridad-territorial","9":"tag-capturados","10":"tag-carcel","11":"tag-centro-carcelario","12":"tag-colectivo-y-oficial-obstruccion-a-vias-publicas-que-afectan-el-orden-publico-violencia-contra-servidor-publico-asi-como-instigacion-a-delinquir-agravado","13":"tag-dano-en-bien-ajeno-agravado-perturbacion-en-servicio-de-transporte-publico","14":"tag-fiscal-general-de-nacion","15":"tag-fiscalia-colombia","16":"tag-medida-de-aseguramiento","17":"tag-orden-judicial"},"yoast_head":"<!-- This site is optimized with the Yoast SEO plugin v24.3 - https:\/\/yoast.com\/wordpress\/plugins\/seo\/ -->\n<title>Fiscal\u00eda General de la Naci\u00f3n<\/title>\n<meta name=\"description\" content=\"P\u00e1gina oficial de la Fiscal\u00eda General de la Naci\u00f3n \u2013 Colombia. Garantizamos el acceso efectivo a la justicia, la verdad y la reparaci\u00f3n de las v\u00edctimas de los delitos.\" \/>\n<meta name=\"robots\" content=\"noindex, follow\" \/>\n<meta property=\"og:locale\" content=\"es_ES\" \/>\n<meta property=\"og:type\" content=\"article\" \/>\n<meta property=\"og:title\" content=\"Fiscal\u00eda General de la Naci\u00f3n\" \/>\n<meta property=\"og:description\" content=\"P\u00e1gina oficial de la Fiscal\u00eda General de la Naci\u00f3n \u2013 Colombia. Garantizamos el acceso efectivo a la justicia, la verdad y la reparaci\u00f3n de las v\u00edctimas de los delitos.\" \/>\n<meta property=\"og:url\" content=\"https:\/\/www.fiscalia.gov.co\/colombia\/noticias\/judicializadas-dos-presuntos-responsables-de-facilitar-actos-vandalicos-durante-manifestaciones-violentas-en-cartago-valle\/\" \/>\n<meta property=\"og:site_name\" content=\"Fiscal\u00eda General de la Naci\u00f3n\" \/>\n<meta property=\"article:publisher\" content=\"https:\/\/www.facebook.com\/FiscaliaCol\" \/>\n<meta property=\"article:published_time\" content=\"2021-10-06T00:47:13+00:00\" \/>\n<meta property=\"article:modified_time\" content=\"2021-10-06T13:32:33+00:00\" \/>\n<meta name=\"author\" content=\"Katherine Loaiza Mart\u00ednez\" \/>\n<meta name=\"twitter:card\" content=\"summary_large_image\" \/>\n<meta name=\"twitter:creator\" content=\"@FiscaliaCol\" \/>\n<meta name=\"twitter:site\" content=\"@FiscaliaCol\" \/>\n<meta name=\"twitter:label1\" content=\"Escrito por\" \/>\n\t<meta name=\"twitter:data1\" content=\"Katherine Loaiza Mart\u00ednez\" \/>\n\t<meta name=\"twitter:label2\" content=\"Tiempo de lectura\" \/>\n\t<meta name=\"twitter:data2\" content=\"2 minutos\" \/>\n<script type=\"application\/ld+json\" class=\"yoast-schema-graph\">{\"@context\":\"https:\/\/schema.org\",\"@graph\":[{\"@type\":\"Article\",\"@id\":\"https:\/\/www.fiscalia.gov.co\/colombia\/noticias\/judicializadas-dos-presuntos-responsables-de-facilitar-actos-vandalicos-durante-manifestaciones-violentas-en-cartago-valle\/#article\",\"isPartOf\":{\"@id\":\"https:\/\/www.fiscalia.gov.co\/colombia\/noticias\/judicializadas-dos-presuntos-responsables-de-facilitar-actos-vandalicos-durante-manifestaciones-violentas-en-cartago-valle\/\"},\"author\":{\"name\":\"Katherine Loaiza Mart\u00ednez\",\"@id\":\"https:\/\/www.fiscalia.gov.co\/colombia\/#\/schema\/person\/2e76b9aba5ecf875ed565ce4de0e0415\"},\"headline\":\"Judicializados dos presuntos responsables de facilitar actos vand\u00e1licos durante manifestaciones violentas en Cartago (Valle)\",\"datePublished\":\"2021-10-06T00:47:13+00:00\",\"dateModified\":\"2021-10-06T13:32:33+00:00\",\"mainEntityOfPage\":{\"@id\":\"https:\/\/www.fiscalia.gov.co\/colombia\/noticias\/judicializadas-dos-presuntos-responsables-de-facilitar-actos-vandalicos-durante-manifestaciones-violentas-en-cartago-valle\/\"},\"wordCount\":356,\"publisher\":{\"@id\":\"https:\/\/www.fiscalia.gov.co\/colombia\/#organization\"},\"keywords\":[\"Capturados\",\"C\u00e1rcel\",\"centro carcelario\",\"colectivo y oficial; obstrucci\u00f3n a v\u00edas p\u00fablicas que afectan el orden p\u00fablico; violencia contra servidor p\u00fablico; as\u00ed como instigaci\u00f3n a delinquir agravado\",\"da\u00f1o en bien ajeno agravado; perturbaci\u00f3n en servicio de transporte p\u00fablico\",\"Fiscal General de Naci\u00f3n\",\"Fiscal\u00eda Colombia\",\"Medida de aseguramiento\",\"orden judicial\"],\"articleSection\":[\"Noticias\",\"Seccional Cali\",\"Seguridad territorial\"],\"inLanguage\":\"es-CO\"},{\"@type\":\"WebPage\",\"@id\":\"https:\/\/www.fiscalia.gov.co\/colombia\/noticias\/judicializadas-dos-presuntos-responsables-de-facilitar-actos-vandalicos-durante-manifestaciones-violentas-en-cartago-valle\/\",\"url\":\"https:\/\/www.fiscalia.gov.co\/colombia\/noticias\/judicializadas-dos-presuntos-responsables-de-facilitar-actos-vandalicos-durante-manifestaciones-violentas-en-cartago-valle\/\",\"name\":\"Fiscal\u00eda General de la Naci\u00f3n\",\"isPartOf\":{\"@id\":\"https:\/\/www.fiscalia.gov.co\/colombia\/#website\"},\"datePublished\":\"2021-10-06T00:47:13+00:00\",\"dateModified\":\"2021-10-06T13:32:33+00:00\",\"description\":\"P\u00e1gina oficial de la Fiscal\u00eda General de la Naci\u00f3n \u2013 Colombia. Garantizamos el acceso efectivo a la justicia, la verdad y la reparaci\u00f3n de las v\u00edctimas de los delitos.\",\"breadcrumb\":{\"@id\":\"https:\/\/www.fiscalia.gov.co\/colombia\/noticias\/judicializadas-dos-presuntos-responsables-de-facilitar-actos-vandalicos-durante-manifestaciones-violentas-en-cartago-valle\/#breadcrumb\"},\"inLanguage\":\"es-CO\",\"potentialAction\":[{\"@type\":\"ReadAction\",\"target\":[\"https:\/\/www.fiscalia.gov.co\/colombia\/noticias\/judicializadas-dos-presuntos-responsables-de-facilitar-actos-vandalicos-durante-manifestaciones-violentas-en-cartago-valle\/\"]}]},{\"@type\":\"BreadcrumbList\",\"@id\":\"https:\/\/www.fiscalia.gov.co\/colombia\/noticias\/judicializadas-dos-presuntos-responsables-de-facilitar-actos-vandalicos-durante-manifestaciones-violentas-en-cartago-valle\/#breadcrumb\",\"itemListElement\":[{\"@type\":\"ListItem\",\"position\":1,\"name\":\"Home\",\"item\":\"https:\/\/www.fiscalia.gov.co\/colombia\/\"},{\"@type\":\"ListItem\",\"position\":2,\"name\":\"Judicializados dos presuntos responsables de facilitar actos vand\u00e1licos durante manifestaciones violentas en Cartago (Valle)\"}]},{\"@type\":\"WebSite\",\"@id\":\"https:\/\/www.fiscalia.gov.co\/colombia\/#website\",\"url\":\"https:\/\/www.fiscalia.gov.co\/colombia\/\",\"name\":\"Fiscal\u00eda General de la Naci\u00f3n\",\"description\":\"P\u00e1gina oficial de la Fiscal\u00eda General de la Naci\u00f3n \u2013 Colombia. Garantizamos el acceso efectivo a la justicia, la verdad y la reparaci\u00f3n de las v\u00edctimas de los delitos.\",\"publisher\":{\"@id\":\"https:\/\/www.fiscalia.gov.co\/colombia\/#organization\"},\"potentialAction\":[{\"@type\":\"SearchAction\",\"target\":{\"@type\":\"EntryPoint\",\"urlTemplate\":\"https:\/\/www.fiscalia.gov.co\/colombia\/?s={search_term_string}\"},\"query-input\":{\"@type\":\"PropertyValueSpecification\",\"valueRequired\":true,\"valueName\":\"search_term_string\"}}],\"inLanguage\":\"es-CO\"},{\"@type\":\"Organization\",\"@id\":\"https:\/\/www.fiscalia.gov.co\/colombia\/#organization\",\"name\":\"Fiscal\u00eda General de la Naci\u00f3n\",\"url\":\"https:\/\/www.fiscalia.gov.co\/colombia\/\",\"logo\":{\"@type\":\"ImageObject\",\"inLanguage\":\"es-CO\",\"@id\":\"https:\/\/www.fiscalia.gov.co\/colombia\/#\/schema\/logo\/image\/\",\"url\":\"https:\/\/www.fiscalia.gov.co\/colombia\/wp-content\/uploads\/LogoHorizontal_1.jpg\",\"contentUrl\":\"https:\/\/www.fiscalia.gov.co\/colombia\/wp-content\/uploads\/LogoHorizontal_1.jpg\",\"width\":300,\"height\":90,\"caption\":\"Fiscal\u00eda General de la Naci\u00f3n\"},\"image\":{\"@id\":\"https:\/\/www.fiscalia.gov.co\/colombia\/#\/schema\/logo\/image\/\"},\"sameAs\":[\"https:\/\/www.facebook.com\/FiscaliaCol\",\"https:\/\/x.com\/FiscaliaCol\",\"https:\/\/www.instagram.com\/fiscaliacol\",\"https:\/\/www.linkedin.com\/company\/fiscalia-general-de-la-naci-n\/\",\"https:\/\/youtube.com\/@fiscaliageneraldelanacion-4668?si=6nN79nyQICPU5iTh\"]},{\"@type\":\"Person\",\"@id\":\"https:\/\/www.fiscalia.gov.co\/colombia\/#\/schema\/person\/2e76b9aba5ecf875ed565ce4de0e0415\",\"name\":\"Katherine Loaiza Mart\u00ednez\",\"image\":{\"@type\":\"ImageObject\",\"inLanguage\":\"es-CO\",\"@id\":\"https:\/\/www.fiscalia.gov.co\/colombia\/#\/schema\/person\/image\/\",\"url\":\"https:\/\/secure.gravatar.com\/avatar\/ab775a2f394c1b83b6d6f78680e57b50?s=96&d=mm&r=g\",\"contentUrl\":\"https:\/\/secure.gravatar.com\/avatar\/ab775a2f394c1b83b6d6f78680e57b50?s=96&d=mm&r=g\",\"caption\":\"Katherine Loaiza Mart\u00ednez\"},\"url\":\"https:\/\/www.fiscalia.gov.co\/colombia\/author\/kloaiza\/\"}]}<\/script>\n<!-- \/ Yoast SEO plugin. -->","yoast_head_json":{"title":"Fiscal\u00eda General de la Naci\u00f3n","description":"P\u00e1gina oficial de la Fiscal\u00eda General de la Naci\u00f3n \u2013 Colombia. Garantizamos el acceso efectivo a la justicia, la verdad y la reparaci\u00f3n de las v\u00edctimas de los delitos.","robots":{"index":"noindex","follow":"follow"},"og_locale":"es_ES","og_type":"article","og_title":"Fiscal\u00eda General de la Naci\u00f3n","og_description":"P\u00e1gina oficial de la Fiscal\u00eda General de la Naci\u00f3n \u2013 Colombia. Garantizamos el acceso efectivo a la justicia, la verdad y la reparaci\u00f3n de las v\u00edctimas de los delitos.","og_url":"https:\/\/www.fiscalia.gov.co\/colombia\/noticias\/judicializadas-dos-presuntos-responsables-de-facilitar-actos-vandalicos-durante-manifestaciones-violentas-en-cartago-valle\/","og_site_name":"Fiscal\u00eda General de la Naci\u00f3n","article_publisher":"https:\/\/www.facebook.com\/FiscaliaCol","article_published_time":"2021-10-06T00:47:13+00:00","article_modified_time":"2021-10-06T13:32:33+00:00","author":"Katherine Loaiza Mart\u00ednez","twitter_card":"summary_large_image","twitter_creator":"@FiscaliaCol","twitter_site":"@FiscaliaCol","twitter_misc":{"Escrito por":"Katherine Loaiza Mart\u00ednez","Tiempo de lectura":"2 minutos"},"schema":{"@context":"https:\/\/schema.org","@graph":[{"@type":"Article","@id":"https:\/\/www.fiscalia.gov.co\/colombia\/noticias\/judicializadas-dos-presuntos-responsables-de-facilitar-actos-vandalicos-durante-manifestaciones-violentas-en-cartago-valle\/#article","isPartOf":{"@id":"https:\/\/www.fiscalia.gov.co\/colombia\/noticias\/judicializadas-dos-presuntos-responsables-de-facilitar-actos-vandalicos-durante-manifestaciones-violentas-en-cartago-valle\/"},"author":{"name":"Katherine Loaiza Mart\u00ednez","@id":"https:\/\/www.fiscalia.gov.co\/colombia\/#\/schema\/person\/2e76b9aba5ecf875ed565ce4de0e0415"},"headline":"Judicializados dos presuntos responsables de facilitar actos vand\u00e1licos durante manifestaciones violentas en Cartago (Valle)","datePublished":"2021-10-06T00:47:13+00:00","dateModified":"2021-10-06T13:32:33+00:00","mainEntityOfPage":{"@id":"https:\/\/www.fiscalia.gov.co\/colombia\/noticias\/judicializadas-dos-presuntos-responsables-de-facilitar-actos-vandalicos-durante-manifestaciones-violentas-en-cartago-valle\/"},"wordCount":356,"publisher":{"@id":"https:\/\/www.fiscalia.gov.co\/colombia\/#organization"},"keywords":["Capturados","C\u00e1rcel","centro carcelario","colectivo y oficial; obstrucci\u00f3n a v\u00edas p\u00fablicas que afectan el orden p\u00fablico; violencia contra servidor p\u00fablico; as\u00ed como instigaci\u00f3n a delinquir agravado","da\u00f1o en bien ajeno agravado; perturbaci\u00f3n en servicio de transporte p\u00fablico","Fiscal General de Naci\u00f3n","Fiscal\u00eda Colombia","Medida de aseguramiento","orden judicial"],"articleSection":["Noticias","Seccional Cali","Seguridad territorial"],"inLanguage":"es-CO"},{"@type":"WebPage","@id":"https:\/\/www.fiscalia.gov.co\/colombia\/noticias\/judicializadas-dos-presuntos-responsables-de-facilitar-actos-vandalicos-durante-manifestaciones-violentas-en-cartago-valle\/","url":"https:\/\/www.fiscalia.gov.co\/colombia\/noticias\/judicializadas-dos-presuntos-responsables-de-facilitar-actos-vandalicos-durante-manifestaciones-violentas-en-cartago-valle\/","name":"Fiscal\u00eda General de la Naci\u00f3n","isPartOf":{"@id":"https:\/\/www.fiscalia.gov.co\/colombia\/#website"},"datePublished":"2021-10-06T00:47:13+00:00","dateModified":"2021-10-06T13:32:33+00:00","description":"P\u00e1gina oficial de la Fiscal\u00eda General de la Naci\u00f3n \u2013 Colombia. Garantizamos el acceso efectivo a la justicia, la verdad y la reparaci\u00f3n de las v\u00edctimas de los delitos.","breadcrumb":{"@id":"https:\/\/www.fiscalia.gov.co\/colombia\/noticias\/judicializadas-dos-presuntos-responsables-de-facilitar-actos-vandalicos-durante-manifestaciones-violentas-en-cartago-valle\/#breadcrumb"},"inLanguage":"es-CO","potentialAction":[{"@type":"ReadAction","target":["https:\/\/www.fiscalia.gov.co\/colombia\/noticias\/judicializadas-dos-presuntos-responsables-de-facilitar-actos-vandalicos-durante-manifestaciones-violentas-en-cartago-valle\/"]}]},{"@type":"BreadcrumbList","@id":"https:\/\/www.fiscalia.gov.co\/colombia\/noticias\/judicializadas-dos-presuntos-responsables-de-facilitar-actos-vandalicos-durante-manifestaciones-violentas-en-cartago-valle\/#breadcrumb","itemListElement":[{"@type":"ListItem","position":1,"name":"Home","item":"https:\/\/www.fiscalia.gov.co\/colombia\/"},{"@type":"ListItem","position":2,"name":"Judicializados dos presuntos responsables de facilitar actos vand\u00e1licos durante manifestaciones violentas en Cartago (Valle)"}]},{"@type":"WebSite","@id":"https:\/\/www.fiscalia.gov.co\/colombia\/#website","url":"https:\/\/www.fiscalia.gov.co\/colombia\/","name":"Fiscal\u00eda General de la Naci\u00f3n","description":"P\u00e1gina oficial de la Fiscal\u00eda General de la Naci\u00f3n \u2013 Colombia. Garantizamos el acceso efectivo a la justicia, la verdad y la reparaci\u00f3n de las v\u00edctimas de los delitos.","publisher":{"@id":"https:\/\/www.fiscalia.gov.co\/colombia\/#organization"},"potentialAction":[{"@type":"SearchAction","target":{"@type":"EntryPoint","urlTemplate":"https:\/\/www.fiscalia.gov.co\/colombia\/?s={search_term_string}"},"query-input":{"@type":"PropertyValueSpecification","valueRequired":true,"valueName":"search_term_string"}}],"inLanguage":"es-CO"},{"@type":"Organization","@id":"https:\/\/www.fiscalia.gov.co\/colombia\/#organization","name":"Fiscal\u00eda General de la Naci\u00f3n","url":"https:\/\/www.fiscalia.gov.co\/colombia\/","logo":{"@type":"ImageObject","inLanguage":"es-CO","@id":"https:\/\/www.fiscalia.gov.co\/colombia\/#\/schema\/logo\/image\/","url":"https:\/\/www.fiscalia.gov.co\/colombia\/wp-content\/uploads\/LogoHorizontal_1.jpg","contentUrl":"https:\/\/www.fiscalia.gov.co\/colombia\/wp-content\/uploads\/LogoHorizontal_1.jpg","width":300,"height":90,"caption":"Fiscal\u00eda General de la Naci\u00f3n"},"image":{"@id":"https:\/\/www.fiscalia.gov.co\/colombia\/#\/schema\/logo\/image\/"},"sameAs":["https:\/\/www.facebook.com\/FiscaliaCol","https:\/\/x.com\/FiscaliaCol","https:\/\/www.instagram.com\/fiscaliacol","https:\/\/www.linkedin.com\/company\/fiscalia-general-de-la-naci-n\/","https:\/\/youtube.com\/@fiscaliageneraldelanacion-4668?si=6nN79nyQICPU5iTh"]},{"@type":"Person","@id":"https:\/\/www.fiscalia.gov.co\/colombia\/#\/schema\/person\/2e76b9aba5ecf875ed565ce4de0e0415","name":"Katherine Loaiza Mart\u00ednez","image":{"@type":"ImageObject","inLanguage":"es-CO","@id":"https:\/\/www.fiscalia.gov.co\/colombia\/#\/schema\/person\/image\/","url":"https:\/\/secure.gravatar.com\/avatar\/ab775a2f394c1b83b6d6f78680e57b50?s=96&d=mm&r=g","contentUrl":"https:\/\/secure.gravatar.com\/avatar\/ab775a2f394c1b83b6d6f78680e57b50?s=96&d=mm&r=g","caption":"Katherine Loaiza Mart\u00ednez"},"url":"https:\/\/www.fiscalia.gov.co\/colombia\/author\/kloaiza\/"}]}},"_links":{"self":[{"href":"https:\/\/www.fiscalia.gov.co\/colombia\/wp-json\/wp\/v2\/posts\/231562","targetHints":{"allow":["GET"]}}],"collection":[{"href":"https:\/\/www.fiscalia.gov.co\/colombia\/wp-json\/wp\/v2\/posts"}],"about":[{"href":"https:\/\/www.fiscalia.gov.co\/colombia\/wp-json\/wp\/v2\/types\/post"}],"author":[{"embeddable":true,"href":"https:\/\/www.fiscalia.gov.co\/colombia\/wp-json\/wp\/v2\/users\/175"}],"replies":[{"embeddable":true,"href":"https:\/\/www.fiscalia.gov.co\/colombia\/wp-json\/wp\/v2\/comments?post=231562"}],"version-history":[{"count":2,"href":"https:\/\/www.fiscalia.gov.co\/colombia\/wp-json\/wp\/v2\/posts\/231562\/revisions"}],"predecessor-version":[{"id":231581,"href":"https:\/\/www.fiscalia.gov.co\/colombia\/wp-json\/wp\/v2\/posts\/231562\/revisions\/231581"}],"wp:attachment":[{"href":"https:\/\/www.fiscalia.gov.co\/colombia\/wp-json\/wp\/v2\/media?parent=231562"}],"wp:term":[{"taxonomy":"category","embeddable":true,"href":"https:\/\/www.fiscalia.gov.co\/colombia\/wp-json\/wp\/v2\/categories?post=231562"},{"taxonomy":"post_tag","embeddable":true,"href":"https:\/\/www.fiscalia.gov.co\/colombia\/wp-json\/wp\/v2\/tags?post=231562"}],"curies":[{"name":"wp","href":"https:\/\/api.w.org\/{rel}","templated":true}]}}