{"id":231524,"date":"2021-10-05T16:30:51","date_gmt":"2021-10-05T21:30:51","guid":{"rendered":"https:\/\/www.fiscalia.gov.co\/colombia\/?p=231524"},"modified":"2021-10-05T16:30:51","modified_gmt":"2021-10-05T21:30:51","slug":"judicializados-cuatro-presuntos-implicados-en-trafico-de-estupefacientes-y-de-armas-de-fuego","status":"publish","type":"post","link":"https:\/\/www.fiscalia.gov.co\/colombia\/noticias\/judicializados-cuatro-presuntos-implicados-en-trafico-de-estupefacientes-y-de-armas-de-fuego\/","title":{"rendered":"Judicializados cuatro presuntos implicados en tr\u00e1fico de estupefacientes y de armas de fuego"},"content":{"rendered":"<p><span lang=\"ES\">Con medida de aseguramiento privativa de la libertad en c\u00e1rcel fueron cobijados cuatro presuntos integrantes de un grupo delictivo dedicado al tr\u00e1fico de sustancias estupefacientes y de armas de fuego en San Pedro (Valle del Cauca).<\/span><\/p>\n<figure id=\"attachment_231525\" aria-describedby=\"caption-attachment-231525\" style=\"width: 993px\" class=\"wp-caption aligncenter\"><img loading=\"lazy\" decoding=\"async\" class=\"size-full wp-image-231525\" src=\"https:\/\/www.fiscalia.gov.co\/colombia\/wp-content\/uploads\/Judicializados-por-estupefacientes-y-porte-ilegal-de-armas.-San-Pedro-Valle..jpg\" alt=\"\" width=\"993\" height=\"512\" srcset=\"https:\/\/www.fiscalia.gov.co\/colombia\/wp-content\/uploads\/Judicializados-por-estupefacientes-y-porte-ilegal-de-armas.-San-Pedro-Valle..jpg 993w, https:\/\/www.fiscalia.gov.co\/colombia\/wp-content\/uploads\/Judicializados-por-estupefacientes-y-porte-ilegal-de-armas.-San-Pedro-Valle.-300x155.jpg 300w, https:\/\/www.fiscalia.gov.co\/colombia\/wp-content\/uploads\/Judicializados-por-estupefacientes-y-porte-ilegal-de-armas.-San-Pedro-Valle.-768x396.jpg 768w, https:\/\/www.fiscalia.gov.co\/colombia\/wp-content\/uploads\/Judicializados-por-estupefacientes-y-porte-ilegal-de-armas.-San-Pedro-Valle.-696x359.jpg 696w, https:\/\/www.fiscalia.gov.co\/colombia\/wp-content\/uploads\/Judicializados-por-estupefacientes-y-porte-ilegal-de-armas.-San-Pedro-Valle.-815x420.jpg 815w\" sizes=\"auto, (max-width: 993px) 100vw, 993px\" \/><figcaption id=\"caption-attachment-231525\" class=\"wp-caption-text\">\u00c1ngel Mar\u00eda Bedoya Rodr\u00edguez, Liliana Bedoya Bartolo, \u00c1ngel David Ochoa Salazar y Yordan Emilio Bedoya Bartolo, enviados a la c\u00e1rcel por tr\u00e1fico de estupefacientes y porte ilegal de armas de fuego, en San Pedro (Valle).<\/figcaption><\/figure>\n<p><span lang=\"ES\">Se trata de \u00c1ngel Mar\u00eda Bedoya Rodr\u00edguez, Liliana Bedoya Bartolo, \u00c1ngel David Ochoa Salazar y Yordan Emilio Bedoya Bartolo.<\/span><\/p>\n<p><span lang=\"ES\">Estas personas fueron capturadas en flagrancia durante diligencias de registro y allanamiento en el corregimiento Guayabal, jurisdicci\u00f3n del municipio de\u00a0<\/span><span lang=\"ES\">San Pedro (Valle del Cauca).<\/span><\/p>\n<p><span lang=\"ES\">En los operativos\u00a0<\/span><span lang=\"ES\">fueron incautadas una pistola y un rev\u00f3lver, 2.123 gramos de marihuana, 104 gramos de coca\u00edna y cerca de un mill\u00f3n y medio de pesos en efectivo.<\/span><\/p>\n<p><span lang=\"ES\">Labores de polic\u00eda judicial adelantadas por la Sijin de la Polic\u00eda Nacional permitieron establecer que las personas investigadas, al parecer, estar\u00edan inmersas en la distribuci\u00f3n de narc\u00f3ticos y en el alquiler de\u00a0<a href=\"https:\/\/www.fiscalia.gov.co\/colombia\/noticias\/fiscalia-capturo-a-un-hombre-para-que-cumpla-sentencia-por-porte-ilegal-de-armas-de-fuego\/\" target=\"_blank\" rel=\"noopener noreferrer\" data-saferedirecturl=\"https:\/\/www.google.com\/url?q=https:\/\/www.fiscalia.gov.co\/colombia\/noticias\/fiscalia-capturo-a-un-hombre-para-que-cumpla-sentencia-por-porte-ilegal-de-armas-de-fuego\/&amp;source=gmail&amp;ust=1633555476071000&amp;usg=AFQjCNF7qC_hcoErz0E1rFJTK3g0IAnEbQ\">armas de fuego<\/a>\u00a0para la comisi\u00f3n de distintos il\u00edcitos.<\/span><span lang=\"ES\">\u00a0<\/span><\/p>\n<p><span lang=\"ES\">Un fiscal especializado de la Estructura de Apoyo (EDA) de la Seccional Valle del Cauca imput\u00f3 a los capturados delitos como: fabricaci\u00f3n, tr\u00e1fico y porte de armas de fuego, municiones, de uso restringido y de uso privativo de la Fuerzas Armadas; fabricaci\u00f3n, tr\u00e1fico, porte o tenencia de armas de fuego, accesorios, partes o municiones; tr\u00e1fico, fabricaci\u00f3n o porte de\u00a0<a href=\"https:\/\/www.fiscalia.gov.co\/colombia\/noticias\/fiscalia-desarticula-banda-los-manchados-dedicada-a-la-produccion-y-trafico-de-estupefacientes-en-santander\/\" target=\"_blank\" rel=\"noopener noreferrer\" data-saferedirecturl=\"https:\/\/www.google.com\/url?q=https:\/\/www.fiscalia.gov.co\/colombia\/noticias\/fiscalia-desarticula-banda-los-manchados-dedicada-a-la-produccion-y-trafico-de-estupefacientes-en-santander\/&amp;source=gmail&amp;ust=1633555476071000&amp;usg=AFQjCNGVSihbT0lXKaU3waquGZqy9GkorQ\">estupefacientes<\/a>. Ninguno de los cargos fue aceptado.<\/span><\/p>\n<p>MAP\/MAGA\/SMLR<\/p>\n\n<div class=\"twitter-share\"><a href=\"https:\/\/twitter.com\/intent\/tweet?via=fiscaliacol\" class=\"twitter-share-button\">Tweet<\/a><\/div>\n","protected":false},"excerpt":{"rendered":"<p>Con medida de aseguramiento privativa de la libertad en c\u00e1rcel fueron cobijados cuatro presuntos integrantes de un grupo delictivo dedicado al tr\u00e1fico de sustancias estupefacientes y de armas de fuego en San Pedro (Valle del Cauca). Se trata de \u00c1ngel Mar\u00eda Bedoya Rodr\u00edguez, Liliana Bedoya Bartolo, \u00c1ngel David Ochoa Salazar y Yordan Emilio Bedoya Bartolo. [&hellip;]<\/p>\n","protected":false},"author":175,"featured_media":0,"comment_status":"closed","ping_status":"open","sticky":false,"template":"","format":"standard","meta":{"_price":"","_stock":"","_tribe_ticket_header":"","_tribe_default_ticket_provider":"","_tribe_ticket_capacity":"0","_ticket_start_date":"","_ticket_end_date":"","_tribe_ticket_show_description":"","_tribe_ticket_show_not_going":false,"_tribe_ticket_use_global_stock":"","_tribe_ticket_global_stock_level":"","_global_stock_mode":"","_global_stock_cap":"","_tribe_rsvp_for_event":"","_tribe_ticket_going_count":"","_tribe_ticket_not_going_count":"","_tribe_tickets_list":"[]","_tribe_ticket_has_attendee_info_fields":false,"tdm_status":"","tdm_grid_status":"","footnotes":""},"categories":[1,324,24103],"tags":[25146,8010,24551,29002,4140,11533,24189,25230,24526,24187,7169,1185,5699,26274,14817,24584,24783,916,4141],"class_list":{"0":"post-231524","1":"post","2":"type-post","3":"status-publish","4":"format-standard","6":"category-noticias","7":"category-seccional-cali","8":"category-trafico-de-estupefacientes","9":"tag-accesorios","10":"tag-capturados","11":"tag-centro-carcelario","12":"tag-de-uso-restringido-y-de-uso-privativo-de-la-fuerzas-armadas-fabricacion","13":"tag-fabricacion","14":"tag-fabricacion-o-porte-de-estupefacientes","15":"tag-fiscal-francisco-barbosa-delgado","16":"tag-fiscal-general-de-nacion","17":"tag-fiscal-general-francisco-barbosa-delgado","18":"tag-fiscalia-colombia","19":"tag-flagrancia","20":"tag-medida-de-aseguramiento","21":"tag-municiones","22":"tag-partes-o-municiones-trafico","23":"tag-porte-o-tenencia-de-armas-de-fuego","24":"tag-privativa-de-la-libertad","25":"tag-registro-y-allanamiento","26":"tag-trafico","27":"tag-trafico-y-porte-de-armas-de-fuego"},"yoast_head":"<!-- This site is optimized with the Yoast SEO plugin v24.3 - https:\/\/yoast.com\/wordpress\/plugins\/seo\/ -->\n<title>Fiscal\u00eda General de la Naci\u00f3n<\/title>\n<meta name=\"description\" content=\"P\u00e1gina oficial de la Fiscal\u00eda General de la Naci\u00f3n \u2013 Colombia. Garantizamos el acceso efectivo a la justicia, la verdad y la reparaci\u00f3n de las v\u00edctimas de los delitos.\" \/>\n<meta name=\"robots\" content=\"noindex, follow\" \/>\n<meta property=\"og:locale\" content=\"es_ES\" \/>\n<meta property=\"og:type\" content=\"article\" \/>\n<meta property=\"og:title\" content=\"Fiscal\u00eda General de la Naci\u00f3n\" \/>\n<meta property=\"og:description\" content=\"P\u00e1gina oficial de la Fiscal\u00eda General de la Naci\u00f3n \u2013 Colombia. Garantizamos el acceso efectivo a la justicia, la verdad y la reparaci\u00f3n de las v\u00edctimas de los delitos.\" \/>\n<meta property=\"og:url\" content=\"https:\/\/www.fiscalia.gov.co\/colombia\/noticias\/judicializados-cuatro-presuntos-implicados-en-trafico-de-estupefacientes-y-de-armas-de-fuego\/\" \/>\n<meta property=\"og:site_name\" content=\"Fiscal\u00eda General de la Naci\u00f3n\" \/>\n<meta property=\"article:publisher\" content=\"https:\/\/www.facebook.com\/FiscaliaCol\" \/>\n<meta property=\"article:published_time\" content=\"2021-10-05T21:30:51+00:00\" \/>\n<meta property=\"og:image\" content=\"https:\/\/www.fiscalia.gov.co\/colombia\/wp-content\/uploads\/Judicializados-por-estupefacientes-y-porte-ilegal-de-armas.-San-Pedro-Valle..jpg\" \/>\n<meta name=\"author\" content=\"Katherine Loaiza Mart\u00ednez\" \/>\n<meta name=\"twitter:card\" content=\"summary_large_image\" \/>\n<meta name=\"twitter:creator\" content=\"@FiscaliaCol\" \/>\n<meta name=\"twitter:site\" content=\"@FiscaliaCol\" \/>\n<meta name=\"twitter:label1\" content=\"Escrito por\" \/>\n\t<meta name=\"twitter:data1\" content=\"Katherine Loaiza Mart\u00ednez\" \/>\n\t<meta name=\"twitter:label2\" content=\"Tiempo de lectura\" \/>\n\t<meta name=\"twitter:data2\" content=\"1 minuto\" \/>\n<script type=\"application\/ld+json\" class=\"yoast-schema-graph\">{\"@context\":\"https:\/\/schema.org\",\"@graph\":[{\"@type\":\"Article\",\"@id\":\"https:\/\/www.fiscalia.gov.co\/colombia\/noticias\/judicializados-cuatro-presuntos-implicados-en-trafico-de-estupefacientes-y-de-armas-de-fuego\/#article\",\"isPartOf\":{\"@id\":\"https:\/\/www.fiscalia.gov.co\/colombia\/noticias\/judicializados-cuatro-presuntos-implicados-en-trafico-de-estupefacientes-y-de-armas-de-fuego\/\"},\"author\":{\"name\":\"Katherine Loaiza Mart\u00ednez\",\"@id\":\"https:\/\/www.fiscalia.gov.co\/colombia\/#\/schema\/person\/2e76b9aba5ecf875ed565ce4de0e0415\"},\"headline\":\"Judicializados cuatro presuntos implicados en tr\u00e1fico de estupefacientes y de armas de fuego\",\"datePublished\":\"2021-10-05T21:30:51+00:00\",\"dateModified\":\"2021-10-05T21:30:51+00:00\",\"mainEntityOfPage\":{\"@id\":\"https:\/\/www.fiscalia.gov.co\/colombia\/noticias\/judicializados-cuatro-presuntos-implicados-en-trafico-de-estupefacientes-y-de-armas-de-fuego\/\"},\"wordCount\":298,\"publisher\":{\"@id\":\"https:\/\/www.fiscalia.gov.co\/colombia\/#organization\"},\"image\":{\"@id\":\"https:\/\/www.fiscalia.gov.co\/colombia\/noticias\/judicializados-cuatro-presuntos-implicados-en-trafico-de-estupefacientes-y-de-armas-de-fuego\/#primaryimage\"},\"thumbnailUrl\":\"https:\/\/www.fiscalia.gov.co\/colombia\/wp-content\/uploads\/Judicializados-por-estupefacientes-y-porte-ilegal-de-armas.-San-Pedro-Valle..jpg\",\"keywords\":[\"accesorios\",\"Capturados\",\"centro carcelario\",\"de uso restringido y de uso privativo de la Fuerzas Armadas; fabricaci\u00f3n\",\"Fabricaci\u00f3n\",\"fabricaci\u00f3n o porte de estupefacientes\",\"Fiscal Francisco Barbosa Delgado\",\"Fiscal General de Naci\u00f3n\",\"Fiscal General Francisco Barbosa Delgado\",\"Fiscal\u00eda Colombia\",\"Flagrancia\",\"Medida de aseguramiento\",\"Municiones\",\"partes o municiones; tr\u00e1fico\",\"porte o tenencia de armas de fuego\",\"privativa de la libertad.\",\"registro y allanamiento.\",\"Tr\u00e1fico\",\"tr\u00e1fico y porte de armas de fuego\"],\"articleSection\":[\"Noticias\",\"Seccional Cali\",\"Tr\u00e1fico de estupefacientes\"],\"inLanguage\":\"es-CO\"},{\"@type\":\"WebPage\",\"@id\":\"https:\/\/www.fiscalia.gov.co\/colombia\/noticias\/judicializados-cuatro-presuntos-implicados-en-trafico-de-estupefacientes-y-de-armas-de-fuego\/\",\"url\":\"https:\/\/www.fiscalia.gov.co\/colombia\/noticias\/judicializados-cuatro-presuntos-implicados-en-trafico-de-estupefacientes-y-de-armas-de-fuego\/\",\"name\":\"Fiscal\u00eda General de la Naci\u00f3n\",\"isPartOf\":{\"@id\":\"https:\/\/www.fiscalia.gov.co\/colombia\/#website\"},\"primaryImageOfPage\":{\"@id\":\"https:\/\/www.fiscalia.gov.co\/colombia\/noticias\/judicializados-cuatro-presuntos-implicados-en-trafico-de-estupefacientes-y-de-armas-de-fuego\/#primaryimage\"},\"image\":{\"@id\":\"https:\/\/www.fiscalia.gov.co\/colombia\/noticias\/judicializados-cuatro-presuntos-implicados-en-trafico-de-estupefacientes-y-de-armas-de-fuego\/#primaryimage\"},\"thumbnailUrl\":\"https:\/\/www.fiscalia.gov.co\/colombia\/wp-content\/uploads\/Judicializados-por-estupefacientes-y-porte-ilegal-de-armas.-San-Pedro-Valle..jpg\",\"datePublished\":\"2021-10-05T21:30:51+00:00\",\"dateModified\":\"2021-10-05T21:30:51+00:00\",\"description\":\"P\u00e1gina oficial de la Fiscal\u00eda General de la Naci\u00f3n \u2013 Colombia. Garantizamos el acceso efectivo a la justicia, la verdad y la reparaci\u00f3n de las v\u00edctimas de los delitos.\",\"breadcrumb\":{\"@id\":\"https:\/\/www.fiscalia.gov.co\/colombia\/noticias\/judicializados-cuatro-presuntos-implicados-en-trafico-de-estupefacientes-y-de-armas-de-fuego\/#breadcrumb\"},\"inLanguage\":\"es-CO\",\"potentialAction\":[{\"@type\":\"ReadAction\",\"target\":[\"https:\/\/www.fiscalia.gov.co\/colombia\/noticias\/judicializados-cuatro-presuntos-implicados-en-trafico-de-estupefacientes-y-de-armas-de-fuego\/\"]}]},{\"@type\":\"ImageObject\",\"inLanguage\":\"es-CO\",\"@id\":\"https:\/\/www.fiscalia.gov.co\/colombia\/noticias\/judicializados-cuatro-presuntos-implicados-en-trafico-de-estupefacientes-y-de-armas-de-fuego\/#primaryimage\",\"url\":\"https:\/\/www.fiscalia.gov.co\/colombia\/wp-content\/uploads\/Judicializados-por-estupefacientes-y-porte-ilegal-de-armas.-San-Pedro-Valle..jpg\",\"contentUrl\":\"https:\/\/www.fiscalia.gov.co\/colombia\/wp-content\/uploads\/Judicializados-por-estupefacientes-y-porte-ilegal-de-armas.-San-Pedro-Valle..jpg\",\"width\":993,\"height\":512,\"caption\":\"\u00c1ngel Mar\u00eda Bedoya Rodr\u00edguez, Liliana Bedoya Bartolo, \u00c1ngel David Ochoa Salazar y Yordan Emilio Bedoya Bartolo, enviados a la c\u00e1rcel por tr\u00e1fico de estupefacientes y porte ilegal de armas de fuego, en San Pedro (Valle).\"},{\"@type\":\"BreadcrumbList\",\"@id\":\"https:\/\/www.fiscalia.gov.co\/colombia\/noticias\/judicializados-cuatro-presuntos-implicados-en-trafico-de-estupefacientes-y-de-armas-de-fuego\/#breadcrumb\",\"itemListElement\":[{\"@type\":\"ListItem\",\"position\":1,\"name\":\"Home\",\"item\":\"https:\/\/www.fiscalia.gov.co\/colombia\/\"},{\"@type\":\"ListItem\",\"position\":2,\"name\":\"Judicializados cuatro presuntos implicados en tr\u00e1fico de estupefacientes y de armas de fuego\"}]},{\"@type\":\"WebSite\",\"@id\":\"https:\/\/www.fiscalia.gov.co\/colombia\/#website\",\"url\":\"https:\/\/www.fiscalia.gov.co\/colombia\/\",\"name\":\"Fiscal\u00eda General de la Naci\u00f3n\",\"description\":\"P\u00e1gina oficial de la Fiscal\u00eda General de la Naci\u00f3n \u2013 Colombia. Garantizamos el acceso efectivo a la justicia, la verdad y la reparaci\u00f3n de las v\u00edctimas de los delitos.\",\"publisher\":{\"@id\":\"https:\/\/www.fiscalia.gov.co\/colombia\/#organization\"},\"potentialAction\":[{\"@type\":\"SearchAction\",\"target\":{\"@type\":\"EntryPoint\",\"urlTemplate\":\"https:\/\/www.fiscalia.gov.co\/colombia\/?s={search_term_string}\"},\"query-input\":{\"@type\":\"PropertyValueSpecification\",\"valueRequired\":true,\"valueName\":\"search_term_string\"}}],\"inLanguage\":\"es-CO\"},{\"@type\":\"Organization\",\"@id\":\"https:\/\/www.fiscalia.gov.co\/colombia\/#organization\",\"name\":\"Fiscal\u00eda General de la Naci\u00f3n\",\"url\":\"https:\/\/www.fiscalia.gov.co\/colombia\/\",\"logo\":{\"@type\":\"ImageObject\",\"inLanguage\":\"es-CO\",\"@id\":\"https:\/\/www.fiscalia.gov.co\/colombia\/#\/schema\/logo\/image\/\",\"url\":\"https:\/\/www.fiscalia.gov.co\/colombia\/wp-content\/uploads\/LogoHorizontal_1.jpg\",\"contentUrl\":\"https:\/\/www.fiscalia.gov.co\/colombia\/wp-content\/uploads\/LogoHorizontal_1.jpg\",\"width\":300,\"height\":90,\"caption\":\"Fiscal\u00eda General de la Naci\u00f3n\"},\"image\":{\"@id\":\"https:\/\/www.fiscalia.gov.co\/colombia\/#\/schema\/logo\/image\/\"},\"sameAs\":[\"https:\/\/www.facebook.com\/FiscaliaCol\",\"https:\/\/x.com\/FiscaliaCol\",\"https:\/\/www.instagram.com\/fiscaliacol\",\"https:\/\/www.linkedin.com\/company\/fiscalia-general-de-la-naci-n\/\",\"https:\/\/youtube.com\/@fiscaliageneraldelanacion-4668?si=6nN79nyQICPU5iTh\"]},{\"@type\":\"Person\",\"@id\":\"https:\/\/www.fiscalia.gov.co\/colombia\/#\/schema\/person\/2e76b9aba5ecf875ed565ce4de0e0415\",\"name\":\"Katherine Loaiza Mart\u00ednez\",\"image\":{\"@type\":\"ImageObject\",\"inLanguage\":\"es-CO\",\"@id\":\"https:\/\/www.fiscalia.gov.co\/colombia\/#\/schema\/person\/image\/\",\"url\":\"https:\/\/secure.gravatar.com\/avatar\/ab775a2f394c1b83b6d6f78680e57b50?s=96&d=mm&r=g\",\"contentUrl\":\"https:\/\/secure.gravatar.com\/avatar\/ab775a2f394c1b83b6d6f78680e57b50?s=96&d=mm&r=g\",\"caption\":\"Katherine Loaiza Mart\u00ednez\"},\"url\":\"https:\/\/www.fiscalia.gov.co\/colombia\/author\/kloaiza\/\"}]}<\/script>\n<!-- \/ Yoast SEO plugin. -->","yoast_head_json":{"title":"Fiscal\u00eda General de la Naci\u00f3n","description":"P\u00e1gina oficial de la Fiscal\u00eda General de la Naci\u00f3n \u2013 Colombia. Garantizamos el acceso efectivo a la justicia, la verdad y la reparaci\u00f3n de las v\u00edctimas de los delitos.","robots":{"index":"noindex","follow":"follow"},"og_locale":"es_ES","og_type":"article","og_title":"Fiscal\u00eda General de la Naci\u00f3n","og_description":"P\u00e1gina oficial de la Fiscal\u00eda General de la Naci\u00f3n \u2013 Colombia. Garantizamos el acceso efectivo a la justicia, la verdad y la reparaci\u00f3n de las v\u00edctimas de los delitos.","og_url":"https:\/\/www.fiscalia.gov.co\/colombia\/noticias\/judicializados-cuatro-presuntos-implicados-en-trafico-de-estupefacientes-y-de-armas-de-fuego\/","og_site_name":"Fiscal\u00eda General de la Naci\u00f3n","article_publisher":"https:\/\/www.facebook.com\/FiscaliaCol","article_published_time":"2021-10-05T21:30:51+00:00","og_image":[{"url":"https:\/\/www.fiscalia.gov.co\/colombia\/wp-content\/uploads\/Judicializados-por-estupefacientes-y-porte-ilegal-de-armas.-San-Pedro-Valle..jpg","type":"","width":"","height":""}],"author":"Katherine Loaiza Mart\u00ednez","twitter_card":"summary_large_image","twitter_creator":"@FiscaliaCol","twitter_site":"@FiscaliaCol","twitter_misc":{"Escrito por":"Katherine Loaiza Mart\u00ednez","Tiempo de lectura":"1 minuto"},"schema":{"@context":"https:\/\/schema.org","@graph":[{"@type":"Article","@id":"https:\/\/www.fiscalia.gov.co\/colombia\/noticias\/judicializados-cuatro-presuntos-implicados-en-trafico-de-estupefacientes-y-de-armas-de-fuego\/#article","isPartOf":{"@id":"https:\/\/www.fiscalia.gov.co\/colombia\/noticias\/judicializados-cuatro-presuntos-implicados-en-trafico-de-estupefacientes-y-de-armas-de-fuego\/"},"author":{"name":"Katherine Loaiza Mart\u00ednez","@id":"https:\/\/www.fiscalia.gov.co\/colombia\/#\/schema\/person\/2e76b9aba5ecf875ed565ce4de0e0415"},"headline":"Judicializados cuatro presuntos implicados en tr\u00e1fico de estupefacientes y de armas de fuego","datePublished":"2021-10-05T21:30:51+00:00","dateModified":"2021-10-05T21:30:51+00:00","mainEntityOfPage":{"@id":"https:\/\/www.fiscalia.gov.co\/colombia\/noticias\/judicializados-cuatro-presuntos-implicados-en-trafico-de-estupefacientes-y-de-armas-de-fuego\/"},"wordCount":298,"publisher":{"@id":"https:\/\/www.fiscalia.gov.co\/colombia\/#organization"},"image":{"@id":"https:\/\/www.fiscalia.gov.co\/colombia\/noticias\/judicializados-cuatro-presuntos-implicados-en-trafico-de-estupefacientes-y-de-armas-de-fuego\/#primaryimage"},"thumbnailUrl":"https:\/\/www.fiscalia.gov.co\/colombia\/wp-content\/uploads\/Judicializados-por-estupefacientes-y-porte-ilegal-de-armas.-San-Pedro-Valle..jpg","keywords":["accesorios","Capturados","centro carcelario","de uso restringido y de uso privativo de la Fuerzas Armadas; fabricaci\u00f3n","Fabricaci\u00f3n","fabricaci\u00f3n o porte de estupefacientes","Fiscal Francisco Barbosa Delgado","Fiscal General de Naci\u00f3n","Fiscal General Francisco Barbosa Delgado","Fiscal\u00eda Colombia","Flagrancia","Medida de aseguramiento","Municiones","partes o municiones; tr\u00e1fico","porte o tenencia de armas de fuego","privativa de la libertad.","registro y allanamiento.","Tr\u00e1fico","tr\u00e1fico y porte de armas de fuego"],"articleSection":["Noticias","Seccional Cali","Tr\u00e1fico de estupefacientes"],"inLanguage":"es-CO"},{"@type":"WebPage","@id":"https:\/\/www.fiscalia.gov.co\/colombia\/noticias\/judicializados-cuatro-presuntos-implicados-en-trafico-de-estupefacientes-y-de-armas-de-fuego\/","url":"https:\/\/www.fiscalia.gov.co\/colombia\/noticias\/judicializados-cuatro-presuntos-implicados-en-trafico-de-estupefacientes-y-de-armas-de-fuego\/","name":"Fiscal\u00eda General de la Naci\u00f3n","isPartOf":{"@id":"https:\/\/www.fiscalia.gov.co\/colombia\/#website"},"primaryImageOfPage":{"@id":"https:\/\/www.fiscalia.gov.co\/colombia\/noticias\/judicializados-cuatro-presuntos-implicados-en-trafico-de-estupefacientes-y-de-armas-de-fuego\/#primaryimage"},"image":{"@id":"https:\/\/www.fiscalia.gov.co\/colombia\/noticias\/judicializados-cuatro-presuntos-implicados-en-trafico-de-estupefacientes-y-de-armas-de-fuego\/#primaryimage"},"thumbnailUrl":"https:\/\/www.fiscalia.gov.co\/colombia\/wp-content\/uploads\/Judicializados-por-estupefacientes-y-porte-ilegal-de-armas.-San-Pedro-Valle..jpg","datePublished":"2021-10-05T21:30:51+00:00","dateModified":"2021-10-05T21:30:51+00:00","description":"P\u00e1gina oficial de la Fiscal\u00eda General de la Naci\u00f3n \u2013 Colombia. Garantizamos el acceso efectivo a la justicia, la verdad y la reparaci\u00f3n de las v\u00edctimas de los delitos.","breadcrumb":{"@id":"https:\/\/www.fiscalia.gov.co\/colombia\/noticias\/judicializados-cuatro-presuntos-implicados-en-trafico-de-estupefacientes-y-de-armas-de-fuego\/#breadcrumb"},"inLanguage":"es-CO","potentialAction":[{"@type":"ReadAction","target":["https:\/\/www.fiscalia.gov.co\/colombia\/noticias\/judicializados-cuatro-presuntos-implicados-en-trafico-de-estupefacientes-y-de-armas-de-fuego\/"]}]},{"@type":"ImageObject","inLanguage":"es-CO","@id":"https:\/\/www.fiscalia.gov.co\/colombia\/noticias\/judicializados-cuatro-presuntos-implicados-en-trafico-de-estupefacientes-y-de-armas-de-fuego\/#primaryimage","url":"https:\/\/www.fiscalia.gov.co\/colombia\/wp-content\/uploads\/Judicializados-por-estupefacientes-y-porte-ilegal-de-armas.-San-Pedro-Valle..jpg","contentUrl":"https:\/\/www.fiscalia.gov.co\/colombia\/wp-content\/uploads\/Judicializados-por-estupefacientes-y-porte-ilegal-de-armas.-San-Pedro-Valle..jpg","width":993,"height":512,"caption":"\u00c1ngel Mar\u00eda Bedoya Rodr\u00edguez, Liliana Bedoya Bartolo, \u00c1ngel David Ochoa Salazar y Yordan Emilio Bedoya Bartolo, enviados a la c\u00e1rcel por tr\u00e1fico de estupefacientes y porte ilegal de armas de fuego, en San Pedro (Valle)."},{"@type":"BreadcrumbList","@id":"https:\/\/www.fiscalia.gov.co\/colombia\/noticias\/judicializados-cuatro-presuntos-implicados-en-trafico-de-estupefacientes-y-de-armas-de-fuego\/#breadcrumb","itemListElement":[{"@type":"ListItem","position":1,"name":"Home","item":"https:\/\/www.fiscalia.gov.co\/colombia\/"},{"@type":"ListItem","position":2,"name":"Judicializados cuatro presuntos implicados en tr\u00e1fico de estupefacientes y de armas de fuego"}]},{"@type":"WebSite","@id":"https:\/\/www.fiscalia.gov.co\/colombia\/#website","url":"https:\/\/www.fiscalia.gov.co\/colombia\/","name":"Fiscal\u00eda General de la Naci\u00f3n","description":"P\u00e1gina oficial de la Fiscal\u00eda General de la Naci\u00f3n \u2013 Colombia. Garantizamos el acceso efectivo a la justicia, la verdad y la reparaci\u00f3n de las v\u00edctimas de los delitos.","publisher":{"@id":"https:\/\/www.fiscalia.gov.co\/colombia\/#organization"},"potentialAction":[{"@type":"SearchAction","target":{"@type":"EntryPoint","urlTemplate":"https:\/\/www.fiscalia.gov.co\/colombia\/?s={search_term_string}"},"query-input":{"@type":"PropertyValueSpecification","valueRequired":true,"valueName":"search_term_string"}}],"inLanguage":"es-CO"},{"@type":"Organization","@id":"https:\/\/www.fiscalia.gov.co\/colombia\/#organization","name":"Fiscal\u00eda General de la Naci\u00f3n","url":"https:\/\/www.fiscalia.gov.co\/colombia\/","logo":{"@type":"ImageObject","inLanguage":"es-CO","@id":"https:\/\/www.fiscalia.gov.co\/colombia\/#\/schema\/logo\/image\/","url":"https:\/\/www.fiscalia.gov.co\/colombia\/wp-content\/uploads\/LogoHorizontal_1.jpg","contentUrl":"https:\/\/www.fiscalia.gov.co\/colombia\/wp-content\/uploads\/LogoHorizontal_1.jpg","width":300,"height":90,"caption":"Fiscal\u00eda General de la Naci\u00f3n"},"image":{"@id":"https:\/\/www.fiscalia.gov.co\/colombia\/#\/schema\/logo\/image\/"},"sameAs":["https:\/\/www.facebook.com\/FiscaliaCol","https:\/\/x.com\/FiscaliaCol","https:\/\/www.instagram.com\/fiscaliacol","https:\/\/www.linkedin.com\/company\/fiscalia-general-de-la-naci-n\/","https:\/\/youtube.com\/@fiscaliageneraldelanacion-4668?si=6nN79nyQICPU5iTh"]},{"@type":"Person","@id":"https:\/\/www.fiscalia.gov.co\/colombia\/#\/schema\/person\/2e76b9aba5ecf875ed565ce4de0e0415","name":"Katherine Loaiza Mart\u00ednez","image":{"@type":"ImageObject","inLanguage":"es-CO","@id":"https:\/\/www.fiscalia.gov.co\/colombia\/#\/schema\/person\/image\/","url":"https:\/\/secure.gravatar.com\/avatar\/ab775a2f394c1b83b6d6f78680e57b50?s=96&d=mm&r=g","contentUrl":"https:\/\/secure.gravatar.com\/avatar\/ab775a2f394c1b83b6d6f78680e57b50?s=96&d=mm&r=g","caption":"Katherine Loaiza Mart\u00ednez"},"url":"https:\/\/www.fiscalia.gov.co\/colombia\/author\/kloaiza\/"}]}},"_links":{"self":[{"href":"https:\/\/www.fiscalia.gov.co\/colombia\/wp-json\/wp\/v2\/posts\/231524","targetHints":{"allow":["GET"]}}],"collection":[{"href":"https:\/\/www.fiscalia.gov.co\/colombia\/wp-json\/wp\/v2\/posts"}],"about":[{"href":"https:\/\/www.fiscalia.gov.co\/colombia\/wp-json\/wp\/v2\/types\/post"}],"author":[{"embeddable":true,"href":"https:\/\/www.fiscalia.gov.co\/colombia\/wp-json\/wp\/v2\/users\/175"}],"replies":[{"embeddable":true,"href":"https:\/\/www.fiscalia.gov.co\/colombia\/wp-json\/wp\/v2\/comments?post=231524"}],"version-history":[{"count":1,"href":"https:\/\/www.fiscalia.gov.co\/colombia\/wp-json\/wp\/v2\/posts\/231524\/revisions"}],"predecessor-version":[{"id":231526,"href":"https:\/\/www.fiscalia.gov.co\/colombia\/wp-json\/wp\/v2\/posts\/231524\/revisions\/231526"}],"wp:attachment":[{"href":"https:\/\/www.fiscalia.gov.co\/colombia\/wp-json\/wp\/v2\/media?parent=231524"}],"wp:term":[{"taxonomy":"category","embeddable":true,"href":"https:\/\/www.fiscalia.gov.co\/colombia\/wp-json\/wp\/v2\/categories?post=231524"},{"taxonomy":"post_tag","embeddable":true,"href":"https:\/\/www.fiscalia.gov.co\/colombia\/wp-json\/wp\/v2\/tags?post=231524"}],"curies":[{"name":"wp","href":"https:\/\/api.w.org\/{rel}","templated":true}]}}