{"id":231493,"date":"2021-10-05T12:05:10","date_gmt":"2021-10-05T17:05:10","guid":{"rendered":"https:\/\/www.fiscalia.gov.co\/colombia\/?p=231493"},"modified":"2021-10-05T12:52:17","modified_gmt":"2021-10-05T17:52:17","slug":"colombia-es-un-pais-que-le-hace-contencion-al-crimen-fiscal-general-de-la-nacion-francisco-barbosa","status":"publish","type":"post","link":"https:\/\/www.fiscalia.gov.co\/colombia\/noticias\/colombia-es-un-pais-que-le-hace-contencion-al-crimen-fiscal-general-de-la-nacion-francisco-barbosa\/","title":{"rendered":"\u201cColombia es un pa\u00eds que le hace contenci\u00f3n al crimen\u201d: Fiscal General de la Naci\u00f3n, Francisco Barbosa"},"content":{"rendered":"<p>En el marco del XVII Encuentro Nacional e Internacional del Frente de Seguridad Empresarial liderado por la Direcci\u00f3n de Investigaci\u00f3n Criminal e Interpol (DIJIN), el Fiscal General de la Naci\u00f3n, Francisco Barbosa Delgado, destac\u00f3 que la articulaci\u00f3n institucional ha permitido combatir de una manera m\u00e1s efectiva la criminalidad en el pa\u00eds.<\/p>\n<iframe loading=\"lazy\"  id=\"_ytid_20179\"  width=\"696\" height=\"392\"  data-origwidth=\"696\" data-origheight=\"392\" src=\"https:\/\/www.youtube.com\/embed\/oua8BWVFBKc?enablejsapi=1&autoplay=0&cc_load_policy=0&cc_lang_pref=&iv_load_policy=1&loop=0&modestbranding=0&rel=1&fs=1&playsinline=0&autohide=2&theme=dark&color=red&controls=1&\" class=\"__youtube_prefs__  no-lazyload\" title=\"YouTube player\"  allow=\"fullscreen; accelerometer; autoplay; clipboard-write; encrypted-media; gyroscope; picture-in-picture\" allowfullscreen data-no-lazy=\"1\" data-skipgform_ajax_framebjll=\"\"><\/iframe>\n<p>\u201cEstamos convencidos que con las mesas t\u00e9cnicas, con el trabajo articulado con las instituciones p\u00fablicas, con un trabajo territorial como el que estamos haciendo, con un fortalecimiento de gobernabilidad\u00a0 interna en la Fiscal\u00eda (\u2026), podremos sacar adelante este pa\u00eds\u201d, se\u00f1al\u00f3 el Fiscal General de la Naci\u00f3n, Francisco Barbosa.<\/p>\n<p>El jefe del ente investigador manifest\u00f3 que hay importantes retos en materia de articulaci\u00f3n interinstitucional como es el fortalecimiento de la lucha contra las disidencias de las FARC en los departamentos del Cauca y Nari\u00f1o, donde hay importantes desaf\u00edos contra estas organizaciones delincuenciales.<\/p>\n<iframe loading=\"lazy\"  id=\"_ytid_61085\"  width=\"696\" height=\"392\"  data-origwidth=\"696\" data-origheight=\"392\" src=\"https:\/\/www.youtube.com\/embed\/mMPuQBLeRK8?enablejsapi=1&autoplay=0&cc_load_policy=0&cc_lang_pref=&iv_load_policy=1&loop=0&modestbranding=0&rel=1&fs=1&playsinline=0&autohide=2&theme=dark&color=red&controls=1&\" class=\"__youtube_prefs__  no-lazyload\" title=\"YouTube player\"  allow=\"fullscreen; accelerometer; autoplay; clipboard-write; encrypted-media; gyroscope; picture-in-picture\" allowfullscreen data-no-lazy=\"1\" data-skipgform_ajax_framebjll=\"\"><\/iframe>\n<p>\u201cColombia es un pa\u00eds de retos, el Estado est\u00e1 hecho para contener, nosotros seguiremos dando esos mecanismos de contenci\u00f3n, muchos vecinos han soltado y han dicho\u2026 yo no le hago contenci\u00f3n al crimen, pero Colombia es un pa\u00eds\u00a0 que le hace contenci\u00f3n al crimen y pondr\u00e1 la cara e impulsar\u00e1 esas articulaciones\u201d, consider\u00f3 Barbosa.<\/p>\n<p>Recalc\u00f3 que a pesar de que las funciones de la entidad no est\u00e9n encaminadas como \u00f3rgano de seguridad, se ha trabajado de manera mancomunada con la\u00a0 polic\u00eda y las instituciones que hacen esta funci\u00f3n para darles resultados a los ciudadanos en las calles.<\/p>\n<iframe loading=\"lazy\"  id=\"_ytid_93001\"  width=\"696\" height=\"392\"  data-origwidth=\"696\" data-origheight=\"392\" src=\"https:\/\/www.youtube.com\/embed\/btkUOGiR71g?enablejsapi=1&autoplay=0&cc_load_policy=0&cc_lang_pref=&iv_load_policy=1&loop=0&modestbranding=0&rel=1&fs=1&playsinline=0&autohide=2&theme=dark&color=red&controls=1&\" class=\"__youtube_prefs__  no-lazyload\" title=\"YouTube player\"  allow=\"fullscreen; accelerometer; autoplay; clipboard-write; encrypted-media; gyroscope; picture-in-picture\" allowfullscreen data-no-lazy=\"1\" data-skipgform_ajax_framebjll=\"\"><\/iframe>\n<p>\u201cReafirmamos esta voluntad de seguir trabajando de la mano de la Polic\u00eda Nacional, las empresas y el sector industrial de este pa\u00eds. Debemos recordarles a los colombianos que las peque\u00f1as, medianas y grandes empresas son motor de progreso social en el pa\u00eds, mantienen la econom\u00eda a flote y contribuyen a la subsistencia de miles de familias y millones de ciudadanos (\u2026) La Fiscal\u00eda General de la Naci\u00f3n y el Fiscal no se doblega ante el crimen y ante los intentos de desestabilizaci\u00f3n\u00a0 del pa\u00eds por parte de algunos sectores\u201d, indic\u00f3 el Fiscal General de la Naci\u00f3n.<\/p>\n<p>As\u00ed mismo, invit\u00f3 a los diferentes gremios empresariales a que se sumen a las mesas t\u00e9cnicas que se vienen adelantando desde la Fiscal\u00eda para combatir asuntos de gran relevancia para el desarrollo del pa\u00eds, como la corrupci\u00f3n.<\/p>\n<iframe loading=\"lazy\"  id=\"_ytid_75301\"  width=\"696\" height=\"392\"  data-origwidth=\"696\" data-origheight=\"392\" src=\"https:\/\/www.youtube.com\/embed\/pGrnq485wO0?enablejsapi=1&autoplay=0&cc_load_policy=0&cc_lang_pref=&iv_load_policy=1&loop=0&modestbranding=0&rel=1&fs=1&playsinline=0&autohide=2&theme=dark&color=red&controls=1&\" class=\"__youtube_prefs__  no-lazyload\" title=\"YouTube player\"  allow=\"fullscreen; accelerometer; autoplay; clipboard-write; encrypted-media; gyroscope; picture-in-picture\" allowfullscreen data-no-lazy=\"1\" data-skipgform_ajax_framebjll=\"\"><\/iframe>\n<p>\u201cLa Fiscal\u00eda General de la Naci\u00f3n est\u00e1 abierta a reuniones tambi\u00e9n con los sectores empresariales para poder establecer mesas t\u00e9cnicas r\u00e1pidas y poder desde mi despacho priorizar los casos que para ustedes tambi\u00e9n son relevantes. Eso nos va a ayudar en mayor confianza, en mayor tranquilidad, en mayor rapidez investigativa en nuestra entidad, y mayor articulaci\u00f3n\u201d, sostuvo.<\/p>\n<p>Tambi\u00e9n indic\u00f3 que esta articulaci\u00f3n incluye alianzas en materia regional con diferentes fiscales del continente, ya que los corredores criminales de los delincuentes no tienen fronteras y se requiere de un trabajo de todos.<\/p>\n<p><strong><u>Balance de las acciones de la Fiscal\u00eda <\/u><\/strong><\/p>\n<p>En el marco de su intervenci\u00f3n, el Fiscal recalc\u00f3 los importantes avances que gracias al trabajo articulado con instituciones como la Polic\u00eda, se\u00a0 han logrado en el \u00faltimo a\u00f1o y nueve meses, gracias a la itinerancia, concentraci\u00f3n judicial y articulaci\u00f3n.<\/p>\n<p>\u201cEsta es una Fiscal\u00eda de los territorios (\u2026) de la compresi\u00f3n de los fen\u00f3menos criminales, que puede entender que cada lugar\u00a0 del territorio nacional tiene un componente diferencial en el marco de la criminalidad y as\u00ed hemos podido, durante este periodo aumentar\u00a0 los \u00edndices de esclarecimientos en muchos aspectos\u201d, afirm\u00f3.<\/p>\n<p>Destac\u00f3 que la Fiscal\u00eda logr\u00f3 procesar, imputar, acusar y conseguir medidas de aseguramiento\u00a0 contra m\u00e1s\u00a0 200 personas que est\u00e1n\u00a0 vinculadas a grupos que han afectado la seguridad ciudadana con acciones vand\u00e1licas en medio de las protestas violentas que ha sufrido el pa\u00eds.<\/p>\n<p>Resalt\u00f3 importantes resultados en materia de esclarecimiento de delitos como cr\u00edmenes contra defensores de derechos humanos donde recibi\u00f3 la Fiscal\u00eda en un 52 por ciento\u00a0 y hoy la tasa se encuentra en el 67 por ciento.<\/p>\n<p>\u201cFrente a homicidios colectivos lo recibimos con 39 por ciento de esclarecimiento y\u00a0 estamos en el 74 por ciento; recibimos en el 80 por ciento el feminicidio\u00a0 y lo tenemos en el 98 por ciento\u201d, manifest\u00f3 el Fiscal General.<\/p>\n<p>En materia de narcotr\u00e1fico el Fiscal General inform\u00f3 que se ha logrado la incautaci\u00f3n de m\u00e1s de \u00a0750 toneladas de estupefacientes, como clorhidrato de coca\u00edna y marihuana, entre febrero de 2020 y septiembre de 2021. Adem\u00e1s, la entidad cuenta con bienes en proceso de extinci\u00f3n del derecho de dominio avaluados en 19 billones de pesos.<\/p>\n<p>En materia de corrupci\u00f3n se han logrado imputaciones, acusaciones y medidas de aseguramiento ante la Corte Suprema de Justicia contra 7 gobernadores actuales y han sido procesados 35 exgobernadores.<\/p>\n<p>AMCJ\/MAGA\/MCRC\/<\/p>\n<p><strong>La Fiscal\u00eda habla con resultados<\/strong><\/p>\n<p>&nbsp;<\/p>\n\n<div class=\"twitter-share\"><a href=\"https:\/\/twitter.com\/intent\/tweet?via=fiscaliacol\" class=\"twitter-share-button\">Tweet<\/a><\/div>\n","protected":false},"excerpt":{"rendered":"<p>En el marco del XVII Encuentro Nacional e Internacional del Frente de Seguridad Empresarial liderado por la Direcci\u00f3n de Investigaci\u00f3n Criminal e Interpol (DIJIN), el Fiscal General de la Naci\u00f3n, [&hellip;]<\/p>\n","protected":false},"author":175,"featured_media":0,"comment_status":"closed","ping_status":"open","sticky":false,"template":"","format":"standard","meta":{"tdm_status":"","tdm_grid_status":"","footnotes":""},"categories":[25128,24096,1],"tags":[3249,28105,24189,24305,24526],"class_list":["post-231493","post","type-post","status-publish","format-standard","category-el-fiscal-en-los-territorios","category-fiscal-general-de-la-nacion","category-noticias","tag-dijin","tag-dijin-de-la-policia-nacional","tag-fiscal-francisco-barbosa-delgado","tag-fiscal-general-francisco-barbosa","tag-fiscal-general-francisco-barbosa-delgado"],"yoast_head":"<!-- This site is optimized with the Yoast SEO plugin v24.3 - https:\/\/yoast.com\/wordpress\/plugins\/seo\/ -->\n<title>Fiscal\u00eda General de la Naci\u00f3n<\/title>\n<meta name=\"description\" content=\"P\u00e1gina oficial de la Fiscal\u00eda General de la Naci\u00f3n \u2013 Colombia. Garantizamos el acceso efectivo a la justicia, la verdad y la reparaci\u00f3n de las v\u00edctimas de los delitos.\" \/>\n<meta name=\"robots\" content=\"noindex, follow\" \/>\n<meta property=\"og:locale\" content=\"es_ES\" \/>\n<meta property=\"og:type\" content=\"article\" \/>\n<meta property=\"og:title\" content=\"Fiscal\u00eda General de la Naci\u00f3n\" \/>\n<meta property=\"og:description\" content=\"P\u00e1gina oficial de la Fiscal\u00eda General de la Naci\u00f3n \u2013 Colombia. Garantizamos el acceso efectivo a la justicia, la verdad y la reparaci\u00f3n de las v\u00edctimas de los delitos.\" \/>\n<meta property=\"og:url\" content=\"https:\/\/www.fiscalia.gov.co\/colombia\/noticias\/colombia-es-un-pais-que-le-hace-contencion-al-crimen-fiscal-general-de-la-nacion-francisco-barbosa\/\" \/>\n<meta property=\"og:site_name\" content=\"Fiscal\u00eda General de la Naci\u00f3n\" \/>\n<meta property=\"article:publisher\" content=\"https:\/\/www.facebook.com\/FiscaliaCol\" \/>\n<meta property=\"article:published_time\" content=\"2021-10-05T17:05:10+00:00\" \/>\n<meta property=\"article:modified_time\" content=\"2021-10-05T17:52:17+00:00\" \/>\n<meta name=\"author\" content=\"Katherine Loaiza Mart\u00ednez\" \/>\n<meta name=\"twitter:card\" content=\"summary_large_image\" \/>\n<meta name=\"twitter:creator\" content=\"@FiscaliaCol\" \/>\n<meta name=\"twitter:site\" content=\"@FiscaliaCol\" \/>\n<meta name=\"twitter:label1\" content=\"Escrito por\" \/>\n\t<meta name=\"twitter:data1\" content=\"Katherine Loaiza Mart\u00ednez\" \/>\n\t<meta name=\"twitter:label2\" content=\"Tiempo de lectura\" \/>\n\t<meta name=\"twitter:data2\" content=\"4 minutos\" \/>\n<script type=\"application\/ld+json\" class=\"yoast-schema-graph\">{\"@context\":\"https:\/\/schema.org\",\"@graph\":[{\"@type\":\"Article\",\"@id\":\"https:\/\/www.fiscalia.gov.co\/colombia\/noticias\/colombia-es-un-pais-que-le-hace-contencion-al-crimen-fiscal-general-de-la-nacion-francisco-barbosa\/#article\",\"isPartOf\":{\"@id\":\"https:\/\/www.fiscalia.gov.co\/colombia\/noticias\/colombia-es-un-pais-que-le-hace-contencion-al-crimen-fiscal-general-de-la-nacion-francisco-barbosa\/\"},\"author\":{\"name\":\"Katherine Loaiza Mart\u00ednez\",\"@id\":\"https:\/\/www.fiscalia.gov.co\/colombia\/#\/schema\/person\/2e76b9aba5ecf875ed565ce4de0e0415\"},\"headline\":\"\u201cColombia es un pa\u00eds que le hace contenci\u00f3n al crimen\u201d: Fiscal General de la Naci\u00f3n, Francisco Barbosa\",\"datePublished\":\"2021-10-05T17:05:10+00:00\",\"dateModified\":\"2021-10-05T17:52:17+00:00\",\"mainEntityOfPage\":{\"@id\":\"https:\/\/www.fiscalia.gov.co\/colombia\/noticias\/colombia-es-un-pais-que-le-hace-contencion-al-crimen-fiscal-general-de-la-nacion-francisco-barbosa\/\"},\"wordCount\":883,\"publisher\":{\"@id\":\"https:\/\/www.fiscalia.gov.co\/colombia\/#organization\"},\"keywords\":[\"Dijin\",\"Dij\u00edn de la Polic\u00eda Nacional\",\"Fiscal Francisco Barbosa Delgado\",\"Fiscal General Francisco Barbosa\",\"Fiscal General Francisco Barbosa Delgado\"],\"articleSection\":[\"El Fiscal en los territorios\",\"Fiscal General de la Naci\u00f3n\",\"Noticias\"],\"inLanguage\":\"es-CO\"},{\"@type\":\"WebPage\",\"@id\":\"https:\/\/www.fiscalia.gov.co\/colombia\/noticias\/colombia-es-un-pais-que-le-hace-contencion-al-crimen-fiscal-general-de-la-nacion-francisco-barbosa\/\",\"url\":\"https:\/\/www.fiscalia.gov.co\/colombia\/noticias\/colombia-es-un-pais-que-le-hace-contencion-al-crimen-fiscal-general-de-la-nacion-francisco-barbosa\/\",\"name\":\"Fiscal\u00eda General de la Naci\u00f3n\",\"isPartOf\":{\"@id\":\"https:\/\/www.fiscalia.gov.co\/colombia\/#website\"},\"datePublished\":\"2021-10-05T17:05:10+00:00\",\"dateModified\":\"2021-10-05T17:52:17+00:00\",\"description\":\"P\u00e1gina oficial de la Fiscal\u00eda General de la Naci\u00f3n \u2013 Colombia. Garantizamos el acceso efectivo a la justicia, la verdad y la reparaci\u00f3n de las v\u00edctimas de los delitos.\",\"breadcrumb\":{\"@id\":\"https:\/\/www.fiscalia.gov.co\/colombia\/noticias\/colombia-es-un-pais-que-le-hace-contencion-al-crimen-fiscal-general-de-la-nacion-francisco-barbosa\/#breadcrumb\"},\"inLanguage\":\"es-CO\",\"potentialAction\":[{\"@type\":\"ReadAction\",\"target\":[\"https:\/\/www.fiscalia.gov.co\/colombia\/noticias\/colombia-es-un-pais-que-le-hace-contencion-al-crimen-fiscal-general-de-la-nacion-francisco-barbosa\/\"]}]},{\"@type\":\"BreadcrumbList\",\"@id\":\"https:\/\/www.fiscalia.gov.co\/colombia\/noticias\/colombia-es-un-pais-que-le-hace-contencion-al-crimen-fiscal-general-de-la-nacion-francisco-barbosa\/#breadcrumb\",\"itemListElement\":[{\"@type\":\"ListItem\",\"position\":1,\"name\":\"Home\",\"item\":\"https:\/\/www.fiscalia.gov.co\/colombia\/\"},{\"@type\":\"ListItem\",\"position\":2,\"name\":\"\u201cColombia es un pa\u00eds que le hace contenci\u00f3n al crimen\u201d: Fiscal General de la Naci\u00f3n, Francisco Barbosa\"}]},{\"@type\":\"WebSite\",\"@id\":\"https:\/\/www.fiscalia.gov.co\/colombia\/#website\",\"url\":\"https:\/\/www.fiscalia.gov.co\/colombia\/\",\"name\":\"Fiscal\u00eda General de la Naci\u00f3n\",\"description\":\"P\u00e1gina oficial de la Fiscal\u00eda General de la Naci\u00f3n \u2013 Colombia. Garantizamos el acceso efectivo a la justicia, la verdad y la reparaci\u00f3n de las v\u00edctimas de los delitos.\",\"publisher\":{\"@id\":\"https:\/\/www.fiscalia.gov.co\/colombia\/#organization\"},\"potentialAction\":[{\"@type\":\"SearchAction\",\"target\":{\"@type\":\"EntryPoint\",\"urlTemplate\":\"https:\/\/www.fiscalia.gov.co\/colombia\/?s={search_term_string}\"},\"query-input\":{\"@type\":\"PropertyValueSpecification\",\"valueRequired\":true,\"valueName\":\"search_term_string\"}}],\"inLanguage\":\"es-CO\"},{\"@type\":\"Organization\",\"@id\":\"https:\/\/www.fiscalia.gov.co\/colombia\/#organization\",\"name\":\"Fiscal\u00eda General de la Naci\u00f3n\",\"url\":\"https:\/\/www.fiscalia.gov.co\/colombia\/\",\"logo\":{\"@type\":\"ImageObject\",\"inLanguage\":\"es-CO\",\"@id\":\"https:\/\/www.fiscalia.gov.co\/colombia\/#\/schema\/logo\/image\/\",\"url\":\"https:\/\/www.fiscalia.gov.co\/colombia\/wp-content\/uploads\/LogoHorizontal_1.jpg\",\"contentUrl\":\"https:\/\/www.fiscalia.gov.co\/colombia\/wp-content\/uploads\/LogoHorizontal_1.jpg\",\"width\":300,\"height\":90,\"caption\":\"Fiscal\u00eda General de la Naci\u00f3n\"},\"image\":{\"@id\":\"https:\/\/www.fiscalia.gov.co\/colombia\/#\/schema\/logo\/image\/\"},\"sameAs\":[\"https:\/\/www.facebook.com\/FiscaliaCol\",\"https:\/\/x.com\/FiscaliaCol\",\"https:\/\/www.instagram.com\/fiscaliacol\",\"https:\/\/www.linkedin.com\/company\/fiscalia-general-de-la-naci-n\/\",\"https:\/\/youtube.com\/@fiscaliageneraldelanacion-4668?si=6nN79nyQICPU5iTh\"]},{\"@type\":\"Person\",\"@id\":\"https:\/\/www.fiscalia.gov.co\/colombia\/#\/schema\/person\/2e76b9aba5ecf875ed565ce4de0e0415\",\"name\":\"Katherine Loaiza Mart\u00ednez\",\"image\":{\"@type\":\"ImageObject\",\"inLanguage\":\"es-CO\",\"@id\":\"https:\/\/www.fiscalia.gov.co\/colombia\/#\/schema\/person\/image\/\",\"url\":\"https:\/\/secure.gravatar.com\/avatar\/ab775a2f394c1b83b6d6f78680e57b50?s=96&d=mm&r=g\",\"contentUrl\":\"https:\/\/secure.gravatar.com\/avatar\/ab775a2f394c1b83b6d6f78680e57b50?s=96&d=mm&r=g\",\"caption\":\"Katherine Loaiza Mart\u00ednez\"},\"url\":\"https:\/\/www.fiscalia.gov.co\/colombia\/author\/kloaiza\/\"}]}<\/script>\n<!-- \/ Yoast SEO plugin. -->","yoast_head_json":{"title":"Fiscal\u00eda General de la Naci\u00f3n","description":"P\u00e1gina oficial de la Fiscal\u00eda General de la Naci\u00f3n \u2013 Colombia. Garantizamos el acceso efectivo a la justicia, la verdad y la reparaci\u00f3n de las v\u00edctimas de los delitos.","robots":{"index":"noindex","follow":"follow"},"og_locale":"es_ES","og_type":"article","og_title":"Fiscal\u00eda General de la Naci\u00f3n","og_description":"P\u00e1gina oficial de la Fiscal\u00eda General de la Naci\u00f3n \u2013 Colombia. Garantizamos el acceso efectivo a la justicia, la verdad y la reparaci\u00f3n de las v\u00edctimas de los delitos.","og_url":"https:\/\/www.fiscalia.gov.co\/colombia\/noticias\/colombia-es-un-pais-que-le-hace-contencion-al-crimen-fiscal-general-de-la-nacion-francisco-barbosa\/","og_site_name":"Fiscal\u00eda General de la Naci\u00f3n","article_publisher":"https:\/\/www.facebook.com\/FiscaliaCol","article_published_time":"2021-10-05T17:05:10+00:00","article_modified_time":"2021-10-05T17:52:17+00:00","author":"Katherine Loaiza Mart\u00ednez","twitter_card":"summary_large_image","twitter_creator":"@FiscaliaCol","twitter_site":"@FiscaliaCol","twitter_misc":{"Escrito por":"Katherine Loaiza Mart\u00ednez","Tiempo de lectura":"4 minutos"},"schema":{"@context":"https:\/\/schema.org","@graph":[{"@type":"Article","@id":"https:\/\/www.fiscalia.gov.co\/colombia\/noticias\/colombia-es-un-pais-que-le-hace-contencion-al-crimen-fiscal-general-de-la-nacion-francisco-barbosa\/#article","isPartOf":{"@id":"https:\/\/www.fiscalia.gov.co\/colombia\/noticias\/colombia-es-un-pais-que-le-hace-contencion-al-crimen-fiscal-general-de-la-nacion-francisco-barbosa\/"},"author":{"name":"Katherine Loaiza Mart\u00ednez","@id":"https:\/\/www.fiscalia.gov.co\/colombia\/#\/schema\/person\/2e76b9aba5ecf875ed565ce4de0e0415"},"headline":"\u201cColombia es un pa\u00eds que le hace contenci\u00f3n al crimen\u201d: Fiscal General de la Naci\u00f3n, Francisco Barbosa","datePublished":"2021-10-05T17:05:10+00:00","dateModified":"2021-10-05T17:52:17+00:00","mainEntityOfPage":{"@id":"https:\/\/www.fiscalia.gov.co\/colombia\/noticias\/colombia-es-un-pais-que-le-hace-contencion-al-crimen-fiscal-general-de-la-nacion-francisco-barbosa\/"},"wordCount":883,"publisher":{"@id":"https:\/\/www.fiscalia.gov.co\/colombia\/#organization"},"keywords":["Dijin","Dij\u00edn de la Polic\u00eda Nacional","Fiscal Francisco Barbosa Delgado","Fiscal General Francisco Barbosa","Fiscal General Francisco Barbosa Delgado"],"articleSection":["El Fiscal en los territorios","Fiscal General de la Naci\u00f3n","Noticias"],"inLanguage":"es-CO"},{"@type":"WebPage","@id":"https:\/\/www.fiscalia.gov.co\/colombia\/noticias\/colombia-es-un-pais-que-le-hace-contencion-al-crimen-fiscal-general-de-la-nacion-francisco-barbosa\/","url":"https:\/\/www.fiscalia.gov.co\/colombia\/noticias\/colombia-es-un-pais-que-le-hace-contencion-al-crimen-fiscal-general-de-la-nacion-francisco-barbosa\/","name":"Fiscal\u00eda General de la Naci\u00f3n","isPartOf":{"@id":"https:\/\/www.fiscalia.gov.co\/colombia\/#website"},"datePublished":"2021-10-05T17:05:10+00:00","dateModified":"2021-10-05T17:52:17+00:00","description":"P\u00e1gina oficial de la Fiscal\u00eda General de la Naci\u00f3n \u2013 Colombia. Garantizamos el acceso efectivo a la justicia, la verdad y la reparaci\u00f3n de las v\u00edctimas de los delitos.","breadcrumb":{"@id":"https:\/\/www.fiscalia.gov.co\/colombia\/noticias\/colombia-es-un-pais-que-le-hace-contencion-al-crimen-fiscal-general-de-la-nacion-francisco-barbosa\/#breadcrumb"},"inLanguage":"es-CO","potentialAction":[{"@type":"ReadAction","target":["https:\/\/www.fiscalia.gov.co\/colombia\/noticias\/colombia-es-un-pais-que-le-hace-contencion-al-crimen-fiscal-general-de-la-nacion-francisco-barbosa\/"]}]},{"@type":"BreadcrumbList","@id":"https:\/\/www.fiscalia.gov.co\/colombia\/noticias\/colombia-es-un-pais-que-le-hace-contencion-al-crimen-fiscal-general-de-la-nacion-francisco-barbosa\/#breadcrumb","itemListElement":[{"@type":"ListItem","position":1,"name":"Home","item":"https:\/\/www.fiscalia.gov.co\/colombia\/"},{"@type":"ListItem","position":2,"name":"\u201cColombia es un pa\u00eds que le hace contenci\u00f3n al crimen\u201d: Fiscal General de la Naci\u00f3n, Francisco Barbosa"}]},{"@type":"WebSite","@id":"https:\/\/www.fiscalia.gov.co\/colombia\/#website","url":"https:\/\/www.fiscalia.gov.co\/colombia\/","name":"Fiscal\u00eda General de la Naci\u00f3n","description":"P\u00e1gina oficial de la Fiscal\u00eda General de la Naci\u00f3n \u2013 Colombia. Garantizamos el acceso efectivo a la justicia, la verdad y la reparaci\u00f3n de las v\u00edctimas de los delitos.","publisher":{"@id":"https:\/\/www.fiscalia.gov.co\/colombia\/#organization"},"potentialAction":[{"@type":"SearchAction","target":{"@type":"EntryPoint","urlTemplate":"https:\/\/www.fiscalia.gov.co\/colombia\/?s={search_term_string}"},"query-input":{"@type":"PropertyValueSpecification","valueRequired":true,"valueName":"search_term_string"}}],"inLanguage":"es-CO"},{"@type":"Organization","@id":"https:\/\/www.fiscalia.gov.co\/colombia\/#organization","name":"Fiscal\u00eda General de la Naci\u00f3n","url":"https:\/\/www.fiscalia.gov.co\/colombia\/","logo":{"@type":"ImageObject","inLanguage":"es-CO","@id":"https:\/\/www.fiscalia.gov.co\/colombia\/#\/schema\/logo\/image\/","url":"https:\/\/www.fiscalia.gov.co\/colombia\/wp-content\/uploads\/LogoHorizontal_1.jpg","contentUrl":"https:\/\/www.fiscalia.gov.co\/colombia\/wp-content\/uploads\/LogoHorizontal_1.jpg","width":300,"height":90,"caption":"Fiscal\u00eda General de la Naci\u00f3n"},"image":{"@id":"https:\/\/www.fiscalia.gov.co\/colombia\/#\/schema\/logo\/image\/"},"sameAs":["https:\/\/www.facebook.com\/FiscaliaCol","https:\/\/x.com\/FiscaliaCol","https:\/\/www.instagram.com\/fiscaliacol","https:\/\/www.linkedin.com\/company\/fiscalia-general-de-la-naci-n\/","https:\/\/youtube.com\/@fiscaliageneraldelanacion-4668?si=6nN79nyQICPU5iTh"]},{"@type":"Person","@id":"https:\/\/www.fiscalia.gov.co\/colombia\/#\/schema\/person\/2e76b9aba5ecf875ed565ce4de0e0415","name":"Katherine Loaiza Mart\u00ednez","image":{"@type":"ImageObject","inLanguage":"es-CO","@id":"https:\/\/www.fiscalia.gov.co\/colombia\/#\/schema\/person\/image\/","url":"https:\/\/secure.gravatar.com\/avatar\/ab775a2f394c1b83b6d6f78680e57b50?s=96&d=mm&r=g","contentUrl":"https:\/\/secure.gravatar.com\/avatar\/ab775a2f394c1b83b6d6f78680e57b50?s=96&d=mm&r=g","caption":"Katherine Loaiza Mart\u00ednez"},"url":"https:\/\/www.fiscalia.gov.co\/colombia\/author\/kloaiza\/"}]}},"_links":{"self":[{"href":"https:\/\/www.fiscalia.gov.co\/colombia\/wp-json\/wp\/v2\/posts\/231493","targetHints":{"allow":["GET"]}}],"collection":[{"href":"https:\/\/www.fiscalia.gov.co\/colombia\/wp-json\/wp\/v2\/posts"}],"about":[{"href":"https:\/\/www.fiscalia.gov.co\/colombia\/wp-json\/wp\/v2\/types\/post"}],"author":[{"embeddable":true,"href":"https:\/\/www.fiscalia.gov.co\/colombia\/wp-json\/wp\/v2\/users\/175"}],"replies":[{"embeddable":true,"href":"https:\/\/www.fiscalia.gov.co\/colombia\/wp-json\/wp\/v2\/comments?post=231493"}],"version-history":[{"count":4,"href":"https:\/\/www.fiscalia.gov.co\/colombia\/wp-json\/wp\/v2\/posts\/231493\/revisions"}],"predecessor-version":[{"id":231499,"href":"https:\/\/www.fiscalia.gov.co\/colombia\/wp-json\/wp\/v2\/posts\/231493\/revisions\/231499"}],"wp:attachment":[{"href":"https:\/\/www.fiscalia.gov.co\/colombia\/wp-json\/wp\/v2\/media?parent=231493"}],"wp:term":[{"taxonomy":"category","embeddable":true,"href":"https:\/\/www.fiscalia.gov.co\/colombia\/wp-json\/wp\/v2\/categories?post=231493"},{"taxonomy":"post_tag","embeddable":true,"href":"https:\/\/www.fiscalia.gov.co\/colombia\/wp-json\/wp\/v2\/tags?post=231493"}],"curies":[{"name":"wp","href":"https:\/\/api.w.org\/{rel}","templated":true}]}}