{"id":231449,"date":"2021-10-05T07:49:29","date_gmt":"2021-10-05T12:49:29","guid":{"rendered":"https:\/\/www.fiscalia.gov.co\/colombia\/?p=231449"},"modified":"2021-10-12T16:13:18","modified_gmt":"2021-10-12T21:13:18","slug":"carcel-para-presunto-integrante-de-la-primera-linea-que-estaria-involucrado-en-la-instrumentalizacion-de-menores-de-edad-para-enfrentar-a-la-fuerza-publica-en-manifestaciones-violent","status":"publish","type":"post","link":"https:\/\/www.fiscalia.gov.co\/colombia\/noticias\/carcel-para-presunto-integrante-de-la-primera-linea-que-estaria-involucrado-en-la-instrumentalizacion-de-menores-de-edad-para-enfrentar-a-la-fuerza-publica-en-manifestaciones-violent\/","title":{"rendered":"C\u00e1rcel para presunto integrante de la \u2018Primera L\u00ednea\u2019 que estar\u00eda involucrado en la instrumentalizaci\u00f3n de menores de edad para enfrentar a la fuerza p\u00fablica en manifestaciones violentas"},"content":{"rendered":"<h4><strong><em>Alias \u2018Carro Loco\u2019 habr\u00eda participado en la destrucci\u00f3n y quema de un peaje en Bello (Antioquia), y otros hechos vand\u00e1licos ocurridos en el \u00e1rea metropolita de Medell\u00edn.<\/em><\/strong><\/h4>\n<p>&nbsp;<\/p>\n<p>Por solicitud de un fiscal de la Direcci\u00f3n Especializada contra las Organizaciones Criminales, un juez de conocimiento revoc\u00f3 la decisi\u00f3n de primera instancia que dej\u00f3 en libertad a \u00c9ver Daniel Gaviria Jaramillo, alias Carro Loco, uno de los presuntos articuladores del grupo autodenominado \u2018Primera L\u00ednea \u2013 Norte\u2019, en Medell\u00edn (Antioquia).<\/p>\n<p>La decisi\u00f3n respald\u00f3 la posici\u00f3n de la Fiscal\u00eda General de la Naci\u00f3n sobre la supuesta participaci\u00f3n de esta persona en actos vand\u00e1licos y la posible peligrosidad que representa para la ciudadan\u00eda. En ese sentido, le fue impuesta medida de aseguramiento privativa de la libertad en establecimiento carcelario.<\/p>\n<p>El material de prueba da cuenta de que, alias Carro Loco estar\u00eda involucrado en la instrumentalizaci\u00f3n y entrenamiento il\u00edcito de menores de edad. En algunos videos se evidenci\u00f3 que, en el Parque de Los Deseos y otros puntos de Medell\u00edn, personas con la cara cubierta instruyeron a ni\u00f1os y adolescentes en el manejo de escudos y elementos peligrosos para enfrentar a la fuerza p\u00fablica.<\/p>\n<p>Asimismo, hay indicios de que este hombre ser\u00eda uno de los responsables de la destrucci\u00f3n e incineraci\u00f3n del peaje de Niqu\u00eda en Bello (Antioquia), el 30 de abril del a\u00f1o en curso; y en el ataque a una vivienda del barrio Moravia de Medell\u00edn (Antioquia), con la idea falsa de que all\u00ed hab\u00eda sido abusada sexualmente una mujer por parte de algunos polic\u00edas.<\/p>\n<p><strong><u>Captura y judicializaci\u00f3n<\/u><\/strong><\/p>\n<p>\u00c9ver Daniel Gaviria Jaramillo fue capturado el pasado mes de julio en una acci\u00f3n conjunta de la Fiscal\u00eda y Polic\u00eda Nacional en el barrio Los Alpes de Bello (Antioquia). Durante el procedimiento se encontraron cuatro barras de explosivos; adem\u00e1s de canicas, metralla y otros elementos usados para la fabricaci\u00f3n de bombas molotov.<\/p>\n<p>De igual manera, fueron hallados documentos y cartillas de adoctrinamiento de masas, dos m\u00e1scaras antigases, escudos con marcas de \u2018Primera L\u00ednea\u2019 y una tonfa o bast\u00f3n utilizado por los integrantes de la Polic\u00eda Nacional.<\/p>\n<p>En su momento, un fiscal de la Direcci\u00f3n Especializada contra las Organizaciones Criminales imput\u00f3 a \u2018Carro Loco\u2019 los delitos de terrorismo, tenencia de explosivos, uso de menores de edad en la comisi\u00f3n de delitos, y concierto para delinquir agravado. El procesado no acept\u00f3 los cargos.<\/p>\n<p>Esta informaci\u00f3n se publica por razones de inter\u00e9s general.<\/p>\n<p>LMBG\/JARG\/CRIO\/DECOC\/JARG\/MCRC<\/p>\n<p>&nbsp;<\/p>\n<p><strong>La Fiscal\u00eda habla con resultados. <\/strong><\/p>\n<p>&nbsp;<\/p>\n<p>&nbsp;<\/p>\n\n<div class=\"twitter-share\"><a href=\"https:\/\/twitter.com\/intent\/tweet?via=fiscaliacol\" class=\"twitter-share-button\">Tweet<\/a><\/div>\n","protected":false},"excerpt":{"rendered":"<p>Alias \u2018Carro Loco\u2019 habr\u00eda participado en la destrucci\u00f3n y quema de un peaje en Bello (Antioquia), y otros hechos vand\u00e1licos ocurridos en el \u00e1rea metropolita de Medell\u00edn. &nbsp; Por solicitud [&hellip;]<\/p>\n","protected":false},"author":175,"featured_media":0,"comment_status":"closed","ping_status":"open","sticky":false,"template":"","format":"video","meta":{"tdm_status":"","tdm_grid_status":"","footnotes":""},"categories":[24098,1],"tags":[24189,24526,27702,27901],"class_list":["post-231449","post","type-post","status-publish","format-video","category-crimen-organizado","category-noticias","tag-fiscal-francisco-barbosa-delgado","tag-fiscal-general-francisco-barbosa-delgado","tag-manifestaciones-violentas","tag-primera-linea","post_format-post-format-video"],"yoast_head":"<!-- This site is optimized with the Yoast SEO plugin v24.3 - https:\/\/yoast.com\/wordpress\/plugins\/seo\/ -->\n<title>Fiscal\u00eda General de la Naci\u00f3n<\/title>\n<meta name=\"description\" content=\"P\u00e1gina oficial de la Fiscal\u00eda General de la Naci\u00f3n \u2013 Colombia. Garantizamos el acceso efectivo a la justicia, la verdad y la reparaci\u00f3n de las v\u00edctimas de los delitos.\" \/>\n<meta name=\"robots\" content=\"noindex, follow\" \/>\n<meta property=\"og:locale\" content=\"es_ES\" \/>\n<meta property=\"og:type\" content=\"article\" \/>\n<meta property=\"og:title\" content=\"Fiscal\u00eda General de la Naci\u00f3n\" \/>\n<meta property=\"og:description\" content=\"P\u00e1gina oficial de la Fiscal\u00eda General de la Naci\u00f3n \u2013 Colombia. Garantizamos el acceso efectivo a la justicia, la verdad y la reparaci\u00f3n de las v\u00edctimas de los delitos.\" \/>\n<meta property=\"og:url\" content=\"https:\/\/www.fiscalia.gov.co\/colombia\/noticias\/carcel-para-presunto-integrante-de-la-primera-linea-que-estaria-involucrado-en-la-instrumentalizacion-de-menores-de-edad-para-enfrentar-a-la-fuerza-publica-en-manifestaciones-violent\/\" \/>\n<meta property=\"og:site_name\" content=\"Fiscal\u00eda General de la Naci\u00f3n\" \/>\n<meta property=\"article:publisher\" content=\"https:\/\/www.facebook.com\/FiscaliaCol\" \/>\n<meta property=\"article:published_time\" content=\"2021-10-05T12:49:29+00:00\" \/>\n<meta property=\"article:modified_time\" content=\"2021-10-12T21:13:18+00:00\" \/>\n<meta name=\"author\" content=\"Katherine Loaiza Mart\u00ednez\" \/>\n<meta name=\"twitter:card\" content=\"summary_large_image\" \/>\n<meta name=\"twitter:creator\" content=\"@FiscaliaCol\" \/>\n<meta name=\"twitter:site\" content=\"@FiscaliaCol\" \/>\n<meta name=\"twitter:label1\" content=\"Escrito por\" \/>\n\t<meta name=\"twitter:data1\" content=\"Katherine Loaiza Mart\u00ednez\" \/>\n\t<meta name=\"twitter:label2\" content=\"Tiempo de lectura\" \/>\n\t<meta name=\"twitter:data2\" content=\"2 minutos\" \/>\n<script type=\"application\/ld+json\" class=\"yoast-schema-graph\">{\"@context\":\"https:\/\/schema.org\",\"@graph\":[{\"@type\":\"Article\",\"@id\":\"https:\/\/www.fiscalia.gov.co\/colombia\/noticias\/carcel-para-presunto-integrante-de-la-primera-linea-que-estaria-involucrado-en-la-instrumentalizacion-de-menores-de-edad-para-enfrentar-a-la-fuerza-publica-en-manifestaciones-violent\/#article\",\"isPartOf\":{\"@id\":\"https:\/\/www.fiscalia.gov.co\/colombia\/noticias\/carcel-para-presunto-integrante-de-la-primera-linea-que-estaria-involucrado-en-la-instrumentalizacion-de-menores-de-edad-para-enfrentar-a-la-fuerza-publica-en-manifestaciones-violent\/\"},\"author\":{\"name\":\"Katherine Loaiza Mart\u00ednez\",\"@id\":\"https:\/\/www.fiscalia.gov.co\/colombia\/#\/schema\/person\/2e76b9aba5ecf875ed565ce4de0e0415\"},\"headline\":\"C\u00e1rcel para presunto integrante de la \u2018Primera L\u00ednea\u2019 que estar\u00eda involucrado en la instrumentalizaci\u00f3n de menores de edad para enfrentar a la fuerza p\u00fablica en manifestaciones violentas\",\"datePublished\":\"2021-10-05T12:49:29+00:00\",\"dateModified\":\"2021-10-12T21:13:18+00:00\",\"mainEntityOfPage\":{\"@id\":\"https:\/\/www.fiscalia.gov.co\/colombia\/noticias\/carcel-para-presunto-integrante-de-la-primera-linea-que-estaria-involucrado-en-la-instrumentalizacion-de-menores-de-edad-para-enfrentar-a-la-fuerza-publica-en-manifestaciones-violent\/\"},\"wordCount\":483,\"publisher\":{\"@id\":\"https:\/\/www.fiscalia.gov.co\/colombia\/#organization\"},\"keywords\":[\"Fiscal Francisco Barbosa Delgado\",\"Fiscal General Francisco Barbosa Delgado\",\"manifestaciones violentas\",\"primera l\u00ednea\"],\"articleSection\":[\"Crimen organizado\",\"Noticias\"],\"inLanguage\":\"es-CO\"},{\"@type\":\"WebPage\",\"@id\":\"https:\/\/www.fiscalia.gov.co\/colombia\/noticias\/carcel-para-presunto-integrante-de-la-primera-linea-que-estaria-involucrado-en-la-instrumentalizacion-de-menores-de-edad-para-enfrentar-a-la-fuerza-publica-en-manifestaciones-violent\/\",\"url\":\"https:\/\/www.fiscalia.gov.co\/colombia\/noticias\/carcel-para-presunto-integrante-de-la-primera-linea-que-estaria-involucrado-en-la-instrumentalizacion-de-menores-de-edad-para-enfrentar-a-la-fuerza-publica-en-manifestaciones-violent\/\",\"name\":\"Fiscal\u00eda General de la Naci\u00f3n\",\"isPartOf\":{\"@id\":\"https:\/\/www.fiscalia.gov.co\/colombia\/#website\"},\"datePublished\":\"2021-10-05T12:49:29+00:00\",\"dateModified\":\"2021-10-12T21:13:18+00:00\",\"description\":\"P\u00e1gina oficial de la Fiscal\u00eda General de la Naci\u00f3n \u2013 Colombia. Garantizamos el acceso efectivo a la justicia, la verdad y la reparaci\u00f3n de las v\u00edctimas de los delitos.\",\"breadcrumb\":{\"@id\":\"https:\/\/www.fiscalia.gov.co\/colombia\/noticias\/carcel-para-presunto-integrante-de-la-primera-linea-que-estaria-involucrado-en-la-instrumentalizacion-de-menores-de-edad-para-enfrentar-a-la-fuerza-publica-en-manifestaciones-violent\/#breadcrumb\"},\"inLanguage\":\"es-CO\",\"potentialAction\":[{\"@type\":\"ReadAction\",\"target\":[\"https:\/\/www.fiscalia.gov.co\/colombia\/noticias\/carcel-para-presunto-integrante-de-la-primera-linea-que-estaria-involucrado-en-la-instrumentalizacion-de-menores-de-edad-para-enfrentar-a-la-fuerza-publica-en-manifestaciones-violent\/\"]}]},{\"@type\":\"BreadcrumbList\",\"@id\":\"https:\/\/www.fiscalia.gov.co\/colombia\/noticias\/carcel-para-presunto-integrante-de-la-primera-linea-que-estaria-involucrado-en-la-instrumentalizacion-de-menores-de-edad-para-enfrentar-a-la-fuerza-publica-en-manifestaciones-violent\/#breadcrumb\",\"itemListElement\":[{\"@type\":\"ListItem\",\"position\":1,\"name\":\"Home\",\"item\":\"https:\/\/www.fiscalia.gov.co\/colombia\/\"},{\"@type\":\"ListItem\",\"position\":2,\"name\":\"C\u00e1rcel para presunto integrante de la \u2018Primera L\u00ednea\u2019 que estar\u00eda involucrado en la instrumentalizaci\u00f3n de menores de edad para enfrentar a la fuerza p\u00fablica en manifestaciones violentas\"}]},{\"@type\":\"WebSite\",\"@id\":\"https:\/\/www.fiscalia.gov.co\/colombia\/#website\",\"url\":\"https:\/\/www.fiscalia.gov.co\/colombia\/\",\"name\":\"Fiscal\u00eda General de la Naci\u00f3n\",\"description\":\"P\u00e1gina oficial de la Fiscal\u00eda General de la Naci\u00f3n \u2013 Colombia. Garantizamos el acceso efectivo a la justicia, la verdad y la reparaci\u00f3n de las v\u00edctimas de los delitos.\",\"publisher\":{\"@id\":\"https:\/\/www.fiscalia.gov.co\/colombia\/#organization\"},\"potentialAction\":[{\"@type\":\"SearchAction\",\"target\":{\"@type\":\"EntryPoint\",\"urlTemplate\":\"https:\/\/www.fiscalia.gov.co\/colombia\/?s={search_term_string}\"},\"query-input\":{\"@type\":\"PropertyValueSpecification\",\"valueRequired\":true,\"valueName\":\"search_term_string\"}}],\"inLanguage\":\"es-CO\"},{\"@type\":\"Organization\",\"@id\":\"https:\/\/www.fiscalia.gov.co\/colombia\/#organization\",\"name\":\"Fiscal\u00eda General de la Naci\u00f3n\",\"url\":\"https:\/\/www.fiscalia.gov.co\/colombia\/\",\"logo\":{\"@type\":\"ImageObject\",\"inLanguage\":\"es-CO\",\"@id\":\"https:\/\/www.fiscalia.gov.co\/colombia\/#\/schema\/logo\/image\/\",\"url\":\"https:\/\/www.fiscalia.gov.co\/colombia\/wp-content\/uploads\/LogoHorizontal_1.jpg\",\"contentUrl\":\"https:\/\/www.fiscalia.gov.co\/colombia\/wp-content\/uploads\/LogoHorizontal_1.jpg\",\"width\":300,\"height\":90,\"caption\":\"Fiscal\u00eda General de la Naci\u00f3n\"},\"image\":{\"@id\":\"https:\/\/www.fiscalia.gov.co\/colombia\/#\/schema\/logo\/image\/\"},\"sameAs\":[\"https:\/\/www.facebook.com\/FiscaliaCol\",\"https:\/\/x.com\/FiscaliaCol\",\"https:\/\/www.instagram.com\/fiscaliacol\",\"https:\/\/www.linkedin.com\/company\/fiscalia-general-de-la-naci-n\/\",\"https:\/\/youtube.com\/@fiscaliageneraldelanacion-4668?si=6nN79nyQICPU5iTh\"]},{\"@type\":\"Person\",\"@id\":\"https:\/\/www.fiscalia.gov.co\/colombia\/#\/schema\/person\/2e76b9aba5ecf875ed565ce4de0e0415\",\"name\":\"Katherine Loaiza Mart\u00ednez\",\"image\":{\"@type\":\"ImageObject\",\"inLanguage\":\"es-CO\",\"@id\":\"https:\/\/www.fiscalia.gov.co\/colombia\/#\/schema\/person\/image\/\",\"url\":\"https:\/\/secure.gravatar.com\/avatar\/ab775a2f394c1b83b6d6f78680e57b50?s=96&d=mm&r=g\",\"contentUrl\":\"https:\/\/secure.gravatar.com\/avatar\/ab775a2f394c1b83b6d6f78680e57b50?s=96&d=mm&r=g\",\"caption\":\"Katherine Loaiza Mart\u00ednez\"},\"url\":\"https:\/\/www.fiscalia.gov.co\/colombia\/author\/kloaiza\/\"}]}<\/script>\n<!-- \/ Yoast SEO plugin. -->","yoast_head_json":{"title":"Fiscal\u00eda General de la Naci\u00f3n","description":"P\u00e1gina oficial de la Fiscal\u00eda General de la Naci\u00f3n \u2013 Colombia. Garantizamos el acceso efectivo a la justicia, la verdad y la reparaci\u00f3n de las v\u00edctimas de los delitos.","robots":{"index":"noindex","follow":"follow"},"og_locale":"es_ES","og_type":"article","og_title":"Fiscal\u00eda General de la Naci\u00f3n","og_description":"P\u00e1gina oficial de la Fiscal\u00eda General de la Naci\u00f3n \u2013 Colombia. Garantizamos el acceso efectivo a la justicia, la verdad y la reparaci\u00f3n de las v\u00edctimas de los delitos.","og_url":"https:\/\/www.fiscalia.gov.co\/colombia\/noticias\/carcel-para-presunto-integrante-de-la-primera-linea-que-estaria-involucrado-en-la-instrumentalizacion-de-menores-de-edad-para-enfrentar-a-la-fuerza-publica-en-manifestaciones-violent\/","og_site_name":"Fiscal\u00eda General de la Naci\u00f3n","article_publisher":"https:\/\/www.facebook.com\/FiscaliaCol","article_published_time":"2021-10-05T12:49:29+00:00","article_modified_time":"2021-10-12T21:13:18+00:00","author":"Katherine Loaiza Mart\u00ednez","twitter_card":"summary_large_image","twitter_creator":"@FiscaliaCol","twitter_site":"@FiscaliaCol","twitter_misc":{"Escrito por":"Katherine Loaiza Mart\u00ednez","Tiempo de lectura":"2 minutos"},"schema":{"@context":"https:\/\/schema.org","@graph":[{"@type":"Article","@id":"https:\/\/www.fiscalia.gov.co\/colombia\/noticias\/carcel-para-presunto-integrante-de-la-primera-linea-que-estaria-involucrado-en-la-instrumentalizacion-de-menores-de-edad-para-enfrentar-a-la-fuerza-publica-en-manifestaciones-violent\/#article","isPartOf":{"@id":"https:\/\/www.fiscalia.gov.co\/colombia\/noticias\/carcel-para-presunto-integrante-de-la-primera-linea-que-estaria-involucrado-en-la-instrumentalizacion-de-menores-de-edad-para-enfrentar-a-la-fuerza-publica-en-manifestaciones-violent\/"},"author":{"name":"Katherine Loaiza Mart\u00ednez","@id":"https:\/\/www.fiscalia.gov.co\/colombia\/#\/schema\/person\/2e76b9aba5ecf875ed565ce4de0e0415"},"headline":"C\u00e1rcel para presunto integrante de la \u2018Primera L\u00ednea\u2019 que estar\u00eda involucrado en la instrumentalizaci\u00f3n de menores de edad para enfrentar a la fuerza p\u00fablica en manifestaciones violentas","datePublished":"2021-10-05T12:49:29+00:00","dateModified":"2021-10-12T21:13:18+00:00","mainEntityOfPage":{"@id":"https:\/\/www.fiscalia.gov.co\/colombia\/noticias\/carcel-para-presunto-integrante-de-la-primera-linea-que-estaria-involucrado-en-la-instrumentalizacion-de-menores-de-edad-para-enfrentar-a-la-fuerza-publica-en-manifestaciones-violent\/"},"wordCount":483,"publisher":{"@id":"https:\/\/www.fiscalia.gov.co\/colombia\/#organization"},"keywords":["Fiscal Francisco Barbosa Delgado","Fiscal General Francisco Barbosa Delgado","manifestaciones violentas","primera l\u00ednea"],"articleSection":["Crimen organizado","Noticias"],"inLanguage":"es-CO"},{"@type":"WebPage","@id":"https:\/\/www.fiscalia.gov.co\/colombia\/noticias\/carcel-para-presunto-integrante-de-la-primera-linea-que-estaria-involucrado-en-la-instrumentalizacion-de-menores-de-edad-para-enfrentar-a-la-fuerza-publica-en-manifestaciones-violent\/","url":"https:\/\/www.fiscalia.gov.co\/colombia\/noticias\/carcel-para-presunto-integrante-de-la-primera-linea-que-estaria-involucrado-en-la-instrumentalizacion-de-menores-de-edad-para-enfrentar-a-la-fuerza-publica-en-manifestaciones-violent\/","name":"Fiscal\u00eda General de la Naci\u00f3n","isPartOf":{"@id":"https:\/\/www.fiscalia.gov.co\/colombia\/#website"},"datePublished":"2021-10-05T12:49:29+00:00","dateModified":"2021-10-12T21:13:18+00:00","description":"P\u00e1gina oficial de la Fiscal\u00eda General de la Naci\u00f3n \u2013 Colombia. Garantizamos el acceso efectivo a la justicia, la verdad y la reparaci\u00f3n de las v\u00edctimas de los delitos.","breadcrumb":{"@id":"https:\/\/www.fiscalia.gov.co\/colombia\/noticias\/carcel-para-presunto-integrante-de-la-primera-linea-que-estaria-involucrado-en-la-instrumentalizacion-de-menores-de-edad-para-enfrentar-a-la-fuerza-publica-en-manifestaciones-violent\/#breadcrumb"},"inLanguage":"es-CO","potentialAction":[{"@type":"ReadAction","target":["https:\/\/www.fiscalia.gov.co\/colombia\/noticias\/carcel-para-presunto-integrante-de-la-primera-linea-que-estaria-involucrado-en-la-instrumentalizacion-de-menores-de-edad-para-enfrentar-a-la-fuerza-publica-en-manifestaciones-violent\/"]}]},{"@type":"BreadcrumbList","@id":"https:\/\/www.fiscalia.gov.co\/colombia\/noticias\/carcel-para-presunto-integrante-de-la-primera-linea-que-estaria-involucrado-en-la-instrumentalizacion-de-menores-de-edad-para-enfrentar-a-la-fuerza-publica-en-manifestaciones-violent\/#breadcrumb","itemListElement":[{"@type":"ListItem","position":1,"name":"Home","item":"https:\/\/www.fiscalia.gov.co\/colombia\/"},{"@type":"ListItem","position":2,"name":"C\u00e1rcel para presunto integrante de la \u2018Primera L\u00ednea\u2019 que estar\u00eda involucrado en la instrumentalizaci\u00f3n de menores de edad para enfrentar a la fuerza p\u00fablica en manifestaciones violentas"}]},{"@type":"WebSite","@id":"https:\/\/www.fiscalia.gov.co\/colombia\/#website","url":"https:\/\/www.fiscalia.gov.co\/colombia\/","name":"Fiscal\u00eda General de la Naci\u00f3n","description":"P\u00e1gina oficial de la Fiscal\u00eda General de la Naci\u00f3n \u2013 Colombia. Garantizamos el acceso efectivo a la justicia, la verdad y la reparaci\u00f3n de las v\u00edctimas de los delitos.","publisher":{"@id":"https:\/\/www.fiscalia.gov.co\/colombia\/#organization"},"potentialAction":[{"@type":"SearchAction","target":{"@type":"EntryPoint","urlTemplate":"https:\/\/www.fiscalia.gov.co\/colombia\/?s={search_term_string}"},"query-input":{"@type":"PropertyValueSpecification","valueRequired":true,"valueName":"search_term_string"}}],"inLanguage":"es-CO"},{"@type":"Organization","@id":"https:\/\/www.fiscalia.gov.co\/colombia\/#organization","name":"Fiscal\u00eda General de la Naci\u00f3n","url":"https:\/\/www.fiscalia.gov.co\/colombia\/","logo":{"@type":"ImageObject","inLanguage":"es-CO","@id":"https:\/\/www.fiscalia.gov.co\/colombia\/#\/schema\/logo\/image\/","url":"https:\/\/www.fiscalia.gov.co\/colombia\/wp-content\/uploads\/LogoHorizontal_1.jpg","contentUrl":"https:\/\/www.fiscalia.gov.co\/colombia\/wp-content\/uploads\/LogoHorizontal_1.jpg","width":300,"height":90,"caption":"Fiscal\u00eda General de la Naci\u00f3n"},"image":{"@id":"https:\/\/www.fiscalia.gov.co\/colombia\/#\/schema\/logo\/image\/"},"sameAs":["https:\/\/www.facebook.com\/FiscaliaCol","https:\/\/x.com\/FiscaliaCol","https:\/\/www.instagram.com\/fiscaliacol","https:\/\/www.linkedin.com\/company\/fiscalia-general-de-la-naci-n\/","https:\/\/youtube.com\/@fiscaliageneraldelanacion-4668?si=6nN79nyQICPU5iTh"]},{"@type":"Person","@id":"https:\/\/www.fiscalia.gov.co\/colombia\/#\/schema\/person\/2e76b9aba5ecf875ed565ce4de0e0415","name":"Katherine Loaiza Mart\u00ednez","image":{"@type":"ImageObject","inLanguage":"es-CO","@id":"https:\/\/www.fiscalia.gov.co\/colombia\/#\/schema\/person\/image\/","url":"https:\/\/secure.gravatar.com\/avatar\/ab775a2f394c1b83b6d6f78680e57b50?s=96&d=mm&r=g","contentUrl":"https:\/\/secure.gravatar.com\/avatar\/ab775a2f394c1b83b6d6f78680e57b50?s=96&d=mm&r=g","caption":"Katherine Loaiza Mart\u00ednez"},"url":"https:\/\/www.fiscalia.gov.co\/colombia\/author\/kloaiza\/"}]}},"_links":{"self":[{"href":"https:\/\/www.fiscalia.gov.co\/colombia\/wp-json\/wp\/v2\/posts\/231449","targetHints":{"allow":["GET"]}}],"collection":[{"href":"https:\/\/www.fiscalia.gov.co\/colombia\/wp-json\/wp\/v2\/posts"}],"about":[{"href":"https:\/\/www.fiscalia.gov.co\/colombia\/wp-json\/wp\/v2\/types\/post"}],"author":[{"embeddable":true,"href":"https:\/\/www.fiscalia.gov.co\/colombia\/wp-json\/wp\/v2\/users\/175"}],"replies":[{"embeddable":true,"href":"https:\/\/www.fiscalia.gov.co\/colombia\/wp-json\/wp\/v2\/comments?post=231449"}],"version-history":[{"count":1,"href":"https:\/\/www.fiscalia.gov.co\/colombia\/wp-json\/wp\/v2\/posts\/231449\/revisions"}],"predecessor-version":[{"id":231450,"href":"https:\/\/www.fiscalia.gov.co\/colombia\/wp-json\/wp\/v2\/posts\/231449\/revisions\/231450"}],"wp:attachment":[{"href":"https:\/\/www.fiscalia.gov.co\/colombia\/wp-json\/wp\/v2\/media?parent=231449"}],"wp:term":[{"taxonomy":"category","embeddable":true,"href":"https:\/\/www.fiscalia.gov.co\/colombia\/wp-json\/wp\/v2\/categories?post=231449"},{"taxonomy":"post_tag","embeddable":true,"href":"https:\/\/www.fiscalia.gov.co\/colombia\/wp-json\/wp\/v2\/tags?post=231449"}],"curies":[{"name":"wp","href":"https:\/\/api.w.org\/{rel}","templated":true}]}}