{"id":230862,"date":"2021-09-27T17:17:32","date_gmt":"2021-09-27T22:17:32","guid":{"rendered":"https:\/\/www.fiscalia.gov.co\/colombia\/?p=230862"},"modified":"2021-09-27T17:17:32","modified_gmt":"2021-09-27T22:17:32","slug":"a-prision-6-presuntos-miembros-de-la-banda-la-12-dedicada-al-trafico-de-estupefacientes-en-palmira","status":"publish","type":"post","link":"https:\/\/www.fiscalia.gov.co\/colombia\/noticias\/a-prision-6-presuntos-miembros-de-la-banda-la-12-dedicada-al-trafico-de-estupefacientes-en-palmira\/","title":{"rendered":"A prisi\u00f3n 6 presuntos miembros de la banda La 12, dedicada al tr\u00e1fico de estupefacientes en Palmira\u00a0\u00a0"},"content":{"rendered":"<p style=\"font-weight: 400;\">Los procesados Andr\u00e9s Felipe Mu\u00f1oz Estrada, Diego Alex\u00e1nder Restrepo Cortez, Diego Fernando Mart\u00ednez Garz\u00f3n, Gustavo Adolfo Z\u00fa\u00f1iga Cort\u00e9s, Robert Steve Segura Viveros y Juan David Tirado Laverde, presuntos miembros de la\u00a0<strong>banda delincuencial La 12<\/strong>, fueron privados de la libertad en establecimiento carcelario, por el Juzgado Cuarto Penal con funci\u00f3n de control de garant\u00edas.<\/p>\n<figure id=\"attachment_230863\" aria-describedby=\"caption-attachment-230863\" style=\"width: 1242px\" class=\"wp-caption aligncenter\"><img loading=\"lazy\" decoding=\"async\" class=\"size-full wp-image-230863\" src=\"https:\/\/www.fiscalia.gov.co\/colombia\/wp-content\/uploads\/La-banda-La-12-se-encargaba-de-distribuir-y-comercializar-marihuana-por-dosis-en-varios-sectores-de-Palmira.jpeg\" alt=\"\" width=\"1242\" height=\"494\" srcset=\"https:\/\/www.fiscalia.gov.co\/colombia\/wp-content\/uploads\/La-banda-La-12-se-encargaba-de-distribuir-y-comercializar-marihuana-por-dosis-en-varios-sectores-de-Palmira.jpeg 1242w, https:\/\/www.fiscalia.gov.co\/colombia\/wp-content\/uploads\/La-banda-La-12-se-encargaba-de-distribuir-y-comercializar-marihuana-por-dosis-en-varios-sectores-de-Palmira-300x119.jpeg 300w, https:\/\/www.fiscalia.gov.co\/colombia\/wp-content\/uploads\/La-banda-La-12-se-encargaba-de-distribuir-y-comercializar-marihuana-por-dosis-en-varios-sectores-de-Palmira-1024x407.jpeg 1024w, https:\/\/www.fiscalia.gov.co\/colombia\/wp-content\/uploads\/La-banda-La-12-se-encargaba-de-distribuir-y-comercializar-marihuana-por-dosis-en-varios-sectores-de-Palmira-768x305.jpeg 768w, https:\/\/www.fiscalia.gov.co\/colombia\/wp-content\/uploads\/La-banda-La-12-se-encargaba-de-distribuir-y-comercializar-marihuana-por-dosis-en-varios-sectores-de-Palmira-696x277.jpeg 696w, https:\/\/www.fiscalia.gov.co\/colombia\/wp-content\/uploads\/La-banda-La-12-se-encargaba-de-distribuir-y-comercializar-marihuana-por-dosis-en-varios-sectores-de-Palmira-1068x425.jpeg 1068w, https:\/\/www.fiscalia.gov.co\/colombia\/wp-content\/uploads\/La-banda-La-12-se-encargaba-de-distribuir-y-comercializar-marihuana-por-dosis-en-varios-sectores-de-Palmira-1056x420.jpeg 1056w\" sizes=\"auto, (max-width: 1242px) 100vw, 1242px\" \/><figcaption id=\"caption-attachment-230863\" class=\"wp-caption-text\">La banda La 12 se encargaba de distribuir y comercializar marihuana por dosis en varios sectores de Palmira<\/figcaption><\/figure>\n<p style=\"font-weight: 400;\">Por otra parte, fue judicializada Mar\u00eda Melva Garz\u00f3n Valencia, a quien se le dict\u00f3 medida de aseguramiento no privativa de la libertad; sin embargo, contin\u00faa vinculada a la investigaci\u00f3n.<\/p>\n<p style=\"font-weight: 400;\">Estas personas responder\u00edan por los delitos de tr\u00e1fico, fabricaci\u00f3n y porte de estupefacientes agravado en concurso homog\u00e9neo, y est\u00edmulo al uso il\u00edcito de drogas o medicamentos que produzcan dependencia.<\/p>\n<p style=\"font-weight: 400;\">Los procesados fueron detenidos (5 por orden judicial y 2 en flagrancia) durante 8 operativos de registro y allanamiento a viviendas ubicadas en Palmira, por agentes de la Sij\u00edn y uniformados de la Polic\u00eda de Vigilancia.<\/p>\n<p style=\"font-weight: 400;\">En las diligencias fueron incautadas varias bolsas con\u00a0<a href=\"https:\/\/www.fiscalia.gov.co\/colombia\/noticias\/privado-de-la-libertad-por-transportar-30-kilos-de-marihuana-en-cali\/\" data-saferedirecturl=\"https:\/\/www.google.com\/url?q=https:\/\/www.fiscalia.gov.co\/colombia\/noticias\/privado-de-la-libertad-por-transportar-30-kilos-de-marihuana-en-cali\/&amp;source=gmail&amp;ust=1632866855014000&amp;usg=AFQjCNEkR5v0GQ76VILEYSJKUy31rdanww\">marihuana<\/a>, cigarrillos del estupefaciente, un tel\u00e9fono celular y elementos para dosificar la droga.<\/p>\n<p style=\"font-weight: 400;\">Seg\u00fan la Fiscal\u00eda, la banda La 12 estaba encargada de la venta y distribuci\u00f3n de estupefacientes, en la\u00a0<a href=\"https:\/\/www.fiscalia.gov.co\/colombia\/seccionales\/condenados-integrantes-de-la-organizacion-delincuencial-los-campaneros-por-narcomenudeo-en-varios-barrios-de-florencia-caqueta\/\" data-saferedirecturl=\"https:\/\/www.google.com\/url?q=https:\/\/www.fiscalia.gov.co\/colombia\/seccionales\/condenados-integrantes-de-la-organizacion-delincuencial-los-campaneros-por-narcomenudeo-en-varios-barrios-de-florencia-caqueta\/&amp;source=gmail&amp;ust=1632866855014000&amp;usg=AFQjCNGLZ_cpfsjfgBABzKdTq-vuz9Vi2g\">modalidad de menudeo<\/a>, en diferentes sectores de Palmira.<\/p>\n<p style=\"font-weight: 400;\">La estructura obten\u00eda ganancias de $5.000.000 semanales, en promedio.<\/p>\n<p style=\"font-weight: 400;\">Cinco de los asegurados se allanaron a los cargos imputados por el ente investigador y los dos restantes se declararon inocentes.<\/p>\n<p style=\"font-weight: 400;\">La Fiscal\u00eda General de la Naci\u00f3n habla con resultados<\/p>\n<p style=\"font-weight: 400;\">\n<p style=\"font-weight: 400;\">JGPV\/DR\/DLBM.<\/p>\n<p style=\"font-weight: 400;\">\n<p style=\"font-weight: 400;\"><strong>Le puede interesar:\u00a0<\/strong><a href=\"https:\/\/www.fiscalia.gov.co\/colombia\/noticias\/privados-de-la-libertad-4-presuntos-integrantes-de-la-banda-delincuencial-los-chachos-por-trafico-de-marihuana-y-bazuco\/\" data-saferedirecturl=\"https:\/\/www.google.com\/url?q=https:\/\/www.fiscalia.gov.co\/colombia\/noticias\/privados-de-la-libertad-4-presuntos-integrantes-de-la-banda-delincuencial-los-chachos-por-trafico-de-marihuana-y-bazuco\/&amp;source=gmail&amp;ust=1632866855014000&amp;usg=AFQjCNFytjwQARfWdtGfTMtpXCo4xDksMA\">Privados de la libertad 4 presuntos integrantes de la banda delincuencial Los Chachos, por tr\u00e1fico de marihuana y bazuco<\/a><\/p>\n<p style=\"font-weight: 400;\">\n<p style=\"font-weight: 400;\"><em>La informaci\u00f3n contenida en este bolet\u00edn de prensa corresponde a la narraci\u00f3n de los hechos noticiosos objetivos, suministrados por los funcionarios encargados de adelantar las investigaciones penales al interior de la Fiscal\u00eda General de la Naci\u00f3n. Para el momento de la divulgaci\u00f3n de este comunicado, la situaci\u00f3n jur\u00eddica de la(s) persona(s) relacionada(s) se encuentra pendiente de resolver por la autoridad judicial competente, siempre bajo los preceptos de la presunci\u00f3n de inocencia, consagrados en el art\u00edculo 29 de la Constituci\u00f3n Pol\u00edtica y el art\u00edculo 7\u00ba de la Ley 906 de 2004.<\/em><\/p>\n\n<div class=\"twitter-share\"><a href=\"https:\/\/twitter.com\/intent\/tweet?via=fiscaliacol\" class=\"twitter-share-button\">Tweet<\/a><\/div>\n","protected":false},"excerpt":{"rendered":"<p>Los procesados Andr\u00e9s Felipe Mu\u00f1oz Estrada, Diego Alex\u00e1nder Restrepo Cortez, Diego Fernando Mart\u00ednez Garz\u00f3n, Gustavo Adolfo Z\u00fa\u00f1iga Cort\u00e9s, Robert Steve Segura Viveros y Juan David Tirado Laverde, presuntos miembros de la\u00a0banda delincuencial La 12, fueron privados de la libertad en establecimiento carcelario, por el Juzgado Cuarto Penal con funci\u00f3n de control de garant\u00edas. Por otra [&hellip;]<\/p>\n","protected":false},"author":175,"featured_media":0,"comment_status":"closed","ping_status":"open","sticky":false,"template":"","format":"standard","meta":{"_price":"","_stock":"","_tribe_ticket_header":"","_tribe_default_ticket_provider":"","_tribe_ticket_capacity":"0","_ticket_start_date":"","_ticket_end_date":"","_tribe_ticket_show_description":"","_tribe_ticket_show_not_going":false,"_tribe_ticket_use_global_stock":"","_tribe_ticket_global_stock_level":"","_global_stock_mode":"","_global_stock_cap":"","_tribe_rsvp_for_event":"","_tribe_ticket_going_count":"","_tribe_ticket_not_going_count":"","_tribe_tickets_list":"[]","_tribe_ticket_has_attendee_info_fields":false,"tdm_status":"","tdm_grid_status":"","footnotes":""},"categories":[1,324,24103],"tags":[24401,24189,24526,1047,1264,28912,26738],"class_list":{"0":"post-230862","1":"post","2":"type-post","3":"status-publish","4":"format-standard","6":"category-noticias","7":"category-seccional-cali","8":"category-trafico-de-estupefacientes","9":"tag-fiscal-barbosa-delgado","10":"tag-fiscal-francisco-barbosa-delgado","11":"tag-fiscal-general-francisco-barbosa-delgado","12":"tag-fiscalia-general-de-la-nacion","13":"tag-marihuana","14":"tag-modalidad-de-menudeo","15":"tag-trafico-de-estupefacientes-fiscalia-de-colombia"},"yoast_head":"<!-- This site is optimized with the Yoast SEO plugin v24.3 - https:\/\/yoast.com\/wordpress\/plugins\/seo\/ -->\n<title>Fiscal\u00eda General de la Naci\u00f3n<\/title>\n<meta name=\"description\" content=\"P\u00e1gina oficial de la Fiscal\u00eda General de la Naci\u00f3n \u2013 Colombia. Garantizamos el acceso efectivo a la justicia, la verdad y la reparaci\u00f3n de las v\u00edctimas de los delitos.\" \/>\n<meta name=\"robots\" content=\"noindex, follow\" \/>\n<meta property=\"og:locale\" content=\"es_ES\" \/>\n<meta property=\"og:type\" content=\"article\" \/>\n<meta property=\"og:title\" content=\"Fiscal\u00eda General de la Naci\u00f3n\" \/>\n<meta property=\"og:description\" content=\"P\u00e1gina oficial de la Fiscal\u00eda General de la Naci\u00f3n \u2013 Colombia. Garantizamos el acceso efectivo a la justicia, la verdad y la reparaci\u00f3n de las v\u00edctimas de los delitos.\" \/>\n<meta property=\"og:url\" content=\"https:\/\/www.fiscalia.gov.co\/colombia\/noticias\/a-prision-6-presuntos-miembros-de-la-banda-la-12-dedicada-al-trafico-de-estupefacientes-en-palmira\/\" \/>\n<meta property=\"og:site_name\" content=\"Fiscal\u00eda General de la Naci\u00f3n\" \/>\n<meta property=\"article:publisher\" content=\"https:\/\/www.facebook.com\/FiscaliaCol\" \/>\n<meta property=\"article:published_time\" content=\"2021-09-27T22:17:32+00:00\" \/>\n<meta property=\"og:image\" content=\"https:\/\/www.fiscalia.gov.co\/colombia\/wp-content\/uploads\/La-banda-La-12-se-encargaba-de-distribuir-y-comercializar-marihuana-por-dosis-en-varios-sectores-de-Palmira.jpeg\" \/>\n<meta name=\"author\" content=\"Katherine Loaiza Mart\u00ednez\" \/>\n<meta name=\"twitter:card\" content=\"summary_large_image\" \/>\n<meta name=\"twitter:creator\" content=\"@FiscaliaCol\" \/>\n<meta name=\"twitter:site\" content=\"@FiscaliaCol\" \/>\n<meta name=\"twitter:label1\" content=\"Escrito por\" \/>\n\t<meta name=\"twitter:data1\" content=\"Katherine Loaiza Mart\u00ednez\" \/>\n\t<meta name=\"twitter:label2\" content=\"Tiempo de lectura\" \/>\n\t<meta name=\"twitter:data2\" content=\"2 minutos\" \/>\n<script type=\"application\/ld+json\" class=\"yoast-schema-graph\">{\"@context\":\"https:\/\/schema.org\",\"@graph\":[{\"@type\":\"Article\",\"@id\":\"https:\/\/www.fiscalia.gov.co\/colombia\/noticias\/a-prision-6-presuntos-miembros-de-la-banda-la-12-dedicada-al-trafico-de-estupefacientes-en-palmira\/#article\",\"isPartOf\":{\"@id\":\"https:\/\/www.fiscalia.gov.co\/colombia\/noticias\/a-prision-6-presuntos-miembros-de-la-banda-la-12-dedicada-al-trafico-de-estupefacientes-en-palmira\/\"},\"author\":{\"name\":\"Katherine Loaiza Mart\u00ednez\",\"@id\":\"https:\/\/www.fiscalia.gov.co\/colombia\/#\/schema\/person\/2e76b9aba5ecf875ed565ce4de0e0415\"},\"headline\":\"A prisi\u00f3n 6 presuntos miembros de la banda La 12, dedicada al tr\u00e1fico de estupefacientes en Palmira\u00a0\u00a0\",\"datePublished\":\"2021-09-27T22:17:32+00:00\",\"dateModified\":\"2021-09-27T22:17:32+00:00\",\"mainEntityOfPage\":{\"@id\":\"https:\/\/www.fiscalia.gov.co\/colombia\/noticias\/a-prision-6-presuntos-miembros-de-la-banda-la-12-dedicada-al-trafico-de-estupefacientes-en-palmira\/\"},\"wordCount\":424,\"publisher\":{\"@id\":\"https:\/\/www.fiscalia.gov.co\/colombia\/#organization\"},\"image\":{\"@id\":\"https:\/\/www.fiscalia.gov.co\/colombia\/noticias\/a-prision-6-presuntos-miembros-de-la-banda-la-12-dedicada-al-trafico-de-estupefacientes-en-palmira\/#primaryimage\"},\"thumbnailUrl\":\"https:\/\/www.fiscalia.gov.co\/colombia\/wp-content\/uploads\/La-banda-La-12-se-encargaba-de-distribuir-y-comercializar-marihuana-por-dosis-en-varios-sectores-de-Palmira.jpeg\",\"keywords\":[\"Fiscal Barbosa Delgado\",\"Fiscal Francisco Barbosa Delgado\",\"Fiscal General Francisco Barbosa Delgado\",\"Fiscal\u00eda General de la Naci\u00f3n\",\"Marihuana\",\"modalidad de menudeo\",\"tr\u00e1fico de estupefacientes. Fiscal\u00eda de Colombia\"],\"articleSection\":[\"Noticias\",\"Seccional Cali\",\"Tr\u00e1fico de estupefacientes\"],\"inLanguage\":\"es-CO\"},{\"@type\":\"WebPage\",\"@id\":\"https:\/\/www.fiscalia.gov.co\/colombia\/noticias\/a-prision-6-presuntos-miembros-de-la-banda-la-12-dedicada-al-trafico-de-estupefacientes-en-palmira\/\",\"url\":\"https:\/\/www.fiscalia.gov.co\/colombia\/noticias\/a-prision-6-presuntos-miembros-de-la-banda-la-12-dedicada-al-trafico-de-estupefacientes-en-palmira\/\",\"name\":\"Fiscal\u00eda General de la Naci\u00f3n\",\"isPartOf\":{\"@id\":\"https:\/\/www.fiscalia.gov.co\/colombia\/#website\"},\"primaryImageOfPage\":{\"@id\":\"https:\/\/www.fiscalia.gov.co\/colombia\/noticias\/a-prision-6-presuntos-miembros-de-la-banda-la-12-dedicada-al-trafico-de-estupefacientes-en-palmira\/#primaryimage\"},\"image\":{\"@id\":\"https:\/\/www.fiscalia.gov.co\/colombia\/noticias\/a-prision-6-presuntos-miembros-de-la-banda-la-12-dedicada-al-trafico-de-estupefacientes-en-palmira\/#primaryimage\"},\"thumbnailUrl\":\"https:\/\/www.fiscalia.gov.co\/colombia\/wp-content\/uploads\/La-banda-La-12-se-encargaba-de-distribuir-y-comercializar-marihuana-por-dosis-en-varios-sectores-de-Palmira.jpeg\",\"datePublished\":\"2021-09-27T22:17:32+00:00\",\"dateModified\":\"2021-09-27T22:17:32+00:00\",\"description\":\"P\u00e1gina oficial de la Fiscal\u00eda General de la Naci\u00f3n \u2013 Colombia. Garantizamos el acceso efectivo a la justicia, la verdad y la reparaci\u00f3n de las v\u00edctimas de los delitos.\",\"breadcrumb\":{\"@id\":\"https:\/\/www.fiscalia.gov.co\/colombia\/noticias\/a-prision-6-presuntos-miembros-de-la-banda-la-12-dedicada-al-trafico-de-estupefacientes-en-palmira\/#breadcrumb\"},\"inLanguage\":\"es-CO\",\"potentialAction\":[{\"@type\":\"ReadAction\",\"target\":[\"https:\/\/www.fiscalia.gov.co\/colombia\/noticias\/a-prision-6-presuntos-miembros-de-la-banda-la-12-dedicada-al-trafico-de-estupefacientes-en-palmira\/\"]}]},{\"@type\":\"ImageObject\",\"inLanguage\":\"es-CO\",\"@id\":\"https:\/\/www.fiscalia.gov.co\/colombia\/noticias\/a-prision-6-presuntos-miembros-de-la-banda-la-12-dedicada-al-trafico-de-estupefacientes-en-palmira\/#primaryimage\",\"url\":\"https:\/\/www.fiscalia.gov.co\/colombia\/wp-content\/uploads\/La-banda-La-12-se-encargaba-de-distribuir-y-comercializar-marihuana-por-dosis-en-varios-sectores-de-Palmira.jpeg\",\"contentUrl\":\"https:\/\/www.fiscalia.gov.co\/colombia\/wp-content\/uploads\/La-banda-La-12-se-encargaba-de-distribuir-y-comercializar-marihuana-por-dosis-en-varios-sectores-de-Palmira.jpeg\",\"width\":1242,\"height\":494,\"caption\":\"La banda La 12 se encargaba de distribuir y comercializar marihuana por dosis en varios sectores de Palmira\u00a0\"},{\"@type\":\"BreadcrumbList\",\"@id\":\"https:\/\/www.fiscalia.gov.co\/colombia\/noticias\/a-prision-6-presuntos-miembros-de-la-banda-la-12-dedicada-al-trafico-de-estupefacientes-en-palmira\/#breadcrumb\",\"itemListElement\":[{\"@type\":\"ListItem\",\"position\":1,\"name\":\"Home\",\"item\":\"https:\/\/www.fiscalia.gov.co\/colombia\/\"},{\"@type\":\"ListItem\",\"position\":2,\"name\":\"A prisi\u00f3n 6 presuntos miembros de la banda La 12, dedicada al tr\u00e1fico de estupefacientes en Palmira\u00a0\u00a0\"}]},{\"@type\":\"WebSite\",\"@id\":\"https:\/\/www.fiscalia.gov.co\/colombia\/#website\",\"url\":\"https:\/\/www.fiscalia.gov.co\/colombia\/\",\"name\":\"Fiscal\u00eda General de la Naci\u00f3n\",\"description\":\"P\u00e1gina oficial de la Fiscal\u00eda General de la Naci\u00f3n \u2013 Colombia. Garantizamos el acceso efectivo a la justicia, la verdad y la reparaci\u00f3n de las v\u00edctimas de los delitos.\",\"publisher\":{\"@id\":\"https:\/\/www.fiscalia.gov.co\/colombia\/#organization\"},\"potentialAction\":[{\"@type\":\"SearchAction\",\"target\":{\"@type\":\"EntryPoint\",\"urlTemplate\":\"https:\/\/www.fiscalia.gov.co\/colombia\/?s={search_term_string}\"},\"query-input\":{\"@type\":\"PropertyValueSpecification\",\"valueRequired\":true,\"valueName\":\"search_term_string\"}}],\"inLanguage\":\"es-CO\"},{\"@type\":\"Organization\",\"@id\":\"https:\/\/www.fiscalia.gov.co\/colombia\/#organization\",\"name\":\"Fiscal\u00eda General de la Naci\u00f3n\",\"url\":\"https:\/\/www.fiscalia.gov.co\/colombia\/\",\"logo\":{\"@type\":\"ImageObject\",\"inLanguage\":\"es-CO\",\"@id\":\"https:\/\/www.fiscalia.gov.co\/colombia\/#\/schema\/logo\/image\/\",\"url\":\"https:\/\/www.fiscalia.gov.co\/colombia\/wp-content\/uploads\/LogoHorizontal_1.jpg\",\"contentUrl\":\"https:\/\/www.fiscalia.gov.co\/colombia\/wp-content\/uploads\/LogoHorizontal_1.jpg\",\"width\":300,\"height\":90,\"caption\":\"Fiscal\u00eda General de la Naci\u00f3n\"},\"image\":{\"@id\":\"https:\/\/www.fiscalia.gov.co\/colombia\/#\/schema\/logo\/image\/\"},\"sameAs\":[\"https:\/\/www.facebook.com\/FiscaliaCol\",\"https:\/\/x.com\/FiscaliaCol\",\"https:\/\/www.instagram.com\/fiscaliacol\",\"https:\/\/www.linkedin.com\/company\/fiscalia-general-de-la-naci-n\/\",\"https:\/\/youtube.com\/@fiscaliageneraldelanacion-4668?si=6nN79nyQICPU5iTh\"]},{\"@type\":\"Person\",\"@id\":\"https:\/\/www.fiscalia.gov.co\/colombia\/#\/schema\/person\/2e76b9aba5ecf875ed565ce4de0e0415\",\"name\":\"Katherine Loaiza Mart\u00ednez\",\"image\":{\"@type\":\"ImageObject\",\"inLanguage\":\"es-CO\",\"@id\":\"https:\/\/www.fiscalia.gov.co\/colombia\/#\/schema\/person\/image\/\",\"url\":\"https:\/\/secure.gravatar.com\/avatar\/ab775a2f394c1b83b6d6f78680e57b50?s=96&d=mm&r=g\",\"contentUrl\":\"https:\/\/secure.gravatar.com\/avatar\/ab775a2f394c1b83b6d6f78680e57b50?s=96&d=mm&r=g\",\"caption\":\"Katherine Loaiza Mart\u00ednez\"},\"url\":\"https:\/\/www.fiscalia.gov.co\/colombia\/author\/kloaiza\/\"}]}<\/script>\n<!-- \/ Yoast SEO plugin. -->","yoast_head_json":{"title":"Fiscal\u00eda General de la Naci\u00f3n","description":"P\u00e1gina oficial de la Fiscal\u00eda General de la Naci\u00f3n \u2013 Colombia. Garantizamos el acceso efectivo a la justicia, la verdad y la reparaci\u00f3n de las v\u00edctimas de los delitos.","robots":{"index":"noindex","follow":"follow"},"og_locale":"es_ES","og_type":"article","og_title":"Fiscal\u00eda General de la Naci\u00f3n","og_description":"P\u00e1gina oficial de la Fiscal\u00eda General de la Naci\u00f3n \u2013 Colombia. Garantizamos el acceso efectivo a la justicia, la verdad y la reparaci\u00f3n de las v\u00edctimas de los delitos.","og_url":"https:\/\/www.fiscalia.gov.co\/colombia\/noticias\/a-prision-6-presuntos-miembros-de-la-banda-la-12-dedicada-al-trafico-de-estupefacientes-en-palmira\/","og_site_name":"Fiscal\u00eda General de la Naci\u00f3n","article_publisher":"https:\/\/www.facebook.com\/FiscaliaCol","article_published_time":"2021-09-27T22:17:32+00:00","og_image":[{"url":"https:\/\/www.fiscalia.gov.co\/colombia\/wp-content\/uploads\/La-banda-La-12-se-encargaba-de-distribuir-y-comercializar-marihuana-por-dosis-en-varios-sectores-de-Palmira.jpeg","type":"","width":"","height":""}],"author":"Katherine Loaiza Mart\u00ednez","twitter_card":"summary_large_image","twitter_creator":"@FiscaliaCol","twitter_site":"@FiscaliaCol","twitter_misc":{"Escrito por":"Katherine Loaiza Mart\u00ednez","Tiempo de lectura":"2 minutos"},"schema":{"@context":"https:\/\/schema.org","@graph":[{"@type":"Article","@id":"https:\/\/www.fiscalia.gov.co\/colombia\/noticias\/a-prision-6-presuntos-miembros-de-la-banda-la-12-dedicada-al-trafico-de-estupefacientes-en-palmira\/#article","isPartOf":{"@id":"https:\/\/www.fiscalia.gov.co\/colombia\/noticias\/a-prision-6-presuntos-miembros-de-la-banda-la-12-dedicada-al-trafico-de-estupefacientes-en-palmira\/"},"author":{"name":"Katherine Loaiza Mart\u00ednez","@id":"https:\/\/www.fiscalia.gov.co\/colombia\/#\/schema\/person\/2e76b9aba5ecf875ed565ce4de0e0415"},"headline":"A prisi\u00f3n 6 presuntos miembros de la banda La 12, dedicada al tr\u00e1fico de estupefacientes en Palmira\u00a0\u00a0","datePublished":"2021-09-27T22:17:32+00:00","dateModified":"2021-09-27T22:17:32+00:00","mainEntityOfPage":{"@id":"https:\/\/www.fiscalia.gov.co\/colombia\/noticias\/a-prision-6-presuntos-miembros-de-la-banda-la-12-dedicada-al-trafico-de-estupefacientes-en-palmira\/"},"wordCount":424,"publisher":{"@id":"https:\/\/www.fiscalia.gov.co\/colombia\/#organization"},"image":{"@id":"https:\/\/www.fiscalia.gov.co\/colombia\/noticias\/a-prision-6-presuntos-miembros-de-la-banda-la-12-dedicada-al-trafico-de-estupefacientes-en-palmira\/#primaryimage"},"thumbnailUrl":"https:\/\/www.fiscalia.gov.co\/colombia\/wp-content\/uploads\/La-banda-La-12-se-encargaba-de-distribuir-y-comercializar-marihuana-por-dosis-en-varios-sectores-de-Palmira.jpeg","keywords":["Fiscal Barbosa Delgado","Fiscal Francisco Barbosa Delgado","Fiscal General Francisco Barbosa Delgado","Fiscal\u00eda General de la Naci\u00f3n","Marihuana","modalidad de menudeo","tr\u00e1fico de estupefacientes. Fiscal\u00eda de Colombia"],"articleSection":["Noticias","Seccional Cali","Tr\u00e1fico de estupefacientes"],"inLanguage":"es-CO"},{"@type":"WebPage","@id":"https:\/\/www.fiscalia.gov.co\/colombia\/noticias\/a-prision-6-presuntos-miembros-de-la-banda-la-12-dedicada-al-trafico-de-estupefacientes-en-palmira\/","url":"https:\/\/www.fiscalia.gov.co\/colombia\/noticias\/a-prision-6-presuntos-miembros-de-la-banda-la-12-dedicada-al-trafico-de-estupefacientes-en-palmira\/","name":"Fiscal\u00eda General de la Naci\u00f3n","isPartOf":{"@id":"https:\/\/www.fiscalia.gov.co\/colombia\/#website"},"primaryImageOfPage":{"@id":"https:\/\/www.fiscalia.gov.co\/colombia\/noticias\/a-prision-6-presuntos-miembros-de-la-banda-la-12-dedicada-al-trafico-de-estupefacientes-en-palmira\/#primaryimage"},"image":{"@id":"https:\/\/www.fiscalia.gov.co\/colombia\/noticias\/a-prision-6-presuntos-miembros-de-la-banda-la-12-dedicada-al-trafico-de-estupefacientes-en-palmira\/#primaryimage"},"thumbnailUrl":"https:\/\/www.fiscalia.gov.co\/colombia\/wp-content\/uploads\/La-banda-La-12-se-encargaba-de-distribuir-y-comercializar-marihuana-por-dosis-en-varios-sectores-de-Palmira.jpeg","datePublished":"2021-09-27T22:17:32+00:00","dateModified":"2021-09-27T22:17:32+00:00","description":"P\u00e1gina oficial de la Fiscal\u00eda General de la Naci\u00f3n \u2013 Colombia. Garantizamos el acceso efectivo a la justicia, la verdad y la reparaci\u00f3n de las v\u00edctimas de los delitos.","breadcrumb":{"@id":"https:\/\/www.fiscalia.gov.co\/colombia\/noticias\/a-prision-6-presuntos-miembros-de-la-banda-la-12-dedicada-al-trafico-de-estupefacientes-en-palmira\/#breadcrumb"},"inLanguage":"es-CO","potentialAction":[{"@type":"ReadAction","target":["https:\/\/www.fiscalia.gov.co\/colombia\/noticias\/a-prision-6-presuntos-miembros-de-la-banda-la-12-dedicada-al-trafico-de-estupefacientes-en-palmira\/"]}]},{"@type":"ImageObject","inLanguage":"es-CO","@id":"https:\/\/www.fiscalia.gov.co\/colombia\/noticias\/a-prision-6-presuntos-miembros-de-la-banda-la-12-dedicada-al-trafico-de-estupefacientes-en-palmira\/#primaryimage","url":"https:\/\/www.fiscalia.gov.co\/colombia\/wp-content\/uploads\/La-banda-La-12-se-encargaba-de-distribuir-y-comercializar-marihuana-por-dosis-en-varios-sectores-de-Palmira.jpeg","contentUrl":"https:\/\/www.fiscalia.gov.co\/colombia\/wp-content\/uploads\/La-banda-La-12-se-encargaba-de-distribuir-y-comercializar-marihuana-por-dosis-en-varios-sectores-de-Palmira.jpeg","width":1242,"height":494,"caption":"La banda La 12 se encargaba de distribuir y comercializar marihuana por dosis en varios sectores de Palmira\u00a0"},{"@type":"BreadcrumbList","@id":"https:\/\/www.fiscalia.gov.co\/colombia\/noticias\/a-prision-6-presuntos-miembros-de-la-banda-la-12-dedicada-al-trafico-de-estupefacientes-en-palmira\/#breadcrumb","itemListElement":[{"@type":"ListItem","position":1,"name":"Home","item":"https:\/\/www.fiscalia.gov.co\/colombia\/"},{"@type":"ListItem","position":2,"name":"A prisi\u00f3n 6 presuntos miembros de la banda La 12, dedicada al tr\u00e1fico de estupefacientes en Palmira\u00a0\u00a0"}]},{"@type":"WebSite","@id":"https:\/\/www.fiscalia.gov.co\/colombia\/#website","url":"https:\/\/www.fiscalia.gov.co\/colombia\/","name":"Fiscal\u00eda General de la Naci\u00f3n","description":"P\u00e1gina oficial de la Fiscal\u00eda General de la Naci\u00f3n \u2013 Colombia. Garantizamos el acceso efectivo a la justicia, la verdad y la reparaci\u00f3n de las v\u00edctimas de los delitos.","publisher":{"@id":"https:\/\/www.fiscalia.gov.co\/colombia\/#organization"},"potentialAction":[{"@type":"SearchAction","target":{"@type":"EntryPoint","urlTemplate":"https:\/\/www.fiscalia.gov.co\/colombia\/?s={search_term_string}"},"query-input":{"@type":"PropertyValueSpecification","valueRequired":true,"valueName":"search_term_string"}}],"inLanguage":"es-CO"},{"@type":"Organization","@id":"https:\/\/www.fiscalia.gov.co\/colombia\/#organization","name":"Fiscal\u00eda General de la Naci\u00f3n","url":"https:\/\/www.fiscalia.gov.co\/colombia\/","logo":{"@type":"ImageObject","inLanguage":"es-CO","@id":"https:\/\/www.fiscalia.gov.co\/colombia\/#\/schema\/logo\/image\/","url":"https:\/\/www.fiscalia.gov.co\/colombia\/wp-content\/uploads\/LogoHorizontal_1.jpg","contentUrl":"https:\/\/www.fiscalia.gov.co\/colombia\/wp-content\/uploads\/LogoHorizontal_1.jpg","width":300,"height":90,"caption":"Fiscal\u00eda General de la Naci\u00f3n"},"image":{"@id":"https:\/\/www.fiscalia.gov.co\/colombia\/#\/schema\/logo\/image\/"},"sameAs":["https:\/\/www.facebook.com\/FiscaliaCol","https:\/\/x.com\/FiscaliaCol","https:\/\/www.instagram.com\/fiscaliacol","https:\/\/www.linkedin.com\/company\/fiscalia-general-de-la-naci-n\/","https:\/\/youtube.com\/@fiscaliageneraldelanacion-4668?si=6nN79nyQICPU5iTh"]},{"@type":"Person","@id":"https:\/\/www.fiscalia.gov.co\/colombia\/#\/schema\/person\/2e76b9aba5ecf875ed565ce4de0e0415","name":"Katherine Loaiza Mart\u00ednez","image":{"@type":"ImageObject","inLanguage":"es-CO","@id":"https:\/\/www.fiscalia.gov.co\/colombia\/#\/schema\/person\/image\/","url":"https:\/\/secure.gravatar.com\/avatar\/ab775a2f394c1b83b6d6f78680e57b50?s=96&d=mm&r=g","contentUrl":"https:\/\/secure.gravatar.com\/avatar\/ab775a2f394c1b83b6d6f78680e57b50?s=96&d=mm&r=g","caption":"Katherine Loaiza Mart\u00ednez"},"url":"https:\/\/www.fiscalia.gov.co\/colombia\/author\/kloaiza\/"}]}},"_links":{"self":[{"href":"https:\/\/www.fiscalia.gov.co\/colombia\/wp-json\/wp\/v2\/posts\/230862","targetHints":{"allow":["GET"]}}],"collection":[{"href":"https:\/\/www.fiscalia.gov.co\/colombia\/wp-json\/wp\/v2\/posts"}],"about":[{"href":"https:\/\/www.fiscalia.gov.co\/colombia\/wp-json\/wp\/v2\/types\/post"}],"author":[{"embeddable":true,"href":"https:\/\/www.fiscalia.gov.co\/colombia\/wp-json\/wp\/v2\/users\/175"}],"replies":[{"embeddable":true,"href":"https:\/\/www.fiscalia.gov.co\/colombia\/wp-json\/wp\/v2\/comments?post=230862"}],"version-history":[{"count":2,"href":"https:\/\/www.fiscalia.gov.co\/colombia\/wp-json\/wp\/v2\/posts\/230862\/revisions"}],"predecessor-version":[{"id":230866,"href":"https:\/\/www.fiscalia.gov.co\/colombia\/wp-json\/wp\/v2\/posts\/230862\/revisions\/230866"}],"wp:attachment":[{"href":"https:\/\/www.fiscalia.gov.co\/colombia\/wp-json\/wp\/v2\/media?parent=230862"}],"wp:term":[{"taxonomy":"category","embeddable":true,"href":"https:\/\/www.fiscalia.gov.co\/colombia\/wp-json\/wp\/v2\/categories?post=230862"},{"taxonomy":"post_tag","embeddable":true,"href":"https:\/\/www.fiscalia.gov.co\/colombia\/wp-json\/wp\/v2\/tags?post=230862"}],"curies":[{"name":"wp","href":"https:\/\/api.w.org\/{rel}","templated":true}]}}