{"id":230789,"date":"2021-09-27T10:54:11","date_gmt":"2021-09-27T15:54:11","guid":{"rendered":"https:\/\/www.fiscalia.gov.co\/colombia\/?p=230789"},"modified":"2021-09-27T10:54:50","modified_gmt":"2021-09-27T15:54:50","slug":"hombre-involucrado-en-supuestas-extorsiones-a-un-miembro-de-una-comunidad-indigena-fue-cobijado-con-medida-intramuros","status":"publish","type":"post","link":"https:\/\/www.fiscalia.gov.co\/colombia\/noticias\/hombre-involucrado-en-supuestas-extorsiones-a-un-miembro-de-una-comunidad-indigena-fue-cobijado-con-medida-intramuros\/","title":{"rendered":"Hombre involucrado en supuestas extorsiones a un miembro de una comunidad ind\u00edgena fue cobijado con medida intramuros\u00a0\u00a0"},"content":{"rendered":"<div>\n<div dir=\"ltr\">\n<div dir=\"ltr\">\n<p>Ante un juez con funci\u00f3n de control de garant\u00edas, la Fiscal\u00eda present\u00f3 a Juan Sebasti\u00e1n Nastacuas Guanga, imputado como presunto autor del delito de <b>extorsi\u00f3n agravada<\/b>\u00a0en contra de un hombre perteneciente a un cabildo ind\u00edgena en Orito (Putumayo).\u00a0<b>No acept\u00f3 cargos<\/b>.<\/p>\n<\/div>\n<p>Seg\u00fan los hechos, el pasado 19 de septiembre,\u00a0<b>cuatro sujetos armados<\/b>\u00a0que se identificaban como miembros de\u00a0<b>disidencias de las Farc<\/b>, entre esos el hoy judicializado, llegaron a la vivienda de la v\u00edctima, ubicada\u00a0\u00a0en la vereda Portugal en el citado municipio.<\/p>\n<p>All\u00ed, supuestamente, lo\u00a0<a href=\"https:\/\/www.fiscalia.gov.co\/colombia\/noticias\/judicializado-un-hombre-por-presuntamente-extorsionar-a-una-mujer-para-evitar-publicar-videos-intimos-de-ella\/\" target=\"_blank\" rel=\"noopener noreferrer\" data-saferedirecturl=\"https:\/\/www.google.com\/url?q=https:\/\/www.fiscalia.gov.co\/colombia\/noticias\/judicializado-un-hombre-por-presuntamente-extorsionar-a-una-mujer-para-evitar-publicar-videos-intimos-de-ella\/&amp;source=gmail&amp;ust=1632843546145000&amp;usg=AFQjCNGy-Ul3Qf4DY9AAW9lKSqFrel0mIQ\">amenazaron<\/a>\u00a0de muerte si no les entregaba\u00a0<b>15 millones de pesos.\u00a0<\/b>Y<b>\u00a0<\/b>le fijaron un plazo de tres d\u00edas para pagar esa\u00a0 suma de dinero.<\/p>\n<p>El afectado habr\u00eda solicitado un plazo de un d\u00eda m\u00e1s, pero acudi\u00f3 al Gaula de la Polic\u00eda Nacional para interponer la denuncia. El pasado 23 de septiembre,\u00a0en el parque principal de Orito (Putumayo), los policiales lo\u00a0<b>capturaron en flagrancia<\/b>\u00a0mientras recib\u00eda el supuesto dinero producto de la extorsi\u00f3n.<\/p>\n<p>Por estos hechos, un juez con funci\u00f3n de control de garant\u00edas dispuso\u00a0<b>medida de aseguramiento intramuros\u00a0<\/b>para Nastacuas Guanga.<u><\/u><\/p>\n<p>La Fiscal\u00eda hace p\u00fablica esta informaci\u00f3n por razones de inter\u00e9s general.\u00a0\u00a0<u><\/u>\u00a0<u><\/u><\/p>\n<p><u><\/u>\u00a0<u><\/u><\/p>\n<p>LMGM\/CFG\/GRM<\/p>\n<p><i>La informaci\u00f3n contenida en este bolet\u00edn de prensa corresponde a la narraci\u00f3n de los hechos noticiosos objetivos, suministrados por los funcionarios encargados de adelantar las investigaciones penales al interior de la Fiscal\u00eda General de la Naci\u00f3n. Para el momento de la divulgaci\u00f3n de este comunicado, la situaci\u00f3n jur\u00eddica de la(s) persona(s) relacionada(s) se encuentra pendiente de resolver por la autoridad judicial competente, siempre bajo los preceptos de la presunci\u00f3n de inocencia, consagrados en el art\u00edculo 29 de la Constituci\u00f3n Pol\u00edtica y el art\u00edculo 7\u00ba de la Ley 906 de 2004.<\/i>\u00a0\u00a0\u00a0\u00a0\u00a0\u00a0\u00a0\u00a0\u00a0\u00a0\u00a0\u00a0<u><\/u><\/p>\n<\/div>\n<\/div>\n<div>\n<div dir=\"ltr\">\n<p>\u00a0Tambi\u00e9n le puede interesar:\u00a0 <a title=\"Asegurados presuntos responsables de extorsionar a un comerciante a cambio de no ejecutar un homicidio\" href=\"https:\/\/www.fiscalia.gov.co\/colombia\/noticias\/asegurados-presuntos-responsables-de-extorsionar-a-un-comerciante-a-cambio-de-no-ejecutar-un-homicidio\/\" target=\"_blank\" rel=\"noopener noreferrer\" data-saferedirecturl=\"https:\/\/www.google.com\/url?q=https:\/\/www.fiscalia.gov.co\/colombia\/noticias\/asegurados-presuntos-responsables-de-extorsionar-a-un-comerciante-a-cambio-de-no-ejecutar-un-homicidio\/&amp;source=gmail&amp;ust=1632843546145000&amp;usg=AFQjCNF3tgrK37rzpUMDwiK4wTUyt3eS2Q\">Asegurados presuntos responsables de extorsionar a un comerciante a cambio de no ejecutar un homicidio<\/a><\/p>\n<\/div>\n<\/div>\n\n<div class=\"twitter-share\"><a href=\"https:\/\/twitter.com\/intent\/tweet?via=fiscaliacol\" class=\"twitter-share-button\">Tweet<\/a><\/div>\n","protected":false},"excerpt":{"rendered":"<p>Ante un juez con funci\u00f3n de control de garant\u00edas, la Fiscal\u00eda present\u00f3 a Juan Sebasti\u00e1n Nastacuas Guanga, imputado como presunto autor del delito de extorsi\u00f3n agravada\u00a0en contra de un hombre perteneciente a un cabildo ind\u00edgena en Orito (Putumayo).\u00a0No acept\u00f3 cargos. Seg\u00fan los hechos, el pasado 19 de septiembre,\u00a0cuatro sujetos armados\u00a0que se identificaban como miembros de\u00a0disidencias [&hellip;]<\/p>\n","protected":false},"author":175,"featured_media":0,"comment_status":"closed","ping_status":"open","sticky":false,"template":"","format":"standard","meta":{"tdm_status":"","tdm_grid_status":"","footnotes":""},"categories":[1,2910,24099],"tags":[28889,24955,20265,871,24189,28890,2279,11101],"class_list":{"0":"post-230789","1":"post","2":"type-post","3":"status-publish","4":"format-standard","6":"category-noticias","7":"category-seccional-mocoa","8":"category-seguridad-territorial","9":"tag-amenaza-de-muerte","10":"tag-captura-en-flagrancia","11":"tag-comunidad-indigena","12":"tag-extorion","13":"tag-fiscal-francisco-barbosa-delgado","14":"tag-orito","15":"tag-putumayo","16":"tag-seguridad-ciudadana"},"yoast_head":"<!-- This site is optimized with the Yoast SEO plugin v24.3 - https:\/\/yoast.com\/wordpress\/plugins\/seo\/ -->\n<title>Fiscal\u00eda General de la Naci\u00f3n<\/title>\n<meta name=\"description\" content=\"P\u00e1gina oficial de la Fiscal\u00eda General de la Naci\u00f3n \u2013 Colombia. Garantizamos el acceso efectivo a la justicia, la verdad y la reparaci\u00f3n de las v\u00edctimas de los delitos.\" \/>\n<meta name=\"robots\" content=\"noindex, follow\" \/>\n<meta property=\"og:locale\" content=\"es_ES\" \/>\n<meta property=\"og:type\" content=\"article\" \/>\n<meta property=\"og:title\" content=\"Fiscal\u00eda General de la Naci\u00f3n\" \/>\n<meta property=\"og:description\" content=\"P\u00e1gina oficial de la Fiscal\u00eda General de la Naci\u00f3n \u2013 Colombia. Garantizamos el acceso efectivo a la justicia, la verdad y la reparaci\u00f3n de las v\u00edctimas de los delitos.\" \/>\n<meta property=\"og:url\" content=\"https:\/\/www.fiscalia.gov.co\/colombia\/noticias\/hombre-involucrado-en-supuestas-extorsiones-a-un-miembro-de-una-comunidad-indigena-fue-cobijado-con-medida-intramuros\/\" \/>\n<meta property=\"og:site_name\" content=\"Fiscal\u00eda General de la Naci\u00f3n\" \/>\n<meta property=\"article:publisher\" content=\"https:\/\/www.facebook.com\/FiscaliaCol\" \/>\n<meta property=\"article:published_time\" content=\"2021-09-27T15:54:11+00:00\" \/>\n<meta property=\"article:modified_time\" content=\"2021-09-27T15:54:50+00:00\" \/>\n<meta name=\"author\" content=\"Katherine Loaiza Mart\u00ednez\" \/>\n<meta name=\"twitter:card\" content=\"summary_large_image\" \/>\n<meta name=\"twitter:creator\" content=\"@FiscaliaCol\" \/>\n<meta name=\"twitter:site\" content=\"@FiscaliaCol\" \/>\n<meta name=\"twitter:label1\" content=\"Escrito por\" \/>\n\t<meta name=\"twitter:data1\" content=\"Katherine Loaiza Mart\u00ednez\" \/>\n\t<meta name=\"twitter:label2\" content=\"Tiempo de lectura\" \/>\n\t<meta name=\"twitter:data2\" content=\"2 minutos\" \/>\n<script type=\"application\/ld+json\" class=\"yoast-schema-graph\">{\"@context\":\"https:\/\/schema.org\",\"@graph\":[{\"@type\":\"Article\",\"@id\":\"https:\/\/www.fiscalia.gov.co\/colombia\/noticias\/hombre-involucrado-en-supuestas-extorsiones-a-un-miembro-de-una-comunidad-indigena-fue-cobijado-con-medida-intramuros\/#article\",\"isPartOf\":{\"@id\":\"https:\/\/www.fiscalia.gov.co\/colombia\/noticias\/hombre-involucrado-en-supuestas-extorsiones-a-un-miembro-de-una-comunidad-indigena-fue-cobijado-con-medida-intramuros\/\"},\"author\":{\"name\":\"Katherine Loaiza Mart\u00ednez\",\"@id\":\"https:\/\/www.fiscalia.gov.co\/colombia\/#\/schema\/person\/2e76b9aba5ecf875ed565ce4de0e0415\"},\"headline\":\"Hombre involucrado en supuestas extorsiones a un miembro de una comunidad ind\u00edgena fue cobijado con medida intramuros\u00a0\u00a0\",\"datePublished\":\"2021-09-27T15:54:11+00:00\",\"dateModified\":\"2021-09-27T15:54:50+00:00\",\"mainEntityOfPage\":{\"@id\":\"https:\/\/www.fiscalia.gov.co\/colombia\/noticias\/hombre-involucrado-en-supuestas-extorsiones-a-un-miembro-de-una-comunidad-indigena-fue-cobijado-con-medida-intramuros\/\"},\"wordCount\":352,\"publisher\":{\"@id\":\"https:\/\/www.fiscalia.gov.co\/colombia\/#organization\"},\"keywords\":[\"amenaza de muerte\",\"captura en flagrancia\",\"comunidad ind\u00edgena\",\"Extorsi\u00f3n\",\"Fiscal Francisco Barbosa Delgado\",\"Orito\",\"Putumayo\",\"Seguridad ciudadana\"],\"articleSection\":[\"Noticias\",\"Seccional Mocoa\",\"Seguridad territorial\"],\"inLanguage\":\"es-CO\"},{\"@type\":\"WebPage\",\"@id\":\"https:\/\/www.fiscalia.gov.co\/colombia\/noticias\/hombre-involucrado-en-supuestas-extorsiones-a-un-miembro-de-una-comunidad-indigena-fue-cobijado-con-medida-intramuros\/\",\"url\":\"https:\/\/www.fiscalia.gov.co\/colombia\/noticias\/hombre-involucrado-en-supuestas-extorsiones-a-un-miembro-de-una-comunidad-indigena-fue-cobijado-con-medida-intramuros\/\",\"name\":\"Fiscal\u00eda General de la Naci\u00f3n\",\"isPartOf\":{\"@id\":\"https:\/\/www.fiscalia.gov.co\/colombia\/#website\"},\"datePublished\":\"2021-09-27T15:54:11+00:00\",\"dateModified\":\"2021-09-27T15:54:50+00:00\",\"description\":\"P\u00e1gina oficial de la Fiscal\u00eda General de la Naci\u00f3n \u2013 Colombia. Garantizamos el acceso efectivo a la justicia, la verdad y la reparaci\u00f3n de las v\u00edctimas de los delitos.\",\"breadcrumb\":{\"@id\":\"https:\/\/www.fiscalia.gov.co\/colombia\/noticias\/hombre-involucrado-en-supuestas-extorsiones-a-un-miembro-de-una-comunidad-indigena-fue-cobijado-con-medida-intramuros\/#breadcrumb\"},\"inLanguage\":\"es-CO\",\"potentialAction\":[{\"@type\":\"ReadAction\",\"target\":[\"https:\/\/www.fiscalia.gov.co\/colombia\/noticias\/hombre-involucrado-en-supuestas-extorsiones-a-un-miembro-de-una-comunidad-indigena-fue-cobijado-con-medida-intramuros\/\"]}]},{\"@type\":\"BreadcrumbList\",\"@id\":\"https:\/\/www.fiscalia.gov.co\/colombia\/noticias\/hombre-involucrado-en-supuestas-extorsiones-a-un-miembro-de-una-comunidad-indigena-fue-cobijado-con-medida-intramuros\/#breadcrumb\",\"itemListElement\":[{\"@type\":\"ListItem\",\"position\":1,\"name\":\"Home\",\"item\":\"https:\/\/www.fiscalia.gov.co\/colombia\/\"},{\"@type\":\"ListItem\",\"position\":2,\"name\":\"Hombre involucrado en supuestas extorsiones a un miembro de una comunidad ind\u00edgena fue cobijado con medida intramuros\u00a0\u00a0\"}]},{\"@type\":\"WebSite\",\"@id\":\"https:\/\/www.fiscalia.gov.co\/colombia\/#website\",\"url\":\"https:\/\/www.fiscalia.gov.co\/colombia\/\",\"name\":\"Fiscal\u00eda General de la Naci\u00f3n\",\"description\":\"P\u00e1gina oficial de la Fiscal\u00eda General de la Naci\u00f3n \u2013 Colombia. Garantizamos el acceso efectivo a la justicia, la verdad y la reparaci\u00f3n de las v\u00edctimas de los delitos.\",\"publisher\":{\"@id\":\"https:\/\/www.fiscalia.gov.co\/colombia\/#organization\"},\"potentialAction\":[{\"@type\":\"SearchAction\",\"target\":{\"@type\":\"EntryPoint\",\"urlTemplate\":\"https:\/\/www.fiscalia.gov.co\/colombia\/?s={search_term_string}\"},\"query-input\":{\"@type\":\"PropertyValueSpecification\",\"valueRequired\":true,\"valueName\":\"search_term_string\"}}],\"inLanguage\":\"es-CO\"},{\"@type\":\"Organization\",\"@id\":\"https:\/\/www.fiscalia.gov.co\/colombia\/#organization\",\"name\":\"Fiscal\u00eda General de la Naci\u00f3n\",\"url\":\"https:\/\/www.fiscalia.gov.co\/colombia\/\",\"logo\":{\"@type\":\"ImageObject\",\"inLanguage\":\"es-CO\",\"@id\":\"https:\/\/www.fiscalia.gov.co\/colombia\/#\/schema\/logo\/image\/\",\"url\":\"https:\/\/www.fiscalia.gov.co\/colombia\/wp-content\/uploads\/LogoHorizontal_1.jpg\",\"contentUrl\":\"https:\/\/www.fiscalia.gov.co\/colombia\/wp-content\/uploads\/LogoHorizontal_1.jpg\",\"width\":300,\"height\":90,\"caption\":\"Fiscal\u00eda General de la Naci\u00f3n\"},\"image\":{\"@id\":\"https:\/\/www.fiscalia.gov.co\/colombia\/#\/schema\/logo\/image\/\"},\"sameAs\":[\"https:\/\/www.facebook.com\/FiscaliaCol\",\"https:\/\/x.com\/FiscaliaCol\",\"https:\/\/www.instagram.com\/fiscaliacol\",\"https:\/\/www.linkedin.com\/company\/fiscalia-general-de-la-naci-n\/\",\"https:\/\/youtube.com\/@fiscaliageneraldelanacion-4668?si=6nN79nyQICPU5iTh\"]},{\"@type\":\"Person\",\"@id\":\"https:\/\/www.fiscalia.gov.co\/colombia\/#\/schema\/person\/2e76b9aba5ecf875ed565ce4de0e0415\",\"name\":\"Katherine Loaiza Mart\u00ednez\",\"image\":{\"@type\":\"ImageObject\",\"inLanguage\":\"es-CO\",\"@id\":\"https:\/\/www.fiscalia.gov.co\/colombia\/#\/schema\/person\/image\/\",\"url\":\"https:\/\/secure.gravatar.com\/avatar\/ab775a2f394c1b83b6d6f78680e57b50?s=96&d=mm&r=g\",\"contentUrl\":\"https:\/\/secure.gravatar.com\/avatar\/ab775a2f394c1b83b6d6f78680e57b50?s=96&d=mm&r=g\",\"caption\":\"Katherine Loaiza Mart\u00ednez\"},\"url\":\"https:\/\/www.fiscalia.gov.co\/colombia\/author\/kloaiza\/\"}]}<\/script>\n<!-- \/ Yoast SEO plugin. -->","yoast_head_json":{"title":"Fiscal\u00eda General de la Naci\u00f3n","description":"P\u00e1gina oficial de la Fiscal\u00eda General de la Naci\u00f3n \u2013 Colombia. Garantizamos el acceso efectivo a la justicia, la verdad y la reparaci\u00f3n de las v\u00edctimas de los delitos.","robots":{"index":"noindex","follow":"follow"},"og_locale":"es_ES","og_type":"article","og_title":"Fiscal\u00eda General de la Naci\u00f3n","og_description":"P\u00e1gina oficial de la Fiscal\u00eda General de la Naci\u00f3n \u2013 Colombia. Garantizamos el acceso efectivo a la justicia, la verdad y la reparaci\u00f3n de las v\u00edctimas de los delitos.","og_url":"https:\/\/www.fiscalia.gov.co\/colombia\/noticias\/hombre-involucrado-en-supuestas-extorsiones-a-un-miembro-de-una-comunidad-indigena-fue-cobijado-con-medida-intramuros\/","og_site_name":"Fiscal\u00eda General de la Naci\u00f3n","article_publisher":"https:\/\/www.facebook.com\/FiscaliaCol","article_published_time":"2021-09-27T15:54:11+00:00","article_modified_time":"2021-09-27T15:54:50+00:00","author":"Katherine Loaiza Mart\u00ednez","twitter_card":"summary_large_image","twitter_creator":"@FiscaliaCol","twitter_site":"@FiscaliaCol","twitter_misc":{"Escrito por":"Katherine Loaiza Mart\u00ednez","Tiempo de lectura":"2 minutos"},"schema":{"@context":"https:\/\/schema.org","@graph":[{"@type":"Article","@id":"https:\/\/www.fiscalia.gov.co\/colombia\/noticias\/hombre-involucrado-en-supuestas-extorsiones-a-un-miembro-de-una-comunidad-indigena-fue-cobijado-con-medida-intramuros\/#article","isPartOf":{"@id":"https:\/\/www.fiscalia.gov.co\/colombia\/noticias\/hombre-involucrado-en-supuestas-extorsiones-a-un-miembro-de-una-comunidad-indigena-fue-cobijado-con-medida-intramuros\/"},"author":{"name":"Katherine Loaiza Mart\u00ednez","@id":"https:\/\/www.fiscalia.gov.co\/colombia\/#\/schema\/person\/2e76b9aba5ecf875ed565ce4de0e0415"},"headline":"Hombre involucrado en supuestas extorsiones a un miembro de una comunidad ind\u00edgena fue cobijado con medida intramuros\u00a0\u00a0","datePublished":"2021-09-27T15:54:11+00:00","dateModified":"2021-09-27T15:54:50+00:00","mainEntityOfPage":{"@id":"https:\/\/www.fiscalia.gov.co\/colombia\/noticias\/hombre-involucrado-en-supuestas-extorsiones-a-un-miembro-de-una-comunidad-indigena-fue-cobijado-con-medida-intramuros\/"},"wordCount":352,"publisher":{"@id":"https:\/\/www.fiscalia.gov.co\/colombia\/#organization"},"keywords":["amenaza de muerte","captura en flagrancia","comunidad ind\u00edgena","Extorsi\u00f3n","Fiscal Francisco Barbosa Delgado","Orito","Putumayo","Seguridad ciudadana"],"articleSection":["Noticias","Seccional Mocoa","Seguridad territorial"],"inLanguage":"es-CO"},{"@type":"WebPage","@id":"https:\/\/www.fiscalia.gov.co\/colombia\/noticias\/hombre-involucrado-en-supuestas-extorsiones-a-un-miembro-de-una-comunidad-indigena-fue-cobijado-con-medida-intramuros\/","url":"https:\/\/www.fiscalia.gov.co\/colombia\/noticias\/hombre-involucrado-en-supuestas-extorsiones-a-un-miembro-de-una-comunidad-indigena-fue-cobijado-con-medida-intramuros\/","name":"Fiscal\u00eda General de la Naci\u00f3n","isPartOf":{"@id":"https:\/\/www.fiscalia.gov.co\/colombia\/#website"},"datePublished":"2021-09-27T15:54:11+00:00","dateModified":"2021-09-27T15:54:50+00:00","description":"P\u00e1gina oficial de la Fiscal\u00eda General de la Naci\u00f3n \u2013 Colombia. Garantizamos el acceso efectivo a la justicia, la verdad y la reparaci\u00f3n de las v\u00edctimas de los delitos.","breadcrumb":{"@id":"https:\/\/www.fiscalia.gov.co\/colombia\/noticias\/hombre-involucrado-en-supuestas-extorsiones-a-un-miembro-de-una-comunidad-indigena-fue-cobijado-con-medida-intramuros\/#breadcrumb"},"inLanguage":"es-CO","potentialAction":[{"@type":"ReadAction","target":["https:\/\/www.fiscalia.gov.co\/colombia\/noticias\/hombre-involucrado-en-supuestas-extorsiones-a-un-miembro-de-una-comunidad-indigena-fue-cobijado-con-medida-intramuros\/"]}]},{"@type":"BreadcrumbList","@id":"https:\/\/www.fiscalia.gov.co\/colombia\/noticias\/hombre-involucrado-en-supuestas-extorsiones-a-un-miembro-de-una-comunidad-indigena-fue-cobijado-con-medida-intramuros\/#breadcrumb","itemListElement":[{"@type":"ListItem","position":1,"name":"Home","item":"https:\/\/www.fiscalia.gov.co\/colombia\/"},{"@type":"ListItem","position":2,"name":"Hombre involucrado en supuestas extorsiones a un miembro de una comunidad ind\u00edgena fue cobijado con medida intramuros\u00a0\u00a0"}]},{"@type":"WebSite","@id":"https:\/\/www.fiscalia.gov.co\/colombia\/#website","url":"https:\/\/www.fiscalia.gov.co\/colombia\/","name":"Fiscal\u00eda General de la Naci\u00f3n","description":"P\u00e1gina oficial de la Fiscal\u00eda General de la Naci\u00f3n \u2013 Colombia. Garantizamos el acceso efectivo a la justicia, la verdad y la reparaci\u00f3n de las v\u00edctimas de los delitos.","publisher":{"@id":"https:\/\/www.fiscalia.gov.co\/colombia\/#organization"},"potentialAction":[{"@type":"SearchAction","target":{"@type":"EntryPoint","urlTemplate":"https:\/\/www.fiscalia.gov.co\/colombia\/?s={search_term_string}"},"query-input":{"@type":"PropertyValueSpecification","valueRequired":true,"valueName":"search_term_string"}}],"inLanguage":"es-CO"},{"@type":"Organization","@id":"https:\/\/www.fiscalia.gov.co\/colombia\/#organization","name":"Fiscal\u00eda General de la Naci\u00f3n","url":"https:\/\/www.fiscalia.gov.co\/colombia\/","logo":{"@type":"ImageObject","inLanguage":"es-CO","@id":"https:\/\/www.fiscalia.gov.co\/colombia\/#\/schema\/logo\/image\/","url":"https:\/\/www.fiscalia.gov.co\/colombia\/wp-content\/uploads\/LogoHorizontal_1.jpg","contentUrl":"https:\/\/www.fiscalia.gov.co\/colombia\/wp-content\/uploads\/LogoHorizontal_1.jpg","width":300,"height":90,"caption":"Fiscal\u00eda General de la Naci\u00f3n"},"image":{"@id":"https:\/\/www.fiscalia.gov.co\/colombia\/#\/schema\/logo\/image\/"},"sameAs":["https:\/\/www.facebook.com\/FiscaliaCol","https:\/\/x.com\/FiscaliaCol","https:\/\/www.instagram.com\/fiscaliacol","https:\/\/www.linkedin.com\/company\/fiscalia-general-de-la-naci-n\/","https:\/\/youtube.com\/@fiscaliageneraldelanacion-4668?si=6nN79nyQICPU5iTh"]},{"@type":"Person","@id":"https:\/\/www.fiscalia.gov.co\/colombia\/#\/schema\/person\/2e76b9aba5ecf875ed565ce4de0e0415","name":"Katherine Loaiza Mart\u00ednez","image":{"@type":"ImageObject","inLanguage":"es-CO","@id":"https:\/\/www.fiscalia.gov.co\/colombia\/#\/schema\/person\/image\/","url":"https:\/\/secure.gravatar.com\/avatar\/ab775a2f394c1b83b6d6f78680e57b50?s=96&d=mm&r=g","contentUrl":"https:\/\/secure.gravatar.com\/avatar\/ab775a2f394c1b83b6d6f78680e57b50?s=96&d=mm&r=g","caption":"Katherine Loaiza Mart\u00ednez"},"url":"https:\/\/www.fiscalia.gov.co\/colombia\/author\/kloaiza\/"}]}},"_links":{"self":[{"href":"https:\/\/www.fiscalia.gov.co\/colombia\/wp-json\/wp\/v2\/posts\/230789","targetHints":{"allow":["GET"]}}],"collection":[{"href":"https:\/\/www.fiscalia.gov.co\/colombia\/wp-json\/wp\/v2\/posts"}],"about":[{"href":"https:\/\/www.fiscalia.gov.co\/colombia\/wp-json\/wp\/v2\/types\/post"}],"author":[{"embeddable":true,"href":"https:\/\/www.fiscalia.gov.co\/colombia\/wp-json\/wp\/v2\/users\/175"}],"replies":[{"embeddable":true,"href":"https:\/\/www.fiscalia.gov.co\/colombia\/wp-json\/wp\/v2\/comments?post=230789"}],"version-history":[{"count":2,"href":"https:\/\/www.fiscalia.gov.co\/colombia\/wp-json\/wp\/v2\/posts\/230789\/revisions"}],"predecessor-version":[{"id":230791,"href":"https:\/\/www.fiscalia.gov.co\/colombia\/wp-json\/wp\/v2\/posts\/230789\/revisions\/230791"}],"wp:attachment":[{"href":"https:\/\/www.fiscalia.gov.co\/colombia\/wp-json\/wp\/v2\/media?parent=230789"}],"wp:term":[{"taxonomy":"category","embeddable":true,"href":"https:\/\/www.fiscalia.gov.co\/colombia\/wp-json\/wp\/v2\/categories?post=230789"},{"taxonomy":"post_tag","embeddable":true,"href":"https:\/\/www.fiscalia.gov.co\/colombia\/wp-json\/wp\/v2\/tags?post=230789"}],"curies":[{"name":"wp","href":"https:\/\/api.w.org\/{rel}","templated":true}]}}