{"id":230707,"date":"2021-09-24T18:18:30","date_gmt":"2021-09-24T23:18:30","guid":{"rendered":"https:\/\/www.fiscalia.gov.co\/colombia\/?p=230707"},"modified":"2021-09-24T18:18:30","modified_gmt":"2021-09-24T23:18:30","slug":"a-la-carcel-hombre-que-estaria-implicado-en-violencia-intrafamiliar-en-contra-de-su-excompanera-y-su-hija","status":"publish","type":"post","link":"https:\/\/www.fiscalia.gov.co\/colombia\/noticias\/a-la-carcel-hombre-que-estaria-implicado-en-violencia-intrafamiliar-en-contra-de-su-excompanera-y-su-hija\/","title":{"rendered":"A la c\u00e1rcel hombre que estar\u00eda implicado en violencia intrafamiliar en contra de su excompa\u00f1era y su hija"},"content":{"rendered":"<p>La Fiscal\u00eda traslad\u00f3\u00a0<strong>escrito de acusaci\u00f3n<\/strong>\u00a0A\u00a0Robinson Gonz\u00e1lez Silva por el delito de\u00a0<strong>violencia intrafamiliar agravada,\u00a0<\/strong>del que habr\u00eda sido v\u00edctima su ex pareja sentimental y su hija.<\/p>\n<figure id=\"attachment_230708\" aria-describedby=\"caption-attachment-230708\" style=\"width: 858px\" class=\"wp-caption aligncenter\"><img loading=\"lazy\" decoding=\"async\" class=\"size-full wp-image-230708\" src=\"https:\/\/www.fiscalia.gov.co\/colombia\/wp-content\/uploads\/Robinson-Gonz\u00e1lez-Silva.jpeg\" alt=\"\" width=\"858\" height=\"572\" srcset=\"https:\/\/www.fiscalia.gov.co\/colombia\/wp-content\/uploads\/Robinson-Gonz\u00e1lez-Silva.jpeg 858w, https:\/\/www.fiscalia.gov.co\/colombia\/wp-content\/uploads\/Robinson-Gonz\u00e1lez-Silva-300x200.jpeg 300w, https:\/\/www.fiscalia.gov.co\/colombia\/wp-content\/uploads\/Robinson-Gonz\u00e1lez-Silva-768x512.jpeg 768w, https:\/\/www.fiscalia.gov.co\/colombia\/wp-content\/uploads\/Robinson-Gonz\u00e1lez-Silva-696x464.jpeg 696w, https:\/\/www.fiscalia.gov.co\/colombia\/wp-content\/uploads\/Robinson-Gonz\u00e1lez-Silva-630x420.jpeg 630w\" sizes=\"auto, (max-width: 858px) 100vw, 858px\" \/><figcaption id=\"caption-attachment-230708\" class=\"wp-caption-text\">Robinson\u00a0Gonz\u00e1lez Silva amenaz\u00f3 a las v\u00edctimas\u00a0de muerte.<\/figcaption><\/figure>\n<p>Seg\u00fan los hechos, el pasado 31 de agosto, en la vereda San Antonio en Acevedo (Huila), el acusado lleg\u00f3\u00a0a la vivienda donde se encontraban las\u00a0<a href=\"https:\/\/www.fiscalia.gov.co\/colombia\/noticias\/judicializados-tres-presuntos-responsables-de-violencia-intrafamiliar\/\" data-saferedirecturl=\"https:\/\/www.google.com\/url?q=https:\/\/www.fiscalia.gov.co\/colombia\/noticias\/judicializados-tres-presuntos-responsables-de-violencia-intrafamiliar\/&amp;source=gmail&amp;ust=1632611107866000&amp;usg=AFQjCNG6E-FvM0xIu0jDZnJ9qPV12BKS0Q\">v\u00edctimas<\/a>\u00a0y\u00a0 presuntamente les pidi\u00f3 que\u00a0<strong>desalojaran el lugar, amenaz\u00e1ndolas de muerte<\/strong>.<\/p>\n<p>El hombre, con un hacha, al\u00a0parecer\u00a0<strong>empez\u00f3 a golpear la puerta arrancando la chapa<\/strong>\u00a0pero\u00a0las afectadas evitaron que la abriera. No obstante, trat\u00f3 de ingresar por otro lado de la vivienda, situaci\u00f3n que aprovecharon las mujeres para\u00a0escapar y\u00a0correr por un cafetal, a donde fueron\u00a0<strong>perseguidas por el procesado<\/strong>\u00a0quien no logr\u00f3 alcanzarlas.<\/p>\n<p>Su ex compa\u00f1era sentimental refiri\u00f3 que cuando convivi\u00f3 con Gonz\u00e1lez Silva fue v\u00edctima de\u00a0<strong>agresiones verbales, f\u00edsicas y psicol\u00f3gicas<\/strong>\u00a0constantes, por lo cual se separ\u00f3 de \u00e9l.<\/p>\n<p>Personal del CTI, en asocio con unidades del Ej\u00e9rcito, lo capturaron en casco urbano de Acevedo (Huila).<\/p>\n<p>La Fiscal\u00eda publica esta informaci\u00f3n por razones de inter\u00e9s general.<\/p>\n<p>&nbsp;<\/p>\n<p>LMGM\/CFG\/DSPB<\/p>\n<p><em>La informaci\u00f3n contenida en este bolet\u00edn de prensa corresponde a la narraci\u00f3n de los hechos noticiosos objetivos, suministrados por los funcionarios encargados de adelantar las investigaciones penales al interior de la Fiscal\u00eda General de la Naci\u00f3n. Para el momento de la divulgaci\u00f3n de este comunicado, la situaci\u00f3n jur\u00eddica de la(s) persona(s) relacionada(s) se encuentra pendiente de resolver por la autoridad judicial competente, siempre bajo los preceptos de la presunci\u00f3n de inocencia, consagrados en el art\u00edculo 29 de la Constituci\u00f3n Pol\u00edtica y el art\u00edculo 7\u00ba de la Ley 906 de 2004.<\/em><\/p>\n<p>Tambi\u00e9n le puede interesar:\u00a0<a href=\"https:\/\/www.fiscalia.gov.co\/colombia\/noticias\/fiscalia-judicializo-a-13-personas-presuntamente-implicadas-en-delitos-sexuales-violencia-intrafamiliar-y-homicidios-en-cauca\/\" data-saferedirecturl=\"https:\/\/www.google.com\/url?q=https:\/\/www.fiscalia.gov.co\/colombia\/noticias\/fiscalia-judicializo-a-13-personas-presuntamente-implicadas-en-delitos-sexuales-violencia-intrafamiliar-y-homicidios-en-cauca\/&amp;source=gmail&amp;ust=1632611107866000&amp;usg=AFQjCNHxBsBfgwzYg-fKC-9PIMrRtUHigw\">Fiscal\u00eda judicializ\u00f3 a 13 personas, presuntamente, implicadas en delitos sexuales, violencia intrafamiliar y homicidios en Cauca<\/a><\/p>\n\n<div class=\"twitter-share\"><a href=\"https:\/\/twitter.com\/intent\/tweet?via=fiscaliacol\" class=\"twitter-share-button\">Tweet<\/a><\/div>\n","protected":false},"excerpt":{"rendered":"<p>La Fiscal\u00eda traslad\u00f3\u00a0escrito de acusaci\u00f3n\u00a0A\u00a0Robinson Gonz\u00e1lez Silva por el delito de\u00a0violencia intrafamiliar agravada,\u00a0del que habr\u00eda sido v\u00edctima su ex pareja sentimental y su hija. Seg\u00fan los hechos, el pasado 31 de agosto, en la vereda San Antonio en Acevedo (Huila), el acusado lleg\u00f3\u00a0a la vivienda donde se encontraban las\u00a0v\u00edctimas\u00a0y\u00a0 presuntamente les pidi\u00f3 que\u00a0desalojaran el lugar, [&hellip;]<\/p>\n","protected":false},"author":175,"featured_media":0,"comment_status":"closed","ping_status":"open","sticky":false,"template":"","format":"standard","meta":{"_price":"","_stock":"","_tribe_ticket_header":"","_tribe_default_ticket_provider":"","_tribe_ticket_capacity":"0","_ticket_start_date":"","_ticket_end_date":"","_tribe_ticket_show_description":"","_tribe_ticket_show_not_going":false,"_tribe_ticket_use_global_stock":"","_tribe_ticket_global_stock_level":"","_global_stock_mode":"","_global_stock_cap":"","_tribe_rsvp_for_event":"","_tribe_ticket_going_count":"","_tribe_ticket_not_going_count":"","_tribe_tickets_list":"[]","_tribe_ticket_has_attendee_info_fields":false,"tdm_status":"","tdm_grid_status":"","footnotes":""},"categories":[1,333,24127],"tags":[28883,24732,24401,24189,12156,16,28884,682],"class_list":{"0":"post-230707","1":"post","2":"type-post","3":"status-publish","4":"format-standard","6":"category-noticias","7":"category-seccional-neiva","8":"category-violencia-sexual-e-intrafamiliar","9":"tag-acevedo","10":"tag-ex-companera-sentimental","11":"tag-fiscal-barbosa-delgado","12":"tag-fiscal-francisco-barbosa-delgado","13":"tag-hija","14":"tag-huila","15":"tag-traslado-de-escrito-de-acusacion","16":"tag-violencia-intrafamiliar"},"yoast_head":"<!-- This site is optimized with the Yoast SEO plugin v24.3 - https:\/\/yoast.com\/wordpress\/plugins\/seo\/ -->\n<title>Fiscal\u00eda General de la Naci\u00f3n<\/title>\n<meta name=\"description\" content=\"P\u00e1gina oficial de la Fiscal\u00eda General de la Naci\u00f3n \u2013 Colombia. Garantizamos el acceso efectivo a la justicia, la verdad y la reparaci\u00f3n de las v\u00edctimas de los delitos.\" \/>\n<meta name=\"robots\" content=\"noindex, follow\" \/>\n<meta property=\"og:locale\" content=\"es_ES\" \/>\n<meta property=\"og:type\" content=\"article\" \/>\n<meta property=\"og:title\" content=\"Fiscal\u00eda General de la Naci\u00f3n\" \/>\n<meta property=\"og:description\" content=\"P\u00e1gina oficial de la Fiscal\u00eda General de la Naci\u00f3n \u2013 Colombia. Garantizamos el acceso efectivo a la justicia, la verdad y la reparaci\u00f3n de las v\u00edctimas de los delitos.\" \/>\n<meta property=\"og:url\" content=\"https:\/\/www.fiscalia.gov.co\/colombia\/noticias\/a-la-carcel-hombre-que-estaria-implicado-en-violencia-intrafamiliar-en-contra-de-su-excompanera-y-su-hija\/\" \/>\n<meta property=\"og:site_name\" content=\"Fiscal\u00eda General de la Naci\u00f3n\" \/>\n<meta property=\"article:publisher\" content=\"https:\/\/www.facebook.com\/FiscaliaCol\" \/>\n<meta property=\"article:published_time\" content=\"2021-09-24T23:18:30+00:00\" \/>\n<meta name=\"author\" content=\"Katherine Loaiza Mart\u00ednez\" \/>\n<meta name=\"twitter:card\" content=\"summary_large_image\" \/>\n<meta name=\"twitter:creator\" content=\"@FiscaliaCol\" \/>\n<meta name=\"twitter:site\" content=\"@FiscaliaCol\" \/>\n<meta name=\"twitter:label1\" content=\"Escrito por\" \/>\n\t<meta name=\"twitter:data1\" content=\"Katherine Loaiza Mart\u00ednez\" \/>\n\t<meta name=\"twitter:label2\" content=\"Tiempo de lectura\" \/>\n\t<meta name=\"twitter:data2\" content=\"2 minutos\" \/>\n<script type=\"application\/ld+json\" class=\"yoast-schema-graph\">{\"@context\":\"https:\/\/schema.org\",\"@graph\":[{\"@type\":\"Article\",\"@id\":\"https:\/\/www.fiscalia.gov.co\/colombia\/noticias\/a-la-carcel-hombre-que-estaria-implicado-en-violencia-intrafamiliar-en-contra-de-su-excompanera-y-su-hija\/#article\",\"isPartOf\":{\"@id\":\"https:\/\/www.fiscalia.gov.co\/colombia\/noticias\/a-la-carcel-hombre-que-estaria-implicado-en-violencia-intrafamiliar-en-contra-de-su-excompanera-y-su-hija\/\"},\"author\":{\"name\":\"Katherine Loaiza Mart\u00ednez\",\"@id\":\"https:\/\/www.fiscalia.gov.co\/colombia\/#\/schema\/person\/2e76b9aba5ecf875ed565ce4de0e0415\"},\"headline\":\"A la c\u00e1rcel hombre que estar\u00eda implicado en violencia intrafamiliar en contra de su excompa\u00f1era y su hija\",\"datePublished\":\"2021-09-24T23:18:30+00:00\",\"dateModified\":\"2021-09-24T23:18:30+00:00\",\"mainEntityOfPage\":{\"@id\":\"https:\/\/www.fiscalia.gov.co\/colombia\/noticias\/a-la-carcel-hombre-que-estaria-implicado-en-violencia-intrafamiliar-en-contra-de-su-excompanera-y-su-hija\/\"},\"wordCount\":360,\"publisher\":{\"@id\":\"https:\/\/www.fiscalia.gov.co\/colombia\/#organization\"},\"keywords\":[\"Acevedo\",\"ex compa\u00f1era sentimental\",\"Fiscal Barbosa Delgado\",\"Fiscal Francisco Barbosa Delgado\",\"Hija\",\"Huila\",\"traslado de escrito de acusaci\u00f3n\",\"Violencia intrafamiliar\"],\"articleSection\":[\"Noticias\",\"Seccional Neiva\",\"Violencia sexual e intrafamiliar\"],\"inLanguage\":\"es-CO\"},{\"@type\":\"WebPage\",\"@id\":\"https:\/\/www.fiscalia.gov.co\/colombia\/noticias\/a-la-carcel-hombre-que-estaria-implicado-en-violencia-intrafamiliar-en-contra-de-su-excompanera-y-su-hija\/\",\"url\":\"https:\/\/www.fiscalia.gov.co\/colombia\/noticias\/a-la-carcel-hombre-que-estaria-implicado-en-violencia-intrafamiliar-en-contra-de-su-excompanera-y-su-hija\/\",\"name\":\"Fiscal\u00eda General de la Naci\u00f3n\",\"isPartOf\":{\"@id\":\"https:\/\/www.fiscalia.gov.co\/colombia\/#website\"},\"datePublished\":\"2021-09-24T23:18:30+00:00\",\"dateModified\":\"2021-09-24T23:18:30+00:00\",\"description\":\"P\u00e1gina oficial de la Fiscal\u00eda General de la Naci\u00f3n \u2013 Colombia. Garantizamos el acceso efectivo a la justicia, la verdad y la reparaci\u00f3n de las v\u00edctimas de los delitos.\",\"breadcrumb\":{\"@id\":\"https:\/\/www.fiscalia.gov.co\/colombia\/noticias\/a-la-carcel-hombre-que-estaria-implicado-en-violencia-intrafamiliar-en-contra-de-su-excompanera-y-su-hija\/#breadcrumb\"},\"inLanguage\":\"es-CO\",\"potentialAction\":[{\"@type\":\"ReadAction\",\"target\":[\"https:\/\/www.fiscalia.gov.co\/colombia\/noticias\/a-la-carcel-hombre-que-estaria-implicado-en-violencia-intrafamiliar-en-contra-de-su-excompanera-y-su-hija\/\"]}]},{\"@type\":\"BreadcrumbList\",\"@id\":\"https:\/\/www.fiscalia.gov.co\/colombia\/noticias\/a-la-carcel-hombre-que-estaria-implicado-en-violencia-intrafamiliar-en-contra-de-su-excompanera-y-su-hija\/#breadcrumb\",\"itemListElement\":[{\"@type\":\"ListItem\",\"position\":1,\"name\":\"Home\",\"item\":\"https:\/\/www.fiscalia.gov.co\/colombia\/\"},{\"@type\":\"ListItem\",\"position\":2,\"name\":\"A la c\u00e1rcel hombre que estar\u00eda implicado en violencia intrafamiliar en contra de su excompa\u00f1era y su hija\"}]},{\"@type\":\"WebSite\",\"@id\":\"https:\/\/www.fiscalia.gov.co\/colombia\/#website\",\"url\":\"https:\/\/www.fiscalia.gov.co\/colombia\/\",\"name\":\"Fiscal\u00eda General de la Naci\u00f3n\",\"description\":\"P\u00e1gina oficial de la Fiscal\u00eda General de la Naci\u00f3n \u2013 Colombia. Garantizamos el acceso efectivo a la justicia, la verdad y la reparaci\u00f3n de las v\u00edctimas de los delitos.\",\"publisher\":{\"@id\":\"https:\/\/www.fiscalia.gov.co\/colombia\/#organization\"},\"potentialAction\":[{\"@type\":\"SearchAction\",\"target\":{\"@type\":\"EntryPoint\",\"urlTemplate\":\"https:\/\/www.fiscalia.gov.co\/colombia\/?s={search_term_string}\"},\"query-input\":{\"@type\":\"PropertyValueSpecification\",\"valueRequired\":true,\"valueName\":\"search_term_string\"}}],\"inLanguage\":\"es-CO\"},{\"@type\":\"Organization\",\"@id\":\"https:\/\/www.fiscalia.gov.co\/colombia\/#organization\",\"name\":\"Fiscal\u00eda General de la Naci\u00f3n\",\"url\":\"https:\/\/www.fiscalia.gov.co\/colombia\/\",\"logo\":{\"@type\":\"ImageObject\",\"inLanguage\":\"es-CO\",\"@id\":\"https:\/\/www.fiscalia.gov.co\/colombia\/#\/schema\/logo\/image\/\",\"url\":\"https:\/\/www.fiscalia.gov.co\/colombia\/wp-content\/uploads\/LogoHorizontal_1.jpg\",\"contentUrl\":\"https:\/\/www.fiscalia.gov.co\/colombia\/wp-content\/uploads\/LogoHorizontal_1.jpg\",\"width\":300,\"height\":90,\"caption\":\"Fiscal\u00eda General de la Naci\u00f3n\"},\"image\":{\"@id\":\"https:\/\/www.fiscalia.gov.co\/colombia\/#\/schema\/logo\/image\/\"},\"sameAs\":[\"https:\/\/www.facebook.com\/FiscaliaCol\",\"https:\/\/x.com\/FiscaliaCol\",\"https:\/\/www.instagram.com\/fiscaliacol\",\"https:\/\/www.linkedin.com\/company\/fiscalia-general-de-la-naci-n\/\",\"https:\/\/youtube.com\/@fiscaliageneraldelanacion-4668?si=6nN79nyQICPU5iTh\"]},{\"@type\":\"Person\",\"@id\":\"https:\/\/www.fiscalia.gov.co\/colombia\/#\/schema\/person\/2e76b9aba5ecf875ed565ce4de0e0415\",\"name\":\"Katherine Loaiza Mart\u00ednez\",\"image\":{\"@type\":\"ImageObject\",\"inLanguage\":\"es-CO\",\"@id\":\"https:\/\/www.fiscalia.gov.co\/colombia\/#\/schema\/person\/image\/\",\"url\":\"https:\/\/secure.gravatar.com\/avatar\/ab775a2f394c1b83b6d6f78680e57b50?s=96&d=mm&r=g\",\"contentUrl\":\"https:\/\/secure.gravatar.com\/avatar\/ab775a2f394c1b83b6d6f78680e57b50?s=96&d=mm&r=g\",\"caption\":\"Katherine Loaiza Mart\u00ednez\"},\"url\":\"https:\/\/www.fiscalia.gov.co\/colombia\/author\/kloaiza\/\"}]}<\/script>\n<!-- \/ Yoast SEO plugin. -->","yoast_head_json":{"title":"Fiscal\u00eda General de la Naci\u00f3n","description":"P\u00e1gina oficial de la Fiscal\u00eda General de la Naci\u00f3n \u2013 Colombia. Garantizamos el acceso efectivo a la justicia, la verdad y la reparaci\u00f3n de las v\u00edctimas de los delitos.","robots":{"index":"noindex","follow":"follow"},"og_locale":"es_ES","og_type":"article","og_title":"Fiscal\u00eda General de la Naci\u00f3n","og_description":"P\u00e1gina oficial de la Fiscal\u00eda General de la Naci\u00f3n \u2013 Colombia. Garantizamos el acceso efectivo a la justicia, la verdad y la reparaci\u00f3n de las v\u00edctimas de los delitos.","og_url":"https:\/\/www.fiscalia.gov.co\/colombia\/noticias\/a-la-carcel-hombre-que-estaria-implicado-en-violencia-intrafamiliar-en-contra-de-su-excompanera-y-su-hija\/","og_site_name":"Fiscal\u00eda General de la Naci\u00f3n","article_publisher":"https:\/\/www.facebook.com\/FiscaliaCol","article_published_time":"2021-09-24T23:18:30+00:00","author":"Katherine Loaiza Mart\u00ednez","twitter_card":"summary_large_image","twitter_creator":"@FiscaliaCol","twitter_site":"@FiscaliaCol","twitter_misc":{"Escrito por":"Katherine Loaiza Mart\u00ednez","Tiempo de lectura":"2 minutos"},"schema":{"@context":"https:\/\/schema.org","@graph":[{"@type":"Article","@id":"https:\/\/www.fiscalia.gov.co\/colombia\/noticias\/a-la-carcel-hombre-que-estaria-implicado-en-violencia-intrafamiliar-en-contra-de-su-excompanera-y-su-hija\/#article","isPartOf":{"@id":"https:\/\/www.fiscalia.gov.co\/colombia\/noticias\/a-la-carcel-hombre-que-estaria-implicado-en-violencia-intrafamiliar-en-contra-de-su-excompanera-y-su-hija\/"},"author":{"name":"Katherine Loaiza Mart\u00ednez","@id":"https:\/\/www.fiscalia.gov.co\/colombia\/#\/schema\/person\/2e76b9aba5ecf875ed565ce4de0e0415"},"headline":"A la c\u00e1rcel hombre que estar\u00eda implicado en violencia intrafamiliar en contra de su excompa\u00f1era y su hija","datePublished":"2021-09-24T23:18:30+00:00","dateModified":"2021-09-24T23:18:30+00:00","mainEntityOfPage":{"@id":"https:\/\/www.fiscalia.gov.co\/colombia\/noticias\/a-la-carcel-hombre-que-estaria-implicado-en-violencia-intrafamiliar-en-contra-de-su-excompanera-y-su-hija\/"},"wordCount":360,"publisher":{"@id":"https:\/\/www.fiscalia.gov.co\/colombia\/#organization"},"keywords":["Acevedo","ex compa\u00f1era sentimental","Fiscal Barbosa Delgado","Fiscal Francisco Barbosa Delgado","Hija","Huila","traslado de escrito de acusaci\u00f3n","Violencia intrafamiliar"],"articleSection":["Noticias","Seccional Neiva","Violencia sexual e intrafamiliar"],"inLanguage":"es-CO"},{"@type":"WebPage","@id":"https:\/\/www.fiscalia.gov.co\/colombia\/noticias\/a-la-carcel-hombre-que-estaria-implicado-en-violencia-intrafamiliar-en-contra-de-su-excompanera-y-su-hija\/","url":"https:\/\/www.fiscalia.gov.co\/colombia\/noticias\/a-la-carcel-hombre-que-estaria-implicado-en-violencia-intrafamiliar-en-contra-de-su-excompanera-y-su-hija\/","name":"Fiscal\u00eda General de la Naci\u00f3n","isPartOf":{"@id":"https:\/\/www.fiscalia.gov.co\/colombia\/#website"},"datePublished":"2021-09-24T23:18:30+00:00","dateModified":"2021-09-24T23:18:30+00:00","description":"P\u00e1gina oficial de la Fiscal\u00eda General de la Naci\u00f3n \u2013 Colombia. Garantizamos el acceso efectivo a la justicia, la verdad y la reparaci\u00f3n de las v\u00edctimas de los delitos.","breadcrumb":{"@id":"https:\/\/www.fiscalia.gov.co\/colombia\/noticias\/a-la-carcel-hombre-que-estaria-implicado-en-violencia-intrafamiliar-en-contra-de-su-excompanera-y-su-hija\/#breadcrumb"},"inLanguage":"es-CO","potentialAction":[{"@type":"ReadAction","target":["https:\/\/www.fiscalia.gov.co\/colombia\/noticias\/a-la-carcel-hombre-que-estaria-implicado-en-violencia-intrafamiliar-en-contra-de-su-excompanera-y-su-hija\/"]}]},{"@type":"BreadcrumbList","@id":"https:\/\/www.fiscalia.gov.co\/colombia\/noticias\/a-la-carcel-hombre-que-estaria-implicado-en-violencia-intrafamiliar-en-contra-de-su-excompanera-y-su-hija\/#breadcrumb","itemListElement":[{"@type":"ListItem","position":1,"name":"Home","item":"https:\/\/www.fiscalia.gov.co\/colombia\/"},{"@type":"ListItem","position":2,"name":"A la c\u00e1rcel hombre que estar\u00eda implicado en violencia intrafamiliar en contra de su excompa\u00f1era y su hija"}]},{"@type":"WebSite","@id":"https:\/\/www.fiscalia.gov.co\/colombia\/#website","url":"https:\/\/www.fiscalia.gov.co\/colombia\/","name":"Fiscal\u00eda General de la Naci\u00f3n","description":"P\u00e1gina oficial de la Fiscal\u00eda General de la Naci\u00f3n \u2013 Colombia. Garantizamos el acceso efectivo a la justicia, la verdad y la reparaci\u00f3n de las v\u00edctimas de los delitos.","publisher":{"@id":"https:\/\/www.fiscalia.gov.co\/colombia\/#organization"},"potentialAction":[{"@type":"SearchAction","target":{"@type":"EntryPoint","urlTemplate":"https:\/\/www.fiscalia.gov.co\/colombia\/?s={search_term_string}"},"query-input":{"@type":"PropertyValueSpecification","valueRequired":true,"valueName":"search_term_string"}}],"inLanguage":"es-CO"},{"@type":"Organization","@id":"https:\/\/www.fiscalia.gov.co\/colombia\/#organization","name":"Fiscal\u00eda General de la Naci\u00f3n","url":"https:\/\/www.fiscalia.gov.co\/colombia\/","logo":{"@type":"ImageObject","inLanguage":"es-CO","@id":"https:\/\/www.fiscalia.gov.co\/colombia\/#\/schema\/logo\/image\/","url":"https:\/\/www.fiscalia.gov.co\/colombia\/wp-content\/uploads\/LogoHorizontal_1.jpg","contentUrl":"https:\/\/www.fiscalia.gov.co\/colombia\/wp-content\/uploads\/LogoHorizontal_1.jpg","width":300,"height":90,"caption":"Fiscal\u00eda General de la Naci\u00f3n"},"image":{"@id":"https:\/\/www.fiscalia.gov.co\/colombia\/#\/schema\/logo\/image\/"},"sameAs":["https:\/\/www.facebook.com\/FiscaliaCol","https:\/\/x.com\/FiscaliaCol","https:\/\/www.instagram.com\/fiscaliacol","https:\/\/www.linkedin.com\/company\/fiscalia-general-de-la-naci-n\/","https:\/\/youtube.com\/@fiscaliageneraldelanacion-4668?si=6nN79nyQICPU5iTh"]},{"@type":"Person","@id":"https:\/\/www.fiscalia.gov.co\/colombia\/#\/schema\/person\/2e76b9aba5ecf875ed565ce4de0e0415","name":"Katherine Loaiza Mart\u00ednez","image":{"@type":"ImageObject","inLanguage":"es-CO","@id":"https:\/\/www.fiscalia.gov.co\/colombia\/#\/schema\/person\/image\/","url":"https:\/\/secure.gravatar.com\/avatar\/ab775a2f394c1b83b6d6f78680e57b50?s=96&d=mm&r=g","contentUrl":"https:\/\/secure.gravatar.com\/avatar\/ab775a2f394c1b83b6d6f78680e57b50?s=96&d=mm&r=g","caption":"Katherine Loaiza Mart\u00ednez"},"url":"https:\/\/www.fiscalia.gov.co\/colombia\/author\/kloaiza\/"}]}},"_links":{"self":[{"href":"https:\/\/www.fiscalia.gov.co\/colombia\/wp-json\/wp\/v2\/posts\/230707","targetHints":{"allow":["GET"]}}],"collection":[{"href":"https:\/\/www.fiscalia.gov.co\/colombia\/wp-json\/wp\/v2\/posts"}],"about":[{"href":"https:\/\/www.fiscalia.gov.co\/colombia\/wp-json\/wp\/v2\/types\/post"}],"author":[{"embeddable":true,"href":"https:\/\/www.fiscalia.gov.co\/colombia\/wp-json\/wp\/v2\/users\/175"}],"replies":[{"embeddable":true,"href":"https:\/\/www.fiscalia.gov.co\/colombia\/wp-json\/wp\/v2\/comments?post=230707"}],"version-history":[{"count":1,"href":"https:\/\/www.fiscalia.gov.co\/colombia\/wp-json\/wp\/v2\/posts\/230707\/revisions"}],"predecessor-version":[{"id":230709,"href":"https:\/\/www.fiscalia.gov.co\/colombia\/wp-json\/wp\/v2\/posts\/230707\/revisions\/230709"}],"wp:attachment":[{"href":"https:\/\/www.fiscalia.gov.co\/colombia\/wp-json\/wp\/v2\/media?parent=230707"}],"wp:term":[{"taxonomy":"category","embeddable":true,"href":"https:\/\/www.fiscalia.gov.co\/colombia\/wp-json\/wp\/v2\/categories?post=230707"},{"taxonomy":"post_tag","embeddable":true,"href":"https:\/\/www.fiscalia.gov.co\/colombia\/wp-json\/wp\/v2\/tags?post=230707"}],"curies":[{"name":"wp","href":"https:\/\/api.w.org\/{rel}","templated":true}]}}