{"id":230603,"date":"2021-09-23T16:30:44","date_gmt":"2021-09-23T21:30:44","guid":{"rendered":"https:\/\/www.fiscalia.gov.co\/colombia\/?p=230603"},"modified":"2021-09-29T15:48:53","modified_gmt":"2021-09-29T20:48:53","slug":"a-prision-3-presuntos-integrantes-de-la-banda-delictiva-la-40-dedicada-a-la-venta-y-comercializacion-de-estupefacientes-en-cali","status":"publish","type":"post","link":"https:\/\/www.fiscalia.gov.co\/colombia\/noticias\/a-prision-3-presuntos-integrantes-de-la-banda-delictiva-la-40-dedicada-a-la-venta-y-comercializacion-de-estupefacientes-en-cali\/","title":{"rendered":"A prisi\u00f3n 3 presuntos integrantes de la banda delictiva La 40, dedicada a la venta y comercializaci\u00f3n de estupefacientes\u00a0en Cali\u00a0"},"content":{"rendered":"<p><span lang=\"ES\">Ante el Juzgado Noveno Penal con funci\u00f3n de control de garant\u00edas de Cali, la Fiscal\u00eda le imput\u00f3 cargos por concierto para delinquir en concurso con tr\u00e1fico, fabricaci\u00f3n o\u00a0<\/span><span lang=\"ES\">porte de estupefacientes<\/span><span lang=\"ES\">\u00a0a tres presuntos integrantes de la\u00a0<b>banda La 40<\/b>, que delinque en el oriente de la ciudad.\u00a0<\/span><\/p>\n<figure id=\"attachment_230605\" aria-describedby=\"caption-attachment-230605\" style=\"width: 1280px\" class=\"wp-caption aligncenter\"><img loading=\"lazy\" decoding=\"async\" class=\"size-full wp-image-230605\" src=\"https:\/\/www.fiscalia.gov.co\/colombia\/wp-content\/uploads\/incautaci\u00f3n-estupefacientes-cali-banda-la-40.jpeg\" alt=\"\" width=\"1280\" height=\"720\" srcset=\"https:\/\/www.fiscalia.gov.co\/colombia\/wp-content\/uploads\/incautaci\u00f3n-estupefacientes-cali-banda-la-40.jpeg 1280w, https:\/\/www.fiscalia.gov.co\/colombia\/wp-content\/uploads\/incautaci\u00f3n-estupefacientes-cali-banda-la-40-300x169.jpeg 300w, https:\/\/www.fiscalia.gov.co\/colombia\/wp-content\/uploads\/incautaci\u00f3n-estupefacientes-cali-banda-la-40-1024x576.jpeg 1024w, https:\/\/www.fiscalia.gov.co\/colombia\/wp-content\/uploads\/incautaci\u00f3n-estupefacientes-cali-banda-la-40-768x432.jpeg 768w, https:\/\/www.fiscalia.gov.co\/colombia\/wp-content\/uploads\/incautaci\u00f3n-estupefacientes-cali-banda-la-40-696x392.jpeg 696w, https:\/\/www.fiscalia.gov.co\/colombia\/wp-content\/uploads\/incautaci\u00f3n-estupefacientes-cali-banda-la-40-1068x601.jpeg 1068w, https:\/\/www.fiscalia.gov.co\/colombia\/wp-content\/uploads\/incautaci\u00f3n-estupefacientes-cali-banda-la-40-747x420.jpeg 747w\" sizes=\"auto, (max-width: 1280px) 100vw, 1280px\" \/><figcaption id=\"caption-attachment-230605\" class=\"wp-caption-text\">En los inmuebles fueron hallados cuartos habilitados para venta y consumo de estupefacientes.<\/figcaption><\/figure>\n<p><span lang=\"ES\">Se trata de Carlos Daniel Jim\u00e9nez Mar\u00edn, Daniel Alejandro Rodr\u00edguez Montero y Leandro N\u00fa\u00f1ez G\u00f3mez, quienes fueron afectados con\u00a0<b>medida de aseguramiento<\/b>\u00a0consistente en detenci\u00f3n preventiva en establecimiento carcelario.\u00a0<\/span><\/p>\n<p><span lang=\"ES\">Los tres hombres fueron capturados durante operativos de registro y allanamiento a tres viviendas, ubicadas en el barrio La Isla de Cali, por servidores del\u00a0<b>Cuerpo T\u00e9cnico de Investigaci\u00f3n (CTI)<\/b>, unidades t\u00e1cticas de la Fuerzas Especiales Urbanas y soldados del Batall\u00f3n No. 3 de Polic\u00eda Militar de la Tercera Brigada del\u00a0<b>Ej\u00e9rcito<\/b>, bajo la coordinaci\u00f3n de una fiscal\u00eda de la\u00a0<b>Estructura de Apoyo (EDA)<\/b>.\u00a0\u00a0<\/span><\/p>\n<p><span lang=\"ES\">De acuerdo con la investigaci\u00f3n del CTI, en estos inmuebles el grupo delincuencial La 40 realizaba la venta y distribuci\u00f3n de\u00a0<\/span><a href=\"https:\/\/www.fiscalia.gov.co\/colombia\/noticias\/privados-de-la-libertad-4-presuntos-integrantes-de-la-banda-delincuencial-los-chachos-por-trafico-de-marihuana-y-bazuco\/\" target=\"_blank\" rel=\"noopener noreferrer\" data-saferedirecturl=\"https:\/\/www.google.com\/url?q=https:\/\/www.fiscalia.gov.co\/colombia\/noticias\/privados-de-la-libertad-4-presuntos-integrantes-de-la-banda-delincuencial-los-chachos-por-trafico-de-marihuana-y-bazuco\/&amp;source=gmail&amp;ust=1632517286460000&amp;usg=AFQjCNH5fHS_bFg_PdpgPvAjAi16EdKH2A\"><span lang=\"ES\"><b>marihuana<\/b><\/span><\/a><span lang=\"ES\"><b>, bazuco y f\u00e1rmacos<\/b>, en la modalidad de menudeo, afectando la seguridad ciudadana y salud p\u00fablica en esta zona de la capital vallecaucana.\u00a0<\/span><span lang=\"ES\">\u00a0<\/span><\/p>\n<p><span lang=\"ES\">En las diligencias, los investigadores descubrieron que las propiedades estaban conectadas entre s\u00ed, mediante pasadizos en el segundo y tercer piso, y ten\u00edan habilitados cuartos para el expendio y consumo de las sustancias il\u00edcitas por parte de sus clientes habituales, en su mayor\u00eda, habitantes en situaci\u00f3n de calle y recicladores.\u00a0\u00a0<\/span><\/p>\n<p><span lang=\"ES\">Tambi\u00e9n se logr\u00f3 la incautaci\u00f3n de 980 cigarrillos de marihuana, 77 bolsas del estupefaciente listas para su comercializaci\u00f3n, 182 bolsas con bazuco, 147 grageas de Clonazepan, 36 grageas de Ribotril, $110.000 en efectivo, cuadernos con anotaciones de venta y precios de las drogas, y una pistola traum\u00e1tica modificada.\u00a0\u00a0<\/span><\/p>\n<p><span lang=\"ES\">Al t\u00e9rmino de las audiencias ninguno de los procesados acept\u00f3 su responsabilidad. \u00a0<\/span><\/p>\n<p><span lang=\"ES\">Cabe anotar que en los operativos fue detenido un ciudadano extranjero que, aunque fue puesto en libertad, ser\u00eda deportado, ya que el juez orden\u00f3 a la Fiscal\u00eda ponerlo a disposici\u00f3n de\u00a0<b>Migraci\u00f3n Colombia<\/b>\u00a0para adelantar los tr\u00e1mites correspondientes.\u00a0<\/span><\/p>\n<p><span lang=\"ES\">Esta informaci\u00f3n se p\u00fablica por razones de inter\u00e9s general. \u00a0<\/span><span lang=\"ES\">\u00a0<\/span><\/p>\n<p><span lang=\"ES\">La Fiscal\u00eda General de la Naci\u00f3n habla con resultados. \u00a0<\/span><span lang=\"ES\">\u00a0<\/span><\/p>\n<p><span lang=\"ES\">\u00a0<\/span><\/p>\n<p><span lang=\"ES\">JGPV\/YD\/DLBM.\u00a0\u00a0<\/span><\/p>\n<p><span lang=\"ES\">\u00a0<\/span><\/p>\n<p><b><span lang=\"ES\">Le puede interesar:\u00a0<\/span><\/b><a href=\"https:\/\/www.fiscalia.gov.co\/colombia\/noticias\/fiscalia-desmantelo-la-banda-los-lisos-dedicada-al-trafico-y-porte-de-estupefacientes-en-4-sectores-de-palmira\/\" target=\"_blank\" rel=\"noopener noreferrer\" data-saferedirecturl=\"https:\/\/www.google.com\/url?q=https:\/\/www.fiscalia.gov.co\/colombia\/noticias\/fiscalia-desmantelo-la-banda-los-lisos-dedicada-al-trafico-y-porte-de-estupefacientes-en-4-sectores-de-palmira\/&amp;source=gmail&amp;ust=1632517286460000&amp;usg=AFQjCNFJOHf862hQ2Jgc4_FmmMXt1zghfg\"><span lang=\"ES\">Fiscal\u00eda desmantel\u00f3 la banda Los Lisos, dedicada al tr\u00e1fico y porte de estupefacientes en 4 sectores de Palmira<\/span><\/a><b><span lang=\"ES\">\u00a0<\/span><\/b><\/p>\n<p><span lang=\"ES\">\u00a0<\/span><\/p>\n<p><i><span lang=\"ES\">La informaci\u00f3n contenida en este bolet\u00edn de prensa corresponde a la narraci\u00f3n de los hechos noticiosos objetivos, suministrados por los funcionarios encargados de adelantar las investigaciones penales al interior de la Fiscal\u00eda General de la Naci\u00f3n. Para el momento de la divulgaci\u00f3n de este comunicado, la situaci\u00f3n jur\u00eddica de la(s) persona(s) relacionada(s) se encuentra pendiente de resolver por la autoridad judicial competente, siempre bajo los preceptos de la presunci\u00f3n de inocencia, consagrados en el art\u00edculo 29 de la Constituci\u00f3n Pol\u00edtica y el art\u00edculo 7\u00ba de la Ley 906 de 2004.<\/span><\/i><span lang=\"ES\">\u00a0\u00a0<\/span><span lang=\"ES\">\u00a0<\/span><\/p>\n\n<div class=\"twitter-share\"><a href=\"https:\/\/twitter.com\/intent\/tweet?via=fiscaliacol\" class=\"twitter-share-button\">Tweet<\/a><\/div>\n","protected":false},"excerpt":{"rendered":"<p>Ante el Juzgado Noveno Penal con funci\u00f3n de control de garant\u00edas de Cali, la Fiscal\u00eda le imput\u00f3 cargos por concierto para delinquir en concurso con tr\u00e1fico, fabricaci\u00f3n o\u00a0porte de estupefacientes\u00a0a [&hellip;]<\/p>\n","protected":false},"author":175,"featured_media":231069,"comment_status":"closed","ping_status":"open","sticky":false,"template":"","format":"video","meta":{"tdm_status":"","tdm_grid_status":"","footnotes":""},"categories":[1,324,24103],"tags":[24401,24188,24189,24526,24481,1047,1264,12161],"class_list":["post-230603","post","type-post","status-publish","format-video","has-post-thumbnail","category-noticias","category-seccional-cali","category-trafico-de-estupefacientes","tag-fiscal-barbosa-delgado","tag-fiscal-francisco-barbosa","tag-fiscal-francisco-barbosa-delgado","tag-fiscal-general-francisco-barbosa-delgado","tag-fiscalia-de-colombia","tag-fiscalia-general-de-la-nacion","tag-marihuana","tag-porte-de-estupefacientes","post_format-post-format-video"],"yoast_head":"<!-- This site is optimized with the Yoast SEO plugin v24.3 - https:\/\/yoast.com\/wordpress\/plugins\/seo\/ -->\n<title>Fiscal\u00eda General de la Naci\u00f3n<\/title>\n<meta name=\"description\" content=\"P\u00e1gina oficial de la Fiscal\u00eda General de la Naci\u00f3n \u2013 Colombia. Garantizamos el acceso efectivo a la justicia, la verdad y la reparaci\u00f3n de las v\u00edctimas de los delitos.\" \/>\n<meta name=\"robots\" content=\"noindex, follow\" \/>\n<meta property=\"og:locale\" content=\"es_ES\" \/>\n<meta property=\"og:type\" content=\"article\" \/>\n<meta property=\"og:title\" content=\"Fiscal\u00eda General de la Naci\u00f3n\" \/>\n<meta property=\"og:description\" content=\"P\u00e1gina oficial de la Fiscal\u00eda General de la Naci\u00f3n \u2013 Colombia. Garantizamos el acceso efectivo a la justicia, la verdad y la reparaci\u00f3n de las v\u00edctimas de los delitos.\" \/>\n<meta property=\"og:url\" content=\"https:\/\/www.fiscalia.gov.co\/colombia\/noticias\/a-prision-3-presuntos-integrantes-de-la-banda-delictiva-la-40-dedicada-a-la-venta-y-comercializacion-de-estupefacientes-en-cali\/\" \/>\n<meta property=\"og:site_name\" content=\"Fiscal\u00eda General de la Naci\u00f3n\" \/>\n<meta property=\"article:publisher\" content=\"https:\/\/www.facebook.com\/FiscaliaCol\" \/>\n<meta property=\"article:published_time\" content=\"2021-09-23T21:30:44+00:00\" \/>\n<meta property=\"article:modified_time\" content=\"2021-09-29T20:48:53+00:00\" \/>\n<meta property=\"og:image\" content=\"https:\/\/www.fiscalia.gov.co\/colombia\/wp-content\/uploads\/maxresdefault-32.jpg\" \/>\n\t<meta property=\"og:image:width\" content=\"1280\" \/>\n\t<meta property=\"og:image:height\" content=\"720\" \/>\n\t<meta property=\"og:image:type\" content=\"image\/jpeg\" \/>\n<meta name=\"author\" content=\"Katherine Loaiza Mart\u00ednez\" \/>\n<meta name=\"twitter:card\" content=\"summary_large_image\" \/>\n<meta name=\"twitter:creator\" content=\"@FiscaliaCol\" \/>\n<meta name=\"twitter:site\" content=\"@FiscaliaCol\" \/>\n<meta name=\"twitter:label1\" content=\"Escrito por\" \/>\n\t<meta name=\"twitter:data1\" content=\"Katherine Loaiza Mart\u00ednez\" \/>\n\t<meta name=\"twitter:label2\" content=\"Tiempo de lectura\" \/>\n\t<meta name=\"twitter:data2\" content=\"3 minutos\" \/>\n<script type=\"application\/ld+json\" class=\"yoast-schema-graph\">{\"@context\":\"https:\/\/schema.org\",\"@graph\":[{\"@type\":\"Article\",\"@id\":\"https:\/\/www.fiscalia.gov.co\/colombia\/noticias\/a-prision-3-presuntos-integrantes-de-la-banda-delictiva-la-40-dedicada-a-la-venta-y-comercializacion-de-estupefacientes-en-cali\/#article\",\"isPartOf\":{\"@id\":\"https:\/\/www.fiscalia.gov.co\/colombia\/noticias\/a-prision-3-presuntos-integrantes-de-la-banda-delictiva-la-40-dedicada-a-la-venta-y-comercializacion-de-estupefacientes-en-cali\/\"},\"author\":{\"name\":\"Katherine Loaiza Mart\u00ednez\",\"@id\":\"https:\/\/www.fiscalia.gov.co\/colombia\/#\/schema\/person\/2e76b9aba5ecf875ed565ce4de0e0415\"},\"headline\":\"A prisi\u00f3n 3 presuntos integrantes de la banda delictiva La 40, dedicada a la venta y comercializaci\u00f3n de estupefacientes\u00a0en Cali\u00a0\",\"datePublished\":\"2021-09-23T21:30:44+00:00\",\"dateModified\":\"2021-09-29T20:48:53+00:00\",\"mainEntityOfPage\":{\"@id\":\"https:\/\/www.fiscalia.gov.co\/colombia\/noticias\/a-prision-3-presuntos-integrantes-de-la-banda-delictiva-la-40-dedicada-a-la-venta-y-comercializacion-de-estupefacientes-en-cali\/\"},\"wordCount\":552,\"publisher\":{\"@id\":\"https:\/\/www.fiscalia.gov.co\/colombia\/#organization\"},\"image\":{\"@id\":\"https:\/\/www.fiscalia.gov.co\/colombia\/noticias\/a-prision-3-presuntos-integrantes-de-la-banda-delictiva-la-40-dedicada-a-la-venta-y-comercializacion-de-estupefacientes-en-cali\/#primaryimage\"},\"thumbnailUrl\":\"https:\/\/www.fiscalia.gov.co\/colombia\/wp-content\/uploads\/maxresdefault-32.jpg\",\"keywords\":[\"Fiscal Barbosa Delgado\",\"Fiscal Francisco Barbosa\",\"Fiscal Francisco Barbosa Delgado\",\"Fiscal General Francisco Barbosa Delgado\",\"Fiscal\u00eda de Colombia\",\"Fiscal\u00eda General de la Naci\u00f3n\",\"Marihuana\",\"Porte de estupefacientes\"],\"articleSection\":[\"Noticias\",\"Seccional Cali\",\"Tr\u00e1fico de estupefacientes\"],\"inLanguage\":\"es-CO\"},{\"@type\":\"WebPage\",\"@id\":\"https:\/\/www.fiscalia.gov.co\/colombia\/noticias\/a-prision-3-presuntos-integrantes-de-la-banda-delictiva-la-40-dedicada-a-la-venta-y-comercializacion-de-estupefacientes-en-cali\/\",\"url\":\"https:\/\/www.fiscalia.gov.co\/colombia\/noticias\/a-prision-3-presuntos-integrantes-de-la-banda-delictiva-la-40-dedicada-a-la-venta-y-comercializacion-de-estupefacientes-en-cali\/\",\"name\":\"Fiscal\u00eda General de la Naci\u00f3n\",\"isPartOf\":{\"@id\":\"https:\/\/www.fiscalia.gov.co\/colombia\/#website\"},\"primaryImageOfPage\":{\"@id\":\"https:\/\/www.fiscalia.gov.co\/colombia\/noticias\/a-prision-3-presuntos-integrantes-de-la-banda-delictiva-la-40-dedicada-a-la-venta-y-comercializacion-de-estupefacientes-en-cali\/#primaryimage\"},\"image\":{\"@id\":\"https:\/\/www.fiscalia.gov.co\/colombia\/noticias\/a-prision-3-presuntos-integrantes-de-la-banda-delictiva-la-40-dedicada-a-la-venta-y-comercializacion-de-estupefacientes-en-cali\/#primaryimage\"},\"thumbnailUrl\":\"https:\/\/www.fiscalia.gov.co\/colombia\/wp-content\/uploads\/maxresdefault-32.jpg\",\"datePublished\":\"2021-09-23T21:30:44+00:00\",\"dateModified\":\"2021-09-29T20:48:53+00:00\",\"description\":\"P\u00e1gina oficial de la Fiscal\u00eda General de la Naci\u00f3n \u2013 Colombia. Garantizamos el acceso efectivo a la justicia, la verdad y la reparaci\u00f3n de las v\u00edctimas de los delitos.\",\"breadcrumb\":{\"@id\":\"https:\/\/www.fiscalia.gov.co\/colombia\/noticias\/a-prision-3-presuntos-integrantes-de-la-banda-delictiva-la-40-dedicada-a-la-venta-y-comercializacion-de-estupefacientes-en-cali\/#breadcrumb\"},\"inLanguage\":\"es-CO\",\"potentialAction\":[{\"@type\":\"ReadAction\",\"target\":[\"https:\/\/www.fiscalia.gov.co\/colombia\/noticias\/a-prision-3-presuntos-integrantes-de-la-banda-delictiva-la-40-dedicada-a-la-venta-y-comercializacion-de-estupefacientes-en-cali\/\"]}]},{\"@type\":\"ImageObject\",\"inLanguage\":\"es-CO\",\"@id\":\"https:\/\/www.fiscalia.gov.co\/colombia\/noticias\/a-prision-3-presuntos-integrantes-de-la-banda-delictiva-la-40-dedicada-a-la-venta-y-comercializacion-de-estupefacientes-en-cali\/#primaryimage\",\"url\":\"https:\/\/www.fiscalia.gov.co\/colombia\/wp-content\/uploads\/maxresdefault-32.jpg\",\"contentUrl\":\"https:\/\/www.fiscalia.gov.co\/colombia\/wp-content\/uploads\/maxresdefault-32.jpg\",\"width\":1280,\"height\":720},{\"@type\":\"BreadcrumbList\",\"@id\":\"https:\/\/www.fiscalia.gov.co\/colombia\/noticias\/a-prision-3-presuntos-integrantes-de-la-banda-delictiva-la-40-dedicada-a-la-venta-y-comercializacion-de-estupefacientes-en-cali\/#breadcrumb\",\"itemListElement\":[{\"@type\":\"ListItem\",\"position\":1,\"name\":\"Home\",\"item\":\"https:\/\/www.fiscalia.gov.co\/colombia\/\"},{\"@type\":\"ListItem\",\"position\":2,\"name\":\"A prisi\u00f3n 3 presuntos integrantes de la banda delictiva La 40, dedicada a la venta y comercializaci\u00f3n de estupefacientes\u00a0en Cali\u00a0\"}]},{\"@type\":\"WebSite\",\"@id\":\"https:\/\/www.fiscalia.gov.co\/colombia\/#website\",\"url\":\"https:\/\/www.fiscalia.gov.co\/colombia\/\",\"name\":\"Fiscal\u00eda General de la Naci\u00f3n\",\"description\":\"P\u00e1gina oficial de la Fiscal\u00eda General de la Naci\u00f3n \u2013 Colombia. Garantizamos el acceso efectivo a la justicia, la verdad y la reparaci\u00f3n de las v\u00edctimas de los delitos.\",\"publisher\":{\"@id\":\"https:\/\/www.fiscalia.gov.co\/colombia\/#organization\"},\"potentialAction\":[{\"@type\":\"SearchAction\",\"target\":{\"@type\":\"EntryPoint\",\"urlTemplate\":\"https:\/\/www.fiscalia.gov.co\/colombia\/?s={search_term_string}\"},\"query-input\":{\"@type\":\"PropertyValueSpecification\",\"valueRequired\":true,\"valueName\":\"search_term_string\"}}],\"inLanguage\":\"es-CO\"},{\"@type\":\"Organization\",\"@id\":\"https:\/\/www.fiscalia.gov.co\/colombia\/#organization\",\"name\":\"Fiscal\u00eda General de la Naci\u00f3n\",\"url\":\"https:\/\/www.fiscalia.gov.co\/colombia\/\",\"logo\":{\"@type\":\"ImageObject\",\"inLanguage\":\"es-CO\",\"@id\":\"https:\/\/www.fiscalia.gov.co\/colombia\/#\/schema\/logo\/image\/\",\"url\":\"https:\/\/www.fiscalia.gov.co\/colombia\/wp-content\/uploads\/LogoHorizontal_1.jpg\",\"contentUrl\":\"https:\/\/www.fiscalia.gov.co\/colombia\/wp-content\/uploads\/LogoHorizontal_1.jpg\",\"width\":300,\"height\":90,\"caption\":\"Fiscal\u00eda General de la Naci\u00f3n\"},\"image\":{\"@id\":\"https:\/\/www.fiscalia.gov.co\/colombia\/#\/schema\/logo\/image\/\"},\"sameAs\":[\"https:\/\/www.facebook.com\/FiscaliaCol\",\"https:\/\/x.com\/FiscaliaCol\",\"https:\/\/www.instagram.com\/fiscaliacol\",\"https:\/\/www.linkedin.com\/company\/fiscalia-general-de-la-naci-n\/\",\"https:\/\/youtube.com\/@fiscaliageneraldelanacion-4668?si=6nN79nyQICPU5iTh\"]},{\"@type\":\"Person\",\"@id\":\"https:\/\/www.fiscalia.gov.co\/colombia\/#\/schema\/person\/2e76b9aba5ecf875ed565ce4de0e0415\",\"name\":\"Katherine Loaiza Mart\u00ednez\",\"image\":{\"@type\":\"ImageObject\",\"inLanguage\":\"es-CO\",\"@id\":\"https:\/\/www.fiscalia.gov.co\/colombia\/#\/schema\/person\/image\/\",\"url\":\"https:\/\/secure.gravatar.com\/avatar\/ab775a2f394c1b83b6d6f78680e57b50?s=96&d=mm&r=g\",\"contentUrl\":\"https:\/\/secure.gravatar.com\/avatar\/ab775a2f394c1b83b6d6f78680e57b50?s=96&d=mm&r=g\",\"caption\":\"Katherine Loaiza Mart\u00ednez\"},\"url\":\"https:\/\/www.fiscalia.gov.co\/colombia\/author\/kloaiza\/\"}]}<\/script>\n<!-- \/ Yoast SEO plugin. -->","yoast_head_json":{"title":"Fiscal\u00eda General de la Naci\u00f3n","description":"P\u00e1gina oficial de la Fiscal\u00eda General de la Naci\u00f3n \u2013 Colombia. Garantizamos el acceso efectivo a la justicia, la verdad y la reparaci\u00f3n de las v\u00edctimas de los delitos.","robots":{"index":"noindex","follow":"follow"},"og_locale":"es_ES","og_type":"article","og_title":"Fiscal\u00eda General de la Naci\u00f3n","og_description":"P\u00e1gina oficial de la Fiscal\u00eda General de la Naci\u00f3n \u2013 Colombia. Garantizamos el acceso efectivo a la justicia, la verdad y la reparaci\u00f3n de las v\u00edctimas de los delitos.","og_url":"https:\/\/www.fiscalia.gov.co\/colombia\/noticias\/a-prision-3-presuntos-integrantes-de-la-banda-delictiva-la-40-dedicada-a-la-venta-y-comercializacion-de-estupefacientes-en-cali\/","og_site_name":"Fiscal\u00eda General de la Naci\u00f3n","article_publisher":"https:\/\/www.facebook.com\/FiscaliaCol","article_published_time":"2021-09-23T21:30:44+00:00","article_modified_time":"2021-09-29T20:48:53+00:00","og_image":[{"width":1280,"height":720,"url":"https:\/\/www.fiscalia.gov.co\/colombia\/wp-content\/uploads\/maxresdefault-32.jpg","type":"image\/jpeg"}],"author":"Katherine Loaiza Mart\u00ednez","twitter_card":"summary_large_image","twitter_creator":"@FiscaliaCol","twitter_site":"@FiscaliaCol","twitter_misc":{"Escrito por":"Katherine Loaiza Mart\u00ednez","Tiempo de lectura":"3 minutos"},"schema":{"@context":"https:\/\/schema.org","@graph":[{"@type":"Article","@id":"https:\/\/www.fiscalia.gov.co\/colombia\/noticias\/a-prision-3-presuntos-integrantes-de-la-banda-delictiva-la-40-dedicada-a-la-venta-y-comercializacion-de-estupefacientes-en-cali\/#article","isPartOf":{"@id":"https:\/\/www.fiscalia.gov.co\/colombia\/noticias\/a-prision-3-presuntos-integrantes-de-la-banda-delictiva-la-40-dedicada-a-la-venta-y-comercializacion-de-estupefacientes-en-cali\/"},"author":{"name":"Katherine Loaiza Mart\u00ednez","@id":"https:\/\/www.fiscalia.gov.co\/colombia\/#\/schema\/person\/2e76b9aba5ecf875ed565ce4de0e0415"},"headline":"A prisi\u00f3n 3 presuntos integrantes de la banda delictiva La 40, dedicada a la venta y comercializaci\u00f3n de estupefacientes\u00a0en Cali\u00a0","datePublished":"2021-09-23T21:30:44+00:00","dateModified":"2021-09-29T20:48:53+00:00","mainEntityOfPage":{"@id":"https:\/\/www.fiscalia.gov.co\/colombia\/noticias\/a-prision-3-presuntos-integrantes-de-la-banda-delictiva-la-40-dedicada-a-la-venta-y-comercializacion-de-estupefacientes-en-cali\/"},"wordCount":552,"publisher":{"@id":"https:\/\/www.fiscalia.gov.co\/colombia\/#organization"},"image":{"@id":"https:\/\/www.fiscalia.gov.co\/colombia\/noticias\/a-prision-3-presuntos-integrantes-de-la-banda-delictiva-la-40-dedicada-a-la-venta-y-comercializacion-de-estupefacientes-en-cali\/#primaryimage"},"thumbnailUrl":"https:\/\/www.fiscalia.gov.co\/colombia\/wp-content\/uploads\/maxresdefault-32.jpg","keywords":["Fiscal Barbosa Delgado","Fiscal Francisco Barbosa","Fiscal Francisco Barbosa Delgado","Fiscal General Francisco Barbosa Delgado","Fiscal\u00eda de Colombia","Fiscal\u00eda General de la Naci\u00f3n","Marihuana","Porte de estupefacientes"],"articleSection":["Noticias","Seccional Cali","Tr\u00e1fico de estupefacientes"],"inLanguage":"es-CO"},{"@type":"WebPage","@id":"https:\/\/www.fiscalia.gov.co\/colombia\/noticias\/a-prision-3-presuntos-integrantes-de-la-banda-delictiva-la-40-dedicada-a-la-venta-y-comercializacion-de-estupefacientes-en-cali\/","url":"https:\/\/www.fiscalia.gov.co\/colombia\/noticias\/a-prision-3-presuntos-integrantes-de-la-banda-delictiva-la-40-dedicada-a-la-venta-y-comercializacion-de-estupefacientes-en-cali\/","name":"Fiscal\u00eda General de la Naci\u00f3n","isPartOf":{"@id":"https:\/\/www.fiscalia.gov.co\/colombia\/#website"},"primaryImageOfPage":{"@id":"https:\/\/www.fiscalia.gov.co\/colombia\/noticias\/a-prision-3-presuntos-integrantes-de-la-banda-delictiva-la-40-dedicada-a-la-venta-y-comercializacion-de-estupefacientes-en-cali\/#primaryimage"},"image":{"@id":"https:\/\/www.fiscalia.gov.co\/colombia\/noticias\/a-prision-3-presuntos-integrantes-de-la-banda-delictiva-la-40-dedicada-a-la-venta-y-comercializacion-de-estupefacientes-en-cali\/#primaryimage"},"thumbnailUrl":"https:\/\/www.fiscalia.gov.co\/colombia\/wp-content\/uploads\/maxresdefault-32.jpg","datePublished":"2021-09-23T21:30:44+00:00","dateModified":"2021-09-29T20:48:53+00:00","description":"P\u00e1gina oficial de la Fiscal\u00eda General de la Naci\u00f3n \u2013 Colombia. Garantizamos el acceso efectivo a la justicia, la verdad y la reparaci\u00f3n de las v\u00edctimas de los delitos.","breadcrumb":{"@id":"https:\/\/www.fiscalia.gov.co\/colombia\/noticias\/a-prision-3-presuntos-integrantes-de-la-banda-delictiva-la-40-dedicada-a-la-venta-y-comercializacion-de-estupefacientes-en-cali\/#breadcrumb"},"inLanguage":"es-CO","potentialAction":[{"@type":"ReadAction","target":["https:\/\/www.fiscalia.gov.co\/colombia\/noticias\/a-prision-3-presuntos-integrantes-de-la-banda-delictiva-la-40-dedicada-a-la-venta-y-comercializacion-de-estupefacientes-en-cali\/"]}]},{"@type":"ImageObject","inLanguage":"es-CO","@id":"https:\/\/www.fiscalia.gov.co\/colombia\/noticias\/a-prision-3-presuntos-integrantes-de-la-banda-delictiva-la-40-dedicada-a-la-venta-y-comercializacion-de-estupefacientes-en-cali\/#primaryimage","url":"https:\/\/www.fiscalia.gov.co\/colombia\/wp-content\/uploads\/maxresdefault-32.jpg","contentUrl":"https:\/\/www.fiscalia.gov.co\/colombia\/wp-content\/uploads\/maxresdefault-32.jpg","width":1280,"height":720},{"@type":"BreadcrumbList","@id":"https:\/\/www.fiscalia.gov.co\/colombia\/noticias\/a-prision-3-presuntos-integrantes-de-la-banda-delictiva-la-40-dedicada-a-la-venta-y-comercializacion-de-estupefacientes-en-cali\/#breadcrumb","itemListElement":[{"@type":"ListItem","position":1,"name":"Home","item":"https:\/\/www.fiscalia.gov.co\/colombia\/"},{"@type":"ListItem","position":2,"name":"A prisi\u00f3n 3 presuntos integrantes de la banda delictiva La 40, dedicada a la venta y comercializaci\u00f3n de estupefacientes\u00a0en Cali\u00a0"}]},{"@type":"WebSite","@id":"https:\/\/www.fiscalia.gov.co\/colombia\/#website","url":"https:\/\/www.fiscalia.gov.co\/colombia\/","name":"Fiscal\u00eda General de la Naci\u00f3n","description":"P\u00e1gina oficial de la Fiscal\u00eda General de la Naci\u00f3n \u2013 Colombia. Garantizamos el acceso efectivo a la justicia, la verdad y la reparaci\u00f3n de las v\u00edctimas de los delitos.","publisher":{"@id":"https:\/\/www.fiscalia.gov.co\/colombia\/#organization"},"potentialAction":[{"@type":"SearchAction","target":{"@type":"EntryPoint","urlTemplate":"https:\/\/www.fiscalia.gov.co\/colombia\/?s={search_term_string}"},"query-input":{"@type":"PropertyValueSpecification","valueRequired":true,"valueName":"search_term_string"}}],"inLanguage":"es-CO"},{"@type":"Organization","@id":"https:\/\/www.fiscalia.gov.co\/colombia\/#organization","name":"Fiscal\u00eda General de la Naci\u00f3n","url":"https:\/\/www.fiscalia.gov.co\/colombia\/","logo":{"@type":"ImageObject","inLanguage":"es-CO","@id":"https:\/\/www.fiscalia.gov.co\/colombia\/#\/schema\/logo\/image\/","url":"https:\/\/www.fiscalia.gov.co\/colombia\/wp-content\/uploads\/LogoHorizontal_1.jpg","contentUrl":"https:\/\/www.fiscalia.gov.co\/colombia\/wp-content\/uploads\/LogoHorizontal_1.jpg","width":300,"height":90,"caption":"Fiscal\u00eda General de la Naci\u00f3n"},"image":{"@id":"https:\/\/www.fiscalia.gov.co\/colombia\/#\/schema\/logo\/image\/"},"sameAs":["https:\/\/www.facebook.com\/FiscaliaCol","https:\/\/x.com\/FiscaliaCol","https:\/\/www.instagram.com\/fiscaliacol","https:\/\/www.linkedin.com\/company\/fiscalia-general-de-la-naci-n\/","https:\/\/youtube.com\/@fiscaliageneraldelanacion-4668?si=6nN79nyQICPU5iTh"]},{"@type":"Person","@id":"https:\/\/www.fiscalia.gov.co\/colombia\/#\/schema\/person\/2e76b9aba5ecf875ed565ce4de0e0415","name":"Katherine Loaiza Mart\u00ednez","image":{"@type":"ImageObject","inLanguage":"es-CO","@id":"https:\/\/www.fiscalia.gov.co\/colombia\/#\/schema\/person\/image\/","url":"https:\/\/secure.gravatar.com\/avatar\/ab775a2f394c1b83b6d6f78680e57b50?s=96&d=mm&r=g","contentUrl":"https:\/\/secure.gravatar.com\/avatar\/ab775a2f394c1b83b6d6f78680e57b50?s=96&d=mm&r=g","caption":"Katherine Loaiza Mart\u00ednez"},"url":"https:\/\/www.fiscalia.gov.co\/colombia\/author\/kloaiza\/"}]}},"_links":{"self":[{"href":"https:\/\/www.fiscalia.gov.co\/colombia\/wp-json\/wp\/v2\/posts\/230603","targetHints":{"allow":["GET"]}}],"collection":[{"href":"https:\/\/www.fiscalia.gov.co\/colombia\/wp-json\/wp\/v2\/posts"}],"about":[{"href":"https:\/\/www.fiscalia.gov.co\/colombia\/wp-json\/wp\/v2\/types\/post"}],"author":[{"embeddable":true,"href":"https:\/\/www.fiscalia.gov.co\/colombia\/wp-json\/wp\/v2\/users\/175"}],"replies":[{"embeddable":true,"href":"https:\/\/www.fiscalia.gov.co\/colombia\/wp-json\/wp\/v2\/comments?post=230603"}],"version-history":[{"count":1,"href":"https:\/\/www.fiscalia.gov.co\/colombia\/wp-json\/wp\/v2\/posts\/230603\/revisions"}],"predecessor-version":[{"id":230606,"href":"https:\/\/www.fiscalia.gov.co\/colombia\/wp-json\/wp\/v2\/posts\/230603\/revisions\/230606"}],"wp:featuredmedia":[{"embeddable":true,"href":"https:\/\/www.fiscalia.gov.co\/colombia\/wp-json\/wp\/v2\/media\/231069"}],"wp:attachment":[{"href":"https:\/\/www.fiscalia.gov.co\/colombia\/wp-json\/wp\/v2\/media?parent=230603"}],"wp:term":[{"taxonomy":"category","embeddable":true,"href":"https:\/\/www.fiscalia.gov.co\/colombia\/wp-json\/wp\/v2\/categories?post=230603"},{"taxonomy":"post_tag","embeddable":true,"href":"https:\/\/www.fiscalia.gov.co\/colombia\/wp-json\/wp\/v2\/tags?post=230603"}],"curies":[{"name":"wp","href":"https:\/\/api.w.org\/{rel}","templated":true}]}}