{"id":230576,"date":"2021-09-23T15:03:53","date_gmt":"2021-09-23T20:03:53","guid":{"rendered":"https:\/\/www.fiscalia.gov.co\/colombia\/?p=230576"},"modified":"2021-09-23T15:03:53","modified_gmt":"2021-09-23T20:03:53","slug":"asegurados-tres-personas-que-al-parecer-incitarian-a-la-prostitucion-a-menores-de-edad","status":"publish","type":"post","link":"https:\/\/www.fiscalia.gov.co\/colombia\/noticias\/asegurados-tres-personas-que-al-parecer-incitarian-a-la-prostitucion-a-menores-de-edad\/","title":{"rendered":"Asegurados tres personas que al parecer incitar\u00edan a la prostituci\u00f3n a menores de edad"},"content":{"rendered":"<p>Acogiendo los argumentos de la <b>Fiscal\u00eda General de la Naci\u00f3n,\u00a0<\/b>un juez con funciones de control de garant\u00edas impuso medida de aseguramiento privativa de la libertad en contra de tres personas, presuntos responsables de los delitos\u00a0de proxenetismo con menor de edad y el de utilizaci\u00f3n o facilitaci\u00f3n de medios de comunicaci\u00f3n para ofrecer actividades sexuales con personas menores de 18 a\u00f1os.<\/p>\n<div>\n<div lang=\"ES-CO\">\n<figure id=\"attachment_230578\" aria-describedby=\"caption-attachment-230578\" style=\"width: 1280px\" class=\"wp-caption aligncenter\"><img loading=\"lazy\" decoding=\"async\" class=\"size-full wp-image-230578\" src=\"https:\/\/www.fiscalia.gov.co\/colombia\/wp-content\/uploads\/Elvimar-Yaireth-S\u00e1nchez-D\u00e1vila-Fidel-Ricardo-Gamboa-Carvajalino-y-Yetmer-Adri\u00e1n-D\u00e1vila-Calder\u00f3n-se\u00f1alados-de-utilizar-menores-de-edad-en-estudios-webcam-para-realizar-contenidos-de-tipo-sexual.jpg\" alt=\"\" width=\"1280\" height=\"716\" srcset=\"https:\/\/www.fiscalia.gov.co\/colombia\/wp-content\/uploads\/Elvimar-Yaireth-S\u00e1nchez-D\u00e1vila-Fidel-Ricardo-Gamboa-Carvajalino-y-Yetmer-Adri\u00e1n-D\u00e1vila-Calder\u00f3n-se\u00f1alados-de-utilizar-menores-de-edad-en-estudios-webcam-para-realizar-contenidos-de-tipo-sexual.jpg 1280w, https:\/\/www.fiscalia.gov.co\/colombia\/wp-content\/uploads\/Elvimar-Yaireth-S\u00e1nchez-D\u00e1vila-Fidel-Ricardo-Gamboa-Carvajalino-y-Yetmer-Adri\u00e1n-D\u00e1vila-Calder\u00f3n-se\u00f1alados-de-utilizar-menores-de-edad-en-estudios-webcam-para-realizar-contenidos-de-tipo-sexual-300x168.jpg 300w, https:\/\/www.fiscalia.gov.co\/colombia\/wp-content\/uploads\/Elvimar-Yaireth-S\u00e1nchez-D\u00e1vila-Fidel-Ricardo-Gamboa-Carvajalino-y-Yetmer-Adri\u00e1n-D\u00e1vila-Calder\u00f3n-se\u00f1alados-de-utilizar-menores-de-edad-en-estudios-webcam-para-realizar-contenidos-de-tipo-sexual-1024x573.jpg 1024w, https:\/\/www.fiscalia.gov.co\/colombia\/wp-content\/uploads\/Elvimar-Yaireth-S\u00e1nchez-D\u00e1vila-Fidel-Ricardo-Gamboa-Carvajalino-y-Yetmer-Adri\u00e1n-D\u00e1vila-Calder\u00f3n-se\u00f1alados-de-utilizar-menores-de-edad-en-estudios-webcam-para-realizar-contenidos-de-tipo-sexual-768x430.jpg 768w, https:\/\/www.fiscalia.gov.co\/colombia\/wp-content\/uploads\/Elvimar-Yaireth-S\u00e1nchez-D\u00e1vila-Fidel-Ricardo-Gamboa-Carvajalino-y-Yetmer-Adri\u00e1n-D\u00e1vila-Calder\u00f3n-se\u00f1alados-de-utilizar-menores-de-edad-en-estudios-webcam-para-realizar-contenidos-de-tipo-sexual-696x389.jpg 696w, https:\/\/www.fiscalia.gov.co\/colombia\/wp-content\/uploads\/Elvimar-Yaireth-S\u00e1nchez-D\u00e1vila-Fidel-Ricardo-Gamboa-Carvajalino-y-Yetmer-Adri\u00e1n-D\u00e1vila-Calder\u00f3n-se\u00f1alados-de-utilizar-menores-de-edad-en-estudios-webcam-para-realizar-contenidos-de-tipo-sexual-1068x597.jpg 1068w, https:\/\/www.fiscalia.gov.co\/colombia\/wp-content\/uploads\/Elvimar-Yaireth-S\u00e1nchez-D\u00e1vila-Fidel-Ricardo-Gamboa-Carvajalino-y-Yetmer-Adri\u00e1n-D\u00e1vila-Calder\u00f3n-se\u00f1alados-de-utilizar-menores-de-edad-en-estudios-webcam-para-realizar-contenidos-de-tipo-sexual-751x420.jpg 751w\" sizes=\"auto, (max-width: 1280px) 100vw, 1280px\" \/><figcaption id=\"caption-attachment-230578\" class=\"wp-caption-text\">Elvimar Yaireth S\u00e1nchez D\u00e1vila, Fidel Ricardo Gamboa Carvajalino y Yetmer Adri\u00e1n D\u00e1vila Calder\u00f3n se\u00f1alados de utilizar menores de edad en estudios webcam para realizar contenidos de tipo sexual.<\/figcaption><\/figure>\n<p>Se trata de Fidel Ricardo Gamboa Carvajalino, Elvimar Yaireth S\u00e1nchez D\u00e1vila y Yetmer Adri\u00e1n D\u00e1vila Calder\u00f3n, quienes fueron capturados en flagrancia mediante diligencia de registro y allanamiento a una residencia, ubicada en el barrio La Ceiba de C\u00facuta (Norte de Santander).<\/p>\n<p>De acuerdo con las denuncias interpuestas por la ciudadan\u00eda se evidenci\u00f3 la existencia de varios inmuebles en C\u00facuta y Los Patios (Norte de Santander), donde funcionaban estudios para\u00a0<span lang=\"EN-US\"><a href=\"http:\/\/iscalia.gov.co\/colombia\/seccionales\/seccional-medellin\/a-la-carcel-presuntos-extorsionistas-que-estarian-exigiendo-dinero-a-una-agencia-web-cam-por-la-denominada-seguridad\/\" target=\"_blank\" rel=\"noopener noreferrer\" data-saferedirecturl=\"https:\/\/www.google.com\/url?q=http:\/\/iscalia.gov.co\/colombia\/seccionales\/seccional-medellin\/a-la-carcel-presuntos-extorsionistas-que-estarian-exigiendo-dinero-a-una-agencia-web-cam-por-la-denominada-seguridad\/&amp;source=gmail&amp;ust=1632510710546000&amp;usg=AFQjCNGvsHy1KoZo-fHFFzSenCuEvzFaFg\"><span lang=\"ES-CO\">modelos de webcam<\/span><\/a><\/span>, Al parecer\u00a0en estos lugares utilizaban a\u00a0<b>menores de edad<\/b>\u00a0para realizar contenidos sexuales.<\/p>\n<p>A trav\u00e9s de testimonios se evidenci\u00f3 que los procesados presuntamente ser\u00edan los encargados de la administraci\u00f3n del lugar, donde se realizaba la actividad il\u00edcita.<\/p>\n<p>Durante las audiencias concentradas, los implicados no aceptaron los cargos formulados por la Fiscal\u00eda. Por su parte el juez les dict\u00f3 medida de aseguramiento en la\u00a0<span lang=\"EN-US\"><a href=\"https:\/\/www.fiscalia.gov.co\/colombia\/seccionales\/a-la-carcel-por-exigir-dinero-para-no-publicar-imagenes-de-tipo-sexual-en-redes-conocido-como-sexting-en-meta\/\" target=\"_blank\" rel=\"noopener noreferrer\" data-saferedirecturl=\"https:\/\/www.google.com\/url?q=https:\/\/www.fiscalia.gov.co\/colombia\/seccionales\/a-la-carcel-por-exigir-dinero-para-no-publicar-imagenes-de-tipo-sexual-en-redes-conocido-como-sexting-en-meta\/&amp;source=gmail&amp;ust=1632510710546000&amp;usg=AFQjCNF7jV-_qzmh-oHkpxKhhgtN9Q74Zg\"><span lang=\"ES-CO\">c\u00e1rcel Modelo<\/span><\/a><\/span>\u00a0de la capital nortesantandereana.<\/p>\n<p>En los operativos se incautaron discos duros, cuadernos donde registraban las bit\u00e1coras de las actividades y celulares estos elementos ser\u00e1n materia de investigaci\u00f3n dentro del proceso que se adelanta contra los indiciados.<\/p>\n<p>La Fiscal\u00eda hace p\u00fablica esta informaci\u00f3n por razones de inter\u00e9s general.<\/p>\n<p>&nbsp;<\/p>\n<p>MPHA\/DATO\/MG<\/p>\n<p><i>La informaci\u00f3n contenida en este bolet\u00edn de prensa corresponde a la narraci\u00f3n de los hechos noticiosos objetivos, suministrados por los funcionarios encargados de adelantar las investigaciones penales al interior de la Fiscal\u00eda General de la Naci\u00f3n. Para el momento de la divulgaci\u00f3n de este comunicado, la situaci\u00f3n jur\u00eddica de la(s) persona(s) relacionada(s) se encuentra pendiente de resolver por la autoridad judicial competente, siempre bajo los preceptos de la presunci\u00f3n de inocencia, consagrados en el art\u00edculo 29 de la Constituci\u00f3n Pol\u00edtica y el art\u00edculo 7\u00ba de la Ley 906 de 2004.<\/i><\/p>\n<\/div>\n<\/div>\n\n<div class=\"twitter-share\"><a href=\"https:\/\/twitter.com\/intent\/tweet?via=fiscaliacol\" class=\"twitter-share-button\">Tweet<\/a><\/div>\n","protected":false},"excerpt":{"rendered":"<p>Acogiendo los argumentos de la Fiscal\u00eda General de la Naci\u00f3n,\u00a0un juez con funciones de control de garant\u00edas impuso medida de aseguramiento privativa de la libertad en contra de tres personas, presuntos responsables de los delitos\u00a0de proxenetismo con menor de edad y el de utilizaci\u00f3n o facilitaci\u00f3n de medios de comunicaci\u00f3n para ofrecer actividades sexuales con [&hellip;]<\/p>\n","protected":false},"author":175,"featured_media":0,"comment_status":"closed","ping_status":"open","sticky":false,"template":"","format":"standard","meta":{"_price":"","_stock":"","_tribe_ticket_header":"","_tribe_default_ticket_provider":"","_tribe_ticket_capacity":"0","_ticket_start_date":"","_ticket_end_date":"","_tribe_ticket_show_description":"","_tribe_ticket_show_not_going":false,"_tribe_ticket_use_global_stock":"","_tribe_ticket_global_stock_level":"","_global_stock_mode":"","_global_stock_cap":"","_tribe_rsvp_for_event":"","_tribe_ticket_going_count":"","_tribe_ticket_not_going_count":"","_tribe_tickets_list":"[]","_tribe_ticket_has_attendee_info_fields":false,"tdm_status":"","tdm_grid_status":"","footnotes":""},"categories":[1,326,24099],"tags":[2369,24401,24189,1628,421,28845],"class_list":{"0":"post-230576","1":"post","2":"type-post","3":"status-publish","4":"format-standard","6":"category-noticias","7":"category-seccional-cucuta","8":"category-seguridad-territorial","9":"tag-de4litos-sexuales","10":"tag-fiscal-barbosa-delgado","11":"tag-fiscal-francisco-barbosa-delgado","12":"tag-menores-de-edad","13":"tag-prostitucion","14":"tag-webcam"},"yoast_head":"<!-- This site is optimized with the Yoast SEO plugin v24.3 - https:\/\/yoast.com\/wordpress\/plugins\/seo\/ -->\n<title>Fiscal\u00eda General de la Naci\u00f3n<\/title>\n<meta name=\"description\" content=\"P\u00e1gina oficial de la Fiscal\u00eda General de la Naci\u00f3n \u2013 Colombia. Garantizamos el acceso efectivo a la justicia, la verdad y la reparaci\u00f3n de las v\u00edctimas de los delitos.\" \/>\n<meta name=\"robots\" content=\"noindex, follow\" \/>\n<meta property=\"og:locale\" content=\"es_ES\" \/>\n<meta property=\"og:type\" content=\"article\" \/>\n<meta property=\"og:title\" content=\"Fiscal\u00eda General de la Naci\u00f3n\" \/>\n<meta property=\"og:description\" content=\"P\u00e1gina oficial de la Fiscal\u00eda General de la Naci\u00f3n \u2013 Colombia. Garantizamos el acceso efectivo a la justicia, la verdad y la reparaci\u00f3n de las v\u00edctimas de los delitos.\" \/>\n<meta property=\"og:url\" content=\"https:\/\/www.fiscalia.gov.co\/colombia\/noticias\/asegurados-tres-personas-que-al-parecer-incitarian-a-la-prostitucion-a-menores-de-edad\/\" \/>\n<meta property=\"og:site_name\" content=\"Fiscal\u00eda General de la Naci\u00f3n\" \/>\n<meta property=\"article:publisher\" content=\"https:\/\/www.facebook.com\/FiscaliaCol\" \/>\n<meta property=\"article:published_time\" content=\"2021-09-23T20:03:53+00:00\" \/>\n<meta name=\"author\" content=\"Katherine Loaiza Mart\u00ednez\" \/>\n<meta name=\"twitter:card\" content=\"summary_large_image\" \/>\n<meta name=\"twitter:creator\" content=\"@FiscaliaCol\" \/>\n<meta name=\"twitter:site\" content=\"@FiscaliaCol\" \/>\n<meta name=\"twitter:label1\" content=\"Escrito por\" \/>\n\t<meta name=\"twitter:data1\" content=\"Katherine Loaiza Mart\u00ednez\" \/>\n\t<meta name=\"twitter:label2\" content=\"Tiempo de lectura\" \/>\n\t<meta name=\"twitter:data2\" content=\"2 minutos\" \/>\n<script type=\"application\/ld+json\" class=\"yoast-schema-graph\">{\"@context\":\"https:\/\/schema.org\",\"@graph\":[{\"@type\":\"Article\",\"@id\":\"https:\/\/www.fiscalia.gov.co\/colombia\/noticias\/asegurados-tres-personas-que-al-parecer-incitarian-a-la-prostitucion-a-menores-de-edad\/#article\",\"isPartOf\":{\"@id\":\"https:\/\/www.fiscalia.gov.co\/colombia\/noticias\/asegurados-tres-personas-que-al-parecer-incitarian-a-la-prostitucion-a-menores-de-edad\/\"},\"author\":{\"name\":\"Katherine Loaiza Mart\u00ednez\",\"@id\":\"https:\/\/www.fiscalia.gov.co\/colombia\/#\/schema\/person\/2e76b9aba5ecf875ed565ce4de0e0415\"},\"headline\":\"Asegurados tres personas que al parecer incitar\u00edan a la prostituci\u00f3n a menores de edad\",\"datePublished\":\"2021-09-23T20:03:53+00:00\",\"dateModified\":\"2021-09-23T20:03:53+00:00\",\"mainEntityOfPage\":{\"@id\":\"https:\/\/www.fiscalia.gov.co\/colombia\/noticias\/asegurados-tres-personas-que-al-parecer-incitarian-a-la-prostitucion-a-menores-de-edad\/\"},\"wordCount\":437,\"publisher\":{\"@id\":\"https:\/\/www.fiscalia.gov.co\/colombia\/#organization\"},\"keywords\":[\"Delitos sexuales\",\"Fiscal Barbosa Delgado\",\"Fiscal Francisco Barbosa Delgado\",\"Menores de edad\",\"Prostituci\u00f3n\",\"WEBCAM\"],\"articleSection\":[\"Noticias\",\"Seccional C\u00facuta\",\"Seguridad territorial\"],\"inLanguage\":\"es-CO\"},{\"@type\":\"WebPage\",\"@id\":\"https:\/\/www.fiscalia.gov.co\/colombia\/noticias\/asegurados-tres-personas-que-al-parecer-incitarian-a-la-prostitucion-a-menores-de-edad\/\",\"url\":\"https:\/\/www.fiscalia.gov.co\/colombia\/noticias\/asegurados-tres-personas-que-al-parecer-incitarian-a-la-prostitucion-a-menores-de-edad\/\",\"name\":\"Fiscal\u00eda General de la Naci\u00f3n\",\"isPartOf\":{\"@id\":\"https:\/\/www.fiscalia.gov.co\/colombia\/#website\"},\"datePublished\":\"2021-09-23T20:03:53+00:00\",\"dateModified\":\"2021-09-23T20:03:53+00:00\",\"description\":\"P\u00e1gina oficial de la Fiscal\u00eda General de la Naci\u00f3n \u2013 Colombia. Garantizamos el acceso efectivo a la justicia, la verdad y la reparaci\u00f3n de las v\u00edctimas de los delitos.\",\"breadcrumb\":{\"@id\":\"https:\/\/www.fiscalia.gov.co\/colombia\/noticias\/asegurados-tres-personas-que-al-parecer-incitarian-a-la-prostitucion-a-menores-de-edad\/#breadcrumb\"},\"inLanguage\":\"es-CO\",\"potentialAction\":[{\"@type\":\"ReadAction\",\"target\":[\"https:\/\/www.fiscalia.gov.co\/colombia\/noticias\/asegurados-tres-personas-que-al-parecer-incitarian-a-la-prostitucion-a-menores-de-edad\/\"]}]},{\"@type\":\"BreadcrumbList\",\"@id\":\"https:\/\/www.fiscalia.gov.co\/colombia\/noticias\/asegurados-tres-personas-que-al-parecer-incitarian-a-la-prostitucion-a-menores-de-edad\/#breadcrumb\",\"itemListElement\":[{\"@type\":\"ListItem\",\"position\":1,\"name\":\"Home\",\"item\":\"https:\/\/www.fiscalia.gov.co\/colombia\/\"},{\"@type\":\"ListItem\",\"position\":2,\"name\":\"Asegurados tres personas que al parecer incitar\u00edan a la prostituci\u00f3n a menores de edad\"}]},{\"@type\":\"WebSite\",\"@id\":\"https:\/\/www.fiscalia.gov.co\/colombia\/#website\",\"url\":\"https:\/\/www.fiscalia.gov.co\/colombia\/\",\"name\":\"Fiscal\u00eda General de la Naci\u00f3n\",\"description\":\"P\u00e1gina oficial de la Fiscal\u00eda General de la Naci\u00f3n \u2013 Colombia. Garantizamos el acceso efectivo a la justicia, la verdad y la reparaci\u00f3n de las v\u00edctimas de los delitos.\",\"publisher\":{\"@id\":\"https:\/\/www.fiscalia.gov.co\/colombia\/#organization\"},\"potentialAction\":[{\"@type\":\"SearchAction\",\"target\":{\"@type\":\"EntryPoint\",\"urlTemplate\":\"https:\/\/www.fiscalia.gov.co\/colombia\/?s={search_term_string}\"},\"query-input\":{\"@type\":\"PropertyValueSpecification\",\"valueRequired\":true,\"valueName\":\"search_term_string\"}}],\"inLanguage\":\"es-CO\"},{\"@type\":\"Organization\",\"@id\":\"https:\/\/www.fiscalia.gov.co\/colombia\/#organization\",\"name\":\"Fiscal\u00eda General de la Naci\u00f3n\",\"url\":\"https:\/\/www.fiscalia.gov.co\/colombia\/\",\"logo\":{\"@type\":\"ImageObject\",\"inLanguage\":\"es-CO\",\"@id\":\"https:\/\/www.fiscalia.gov.co\/colombia\/#\/schema\/logo\/image\/\",\"url\":\"https:\/\/www.fiscalia.gov.co\/colombia\/wp-content\/uploads\/LogoHorizontal_1.jpg\",\"contentUrl\":\"https:\/\/www.fiscalia.gov.co\/colombia\/wp-content\/uploads\/LogoHorizontal_1.jpg\",\"width\":300,\"height\":90,\"caption\":\"Fiscal\u00eda General de la Naci\u00f3n\"},\"image\":{\"@id\":\"https:\/\/www.fiscalia.gov.co\/colombia\/#\/schema\/logo\/image\/\"},\"sameAs\":[\"https:\/\/www.facebook.com\/FiscaliaCol\",\"https:\/\/x.com\/FiscaliaCol\",\"https:\/\/www.instagram.com\/fiscaliacol\",\"https:\/\/www.linkedin.com\/company\/fiscalia-general-de-la-naci-n\/\",\"https:\/\/youtube.com\/@fiscaliageneraldelanacion-4668?si=6nN79nyQICPU5iTh\"]},{\"@type\":\"Person\",\"@id\":\"https:\/\/www.fiscalia.gov.co\/colombia\/#\/schema\/person\/2e76b9aba5ecf875ed565ce4de0e0415\",\"name\":\"Katherine Loaiza Mart\u00ednez\",\"image\":{\"@type\":\"ImageObject\",\"inLanguage\":\"es-CO\",\"@id\":\"https:\/\/www.fiscalia.gov.co\/colombia\/#\/schema\/person\/image\/\",\"url\":\"https:\/\/secure.gravatar.com\/avatar\/ab775a2f394c1b83b6d6f78680e57b50?s=96&d=mm&r=g\",\"contentUrl\":\"https:\/\/secure.gravatar.com\/avatar\/ab775a2f394c1b83b6d6f78680e57b50?s=96&d=mm&r=g\",\"caption\":\"Katherine Loaiza Mart\u00ednez\"},\"url\":\"https:\/\/www.fiscalia.gov.co\/colombia\/author\/kloaiza\/\"}]}<\/script>\n<!-- \/ Yoast SEO plugin. -->","yoast_head_json":{"title":"Fiscal\u00eda General de la Naci\u00f3n","description":"P\u00e1gina oficial de la Fiscal\u00eda General de la Naci\u00f3n \u2013 Colombia. Garantizamos el acceso efectivo a la justicia, la verdad y la reparaci\u00f3n de las v\u00edctimas de los delitos.","robots":{"index":"noindex","follow":"follow"},"og_locale":"es_ES","og_type":"article","og_title":"Fiscal\u00eda General de la Naci\u00f3n","og_description":"P\u00e1gina oficial de la Fiscal\u00eda General de la Naci\u00f3n \u2013 Colombia. Garantizamos el acceso efectivo a la justicia, la verdad y la reparaci\u00f3n de las v\u00edctimas de los delitos.","og_url":"https:\/\/www.fiscalia.gov.co\/colombia\/noticias\/asegurados-tres-personas-que-al-parecer-incitarian-a-la-prostitucion-a-menores-de-edad\/","og_site_name":"Fiscal\u00eda General de la Naci\u00f3n","article_publisher":"https:\/\/www.facebook.com\/FiscaliaCol","article_published_time":"2021-09-23T20:03:53+00:00","author":"Katherine Loaiza Mart\u00ednez","twitter_card":"summary_large_image","twitter_creator":"@FiscaliaCol","twitter_site":"@FiscaliaCol","twitter_misc":{"Escrito por":"Katherine Loaiza Mart\u00ednez","Tiempo de lectura":"2 minutos"},"schema":{"@context":"https:\/\/schema.org","@graph":[{"@type":"Article","@id":"https:\/\/www.fiscalia.gov.co\/colombia\/noticias\/asegurados-tres-personas-que-al-parecer-incitarian-a-la-prostitucion-a-menores-de-edad\/#article","isPartOf":{"@id":"https:\/\/www.fiscalia.gov.co\/colombia\/noticias\/asegurados-tres-personas-que-al-parecer-incitarian-a-la-prostitucion-a-menores-de-edad\/"},"author":{"name":"Katherine Loaiza Mart\u00ednez","@id":"https:\/\/www.fiscalia.gov.co\/colombia\/#\/schema\/person\/2e76b9aba5ecf875ed565ce4de0e0415"},"headline":"Asegurados tres personas que al parecer incitar\u00edan a la prostituci\u00f3n a menores de edad","datePublished":"2021-09-23T20:03:53+00:00","dateModified":"2021-09-23T20:03:53+00:00","mainEntityOfPage":{"@id":"https:\/\/www.fiscalia.gov.co\/colombia\/noticias\/asegurados-tres-personas-que-al-parecer-incitarian-a-la-prostitucion-a-menores-de-edad\/"},"wordCount":437,"publisher":{"@id":"https:\/\/www.fiscalia.gov.co\/colombia\/#organization"},"keywords":["Delitos sexuales","Fiscal Barbosa Delgado","Fiscal Francisco Barbosa Delgado","Menores de edad","Prostituci\u00f3n","WEBCAM"],"articleSection":["Noticias","Seccional C\u00facuta","Seguridad territorial"],"inLanguage":"es-CO"},{"@type":"WebPage","@id":"https:\/\/www.fiscalia.gov.co\/colombia\/noticias\/asegurados-tres-personas-que-al-parecer-incitarian-a-la-prostitucion-a-menores-de-edad\/","url":"https:\/\/www.fiscalia.gov.co\/colombia\/noticias\/asegurados-tres-personas-que-al-parecer-incitarian-a-la-prostitucion-a-menores-de-edad\/","name":"Fiscal\u00eda General de la Naci\u00f3n","isPartOf":{"@id":"https:\/\/www.fiscalia.gov.co\/colombia\/#website"},"datePublished":"2021-09-23T20:03:53+00:00","dateModified":"2021-09-23T20:03:53+00:00","description":"P\u00e1gina oficial de la Fiscal\u00eda General de la Naci\u00f3n \u2013 Colombia. Garantizamos el acceso efectivo a la justicia, la verdad y la reparaci\u00f3n de las v\u00edctimas de los delitos.","breadcrumb":{"@id":"https:\/\/www.fiscalia.gov.co\/colombia\/noticias\/asegurados-tres-personas-que-al-parecer-incitarian-a-la-prostitucion-a-menores-de-edad\/#breadcrumb"},"inLanguage":"es-CO","potentialAction":[{"@type":"ReadAction","target":["https:\/\/www.fiscalia.gov.co\/colombia\/noticias\/asegurados-tres-personas-que-al-parecer-incitarian-a-la-prostitucion-a-menores-de-edad\/"]}]},{"@type":"BreadcrumbList","@id":"https:\/\/www.fiscalia.gov.co\/colombia\/noticias\/asegurados-tres-personas-que-al-parecer-incitarian-a-la-prostitucion-a-menores-de-edad\/#breadcrumb","itemListElement":[{"@type":"ListItem","position":1,"name":"Home","item":"https:\/\/www.fiscalia.gov.co\/colombia\/"},{"@type":"ListItem","position":2,"name":"Asegurados tres personas que al parecer incitar\u00edan a la prostituci\u00f3n a menores de edad"}]},{"@type":"WebSite","@id":"https:\/\/www.fiscalia.gov.co\/colombia\/#website","url":"https:\/\/www.fiscalia.gov.co\/colombia\/","name":"Fiscal\u00eda General de la Naci\u00f3n","description":"P\u00e1gina oficial de la Fiscal\u00eda General de la Naci\u00f3n \u2013 Colombia. Garantizamos el acceso efectivo a la justicia, la verdad y la reparaci\u00f3n de las v\u00edctimas de los delitos.","publisher":{"@id":"https:\/\/www.fiscalia.gov.co\/colombia\/#organization"},"potentialAction":[{"@type":"SearchAction","target":{"@type":"EntryPoint","urlTemplate":"https:\/\/www.fiscalia.gov.co\/colombia\/?s={search_term_string}"},"query-input":{"@type":"PropertyValueSpecification","valueRequired":true,"valueName":"search_term_string"}}],"inLanguage":"es-CO"},{"@type":"Organization","@id":"https:\/\/www.fiscalia.gov.co\/colombia\/#organization","name":"Fiscal\u00eda General de la Naci\u00f3n","url":"https:\/\/www.fiscalia.gov.co\/colombia\/","logo":{"@type":"ImageObject","inLanguage":"es-CO","@id":"https:\/\/www.fiscalia.gov.co\/colombia\/#\/schema\/logo\/image\/","url":"https:\/\/www.fiscalia.gov.co\/colombia\/wp-content\/uploads\/LogoHorizontal_1.jpg","contentUrl":"https:\/\/www.fiscalia.gov.co\/colombia\/wp-content\/uploads\/LogoHorizontal_1.jpg","width":300,"height":90,"caption":"Fiscal\u00eda General de la Naci\u00f3n"},"image":{"@id":"https:\/\/www.fiscalia.gov.co\/colombia\/#\/schema\/logo\/image\/"},"sameAs":["https:\/\/www.facebook.com\/FiscaliaCol","https:\/\/x.com\/FiscaliaCol","https:\/\/www.instagram.com\/fiscaliacol","https:\/\/www.linkedin.com\/company\/fiscalia-general-de-la-naci-n\/","https:\/\/youtube.com\/@fiscaliageneraldelanacion-4668?si=6nN79nyQICPU5iTh"]},{"@type":"Person","@id":"https:\/\/www.fiscalia.gov.co\/colombia\/#\/schema\/person\/2e76b9aba5ecf875ed565ce4de0e0415","name":"Katherine Loaiza Mart\u00ednez","image":{"@type":"ImageObject","inLanguage":"es-CO","@id":"https:\/\/www.fiscalia.gov.co\/colombia\/#\/schema\/person\/image\/","url":"https:\/\/secure.gravatar.com\/avatar\/ab775a2f394c1b83b6d6f78680e57b50?s=96&d=mm&r=g","contentUrl":"https:\/\/secure.gravatar.com\/avatar\/ab775a2f394c1b83b6d6f78680e57b50?s=96&d=mm&r=g","caption":"Katherine Loaiza Mart\u00ednez"},"url":"https:\/\/www.fiscalia.gov.co\/colombia\/author\/kloaiza\/"}]}},"_links":{"self":[{"href":"https:\/\/www.fiscalia.gov.co\/colombia\/wp-json\/wp\/v2\/posts\/230576","targetHints":{"allow":["GET"]}}],"collection":[{"href":"https:\/\/www.fiscalia.gov.co\/colombia\/wp-json\/wp\/v2\/posts"}],"about":[{"href":"https:\/\/www.fiscalia.gov.co\/colombia\/wp-json\/wp\/v2\/types\/post"}],"author":[{"embeddable":true,"href":"https:\/\/www.fiscalia.gov.co\/colombia\/wp-json\/wp\/v2\/users\/175"}],"replies":[{"embeddable":true,"href":"https:\/\/www.fiscalia.gov.co\/colombia\/wp-json\/wp\/v2\/comments?post=230576"}],"version-history":[{"count":1,"href":"https:\/\/www.fiscalia.gov.co\/colombia\/wp-json\/wp\/v2\/posts\/230576\/revisions"}],"predecessor-version":[{"id":230579,"href":"https:\/\/www.fiscalia.gov.co\/colombia\/wp-json\/wp\/v2\/posts\/230576\/revisions\/230579"}],"wp:attachment":[{"href":"https:\/\/www.fiscalia.gov.co\/colombia\/wp-json\/wp\/v2\/media?parent=230576"}],"wp:term":[{"taxonomy":"category","embeddable":true,"href":"https:\/\/www.fiscalia.gov.co\/colombia\/wp-json\/wp\/v2\/categories?post=230576"},{"taxonomy":"post_tag","embeddable":true,"href":"https:\/\/www.fiscalia.gov.co\/colombia\/wp-json\/wp\/v2\/tags?post=230576"}],"curies":[{"name":"wp","href":"https:\/\/api.w.org\/{rel}","templated":true}]}}