{"id":230329,"date":"2021-09-21T12:37:42","date_gmt":"2021-09-21T17:37:42","guid":{"rendered":"https:\/\/www.fiscalia.gov.co\/colombia\/?p=230329"},"modified":"2021-09-21T12:37:42","modified_gmt":"2021-09-21T17:37:42","slug":"condenado-a-mas-de-9-anos-de-prision-por-su-participacion-en-un-crimen-en-pensilvania-caldas","status":"publish","type":"post","link":"https:\/\/www.fiscalia.gov.co\/colombia\/noticias\/condenado-a-mas-de-9-anos-de-prision-por-su-participacion-en-un-crimen-en-pensilvania-caldas\/","title":{"rendered":"Condenado a m\u00e1s de 9 a\u00f1os de prisi\u00f3n por su participaci\u00f3n en un crimen en Pensilvania (Caldas)"},"content":{"rendered":"<p>Jhon Alejandro Cortes Tabares fue condenado a una pena de nueve a\u00f1os, un mes y seis d\u00edas de prisi\u00f3n luego de que la Fiscal\u00eda logr\u00f3 comprobar su participaci\u00f3n en el homicidio de C\u00e9sar Augusto L\u00f3pez L\u00f3pez, alias El Gato, el 4 de agosto del 2017, en Pensilvania (Caldas).<\/p>\n<p>El cuerpo de la v\u00edctima fue hallado por funcionarios de la Sij\u00edn de la Polic\u00eda en el sector de Los Tanques, del barrio La Cruz de Pensilvania.<\/p>\n<p>De acuerdo con lo que se conoci\u00f3 en audiencia, el 6 de agosto del 2017, Cortes Tabares fue capturado por el delito de fabricaci\u00f3n, tr\u00e1fico o porte de armas de fuego o municiones, tras lo cual advirti\u00f3 que sab\u00eda de un homicidio que hab\u00edan cometido y ten\u00eda conocimiento de d\u00f3nde estaba el cuerpo.<\/p>\n<p>De esta manera las autoridades acudieron al lugar se\u00f1alado y encontraron el cuerpo sin vida con se\u00f1ales de m\u00faltiples pu\u00f1aladas ocasionadas con arma blanca.<\/p>\n<p>Ante la confesi\u00f3n fue escuchado en indagatoria y revel\u00f3 que si bien el no cometi\u00f3 el crimen, tuvo que esconder en su residencia el arma blanca con la que lo hicieron, la ropa ensangrentada de los agresores y a dos adolescentes que cometieron el hecho, ya lo ten\u00edan amenazado con matar a su hija y a su esposa si no cooperaba.<\/p>\n<p>Tambi\u00e9n relat\u00f3 que los j\u00f3venes llegaron a eso de las 10 de la noche a su casa, seg\u00fan como le hab\u00edan dicho, y contaron que uno de ellos primero lo apu\u00f1al\u00f3 en el cuello y aunque trat\u00f3 de huir, otro lo alcanz\u00f3 y lo apu\u00f1al\u00f3 en repetidas oportunidades hasta matarlo.<\/p>\n<p>La\u00a0<strong>Fiscal\u00eda General de la Naci\u00f3n<\/strong>\u00a0habla con resultados.<\/p>\n<p>JLH\/ALC\/CFG<\/p>\n<p>&nbsp;<\/p>\n<p>&nbsp;<\/p>\n<p><strong>Tambi\u00e9n le puede interesar:<\/strong><\/p>\n<p><a href=\"https:\/\/www.fiscalia.gov.co\/colombia\/seccionales\/sentencia-condenatoria-de-ocho-anos-por-un-homicidio-con-arma-blanca-perpetrado-en-caldas\/\" data-saferedirecturl=\"https:\/\/www.google.com\/url?q=https:\/\/www.fiscalia.gov.co\/colombia\/seccionales\/sentencia-condenatoria-de-ocho-anos-por-un-homicidio-con-arma-blanca-perpetrado-en-caldas\/&amp;source=gmail&amp;ust=1632326310193000&amp;usg=AFQjCNEj9pDzkKH9Zn1XQAQpsqNkjb8SQA\">Sentencia condenatoria de ocho a\u00f1os por un homicidio con arma blanca perpetrado en Caldas<\/a><\/p>\n\n<div class=\"twitter-share\"><a href=\"https:\/\/twitter.com\/intent\/tweet?via=fiscaliacol\" class=\"twitter-share-button\">Tweet<\/a><\/div>\n","protected":false},"excerpt":{"rendered":"<p>Jhon Alejandro Cortes Tabares fue condenado a una pena de nueve a\u00f1os, un mes y seis d\u00edas de prisi\u00f3n luego de que la Fiscal\u00eda logr\u00f3 comprobar su participaci\u00f3n en el [&hellip;]<\/p>\n","protected":false},"author":175,"featured_media":0,"comment_status":"closed","ping_status":"open","sticky":false,"template":"","format":"standard","meta":{"tdm_status":"","tdm_grid_status":"","footnotes":""},"categories":[1,330,24099],"tags":[28802,28801,28800,24189,1047,28799,28796,28797,28803,28804,28798],"class_list":["post-230329","post","type-post","status-publish","format-standard","category-noticias","category-seccional-manizales","category-seguridad-territorial","tag-4-de-agosto-del-2017","tag-alias-el-gato","tag-cesar-augusto-lopez-lopez","tag-fiscal-francisco-barbosa-delgado","tag-fiscalia-general-de-la-nacion","tag-homicidio-agravado-en-concurso-con-uso-de-menores-de-edad-para-la-comision-de-delitos","tag-jhon-alejandro-cortes-tabares","tag-nueve-anos","tag-pensilvania-caldas","tag-sector-de-los-tanques-del-barrio-la-cruz-de-pensilvania","tag-un-mes-y-seis-dias-de-prision"],"yoast_head":"<!-- This site is optimized with the Yoast SEO plugin v24.3 - https:\/\/yoast.com\/wordpress\/plugins\/seo\/ -->\n<title>Fiscal\u00eda General de la Naci\u00f3n<\/title>\n<meta name=\"description\" content=\"P\u00e1gina oficial de la Fiscal\u00eda General de la Naci\u00f3n \u2013 Colombia. Garantizamos el acceso efectivo a la justicia, la verdad y la reparaci\u00f3n de las v\u00edctimas de los delitos.\" \/>\n<meta name=\"robots\" content=\"noindex, follow\" \/>\n<meta property=\"og:locale\" content=\"es_ES\" \/>\n<meta property=\"og:type\" content=\"article\" \/>\n<meta property=\"og:title\" content=\"Fiscal\u00eda General de la Naci\u00f3n\" \/>\n<meta property=\"og:description\" content=\"P\u00e1gina oficial de la Fiscal\u00eda General de la Naci\u00f3n \u2013 Colombia. Garantizamos el acceso efectivo a la justicia, la verdad y la reparaci\u00f3n de las v\u00edctimas de los delitos.\" \/>\n<meta property=\"og:url\" content=\"https:\/\/www.fiscalia.gov.co\/colombia\/noticias\/condenado-a-mas-de-9-anos-de-prision-por-su-participacion-en-un-crimen-en-pensilvania-caldas\/\" \/>\n<meta property=\"og:site_name\" content=\"Fiscal\u00eda General de la Naci\u00f3n\" \/>\n<meta property=\"article:publisher\" content=\"https:\/\/www.facebook.com\/FiscaliaCol\" \/>\n<meta property=\"article:published_time\" content=\"2021-09-21T17:37:42+00:00\" \/>\n<meta name=\"author\" content=\"Katherine Loaiza Mart\u00ednez\" \/>\n<meta name=\"twitter:card\" content=\"summary_large_image\" \/>\n<meta name=\"twitter:creator\" content=\"@FiscaliaCol\" \/>\n<meta name=\"twitter:site\" content=\"@FiscaliaCol\" \/>\n<meta name=\"twitter:label1\" content=\"Escrito por\" \/>\n\t<meta name=\"twitter:data1\" content=\"Katherine Loaiza Mart\u00ednez\" \/>\n\t<meta name=\"twitter:label2\" content=\"Tiempo de lectura\" \/>\n\t<meta name=\"twitter:data2\" content=\"2 minutos\" \/>\n<script type=\"application\/ld+json\" class=\"yoast-schema-graph\">{\"@context\":\"https:\/\/schema.org\",\"@graph\":[{\"@type\":\"Article\",\"@id\":\"https:\/\/www.fiscalia.gov.co\/colombia\/noticias\/condenado-a-mas-de-9-anos-de-prision-por-su-participacion-en-un-crimen-en-pensilvania-caldas\/#article\",\"isPartOf\":{\"@id\":\"https:\/\/www.fiscalia.gov.co\/colombia\/noticias\/condenado-a-mas-de-9-anos-de-prision-por-su-participacion-en-un-crimen-en-pensilvania-caldas\/\"},\"author\":{\"name\":\"Katherine Loaiza Mart\u00ednez\",\"@id\":\"https:\/\/www.fiscalia.gov.co\/colombia\/#\/schema\/person\/2e76b9aba5ecf875ed565ce4de0e0415\"},\"headline\":\"Condenado a m\u00e1s de 9 a\u00f1os de prisi\u00f3n por su participaci\u00f3n en un crimen en Pensilvania (Caldas)\",\"datePublished\":\"2021-09-21T17:37:42+00:00\",\"dateModified\":\"2021-09-21T17:37:42+00:00\",\"mainEntityOfPage\":{\"@id\":\"https:\/\/www.fiscalia.gov.co\/colombia\/noticias\/condenado-a-mas-de-9-anos-de-prision-por-su-participacion-en-un-crimen-en-pensilvania-caldas\/\"},\"wordCount\":343,\"publisher\":{\"@id\":\"https:\/\/www.fiscalia.gov.co\/colombia\/#organization\"},\"keywords\":[\"4 de agosto del 2017\",\"alias El Gato\",\"C\u00e9sar Augusto L\u00f3pez L\u00f3pez\",\"Fiscal Francisco Barbosa Delgado\",\"Fiscal\u00eda General de la Naci\u00f3n\",\"homicidio agravado en concurso con uso de menores de edad para la comisi\u00f3n de delitos\",\"Jhon Alejandro Cortes Tabares\",\"nueve a\u00f1os\",\"Pensilvania (Caldas)\",\"sector de Los Tanques del barrio La Cruz de Pensilvania\",\"un mes y seis d\u00edas de prisi\u00f3n\"],\"articleSection\":[\"Noticias\",\"Seccional Manizales\",\"Seguridad territorial\"],\"inLanguage\":\"es-CO\"},{\"@type\":\"WebPage\",\"@id\":\"https:\/\/www.fiscalia.gov.co\/colombia\/noticias\/condenado-a-mas-de-9-anos-de-prision-por-su-participacion-en-un-crimen-en-pensilvania-caldas\/\",\"url\":\"https:\/\/www.fiscalia.gov.co\/colombia\/noticias\/condenado-a-mas-de-9-anos-de-prision-por-su-participacion-en-un-crimen-en-pensilvania-caldas\/\",\"name\":\"Fiscal\u00eda General de la Naci\u00f3n\",\"isPartOf\":{\"@id\":\"https:\/\/www.fiscalia.gov.co\/colombia\/#website\"},\"datePublished\":\"2021-09-21T17:37:42+00:00\",\"dateModified\":\"2021-09-21T17:37:42+00:00\",\"description\":\"P\u00e1gina oficial de la Fiscal\u00eda General de la Naci\u00f3n \u2013 Colombia. Garantizamos el acceso efectivo a la justicia, la verdad y la reparaci\u00f3n de las v\u00edctimas de los delitos.\",\"breadcrumb\":{\"@id\":\"https:\/\/www.fiscalia.gov.co\/colombia\/noticias\/condenado-a-mas-de-9-anos-de-prision-por-su-participacion-en-un-crimen-en-pensilvania-caldas\/#breadcrumb\"},\"inLanguage\":\"es-CO\",\"potentialAction\":[{\"@type\":\"ReadAction\",\"target\":[\"https:\/\/www.fiscalia.gov.co\/colombia\/noticias\/condenado-a-mas-de-9-anos-de-prision-por-su-participacion-en-un-crimen-en-pensilvania-caldas\/\"]}]},{\"@type\":\"BreadcrumbList\",\"@id\":\"https:\/\/www.fiscalia.gov.co\/colombia\/noticias\/condenado-a-mas-de-9-anos-de-prision-por-su-participacion-en-un-crimen-en-pensilvania-caldas\/#breadcrumb\",\"itemListElement\":[{\"@type\":\"ListItem\",\"position\":1,\"name\":\"Home\",\"item\":\"https:\/\/www.fiscalia.gov.co\/colombia\/\"},{\"@type\":\"ListItem\",\"position\":2,\"name\":\"Condenado a m\u00e1s de 9 a\u00f1os de prisi\u00f3n por su participaci\u00f3n en un crimen en Pensilvania (Caldas)\"}]},{\"@type\":\"WebSite\",\"@id\":\"https:\/\/www.fiscalia.gov.co\/colombia\/#website\",\"url\":\"https:\/\/www.fiscalia.gov.co\/colombia\/\",\"name\":\"Fiscal\u00eda General de la Naci\u00f3n\",\"description\":\"P\u00e1gina oficial de la Fiscal\u00eda General de la Naci\u00f3n \u2013 Colombia. Garantizamos el acceso efectivo a la justicia, la verdad y la reparaci\u00f3n de las v\u00edctimas de los delitos.\",\"publisher\":{\"@id\":\"https:\/\/www.fiscalia.gov.co\/colombia\/#organization\"},\"potentialAction\":[{\"@type\":\"SearchAction\",\"target\":{\"@type\":\"EntryPoint\",\"urlTemplate\":\"https:\/\/www.fiscalia.gov.co\/colombia\/?s={search_term_string}\"},\"query-input\":{\"@type\":\"PropertyValueSpecification\",\"valueRequired\":true,\"valueName\":\"search_term_string\"}}],\"inLanguage\":\"es-CO\"},{\"@type\":\"Organization\",\"@id\":\"https:\/\/www.fiscalia.gov.co\/colombia\/#organization\",\"name\":\"Fiscal\u00eda General de la Naci\u00f3n\",\"url\":\"https:\/\/www.fiscalia.gov.co\/colombia\/\",\"logo\":{\"@type\":\"ImageObject\",\"inLanguage\":\"es-CO\",\"@id\":\"https:\/\/www.fiscalia.gov.co\/colombia\/#\/schema\/logo\/image\/\",\"url\":\"https:\/\/www.fiscalia.gov.co\/colombia\/wp-content\/uploads\/LogoHorizontal_1.jpg\",\"contentUrl\":\"https:\/\/www.fiscalia.gov.co\/colombia\/wp-content\/uploads\/LogoHorizontal_1.jpg\",\"width\":300,\"height\":90,\"caption\":\"Fiscal\u00eda General de la Naci\u00f3n\"},\"image\":{\"@id\":\"https:\/\/www.fiscalia.gov.co\/colombia\/#\/schema\/logo\/image\/\"},\"sameAs\":[\"https:\/\/www.facebook.com\/FiscaliaCol\",\"https:\/\/x.com\/FiscaliaCol\",\"https:\/\/www.instagram.com\/fiscaliacol\",\"https:\/\/www.linkedin.com\/company\/fiscalia-general-de-la-naci-n\/\",\"https:\/\/youtube.com\/@fiscaliageneraldelanacion-4668?si=6nN79nyQICPU5iTh\"]},{\"@type\":\"Person\",\"@id\":\"https:\/\/www.fiscalia.gov.co\/colombia\/#\/schema\/person\/2e76b9aba5ecf875ed565ce4de0e0415\",\"name\":\"Katherine Loaiza Mart\u00ednez\",\"image\":{\"@type\":\"ImageObject\",\"inLanguage\":\"es-CO\",\"@id\":\"https:\/\/www.fiscalia.gov.co\/colombia\/#\/schema\/person\/image\/\",\"url\":\"https:\/\/secure.gravatar.com\/avatar\/ab775a2f394c1b83b6d6f78680e57b50?s=96&d=mm&r=g\",\"contentUrl\":\"https:\/\/secure.gravatar.com\/avatar\/ab775a2f394c1b83b6d6f78680e57b50?s=96&d=mm&r=g\",\"caption\":\"Katherine Loaiza Mart\u00ednez\"},\"url\":\"https:\/\/www.fiscalia.gov.co\/colombia\/author\/kloaiza\/\"}]}<\/script>\n<!-- \/ Yoast SEO plugin. -->","yoast_head_json":{"title":"Fiscal\u00eda General de la Naci\u00f3n","description":"P\u00e1gina oficial de la Fiscal\u00eda General de la Naci\u00f3n \u2013 Colombia. Garantizamos el acceso efectivo a la justicia, la verdad y la reparaci\u00f3n de las v\u00edctimas de los delitos.","robots":{"index":"noindex","follow":"follow"},"og_locale":"es_ES","og_type":"article","og_title":"Fiscal\u00eda General de la Naci\u00f3n","og_description":"P\u00e1gina oficial de la Fiscal\u00eda General de la Naci\u00f3n \u2013 Colombia. Garantizamos el acceso efectivo a la justicia, la verdad y la reparaci\u00f3n de las v\u00edctimas de los delitos.","og_url":"https:\/\/www.fiscalia.gov.co\/colombia\/noticias\/condenado-a-mas-de-9-anos-de-prision-por-su-participacion-en-un-crimen-en-pensilvania-caldas\/","og_site_name":"Fiscal\u00eda General de la Naci\u00f3n","article_publisher":"https:\/\/www.facebook.com\/FiscaliaCol","article_published_time":"2021-09-21T17:37:42+00:00","author":"Katherine Loaiza Mart\u00ednez","twitter_card":"summary_large_image","twitter_creator":"@FiscaliaCol","twitter_site":"@FiscaliaCol","twitter_misc":{"Escrito por":"Katherine Loaiza Mart\u00ednez","Tiempo de lectura":"2 minutos"},"schema":{"@context":"https:\/\/schema.org","@graph":[{"@type":"Article","@id":"https:\/\/www.fiscalia.gov.co\/colombia\/noticias\/condenado-a-mas-de-9-anos-de-prision-por-su-participacion-en-un-crimen-en-pensilvania-caldas\/#article","isPartOf":{"@id":"https:\/\/www.fiscalia.gov.co\/colombia\/noticias\/condenado-a-mas-de-9-anos-de-prision-por-su-participacion-en-un-crimen-en-pensilvania-caldas\/"},"author":{"name":"Katherine Loaiza Mart\u00ednez","@id":"https:\/\/www.fiscalia.gov.co\/colombia\/#\/schema\/person\/2e76b9aba5ecf875ed565ce4de0e0415"},"headline":"Condenado a m\u00e1s de 9 a\u00f1os de prisi\u00f3n por su participaci\u00f3n en un crimen en Pensilvania (Caldas)","datePublished":"2021-09-21T17:37:42+00:00","dateModified":"2021-09-21T17:37:42+00:00","mainEntityOfPage":{"@id":"https:\/\/www.fiscalia.gov.co\/colombia\/noticias\/condenado-a-mas-de-9-anos-de-prision-por-su-participacion-en-un-crimen-en-pensilvania-caldas\/"},"wordCount":343,"publisher":{"@id":"https:\/\/www.fiscalia.gov.co\/colombia\/#organization"},"keywords":["4 de agosto del 2017","alias El Gato","C\u00e9sar Augusto L\u00f3pez L\u00f3pez","Fiscal Francisco Barbosa Delgado","Fiscal\u00eda General de la Naci\u00f3n","homicidio agravado en concurso con uso de menores de edad para la comisi\u00f3n de delitos","Jhon Alejandro Cortes Tabares","nueve a\u00f1os","Pensilvania (Caldas)","sector de Los Tanques del barrio La Cruz de Pensilvania","un mes y seis d\u00edas de prisi\u00f3n"],"articleSection":["Noticias","Seccional Manizales","Seguridad territorial"],"inLanguage":"es-CO"},{"@type":"WebPage","@id":"https:\/\/www.fiscalia.gov.co\/colombia\/noticias\/condenado-a-mas-de-9-anos-de-prision-por-su-participacion-en-un-crimen-en-pensilvania-caldas\/","url":"https:\/\/www.fiscalia.gov.co\/colombia\/noticias\/condenado-a-mas-de-9-anos-de-prision-por-su-participacion-en-un-crimen-en-pensilvania-caldas\/","name":"Fiscal\u00eda General de la Naci\u00f3n","isPartOf":{"@id":"https:\/\/www.fiscalia.gov.co\/colombia\/#website"},"datePublished":"2021-09-21T17:37:42+00:00","dateModified":"2021-09-21T17:37:42+00:00","description":"P\u00e1gina oficial de la Fiscal\u00eda General de la Naci\u00f3n \u2013 Colombia. Garantizamos el acceso efectivo a la justicia, la verdad y la reparaci\u00f3n de las v\u00edctimas de los delitos.","breadcrumb":{"@id":"https:\/\/www.fiscalia.gov.co\/colombia\/noticias\/condenado-a-mas-de-9-anos-de-prision-por-su-participacion-en-un-crimen-en-pensilvania-caldas\/#breadcrumb"},"inLanguage":"es-CO","potentialAction":[{"@type":"ReadAction","target":["https:\/\/www.fiscalia.gov.co\/colombia\/noticias\/condenado-a-mas-de-9-anos-de-prision-por-su-participacion-en-un-crimen-en-pensilvania-caldas\/"]}]},{"@type":"BreadcrumbList","@id":"https:\/\/www.fiscalia.gov.co\/colombia\/noticias\/condenado-a-mas-de-9-anos-de-prision-por-su-participacion-en-un-crimen-en-pensilvania-caldas\/#breadcrumb","itemListElement":[{"@type":"ListItem","position":1,"name":"Home","item":"https:\/\/www.fiscalia.gov.co\/colombia\/"},{"@type":"ListItem","position":2,"name":"Condenado a m\u00e1s de 9 a\u00f1os de prisi\u00f3n por su participaci\u00f3n en un crimen en Pensilvania (Caldas)"}]},{"@type":"WebSite","@id":"https:\/\/www.fiscalia.gov.co\/colombia\/#website","url":"https:\/\/www.fiscalia.gov.co\/colombia\/","name":"Fiscal\u00eda General de la Naci\u00f3n","description":"P\u00e1gina oficial de la Fiscal\u00eda General de la Naci\u00f3n \u2013 Colombia. Garantizamos el acceso efectivo a la justicia, la verdad y la reparaci\u00f3n de las v\u00edctimas de los delitos.","publisher":{"@id":"https:\/\/www.fiscalia.gov.co\/colombia\/#organization"},"potentialAction":[{"@type":"SearchAction","target":{"@type":"EntryPoint","urlTemplate":"https:\/\/www.fiscalia.gov.co\/colombia\/?s={search_term_string}"},"query-input":{"@type":"PropertyValueSpecification","valueRequired":true,"valueName":"search_term_string"}}],"inLanguage":"es-CO"},{"@type":"Organization","@id":"https:\/\/www.fiscalia.gov.co\/colombia\/#organization","name":"Fiscal\u00eda General de la Naci\u00f3n","url":"https:\/\/www.fiscalia.gov.co\/colombia\/","logo":{"@type":"ImageObject","inLanguage":"es-CO","@id":"https:\/\/www.fiscalia.gov.co\/colombia\/#\/schema\/logo\/image\/","url":"https:\/\/www.fiscalia.gov.co\/colombia\/wp-content\/uploads\/LogoHorizontal_1.jpg","contentUrl":"https:\/\/www.fiscalia.gov.co\/colombia\/wp-content\/uploads\/LogoHorizontal_1.jpg","width":300,"height":90,"caption":"Fiscal\u00eda General de la Naci\u00f3n"},"image":{"@id":"https:\/\/www.fiscalia.gov.co\/colombia\/#\/schema\/logo\/image\/"},"sameAs":["https:\/\/www.facebook.com\/FiscaliaCol","https:\/\/x.com\/FiscaliaCol","https:\/\/www.instagram.com\/fiscaliacol","https:\/\/www.linkedin.com\/company\/fiscalia-general-de-la-naci-n\/","https:\/\/youtube.com\/@fiscaliageneraldelanacion-4668?si=6nN79nyQICPU5iTh"]},{"@type":"Person","@id":"https:\/\/www.fiscalia.gov.co\/colombia\/#\/schema\/person\/2e76b9aba5ecf875ed565ce4de0e0415","name":"Katherine Loaiza Mart\u00ednez","image":{"@type":"ImageObject","inLanguage":"es-CO","@id":"https:\/\/www.fiscalia.gov.co\/colombia\/#\/schema\/person\/image\/","url":"https:\/\/secure.gravatar.com\/avatar\/ab775a2f394c1b83b6d6f78680e57b50?s=96&d=mm&r=g","contentUrl":"https:\/\/secure.gravatar.com\/avatar\/ab775a2f394c1b83b6d6f78680e57b50?s=96&d=mm&r=g","caption":"Katherine Loaiza Mart\u00ednez"},"url":"https:\/\/www.fiscalia.gov.co\/colombia\/author\/kloaiza\/"}]}},"_links":{"self":[{"href":"https:\/\/www.fiscalia.gov.co\/colombia\/wp-json\/wp\/v2\/posts\/230329","targetHints":{"allow":["GET"]}}],"collection":[{"href":"https:\/\/www.fiscalia.gov.co\/colombia\/wp-json\/wp\/v2\/posts"}],"about":[{"href":"https:\/\/www.fiscalia.gov.co\/colombia\/wp-json\/wp\/v2\/types\/post"}],"author":[{"embeddable":true,"href":"https:\/\/www.fiscalia.gov.co\/colombia\/wp-json\/wp\/v2\/users\/175"}],"replies":[{"embeddable":true,"href":"https:\/\/www.fiscalia.gov.co\/colombia\/wp-json\/wp\/v2\/comments?post=230329"}],"version-history":[{"count":1,"href":"https:\/\/www.fiscalia.gov.co\/colombia\/wp-json\/wp\/v2\/posts\/230329\/revisions"}],"predecessor-version":[{"id":230330,"href":"https:\/\/www.fiscalia.gov.co\/colombia\/wp-json\/wp\/v2\/posts\/230329\/revisions\/230330"}],"wp:attachment":[{"href":"https:\/\/www.fiscalia.gov.co\/colombia\/wp-json\/wp\/v2\/media?parent=230329"}],"wp:term":[{"taxonomy":"category","embeddable":true,"href":"https:\/\/www.fiscalia.gov.co\/colombia\/wp-json\/wp\/v2\/categories?post=230329"},{"taxonomy":"post_tag","embeddable":true,"href":"https:\/\/www.fiscalia.gov.co\/colombia\/wp-json\/wp\/v2\/tags?post=230329"}],"curies":[{"name":"wp","href":"https:\/\/api.w.org\/{rel}","templated":true}]}}