{"id":230246,"date":"2021-09-20T15:39:38","date_gmt":"2021-09-20T20:39:38","guid":{"rendered":"https:\/\/www.fiscalia.gov.co\/colombia\/?p=230246"},"modified":"2021-09-20T15:39:38","modified_gmt":"2021-09-20T20:39:38","slug":"asegurado-en-centro-carcelario-presunto-integrante-de-la-estructura-delincuencial-la-septima-por-desmanes-presentados-en-cajamarca-tolima-en-medio-de-la-protesta-nacional","status":"publish","type":"post","link":"https:\/\/www.fiscalia.gov.co\/colombia\/noticias\/asegurado-en-centro-carcelario-presunto-integrante-de-la-estructura-delincuencial-la-septima-por-desmanes-presentados-en-cajamarca-tolima-en-medio-de-la-protesta-nacional\/","title":{"rendered":"Asegurado en centro carcelario presunto integrante de la estructura delincuencial La S\u00e9ptima por desmanes presentados en Cajamarca (Tolima) en medio de la protesta nacional"},"content":{"rendered":"<p style=\"font-weight: 400;\">Por los presuntos delitos de fabricaci\u00f3n, tr\u00e1fico y porte ilegal de armas de fuego, extorsi\u00f3n, constre\u00f1imiento ilegal, da\u00f1o en bien ajeno, perturbaci\u00f3n en servicio de transporte p\u00fablico colectivo u oficial y obstrucci\u00f3n de v\u00edas p\u00fablicas que afectan el orden p\u00fablico, la Fiscal\u00eda imput\u00f3 cargos y logr\u00f3 medida de aseguramiento restrictiva de la libertad en contra de Jhon Fredy Amaya Parra, integrante de la\u00a0<a href=\"http:\/\/xn--asegurado%20en%20centro%20carcelario%20presunto%20integrante%20de%20la%20estructura%20delincuencial%20la%20sptima%20por%20desmanes%20presentados%20en%20cajamarca%20%28tolima%29%20en%20medio%20de%20la%20protesta%20nacional-det\/\" data-saferedirecturl=\"https:\/\/www.google.com\/url?q=http:\/\/Asegurado%2520en%2520centro%2520carcelario%2520presunto%2520integrante%2520de%2520la%2520estructura%2520delincuencial%2520La%2520S%C3%A9ptima%2520por%2520desmanes%2520presentados%2520en%2520Cajamarca%2520(Tolima)%2520en%2520medio%2520de%2520la%2520protesta%2520nacional&amp;source=gmail&amp;ust=1632254470833000&amp;usg=AFQjCNFaQ5n3pn_iF3TLzXLtAx3z4L0BZQ\">organizaci\u00f3n delincuencial La S\u00e9ptima<\/a>.<\/p>\n<figure id=\"attachment_230247\" aria-describedby=\"caption-attachment-230247\" style=\"width: 1280px\" class=\"wp-caption aligncenter\"><img loading=\"lazy\" decoding=\"async\" class=\"size-full wp-image-230247\" src=\"https:\/\/www.fiscalia.gov.co\/colombia\/wp-content\/uploads\/la-septima-paro-nacional.jpeg\" alt=\"\" width=\"1280\" height=\"1182\" srcset=\"https:\/\/www.fiscalia.gov.co\/colombia\/wp-content\/uploads\/la-septima-paro-nacional.jpeg 1280w, https:\/\/www.fiscalia.gov.co\/colombia\/wp-content\/uploads\/la-septima-paro-nacional-300x277.jpeg 300w, https:\/\/www.fiscalia.gov.co\/colombia\/wp-content\/uploads\/la-septima-paro-nacional-1024x946.jpeg 1024w, https:\/\/www.fiscalia.gov.co\/colombia\/wp-content\/uploads\/la-septima-paro-nacional-768x709.jpeg 768w, https:\/\/www.fiscalia.gov.co\/colombia\/wp-content\/uploads\/la-septima-paro-nacional-696x643.jpeg 696w, https:\/\/www.fiscalia.gov.co\/colombia\/wp-content\/uploads\/la-septima-paro-nacional-1068x986.jpeg 1068w, https:\/\/www.fiscalia.gov.co\/colombia\/wp-content\/uploads\/la-septima-paro-nacional-455x420.jpeg 455w\" sizes=\"auto, (max-width: 1280px) 100vw, 1280px\" \/><figcaption id=\"caption-attachment-230247\" class=\"wp-caption-text\">La Fiscal\u00eda logr\u00f3 que le fuera impuesta medida de aseguramiento en establecimiento carcelario.<\/figcaption><\/figure>\n<p style=\"font-weight: 400;\">El hombre fue detenido al t\u00e9rmino de la semana pasada por miembros del Cuerpo T\u00e9cnico de Investigaci\u00f3n (CTI) de la Seccional Tolima, con el apoyo de la Polic\u00eda Nacional, por su presunta participaci\u00f3n en los des\u00f3rdenes y hechos vand\u00e1licos presentados el 28 de abril de este a\u00f1o,\u00a0en el punto de bloqueo de la\u00a0v\u00eda Panamericana Ibagu\u00e9 (Tolima) \u2013 Armenia (Quind\u00edo).<\/p>\n<p style=\"font-weight: 400;\">Dentro de los hechos enrostrados al procesado se encuentra el da\u00f1o al acueducto del municipio, ataques a la fuerza p\u00fablica en donde resultaron heridos varios uniformados, y vandalismo y hurto a establecimientos comerciales.<\/p>\n<p style=\"font-weight: 400;\">Cabe recordar que otros cuatro presuntos integrantes de La S\u00e9ptima fueron capturados el 5 de agosto mediante orden judicial y se encuentran ad portas de ser acusados formalmente por los mismos delitos.<\/p>\n<p style=\"font-weight: 400;\">La Fiscal\u00eda habla con resultados.<\/p>\n<p style=\"font-weight: 400;\">PAAM\/CFG\/GGM<\/p>\n\n<div class=\"twitter-share\"><a href=\"https:\/\/twitter.com\/intent\/tweet?via=fiscaliacol\" class=\"twitter-share-button\">Tweet<\/a><\/div>\n","protected":false},"excerpt":{"rendered":"<p>Por los presuntos delitos de fabricaci\u00f3n, tr\u00e1fico y porte ilegal de armas de fuego, extorsi\u00f3n, constre\u00f1imiento ilegal, da\u00f1o en bien ajeno, perturbaci\u00f3n en servicio de transporte p\u00fablico colectivo u oficial y obstrucci\u00f3n de v\u00edas p\u00fablicas que afectan el orden p\u00fablico, la Fiscal\u00eda imput\u00f3 cargos y logr\u00f3 medida de aseguramiento restrictiva de la libertad en contra [&hellip;]<\/p>\n","protected":false},"author":175,"featured_media":0,"comment_status":"closed","ping_status":"open","sticky":false,"template":"","format":"standard","meta":{"tdm_status":"","tdm_grid_status":"","footnotes":""},"categories":[1,329,24099],"tags":[26658,18758,14557,28785,26039,871,4140,24401,24189,1047,28789,28788,28787,28317,11101,27430,28786,28784],"class_list":{"0":"post-230246","1":"post","2":"type-post","3":"status-publish","4":"format-standard","6":"category-noticias","7":"category-seccional-ibague","8":"category-seguridad-territorial","9":"tag-cajamarca","10":"tag-constrenimiento-ilegal","11":"tag-dano-en-bien-ajeno","12":"tag-desordenes","13":"tag-eda","14":"tag-extorion","15":"tag-fabricacion","16":"tag-fiscal-barbosa-delgado","17":"tag-fiscal-francisco-barbosa-delgado","18":"tag-fiscalia-general-de-la-nacion","19":"tag-la-septima","20":"tag-obstruccion-de-vias-publicas-que-afectan-el-orden-publico","21":"tag-perturbacion-en-servicio-de-transporte-publico-colectivo-u-oficial","22":"tag-protesta-nacional","23":"tag-seguridad-ciudadana","24":"tag-tolima-seccional-tolima","25":"tag-trafico-y-porte-ilegal-de-armas-de-fuego","26":"tag-vandalismos"},"yoast_head":"<!-- This site is optimized with the Yoast SEO plugin v24.3 - https:\/\/yoast.com\/wordpress\/plugins\/seo\/ -->\n<title>Fiscal\u00eda General de la Naci\u00f3n<\/title>\n<meta name=\"description\" content=\"P\u00e1gina oficial de la Fiscal\u00eda General de la Naci\u00f3n \u2013 Colombia. Garantizamos el acceso efectivo a la justicia, la verdad y la reparaci\u00f3n de las v\u00edctimas de los delitos.\" \/>\n<meta name=\"robots\" content=\"noindex, follow\" \/>\n<meta property=\"og:locale\" content=\"es_ES\" \/>\n<meta property=\"og:type\" content=\"article\" \/>\n<meta property=\"og:title\" content=\"Fiscal\u00eda General de la Naci\u00f3n\" \/>\n<meta property=\"og:description\" content=\"P\u00e1gina oficial de la Fiscal\u00eda General de la Naci\u00f3n \u2013 Colombia. Garantizamos el acceso efectivo a la justicia, la verdad y la reparaci\u00f3n de las v\u00edctimas de los delitos.\" \/>\n<meta property=\"og:url\" content=\"https:\/\/www.fiscalia.gov.co\/colombia\/noticias\/asegurado-en-centro-carcelario-presunto-integrante-de-la-estructura-delincuencial-la-septima-por-desmanes-presentados-en-cajamarca-tolima-en-medio-de-la-protesta-nacional\/\" \/>\n<meta property=\"og:site_name\" content=\"Fiscal\u00eda General de la Naci\u00f3n\" \/>\n<meta property=\"article:publisher\" content=\"https:\/\/www.facebook.com\/FiscaliaCol\" \/>\n<meta property=\"article:published_time\" content=\"2021-09-20T20:39:38+00:00\" \/>\n<meta property=\"og:image\" content=\"https:\/\/www.fiscalia.gov.co\/colombia\/wp-content\/uploads\/la-septima-paro-nacional.jpeg\" \/>\n<meta name=\"author\" content=\"Katherine Loaiza Mart\u00ednez\" \/>\n<meta name=\"twitter:card\" content=\"summary_large_image\" \/>\n<meta name=\"twitter:creator\" content=\"@FiscaliaCol\" \/>\n<meta name=\"twitter:site\" content=\"@FiscaliaCol\" \/>\n<meta name=\"twitter:label1\" content=\"Escrito por\" \/>\n\t<meta name=\"twitter:data1\" content=\"Katherine Loaiza Mart\u00ednez\" \/>\n\t<meta name=\"twitter:label2\" content=\"Tiempo de lectura\" \/>\n\t<meta name=\"twitter:data2\" content=\"1 minuto\" \/>\n<script type=\"application\/ld+json\" class=\"yoast-schema-graph\">{\"@context\":\"https:\/\/schema.org\",\"@graph\":[{\"@type\":\"Article\",\"@id\":\"https:\/\/www.fiscalia.gov.co\/colombia\/noticias\/asegurado-en-centro-carcelario-presunto-integrante-de-la-estructura-delincuencial-la-septima-por-desmanes-presentados-en-cajamarca-tolima-en-medio-de-la-protesta-nacional\/#article\",\"isPartOf\":{\"@id\":\"https:\/\/www.fiscalia.gov.co\/colombia\/noticias\/asegurado-en-centro-carcelario-presunto-integrante-de-la-estructura-delincuencial-la-septima-por-desmanes-presentados-en-cajamarca-tolima-en-medio-de-la-protesta-nacional\/\"},\"author\":{\"name\":\"Katherine Loaiza Mart\u00ednez\",\"@id\":\"https:\/\/www.fiscalia.gov.co\/colombia\/#\/schema\/person\/2e76b9aba5ecf875ed565ce4de0e0415\"},\"headline\":\"Asegurado en centro carcelario presunto integrante de la estructura delincuencial La S\u00e9ptima por desmanes presentados en Cajamarca (Tolima) en medio de la protesta nacional\",\"datePublished\":\"2021-09-20T20:39:38+00:00\",\"dateModified\":\"2021-09-20T20:39:38+00:00\",\"mainEntityOfPage\":{\"@id\":\"https:\/\/www.fiscalia.gov.co\/colombia\/noticias\/asegurado-en-centro-carcelario-presunto-integrante-de-la-estructura-delincuencial-la-septima-por-desmanes-presentados-en-cajamarca-tolima-en-medio-de-la-protesta-nacional\/\"},\"wordCount\":272,\"publisher\":{\"@id\":\"https:\/\/www.fiscalia.gov.co\/colombia\/#organization\"},\"image\":{\"@id\":\"https:\/\/www.fiscalia.gov.co\/colombia\/noticias\/asegurado-en-centro-carcelario-presunto-integrante-de-la-estructura-delincuencial-la-septima-por-desmanes-presentados-en-cajamarca-tolima-en-medio-de-la-protesta-nacional\/#primaryimage\"},\"thumbnailUrl\":\"https:\/\/www.fiscalia.gov.co\/colombia\/wp-content\/uploads\/la-septima-paro-nacional.jpeg\",\"keywords\":[\"Cajamarca\",\"Constre\u00f1imiento ilegal\",\"Da\u00f1o en bien ajeno\",\"des\u00f3rdenes\",\"EDA\",\"Extorsi\u00f3n\",\"Fabricaci\u00f3n\",\"Fiscal Barbosa Delgado\",\"Fiscal Francisco Barbosa Delgado\",\"Fiscal\u00eda General de la Naci\u00f3n\",\"La S\u00e9ptima\",\"obstrucci\u00f3n de v\u00edas p\u00fablicas que afectan el orden p\u00fablico\",\"perturbaci\u00f3n en servicio de transporte p\u00fablico colectivo u oficial\",\"protesta nacional\",\"Seguridad ciudadana\",\"Tolima Seccional Tolima\",\"tr\u00e1fico y porte ilegal de armas de fuego\",\"vandalismos\"],\"articleSection\":[\"Noticias\",\"Seccional Ibagu\u00e9\",\"Seguridad territorial\"],\"inLanguage\":\"es-CO\"},{\"@type\":\"WebPage\",\"@id\":\"https:\/\/www.fiscalia.gov.co\/colombia\/noticias\/asegurado-en-centro-carcelario-presunto-integrante-de-la-estructura-delincuencial-la-septima-por-desmanes-presentados-en-cajamarca-tolima-en-medio-de-la-protesta-nacional\/\",\"url\":\"https:\/\/www.fiscalia.gov.co\/colombia\/noticias\/asegurado-en-centro-carcelario-presunto-integrante-de-la-estructura-delincuencial-la-septima-por-desmanes-presentados-en-cajamarca-tolima-en-medio-de-la-protesta-nacional\/\",\"name\":\"Fiscal\u00eda General de la Naci\u00f3n\",\"isPartOf\":{\"@id\":\"https:\/\/www.fiscalia.gov.co\/colombia\/#website\"},\"primaryImageOfPage\":{\"@id\":\"https:\/\/www.fiscalia.gov.co\/colombia\/noticias\/asegurado-en-centro-carcelario-presunto-integrante-de-la-estructura-delincuencial-la-septima-por-desmanes-presentados-en-cajamarca-tolima-en-medio-de-la-protesta-nacional\/#primaryimage\"},\"image\":{\"@id\":\"https:\/\/www.fiscalia.gov.co\/colombia\/noticias\/asegurado-en-centro-carcelario-presunto-integrante-de-la-estructura-delincuencial-la-septima-por-desmanes-presentados-en-cajamarca-tolima-en-medio-de-la-protesta-nacional\/#primaryimage\"},\"thumbnailUrl\":\"https:\/\/www.fiscalia.gov.co\/colombia\/wp-content\/uploads\/la-septima-paro-nacional.jpeg\",\"datePublished\":\"2021-09-20T20:39:38+00:00\",\"dateModified\":\"2021-09-20T20:39:38+00:00\",\"description\":\"P\u00e1gina oficial de la Fiscal\u00eda General de la Naci\u00f3n \u2013 Colombia. Garantizamos el acceso efectivo a la justicia, la verdad y la reparaci\u00f3n de las v\u00edctimas de los delitos.\",\"breadcrumb\":{\"@id\":\"https:\/\/www.fiscalia.gov.co\/colombia\/noticias\/asegurado-en-centro-carcelario-presunto-integrante-de-la-estructura-delincuencial-la-septima-por-desmanes-presentados-en-cajamarca-tolima-en-medio-de-la-protesta-nacional\/#breadcrumb\"},\"inLanguage\":\"es-CO\",\"potentialAction\":[{\"@type\":\"ReadAction\",\"target\":[\"https:\/\/www.fiscalia.gov.co\/colombia\/noticias\/asegurado-en-centro-carcelario-presunto-integrante-de-la-estructura-delincuencial-la-septima-por-desmanes-presentados-en-cajamarca-tolima-en-medio-de-la-protesta-nacional\/\"]}]},{\"@type\":\"ImageObject\",\"inLanguage\":\"es-CO\",\"@id\":\"https:\/\/www.fiscalia.gov.co\/colombia\/noticias\/asegurado-en-centro-carcelario-presunto-integrante-de-la-estructura-delincuencial-la-septima-por-desmanes-presentados-en-cajamarca-tolima-en-medio-de-la-protesta-nacional\/#primaryimage\",\"url\":\"https:\/\/www.fiscalia.gov.co\/colombia\/wp-content\/uploads\/la-septima-paro-nacional.jpeg\",\"contentUrl\":\"https:\/\/www.fiscalia.gov.co\/colombia\/wp-content\/uploads\/la-septima-paro-nacional.jpeg\",\"width\":1280,\"height\":1182,\"caption\":\"La Fiscal\u00eda logr\u00f3 que le fuera impuesta medida de aseguramiento en establecimiento carcelario.\"},{\"@type\":\"BreadcrumbList\",\"@id\":\"https:\/\/www.fiscalia.gov.co\/colombia\/noticias\/asegurado-en-centro-carcelario-presunto-integrante-de-la-estructura-delincuencial-la-septima-por-desmanes-presentados-en-cajamarca-tolima-en-medio-de-la-protesta-nacional\/#breadcrumb\",\"itemListElement\":[{\"@type\":\"ListItem\",\"position\":1,\"name\":\"Home\",\"item\":\"https:\/\/www.fiscalia.gov.co\/colombia\/\"},{\"@type\":\"ListItem\",\"position\":2,\"name\":\"Asegurado en centro carcelario presunto integrante de la estructura delincuencial La S\u00e9ptima por desmanes presentados en Cajamarca (Tolima) en medio de la protesta nacional\"}]},{\"@type\":\"WebSite\",\"@id\":\"https:\/\/www.fiscalia.gov.co\/colombia\/#website\",\"url\":\"https:\/\/www.fiscalia.gov.co\/colombia\/\",\"name\":\"Fiscal\u00eda General de la Naci\u00f3n\",\"description\":\"P\u00e1gina oficial de la Fiscal\u00eda General de la Naci\u00f3n \u2013 Colombia. Garantizamos el acceso efectivo a la justicia, la verdad y la reparaci\u00f3n de las v\u00edctimas de los delitos.\",\"publisher\":{\"@id\":\"https:\/\/www.fiscalia.gov.co\/colombia\/#organization\"},\"potentialAction\":[{\"@type\":\"SearchAction\",\"target\":{\"@type\":\"EntryPoint\",\"urlTemplate\":\"https:\/\/www.fiscalia.gov.co\/colombia\/?s={search_term_string}\"},\"query-input\":{\"@type\":\"PropertyValueSpecification\",\"valueRequired\":true,\"valueName\":\"search_term_string\"}}],\"inLanguage\":\"es-CO\"},{\"@type\":\"Organization\",\"@id\":\"https:\/\/www.fiscalia.gov.co\/colombia\/#organization\",\"name\":\"Fiscal\u00eda General de la Naci\u00f3n\",\"url\":\"https:\/\/www.fiscalia.gov.co\/colombia\/\",\"logo\":{\"@type\":\"ImageObject\",\"inLanguage\":\"es-CO\",\"@id\":\"https:\/\/www.fiscalia.gov.co\/colombia\/#\/schema\/logo\/image\/\",\"url\":\"https:\/\/www.fiscalia.gov.co\/colombia\/wp-content\/uploads\/LogoHorizontal_1.jpg\",\"contentUrl\":\"https:\/\/www.fiscalia.gov.co\/colombia\/wp-content\/uploads\/LogoHorizontal_1.jpg\",\"width\":300,\"height\":90,\"caption\":\"Fiscal\u00eda General de la Naci\u00f3n\"},\"image\":{\"@id\":\"https:\/\/www.fiscalia.gov.co\/colombia\/#\/schema\/logo\/image\/\"},\"sameAs\":[\"https:\/\/www.facebook.com\/FiscaliaCol\",\"https:\/\/x.com\/FiscaliaCol\",\"https:\/\/www.instagram.com\/fiscaliacol\",\"https:\/\/www.linkedin.com\/company\/fiscalia-general-de-la-naci-n\/\",\"https:\/\/youtube.com\/@fiscaliageneraldelanacion-4668?si=6nN79nyQICPU5iTh\"]},{\"@type\":\"Person\",\"@id\":\"https:\/\/www.fiscalia.gov.co\/colombia\/#\/schema\/person\/2e76b9aba5ecf875ed565ce4de0e0415\",\"name\":\"Katherine Loaiza Mart\u00ednez\",\"image\":{\"@type\":\"ImageObject\",\"inLanguage\":\"es-CO\",\"@id\":\"https:\/\/www.fiscalia.gov.co\/colombia\/#\/schema\/person\/image\/\",\"url\":\"https:\/\/secure.gravatar.com\/avatar\/ab775a2f394c1b83b6d6f78680e57b50?s=96&d=mm&r=g\",\"contentUrl\":\"https:\/\/secure.gravatar.com\/avatar\/ab775a2f394c1b83b6d6f78680e57b50?s=96&d=mm&r=g\",\"caption\":\"Katherine Loaiza Mart\u00ednez\"},\"url\":\"https:\/\/www.fiscalia.gov.co\/colombia\/author\/kloaiza\/\"}]}<\/script>\n<!-- \/ Yoast SEO plugin. -->","yoast_head_json":{"title":"Fiscal\u00eda General de la Naci\u00f3n","description":"P\u00e1gina oficial de la Fiscal\u00eda General de la Naci\u00f3n \u2013 Colombia. Garantizamos el acceso efectivo a la justicia, la verdad y la reparaci\u00f3n de las v\u00edctimas de los delitos.","robots":{"index":"noindex","follow":"follow"},"og_locale":"es_ES","og_type":"article","og_title":"Fiscal\u00eda General de la Naci\u00f3n","og_description":"P\u00e1gina oficial de la Fiscal\u00eda General de la Naci\u00f3n \u2013 Colombia. Garantizamos el acceso efectivo a la justicia, la verdad y la reparaci\u00f3n de las v\u00edctimas de los delitos.","og_url":"https:\/\/www.fiscalia.gov.co\/colombia\/noticias\/asegurado-en-centro-carcelario-presunto-integrante-de-la-estructura-delincuencial-la-septima-por-desmanes-presentados-en-cajamarca-tolima-en-medio-de-la-protesta-nacional\/","og_site_name":"Fiscal\u00eda General de la Naci\u00f3n","article_publisher":"https:\/\/www.facebook.com\/FiscaliaCol","article_published_time":"2021-09-20T20:39:38+00:00","og_image":[{"url":"https:\/\/www.fiscalia.gov.co\/colombia\/wp-content\/uploads\/la-septima-paro-nacional.jpeg","type":"","width":"","height":""}],"author":"Katherine Loaiza Mart\u00ednez","twitter_card":"summary_large_image","twitter_creator":"@FiscaliaCol","twitter_site":"@FiscaliaCol","twitter_misc":{"Escrito por":"Katherine Loaiza Mart\u00ednez","Tiempo de lectura":"1 minuto"},"schema":{"@context":"https:\/\/schema.org","@graph":[{"@type":"Article","@id":"https:\/\/www.fiscalia.gov.co\/colombia\/noticias\/asegurado-en-centro-carcelario-presunto-integrante-de-la-estructura-delincuencial-la-septima-por-desmanes-presentados-en-cajamarca-tolima-en-medio-de-la-protesta-nacional\/#article","isPartOf":{"@id":"https:\/\/www.fiscalia.gov.co\/colombia\/noticias\/asegurado-en-centro-carcelario-presunto-integrante-de-la-estructura-delincuencial-la-septima-por-desmanes-presentados-en-cajamarca-tolima-en-medio-de-la-protesta-nacional\/"},"author":{"name":"Katherine Loaiza Mart\u00ednez","@id":"https:\/\/www.fiscalia.gov.co\/colombia\/#\/schema\/person\/2e76b9aba5ecf875ed565ce4de0e0415"},"headline":"Asegurado en centro carcelario presunto integrante de la estructura delincuencial La S\u00e9ptima por desmanes presentados en Cajamarca (Tolima) en medio de la protesta nacional","datePublished":"2021-09-20T20:39:38+00:00","dateModified":"2021-09-20T20:39:38+00:00","mainEntityOfPage":{"@id":"https:\/\/www.fiscalia.gov.co\/colombia\/noticias\/asegurado-en-centro-carcelario-presunto-integrante-de-la-estructura-delincuencial-la-septima-por-desmanes-presentados-en-cajamarca-tolima-en-medio-de-la-protesta-nacional\/"},"wordCount":272,"publisher":{"@id":"https:\/\/www.fiscalia.gov.co\/colombia\/#organization"},"image":{"@id":"https:\/\/www.fiscalia.gov.co\/colombia\/noticias\/asegurado-en-centro-carcelario-presunto-integrante-de-la-estructura-delincuencial-la-septima-por-desmanes-presentados-en-cajamarca-tolima-en-medio-de-la-protesta-nacional\/#primaryimage"},"thumbnailUrl":"https:\/\/www.fiscalia.gov.co\/colombia\/wp-content\/uploads\/la-septima-paro-nacional.jpeg","keywords":["Cajamarca","Constre\u00f1imiento ilegal","Da\u00f1o en bien ajeno","des\u00f3rdenes","EDA","Extorsi\u00f3n","Fabricaci\u00f3n","Fiscal Barbosa Delgado","Fiscal Francisco Barbosa Delgado","Fiscal\u00eda General de la Naci\u00f3n","La S\u00e9ptima","obstrucci\u00f3n de v\u00edas p\u00fablicas que afectan el orden p\u00fablico","perturbaci\u00f3n en servicio de transporte p\u00fablico colectivo u oficial","protesta nacional","Seguridad ciudadana","Tolima Seccional Tolima","tr\u00e1fico y porte ilegal de armas de fuego","vandalismos"],"articleSection":["Noticias","Seccional Ibagu\u00e9","Seguridad territorial"],"inLanguage":"es-CO"},{"@type":"WebPage","@id":"https:\/\/www.fiscalia.gov.co\/colombia\/noticias\/asegurado-en-centro-carcelario-presunto-integrante-de-la-estructura-delincuencial-la-septima-por-desmanes-presentados-en-cajamarca-tolima-en-medio-de-la-protesta-nacional\/","url":"https:\/\/www.fiscalia.gov.co\/colombia\/noticias\/asegurado-en-centro-carcelario-presunto-integrante-de-la-estructura-delincuencial-la-septima-por-desmanes-presentados-en-cajamarca-tolima-en-medio-de-la-protesta-nacional\/","name":"Fiscal\u00eda General de la Naci\u00f3n","isPartOf":{"@id":"https:\/\/www.fiscalia.gov.co\/colombia\/#website"},"primaryImageOfPage":{"@id":"https:\/\/www.fiscalia.gov.co\/colombia\/noticias\/asegurado-en-centro-carcelario-presunto-integrante-de-la-estructura-delincuencial-la-septima-por-desmanes-presentados-en-cajamarca-tolima-en-medio-de-la-protesta-nacional\/#primaryimage"},"image":{"@id":"https:\/\/www.fiscalia.gov.co\/colombia\/noticias\/asegurado-en-centro-carcelario-presunto-integrante-de-la-estructura-delincuencial-la-septima-por-desmanes-presentados-en-cajamarca-tolima-en-medio-de-la-protesta-nacional\/#primaryimage"},"thumbnailUrl":"https:\/\/www.fiscalia.gov.co\/colombia\/wp-content\/uploads\/la-septima-paro-nacional.jpeg","datePublished":"2021-09-20T20:39:38+00:00","dateModified":"2021-09-20T20:39:38+00:00","description":"P\u00e1gina oficial de la Fiscal\u00eda General de la Naci\u00f3n \u2013 Colombia. Garantizamos el acceso efectivo a la justicia, la verdad y la reparaci\u00f3n de las v\u00edctimas de los delitos.","breadcrumb":{"@id":"https:\/\/www.fiscalia.gov.co\/colombia\/noticias\/asegurado-en-centro-carcelario-presunto-integrante-de-la-estructura-delincuencial-la-septima-por-desmanes-presentados-en-cajamarca-tolima-en-medio-de-la-protesta-nacional\/#breadcrumb"},"inLanguage":"es-CO","potentialAction":[{"@type":"ReadAction","target":["https:\/\/www.fiscalia.gov.co\/colombia\/noticias\/asegurado-en-centro-carcelario-presunto-integrante-de-la-estructura-delincuencial-la-septima-por-desmanes-presentados-en-cajamarca-tolima-en-medio-de-la-protesta-nacional\/"]}]},{"@type":"ImageObject","inLanguage":"es-CO","@id":"https:\/\/www.fiscalia.gov.co\/colombia\/noticias\/asegurado-en-centro-carcelario-presunto-integrante-de-la-estructura-delincuencial-la-septima-por-desmanes-presentados-en-cajamarca-tolima-en-medio-de-la-protesta-nacional\/#primaryimage","url":"https:\/\/www.fiscalia.gov.co\/colombia\/wp-content\/uploads\/la-septima-paro-nacional.jpeg","contentUrl":"https:\/\/www.fiscalia.gov.co\/colombia\/wp-content\/uploads\/la-septima-paro-nacional.jpeg","width":1280,"height":1182,"caption":"La Fiscal\u00eda logr\u00f3 que le fuera impuesta medida de aseguramiento en establecimiento carcelario."},{"@type":"BreadcrumbList","@id":"https:\/\/www.fiscalia.gov.co\/colombia\/noticias\/asegurado-en-centro-carcelario-presunto-integrante-de-la-estructura-delincuencial-la-septima-por-desmanes-presentados-en-cajamarca-tolima-en-medio-de-la-protesta-nacional\/#breadcrumb","itemListElement":[{"@type":"ListItem","position":1,"name":"Home","item":"https:\/\/www.fiscalia.gov.co\/colombia\/"},{"@type":"ListItem","position":2,"name":"Asegurado en centro carcelario presunto integrante de la estructura delincuencial La S\u00e9ptima por desmanes presentados en Cajamarca (Tolima) en medio de la protesta nacional"}]},{"@type":"WebSite","@id":"https:\/\/www.fiscalia.gov.co\/colombia\/#website","url":"https:\/\/www.fiscalia.gov.co\/colombia\/","name":"Fiscal\u00eda General de la Naci\u00f3n","description":"P\u00e1gina oficial de la Fiscal\u00eda General de la Naci\u00f3n \u2013 Colombia. Garantizamos el acceso efectivo a la justicia, la verdad y la reparaci\u00f3n de las v\u00edctimas de los delitos.","publisher":{"@id":"https:\/\/www.fiscalia.gov.co\/colombia\/#organization"},"potentialAction":[{"@type":"SearchAction","target":{"@type":"EntryPoint","urlTemplate":"https:\/\/www.fiscalia.gov.co\/colombia\/?s={search_term_string}"},"query-input":{"@type":"PropertyValueSpecification","valueRequired":true,"valueName":"search_term_string"}}],"inLanguage":"es-CO"},{"@type":"Organization","@id":"https:\/\/www.fiscalia.gov.co\/colombia\/#organization","name":"Fiscal\u00eda General de la Naci\u00f3n","url":"https:\/\/www.fiscalia.gov.co\/colombia\/","logo":{"@type":"ImageObject","inLanguage":"es-CO","@id":"https:\/\/www.fiscalia.gov.co\/colombia\/#\/schema\/logo\/image\/","url":"https:\/\/www.fiscalia.gov.co\/colombia\/wp-content\/uploads\/LogoHorizontal_1.jpg","contentUrl":"https:\/\/www.fiscalia.gov.co\/colombia\/wp-content\/uploads\/LogoHorizontal_1.jpg","width":300,"height":90,"caption":"Fiscal\u00eda General de la Naci\u00f3n"},"image":{"@id":"https:\/\/www.fiscalia.gov.co\/colombia\/#\/schema\/logo\/image\/"},"sameAs":["https:\/\/www.facebook.com\/FiscaliaCol","https:\/\/x.com\/FiscaliaCol","https:\/\/www.instagram.com\/fiscaliacol","https:\/\/www.linkedin.com\/company\/fiscalia-general-de-la-naci-n\/","https:\/\/youtube.com\/@fiscaliageneraldelanacion-4668?si=6nN79nyQICPU5iTh"]},{"@type":"Person","@id":"https:\/\/www.fiscalia.gov.co\/colombia\/#\/schema\/person\/2e76b9aba5ecf875ed565ce4de0e0415","name":"Katherine Loaiza Mart\u00ednez","image":{"@type":"ImageObject","inLanguage":"es-CO","@id":"https:\/\/www.fiscalia.gov.co\/colombia\/#\/schema\/person\/image\/","url":"https:\/\/secure.gravatar.com\/avatar\/ab775a2f394c1b83b6d6f78680e57b50?s=96&d=mm&r=g","contentUrl":"https:\/\/secure.gravatar.com\/avatar\/ab775a2f394c1b83b6d6f78680e57b50?s=96&d=mm&r=g","caption":"Katherine Loaiza Mart\u00ednez"},"url":"https:\/\/www.fiscalia.gov.co\/colombia\/author\/kloaiza\/"}]}},"_links":{"self":[{"href":"https:\/\/www.fiscalia.gov.co\/colombia\/wp-json\/wp\/v2\/posts\/230246","targetHints":{"allow":["GET"]}}],"collection":[{"href":"https:\/\/www.fiscalia.gov.co\/colombia\/wp-json\/wp\/v2\/posts"}],"about":[{"href":"https:\/\/www.fiscalia.gov.co\/colombia\/wp-json\/wp\/v2\/types\/post"}],"author":[{"embeddable":true,"href":"https:\/\/www.fiscalia.gov.co\/colombia\/wp-json\/wp\/v2\/users\/175"}],"replies":[{"embeddable":true,"href":"https:\/\/www.fiscalia.gov.co\/colombia\/wp-json\/wp\/v2\/comments?post=230246"}],"version-history":[{"count":1,"href":"https:\/\/www.fiscalia.gov.co\/colombia\/wp-json\/wp\/v2\/posts\/230246\/revisions"}],"predecessor-version":[{"id":230249,"href":"https:\/\/www.fiscalia.gov.co\/colombia\/wp-json\/wp\/v2\/posts\/230246\/revisions\/230249"}],"wp:attachment":[{"href":"https:\/\/www.fiscalia.gov.co\/colombia\/wp-json\/wp\/v2\/media?parent=230246"}],"wp:term":[{"taxonomy":"category","embeddable":true,"href":"https:\/\/www.fiscalia.gov.co\/colombia\/wp-json\/wp\/v2\/categories?post=230246"},{"taxonomy":"post_tag","embeddable":true,"href":"https:\/\/www.fiscalia.gov.co\/colombia\/wp-json\/wp\/v2\/tags?post=230246"}],"curies":[{"name":"wp","href":"https:\/\/api.w.org\/{rel}","templated":true}]}}