{"id":230113,"date":"2021-09-17T15:23:28","date_gmt":"2021-09-17T20:23:28","guid":{"rendered":"https:\/\/www.fiscalia.gov.co\/colombia\/?p=230113"},"modified":"2021-09-17T15:23:28","modified_gmt":"2021-09-17T20:23:28","slug":"fiscal-general-presento-positivo-balance-de-la-lucha-contra-las-estructuras-delincuenciales-en-norte-de-santander","status":"publish","type":"post","link":"https:\/\/www.fiscalia.gov.co\/colombia\/noticias\/fiscal-general-presento-positivo-balance-de-la-lucha-contra-las-estructuras-delincuenciales-en-norte-de-santander\/","title":{"rendered":"Fiscal General present\u00f3 positivo balance de la lucha contra las estructuras delincuenciales en Norte de Santander\u00a0"},"content":{"rendered":"<h4><strong><em>Este a\u00f1o se ha logrado una efectividad del 95% en la imposici\u00f3n de medidas de aseguramiento contra presuntos integrantes de estas redes delictivas, pues de los 186 capturados, 177 recibieron medidas de aseguramiento privativas de la libertad.\u00a0<\/em><\/strong><\/h4>\n<p><em>\u00a0<\/em><\/p>\n<p>En C\u00facuta, el Fiscal General de la Naci\u00f3n, Francisco Barbosa Delgado, acompa\u00f1ado de la Vicefiscal Martha Yaneth Mancera y el director seccional Norte de Santander, Daniel Tapias Ocampo; dio a conocer los resultados de acciones investigativas desarrolladas en el departamento y que han permitido contrarrestar los delitos que m\u00e1s afectan la seguridad ciudadana.<\/p>\n<p>Al respecto, dio a conocer que, en lo corrido del a\u00f1o, la Seccional Norte de Santander ha logrado la desarticulaci\u00f3n de\u00a0<strong>34 estructuras delincuenciales<\/strong>, lo que equivale al 60% de las bandas que tienen injerencia en la regi\u00f3n, a las cuales se les atribuye la comisi\u00f3n de homicidios, hurtos, extorsiones y el tr\u00e1fico de estupefacientes, tanto local como transnacional.<\/p>\n<p>El ente acusador ha judicializado a 186 de los presuntos integrantes de estas redes delictivas, de los cuales\u00a0<strong>177 recibieron medidas de aseguramiento<\/strong>\u00a0privativas de la libertad. El Fiscal General se\u00f1al\u00f3 que \u201cEs muy importante este resultado, pues se logr\u00f3 el 95% de efectividad en las medidas, dado el trabajo t\u00e9cnico minucioso de la Fiscal\u00eda en las investigaciones\u201d.<\/p>\n<p>Algunos de los procesados, detenidos por el CTI, la Polic\u00eda y el Ej\u00e9rcito Nacional, al parecer pertenec\u00edan a grupos armados organizados con injerencia en el departamento como las disidencias de las Farc, Los Pelusos, ELN- Compa\u00f1\u00eda H\u00e9roes del Catatumbo, el Clan del Golfo y Los Rastrojos.<\/p>\n<p>Asimismo, se han incautado 1.233 kilogramos de marihuana y 1.534 kilogramos de coca\u00edna, en el marco de las diligencias adelantadas para combatir el microtr\u00e1fico, impactando esta fuente de financiaci\u00f3n de las organizaciones delincuenciales.<\/p>\n<p>Dentro de los grupos delincuenciales impactados se destacan los siguientes:<\/p>\n<p>&nbsp;<\/p>\n<p><strong>Clan del Golfo \u2013 captura de alias Fabi\u00e1n\u00a0<\/strong><\/p>\n<p>En las \u00faltimas horas, en el corregimiento Buena Esperanza de C\u00facuta, se logr\u00f3 la captura en flagrancia, por porte ilegal de armas, de alias Fabi\u00e1n, presunto cabecilla principal de la subestructura Luis Orlando Padierna Pe\u00f1a del grupo armado Clan del Golfo, con presencia en Norte de Santander.<\/p>\n<figure id=\"attachment_230116\" aria-describedby=\"caption-attachment-230116\" style=\"width: 997px\" class=\"wp-caption aligncenter\"><img loading=\"lazy\" decoding=\"async\" class=\"size-full wp-image-230116\" src=\"https:\/\/www.fiscalia.gov.co\/colombia\/wp-content\/uploads\/WhatsApp-Image-2021-09-17-at-3.04.50-PM-1.jpeg\" alt=\"\" width=\"997\" height=\"795\" srcset=\"https:\/\/www.fiscalia.gov.co\/colombia\/wp-content\/uploads\/WhatsApp-Image-2021-09-17-at-3.04.50-PM-1.jpeg 997w, https:\/\/www.fiscalia.gov.co\/colombia\/wp-content\/uploads\/WhatsApp-Image-2021-09-17-at-3.04.50-PM-1-300x239.jpeg 300w, https:\/\/www.fiscalia.gov.co\/colombia\/wp-content\/uploads\/WhatsApp-Image-2021-09-17-at-3.04.50-PM-1-768x612.jpeg 768w, https:\/\/www.fiscalia.gov.co\/colombia\/wp-content\/uploads\/WhatsApp-Image-2021-09-17-at-3.04.50-PM-1-696x555.jpeg 696w, https:\/\/www.fiscalia.gov.co\/colombia\/wp-content\/uploads\/WhatsApp-Image-2021-09-17-at-3.04.50-PM-1-527x420.jpeg 527w\" sizes=\"auto, (max-width: 997px) 100vw, 997px\" \/><figcaption id=\"caption-attachment-230116\" class=\"wp-caption-text\">Captura de alias Fabi\u00e1n, presunto cabecilla de la subestructura Luis Orlando Padierna Pe\u00f1a del Clan del Golfo en Norte de Santander.<\/figcaption><\/figure>\n<p>De acuerdo con las indagaciones, alias Fabi\u00e1n tendr\u00eda una trayectoria criminal de m\u00e1s de 15 a\u00f1os, pues habr\u00eda pertenecido al extinto Bloque Calima de las Autodefensas Unidas de Colombia (AUC) en Valle del Cauca y al Clan \u00dasuga.<\/p>\n<p>Ante un juez de control de garant\u00edas la Fiscal\u00eda le imputar\u00e1 cargos por fabricaci\u00f3n, tr\u00e1fico o porte de armas de fuego y otros delitos.<\/p>\n<p><strong>Los del Burro\u00a0<\/strong><\/p>\n<p>La Fiscal\u00eda judicializ\u00f3 a 13 presuntos integrantes\u00a0de la banda delincuencial Los del Burro, quienes\u00a0estar\u00edan implicados en varios\u00a0<a href=\"https:\/\/www.fiscalia.gov.co\/colombia\/crimen-organizado\/fiscalia-impacto-a-las-redes-de-homicidios-secuestros-y-extorsiones-de-alias-gentil-duarte\/\">homicidios<\/a>, ocurridos entre 2020 y 2021.<\/p>\n<figure id=\"attachment_230114\" aria-describedby=\"caption-attachment-230114\" style=\"width: 421px\" class=\"wp-caption aligncenter\"><img loading=\"lazy\" decoding=\"async\" class=\"size-full wp-image-230114\" src=\"https:\/\/www.fiscalia.gov.co\/colombia\/wp-content\/uploads\/WhatsApp-Image-2021-09-17-at-3.04.51-PM.jpeg\" alt=\"\" width=\"421\" height=\"315\" srcset=\"https:\/\/www.fiscalia.gov.co\/colombia\/wp-content\/uploads\/WhatsApp-Image-2021-09-17-at-3.04.51-PM.jpeg 421w, https:\/\/www.fiscalia.gov.co\/colombia\/wp-content\/uploads\/WhatsApp-Image-2021-09-17-at-3.04.51-PM-300x224.jpeg 300w, https:\/\/www.fiscalia.gov.co\/colombia\/wp-content\/uploads\/WhatsApp-Image-2021-09-17-at-3.04.51-PM-80x60.jpeg 80w, https:\/\/www.fiscalia.gov.co\/colombia\/wp-content\/uploads\/WhatsApp-Image-2021-09-17-at-3.04.51-PM-265x198.jpeg 265w\" sizes=\"auto, (max-width: 421px) 100vw, 421px\" \/><figcaption id=\"caption-attachment-230114\" class=\"wp-caption-text\">Banda delincuencial Los del Burro, ser\u00eda la responsable de varios homicidios ocurridos entre 2020 y 2021 en el departamento.<\/figcaption><\/figure>\n<p>De acuerdo con el material probatorio obtenido, la Fiscal\u00eda evidenci\u00f3 que el grupo delinqu\u00eda en C\u00facuta (Norte de Santander) y su zona metropolitana,\u00a0ejecutando homicidios por el control del expendio de\u00a0<a href=\"https:\/\/www.fiscalia.gov.co\/colombia\/seccionales\/condenados-ocho-integrantes-de-los-buenaventurenos-por-homicidios-trafico-de-estupefacientes-y-otros-delitos-en-cali\/\">sustancias estupefacientes<\/a>.<\/p>\n<p>Entre los detenidos se encuentra\u00a0Yeison\u00a0Andr\u00e9s Severiche Mart\u00ednez, alias Yeison o el Gato, presunto cabecilla la banda, quien al parecer era el encargado de coordinar las acciones delictivas.<\/p>\n<p><strong>Los Buques<\/strong><strong>\u00a0<\/strong><\/p>\n<p>Con la captura de 8 de sus presuntos integrante se logr\u00f3 la desarticulaci\u00f3n del grupo de delincuencia com\u00fan denominado Los Buques, con presencia injerencia especialmente en las comunas 6, 7 y 9 de C\u00facuta.<\/p>\n<figure id=\"attachment_230115\" aria-describedby=\"caption-attachment-230115\" style=\"width: 589px\" class=\"wp-caption aligncenter\"><img loading=\"lazy\" decoding=\"async\" class=\"size-full wp-image-230115\" src=\"https:\/\/www.fiscalia.gov.co\/colombia\/wp-content\/uploads\/Los-buques-hurto-C\u00facuta.jpg\" alt=\"\" width=\"589\" height=\"295\" srcset=\"https:\/\/www.fiscalia.gov.co\/colombia\/wp-content\/uploads\/Los-buques-hurto-C\u00facuta.jpg 589w, https:\/\/www.fiscalia.gov.co\/colombia\/wp-content\/uploads\/Los-buques-hurto-C\u00facuta-300x150.jpg 300w\" sizes=\"auto, (max-width: 589px) 100vw, 589px\" \/><figcaption id=\"caption-attachment-230115\" class=\"wp-caption-text\">Presuntos integrantes del grupo delincuencial Los Buques.<\/figcaption><\/figure>\n<p>Los hoy procesados supuestamente usaban armas de fuego para intimidar a sus\u00a0<a href=\"https:\/\/www.fiscalia.gov.co\/colombia\/seccionales\/impactada-estructura-delincuencial-los-autolicos-por-hurto-a-personas-y-residencias-en-ibague-tolima\/\">v\u00edctimas<\/a>y despojarlas de sus elementos personales.<\/p>\n<p>Esta informaci\u00f3n se publica por razones de inter\u00e9s general.<\/p>\n<p><strong>La Fiscal\u00eda General de la Naci\u00f3n habla con resultados.<\/strong><strong>\u00a0<\/strong><\/p>\n<p>MPHA\/DLBM\/DATO<\/p>\n<p>&nbsp;<\/p>\n\n<div class=\"twitter-share\"><a href=\"https:\/\/twitter.com\/intent\/tweet?via=fiscaliacol\" class=\"twitter-share-button\">Tweet<\/a><\/div>\n","protected":false},"excerpt":{"rendered":"<p>Este a\u00f1o se ha logrado una efectividad del 95% en la imposici\u00f3n de medidas de aseguramiento contra presuntos integrantes de estas redes delictivas, pues de los 186 capturados, 177 recibieron [&hellip;]<\/p>\n","protected":false},"author":175,"featured_media":0,"comment_status":"closed","ping_status":"open","sticky":false,"template":"","format":"video","meta":{"tdm_status":"","tdm_grid_status":"","footnotes":""},"categories":[25128,24096,1],"tags":[24189],"class_list":["post-230113","post","type-post","status-publish","format-video","category-el-fiscal-en-los-territorios","category-fiscal-general-de-la-nacion","category-noticias","tag-fiscal-francisco-barbosa-delgado","post_format-post-format-video"],"yoast_head":"<!-- This site is optimized with the Yoast SEO plugin v24.3 - https:\/\/yoast.com\/wordpress\/plugins\/seo\/ -->\n<title>Fiscal\u00eda General de la Naci\u00f3n<\/title>\n<meta name=\"description\" content=\"P\u00e1gina oficial de la Fiscal\u00eda General de la Naci\u00f3n \u2013 Colombia. Garantizamos el acceso efectivo a la justicia, la verdad y la reparaci\u00f3n de las v\u00edctimas de los delitos.\" \/>\n<meta name=\"robots\" content=\"noindex, follow\" \/>\n<meta property=\"og:locale\" content=\"es_ES\" \/>\n<meta property=\"og:type\" content=\"article\" \/>\n<meta property=\"og:title\" content=\"Fiscal\u00eda General de la Naci\u00f3n\" \/>\n<meta property=\"og:description\" content=\"P\u00e1gina oficial de la Fiscal\u00eda General de la Naci\u00f3n \u2013 Colombia. Garantizamos el acceso efectivo a la justicia, la verdad y la reparaci\u00f3n de las v\u00edctimas de los delitos.\" \/>\n<meta property=\"og:url\" content=\"https:\/\/www.fiscalia.gov.co\/colombia\/noticias\/fiscal-general-presento-positivo-balance-de-la-lucha-contra-las-estructuras-delincuenciales-en-norte-de-santander\/\" \/>\n<meta property=\"og:site_name\" content=\"Fiscal\u00eda General de la Naci\u00f3n\" \/>\n<meta property=\"article:publisher\" content=\"https:\/\/www.facebook.com\/FiscaliaCol\" \/>\n<meta property=\"article:published_time\" content=\"2021-09-17T20:23:28+00:00\" \/>\n<meta property=\"og:image\" content=\"https:\/\/www.fiscalia.gov.co\/colombia\/wp-content\/uploads\/WhatsApp-Image-2021-09-17-at-3.04.50-PM-1.jpeg\" \/>\n<meta name=\"author\" content=\"Katherine Loaiza Mart\u00ednez\" \/>\n<meta name=\"twitter:card\" content=\"summary_large_image\" \/>\n<meta name=\"twitter:creator\" content=\"@FiscaliaCol\" \/>\n<meta name=\"twitter:site\" content=\"@FiscaliaCol\" \/>\n<meta name=\"twitter:label1\" content=\"Escrito por\" \/>\n\t<meta name=\"twitter:data1\" content=\"Katherine Loaiza Mart\u00ednez\" \/>\n\t<meta name=\"twitter:label2\" content=\"Tiempo de lectura\" \/>\n\t<meta name=\"twitter:data2\" content=\"3 minutos\" \/>\n<script type=\"application\/ld+json\" class=\"yoast-schema-graph\">{\"@context\":\"https:\/\/schema.org\",\"@graph\":[{\"@type\":\"Article\",\"@id\":\"https:\/\/www.fiscalia.gov.co\/colombia\/noticias\/fiscal-general-presento-positivo-balance-de-la-lucha-contra-las-estructuras-delincuenciales-en-norte-de-santander\/#article\",\"isPartOf\":{\"@id\":\"https:\/\/www.fiscalia.gov.co\/colombia\/noticias\/fiscal-general-presento-positivo-balance-de-la-lucha-contra-las-estructuras-delincuenciales-en-norte-de-santander\/\"},\"author\":{\"name\":\"Katherine Loaiza Mart\u00ednez\",\"@id\":\"https:\/\/www.fiscalia.gov.co\/colombia\/#\/schema\/person\/2e76b9aba5ecf875ed565ce4de0e0415\"},\"headline\":\"Fiscal General present\u00f3 positivo balance de la lucha contra las estructuras delincuenciales en Norte de Santander\u00a0\",\"datePublished\":\"2021-09-17T20:23:28+00:00\",\"dateModified\":\"2021-09-17T20:23:28+00:00\",\"mainEntityOfPage\":{\"@id\":\"https:\/\/www.fiscalia.gov.co\/colombia\/noticias\/fiscal-general-presento-positivo-balance-de-la-lucha-contra-las-estructuras-delincuenciales-en-norte-de-santander\/\"},\"wordCount\":696,\"publisher\":{\"@id\":\"https:\/\/www.fiscalia.gov.co\/colombia\/#organization\"},\"image\":{\"@id\":\"https:\/\/www.fiscalia.gov.co\/colombia\/noticias\/fiscal-general-presento-positivo-balance-de-la-lucha-contra-las-estructuras-delincuenciales-en-norte-de-santander\/#primaryimage\"},\"thumbnailUrl\":\"https:\/\/www.fiscalia.gov.co\/colombia\/wp-content\/uploads\/WhatsApp-Image-2021-09-17-at-3.04.50-PM-1.jpeg\",\"keywords\":[\"Fiscal Francisco Barbosa Delgado\"],\"articleSection\":[\"El Fiscal en los territorios\",\"Fiscal General de la Naci\u00f3n\",\"Noticias\"],\"inLanguage\":\"es-CO\"},{\"@type\":\"WebPage\",\"@id\":\"https:\/\/www.fiscalia.gov.co\/colombia\/noticias\/fiscal-general-presento-positivo-balance-de-la-lucha-contra-las-estructuras-delincuenciales-en-norte-de-santander\/\",\"url\":\"https:\/\/www.fiscalia.gov.co\/colombia\/noticias\/fiscal-general-presento-positivo-balance-de-la-lucha-contra-las-estructuras-delincuenciales-en-norte-de-santander\/\",\"name\":\"Fiscal\u00eda General de la Naci\u00f3n\",\"isPartOf\":{\"@id\":\"https:\/\/www.fiscalia.gov.co\/colombia\/#website\"},\"primaryImageOfPage\":{\"@id\":\"https:\/\/www.fiscalia.gov.co\/colombia\/noticias\/fiscal-general-presento-positivo-balance-de-la-lucha-contra-las-estructuras-delincuenciales-en-norte-de-santander\/#primaryimage\"},\"image\":{\"@id\":\"https:\/\/www.fiscalia.gov.co\/colombia\/noticias\/fiscal-general-presento-positivo-balance-de-la-lucha-contra-las-estructuras-delincuenciales-en-norte-de-santander\/#primaryimage\"},\"thumbnailUrl\":\"https:\/\/www.fiscalia.gov.co\/colombia\/wp-content\/uploads\/WhatsApp-Image-2021-09-17-at-3.04.50-PM-1.jpeg\",\"datePublished\":\"2021-09-17T20:23:28+00:00\",\"dateModified\":\"2021-09-17T20:23:28+00:00\",\"description\":\"P\u00e1gina oficial de la Fiscal\u00eda General de la Naci\u00f3n \u2013 Colombia. Garantizamos el acceso efectivo a la justicia, la verdad y la reparaci\u00f3n de las v\u00edctimas de los delitos.\",\"breadcrumb\":{\"@id\":\"https:\/\/www.fiscalia.gov.co\/colombia\/noticias\/fiscal-general-presento-positivo-balance-de-la-lucha-contra-las-estructuras-delincuenciales-en-norte-de-santander\/#breadcrumb\"},\"inLanguage\":\"es-CO\",\"potentialAction\":[{\"@type\":\"ReadAction\",\"target\":[\"https:\/\/www.fiscalia.gov.co\/colombia\/noticias\/fiscal-general-presento-positivo-balance-de-la-lucha-contra-las-estructuras-delincuenciales-en-norte-de-santander\/\"]}]},{\"@type\":\"ImageObject\",\"inLanguage\":\"es-CO\",\"@id\":\"https:\/\/www.fiscalia.gov.co\/colombia\/noticias\/fiscal-general-presento-positivo-balance-de-la-lucha-contra-las-estructuras-delincuenciales-en-norte-de-santander\/#primaryimage\",\"url\":\"https:\/\/www.fiscalia.gov.co\/colombia\/wp-content\/uploads\/WhatsApp-Image-2021-09-17-at-3.04.50-PM-1.jpeg\",\"contentUrl\":\"https:\/\/www.fiscalia.gov.co\/colombia\/wp-content\/uploads\/WhatsApp-Image-2021-09-17-at-3.04.50-PM-1.jpeg\",\"width\":997,\"height\":795,\"caption\":\"Captura de alias Fabi\u00e1n, presunto cabecilla de la subestructura Luis Orlando Padierna Pe\u00f1a del Clan del Golfo en Norte de Santander.\"},{\"@type\":\"BreadcrumbList\",\"@id\":\"https:\/\/www.fiscalia.gov.co\/colombia\/noticias\/fiscal-general-presento-positivo-balance-de-la-lucha-contra-las-estructuras-delincuenciales-en-norte-de-santander\/#breadcrumb\",\"itemListElement\":[{\"@type\":\"ListItem\",\"position\":1,\"name\":\"Home\",\"item\":\"https:\/\/www.fiscalia.gov.co\/colombia\/\"},{\"@type\":\"ListItem\",\"position\":2,\"name\":\"Fiscal General present\u00f3 positivo balance de la lucha contra las estructuras delincuenciales en Norte de Santander\u00a0\"}]},{\"@type\":\"WebSite\",\"@id\":\"https:\/\/www.fiscalia.gov.co\/colombia\/#website\",\"url\":\"https:\/\/www.fiscalia.gov.co\/colombia\/\",\"name\":\"Fiscal\u00eda General de la Naci\u00f3n\",\"description\":\"P\u00e1gina oficial de la Fiscal\u00eda General de la Naci\u00f3n \u2013 Colombia. Garantizamos el acceso efectivo a la justicia, la verdad y la reparaci\u00f3n de las v\u00edctimas de los delitos.\",\"publisher\":{\"@id\":\"https:\/\/www.fiscalia.gov.co\/colombia\/#organization\"},\"potentialAction\":[{\"@type\":\"SearchAction\",\"target\":{\"@type\":\"EntryPoint\",\"urlTemplate\":\"https:\/\/www.fiscalia.gov.co\/colombia\/?s={search_term_string}\"},\"query-input\":{\"@type\":\"PropertyValueSpecification\",\"valueRequired\":true,\"valueName\":\"search_term_string\"}}],\"inLanguage\":\"es-CO\"},{\"@type\":\"Organization\",\"@id\":\"https:\/\/www.fiscalia.gov.co\/colombia\/#organization\",\"name\":\"Fiscal\u00eda General de la Naci\u00f3n\",\"url\":\"https:\/\/www.fiscalia.gov.co\/colombia\/\",\"logo\":{\"@type\":\"ImageObject\",\"inLanguage\":\"es-CO\",\"@id\":\"https:\/\/www.fiscalia.gov.co\/colombia\/#\/schema\/logo\/image\/\",\"url\":\"https:\/\/www.fiscalia.gov.co\/colombia\/wp-content\/uploads\/LogoHorizontal_1.jpg\",\"contentUrl\":\"https:\/\/www.fiscalia.gov.co\/colombia\/wp-content\/uploads\/LogoHorizontal_1.jpg\",\"width\":300,\"height\":90,\"caption\":\"Fiscal\u00eda General de la Naci\u00f3n\"},\"image\":{\"@id\":\"https:\/\/www.fiscalia.gov.co\/colombia\/#\/schema\/logo\/image\/\"},\"sameAs\":[\"https:\/\/www.facebook.com\/FiscaliaCol\",\"https:\/\/x.com\/FiscaliaCol\",\"https:\/\/www.instagram.com\/fiscaliacol\",\"https:\/\/www.linkedin.com\/company\/fiscalia-general-de-la-naci-n\/\",\"https:\/\/youtube.com\/@fiscaliageneraldelanacion-4668?si=6nN79nyQICPU5iTh\"]},{\"@type\":\"Person\",\"@id\":\"https:\/\/www.fiscalia.gov.co\/colombia\/#\/schema\/person\/2e76b9aba5ecf875ed565ce4de0e0415\",\"name\":\"Katherine Loaiza Mart\u00ednez\",\"image\":{\"@type\":\"ImageObject\",\"inLanguage\":\"es-CO\",\"@id\":\"https:\/\/www.fiscalia.gov.co\/colombia\/#\/schema\/person\/image\/\",\"url\":\"https:\/\/secure.gravatar.com\/avatar\/ab775a2f394c1b83b6d6f78680e57b50?s=96&d=mm&r=g\",\"contentUrl\":\"https:\/\/secure.gravatar.com\/avatar\/ab775a2f394c1b83b6d6f78680e57b50?s=96&d=mm&r=g\",\"caption\":\"Katherine Loaiza Mart\u00ednez\"},\"url\":\"https:\/\/www.fiscalia.gov.co\/colombia\/author\/kloaiza\/\"}]}<\/script>\n<!-- \/ Yoast SEO plugin. -->","yoast_head_json":{"title":"Fiscal\u00eda General de la Naci\u00f3n","description":"P\u00e1gina oficial de la Fiscal\u00eda General de la Naci\u00f3n \u2013 Colombia. Garantizamos el acceso efectivo a la justicia, la verdad y la reparaci\u00f3n de las v\u00edctimas de los delitos.","robots":{"index":"noindex","follow":"follow"},"og_locale":"es_ES","og_type":"article","og_title":"Fiscal\u00eda General de la Naci\u00f3n","og_description":"P\u00e1gina oficial de la Fiscal\u00eda General de la Naci\u00f3n \u2013 Colombia. Garantizamos el acceso efectivo a la justicia, la verdad y la reparaci\u00f3n de las v\u00edctimas de los delitos.","og_url":"https:\/\/www.fiscalia.gov.co\/colombia\/noticias\/fiscal-general-presento-positivo-balance-de-la-lucha-contra-las-estructuras-delincuenciales-en-norte-de-santander\/","og_site_name":"Fiscal\u00eda General de la Naci\u00f3n","article_publisher":"https:\/\/www.facebook.com\/FiscaliaCol","article_published_time":"2021-09-17T20:23:28+00:00","og_image":[{"url":"https:\/\/www.fiscalia.gov.co\/colombia\/wp-content\/uploads\/WhatsApp-Image-2021-09-17-at-3.04.50-PM-1.jpeg","type":"","width":"","height":""}],"author":"Katherine Loaiza Mart\u00ednez","twitter_card":"summary_large_image","twitter_creator":"@FiscaliaCol","twitter_site":"@FiscaliaCol","twitter_misc":{"Escrito por":"Katherine Loaiza Mart\u00ednez","Tiempo de lectura":"3 minutos"},"schema":{"@context":"https:\/\/schema.org","@graph":[{"@type":"Article","@id":"https:\/\/www.fiscalia.gov.co\/colombia\/noticias\/fiscal-general-presento-positivo-balance-de-la-lucha-contra-las-estructuras-delincuenciales-en-norte-de-santander\/#article","isPartOf":{"@id":"https:\/\/www.fiscalia.gov.co\/colombia\/noticias\/fiscal-general-presento-positivo-balance-de-la-lucha-contra-las-estructuras-delincuenciales-en-norte-de-santander\/"},"author":{"name":"Katherine Loaiza Mart\u00ednez","@id":"https:\/\/www.fiscalia.gov.co\/colombia\/#\/schema\/person\/2e76b9aba5ecf875ed565ce4de0e0415"},"headline":"Fiscal General present\u00f3 positivo balance de la lucha contra las estructuras delincuenciales en Norte de Santander\u00a0","datePublished":"2021-09-17T20:23:28+00:00","dateModified":"2021-09-17T20:23:28+00:00","mainEntityOfPage":{"@id":"https:\/\/www.fiscalia.gov.co\/colombia\/noticias\/fiscal-general-presento-positivo-balance-de-la-lucha-contra-las-estructuras-delincuenciales-en-norte-de-santander\/"},"wordCount":696,"publisher":{"@id":"https:\/\/www.fiscalia.gov.co\/colombia\/#organization"},"image":{"@id":"https:\/\/www.fiscalia.gov.co\/colombia\/noticias\/fiscal-general-presento-positivo-balance-de-la-lucha-contra-las-estructuras-delincuenciales-en-norte-de-santander\/#primaryimage"},"thumbnailUrl":"https:\/\/www.fiscalia.gov.co\/colombia\/wp-content\/uploads\/WhatsApp-Image-2021-09-17-at-3.04.50-PM-1.jpeg","keywords":["Fiscal Francisco Barbosa Delgado"],"articleSection":["El Fiscal en los territorios","Fiscal General de la Naci\u00f3n","Noticias"],"inLanguage":"es-CO"},{"@type":"WebPage","@id":"https:\/\/www.fiscalia.gov.co\/colombia\/noticias\/fiscal-general-presento-positivo-balance-de-la-lucha-contra-las-estructuras-delincuenciales-en-norte-de-santander\/","url":"https:\/\/www.fiscalia.gov.co\/colombia\/noticias\/fiscal-general-presento-positivo-balance-de-la-lucha-contra-las-estructuras-delincuenciales-en-norte-de-santander\/","name":"Fiscal\u00eda General de la Naci\u00f3n","isPartOf":{"@id":"https:\/\/www.fiscalia.gov.co\/colombia\/#website"},"primaryImageOfPage":{"@id":"https:\/\/www.fiscalia.gov.co\/colombia\/noticias\/fiscal-general-presento-positivo-balance-de-la-lucha-contra-las-estructuras-delincuenciales-en-norte-de-santander\/#primaryimage"},"image":{"@id":"https:\/\/www.fiscalia.gov.co\/colombia\/noticias\/fiscal-general-presento-positivo-balance-de-la-lucha-contra-las-estructuras-delincuenciales-en-norte-de-santander\/#primaryimage"},"thumbnailUrl":"https:\/\/www.fiscalia.gov.co\/colombia\/wp-content\/uploads\/WhatsApp-Image-2021-09-17-at-3.04.50-PM-1.jpeg","datePublished":"2021-09-17T20:23:28+00:00","dateModified":"2021-09-17T20:23:28+00:00","description":"P\u00e1gina oficial de la Fiscal\u00eda General de la Naci\u00f3n \u2013 Colombia. Garantizamos el acceso efectivo a la justicia, la verdad y la reparaci\u00f3n de las v\u00edctimas de los delitos.","breadcrumb":{"@id":"https:\/\/www.fiscalia.gov.co\/colombia\/noticias\/fiscal-general-presento-positivo-balance-de-la-lucha-contra-las-estructuras-delincuenciales-en-norte-de-santander\/#breadcrumb"},"inLanguage":"es-CO","potentialAction":[{"@type":"ReadAction","target":["https:\/\/www.fiscalia.gov.co\/colombia\/noticias\/fiscal-general-presento-positivo-balance-de-la-lucha-contra-las-estructuras-delincuenciales-en-norte-de-santander\/"]}]},{"@type":"ImageObject","inLanguage":"es-CO","@id":"https:\/\/www.fiscalia.gov.co\/colombia\/noticias\/fiscal-general-presento-positivo-balance-de-la-lucha-contra-las-estructuras-delincuenciales-en-norte-de-santander\/#primaryimage","url":"https:\/\/www.fiscalia.gov.co\/colombia\/wp-content\/uploads\/WhatsApp-Image-2021-09-17-at-3.04.50-PM-1.jpeg","contentUrl":"https:\/\/www.fiscalia.gov.co\/colombia\/wp-content\/uploads\/WhatsApp-Image-2021-09-17-at-3.04.50-PM-1.jpeg","width":997,"height":795,"caption":"Captura de alias Fabi\u00e1n, presunto cabecilla de la subestructura Luis Orlando Padierna Pe\u00f1a del Clan del Golfo en Norte de Santander."},{"@type":"BreadcrumbList","@id":"https:\/\/www.fiscalia.gov.co\/colombia\/noticias\/fiscal-general-presento-positivo-balance-de-la-lucha-contra-las-estructuras-delincuenciales-en-norte-de-santander\/#breadcrumb","itemListElement":[{"@type":"ListItem","position":1,"name":"Home","item":"https:\/\/www.fiscalia.gov.co\/colombia\/"},{"@type":"ListItem","position":2,"name":"Fiscal General present\u00f3 positivo balance de la lucha contra las estructuras delincuenciales en Norte de Santander\u00a0"}]},{"@type":"WebSite","@id":"https:\/\/www.fiscalia.gov.co\/colombia\/#website","url":"https:\/\/www.fiscalia.gov.co\/colombia\/","name":"Fiscal\u00eda General de la Naci\u00f3n","description":"P\u00e1gina oficial de la Fiscal\u00eda General de la Naci\u00f3n \u2013 Colombia. Garantizamos el acceso efectivo a la justicia, la verdad y la reparaci\u00f3n de las v\u00edctimas de los delitos.","publisher":{"@id":"https:\/\/www.fiscalia.gov.co\/colombia\/#organization"},"potentialAction":[{"@type":"SearchAction","target":{"@type":"EntryPoint","urlTemplate":"https:\/\/www.fiscalia.gov.co\/colombia\/?s={search_term_string}"},"query-input":{"@type":"PropertyValueSpecification","valueRequired":true,"valueName":"search_term_string"}}],"inLanguage":"es-CO"},{"@type":"Organization","@id":"https:\/\/www.fiscalia.gov.co\/colombia\/#organization","name":"Fiscal\u00eda General de la Naci\u00f3n","url":"https:\/\/www.fiscalia.gov.co\/colombia\/","logo":{"@type":"ImageObject","inLanguage":"es-CO","@id":"https:\/\/www.fiscalia.gov.co\/colombia\/#\/schema\/logo\/image\/","url":"https:\/\/www.fiscalia.gov.co\/colombia\/wp-content\/uploads\/LogoHorizontal_1.jpg","contentUrl":"https:\/\/www.fiscalia.gov.co\/colombia\/wp-content\/uploads\/LogoHorizontal_1.jpg","width":300,"height":90,"caption":"Fiscal\u00eda General de la Naci\u00f3n"},"image":{"@id":"https:\/\/www.fiscalia.gov.co\/colombia\/#\/schema\/logo\/image\/"},"sameAs":["https:\/\/www.facebook.com\/FiscaliaCol","https:\/\/x.com\/FiscaliaCol","https:\/\/www.instagram.com\/fiscaliacol","https:\/\/www.linkedin.com\/company\/fiscalia-general-de-la-naci-n\/","https:\/\/youtube.com\/@fiscaliageneraldelanacion-4668?si=6nN79nyQICPU5iTh"]},{"@type":"Person","@id":"https:\/\/www.fiscalia.gov.co\/colombia\/#\/schema\/person\/2e76b9aba5ecf875ed565ce4de0e0415","name":"Katherine Loaiza Mart\u00ednez","image":{"@type":"ImageObject","inLanguage":"es-CO","@id":"https:\/\/www.fiscalia.gov.co\/colombia\/#\/schema\/person\/image\/","url":"https:\/\/secure.gravatar.com\/avatar\/ab775a2f394c1b83b6d6f78680e57b50?s=96&d=mm&r=g","contentUrl":"https:\/\/secure.gravatar.com\/avatar\/ab775a2f394c1b83b6d6f78680e57b50?s=96&d=mm&r=g","caption":"Katherine Loaiza Mart\u00ednez"},"url":"https:\/\/www.fiscalia.gov.co\/colombia\/author\/kloaiza\/"}]}},"_links":{"self":[{"href":"https:\/\/www.fiscalia.gov.co\/colombia\/wp-json\/wp\/v2\/posts\/230113","targetHints":{"allow":["GET"]}}],"collection":[{"href":"https:\/\/www.fiscalia.gov.co\/colombia\/wp-json\/wp\/v2\/posts"}],"about":[{"href":"https:\/\/www.fiscalia.gov.co\/colombia\/wp-json\/wp\/v2\/types\/post"}],"author":[{"embeddable":true,"href":"https:\/\/www.fiscalia.gov.co\/colombia\/wp-json\/wp\/v2\/users\/175"}],"replies":[{"embeddable":true,"href":"https:\/\/www.fiscalia.gov.co\/colombia\/wp-json\/wp\/v2\/comments?post=230113"}],"version-history":[{"count":1,"href":"https:\/\/www.fiscalia.gov.co\/colombia\/wp-json\/wp\/v2\/posts\/230113\/revisions"}],"predecessor-version":[{"id":230117,"href":"https:\/\/www.fiscalia.gov.co\/colombia\/wp-json\/wp\/v2\/posts\/230113\/revisions\/230117"}],"wp:attachment":[{"href":"https:\/\/www.fiscalia.gov.co\/colombia\/wp-json\/wp\/v2\/media?parent=230113"}],"wp:term":[{"taxonomy":"category","embeddable":true,"href":"https:\/\/www.fiscalia.gov.co\/colombia\/wp-json\/wp\/v2\/categories?post=230113"},{"taxonomy":"post_tag","embeddable":true,"href":"https:\/\/www.fiscalia.gov.co\/colombia\/wp-json\/wp\/v2\/tags?post=230113"}],"curies":[{"name":"wp","href":"https:\/\/api.w.org\/{rel}","templated":true}]}}