{"id":230100,"date":"2021-09-17T13:38:31","date_gmt":"2021-09-17T18:38:31","guid":{"rendered":"https:\/\/www.fiscalia.gov.co\/colombia\/?p=230100"},"modified":"2021-09-23T17:14:15","modified_gmt":"2021-09-23T22:14:15","slug":"judicializados-presuntos-responsables-de-homicidios-multiples-en-cauca-y-valle-del-cauca","status":"publish","type":"post","link":"https:\/\/www.fiscalia.gov.co\/colombia\/noticias\/judicializados-presuntos-responsables-de-homicidios-multiples-en-cauca-y-valle-del-cauca\/","title":{"rendered":"Judicializados presuntos responsables de homicidios m\u00faltiples en Cauca y Valle del Cauca"},"content":{"rendered":"<p style=\"font-weight: 400;\">La labor investigativa realizada por la Fiscal\u00eda General de la Naci\u00f3n permiti\u00f3 identificar y presentar ante jueces de control de garant\u00edas a los\u00a0<a href=\"https:\/\/www.fiscalia.gov.co\/colombia\/noticias\/fiscalia-supero-el-68-en-avance-de-esclarecimiento-de-homicidios-multiples-ocurridos-entre-2020-y-2021\/\" data-saferedirecturl=\"https:\/\/www.google.com\/url?q=https:\/\/www.fiscalia.gov.co\/colombia\/noticias\/fiscalia-supero-el-68-en-avance-de-esclarecimiento-de-homicidios-multiples-ocurridos-entre-2020-y-2021\/&amp;source=gmail&amp;ust=1631987131043000&amp;usg=AFQjCNFO1chnsqCx_e6GxWiG4Tw-hD0cZA\">presuntos responsables de dos homicidios m\u00faltiples<\/a>\u00a0ocurridos en Santander de Quilichao (Cauca) y Cartago (Valle del Cauca), que dejaron nueve personas muertas.<\/p>\n<p style=\"font-weight: 400;\"><strong><u>Judicializaci\u00f3n de \u2018Cale\u00f1o\u2019 o \u2018Moncho\u2019.\u00a0\u00a0<\/u><\/strong><\/p>\n<p style=\"font-weight: 400;\">El pasado 27 de marzo,\u00a0<strong>Ricardo Andr\u00e9s Casta\u00f1o Rend\u00f3n, alias Cale\u00f1o o Moncho<\/strong>, habr\u00eda participado en una acci\u00f3n criminal en Cartago (Valle del Cauca).<\/p>\n<figure id=\"attachment_230101\" aria-describedby=\"caption-attachment-230101\" style=\"width: 627px\" class=\"wp-caption aligncenter\"><img loading=\"lazy\" decoding=\"async\" class=\"size-full wp-image-230101\" src=\"https:\/\/www.fiscalia.gov.co\/colombia\/wp-content\/uploads\/FOTO-1.jpeg\" alt=\"\" width=\"627\" height=\"475\" srcset=\"https:\/\/www.fiscalia.gov.co\/colombia\/wp-content\/uploads\/FOTO-1.jpeg 627w, https:\/\/www.fiscalia.gov.co\/colombia\/wp-content\/uploads\/FOTO-1-300x227.jpeg 300w, https:\/\/www.fiscalia.gov.co\/colombia\/wp-content\/uploads\/FOTO-1-554x420.jpeg 554w, https:\/\/www.fiscalia.gov.co\/colombia\/wp-content\/uploads\/FOTO-1-80x60.jpeg 80w\" sizes=\"auto, (max-width: 627px) 100vw, 627px\" \/><figcaption id=\"caption-attachment-230101\" class=\"wp-caption-text\">Alias Cale\u00f1o o Moncho, habr\u00eda participado en una acci\u00f3n criminal en Cartago (Valle del Cauca) donde perdieron la vida cuatro personas.<\/figcaption><\/figure>\n<p style=\"font-weight: 400;\">Este hombre, presunto integrante del grupo de delincuencia organizada Los Flacos, al parecer, conduc\u00eda una de las motocicletas desde donde les dispararon a dos hombres y dos mujeres que depart\u00edan en inmediaciones de la plaza de mercado del municipio.\u00a0<strong>Tres de las v\u00edctimas murieron en el lugar de los hechos. Una m\u00e1s falleci\u00f3 mientras era trasladada a un centro asistencial.\u00a0\u00a0<\/strong><\/p>\n<p style=\"font-weight: 400;\">En ese sentido, la Fiscal\u00eda General de la Naci\u00f3n imput\u00f3 a Casta\u00f1o Rend\u00f3n los delitos de homicidio agravado; fabricaci\u00f3n, tr\u00e1fico, porte o tenencia de armas de fuego, accesorios, partes o municiones; y concierto para delinquir.<\/p>\n<p style=\"font-weight: 400;\"><strong>El procesado no acept\u00f3 los cargos y le fue impuesta medida de aseguramiento en centro carcelario, que se suma a otra que ya hab\u00eda en su contra por un asesinato distinto que se le atribuye.\u00a0<\/strong><\/p>\n<p style=\"font-weight: 400;\"><strong><u>Imputaciones por homicidio m\u00faltiple en Cauca\u00a0\u00a0<\/u><\/strong><\/p>\n<p style=\"font-weight: 400;\">Por el homicidio de cinco personas en\u00a0la vereda San Pedro, en Santander de Quilichao (Cauca), ocurrido el pasado 4 de junio, la Fiscal\u00eda\u00a0<strong>logr\u00f3 la judicializaci\u00f3n de dos de los presuntos responsables.\u00a0<\/strong><\/p>\n<p style=\"font-weight: 400;\">Inicialmente, fue presentado ante un juez de control de garant\u00edas\u00a0<strong>Omar Ul, alias Rambo<\/strong>. Este presunto integrante de la estructura criminal \u2018Dagoberto Ramos\u2019 de las disidencias de las FARC\u00a0<strong>fue imputado por los delitos de homicidio agravado; y fabricaci\u00f3n, tr\u00e1fico y porte de armas, municiones de uso privativo de las Fuerzas Armadas.\u00a0<\/strong><\/p>\n<figure id=\"attachment_230102\" aria-describedby=\"caption-attachment-230102\" style=\"width: 1280px\" class=\"wp-caption aligncenter\"><img loading=\"lazy\" decoding=\"async\" class=\"size-full wp-image-230102\" src=\"https:\/\/www.fiscalia.gov.co\/colombia\/wp-content\/uploads\/FOTO-2-1.jpeg\" alt=\"\" width=\"1280\" height=\"720\" srcset=\"https:\/\/www.fiscalia.gov.co\/colombia\/wp-content\/uploads\/FOTO-2-1.jpeg 1280w, https:\/\/www.fiscalia.gov.co\/colombia\/wp-content\/uploads\/FOTO-2-1-300x169.jpeg 300w, https:\/\/www.fiscalia.gov.co\/colombia\/wp-content\/uploads\/FOTO-2-1-1024x576.jpeg 1024w, https:\/\/www.fiscalia.gov.co\/colombia\/wp-content\/uploads\/FOTO-2-1-768x432.jpeg 768w, https:\/\/www.fiscalia.gov.co\/colombia\/wp-content\/uploads\/FOTO-2-1-696x392.jpeg 696w, https:\/\/www.fiscalia.gov.co\/colombia\/wp-content\/uploads\/FOTO-2-1-1068x601.jpeg 1068w, https:\/\/www.fiscalia.gov.co\/colombia\/wp-content\/uploads\/FOTO-2-1-747x420.jpeg 747w\" sizes=\"auto, (max-width: 1280px) 100vw, 1280px\" \/><figcaption id=\"caption-attachment-230102\" class=\"wp-caption-text\">Omar Ul, fue judicializado por su posible responsabilidad en el homicidio de cinco personas en Santander de Quilichao (Cauca).<\/figcaption><\/figure>\n<p style=\"font-weight: 400;\">A alias Rambo, que le fue impuesta medida de aseguramiento en centro carcelario por este homicidio m\u00faltiple, estaba privado de la libertad por otro evento en el que estar\u00eda involucrado. Se trata del atentado contra el senador Feliciano Valencia Medina, sucedido el 29 de octubre de 2020, en zona rural del municipio de Torib\u00edo (Cauca).<\/p>\n<p style=\"font-weight: 400;\">El otro procesado es\u00a0<strong>Carlos Eduardo Velasco Sarria, alias Sarria<\/strong>, quien tambi\u00e9n har\u00eda parte de las disidencias de las FARC. Las evidencias indican que habr\u00eda sido el encargado de entregar informaci\u00f3n y guiar a un grupo de hombres armados que descendi\u00f3 de una camioneta y dispar\u00f3 contra los viajeros de un bus de transporte p\u00fablico y dos polic\u00edas que realizaban un procedimiento de verificaci\u00f3n.<\/p>\n<figure id=\"attachment_230103\" aria-describedby=\"caption-attachment-230103\" style=\"width: 1280px\" class=\"wp-caption aligncenter\"><img loading=\"lazy\" decoding=\"async\" class=\"size-full wp-image-230103\" src=\"https:\/\/www.fiscalia.gov.co\/colombia\/wp-content\/uploads\/FOTO-3.jpeg\" alt=\"\" width=\"1280\" height=\"702\" srcset=\"https:\/\/www.fiscalia.gov.co\/colombia\/wp-content\/uploads\/FOTO-3.jpeg 1280w, https:\/\/www.fiscalia.gov.co\/colombia\/wp-content\/uploads\/FOTO-3-300x165.jpeg 300w, https:\/\/www.fiscalia.gov.co\/colombia\/wp-content\/uploads\/FOTO-3-1024x562.jpeg 1024w, https:\/\/www.fiscalia.gov.co\/colombia\/wp-content\/uploads\/FOTO-3-768x421.jpeg 768w, https:\/\/www.fiscalia.gov.co\/colombia\/wp-content\/uploads\/FOTO-3-696x382.jpeg 696w, https:\/\/www.fiscalia.gov.co\/colombia\/wp-content\/uploads\/FOTO-3-1068x586.jpeg 1068w, https:\/\/www.fiscalia.gov.co\/colombia\/wp-content\/uploads\/FOTO-3-766x420.jpeg 766w\" sizes=\"auto, (max-width: 1280px) 100vw, 1280px\" \/><figcaption id=\"caption-attachment-230103\" class=\"wp-caption-text\">Carlos Eduardo Velasco Sarria, alias Sarria, se\u00f1alado de su presunta participaci\u00f3n en un qu\u00edntuple homicidio, en Santander de Quilichao (Cauca).<\/figcaption><\/figure>\n<p style=\"font-weight: 400;\">Tres de los ocupantes del veh\u00edculo y los dos funcionarios murieron en el ataque.<\/p>\n<p style=\"font-weight: 400;\"><strong>Un fiscal especializado de la Seccional Cauca imput\u00f3 a alias Sarria los delitos de homicidio agravado, homicidio agravado en grado de tentativa, y concierto para delinquir agravado. Esta persona recibi\u00f3 medida de aseguramiento en centro carcelario.\u00a0<\/strong><\/p>\n<p style=\"font-weight: 400;\">Esta informaci\u00f3n se publica por razones de inter\u00e9s general.<\/p>\n<p style=\"font-weight: 400;\">AMCJ\/MAP\/JARG\/CA\/MCRC\/<\/p>\n\n<div class=\"twitter-share\"><a href=\"https:\/\/twitter.com\/intent\/tweet?via=fiscaliacol\" class=\"twitter-share-button\">Tweet<\/a><\/div>\n","protected":false},"excerpt":{"rendered":"<p>La labor investigativa realizada por la Fiscal\u00eda General de la Naci\u00f3n permiti\u00f3 identificar y presentar ante jueces de control de garant\u00edas a los\u00a0presuntos responsables de dos homicidios m\u00faltiples\u00a0ocurridos en Santander [&hellip;]<\/p>\n","protected":false},"author":175,"featured_media":0,"comment_status":"closed","ping_status":"open","sticky":false,"template":"","format":"video","meta":{"tdm_status":"","tdm_grid_status":"","footnotes":""},"categories":[1,324,336,24099],"tags":[24401,24189,25230,5187,11101],"class_list":["post-230100","post","type-post","status-publish","format-video","category-noticias","category-seccional-cali","category-seccional-popayan","category-seguridad-territorial","tag-fiscal-barbosa-delgado","tag-fiscal-francisco-barbosa-delgado","tag-fiscal-general-de-nacion","tag-homicidios","tag-seguridad-ciudadana","post_format-post-format-video"],"yoast_head":"<!-- This site is optimized with the Yoast SEO plugin v24.3 - https:\/\/yoast.com\/wordpress\/plugins\/seo\/ -->\n<title>Fiscal\u00eda General de la Naci\u00f3n<\/title>\n<meta name=\"description\" content=\"P\u00e1gina oficial de la Fiscal\u00eda General de la Naci\u00f3n \u2013 Colombia. Garantizamos el acceso efectivo a la justicia, la verdad y la reparaci\u00f3n de las v\u00edctimas de los delitos.\" \/>\n<meta name=\"robots\" content=\"noindex, follow\" \/>\n<meta property=\"og:locale\" content=\"es_ES\" \/>\n<meta property=\"og:type\" content=\"article\" \/>\n<meta property=\"og:title\" content=\"Fiscal\u00eda General de la Naci\u00f3n\" \/>\n<meta property=\"og:description\" content=\"P\u00e1gina oficial de la Fiscal\u00eda General de la Naci\u00f3n \u2013 Colombia. Garantizamos el acceso efectivo a la justicia, la verdad y la reparaci\u00f3n de las v\u00edctimas de los delitos.\" \/>\n<meta property=\"og:url\" content=\"https:\/\/www.fiscalia.gov.co\/colombia\/noticias\/judicializados-presuntos-responsables-de-homicidios-multiples-en-cauca-y-valle-del-cauca\/\" \/>\n<meta property=\"og:site_name\" content=\"Fiscal\u00eda General de la Naci\u00f3n\" \/>\n<meta property=\"article:publisher\" content=\"https:\/\/www.facebook.com\/FiscaliaCol\" \/>\n<meta property=\"article:published_time\" content=\"2021-09-17T18:38:31+00:00\" \/>\n<meta property=\"article:modified_time\" content=\"2021-09-23T22:14:15+00:00\" \/>\n<meta property=\"og:image\" content=\"https:\/\/www.fiscalia.gov.co\/colombia\/wp-content\/uploads\/FOTO-1.jpeg\" \/>\n<meta name=\"author\" content=\"Katherine Loaiza Mart\u00ednez\" \/>\n<meta name=\"twitter:card\" content=\"summary_large_image\" \/>\n<meta name=\"twitter:creator\" content=\"@FiscaliaCol\" \/>\n<meta name=\"twitter:site\" content=\"@FiscaliaCol\" \/>\n<meta name=\"twitter:label1\" content=\"Escrito por\" \/>\n\t<meta name=\"twitter:data1\" content=\"Katherine Loaiza Mart\u00ednez\" \/>\n\t<meta name=\"twitter:label2\" content=\"Tiempo de lectura\" \/>\n\t<meta name=\"twitter:data2\" content=\"3 minutos\" \/>\n<script type=\"application\/ld+json\" class=\"yoast-schema-graph\">{\"@context\":\"https:\/\/schema.org\",\"@graph\":[{\"@type\":\"Article\",\"@id\":\"https:\/\/www.fiscalia.gov.co\/colombia\/noticias\/judicializados-presuntos-responsables-de-homicidios-multiples-en-cauca-y-valle-del-cauca\/#article\",\"isPartOf\":{\"@id\":\"https:\/\/www.fiscalia.gov.co\/colombia\/noticias\/judicializados-presuntos-responsables-de-homicidios-multiples-en-cauca-y-valle-del-cauca\/\"},\"author\":{\"name\":\"Katherine Loaiza Mart\u00ednez\",\"@id\":\"https:\/\/www.fiscalia.gov.co\/colombia\/#\/schema\/person\/2e76b9aba5ecf875ed565ce4de0e0415\"},\"headline\":\"Judicializados presuntos responsables de homicidios m\u00faltiples en Cauca y Valle del Cauca\",\"datePublished\":\"2021-09-17T18:38:31+00:00\",\"dateModified\":\"2021-09-23T22:14:15+00:00\",\"mainEntityOfPage\":{\"@id\":\"https:\/\/www.fiscalia.gov.co\/colombia\/noticias\/judicializados-presuntos-responsables-de-homicidios-multiples-en-cauca-y-valle-del-cauca\/\"},\"wordCount\":616,\"publisher\":{\"@id\":\"https:\/\/www.fiscalia.gov.co\/colombia\/#organization\"},\"image\":{\"@id\":\"https:\/\/www.fiscalia.gov.co\/colombia\/noticias\/judicializados-presuntos-responsables-de-homicidios-multiples-en-cauca-y-valle-del-cauca\/#primaryimage\"},\"thumbnailUrl\":\"https:\/\/www.fiscalia.gov.co\/colombia\/wp-content\/uploads\/FOTO-1.jpeg\",\"keywords\":[\"Fiscal Barbosa Delgado\",\"Fiscal Francisco Barbosa Delgado\",\"Fiscal General de Naci\u00f3n\",\"Homicidios\",\"Seguridad ciudadana\"],\"articleSection\":[\"Noticias\",\"Seccional Cali\",\"Seccional Popay\u00e1n\",\"Seguridad territorial\"],\"inLanguage\":\"es-CO\"},{\"@type\":\"WebPage\",\"@id\":\"https:\/\/www.fiscalia.gov.co\/colombia\/noticias\/judicializados-presuntos-responsables-de-homicidios-multiples-en-cauca-y-valle-del-cauca\/\",\"url\":\"https:\/\/www.fiscalia.gov.co\/colombia\/noticias\/judicializados-presuntos-responsables-de-homicidios-multiples-en-cauca-y-valle-del-cauca\/\",\"name\":\"Fiscal\u00eda General de la Naci\u00f3n\",\"isPartOf\":{\"@id\":\"https:\/\/www.fiscalia.gov.co\/colombia\/#website\"},\"primaryImageOfPage\":{\"@id\":\"https:\/\/www.fiscalia.gov.co\/colombia\/noticias\/judicializados-presuntos-responsables-de-homicidios-multiples-en-cauca-y-valle-del-cauca\/#primaryimage\"},\"image\":{\"@id\":\"https:\/\/www.fiscalia.gov.co\/colombia\/noticias\/judicializados-presuntos-responsables-de-homicidios-multiples-en-cauca-y-valle-del-cauca\/#primaryimage\"},\"thumbnailUrl\":\"https:\/\/www.fiscalia.gov.co\/colombia\/wp-content\/uploads\/FOTO-1.jpeg\",\"datePublished\":\"2021-09-17T18:38:31+00:00\",\"dateModified\":\"2021-09-23T22:14:15+00:00\",\"description\":\"P\u00e1gina oficial de la Fiscal\u00eda General de la Naci\u00f3n \u2013 Colombia. Garantizamos el acceso efectivo a la justicia, la verdad y la reparaci\u00f3n de las v\u00edctimas de los delitos.\",\"breadcrumb\":{\"@id\":\"https:\/\/www.fiscalia.gov.co\/colombia\/noticias\/judicializados-presuntos-responsables-de-homicidios-multiples-en-cauca-y-valle-del-cauca\/#breadcrumb\"},\"inLanguage\":\"es-CO\",\"potentialAction\":[{\"@type\":\"ReadAction\",\"target\":[\"https:\/\/www.fiscalia.gov.co\/colombia\/noticias\/judicializados-presuntos-responsables-de-homicidios-multiples-en-cauca-y-valle-del-cauca\/\"]}]},{\"@type\":\"ImageObject\",\"inLanguage\":\"es-CO\",\"@id\":\"https:\/\/www.fiscalia.gov.co\/colombia\/noticias\/judicializados-presuntos-responsables-de-homicidios-multiples-en-cauca-y-valle-del-cauca\/#primaryimage\",\"url\":\"https:\/\/www.fiscalia.gov.co\/colombia\/wp-content\/uploads\/FOTO-1.jpeg\",\"contentUrl\":\"https:\/\/www.fiscalia.gov.co\/colombia\/wp-content\/uploads\/FOTO-1.jpeg\",\"width\":627,\"height\":475,\"caption\":\"Alias Cale\u00f1o o Moncho, habr\u00eda participado en una acci\u00f3n criminal en Cartago (Valle del Cauca) donde perdieron la vida cuatro personas.\u00a0\"},{\"@type\":\"BreadcrumbList\",\"@id\":\"https:\/\/www.fiscalia.gov.co\/colombia\/noticias\/judicializados-presuntos-responsables-de-homicidios-multiples-en-cauca-y-valle-del-cauca\/#breadcrumb\",\"itemListElement\":[{\"@type\":\"ListItem\",\"position\":1,\"name\":\"Home\",\"item\":\"https:\/\/www.fiscalia.gov.co\/colombia\/\"},{\"@type\":\"ListItem\",\"position\":2,\"name\":\"Judicializados presuntos responsables de homicidios m\u00faltiples en Cauca y Valle del Cauca\"}]},{\"@type\":\"WebSite\",\"@id\":\"https:\/\/www.fiscalia.gov.co\/colombia\/#website\",\"url\":\"https:\/\/www.fiscalia.gov.co\/colombia\/\",\"name\":\"Fiscal\u00eda General de la Naci\u00f3n\",\"description\":\"P\u00e1gina oficial de la Fiscal\u00eda General de la Naci\u00f3n \u2013 Colombia. Garantizamos el acceso efectivo a la justicia, la verdad y la reparaci\u00f3n de las v\u00edctimas de los delitos.\",\"publisher\":{\"@id\":\"https:\/\/www.fiscalia.gov.co\/colombia\/#organization\"},\"potentialAction\":[{\"@type\":\"SearchAction\",\"target\":{\"@type\":\"EntryPoint\",\"urlTemplate\":\"https:\/\/www.fiscalia.gov.co\/colombia\/?s={search_term_string}\"},\"query-input\":{\"@type\":\"PropertyValueSpecification\",\"valueRequired\":true,\"valueName\":\"search_term_string\"}}],\"inLanguage\":\"es-CO\"},{\"@type\":\"Organization\",\"@id\":\"https:\/\/www.fiscalia.gov.co\/colombia\/#organization\",\"name\":\"Fiscal\u00eda General de la Naci\u00f3n\",\"url\":\"https:\/\/www.fiscalia.gov.co\/colombia\/\",\"logo\":{\"@type\":\"ImageObject\",\"inLanguage\":\"es-CO\",\"@id\":\"https:\/\/www.fiscalia.gov.co\/colombia\/#\/schema\/logo\/image\/\",\"url\":\"https:\/\/www.fiscalia.gov.co\/colombia\/wp-content\/uploads\/LogoHorizontal_1.jpg\",\"contentUrl\":\"https:\/\/www.fiscalia.gov.co\/colombia\/wp-content\/uploads\/LogoHorizontal_1.jpg\",\"width\":300,\"height\":90,\"caption\":\"Fiscal\u00eda General de la Naci\u00f3n\"},\"image\":{\"@id\":\"https:\/\/www.fiscalia.gov.co\/colombia\/#\/schema\/logo\/image\/\"},\"sameAs\":[\"https:\/\/www.facebook.com\/FiscaliaCol\",\"https:\/\/x.com\/FiscaliaCol\",\"https:\/\/www.instagram.com\/fiscaliacol\",\"https:\/\/www.linkedin.com\/company\/fiscalia-general-de-la-naci-n\/\",\"https:\/\/youtube.com\/@fiscaliageneraldelanacion-4668?si=6nN79nyQICPU5iTh\"]},{\"@type\":\"Person\",\"@id\":\"https:\/\/www.fiscalia.gov.co\/colombia\/#\/schema\/person\/2e76b9aba5ecf875ed565ce4de0e0415\",\"name\":\"Katherine Loaiza Mart\u00ednez\",\"image\":{\"@type\":\"ImageObject\",\"inLanguage\":\"es-CO\",\"@id\":\"https:\/\/www.fiscalia.gov.co\/colombia\/#\/schema\/person\/image\/\",\"url\":\"https:\/\/secure.gravatar.com\/avatar\/ab775a2f394c1b83b6d6f78680e57b50?s=96&d=mm&r=g\",\"contentUrl\":\"https:\/\/secure.gravatar.com\/avatar\/ab775a2f394c1b83b6d6f78680e57b50?s=96&d=mm&r=g\",\"caption\":\"Katherine Loaiza Mart\u00ednez\"},\"url\":\"https:\/\/www.fiscalia.gov.co\/colombia\/author\/kloaiza\/\"}]}<\/script>\n<!-- \/ Yoast SEO plugin. -->","yoast_head_json":{"title":"Fiscal\u00eda General de la Naci\u00f3n","description":"P\u00e1gina oficial de la Fiscal\u00eda General de la Naci\u00f3n \u2013 Colombia. Garantizamos el acceso efectivo a la justicia, la verdad y la reparaci\u00f3n de las v\u00edctimas de los delitos.","robots":{"index":"noindex","follow":"follow"},"og_locale":"es_ES","og_type":"article","og_title":"Fiscal\u00eda General de la Naci\u00f3n","og_description":"P\u00e1gina oficial de la Fiscal\u00eda General de la Naci\u00f3n \u2013 Colombia. Garantizamos el acceso efectivo a la justicia, la verdad y la reparaci\u00f3n de las v\u00edctimas de los delitos.","og_url":"https:\/\/www.fiscalia.gov.co\/colombia\/noticias\/judicializados-presuntos-responsables-de-homicidios-multiples-en-cauca-y-valle-del-cauca\/","og_site_name":"Fiscal\u00eda General de la Naci\u00f3n","article_publisher":"https:\/\/www.facebook.com\/FiscaliaCol","article_published_time":"2021-09-17T18:38:31+00:00","article_modified_time":"2021-09-23T22:14:15+00:00","og_image":[{"url":"https:\/\/www.fiscalia.gov.co\/colombia\/wp-content\/uploads\/FOTO-1.jpeg","type":"","width":"","height":""}],"author":"Katherine Loaiza Mart\u00ednez","twitter_card":"summary_large_image","twitter_creator":"@FiscaliaCol","twitter_site":"@FiscaliaCol","twitter_misc":{"Escrito por":"Katherine Loaiza Mart\u00ednez","Tiempo de lectura":"3 minutos"},"schema":{"@context":"https:\/\/schema.org","@graph":[{"@type":"Article","@id":"https:\/\/www.fiscalia.gov.co\/colombia\/noticias\/judicializados-presuntos-responsables-de-homicidios-multiples-en-cauca-y-valle-del-cauca\/#article","isPartOf":{"@id":"https:\/\/www.fiscalia.gov.co\/colombia\/noticias\/judicializados-presuntos-responsables-de-homicidios-multiples-en-cauca-y-valle-del-cauca\/"},"author":{"name":"Katherine Loaiza Mart\u00ednez","@id":"https:\/\/www.fiscalia.gov.co\/colombia\/#\/schema\/person\/2e76b9aba5ecf875ed565ce4de0e0415"},"headline":"Judicializados presuntos responsables de homicidios m\u00faltiples en Cauca y Valle del Cauca","datePublished":"2021-09-17T18:38:31+00:00","dateModified":"2021-09-23T22:14:15+00:00","mainEntityOfPage":{"@id":"https:\/\/www.fiscalia.gov.co\/colombia\/noticias\/judicializados-presuntos-responsables-de-homicidios-multiples-en-cauca-y-valle-del-cauca\/"},"wordCount":616,"publisher":{"@id":"https:\/\/www.fiscalia.gov.co\/colombia\/#organization"},"image":{"@id":"https:\/\/www.fiscalia.gov.co\/colombia\/noticias\/judicializados-presuntos-responsables-de-homicidios-multiples-en-cauca-y-valle-del-cauca\/#primaryimage"},"thumbnailUrl":"https:\/\/www.fiscalia.gov.co\/colombia\/wp-content\/uploads\/FOTO-1.jpeg","keywords":["Fiscal Barbosa Delgado","Fiscal Francisco Barbosa Delgado","Fiscal General de Naci\u00f3n","Homicidios","Seguridad ciudadana"],"articleSection":["Noticias","Seccional Cali","Seccional Popay\u00e1n","Seguridad territorial"],"inLanguage":"es-CO"},{"@type":"WebPage","@id":"https:\/\/www.fiscalia.gov.co\/colombia\/noticias\/judicializados-presuntos-responsables-de-homicidios-multiples-en-cauca-y-valle-del-cauca\/","url":"https:\/\/www.fiscalia.gov.co\/colombia\/noticias\/judicializados-presuntos-responsables-de-homicidios-multiples-en-cauca-y-valle-del-cauca\/","name":"Fiscal\u00eda General de la Naci\u00f3n","isPartOf":{"@id":"https:\/\/www.fiscalia.gov.co\/colombia\/#website"},"primaryImageOfPage":{"@id":"https:\/\/www.fiscalia.gov.co\/colombia\/noticias\/judicializados-presuntos-responsables-de-homicidios-multiples-en-cauca-y-valle-del-cauca\/#primaryimage"},"image":{"@id":"https:\/\/www.fiscalia.gov.co\/colombia\/noticias\/judicializados-presuntos-responsables-de-homicidios-multiples-en-cauca-y-valle-del-cauca\/#primaryimage"},"thumbnailUrl":"https:\/\/www.fiscalia.gov.co\/colombia\/wp-content\/uploads\/FOTO-1.jpeg","datePublished":"2021-09-17T18:38:31+00:00","dateModified":"2021-09-23T22:14:15+00:00","description":"P\u00e1gina oficial de la Fiscal\u00eda General de la Naci\u00f3n \u2013 Colombia. Garantizamos el acceso efectivo a la justicia, la verdad y la reparaci\u00f3n de las v\u00edctimas de los delitos.","breadcrumb":{"@id":"https:\/\/www.fiscalia.gov.co\/colombia\/noticias\/judicializados-presuntos-responsables-de-homicidios-multiples-en-cauca-y-valle-del-cauca\/#breadcrumb"},"inLanguage":"es-CO","potentialAction":[{"@type":"ReadAction","target":["https:\/\/www.fiscalia.gov.co\/colombia\/noticias\/judicializados-presuntos-responsables-de-homicidios-multiples-en-cauca-y-valle-del-cauca\/"]}]},{"@type":"ImageObject","inLanguage":"es-CO","@id":"https:\/\/www.fiscalia.gov.co\/colombia\/noticias\/judicializados-presuntos-responsables-de-homicidios-multiples-en-cauca-y-valle-del-cauca\/#primaryimage","url":"https:\/\/www.fiscalia.gov.co\/colombia\/wp-content\/uploads\/FOTO-1.jpeg","contentUrl":"https:\/\/www.fiscalia.gov.co\/colombia\/wp-content\/uploads\/FOTO-1.jpeg","width":627,"height":475,"caption":"Alias Cale\u00f1o o Moncho, habr\u00eda participado en una acci\u00f3n criminal en Cartago (Valle del Cauca) donde perdieron la vida cuatro personas.\u00a0"},{"@type":"BreadcrumbList","@id":"https:\/\/www.fiscalia.gov.co\/colombia\/noticias\/judicializados-presuntos-responsables-de-homicidios-multiples-en-cauca-y-valle-del-cauca\/#breadcrumb","itemListElement":[{"@type":"ListItem","position":1,"name":"Home","item":"https:\/\/www.fiscalia.gov.co\/colombia\/"},{"@type":"ListItem","position":2,"name":"Judicializados presuntos responsables de homicidios m\u00faltiples en Cauca y Valle del Cauca"}]},{"@type":"WebSite","@id":"https:\/\/www.fiscalia.gov.co\/colombia\/#website","url":"https:\/\/www.fiscalia.gov.co\/colombia\/","name":"Fiscal\u00eda General de la Naci\u00f3n","description":"P\u00e1gina oficial de la Fiscal\u00eda General de la Naci\u00f3n \u2013 Colombia. Garantizamos el acceso efectivo a la justicia, la verdad y la reparaci\u00f3n de las v\u00edctimas de los delitos.","publisher":{"@id":"https:\/\/www.fiscalia.gov.co\/colombia\/#organization"},"potentialAction":[{"@type":"SearchAction","target":{"@type":"EntryPoint","urlTemplate":"https:\/\/www.fiscalia.gov.co\/colombia\/?s={search_term_string}"},"query-input":{"@type":"PropertyValueSpecification","valueRequired":true,"valueName":"search_term_string"}}],"inLanguage":"es-CO"},{"@type":"Organization","@id":"https:\/\/www.fiscalia.gov.co\/colombia\/#organization","name":"Fiscal\u00eda General de la Naci\u00f3n","url":"https:\/\/www.fiscalia.gov.co\/colombia\/","logo":{"@type":"ImageObject","inLanguage":"es-CO","@id":"https:\/\/www.fiscalia.gov.co\/colombia\/#\/schema\/logo\/image\/","url":"https:\/\/www.fiscalia.gov.co\/colombia\/wp-content\/uploads\/LogoHorizontal_1.jpg","contentUrl":"https:\/\/www.fiscalia.gov.co\/colombia\/wp-content\/uploads\/LogoHorizontal_1.jpg","width":300,"height":90,"caption":"Fiscal\u00eda General de la Naci\u00f3n"},"image":{"@id":"https:\/\/www.fiscalia.gov.co\/colombia\/#\/schema\/logo\/image\/"},"sameAs":["https:\/\/www.facebook.com\/FiscaliaCol","https:\/\/x.com\/FiscaliaCol","https:\/\/www.instagram.com\/fiscaliacol","https:\/\/www.linkedin.com\/company\/fiscalia-general-de-la-naci-n\/","https:\/\/youtube.com\/@fiscaliageneraldelanacion-4668?si=6nN79nyQICPU5iTh"]},{"@type":"Person","@id":"https:\/\/www.fiscalia.gov.co\/colombia\/#\/schema\/person\/2e76b9aba5ecf875ed565ce4de0e0415","name":"Katherine Loaiza Mart\u00ednez","image":{"@type":"ImageObject","inLanguage":"es-CO","@id":"https:\/\/www.fiscalia.gov.co\/colombia\/#\/schema\/person\/image\/","url":"https:\/\/secure.gravatar.com\/avatar\/ab775a2f394c1b83b6d6f78680e57b50?s=96&d=mm&r=g","contentUrl":"https:\/\/secure.gravatar.com\/avatar\/ab775a2f394c1b83b6d6f78680e57b50?s=96&d=mm&r=g","caption":"Katherine Loaiza Mart\u00ednez"},"url":"https:\/\/www.fiscalia.gov.co\/colombia\/author\/kloaiza\/"}]}},"_links":{"self":[{"href":"https:\/\/www.fiscalia.gov.co\/colombia\/wp-json\/wp\/v2\/posts\/230100","targetHints":{"allow":["GET"]}}],"collection":[{"href":"https:\/\/www.fiscalia.gov.co\/colombia\/wp-json\/wp\/v2\/posts"}],"about":[{"href":"https:\/\/www.fiscalia.gov.co\/colombia\/wp-json\/wp\/v2\/types\/post"}],"author":[{"embeddable":true,"href":"https:\/\/www.fiscalia.gov.co\/colombia\/wp-json\/wp\/v2\/users\/175"}],"replies":[{"embeddable":true,"href":"https:\/\/www.fiscalia.gov.co\/colombia\/wp-json\/wp\/v2\/comments?post=230100"}],"version-history":[{"count":2,"href":"https:\/\/www.fiscalia.gov.co\/colombia\/wp-json\/wp\/v2\/posts\/230100\/revisions"}],"predecessor-version":[{"id":230618,"href":"https:\/\/www.fiscalia.gov.co\/colombia\/wp-json\/wp\/v2\/posts\/230100\/revisions\/230618"}],"wp:attachment":[{"href":"https:\/\/www.fiscalia.gov.co\/colombia\/wp-json\/wp\/v2\/media?parent=230100"}],"wp:term":[{"taxonomy":"category","embeddable":true,"href":"https:\/\/www.fiscalia.gov.co\/colombia\/wp-json\/wp\/v2\/categories?post=230100"},{"taxonomy":"post_tag","embeddable":true,"href":"https:\/\/www.fiscalia.gov.co\/colombia\/wp-json\/wp\/v2\/tags?post=230100"}],"curies":[{"name":"wp","href":"https:\/\/api.w.org\/{rel}","templated":true}]}}